{"id":3975,"date":"2024-10-21T12:30:02","date_gmt":"2024-10-21T18:30:02","guid":{"rendered":"https:\/\/www.nexoinformativo.mx\/?p=3975"},"modified":"2024-10-21T14:23:23","modified_gmt":"2024-10-21T20:23:23","slug":"vinculan-a-proceso-a-tres-personas-por-el-asesinato-de-una-mujer-en-san-clemente","status":"publish","type":"post","link":"https:\/\/www.nexoinformativo.mx\/index.php\/2024\/10\/21\/vinculan-a-proceso-a-tres-personas-por-el-asesinato-de-una-mujer-en-san-clemente\/","title":{"rendered":"Vinculan a proceso a tres personas por el asesinato de una mujer en San Clemente"},"content":{"rendered":"<p style=\"text-align: justify;\">En un avance importante dentro del caso de homicidio ocurrido en San Clemente, Pedro Escobedo, la Fiscal\u00eda General del Estado ha logrado la vinculaci\u00f3n a proceso de tres personas.<\/p>\n<p>&nbsp;<\/p>\n<p style=\"text-align: justify;\">Se les acusa formalmente de homicidio doloso y homicidio en grado de tentativa, por su presunta participaci\u00f3n en el asesinato de una mujer la semana pasada.<\/p>\n<p>&nbsp;<\/p>\n<p style=\"text-align: justify;\">Los hechos ocurrieron cuando, seg\u00fan las investigaciones, los imputados habr\u00edan disparado desde un veh\u00edculo en movimiento, lo que result\u00f3 en la muerte de la v\u00edctima. Ante estos cargos, la autoridad judicial determin\u00f3 la prisi\u00f3n preventiva justificada para los acusados, estableciendo un plazo de 3 meses para la investigaci\u00f3n complementaria.<\/p>\n<p>&nbsp;<\/p>\n<p style=\"text-align: justify;\">Adicionalmente, un cuarto imputado solicit\u00f3 la duplicidad del t\u00e9rmino constitucional, lo que ha pospuesto la resoluci\u00f3n de su situaci\u00f3n jur\u00eddica. Su audiencia se reanudar\u00e1 al finalizar el periodo de an\u00e1lisis del caso.<\/p>\n<p>&nbsp;<\/p>\n<p style=\"text-align: justify;\">La Fiscal\u00eda contin\u00faa con las investigaciones para esclarecer los detalles de este hecho violento que ha conmocionado a la comunidad de San Clemente.<\/p>\n<p>&nbsp;<\/p>\n<p style=\"text-align: center;\"><em><strong>\u00a1Informaci\u00f3n que transforma!<\/strong><\/em><\/p>\n","protected":false},"excerpt":{"rendered":"<p>En un avance importante dentro del caso de homicidio ocurrido en San Clemente, Pedro Escobedo, la Fiscal\u00eda General del Estado ha logrado la vinculaci\u00f3n a proceso de tres personas.<\/p>\n","protected":false},"author":3,"featured_media":3976,"comment_status":"open","ping_status":"open","sticky":false,"template":"","format":"standard","meta":{"footnotes":""},"categories":[137,58],"tags":[1496,1494,157,1495],"class_list":["post-3975","post","type-post","status-publish","format-standard","has-post-thumbnail","hentry","category-sucesos","category-ultima-hora","tag-fiscaliaenaccion","tag-justiciaparasanclemente","tag-seguridadciudadana","tag-vinculacionaproceso"],"yoast_head":"<!-- This site is optimized with the Yoast SEO plugin v25.0 - https:\/\/yoast.com\/wordpress\/plugins\/seo\/ -->\n<title>Vinculan a proceso a tres personas por el asesinato de una mujer en San Clemente | Nexo Informativo Santiago de Quer\u00e9taro<\/title>\n<meta name=\"description\" content=\"Vinculan a proceso a tres personas por el asesinato de una mujer en San Clemente\" \/>\n<meta name=\"robots\" content=\"index, follow, max-snippet:-1, max-image-preview:large, max-video-preview:-1\" \/>\n<link rel=\"canonical\" href=\"https:\/\/www.nexoinformativo.mx\/index.php\/2024\/10\/21\/vinculan-a-proceso-a-tres-personas-por-el-asesinato-de-una-mujer-en-san-clemente\/\" \/>\n<meta property=\"og:locale\" content=\"es_MX\" \/>\n<meta property=\"og:type\" content=\"article\" \/>\n<meta property=\"og:title\" content=\"Vinculan a proceso a tres personas por el asesinato de una mujer en San Clemente | Nexo Informativo Santiago de Quer\u00e9taro\" \/>\n<meta property=\"og:description\" content=\"Vinculan a proceso a tres personas por el asesinato de una mujer en San Clemente\" \/>\n<meta property=\"og:url\" content=\"https:\/\/www.nexoinformativo.mx\/index.php\/2024\/10\/21\/vinculan-a-proceso-a-tres-personas-por-el-asesinato-de-una-mujer-en-san-clemente\/\" \/>\n<meta property=\"og:site_name\" content=\"Nexo Informativo Santiago de Quer\u00e9taro\" \/>\n<meta property=\"article:publisher\" content=\"https:\/\/www.facebook.com\/people\/Nexo-Informativo\/61564066885511\/\" \/>\n<meta property=\"article:published_time\" content=\"2024-10-21T18:30:02+00:00\" \/>\n<meta property=\"article:modified_time\" content=\"2024-10-21T20:23:23+00:00\" \/>\n<meta property=\"og:image\" content=\"https:\/\/www.nexoinformativo.mx\/wp-content\/uploads\/2024\/10\/PHOTO-2024-10-21-13-28-49-e1729542109997.jpg\" \/>\n\t<meta property=\"og:image:width\" content=\"800\" \/>\n\t<meta property=\"og:image:height\" content=\"504\" \/>\n\t<meta property=\"og:image:type\" content=\"image\/jpeg\" \/>\n<meta name=\"author\" content=\"Nexo Informativo\" \/>\n<meta name=\"twitter:card\" content=\"summary_large_image\" \/>\n<meta name=\"twitter:label1\" content=\"Escrito por\" \/>\n\t<meta name=\"twitter:data1\" content=\"Nexo Informativo\" \/>\n\t<meta name=\"twitter:label2\" content=\"Tiempo de lectura\" \/>\n\t<meta name=\"twitter:data2\" content=\"1 minuto\" \/>\n<script type=\"application\/ld+json\" class=\"yoast-schema-graph\">{\"@context\":\"https:\/\/schema.org\",\"@graph\":[{\"@type\":\"Article\",\"@id\":\"https:\/\/www.nexoinformativo.mx\/index.php\/2024\/10\/21\/vinculan-a-proceso-a-tres-personas-por-el-asesinato-de-una-mujer-en-san-clemente\/#article\",\"isPartOf\":{\"@id\":\"https:\/\/www.nexoinformativo.mx\/index.php\/2024\/10\/21\/vinculan-a-proceso-a-tres-personas-por-el-asesinato-de-una-mujer-en-san-clemente\/\"},\"author\":{\"name\":\"Nexo Informativo\",\"@id\":\"https:\/\/www.nexoinformativo.mx\/#\/schema\/person\/7749d380ba08c8ca00d7bc76fd907b7d\"},\"headline\":\"Vinculan a proceso a tres personas por el asesinato de una mujer en San Clemente\",\"datePublished\":\"2024-10-21T18:30:02+00:00\",\"dateModified\":\"2024-10-21T20:23:23+00:00\",\"mainEntityOfPage\":{\"@id\":\"https:\/\/www.nexoinformativo.mx\/index.php\/2024\/10\/21\/vinculan-a-proceso-a-tres-personas-por-el-asesinato-de-una-mujer-en-san-clemente\/\"},\"wordCount\":198,\"commentCount\":0,\"publisher\":{\"@id\":\"https:\/\/www.nexoinformativo.mx\/#organization\"},\"image\":{\"@id\":\"https:\/\/www.nexoinformativo.mx\/index.php\/2024\/10\/21\/vinculan-a-proceso-a-tres-personas-por-el-asesinato-de-una-mujer-en-san-clemente\/#primaryimage\"},\"thumbnailUrl\":\"https:\/\/www.nexoinformativo.mx\/wp-content\/uploads\/2024\/10\/PHOTO-2024-10-21-13-28-49-e1729542109997.jpg\",\"keywords\":[\"Fiscal\u00edaEnAcci\u00f3n\",\"JusticiaParaSanClemente\",\"SeguridadCiudadana\",\"Vinculaci\u00f3nAproceso\"],\"articleSection\":[\"Sucesos\",\"\u00daltima Hora\"],\"inLanguage\":\"es\",\"potentialAction\":[{\"@type\":\"CommentAction\",\"name\":\"Comment\",\"target\":[\"https:\/\/www.nexoinformativo.mx\/index.php\/2024\/10\/21\/vinculan-a-proceso-a-tres-personas-por-el-asesinato-de-una-mujer-en-san-clemente\/#respond\"]}]},{\"@type\":\"WebPage\",\"@id\":\"https:\/\/www.nexoinformativo.mx\/index.php\/2024\/10\/21\/vinculan-a-proceso-a-tres-personas-por-el-asesinato-de-una-mujer-en-san-clemente\/\",\"url\":\"https:\/\/www.nexoinformativo.mx\/index.php\/2024\/10\/21\/vinculan-a-proceso-a-tres-personas-por-el-asesinato-de-una-mujer-en-san-clemente\/\",\"name\":\"Vinculan a proceso a tres personas por el asesinato de una mujer en San Clemente | Nexo Informativo Santiago de Quer\u00e9taro\",\"isPartOf\":{\"@id\":\"https:\/\/www.nexoinformativo.mx\/#website\"},\"primaryImageOfPage\":{\"@id\":\"https:\/\/www.nexoinformativo.mx\/index.php\/2024\/10\/21\/vinculan-a-proceso-a-tres-personas-por-el-asesinato-de-una-mujer-en-san-clemente\/#primaryimage\"},\"image\":{\"@id\":\"https:\/\/www.nexoinformativo.mx\/index.php\/2024\/10\/21\/vinculan-a-proceso-a-tres-personas-por-el-asesinato-de-una-mujer-en-san-clemente\/#primaryimage\"},\"thumbnailUrl\":\"https:\/\/www.nexoinformativo.mx\/wp-content\/uploads\/2024\/10\/PHOTO-2024-10-21-13-28-49-e1729542109997.jpg\",\"datePublished\":\"2024-10-21T18:30:02+00:00\",\"dateModified\":\"2024-10-21T20:23:23+00:00\",\"description\":\"Vinculan a proceso a tres personas por el asesinato de una mujer en San Clemente\",\"breadcrumb\":{\"@id\":\"https:\/\/www.nexoinformativo.mx\/index.php\/2024\/10\/21\/vinculan-a-proceso-a-tres-personas-por-el-asesinato-de-una-mujer-en-san-clemente\/#breadcrumb\"},\"inLanguage\":\"es\",\"potentialAction\":[{\"@type\":\"ReadAction\",\"target\":[\"https:\/\/www.nexoinformativo.mx\/index.php\/2024\/10\/21\/vinculan-a-proceso-a-tres-personas-por-el-asesinato-de-una-mujer-en-san-clemente\/\"]}]},{\"@type\":\"ImageObject\",\"inLanguage\":\"es\",\"@id\":\"https:\/\/www.nexoinformativo.mx\/index.php\/2024\/10\/21\/vinculan-a-proceso-a-tres-personas-por-el-asesinato-de-una-mujer-en-san-clemente\/#primaryimage\",\"url\":\"https:\/\/www.nexoinformativo.mx\/wp-content\/uploads\/2024\/10\/PHOTO-2024-10-21-13-28-49-e1729542109997.jpg\",\"contentUrl\":\"https:\/\/www.nexoinformativo.mx\/wp-content\/uploads\/2024\/10\/PHOTO-2024-10-21-13-28-49-e1729542109997.jpg\",\"width\":800,\"height\":504},{\"@type\":\"BreadcrumbList\",\"@id\":\"https:\/\/www.nexoinformativo.mx\/index.php\/2024\/10\/21\/vinculan-a-proceso-a-tres-personas-por-el-asesinato-de-una-mujer-en-san-clemente\/#breadcrumb\",\"itemListElement\":[{\"@type\":\"ListItem\",\"position\":1,\"name\":\"Inicio\",\"item\":\"https:\/\/www.nexoinformativo.mx\/\"},{\"@type\":\"ListItem\",\"position\":2,\"name\":\"Vinculan a proceso a tres personas por el asesinato de una mujer en San Clemente\"}]},{\"@type\":\"WebSite\",\"@id\":\"https:\/\/www.nexoinformativo.mx\/#website\",\"url\":\"https:\/\/www.nexoinformativo.mx\/\",\"name\":\"Nexo Informativo Santiago de Quer\u00e9taro\",\"description\":\"Explora NexoInformativo y convi\u00e9rtete en parte de una comunidad que valora el conocimiento y la verdad. Tu nexoinformativo es tu puente hacia una comprensi\u00f3n m\u00e1s profunda del mundo que te rodea.\",\"publisher\":{\"@id\":\"https:\/\/www.nexoinformativo.mx\/#organization\"},\"potentialAction\":[{\"@type\":\"SearchAction\",\"target\":{\"@type\":\"EntryPoint\",\"urlTemplate\":\"https:\/\/www.nexoinformativo.mx\/?s={search_term_string}\"},\"query-input\":{\"@type\":\"PropertyValueSpecification\",\"valueRequired\":true,\"valueName\":\"search_term_string\"}}],\"inLanguage\":\"es\"},{\"@type\":\"Organization\",\"@id\":\"https:\/\/www.nexoinformativo.mx\/#organization\",\"name\":\"Nexo Informativo Santiago de Quer\u00e9taro\",\"url\":\"https:\/\/www.nexoinformativo.mx\/\",\"logo\":{\"@type\":\"ImageObject\",\"inLanguage\":\"es\",\"@id\":\"https:\/\/www.nexoinformativo.mx\/#\/schema\/logo\/image\/\",\"url\":\"https:\/\/www.nexoinformativo.mx\/wp-content\/uploads\/2024\/07\/nexoi-trasparente-2.png\",\"contentUrl\":\"https:\/\/www.nexoinformativo.mx\/wp-content\/uploads\/2024\/07\/nexoi-trasparente-2.png\",\"width\":816,\"height\":339,\"caption\":\"Nexo Informativo Santiago de Quer\u00e9taro\"},\"image\":{\"@id\":\"https:\/\/www.nexoinformativo.mx\/#\/schema\/logo\/image\/\"},\"sameAs\":[\"https:\/\/www.facebook.com\/people\/Nexo-Informativo\/61564066885511\/\"]},{\"@type\":\"Person\",\"@id\":\"https:\/\/www.nexoinformativo.mx\/#\/schema\/person\/7749d380ba08c8ca00d7bc76fd907b7d\",\"name\":\"Nexo Informativo\",\"image\":{\"@type\":\"ImageObject\",\"inLanguage\":\"es\",\"@id\":\"https:\/\/www.nexoinformativo.mx\/#\/schema\/person\/image\/\",\"url\":\"https:\/\/secure.gravatar.com\/avatar\/dde2928154642a13d95f87ddf1ea9718fe2b46760a005c53e41ff5ad610704e6?s=96&d=mm&r=g\",\"contentUrl\":\"https:\/\/secure.gravatar.com\/avatar\/dde2928154642a13d95f87ddf1ea9718fe2b46760a005c53e41ff5ad610704e6?s=96&d=mm&r=g\",\"caption\":\"Nexo Informativo\"},\"url\":\"https:\/\/www.nexoinformativo.mx\/index.php\/author\/edicion\/\"}]}<\/script>\n<!-- \/ Yoast SEO plugin. -->","yoast_head_json":{"title":"Vinculan a proceso a tres personas por el asesinato de una mujer en San Clemente | Nexo Informativo Santiago de Quer\u00e9taro","description":"Vinculan a proceso a tres personas por el asesinato de una mujer en San Clemente","robots":{"index":"index","follow":"follow","max-snippet":"max-snippet:-1","max-image-preview":"max-image-preview:large","max-video-preview":"max-video-preview:-1"},"canonical":"https:\/\/www.nexoinformativo.mx\/index.php\/2024\/10\/21\/vinculan-a-proceso-a-tres-personas-por-el-asesinato-de-una-mujer-en-san-clemente\/","og_locale":"es_MX","og_type":"article","og_title":"Vinculan a proceso a tres personas por el asesinato de una mujer en San Clemente | Nexo Informativo Santiago de Quer\u00e9taro","og_description":"Vinculan a proceso a tres personas por el asesinato de una mujer en San Clemente","og_url":"https:\/\/www.nexoinformativo.mx\/index.php\/2024\/10\/21\/vinculan-a-proceso-a-tres-personas-por-el-asesinato-de-una-mujer-en-san-clemente\/","og_site_name":"Nexo Informativo Santiago de Quer\u00e9taro","article_publisher":"https:\/\/www.facebook.com\/people\/Nexo-Informativo\/61564066885511\/","article_published_time":"2024-10-21T18:30:02+00:00","article_modified_time":"2024-10-21T20:23:23+00:00","og_image":[{"width":800,"height":504,"url":"https:\/\/www.nexoinformativo.mx\/wp-content\/uploads\/2024\/10\/PHOTO-2024-10-21-13-28-49-e1729542109997.jpg","type":"image\/jpeg"}],"author":"Nexo Informativo","twitter_card":"summary_large_image","twitter_misc":{"Escrito por":"Nexo Informativo","Tiempo de lectura":"1 minuto"},"schema":{"@context":"https:\/\/schema.org","@graph":[{"@type":"Article","@id":"https:\/\/www.nexoinformativo.mx\/index.php\/2024\/10\/21\/vinculan-a-proceso-a-tres-personas-por-el-asesinato-de-una-mujer-en-san-clemente\/#article","isPartOf":{"@id":"https:\/\/www.nexoinformativo.mx\/index.php\/2024\/10\/21\/vinculan-a-proceso-a-tres-personas-por-el-asesinato-de-una-mujer-en-san-clemente\/"},"author":{"name":"Nexo Informativo","@id":"https:\/\/www.nexoinformativo.mx\/#\/schema\/person\/7749d380ba08c8ca00d7bc76fd907b7d"},"headline":"Vinculan a proceso a tres personas por el asesinato de una mujer en San Clemente","datePublished":"2024-10-21T18:30:02+00:00","dateModified":"2024-10-21T20:23:23+00:00","mainEntityOfPage":{"@id":"https:\/\/www.nexoinformativo.mx\/index.php\/2024\/10\/21\/vinculan-a-proceso-a-tres-personas-por-el-asesinato-de-una-mujer-en-san-clemente\/"},"wordCount":198,"commentCount":0,"publisher":{"@id":"https:\/\/www.nexoinformativo.mx\/#organization"},"image":{"@id":"https:\/\/www.nexoinformativo.mx\/index.php\/2024\/10\/21\/vinculan-a-proceso-a-tres-personas-por-el-asesinato-de-una-mujer-en-san-clemente\/#primaryimage"},"thumbnailUrl":"https:\/\/www.nexoinformativo.mx\/wp-content\/uploads\/2024\/10\/PHOTO-2024-10-21-13-28-49-e1729542109997.jpg","keywords":["Fiscal\u00edaEnAcci\u00f3n","JusticiaParaSanClemente","SeguridadCiudadana","Vinculaci\u00f3nAproceso"],"articleSection":["Sucesos","\u00daltima Hora"],"inLanguage":"es","potentialAction":[{"@type":"CommentAction","name":"Comment","target":["https:\/\/www.nexoinformativo.mx\/index.php\/2024\/10\/21\/vinculan-a-proceso-a-tres-personas-por-el-asesinato-de-una-mujer-en-san-clemente\/#respond"]}]},{"@type":"WebPage","@id":"https:\/\/www.nexoinformativo.mx\/index.php\/2024\/10\/21\/vinculan-a-proceso-a-tres-personas-por-el-asesinato-de-una-mujer-en-san-clemente\/","url":"https:\/\/www.nexoinformativo.mx\/index.php\/2024\/10\/21\/vinculan-a-proceso-a-tres-personas-por-el-asesinato-de-una-mujer-en-san-clemente\/","name":"Vinculan a proceso a tres personas por el asesinato de una mujer en San Clemente | Nexo Informativo Santiago de Quer\u00e9taro","isPartOf":{"@id":"https:\/\/www.nexoinformativo.mx\/#website"},"primaryImageOfPage":{"@id":"https:\/\/www.nexoinformativo.mx\/index.php\/2024\/10\/21\/vinculan-a-proceso-a-tres-personas-por-el-asesinato-de-una-mujer-en-san-clemente\/#primaryimage"},"image":{"@id":"https:\/\/www.nexoinformativo.mx\/index.php\/2024\/10\/21\/vinculan-a-proceso-a-tres-personas-por-el-asesinato-de-una-mujer-en-san-clemente\/#primaryimage"},"thumbnailUrl":"https:\/\/www.nexoinformativo.mx\/wp-content\/uploads\/2024\/10\/PHOTO-2024-10-21-13-28-49-e1729542109997.jpg","datePublished":"2024-10-21T18:30:02+00:00","dateModified":"2024-10-21T20:23:23+00:00","description":"Vinculan a proceso a tres personas por el asesinato de una mujer en San Clemente","breadcrumb":{"@id":"https:\/\/www.nexoinformativo.mx\/index.php\/2024\/10\/21\/vinculan-a-proceso-a-tres-personas-por-el-asesinato-de-una-mujer-en-san-clemente\/#breadcrumb"},"inLanguage":"es","potentialAction":[{"@type":"ReadAction","target":["https:\/\/www.nexoinformativo.mx\/index.php\/2024\/10\/21\/vinculan-a-proceso-a-tres-personas-por-el-asesinato-de-una-mujer-en-san-clemente\/"]}]},{"@type":"ImageObject","inLanguage":"es","@id":"https:\/\/www.nexoinformativo.mx\/index.php\/2024\/10\/21\/vinculan-a-proceso-a-tres-personas-por-el-asesinato-de-una-mujer-en-san-clemente\/#primaryimage","url":"https:\/\/www.nexoinformativo.mx\/wp-content\/uploads\/2024\/10\/PHOTO-2024-10-21-13-28-49-e1729542109997.jpg","contentUrl":"https:\/\/www.nexoinformativo.mx\/wp-content\/uploads\/2024\/10\/PHOTO-2024-10-21-13-28-49-e1729542109997.jpg","width":800,"height":504},{"@type":"BreadcrumbList","@id":"https:\/\/www.nexoinformativo.mx\/index.php\/2024\/10\/21\/vinculan-a-proceso-a-tres-personas-por-el-asesinato-de-una-mujer-en-san-clemente\/#breadcrumb","itemListElement":[{"@type":"ListItem","position":1,"name":"Inicio","item":"https:\/\/www.nexoinformativo.mx\/"},{"@type":"ListItem","position":2,"name":"Vinculan a proceso a tres personas por el asesinato de una mujer en San Clemente"}]},{"@type":"WebSite","@id":"https:\/\/www.nexoinformativo.mx\/#website","url":"https:\/\/www.nexoinformativo.mx\/","name":"Nexo Informativo Santiago de Quer\u00e9taro","description":"Explora NexoInformativo y convi\u00e9rtete en parte de una comunidad que valora el conocimiento y la verdad. Tu nexoinformativo es tu puente hacia una comprensi\u00f3n m\u00e1s profunda del mundo que te rodea.","publisher":{"@id":"https:\/\/www.nexoinformativo.mx\/#organization"},"potentialAction":[{"@type":"SearchAction","target":{"@type":"EntryPoint","urlTemplate":"https:\/\/www.nexoinformativo.mx\/?s={search_term_string}"},"query-input":{"@type":"PropertyValueSpecification","valueRequired":true,"valueName":"search_term_string"}}],"inLanguage":"es"},{"@type":"Organization","@id":"https:\/\/www.nexoinformativo.mx\/#organization","name":"Nexo Informativo Santiago de Quer\u00e9taro","url":"https:\/\/www.nexoinformativo.mx\/","logo":{"@type":"ImageObject","inLanguage":"es","@id":"https:\/\/www.nexoinformativo.mx\/#\/schema\/logo\/image\/","url":"https:\/\/www.nexoinformativo.mx\/wp-content\/uploads\/2024\/07\/nexoi-trasparente-2.png","contentUrl":"https:\/\/www.nexoinformativo.mx\/wp-content\/uploads\/2024\/07\/nexoi-trasparente-2.png","width":816,"height":339,"caption":"Nexo Informativo Santiago de Quer\u00e9taro"},"image":{"@id":"https:\/\/www.nexoinformativo.mx\/#\/schema\/logo\/image\/"},"sameAs":["https:\/\/www.facebook.com\/people\/Nexo-Informativo\/61564066885511\/"]},{"@type":"Person","@id":"https:\/\/www.nexoinformativo.mx\/#\/schema\/person\/7749d380ba08c8ca00d7bc76fd907b7d","name":"Nexo Informativo","image":{"@type":"ImageObject","inLanguage":"es","@id":"https:\/\/www.nexoinformativo.mx\/#\/schema\/person\/image\/","url":"https:\/\/secure.gravatar.com\/avatar\/dde2928154642a13d95f87ddf1ea9718fe2b46760a005c53e41ff5ad610704e6?s=96&d=mm&r=g","contentUrl":"https:\/\/secure.gravatar.com\/avatar\/dde2928154642a13d95f87ddf1ea9718fe2b46760a005c53e41ff5ad610704e6?s=96&d=mm&r=g","caption":"Nexo Informativo"},"url":"https:\/\/www.nexoinformativo.mx\/index.php\/author\/edicion\/"}]}},"_links":{"self":[{"href":"https:\/\/www.nexoinformativo.mx\/index.php\/wp-json\/wp\/v2\/posts\/3975","targetHints":{"allow":["GET"]}}],"collection":[{"href":"https:\/\/www.nexoinformativo.mx\/index.php\/wp-json\/wp\/v2\/posts"}],"about":[{"href":"https:\/\/www.nexoinformativo.mx\/index.php\/wp-json\/wp\/v2\/types\/post"}],"author":[{"embeddable":true,"href":"https:\/\/www.nexoinformativo.mx\/index.php\/wp-json\/wp\/v2\/users\/3"}],"replies":[{"embeddable":true,"href":"https:\/\/www.nexoinformativo.mx\/index.php\/wp-json\/wp\/v2\/comments?post=3975"}],"version-history":[{"count":4,"href":"https:\/\/www.nexoinformativo.mx\/index.php\/wp-json\/wp\/v2\/posts\/3975\/revisions"}],"predecessor-version":[{"id":3978,"href":"https:\/\/www.nexoinformativo.mx\/index.php\/wp-json\/wp\/v2\/posts\/3975\/revisions\/3978"}],"wp:featuredmedia":[{"embeddable":true,"href":"https:\/\/www.nexoinformativo.mx\/index.php\/wp-json\/wp\/v2\/media\/3976"}],"wp:attachment":[{"href":"https:\/\/www.nexoinformativo.mx\/index.php\/wp-json\/wp\/v2\/media?parent=3975"}],"wp:term":[{"taxonomy":"category","embeddable":true,"href":"https:\/\/www.nexoinformativo.mx\/index.php\/wp-json\/wp\/v2\/categories?post=3975"},{"taxonomy":"post_tag","embeddable":true,"href":"https:\/\/www.nexoinformativo.mx\/index.php\/wp-json\/wp\/v2\/tags?post=3975"}],"curies":[{"name":"wp","href":"https:\/\/api.w.org\/{rel}","templated":true}]}}