{"id":3981,"date":"2024-10-21T13:00:23","date_gmt":"2024-10-21T19:00:23","guid":{"rendered":"https:\/\/www.nexoinformativo.mx\/?p=3981"},"modified":"2024-10-21T14:29:14","modified_gmt":"2024-10-21T20:29:14","slug":"se-estableceran-estrategias-de-seguridad-en-pedro-escobedo-tras-hechos-de-violencia","status":"publish","type":"post","link":"https:\/\/www.nexoinformativo.mx\/index.php\/2024\/10\/21\/se-estableceran-estrategias-de-seguridad-en-pedro-escobedo-tras-hechos-de-violencia\/","title":{"rendered":"Se establecer\u00e1n estrategias de seguridad en Pedro Escobedo tras hechos de violencia"},"content":{"rendered":"<p style=\"text-align: justify;\">El secretario de gobierno, Carlos Alcaraz, inform\u00f3 que se llevar\u00e1n a cabo reuniones con el presidente municipal de Pedro Escobedo para dise\u00f1ar estrategias de seguridad, en respuesta a los recientes hechos violentos en esa zona. Durante el fin de semana, se registraron tres ejecuciones en la localidad de La Pur\u00edsima, lo que ha encendido las alarmas en el municipio.<\/p>\n<p>&nbsp;<\/p>\n<p style=\"text-align: justify;\">Alcaraz enfatiz\u00f3 que este tipo de incidentes no se hab\u00edan presentado previamente en la demarcaci\u00f3n, y que la situaci\u00f3n representa una clara llamada de atenci\u00f3n para las autoridades locales.<\/p>\n<p>&nbsp;<\/p>\n<p style=\"text-align: justify;\">Destac\u00f3 que la seguridad es la principal prioridad del gobierno, tal como lo ha se\u00f1alado el gobernador, y que se han activado los canales de colaboraci\u00f3n institucional para coordinar acciones.<\/p>\n<p>&nbsp;<\/p>\n<p style=\"text-align: justify;\">El secretario tambi\u00e9n expres\u00f3 su confianza en el trabajo de la Fiscal\u00eda General del Estado, que ya est\u00e1 investigando los asesinatos, con el objetivo de esclarecer estos lamentables hechos y devolver la tranquilidad a la comunidad de Pedro Escobedo.<\/p>\n<p>&nbsp;<\/p>\n<p style=\"text-align: center;\"><em><strong>\u00a1Informaci\u00f3n que transforma!<\/strong><\/em><\/p>\n","protected":false},"excerpt":{"rendered":"<p>El secretario de gobierno, Carlos Alcaraz, inform\u00f3 que se llevar\u00e1n a cabo reuniones con el presidente municipal de Pedro Escobedo para dise\u00f1ar estrategias de seguridad, en respuesta a los recientes hechos violentos en esa zona.<\/p>\n","protected":false},"author":3,"featured_media":3982,"comment_status":"open","ping_status":"open","sticky":false,"template":"","format":"standard","meta":{"footnotes":""},"categories":[65,58],"tags":[1498,174,875,1497],"class_list":["post-3981","post","type-post","status-publish","format-standard","has-post-thumbnail","hentry","category-municipios","category-ultima-hora","tag-coordinacioninstitucional","tag-gobiernoenaccion","tag-prevenciondeldelito","tag-seguridadpedroescobedo"],"yoast_head":"<!-- This site is optimized with the Yoast SEO plugin v25.0 - https:\/\/yoast.com\/wordpress\/plugins\/seo\/ -->\n<title>Se establecer\u00e1n estrategias de seguridad en Pedro Escobedo tras hechos de violencia | Nexo Informativo Santiago de Quer\u00e9taro<\/title>\n<meta name=\"description\" content=\"Se establecer\u00e1n estrategias de seguridad en Pedro Escobedo tras hechos de violencia\" \/>\n<meta name=\"robots\" content=\"index, follow, max-snippet:-1, max-image-preview:large, max-video-preview:-1\" \/>\n<link rel=\"canonical\" href=\"https:\/\/www.nexoinformativo.mx\/index.php\/2024\/10\/21\/se-estableceran-estrategias-de-seguridad-en-pedro-escobedo-tras-hechos-de-violencia\/\" \/>\n<meta property=\"og:locale\" content=\"es_MX\" \/>\n<meta property=\"og:type\" content=\"article\" \/>\n<meta property=\"og:title\" content=\"Se establecer\u00e1n estrategias de seguridad en Pedro Escobedo tras hechos de violencia | Nexo Informativo Santiago de Quer\u00e9taro\" \/>\n<meta property=\"og:description\" content=\"Se establecer\u00e1n estrategias de seguridad en Pedro Escobedo tras hechos de violencia\" \/>\n<meta property=\"og:url\" content=\"https:\/\/www.nexoinformativo.mx\/index.php\/2024\/10\/21\/se-estableceran-estrategias-de-seguridad-en-pedro-escobedo-tras-hechos-de-violencia\/\" \/>\n<meta property=\"og:site_name\" content=\"Nexo Informativo Santiago de Quer\u00e9taro\" \/>\n<meta property=\"article:publisher\" content=\"https:\/\/www.facebook.com\/people\/Nexo-Informativo\/61564066885511\/\" \/>\n<meta property=\"article:published_time\" content=\"2024-10-21T19:00:23+00:00\" \/>\n<meta property=\"article:modified_time\" content=\"2024-10-21T20:29:14+00:00\" \/>\n<meta property=\"og:image\" content=\"https:\/\/www.nexoinformativo.mx\/wp-content\/uploads\/2024\/10\/PHOTO-2024-10-21-13-28-49-2-e1729542419100.jpg\" \/>\n\t<meta property=\"og:image:width\" content=\"800\" \/>\n\t<meta property=\"og:image:height\" content=\"600\" \/>\n\t<meta property=\"og:image:type\" content=\"image\/jpeg\" \/>\n<meta name=\"author\" content=\"Nexo Informativo\" \/>\n<meta name=\"twitter:card\" content=\"summary_large_image\" \/>\n<meta name=\"twitter:label1\" content=\"Escrito por\" \/>\n\t<meta name=\"twitter:data1\" content=\"Nexo Informativo\" \/>\n\t<meta name=\"twitter:label2\" content=\"Tiempo de lectura\" \/>\n\t<meta name=\"twitter:data2\" content=\"1 minuto\" \/>\n<script type=\"application\/ld+json\" class=\"yoast-schema-graph\">{\"@context\":\"https:\/\/schema.org\",\"@graph\":[{\"@type\":\"Article\",\"@id\":\"https:\/\/www.nexoinformativo.mx\/index.php\/2024\/10\/21\/se-estableceran-estrategias-de-seguridad-en-pedro-escobedo-tras-hechos-de-violencia\/#article\",\"isPartOf\":{\"@id\":\"https:\/\/www.nexoinformativo.mx\/index.php\/2024\/10\/21\/se-estableceran-estrategias-de-seguridad-en-pedro-escobedo-tras-hechos-de-violencia\/\"},\"author\":{\"name\":\"Nexo Informativo\",\"@id\":\"https:\/\/www.nexoinformativo.mx\/#\/schema\/person\/7749d380ba08c8ca00d7bc76fd907b7d\"},\"headline\":\"Se establecer\u00e1n estrategias de seguridad en Pedro Escobedo tras hechos de violencia\",\"datePublished\":\"2024-10-21T19:00:23+00:00\",\"dateModified\":\"2024-10-21T20:29:14+00:00\",\"mainEntityOfPage\":{\"@id\":\"https:\/\/www.nexoinformativo.mx\/index.php\/2024\/10\/21\/se-estableceran-estrategias-de-seguridad-en-pedro-escobedo-tras-hechos-de-violencia\/\"},\"wordCount\":189,\"commentCount\":0,\"publisher\":{\"@id\":\"https:\/\/www.nexoinformativo.mx\/#organization\"},\"image\":{\"@id\":\"https:\/\/www.nexoinformativo.mx\/index.php\/2024\/10\/21\/se-estableceran-estrategias-de-seguridad-en-pedro-escobedo-tras-hechos-de-violencia\/#primaryimage\"},\"thumbnailUrl\":\"https:\/\/www.nexoinformativo.mx\/wp-content\/uploads\/2024\/10\/PHOTO-2024-10-21-13-28-49-2-e1729542419100.jpg\",\"keywords\":[\"Coordinaci\u00f3nInstitucional\",\"GobiernoEnAccion\",\"Prevenci\u00f3nDelDelito\",\"SeguridadPedroEscobedo\"],\"articleSection\":[\"Municipios\",\"\u00daltima Hora\"],\"inLanguage\":\"es\",\"potentialAction\":[{\"@type\":\"CommentAction\",\"name\":\"Comment\",\"target\":[\"https:\/\/www.nexoinformativo.mx\/index.php\/2024\/10\/21\/se-estableceran-estrategias-de-seguridad-en-pedro-escobedo-tras-hechos-de-violencia\/#respond\"]}]},{\"@type\":\"WebPage\",\"@id\":\"https:\/\/www.nexoinformativo.mx\/index.php\/2024\/10\/21\/se-estableceran-estrategias-de-seguridad-en-pedro-escobedo-tras-hechos-de-violencia\/\",\"url\":\"https:\/\/www.nexoinformativo.mx\/index.php\/2024\/10\/21\/se-estableceran-estrategias-de-seguridad-en-pedro-escobedo-tras-hechos-de-violencia\/\",\"name\":\"Se establecer\u00e1n estrategias de seguridad en Pedro Escobedo tras hechos de violencia | Nexo Informativo Santiago de Quer\u00e9taro\",\"isPartOf\":{\"@id\":\"https:\/\/www.nexoinformativo.mx\/#website\"},\"primaryImageOfPage\":{\"@id\":\"https:\/\/www.nexoinformativo.mx\/index.php\/2024\/10\/21\/se-estableceran-estrategias-de-seguridad-en-pedro-escobedo-tras-hechos-de-violencia\/#primaryimage\"},\"image\":{\"@id\":\"https:\/\/www.nexoinformativo.mx\/index.php\/2024\/10\/21\/se-estableceran-estrategias-de-seguridad-en-pedro-escobedo-tras-hechos-de-violencia\/#primaryimage\"},\"thumbnailUrl\":\"https:\/\/www.nexoinformativo.mx\/wp-content\/uploads\/2024\/10\/PHOTO-2024-10-21-13-28-49-2-e1729542419100.jpg\",\"datePublished\":\"2024-10-21T19:00:23+00:00\",\"dateModified\":\"2024-10-21T20:29:14+00:00\",\"description\":\"Se establecer\u00e1n estrategias de seguridad en Pedro Escobedo tras hechos de violencia\",\"breadcrumb\":{\"@id\":\"https:\/\/www.nexoinformativo.mx\/index.php\/2024\/10\/21\/se-estableceran-estrategias-de-seguridad-en-pedro-escobedo-tras-hechos-de-violencia\/#breadcrumb\"},\"inLanguage\":\"es\",\"potentialAction\":[{\"@type\":\"ReadAction\",\"target\":[\"https:\/\/www.nexoinformativo.mx\/index.php\/2024\/10\/21\/se-estableceran-estrategias-de-seguridad-en-pedro-escobedo-tras-hechos-de-violencia\/\"]}]},{\"@type\":\"ImageObject\",\"inLanguage\":\"es\",\"@id\":\"https:\/\/www.nexoinformativo.mx\/index.php\/2024\/10\/21\/se-estableceran-estrategias-de-seguridad-en-pedro-escobedo-tras-hechos-de-violencia\/#primaryimage\",\"url\":\"https:\/\/www.nexoinformativo.mx\/wp-content\/uploads\/2024\/10\/PHOTO-2024-10-21-13-28-49-2-e1729542419100.jpg\",\"contentUrl\":\"https:\/\/www.nexoinformativo.mx\/wp-content\/uploads\/2024\/10\/PHOTO-2024-10-21-13-28-49-2-e1729542419100.jpg\",\"width\":800,\"height\":600},{\"@type\":\"BreadcrumbList\",\"@id\":\"https:\/\/www.nexoinformativo.mx\/index.php\/2024\/10\/21\/se-estableceran-estrategias-de-seguridad-en-pedro-escobedo-tras-hechos-de-violencia\/#breadcrumb\",\"itemListElement\":[{\"@type\":\"ListItem\",\"position\":1,\"name\":\"Inicio\",\"item\":\"https:\/\/www.nexoinformativo.mx\/\"},{\"@type\":\"ListItem\",\"position\":2,\"name\":\"Se establecer\u00e1n estrategias de seguridad en Pedro Escobedo tras hechos de violencia\"}]},{\"@type\":\"WebSite\",\"@id\":\"https:\/\/www.nexoinformativo.mx\/#website\",\"url\":\"https:\/\/www.nexoinformativo.mx\/\",\"name\":\"Nexo Informativo Santiago de Quer\u00e9taro\",\"description\":\"Explora NexoInformativo y convi\u00e9rtete en parte de una comunidad que valora el conocimiento y la verdad. Tu nexoinformativo es tu puente hacia una comprensi\u00f3n m\u00e1s profunda del mundo que te rodea.\",\"publisher\":{\"@id\":\"https:\/\/www.nexoinformativo.mx\/#organization\"},\"potentialAction\":[{\"@type\":\"SearchAction\",\"target\":{\"@type\":\"EntryPoint\",\"urlTemplate\":\"https:\/\/www.nexoinformativo.mx\/?s={search_term_string}\"},\"query-input\":{\"@type\":\"PropertyValueSpecification\",\"valueRequired\":true,\"valueName\":\"search_term_string\"}}],\"inLanguage\":\"es\"},{\"@type\":\"Organization\",\"@id\":\"https:\/\/www.nexoinformativo.mx\/#organization\",\"name\":\"Nexo Informativo Santiago de Quer\u00e9taro\",\"url\":\"https:\/\/www.nexoinformativo.mx\/\",\"logo\":{\"@type\":\"ImageObject\",\"inLanguage\":\"es\",\"@id\":\"https:\/\/www.nexoinformativo.mx\/#\/schema\/logo\/image\/\",\"url\":\"https:\/\/www.nexoinformativo.mx\/wp-content\/uploads\/2024\/07\/nexoi-trasparente-2.png\",\"contentUrl\":\"https:\/\/www.nexoinformativo.mx\/wp-content\/uploads\/2024\/07\/nexoi-trasparente-2.png\",\"width\":816,\"height\":339,\"caption\":\"Nexo Informativo Santiago de Quer\u00e9taro\"},\"image\":{\"@id\":\"https:\/\/www.nexoinformativo.mx\/#\/schema\/logo\/image\/\"},\"sameAs\":[\"https:\/\/www.facebook.com\/people\/Nexo-Informativo\/61564066885511\/\"]},{\"@type\":\"Person\",\"@id\":\"https:\/\/www.nexoinformativo.mx\/#\/schema\/person\/7749d380ba08c8ca00d7bc76fd907b7d\",\"name\":\"Nexo Informativo\",\"image\":{\"@type\":\"ImageObject\",\"inLanguage\":\"es\",\"@id\":\"https:\/\/www.nexoinformativo.mx\/#\/schema\/person\/image\/\",\"url\":\"https:\/\/secure.gravatar.com\/avatar\/dde2928154642a13d95f87ddf1ea9718fe2b46760a005c53e41ff5ad610704e6?s=96&d=mm&r=g\",\"contentUrl\":\"https:\/\/secure.gravatar.com\/avatar\/dde2928154642a13d95f87ddf1ea9718fe2b46760a005c53e41ff5ad610704e6?s=96&d=mm&r=g\",\"caption\":\"Nexo Informativo\"},\"url\":\"https:\/\/www.nexoinformativo.mx\/index.php\/author\/edicion\/\"}]}<\/script>\n<!-- \/ Yoast SEO plugin. -->","yoast_head_json":{"title":"Se establecer\u00e1n estrategias de seguridad en Pedro Escobedo tras hechos de violencia | Nexo Informativo Santiago de Quer\u00e9taro","description":"Se establecer\u00e1n estrategias de seguridad en Pedro Escobedo tras hechos de violencia","robots":{"index":"index","follow":"follow","max-snippet":"max-snippet:-1","max-image-preview":"max-image-preview:large","max-video-preview":"max-video-preview:-1"},"canonical":"https:\/\/www.nexoinformativo.mx\/index.php\/2024\/10\/21\/se-estableceran-estrategias-de-seguridad-en-pedro-escobedo-tras-hechos-de-violencia\/","og_locale":"es_MX","og_type":"article","og_title":"Se establecer\u00e1n estrategias de seguridad en Pedro Escobedo tras hechos de violencia | Nexo Informativo Santiago de Quer\u00e9taro","og_description":"Se establecer\u00e1n estrategias de seguridad en Pedro Escobedo tras hechos de violencia","og_url":"https:\/\/www.nexoinformativo.mx\/index.php\/2024\/10\/21\/se-estableceran-estrategias-de-seguridad-en-pedro-escobedo-tras-hechos-de-violencia\/","og_site_name":"Nexo Informativo Santiago de Quer\u00e9taro","article_publisher":"https:\/\/www.facebook.com\/people\/Nexo-Informativo\/61564066885511\/","article_published_time":"2024-10-21T19:00:23+00:00","article_modified_time":"2024-10-21T20:29:14+00:00","og_image":[{"width":800,"height":600,"url":"https:\/\/www.nexoinformativo.mx\/wp-content\/uploads\/2024\/10\/PHOTO-2024-10-21-13-28-49-2-e1729542419100.jpg","type":"image\/jpeg"}],"author":"Nexo Informativo","twitter_card":"summary_large_image","twitter_misc":{"Escrito por":"Nexo Informativo","Tiempo de lectura":"1 minuto"},"schema":{"@context":"https:\/\/schema.org","@graph":[{"@type":"Article","@id":"https:\/\/www.nexoinformativo.mx\/index.php\/2024\/10\/21\/se-estableceran-estrategias-de-seguridad-en-pedro-escobedo-tras-hechos-de-violencia\/#article","isPartOf":{"@id":"https:\/\/www.nexoinformativo.mx\/index.php\/2024\/10\/21\/se-estableceran-estrategias-de-seguridad-en-pedro-escobedo-tras-hechos-de-violencia\/"},"author":{"name":"Nexo Informativo","@id":"https:\/\/www.nexoinformativo.mx\/#\/schema\/person\/7749d380ba08c8ca00d7bc76fd907b7d"},"headline":"Se establecer\u00e1n estrategias de seguridad en Pedro Escobedo tras hechos de violencia","datePublished":"2024-10-21T19:00:23+00:00","dateModified":"2024-10-21T20:29:14+00:00","mainEntityOfPage":{"@id":"https:\/\/www.nexoinformativo.mx\/index.php\/2024\/10\/21\/se-estableceran-estrategias-de-seguridad-en-pedro-escobedo-tras-hechos-de-violencia\/"},"wordCount":189,"commentCount":0,"publisher":{"@id":"https:\/\/www.nexoinformativo.mx\/#organization"},"image":{"@id":"https:\/\/www.nexoinformativo.mx\/index.php\/2024\/10\/21\/se-estableceran-estrategias-de-seguridad-en-pedro-escobedo-tras-hechos-de-violencia\/#primaryimage"},"thumbnailUrl":"https:\/\/www.nexoinformativo.mx\/wp-content\/uploads\/2024\/10\/PHOTO-2024-10-21-13-28-49-2-e1729542419100.jpg","keywords":["Coordinaci\u00f3nInstitucional","GobiernoEnAccion","Prevenci\u00f3nDelDelito","SeguridadPedroEscobedo"],"articleSection":["Municipios","\u00daltima Hora"],"inLanguage":"es","potentialAction":[{"@type":"CommentAction","name":"Comment","target":["https:\/\/www.nexoinformativo.mx\/index.php\/2024\/10\/21\/se-estableceran-estrategias-de-seguridad-en-pedro-escobedo-tras-hechos-de-violencia\/#respond"]}]},{"@type":"WebPage","@id":"https:\/\/www.nexoinformativo.mx\/index.php\/2024\/10\/21\/se-estableceran-estrategias-de-seguridad-en-pedro-escobedo-tras-hechos-de-violencia\/","url":"https:\/\/www.nexoinformativo.mx\/index.php\/2024\/10\/21\/se-estableceran-estrategias-de-seguridad-en-pedro-escobedo-tras-hechos-de-violencia\/","name":"Se establecer\u00e1n estrategias de seguridad en Pedro Escobedo tras hechos de violencia | Nexo Informativo Santiago de Quer\u00e9taro","isPartOf":{"@id":"https:\/\/www.nexoinformativo.mx\/#website"},"primaryImageOfPage":{"@id":"https:\/\/www.nexoinformativo.mx\/index.php\/2024\/10\/21\/se-estableceran-estrategias-de-seguridad-en-pedro-escobedo-tras-hechos-de-violencia\/#primaryimage"},"image":{"@id":"https:\/\/www.nexoinformativo.mx\/index.php\/2024\/10\/21\/se-estableceran-estrategias-de-seguridad-en-pedro-escobedo-tras-hechos-de-violencia\/#primaryimage"},"thumbnailUrl":"https:\/\/www.nexoinformativo.mx\/wp-content\/uploads\/2024\/10\/PHOTO-2024-10-21-13-28-49-2-e1729542419100.jpg","datePublished":"2024-10-21T19:00:23+00:00","dateModified":"2024-10-21T20:29:14+00:00","description":"Se establecer\u00e1n estrategias de seguridad en Pedro Escobedo tras hechos de violencia","breadcrumb":{"@id":"https:\/\/www.nexoinformativo.mx\/index.php\/2024\/10\/21\/se-estableceran-estrategias-de-seguridad-en-pedro-escobedo-tras-hechos-de-violencia\/#breadcrumb"},"inLanguage":"es","potentialAction":[{"@type":"ReadAction","target":["https:\/\/www.nexoinformativo.mx\/index.php\/2024\/10\/21\/se-estableceran-estrategias-de-seguridad-en-pedro-escobedo-tras-hechos-de-violencia\/"]}]},{"@type":"ImageObject","inLanguage":"es","@id":"https:\/\/www.nexoinformativo.mx\/index.php\/2024\/10\/21\/se-estableceran-estrategias-de-seguridad-en-pedro-escobedo-tras-hechos-de-violencia\/#primaryimage","url":"https:\/\/www.nexoinformativo.mx\/wp-content\/uploads\/2024\/10\/PHOTO-2024-10-21-13-28-49-2-e1729542419100.jpg","contentUrl":"https:\/\/www.nexoinformativo.mx\/wp-content\/uploads\/2024\/10\/PHOTO-2024-10-21-13-28-49-2-e1729542419100.jpg","width":800,"height":600},{"@type":"BreadcrumbList","@id":"https:\/\/www.nexoinformativo.mx\/index.php\/2024\/10\/21\/se-estableceran-estrategias-de-seguridad-en-pedro-escobedo-tras-hechos-de-violencia\/#breadcrumb","itemListElement":[{"@type":"ListItem","position":1,"name":"Inicio","item":"https:\/\/www.nexoinformativo.mx\/"},{"@type":"ListItem","position":2,"name":"Se establecer\u00e1n estrategias de seguridad en Pedro Escobedo tras hechos de violencia"}]},{"@type":"WebSite","@id":"https:\/\/www.nexoinformativo.mx\/#website","url":"https:\/\/www.nexoinformativo.mx\/","name":"Nexo Informativo Santiago de Quer\u00e9taro","description":"Explora NexoInformativo y convi\u00e9rtete en parte de una comunidad que valora el conocimiento y la verdad. Tu nexoinformativo es tu puente hacia una comprensi\u00f3n m\u00e1s profunda del mundo que te rodea.","publisher":{"@id":"https:\/\/www.nexoinformativo.mx\/#organization"},"potentialAction":[{"@type":"SearchAction","target":{"@type":"EntryPoint","urlTemplate":"https:\/\/www.nexoinformativo.mx\/?s={search_term_string}"},"query-input":{"@type":"PropertyValueSpecification","valueRequired":true,"valueName":"search_term_string"}}],"inLanguage":"es"},{"@type":"Organization","@id":"https:\/\/www.nexoinformativo.mx\/#organization","name":"Nexo Informativo Santiago de Quer\u00e9taro","url":"https:\/\/www.nexoinformativo.mx\/","logo":{"@type":"ImageObject","inLanguage":"es","@id":"https:\/\/www.nexoinformativo.mx\/#\/schema\/logo\/image\/","url":"https:\/\/www.nexoinformativo.mx\/wp-content\/uploads\/2024\/07\/nexoi-trasparente-2.png","contentUrl":"https:\/\/www.nexoinformativo.mx\/wp-content\/uploads\/2024\/07\/nexoi-trasparente-2.png","width":816,"height":339,"caption":"Nexo Informativo Santiago de Quer\u00e9taro"},"image":{"@id":"https:\/\/www.nexoinformativo.mx\/#\/schema\/logo\/image\/"},"sameAs":["https:\/\/www.facebook.com\/people\/Nexo-Informativo\/61564066885511\/"]},{"@type":"Person","@id":"https:\/\/www.nexoinformativo.mx\/#\/schema\/person\/7749d380ba08c8ca00d7bc76fd907b7d","name":"Nexo Informativo","image":{"@type":"ImageObject","inLanguage":"es","@id":"https:\/\/www.nexoinformativo.mx\/#\/schema\/person\/image\/","url":"https:\/\/secure.gravatar.com\/avatar\/dde2928154642a13d95f87ddf1ea9718fe2b46760a005c53e41ff5ad610704e6?s=96&d=mm&r=g","contentUrl":"https:\/\/secure.gravatar.com\/avatar\/dde2928154642a13d95f87ddf1ea9718fe2b46760a005c53e41ff5ad610704e6?s=96&d=mm&r=g","caption":"Nexo Informativo"},"url":"https:\/\/www.nexoinformativo.mx\/index.php\/author\/edicion\/"}]}},"_links":{"self":[{"href":"https:\/\/www.nexoinformativo.mx\/index.php\/wp-json\/wp\/v2\/posts\/3981","targetHints":{"allow":["GET"]}}],"collection":[{"href":"https:\/\/www.nexoinformativo.mx\/index.php\/wp-json\/wp\/v2\/posts"}],"about":[{"href":"https:\/\/www.nexoinformativo.mx\/index.php\/wp-json\/wp\/v2\/types\/post"}],"author":[{"embeddable":true,"href":"https:\/\/www.nexoinformativo.mx\/index.php\/wp-json\/wp\/v2\/users\/3"}],"replies":[{"embeddable":true,"href":"https:\/\/www.nexoinformativo.mx\/index.php\/wp-json\/wp\/v2\/comments?post=3981"}],"version-history":[{"count":3,"href":"https:\/\/www.nexoinformativo.mx\/index.php\/wp-json\/wp\/v2\/posts\/3981\/revisions"}],"predecessor-version":[{"id":3984,"href":"https:\/\/www.nexoinformativo.mx\/index.php\/wp-json\/wp\/v2\/posts\/3981\/revisions\/3984"}],"wp:featuredmedia":[{"embeddable":true,"href":"https:\/\/www.nexoinformativo.mx\/index.php\/wp-json\/wp\/v2\/media\/3982"}],"wp:attachment":[{"href":"https:\/\/www.nexoinformativo.mx\/index.php\/wp-json\/wp\/v2\/media?parent=3981"}],"wp:term":[{"taxonomy":"category","embeddable":true,"href":"https:\/\/www.nexoinformativo.mx\/index.php\/wp-json\/wp\/v2\/categories?post=3981"},{"taxonomy":"post_tag","embeddable":true,"href":"https:\/\/www.nexoinformativo.mx\/index.php\/wp-json\/wp\/v2\/tags?post=3981"}],"curies":[{"name":"wp","href":"https:\/\/api.w.org\/{rel}","templated":true}]}}