{"id":3986,"date":"2024-10-21T13:30:12","date_gmt":"2024-10-21T19:30:12","guid":{"rendered":"https:\/\/www.nexoinformativo.mx\/?p=3986"},"modified":"2024-10-21T14:50:41","modified_gmt":"2024-10-21T20:50:41","slug":"queretaro-iman-para-inversiones-y-motor-economico-de-mexico","status":"publish","type":"post","link":"https:\/\/www.nexoinformativo.mx\/index.php\/2024\/10\/21\/queretaro-iman-para-inversiones-y-motor-economico-de-mexico\/","title":{"rendered":"Quer\u00e9taro: Im\u00e1n para inversiones y motor Econ\u00f3mico de M\u00e9xico"},"content":{"rendered":"<p style=\"text-align: justify;\" data-sourcepos=\"5:1-5:291\">Quer\u00e9taro se consolida como uno de los estados m\u00e1s atractivos para la inversi\u00f3n en M\u00e9xico. El gobernador Mauricio Kuri anunci\u00f3 que el estado recibir\u00e1 5 mil millones de d\u00f3lares de los 20 mil millones destinados al pa\u00eds en 2025, lo que representa un impulso significativo para su econom\u00eda.<\/p>\n<p>&nbsp;<\/p>\n<p style=\"text-align: justify;\" data-sourcepos=\"9:1-9:332\">Una de las inversiones m\u00e1s destacadas es un proyecto federal para mejorar el suministro de energ\u00eda el\u00e9ctrica en la Sierra Gorda, con una inversi\u00f3n de 170 millones de pesos. Es resultado de la colaboraci\u00f3n entre el gobierno estatal y federal, para atender las necesidades energ\u00e9ticas de las comunidades de esta regi\u00f3n.<\/p>\n<p>&nbsp;<\/p>\n<p style=\"text-align: justify;\" data-sourcepos=\"13:1-13:342\">Quer\u00e9taro ha experimentado un crecimiento econ\u00f3mico sostenido en los \u00faltimos a\u00f1os, gracias a pol\u00edticas p\u00fablicas enfocadas en el fomento a la inversi\u00f3n, la generaci\u00f3n de empleo y el desarrollo tecnol\u00f3gico. El estado ha logrado atraer grandes empresas de diversos sectores.<\/p>\n<p>&nbsp;<\/p>\n<p style=\"text-align: justify;\"><strong>Lo mas destacado de la conferencia:<\/strong><\/p>\n<p style=\"text-align: justify;\"><strong>Generaci\u00f3n de empleo:<\/strong> En los \u00faltimos tres a\u00f1os, se han creado m\u00e1s de 85 mil empleos, lo que representa un crecimiento del 13.6%.<\/p>\n<p style=\"text-align: justify;\"><strong>Atracci\u00f3n de inversiones:<\/strong> Quer\u00e9taro se ha posicionado como uno de los principales destinos de inversi\u00f3n en M\u00e9xico, con la llegada de empresas globales.<\/p>\n<p style=\"text-align: justify;\"><strong>Desarrollo de sectores estrat\u00e9gicos:<\/strong> El estado ha fortalecido sectores como el automotriz, los alimentos y las tecnolog\u00edas de la informaci\u00f3n.<\/p>\n<p>&nbsp;<\/p>\n<p style=\"text-align: justify;\" data-sourcepos=\"21:1-21:212\">El secretario de Desarrollo Sustentable, Marco Antonio del Prete, destac\u00f3 que Quer\u00e9taro cuenta con el 5to salario m\u00e1s alto del pa\u00eds y se encuentra en tercer lugar en creaci\u00f3n de empleos per c\u00e1pita.<\/p>\n<p>&nbsp;<\/p>\n<p style=\"text-align: justify;\" data-sourcepos=\"21:1-21:212\">Lo que hace al estado tan atractivo para los inversionistas es su ubicaci\u00f3n estrat\u00e9gica, su cercan\u00eda a la Ciudad de M\u00e9xico y a importantes centros industriales. El capital humano altamente calificado y la poblaci\u00f3n queretana cuenta con un alto nivel educativo.<\/p>\n<p>&nbsp;<\/p>\n<p style=\"text-align: justify;\" data-sourcepos=\"30:1-30:155\">Con estas inversiones y proyectos, Quer\u00e9taro se consolida como un motor econ\u00f3mico clave para M\u00e9xico y un referente en materia de desarrollo sostenible.<\/p>\n<p>&nbsp;<\/p>\n<p style=\"text-align: center;\" data-sourcepos=\"30:1-30:155\"><em><strong>\u00a1Informaci\u00f3n que transforma!<\/strong><\/em><\/p>\n","protected":false},"excerpt":{"rendered":"<p>Quer\u00e9taro se consolida como uno de los estados m\u00e1s atractivos para la inversi\u00f3n en M\u00e9xico. El gobernador Mauricio Kuri anunci\u00f3 que el estado recibir\u00e1 5 mil millones de d\u00f3lares de los 20 mil millones destinados al pa\u00eds en 2025, lo que representa un impulso significativo para su econom\u00eda. &nbsp; Una de las inversiones m\u00e1s destacadas [&hellip;]<\/p>\n","protected":false},"author":3,"featured_media":3987,"comment_status":"open","ping_status":"open","sticky":false,"template":"","format":"standard","meta":{"footnotes":""},"categories":[42,58],"tags":[279,352,142,133],"class_list":["post-3986","post","type-post","status-publish","format-standard","has-post-thumbnail","hentry","category-estado","category-ultima-hora","tag-crecimientoeconomico","tag-desarrolloeconomico","tag-inversion","tag-queretaro"],"yoast_head":"<!-- This site is optimized with the Yoast SEO plugin v25.0 - https:\/\/yoast.com\/wordpress\/plugins\/seo\/ -->\n<title>Quer\u00e9taro: Im\u00e1n para inversiones y motor Econ\u00f3mico de M\u00e9xico | Nexo Informativo Santiago de Quer\u00e9taro<\/title>\n<meta name=\"robots\" content=\"index, follow, max-snippet:-1, max-image-preview:large, max-video-preview:-1\" \/>\n<link rel=\"canonical\" href=\"https:\/\/www.nexoinformativo.mx\/index.php\/2024\/10\/21\/queretaro-iman-para-inversiones-y-motor-economico-de-mexico\/\" \/>\n<meta property=\"og:locale\" content=\"es_MX\" \/>\n<meta property=\"og:type\" content=\"article\" \/>\n<meta property=\"og:title\" content=\"Quer\u00e9taro: Im\u00e1n para inversiones y motor Econ\u00f3mico de M\u00e9xico | Nexo Informativo Santiago de Quer\u00e9taro\" \/>\n<meta property=\"og:description\" content=\"Quer\u00e9taro se consolida como uno de los estados m\u00e1s atractivos para la inversi\u00f3n en M\u00e9xico. El gobernador Mauricio Kuri anunci\u00f3 que el estado recibir\u00e1 5 mil millones de d\u00f3lares de los 20 mil millones destinados al pa\u00eds en 2025, lo que representa un impulso significativo para su econom\u00eda. &nbsp; Una de las inversiones m\u00e1s destacadas [&hellip;]\" \/>\n<meta property=\"og:url\" content=\"https:\/\/www.nexoinformativo.mx\/index.php\/2024\/10\/21\/queretaro-iman-para-inversiones-y-motor-economico-de-mexico\/\" \/>\n<meta property=\"og:site_name\" content=\"Nexo Informativo Santiago de Quer\u00e9taro\" \/>\n<meta property=\"article:publisher\" content=\"https:\/\/www.facebook.com\/people\/Nexo-Informativo\/61564066885511\/\" \/>\n<meta property=\"article:published_time\" content=\"2024-10-21T19:30:12+00:00\" \/>\n<meta property=\"article:modified_time\" content=\"2024-10-21T20:50:41+00:00\" \/>\n<meta property=\"og:image\" content=\"https:\/\/www.nexoinformativo.mx\/wp-content\/uploads\/2024\/10\/IMG_7158-e1729543484417.jpg\" \/>\n\t<meta property=\"og:image:width\" content=\"800\" \/>\n\t<meta property=\"og:image:height\" content=\"529\" \/>\n\t<meta property=\"og:image:type\" content=\"image\/jpeg\" \/>\n<meta name=\"author\" content=\"Nexo Informativo\" \/>\n<meta name=\"twitter:card\" content=\"summary_large_image\" \/>\n<meta name=\"twitter:label1\" content=\"Escrito por\" \/>\n\t<meta name=\"twitter:data1\" content=\"Nexo Informativo\" \/>\n\t<meta name=\"twitter:label2\" content=\"Tiempo de lectura\" \/>\n\t<meta name=\"twitter:data2\" content=\"2 minutos\" \/>\n<script type=\"application\/ld+json\" class=\"yoast-schema-graph\">{\"@context\":\"https:\/\/schema.org\",\"@graph\":[{\"@type\":\"Article\",\"@id\":\"https:\/\/www.nexoinformativo.mx\/index.php\/2024\/10\/21\/queretaro-iman-para-inversiones-y-motor-economico-de-mexico\/#article\",\"isPartOf\":{\"@id\":\"https:\/\/www.nexoinformativo.mx\/index.php\/2024\/10\/21\/queretaro-iman-para-inversiones-y-motor-economico-de-mexico\/\"},\"author\":{\"name\":\"Nexo Informativo\",\"@id\":\"https:\/\/www.nexoinformativo.mx\/#\/schema\/person\/7749d380ba08c8ca00d7bc76fd907b7d\"},\"headline\":\"Quer\u00e9taro: Im\u00e1n para inversiones y motor Econ\u00f3mico de M\u00e9xico\",\"datePublished\":\"2024-10-21T19:30:12+00:00\",\"dateModified\":\"2024-10-21T20:50:41+00:00\",\"mainEntityOfPage\":{\"@id\":\"https:\/\/www.nexoinformativo.mx\/index.php\/2024\/10\/21\/queretaro-iman-para-inversiones-y-motor-economico-de-mexico\/\"},\"wordCount\":371,\"commentCount\":0,\"publisher\":{\"@id\":\"https:\/\/www.nexoinformativo.mx\/#organization\"},\"image\":{\"@id\":\"https:\/\/www.nexoinformativo.mx\/index.php\/2024\/10\/21\/queretaro-iman-para-inversiones-y-motor-economico-de-mexico\/#primaryimage\"},\"thumbnailUrl\":\"https:\/\/www.nexoinformativo.mx\/wp-content\/uploads\/2024\/10\/IMG_7158-e1729543484417.jpg\",\"keywords\":[\"CrecimientoEconomico\",\"DesarrolloEcon\u00f3mico\",\"Inversi\u00f3n\",\"Quer\u00e9taro\"],\"articleSection\":[\"Estado\",\"\u00daltima Hora\"],\"inLanguage\":\"es\",\"potentialAction\":[{\"@type\":\"CommentAction\",\"name\":\"Comment\",\"target\":[\"https:\/\/www.nexoinformativo.mx\/index.php\/2024\/10\/21\/queretaro-iman-para-inversiones-y-motor-economico-de-mexico\/#respond\"]}]},{\"@type\":\"WebPage\",\"@id\":\"https:\/\/www.nexoinformativo.mx\/index.php\/2024\/10\/21\/queretaro-iman-para-inversiones-y-motor-economico-de-mexico\/\",\"url\":\"https:\/\/www.nexoinformativo.mx\/index.php\/2024\/10\/21\/queretaro-iman-para-inversiones-y-motor-economico-de-mexico\/\",\"name\":\"Quer\u00e9taro: Im\u00e1n para inversiones y motor Econ\u00f3mico de M\u00e9xico | Nexo Informativo Santiago de Quer\u00e9taro\",\"isPartOf\":{\"@id\":\"https:\/\/www.nexoinformativo.mx\/#website\"},\"primaryImageOfPage\":{\"@id\":\"https:\/\/www.nexoinformativo.mx\/index.php\/2024\/10\/21\/queretaro-iman-para-inversiones-y-motor-economico-de-mexico\/#primaryimage\"},\"image\":{\"@id\":\"https:\/\/www.nexoinformativo.mx\/index.php\/2024\/10\/21\/queretaro-iman-para-inversiones-y-motor-economico-de-mexico\/#primaryimage\"},\"thumbnailUrl\":\"https:\/\/www.nexoinformativo.mx\/wp-content\/uploads\/2024\/10\/IMG_7158-e1729543484417.jpg\",\"datePublished\":\"2024-10-21T19:30:12+00:00\",\"dateModified\":\"2024-10-21T20:50:41+00:00\",\"breadcrumb\":{\"@id\":\"https:\/\/www.nexoinformativo.mx\/index.php\/2024\/10\/21\/queretaro-iman-para-inversiones-y-motor-economico-de-mexico\/#breadcrumb\"},\"inLanguage\":\"es\",\"potentialAction\":[{\"@type\":\"ReadAction\",\"target\":[\"https:\/\/www.nexoinformativo.mx\/index.php\/2024\/10\/21\/queretaro-iman-para-inversiones-y-motor-economico-de-mexico\/\"]}]},{\"@type\":\"ImageObject\",\"inLanguage\":\"es\",\"@id\":\"https:\/\/www.nexoinformativo.mx\/index.php\/2024\/10\/21\/queretaro-iman-para-inversiones-y-motor-economico-de-mexico\/#primaryimage\",\"url\":\"https:\/\/www.nexoinformativo.mx\/wp-content\/uploads\/2024\/10\/IMG_7158-e1729543484417.jpg\",\"contentUrl\":\"https:\/\/www.nexoinformativo.mx\/wp-content\/uploads\/2024\/10\/IMG_7158-e1729543484417.jpg\",\"width\":800,\"height\":529,\"caption\":\"Screenshot\"},{\"@type\":\"BreadcrumbList\",\"@id\":\"https:\/\/www.nexoinformativo.mx\/index.php\/2024\/10\/21\/queretaro-iman-para-inversiones-y-motor-economico-de-mexico\/#breadcrumb\",\"itemListElement\":[{\"@type\":\"ListItem\",\"position\":1,\"name\":\"Inicio\",\"item\":\"https:\/\/www.nexoinformativo.mx\/\"},{\"@type\":\"ListItem\",\"position\":2,\"name\":\"Quer\u00e9taro: Im\u00e1n para inversiones y motor Econ\u00f3mico de M\u00e9xico\"}]},{\"@type\":\"WebSite\",\"@id\":\"https:\/\/www.nexoinformativo.mx\/#website\",\"url\":\"https:\/\/www.nexoinformativo.mx\/\",\"name\":\"Nexo Informativo Santiago de Quer\u00e9taro\",\"description\":\"Explora NexoInformativo y convi\u00e9rtete en parte de una comunidad que valora el conocimiento y la verdad. Tu nexoinformativo es tu puente hacia una comprensi\u00f3n m\u00e1s profunda del mundo que te rodea.\",\"publisher\":{\"@id\":\"https:\/\/www.nexoinformativo.mx\/#organization\"},\"potentialAction\":[{\"@type\":\"SearchAction\",\"target\":{\"@type\":\"EntryPoint\",\"urlTemplate\":\"https:\/\/www.nexoinformativo.mx\/?s={search_term_string}\"},\"query-input\":{\"@type\":\"PropertyValueSpecification\",\"valueRequired\":true,\"valueName\":\"search_term_string\"}}],\"inLanguage\":\"es\"},{\"@type\":\"Organization\",\"@id\":\"https:\/\/www.nexoinformativo.mx\/#organization\",\"name\":\"Nexo Informativo Santiago de Quer\u00e9taro\",\"url\":\"https:\/\/www.nexoinformativo.mx\/\",\"logo\":{\"@type\":\"ImageObject\",\"inLanguage\":\"es\",\"@id\":\"https:\/\/www.nexoinformativo.mx\/#\/schema\/logo\/image\/\",\"url\":\"https:\/\/www.nexoinformativo.mx\/wp-content\/uploads\/2024\/07\/nexoi-trasparente-2.png\",\"contentUrl\":\"https:\/\/www.nexoinformativo.mx\/wp-content\/uploads\/2024\/07\/nexoi-trasparente-2.png\",\"width\":816,\"height\":339,\"caption\":\"Nexo Informativo Santiago de Quer\u00e9taro\"},\"image\":{\"@id\":\"https:\/\/www.nexoinformativo.mx\/#\/schema\/logo\/image\/\"},\"sameAs\":[\"https:\/\/www.facebook.com\/people\/Nexo-Informativo\/61564066885511\/\"]},{\"@type\":\"Person\",\"@id\":\"https:\/\/www.nexoinformativo.mx\/#\/schema\/person\/7749d380ba08c8ca00d7bc76fd907b7d\",\"name\":\"Nexo Informativo\",\"image\":{\"@type\":\"ImageObject\",\"inLanguage\":\"es\",\"@id\":\"https:\/\/www.nexoinformativo.mx\/#\/schema\/person\/image\/\",\"url\":\"https:\/\/secure.gravatar.com\/avatar\/dde2928154642a13d95f87ddf1ea9718fe2b46760a005c53e41ff5ad610704e6?s=96&d=mm&r=g\",\"contentUrl\":\"https:\/\/secure.gravatar.com\/avatar\/dde2928154642a13d95f87ddf1ea9718fe2b46760a005c53e41ff5ad610704e6?s=96&d=mm&r=g\",\"caption\":\"Nexo Informativo\"},\"url\":\"https:\/\/www.nexoinformativo.mx\/index.php\/author\/edicion\/\"}]}<\/script>\n<!-- \/ Yoast SEO plugin. -->","yoast_head_json":{"title":"Quer\u00e9taro: Im\u00e1n para inversiones y motor Econ\u00f3mico de M\u00e9xico | Nexo Informativo Santiago de Quer\u00e9taro","robots":{"index":"index","follow":"follow","max-snippet":"max-snippet:-1","max-image-preview":"max-image-preview:large","max-video-preview":"max-video-preview:-1"},"canonical":"https:\/\/www.nexoinformativo.mx\/index.php\/2024\/10\/21\/queretaro-iman-para-inversiones-y-motor-economico-de-mexico\/","og_locale":"es_MX","og_type":"article","og_title":"Quer\u00e9taro: Im\u00e1n para inversiones y motor Econ\u00f3mico de M\u00e9xico | Nexo Informativo Santiago de Quer\u00e9taro","og_description":"Quer\u00e9taro se consolida como uno de los estados m\u00e1s atractivos para la inversi\u00f3n en M\u00e9xico. El gobernador Mauricio Kuri anunci\u00f3 que el estado recibir\u00e1 5 mil millones de d\u00f3lares de los 20 mil millones destinados al pa\u00eds en 2025, lo que representa un impulso significativo para su econom\u00eda. &nbsp; Una de las inversiones m\u00e1s destacadas [&hellip;]","og_url":"https:\/\/www.nexoinformativo.mx\/index.php\/2024\/10\/21\/queretaro-iman-para-inversiones-y-motor-economico-de-mexico\/","og_site_name":"Nexo Informativo Santiago de Quer\u00e9taro","article_publisher":"https:\/\/www.facebook.com\/people\/Nexo-Informativo\/61564066885511\/","article_published_time":"2024-10-21T19:30:12+00:00","article_modified_time":"2024-10-21T20:50:41+00:00","og_image":[{"width":800,"height":529,"url":"https:\/\/www.nexoinformativo.mx\/wp-content\/uploads\/2024\/10\/IMG_7158-e1729543484417.jpg","type":"image\/jpeg"}],"author":"Nexo Informativo","twitter_card":"summary_large_image","twitter_misc":{"Escrito por":"Nexo Informativo","Tiempo de lectura":"2 minutos"},"schema":{"@context":"https:\/\/schema.org","@graph":[{"@type":"Article","@id":"https:\/\/www.nexoinformativo.mx\/index.php\/2024\/10\/21\/queretaro-iman-para-inversiones-y-motor-economico-de-mexico\/#article","isPartOf":{"@id":"https:\/\/www.nexoinformativo.mx\/index.php\/2024\/10\/21\/queretaro-iman-para-inversiones-y-motor-economico-de-mexico\/"},"author":{"name":"Nexo Informativo","@id":"https:\/\/www.nexoinformativo.mx\/#\/schema\/person\/7749d380ba08c8ca00d7bc76fd907b7d"},"headline":"Quer\u00e9taro: Im\u00e1n para inversiones y motor Econ\u00f3mico de M\u00e9xico","datePublished":"2024-10-21T19:30:12+00:00","dateModified":"2024-10-21T20:50:41+00:00","mainEntityOfPage":{"@id":"https:\/\/www.nexoinformativo.mx\/index.php\/2024\/10\/21\/queretaro-iman-para-inversiones-y-motor-economico-de-mexico\/"},"wordCount":371,"commentCount":0,"publisher":{"@id":"https:\/\/www.nexoinformativo.mx\/#organization"},"image":{"@id":"https:\/\/www.nexoinformativo.mx\/index.php\/2024\/10\/21\/queretaro-iman-para-inversiones-y-motor-economico-de-mexico\/#primaryimage"},"thumbnailUrl":"https:\/\/www.nexoinformativo.mx\/wp-content\/uploads\/2024\/10\/IMG_7158-e1729543484417.jpg","keywords":["CrecimientoEconomico","DesarrolloEcon\u00f3mico","Inversi\u00f3n","Quer\u00e9taro"],"articleSection":["Estado","\u00daltima Hora"],"inLanguage":"es","potentialAction":[{"@type":"CommentAction","name":"Comment","target":["https:\/\/www.nexoinformativo.mx\/index.php\/2024\/10\/21\/queretaro-iman-para-inversiones-y-motor-economico-de-mexico\/#respond"]}]},{"@type":"WebPage","@id":"https:\/\/www.nexoinformativo.mx\/index.php\/2024\/10\/21\/queretaro-iman-para-inversiones-y-motor-economico-de-mexico\/","url":"https:\/\/www.nexoinformativo.mx\/index.php\/2024\/10\/21\/queretaro-iman-para-inversiones-y-motor-economico-de-mexico\/","name":"Quer\u00e9taro: Im\u00e1n para inversiones y motor Econ\u00f3mico de M\u00e9xico | Nexo Informativo Santiago de Quer\u00e9taro","isPartOf":{"@id":"https:\/\/www.nexoinformativo.mx\/#website"},"primaryImageOfPage":{"@id":"https:\/\/www.nexoinformativo.mx\/index.php\/2024\/10\/21\/queretaro-iman-para-inversiones-y-motor-economico-de-mexico\/#primaryimage"},"image":{"@id":"https:\/\/www.nexoinformativo.mx\/index.php\/2024\/10\/21\/queretaro-iman-para-inversiones-y-motor-economico-de-mexico\/#primaryimage"},"thumbnailUrl":"https:\/\/www.nexoinformativo.mx\/wp-content\/uploads\/2024\/10\/IMG_7158-e1729543484417.jpg","datePublished":"2024-10-21T19:30:12+00:00","dateModified":"2024-10-21T20:50:41+00:00","breadcrumb":{"@id":"https:\/\/www.nexoinformativo.mx\/index.php\/2024\/10\/21\/queretaro-iman-para-inversiones-y-motor-economico-de-mexico\/#breadcrumb"},"inLanguage":"es","potentialAction":[{"@type":"ReadAction","target":["https:\/\/www.nexoinformativo.mx\/index.php\/2024\/10\/21\/queretaro-iman-para-inversiones-y-motor-economico-de-mexico\/"]}]},{"@type":"ImageObject","inLanguage":"es","@id":"https:\/\/www.nexoinformativo.mx\/index.php\/2024\/10\/21\/queretaro-iman-para-inversiones-y-motor-economico-de-mexico\/#primaryimage","url":"https:\/\/www.nexoinformativo.mx\/wp-content\/uploads\/2024\/10\/IMG_7158-e1729543484417.jpg","contentUrl":"https:\/\/www.nexoinformativo.mx\/wp-content\/uploads\/2024\/10\/IMG_7158-e1729543484417.jpg","width":800,"height":529,"caption":"Screenshot"},{"@type":"BreadcrumbList","@id":"https:\/\/www.nexoinformativo.mx\/index.php\/2024\/10\/21\/queretaro-iman-para-inversiones-y-motor-economico-de-mexico\/#breadcrumb","itemListElement":[{"@type":"ListItem","position":1,"name":"Inicio","item":"https:\/\/www.nexoinformativo.mx\/"},{"@type":"ListItem","position":2,"name":"Quer\u00e9taro: Im\u00e1n para inversiones y motor Econ\u00f3mico de M\u00e9xico"}]},{"@type":"WebSite","@id":"https:\/\/www.nexoinformativo.mx\/#website","url":"https:\/\/www.nexoinformativo.mx\/","name":"Nexo Informativo Santiago de Quer\u00e9taro","description":"Explora NexoInformativo y convi\u00e9rtete en parte de una comunidad que valora el conocimiento y la verdad. Tu nexoinformativo es tu puente hacia una comprensi\u00f3n m\u00e1s profunda del mundo que te rodea.","publisher":{"@id":"https:\/\/www.nexoinformativo.mx\/#organization"},"potentialAction":[{"@type":"SearchAction","target":{"@type":"EntryPoint","urlTemplate":"https:\/\/www.nexoinformativo.mx\/?s={search_term_string}"},"query-input":{"@type":"PropertyValueSpecification","valueRequired":true,"valueName":"search_term_string"}}],"inLanguage":"es"},{"@type":"Organization","@id":"https:\/\/www.nexoinformativo.mx\/#organization","name":"Nexo Informativo Santiago de Quer\u00e9taro","url":"https:\/\/www.nexoinformativo.mx\/","logo":{"@type":"ImageObject","inLanguage":"es","@id":"https:\/\/www.nexoinformativo.mx\/#\/schema\/logo\/image\/","url":"https:\/\/www.nexoinformativo.mx\/wp-content\/uploads\/2024\/07\/nexoi-trasparente-2.png","contentUrl":"https:\/\/www.nexoinformativo.mx\/wp-content\/uploads\/2024\/07\/nexoi-trasparente-2.png","width":816,"height":339,"caption":"Nexo Informativo Santiago de Quer\u00e9taro"},"image":{"@id":"https:\/\/www.nexoinformativo.mx\/#\/schema\/logo\/image\/"},"sameAs":["https:\/\/www.facebook.com\/people\/Nexo-Informativo\/61564066885511\/"]},{"@type":"Person","@id":"https:\/\/www.nexoinformativo.mx\/#\/schema\/person\/7749d380ba08c8ca00d7bc76fd907b7d","name":"Nexo Informativo","image":{"@type":"ImageObject","inLanguage":"es","@id":"https:\/\/www.nexoinformativo.mx\/#\/schema\/person\/image\/","url":"https:\/\/secure.gravatar.com\/avatar\/dde2928154642a13d95f87ddf1ea9718fe2b46760a005c53e41ff5ad610704e6?s=96&d=mm&r=g","contentUrl":"https:\/\/secure.gravatar.com\/avatar\/dde2928154642a13d95f87ddf1ea9718fe2b46760a005c53e41ff5ad610704e6?s=96&d=mm&r=g","caption":"Nexo Informativo"},"url":"https:\/\/www.nexoinformativo.mx\/index.php\/author\/edicion\/"}]}},"_links":{"self":[{"href":"https:\/\/www.nexoinformativo.mx\/index.php\/wp-json\/wp\/v2\/posts\/3986","targetHints":{"allow":["GET"]}}],"collection":[{"href":"https:\/\/www.nexoinformativo.mx\/index.php\/wp-json\/wp\/v2\/posts"}],"about":[{"href":"https:\/\/www.nexoinformativo.mx\/index.php\/wp-json\/wp\/v2\/types\/post"}],"author":[{"embeddable":true,"href":"https:\/\/www.nexoinformativo.mx\/index.php\/wp-json\/wp\/v2\/users\/3"}],"replies":[{"embeddable":true,"href":"https:\/\/www.nexoinformativo.mx\/index.php\/wp-json\/wp\/v2\/comments?post=3986"}],"version-history":[{"count":6,"href":"https:\/\/www.nexoinformativo.mx\/index.php\/wp-json\/wp\/v2\/posts\/3986\/revisions"}],"predecessor-version":[{"id":4003,"href":"https:\/\/www.nexoinformativo.mx\/index.php\/wp-json\/wp\/v2\/posts\/3986\/revisions\/4003"}],"wp:featuredmedia":[{"embeddable":true,"href":"https:\/\/www.nexoinformativo.mx\/index.php\/wp-json\/wp\/v2\/media\/3987"}],"wp:attachment":[{"href":"https:\/\/www.nexoinformativo.mx\/index.php\/wp-json\/wp\/v2\/media?parent=3986"}],"wp:term":[{"taxonomy":"category","embeddable":true,"href":"https:\/\/www.nexoinformativo.mx\/index.php\/wp-json\/wp\/v2\/categories?post=3986"},{"taxonomy":"post_tag","embeddable":true,"href":"https:\/\/www.nexoinformativo.mx\/index.php\/wp-json\/wp\/v2\/tags?post=3986"}],"curies":[{"name":"wp","href":"https:\/\/api.w.org\/{rel}","templated":true}]}}