{"id":3995,"date":"2024-10-21T13:30:57","date_gmt":"2024-10-21T19:30:57","guid":{"rendered":"https:\/\/www.nexoinformativo.mx\/?p=3995"},"modified":"2024-10-21T15:10:45","modified_gmt":"2024-10-21T21:10:45","slug":"queretaro-logra-recolectar-10-toneladas-de-aparatos-electronicos-en-una-sola-jornada","status":"publish","type":"post","link":"https:\/\/www.nexoinformativo.mx\/index.php\/2024\/10\/21\/queretaro-logra-recolectar-10-toneladas-de-aparatos-electronicos-en-una-sola-jornada\/","title":{"rendered":"Quer\u00e9taro logra recolectar 10 toneladas de aparatos electr\u00f3nicos en una sola jornada"},"content":{"rendered":"<p style=\"text-align: justify;\">El presidente municipal de Quer\u00e9taro, Felipe Fernando Mac\u00edas, inform\u00f3 que se lograron recolectar 10 toneladas de residuos electr\u00f3nicos durante la jornada de recolecci\u00f3n de aparatos en desuso realizada este fin de semana.<\/p>\n<p>&nbsp;<\/p>\n<p style=\"text-align: justify;\">Acompa\u00f1ado por el secretario de Servicios P\u00fablicos Municipales, Armando Presa, y el coordinador del programa <strong>&#8220;Alcalde en Acci\u00f3n&#8221;<\/strong>, Alberto Guerrero, el alcalde destac\u00f3 que estas jornadas ser\u00e1n permanentes, y los calendarios de futuras campa\u00f1as ser\u00e1n compartidos a trav\u00e9s de las redes sociales oficiales del municipio.<\/p>\n<p>&nbsp;<\/p>\n<p style=\"text-align: justify;\">Mac\u00edas Olvera se\u00f1al\u00f3 que, de enero a septiembre, ya se hab\u00edan recolectado 70 toneladas de residuos electr\u00f3nicos, por lo que las 10 toneladas recogidas en un solo d\u00eda reflejan un importante avance en el compromiso de mantener limpia la ciudad. <strong>&#8220;Esto refleja el compromiso que tenemos con mantener nuestra ciudad limpia y organizada&#8221;<\/strong>, afirm\u00f3 el alcalde.<\/p>\n<p>&nbsp;<\/p>\n<p style=\"text-align: justify;\">Adem\u00e1s, mencion\u00f3 que el programa <strong>&#8220;Alcalde en Acci\u00f3n&#8221;<\/strong> tambi\u00e9n est\u00e1 en marcha. En su primera jornada, llevada a cabo en la colonia Las Am\u00e9ricas, se retiraron veh\u00edculos abandonados y se eliminaron grafitis, demostrando el enfoque integral del gobierno en la mejora de los espacios p\u00fablicos.<\/p>\n<p>&nbsp;<\/p>\n<p style=\"text-align: center;\"><em><strong>\u00a1Informaci\u00f3n que transforma!<\/strong><\/em><\/p>\n<h3><\/h3>\n","protected":false},"excerpt":{"rendered":"<p>El presidente municipal de Quer\u00e9taro, Felipe Fernando Mac\u00edas, inform\u00f3 que se lograron recolectar 10 toneladas de residuos electr\u00f3nicos durante la jornada de recolecci\u00f3n de aparatos en desuso realizada este fin de semana. &nbsp; Acompa\u00f1ado por el secretario de Servicios P\u00fablicos Municipales, Armando Presa, y el coordinador del programa &#8220;Alcalde en Acci\u00f3n&#8221;, Alberto Guerrero, el alcalde [&hellip;]<\/p>\n","protected":false},"author":3,"featured_media":3999,"comment_status":"open","ping_status":"open","sticky":false,"template":"","format":"standard","meta":{"footnotes":""},"categories":[65,58],"tags":[1501,1500,994,1499],"class_list":["post-3995","post","type-post","status-publish","format-standard","has-post-thumbnail","hentry","category-municipios","category-ultima-hora","tag-alcaldeenaccion","tag-ciudadlimpia","tag-queretarosostenible","tag-recoleccionelectronica"],"yoast_head":"<!-- This site is optimized with the Yoast SEO plugin v25.0 - https:\/\/yoast.com\/wordpress\/plugins\/seo\/ -->\n<title>Quer\u00e9taro logra recolectar 10 toneladas de aparatos electr\u00f3nicos en una sola jornada | Nexo Informativo Santiago de Quer\u00e9taro<\/title>\n<meta name=\"description\" content=\"Quer\u00e9taro logra recolectar 10 toneladas de aparatos electr\u00f3nicos en una sola jornada\" \/>\n<meta name=\"robots\" content=\"index, follow, max-snippet:-1, max-image-preview:large, max-video-preview:-1\" \/>\n<link rel=\"canonical\" href=\"https:\/\/www.nexoinformativo.mx\/index.php\/2024\/10\/21\/queretaro-logra-recolectar-10-toneladas-de-aparatos-electronicos-en-una-sola-jornada\/\" \/>\n<meta property=\"og:locale\" content=\"es_MX\" \/>\n<meta property=\"og:type\" content=\"article\" \/>\n<meta property=\"og:title\" content=\"Quer\u00e9taro logra recolectar 10 toneladas de aparatos electr\u00f3nicos en una sola jornada | Nexo Informativo Santiago de Quer\u00e9taro\" \/>\n<meta property=\"og:description\" content=\"Quer\u00e9taro logra recolectar 10 toneladas de aparatos electr\u00f3nicos en una sola jornada\" \/>\n<meta property=\"og:url\" content=\"https:\/\/www.nexoinformativo.mx\/index.php\/2024\/10\/21\/queretaro-logra-recolectar-10-toneladas-de-aparatos-electronicos-en-una-sola-jornada\/\" \/>\n<meta property=\"og:site_name\" content=\"Nexo Informativo Santiago de Quer\u00e9taro\" \/>\n<meta property=\"article:publisher\" content=\"https:\/\/www.facebook.com\/people\/Nexo-Informativo\/61564066885511\/\" \/>\n<meta property=\"article:published_time\" content=\"2024-10-21T19:30:57+00:00\" \/>\n<meta property=\"article:modified_time\" content=\"2024-10-21T21:10:45+00:00\" \/>\n<meta property=\"og:image\" content=\"https:\/\/www.nexoinformativo.mx\/wp-content\/uploads\/2024\/10\/IMG_7159-e1729545038876.jpg\" \/>\n\t<meta property=\"og:image:width\" content=\"750\" \/>\n\t<meta property=\"og:image:height\" content=\"814\" \/>\n\t<meta property=\"og:image:type\" content=\"image\/jpeg\" \/>\n<meta name=\"author\" content=\"Nexo Informativo\" \/>\n<meta name=\"twitter:card\" content=\"summary_large_image\" \/>\n<meta name=\"twitter:label1\" content=\"Escrito por\" \/>\n\t<meta name=\"twitter:data1\" content=\"Nexo Informativo\" \/>\n\t<meta name=\"twitter:label2\" content=\"Tiempo de lectura\" \/>\n\t<meta name=\"twitter:data2\" content=\"2 minutos\" \/>\n<script type=\"application\/ld+json\" class=\"yoast-schema-graph\">{\"@context\":\"https:\/\/schema.org\",\"@graph\":[{\"@type\":\"Article\",\"@id\":\"https:\/\/www.nexoinformativo.mx\/index.php\/2024\/10\/21\/queretaro-logra-recolectar-10-toneladas-de-aparatos-electronicos-en-una-sola-jornada\/#article\",\"isPartOf\":{\"@id\":\"https:\/\/www.nexoinformativo.mx\/index.php\/2024\/10\/21\/queretaro-logra-recolectar-10-toneladas-de-aparatos-electronicos-en-una-sola-jornada\/\"},\"author\":{\"name\":\"Nexo Informativo\",\"@id\":\"https:\/\/www.nexoinformativo.mx\/#\/schema\/person\/7749d380ba08c8ca00d7bc76fd907b7d\"},\"headline\":\"Quer\u00e9taro logra recolectar 10 toneladas de aparatos electr\u00f3nicos en una sola jornada\",\"datePublished\":\"2024-10-21T19:30:57+00:00\",\"dateModified\":\"2024-10-21T21:10:45+00:00\",\"mainEntityOfPage\":{\"@id\":\"https:\/\/www.nexoinformativo.mx\/index.php\/2024\/10\/21\/queretaro-logra-recolectar-10-toneladas-de-aparatos-electronicos-en-una-sola-jornada\/\"},\"wordCount\":218,\"commentCount\":0,\"publisher\":{\"@id\":\"https:\/\/www.nexoinformativo.mx\/#organization\"},\"image\":{\"@id\":\"https:\/\/www.nexoinformativo.mx\/index.php\/2024\/10\/21\/queretaro-logra-recolectar-10-toneladas-de-aparatos-electronicos-en-una-sola-jornada\/#primaryimage\"},\"thumbnailUrl\":\"https:\/\/www.nexoinformativo.mx\/wp-content\/uploads\/2024\/10\/IMG_7159-e1729545038876.jpg\",\"keywords\":[\"AlcaldeEnAcci\u00f3n\",\"CiudadLimpia\",\"Quer\u00e9taroSostenible\",\"Recolecci\u00f3nElectr\u00f3nica\"],\"articleSection\":[\"Municipios\",\"\u00daltima Hora\"],\"inLanguage\":\"es\",\"potentialAction\":[{\"@type\":\"CommentAction\",\"name\":\"Comment\",\"target\":[\"https:\/\/www.nexoinformativo.mx\/index.php\/2024\/10\/21\/queretaro-logra-recolectar-10-toneladas-de-aparatos-electronicos-en-una-sola-jornada\/#respond\"]}]},{\"@type\":\"WebPage\",\"@id\":\"https:\/\/www.nexoinformativo.mx\/index.php\/2024\/10\/21\/queretaro-logra-recolectar-10-toneladas-de-aparatos-electronicos-en-una-sola-jornada\/\",\"url\":\"https:\/\/www.nexoinformativo.mx\/index.php\/2024\/10\/21\/queretaro-logra-recolectar-10-toneladas-de-aparatos-electronicos-en-una-sola-jornada\/\",\"name\":\"Quer\u00e9taro logra recolectar 10 toneladas de aparatos electr\u00f3nicos en una sola jornada | Nexo Informativo Santiago de Quer\u00e9taro\",\"isPartOf\":{\"@id\":\"https:\/\/www.nexoinformativo.mx\/#website\"},\"primaryImageOfPage\":{\"@id\":\"https:\/\/www.nexoinformativo.mx\/index.php\/2024\/10\/21\/queretaro-logra-recolectar-10-toneladas-de-aparatos-electronicos-en-una-sola-jornada\/#primaryimage\"},\"image\":{\"@id\":\"https:\/\/www.nexoinformativo.mx\/index.php\/2024\/10\/21\/queretaro-logra-recolectar-10-toneladas-de-aparatos-electronicos-en-una-sola-jornada\/#primaryimage\"},\"thumbnailUrl\":\"https:\/\/www.nexoinformativo.mx\/wp-content\/uploads\/2024\/10\/IMG_7159-e1729545038876.jpg\",\"datePublished\":\"2024-10-21T19:30:57+00:00\",\"dateModified\":\"2024-10-21T21:10:45+00:00\",\"description\":\"Quer\u00e9taro logra recolectar 10 toneladas de aparatos electr\u00f3nicos en una sola jornada\",\"breadcrumb\":{\"@id\":\"https:\/\/www.nexoinformativo.mx\/index.php\/2024\/10\/21\/queretaro-logra-recolectar-10-toneladas-de-aparatos-electronicos-en-una-sola-jornada\/#breadcrumb\"},\"inLanguage\":\"es\",\"potentialAction\":[{\"@type\":\"ReadAction\",\"target\":[\"https:\/\/www.nexoinformativo.mx\/index.php\/2024\/10\/21\/queretaro-logra-recolectar-10-toneladas-de-aparatos-electronicos-en-una-sola-jornada\/\"]}]},{\"@type\":\"ImageObject\",\"inLanguage\":\"es\",\"@id\":\"https:\/\/www.nexoinformativo.mx\/index.php\/2024\/10\/21\/queretaro-logra-recolectar-10-toneladas-de-aparatos-electronicos-en-una-sola-jornada\/#primaryimage\",\"url\":\"https:\/\/www.nexoinformativo.mx\/wp-content\/uploads\/2024\/10\/IMG_7159-e1729545038876.jpg\",\"contentUrl\":\"https:\/\/www.nexoinformativo.mx\/wp-content\/uploads\/2024\/10\/IMG_7159-e1729545038876.jpg\",\"width\":750,\"height\":814,\"caption\":\"Screenshot\"},{\"@type\":\"BreadcrumbList\",\"@id\":\"https:\/\/www.nexoinformativo.mx\/index.php\/2024\/10\/21\/queretaro-logra-recolectar-10-toneladas-de-aparatos-electronicos-en-una-sola-jornada\/#breadcrumb\",\"itemListElement\":[{\"@type\":\"ListItem\",\"position\":1,\"name\":\"Inicio\",\"item\":\"https:\/\/www.nexoinformativo.mx\/\"},{\"@type\":\"ListItem\",\"position\":2,\"name\":\"Quer\u00e9taro logra recolectar 10 toneladas de aparatos electr\u00f3nicos en una sola jornada\"}]},{\"@type\":\"WebSite\",\"@id\":\"https:\/\/www.nexoinformativo.mx\/#website\",\"url\":\"https:\/\/www.nexoinformativo.mx\/\",\"name\":\"Nexo Informativo Santiago de Quer\u00e9taro\",\"description\":\"Explora NexoInformativo y convi\u00e9rtete en parte de una comunidad que valora el conocimiento y la verdad. Tu nexoinformativo es tu puente hacia una comprensi\u00f3n m\u00e1s profunda del mundo que te rodea.\",\"publisher\":{\"@id\":\"https:\/\/www.nexoinformativo.mx\/#organization\"},\"potentialAction\":[{\"@type\":\"SearchAction\",\"target\":{\"@type\":\"EntryPoint\",\"urlTemplate\":\"https:\/\/www.nexoinformativo.mx\/?s={search_term_string}\"},\"query-input\":{\"@type\":\"PropertyValueSpecification\",\"valueRequired\":true,\"valueName\":\"search_term_string\"}}],\"inLanguage\":\"es\"},{\"@type\":\"Organization\",\"@id\":\"https:\/\/www.nexoinformativo.mx\/#organization\",\"name\":\"Nexo Informativo Santiago de Quer\u00e9taro\",\"url\":\"https:\/\/www.nexoinformativo.mx\/\",\"logo\":{\"@type\":\"ImageObject\",\"inLanguage\":\"es\",\"@id\":\"https:\/\/www.nexoinformativo.mx\/#\/schema\/logo\/image\/\",\"url\":\"https:\/\/www.nexoinformativo.mx\/wp-content\/uploads\/2024\/07\/nexoi-trasparente-2.png\",\"contentUrl\":\"https:\/\/www.nexoinformativo.mx\/wp-content\/uploads\/2024\/07\/nexoi-trasparente-2.png\",\"width\":816,\"height\":339,\"caption\":\"Nexo Informativo Santiago de Quer\u00e9taro\"},\"image\":{\"@id\":\"https:\/\/www.nexoinformativo.mx\/#\/schema\/logo\/image\/\"},\"sameAs\":[\"https:\/\/www.facebook.com\/people\/Nexo-Informativo\/61564066885511\/\"]},{\"@type\":\"Person\",\"@id\":\"https:\/\/www.nexoinformativo.mx\/#\/schema\/person\/7749d380ba08c8ca00d7bc76fd907b7d\",\"name\":\"Nexo Informativo\",\"image\":{\"@type\":\"ImageObject\",\"inLanguage\":\"es\",\"@id\":\"https:\/\/www.nexoinformativo.mx\/#\/schema\/person\/image\/\",\"url\":\"https:\/\/secure.gravatar.com\/avatar\/dde2928154642a13d95f87ddf1ea9718fe2b46760a005c53e41ff5ad610704e6?s=96&d=mm&r=g\",\"contentUrl\":\"https:\/\/secure.gravatar.com\/avatar\/dde2928154642a13d95f87ddf1ea9718fe2b46760a005c53e41ff5ad610704e6?s=96&d=mm&r=g\",\"caption\":\"Nexo Informativo\"},\"url\":\"https:\/\/www.nexoinformativo.mx\/index.php\/author\/edicion\/\"}]}<\/script>\n<!-- \/ Yoast SEO plugin. -->","yoast_head_json":{"title":"Quer\u00e9taro logra recolectar 10 toneladas de aparatos electr\u00f3nicos en una sola jornada | Nexo Informativo Santiago de Quer\u00e9taro","description":"Quer\u00e9taro logra recolectar 10 toneladas de aparatos electr\u00f3nicos en una sola jornada","robots":{"index":"index","follow":"follow","max-snippet":"max-snippet:-1","max-image-preview":"max-image-preview:large","max-video-preview":"max-video-preview:-1"},"canonical":"https:\/\/www.nexoinformativo.mx\/index.php\/2024\/10\/21\/queretaro-logra-recolectar-10-toneladas-de-aparatos-electronicos-en-una-sola-jornada\/","og_locale":"es_MX","og_type":"article","og_title":"Quer\u00e9taro logra recolectar 10 toneladas de aparatos electr\u00f3nicos en una sola jornada | Nexo Informativo Santiago de Quer\u00e9taro","og_description":"Quer\u00e9taro logra recolectar 10 toneladas de aparatos electr\u00f3nicos en una sola jornada","og_url":"https:\/\/www.nexoinformativo.mx\/index.php\/2024\/10\/21\/queretaro-logra-recolectar-10-toneladas-de-aparatos-electronicos-en-una-sola-jornada\/","og_site_name":"Nexo Informativo Santiago de Quer\u00e9taro","article_publisher":"https:\/\/www.facebook.com\/people\/Nexo-Informativo\/61564066885511\/","article_published_time":"2024-10-21T19:30:57+00:00","article_modified_time":"2024-10-21T21:10:45+00:00","og_image":[{"width":750,"height":814,"url":"https:\/\/www.nexoinformativo.mx\/wp-content\/uploads\/2024\/10\/IMG_7159-e1729545038876.jpg","type":"image\/jpeg"}],"author":"Nexo Informativo","twitter_card":"summary_large_image","twitter_misc":{"Escrito por":"Nexo Informativo","Tiempo de lectura":"2 minutos"},"schema":{"@context":"https:\/\/schema.org","@graph":[{"@type":"Article","@id":"https:\/\/www.nexoinformativo.mx\/index.php\/2024\/10\/21\/queretaro-logra-recolectar-10-toneladas-de-aparatos-electronicos-en-una-sola-jornada\/#article","isPartOf":{"@id":"https:\/\/www.nexoinformativo.mx\/index.php\/2024\/10\/21\/queretaro-logra-recolectar-10-toneladas-de-aparatos-electronicos-en-una-sola-jornada\/"},"author":{"name":"Nexo Informativo","@id":"https:\/\/www.nexoinformativo.mx\/#\/schema\/person\/7749d380ba08c8ca00d7bc76fd907b7d"},"headline":"Quer\u00e9taro logra recolectar 10 toneladas de aparatos electr\u00f3nicos en una sola jornada","datePublished":"2024-10-21T19:30:57+00:00","dateModified":"2024-10-21T21:10:45+00:00","mainEntityOfPage":{"@id":"https:\/\/www.nexoinformativo.mx\/index.php\/2024\/10\/21\/queretaro-logra-recolectar-10-toneladas-de-aparatos-electronicos-en-una-sola-jornada\/"},"wordCount":218,"commentCount":0,"publisher":{"@id":"https:\/\/www.nexoinformativo.mx\/#organization"},"image":{"@id":"https:\/\/www.nexoinformativo.mx\/index.php\/2024\/10\/21\/queretaro-logra-recolectar-10-toneladas-de-aparatos-electronicos-en-una-sola-jornada\/#primaryimage"},"thumbnailUrl":"https:\/\/www.nexoinformativo.mx\/wp-content\/uploads\/2024\/10\/IMG_7159-e1729545038876.jpg","keywords":["AlcaldeEnAcci\u00f3n","CiudadLimpia","Quer\u00e9taroSostenible","Recolecci\u00f3nElectr\u00f3nica"],"articleSection":["Municipios","\u00daltima Hora"],"inLanguage":"es","potentialAction":[{"@type":"CommentAction","name":"Comment","target":["https:\/\/www.nexoinformativo.mx\/index.php\/2024\/10\/21\/queretaro-logra-recolectar-10-toneladas-de-aparatos-electronicos-en-una-sola-jornada\/#respond"]}]},{"@type":"WebPage","@id":"https:\/\/www.nexoinformativo.mx\/index.php\/2024\/10\/21\/queretaro-logra-recolectar-10-toneladas-de-aparatos-electronicos-en-una-sola-jornada\/","url":"https:\/\/www.nexoinformativo.mx\/index.php\/2024\/10\/21\/queretaro-logra-recolectar-10-toneladas-de-aparatos-electronicos-en-una-sola-jornada\/","name":"Quer\u00e9taro logra recolectar 10 toneladas de aparatos electr\u00f3nicos en una sola jornada | Nexo Informativo Santiago de Quer\u00e9taro","isPartOf":{"@id":"https:\/\/www.nexoinformativo.mx\/#website"},"primaryImageOfPage":{"@id":"https:\/\/www.nexoinformativo.mx\/index.php\/2024\/10\/21\/queretaro-logra-recolectar-10-toneladas-de-aparatos-electronicos-en-una-sola-jornada\/#primaryimage"},"image":{"@id":"https:\/\/www.nexoinformativo.mx\/index.php\/2024\/10\/21\/queretaro-logra-recolectar-10-toneladas-de-aparatos-electronicos-en-una-sola-jornada\/#primaryimage"},"thumbnailUrl":"https:\/\/www.nexoinformativo.mx\/wp-content\/uploads\/2024\/10\/IMG_7159-e1729545038876.jpg","datePublished":"2024-10-21T19:30:57+00:00","dateModified":"2024-10-21T21:10:45+00:00","description":"Quer\u00e9taro logra recolectar 10 toneladas de aparatos electr\u00f3nicos en una sola jornada","breadcrumb":{"@id":"https:\/\/www.nexoinformativo.mx\/index.php\/2024\/10\/21\/queretaro-logra-recolectar-10-toneladas-de-aparatos-electronicos-en-una-sola-jornada\/#breadcrumb"},"inLanguage":"es","potentialAction":[{"@type":"ReadAction","target":["https:\/\/www.nexoinformativo.mx\/index.php\/2024\/10\/21\/queretaro-logra-recolectar-10-toneladas-de-aparatos-electronicos-en-una-sola-jornada\/"]}]},{"@type":"ImageObject","inLanguage":"es","@id":"https:\/\/www.nexoinformativo.mx\/index.php\/2024\/10\/21\/queretaro-logra-recolectar-10-toneladas-de-aparatos-electronicos-en-una-sola-jornada\/#primaryimage","url":"https:\/\/www.nexoinformativo.mx\/wp-content\/uploads\/2024\/10\/IMG_7159-e1729545038876.jpg","contentUrl":"https:\/\/www.nexoinformativo.mx\/wp-content\/uploads\/2024\/10\/IMG_7159-e1729545038876.jpg","width":750,"height":814,"caption":"Screenshot"},{"@type":"BreadcrumbList","@id":"https:\/\/www.nexoinformativo.mx\/index.php\/2024\/10\/21\/queretaro-logra-recolectar-10-toneladas-de-aparatos-electronicos-en-una-sola-jornada\/#breadcrumb","itemListElement":[{"@type":"ListItem","position":1,"name":"Inicio","item":"https:\/\/www.nexoinformativo.mx\/"},{"@type":"ListItem","position":2,"name":"Quer\u00e9taro logra recolectar 10 toneladas de aparatos electr\u00f3nicos en una sola jornada"}]},{"@type":"WebSite","@id":"https:\/\/www.nexoinformativo.mx\/#website","url":"https:\/\/www.nexoinformativo.mx\/","name":"Nexo Informativo Santiago de Quer\u00e9taro","description":"Explora NexoInformativo y convi\u00e9rtete en parte de una comunidad que valora el conocimiento y la verdad. Tu nexoinformativo es tu puente hacia una comprensi\u00f3n m\u00e1s profunda del mundo que te rodea.","publisher":{"@id":"https:\/\/www.nexoinformativo.mx\/#organization"},"potentialAction":[{"@type":"SearchAction","target":{"@type":"EntryPoint","urlTemplate":"https:\/\/www.nexoinformativo.mx\/?s={search_term_string}"},"query-input":{"@type":"PropertyValueSpecification","valueRequired":true,"valueName":"search_term_string"}}],"inLanguage":"es"},{"@type":"Organization","@id":"https:\/\/www.nexoinformativo.mx\/#organization","name":"Nexo Informativo Santiago de Quer\u00e9taro","url":"https:\/\/www.nexoinformativo.mx\/","logo":{"@type":"ImageObject","inLanguage":"es","@id":"https:\/\/www.nexoinformativo.mx\/#\/schema\/logo\/image\/","url":"https:\/\/www.nexoinformativo.mx\/wp-content\/uploads\/2024\/07\/nexoi-trasparente-2.png","contentUrl":"https:\/\/www.nexoinformativo.mx\/wp-content\/uploads\/2024\/07\/nexoi-trasparente-2.png","width":816,"height":339,"caption":"Nexo Informativo Santiago de Quer\u00e9taro"},"image":{"@id":"https:\/\/www.nexoinformativo.mx\/#\/schema\/logo\/image\/"},"sameAs":["https:\/\/www.facebook.com\/people\/Nexo-Informativo\/61564066885511\/"]},{"@type":"Person","@id":"https:\/\/www.nexoinformativo.mx\/#\/schema\/person\/7749d380ba08c8ca00d7bc76fd907b7d","name":"Nexo Informativo","image":{"@type":"ImageObject","inLanguage":"es","@id":"https:\/\/www.nexoinformativo.mx\/#\/schema\/person\/image\/","url":"https:\/\/secure.gravatar.com\/avatar\/dde2928154642a13d95f87ddf1ea9718fe2b46760a005c53e41ff5ad610704e6?s=96&d=mm&r=g","contentUrl":"https:\/\/secure.gravatar.com\/avatar\/dde2928154642a13d95f87ddf1ea9718fe2b46760a005c53e41ff5ad610704e6?s=96&d=mm&r=g","caption":"Nexo Informativo"},"url":"https:\/\/www.nexoinformativo.mx\/index.php\/author\/edicion\/"}]}},"_links":{"self":[{"href":"https:\/\/www.nexoinformativo.mx\/index.php\/wp-json\/wp\/v2\/posts\/3995","targetHints":{"allow":["GET"]}}],"collection":[{"href":"https:\/\/www.nexoinformativo.mx\/index.php\/wp-json\/wp\/v2\/posts"}],"about":[{"href":"https:\/\/www.nexoinformativo.mx\/index.php\/wp-json\/wp\/v2\/types\/post"}],"author":[{"embeddable":true,"href":"https:\/\/www.nexoinformativo.mx\/index.php\/wp-json\/wp\/v2\/users\/3"}],"replies":[{"embeddable":true,"href":"https:\/\/www.nexoinformativo.mx\/index.php\/wp-json\/wp\/v2\/comments?post=3995"}],"version-history":[{"count":2,"href":"https:\/\/www.nexoinformativo.mx\/index.php\/wp-json\/wp\/v2\/posts\/3995\/revisions"}],"predecessor-version":[{"id":3997,"href":"https:\/\/www.nexoinformativo.mx\/index.php\/wp-json\/wp\/v2\/posts\/3995\/revisions\/3997"}],"wp:featuredmedia":[{"embeddable":true,"href":"https:\/\/www.nexoinformativo.mx\/index.php\/wp-json\/wp\/v2\/media\/3999"}],"wp:attachment":[{"href":"https:\/\/www.nexoinformativo.mx\/index.php\/wp-json\/wp\/v2\/media?parent=3995"}],"wp:term":[{"taxonomy":"category","embeddable":true,"href":"https:\/\/www.nexoinformativo.mx\/index.php\/wp-json\/wp\/v2\/categories?post=3995"},{"taxonomy":"post_tag","embeddable":true,"href":"https:\/\/www.nexoinformativo.mx\/index.php\/wp-json\/wp\/v2\/tags?post=3995"}],"curies":[{"name":"wp","href":"https:\/\/api.w.org\/{rel}","templated":true}]}}