{"id":4013,"date":"2024-10-21T15:30:58","date_gmt":"2024-10-21T21:30:58","guid":{"rendered":"https:\/\/www.nexoinformativo.mx\/?p=4013"},"modified":"2024-10-21T17:41:32","modified_gmt":"2024-10-21T23:41:32","slug":"para-garantizar-el-abasto-de-agua-queretaro-busca-financiamiento","status":"publish","type":"post","link":"https:\/\/www.nexoinformativo.mx\/index.php\/2024\/10\/21\/para-garantizar-el-abasto-de-agua-queretaro-busca-financiamiento\/","title":{"rendered":"Para garantizar el abasto de agua Quer\u00e9taro busca financiamiento"},"content":{"rendered":"<p style=\"text-align: justify;\">El d\u00eda de hoy 21 de Octubre, el gobernador del estado Mauricio Kuri, anunci\u00f3 que se buscar\u00e1n nuevas fuentes de financiamiento para impulsar el proyecto <strong>&#8220;El Bat\u00e1n, Agua para Todos&#8221;<\/strong>, una iniciativa fundamental para asegurar el suministro de agua potable en la entidad.<\/p>\n<p>&nbsp;<\/p>\n<p style=\"text-align: justify;\" data-sourcepos=\"7:1-7:341\">Durante la reciente conferencia de prensa, Kuri detall\u00f3 que la parte t\u00e9cnica del proyecto ya est\u00e1 avanzada y que ahora se centran en definir el esquema financiero m\u00e1s adecuado. Entre las opciones que se barajan se encuentran un financiamiento bancario y la obtenci\u00f3n de recursos p\u00fablicos a trav\u00e9s de la Comisi\u00f3n Nacional del Agua (CONAGUA).<\/p>\n<p>&nbsp;<\/p>\n<p style=\"text-align: justify;\" data-sourcepos=\"9:1-9:210\"><strong>&#8220;Estamos explorando diferentes alternativas para garantizar que este proyecto tan importante se lleve a cabo. Queremos asegurar el abasto de agua para las pr\u00f3ximas generaciones&#8221;<\/strong>, afirm\u00f3 el gobernador.<\/p>\n<p>&nbsp;<\/p>\n<p style=\"text-align: justify;\" data-sourcepos=\"13:1-13:276\">Por otra parte, Kuri inform\u00f3 que el Ej\u00e9rcito Mexicano ya inici\u00f3 los estudios t\u00e9cnicos para la construcci\u00f3n del Tren M\u00e9xico-Quer\u00e9taro. Esta obra de infraestructura, que conectar\u00e1 a ambas entidades, representa un gran avance para la regi\u00f3n y fortalecer\u00e1 su desarrollo econ\u00f3mico.<\/p>\n<p>&nbsp;<\/p>\n<p style=\"text-align: justify;\" data-sourcepos=\"15:1-15:255\"><strong>&#8220;El Gobierno del Estado est\u00e1 comprometido a facilitar los tr\u00e1mites necesarios para que este proyecto se concrete lo antes posible. Estamos trabajando de la mano con el gobierno federal para hacer realidad esta ambiciosa iniciativa&#8221;<\/strong>, se\u00f1al\u00f3 Kuri.<\/p>\n<p>&nbsp;<\/p>\n<p style=\"text-align: center;\" data-sourcepos=\"15:1-15:255\"><em><strong>\u00a1Informaci\u00f3n que transforma!<\/strong><\/em><\/p>\n","protected":false},"excerpt":{"rendered":"<p>El dia de hoy 21 de Octubre, el gobernador del estado Mauricio Kuri, anunci\u00f3 que se buscar\u00e1n nuevas fuentes de financiamiento para impulsar el proyecto &#8220;El Bat\u00e1n, Agua para Todos&#8221;.<\/p>\n","protected":false},"author":3,"featured_media":4014,"comment_status":"open","ping_status":"open","sticky":false,"template":"","format":"standard","meta":{"footnotes":""},"categories":[42,58],"tags":[1504,339,1291,1009],"class_list":["post-4013","post","type-post","status-publish","format-standard","has-post-thumbnail","hentry","category-estado","category-ultima-hora","tag-aguaparaqueretaro","tag-desarrollosustentable","tag-elbatan","tag-trenmexicoqueretaro"],"yoast_head":"<!-- This site is optimized with the Yoast SEO plugin v25.0 - https:\/\/yoast.com\/wordpress\/plugins\/seo\/ -->\n<title>Para garantizar el abasto de agua Quer\u00e9taro busca financiamiento | Nexo Informativo Santiago de Quer\u00e9taro<\/title>\n<meta name=\"description\" content=\"Para garantizar el abasto de agua Quer\u00e9taro busca financiamiento\" \/>\n<meta name=\"robots\" content=\"index, follow, max-snippet:-1, max-image-preview:large, max-video-preview:-1\" \/>\n<link rel=\"canonical\" href=\"https:\/\/www.nexoinformativo.mx\/index.php\/2024\/10\/21\/para-garantizar-el-abasto-de-agua-queretaro-busca-financiamiento\/\" \/>\n<meta property=\"og:locale\" content=\"es_MX\" \/>\n<meta property=\"og:type\" content=\"article\" \/>\n<meta property=\"og:title\" content=\"Para garantizar el abasto de agua Quer\u00e9taro busca financiamiento | Nexo Informativo Santiago de Quer\u00e9taro\" \/>\n<meta property=\"og:description\" content=\"Para garantizar el abasto de agua Quer\u00e9taro busca financiamiento\" \/>\n<meta property=\"og:url\" content=\"https:\/\/www.nexoinformativo.mx\/index.php\/2024\/10\/21\/para-garantizar-el-abasto-de-agua-queretaro-busca-financiamiento\/\" \/>\n<meta property=\"og:site_name\" content=\"Nexo Informativo Santiago de Quer\u00e9taro\" \/>\n<meta property=\"article:publisher\" content=\"https:\/\/www.facebook.com\/people\/Nexo-Informativo\/61564066885511\/\" \/>\n<meta property=\"article:published_time\" content=\"2024-10-21T21:30:58+00:00\" \/>\n<meta property=\"article:modified_time\" content=\"2024-10-21T23:41:32+00:00\" \/>\n<meta property=\"og:image\" content=\"https:\/\/www.nexoinformativo.mx\/wp-content\/uploads\/2024\/10\/PHOTO-2024-10-21-16-46-39-e1729551633585.jpg\" \/>\n\t<meta property=\"og:image:width\" content=\"800\" \/>\n\t<meta property=\"og:image:height\" content=\"600\" \/>\n\t<meta property=\"og:image:type\" content=\"image\/jpeg\" \/>\n<meta name=\"author\" content=\"Nexo Informativo\" \/>\n<meta name=\"twitter:card\" content=\"summary_large_image\" \/>\n<meta name=\"twitter:label1\" content=\"Escrito por\" \/>\n\t<meta name=\"twitter:data1\" content=\"Nexo Informativo\" \/>\n\t<meta name=\"twitter:label2\" content=\"Tiempo de lectura\" \/>\n\t<meta name=\"twitter:data2\" content=\"2 minutos\" \/>\n<script type=\"application\/ld+json\" class=\"yoast-schema-graph\">{\"@context\":\"https:\/\/schema.org\",\"@graph\":[{\"@type\":\"Article\",\"@id\":\"https:\/\/www.nexoinformativo.mx\/index.php\/2024\/10\/21\/para-garantizar-el-abasto-de-agua-queretaro-busca-financiamiento\/#article\",\"isPartOf\":{\"@id\":\"https:\/\/www.nexoinformativo.mx\/index.php\/2024\/10\/21\/para-garantizar-el-abasto-de-agua-queretaro-busca-financiamiento\/\"},\"author\":{\"name\":\"Nexo Informativo\",\"@id\":\"https:\/\/www.nexoinformativo.mx\/#\/schema\/person\/7749d380ba08c8ca00d7bc76fd907b7d\"},\"headline\":\"Para garantizar el abasto de agua Quer\u00e9taro busca financiamiento\",\"datePublished\":\"2024-10-21T21:30:58+00:00\",\"dateModified\":\"2024-10-21T23:41:32+00:00\",\"mainEntityOfPage\":{\"@id\":\"https:\/\/www.nexoinformativo.mx\/index.php\/2024\/10\/21\/para-garantizar-el-abasto-de-agua-queretaro-busca-financiamiento\/\"},\"wordCount\":241,\"commentCount\":0,\"publisher\":{\"@id\":\"https:\/\/www.nexoinformativo.mx\/#organization\"},\"image\":{\"@id\":\"https:\/\/www.nexoinformativo.mx\/index.php\/2024\/10\/21\/para-garantizar-el-abasto-de-agua-queretaro-busca-financiamiento\/#primaryimage\"},\"thumbnailUrl\":\"https:\/\/www.nexoinformativo.mx\/wp-content\/uploads\/2024\/10\/PHOTO-2024-10-21-16-46-39-e1729551633585.jpg\",\"keywords\":[\"AguaParaQuer\u00e9taro\",\"DesarrolloSustentable\",\"ElBat\u00e1n\",\"TrenMexicoQuer\u00e9taro\"],\"articleSection\":[\"Estado\",\"\u00daltima Hora\"],\"inLanguage\":\"es\",\"potentialAction\":[{\"@type\":\"CommentAction\",\"name\":\"Comment\",\"target\":[\"https:\/\/www.nexoinformativo.mx\/index.php\/2024\/10\/21\/para-garantizar-el-abasto-de-agua-queretaro-busca-financiamiento\/#respond\"]}]},{\"@type\":\"WebPage\",\"@id\":\"https:\/\/www.nexoinformativo.mx\/index.php\/2024\/10\/21\/para-garantizar-el-abasto-de-agua-queretaro-busca-financiamiento\/\",\"url\":\"https:\/\/www.nexoinformativo.mx\/index.php\/2024\/10\/21\/para-garantizar-el-abasto-de-agua-queretaro-busca-financiamiento\/\",\"name\":\"Para garantizar el abasto de agua Quer\u00e9taro busca financiamiento | Nexo Informativo Santiago de Quer\u00e9taro\",\"isPartOf\":{\"@id\":\"https:\/\/www.nexoinformativo.mx\/#website\"},\"primaryImageOfPage\":{\"@id\":\"https:\/\/www.nexoinformativo.mx\/index.php\/2024\/10\/21\/para-garantizar-el-abasto-de-agua-queretaro-busca-financiamiento\/#primaryimage\"},\"image\":{\"@id\":\"https:\/\/www.nexoinformativo.mx\/index.php\/2024\/10\/21\/para-garantizar-el-abasto-de-agua-queretaro-busca-financiamiento\/#primaryimage\"},\"thumbnailUrl\":\"https:\/\/www.nexoinformativo.mx\/wp-content\/uploads\/2024\/10\/PHOTO-2024-10-21-16-46-39-e1729551633585.jpg\",\"datePublished\":\"2024-10-21T21:30:58+00:00\",\"dateModified\":\"2024-10-21T23:41:32+00:00\",\"description\":\"Para garantizar el abasto de agua Quer\u00e9taro busca financiamiento\",\"breadcrumb\":{\"@id\":\"https:\/\/www.nexoinformativo.mx\/index.php\/2024\/10\/21\/para-garantizar-el-abasto-de-agua-queretaro-busca-financiamiento\/#breadcrumb\"},\"inLanguage\":\"es\",\"potentialAction\":[{\"@type\":\"ReadAction\",\"target\":[\"https:\/\/www.nexoinformativo.mx\/index.php\/2024\/10\/21\/para-garantizar-el-abasto-de-agua-queretaro-busca-financiamiento\/\"]}]},{\"@type\":\"ImageObject\",\"inLanguage\":\"es\",\"@id\":\"https:\/\/www.nexoinformativo.mx\/index.php\/2024\/10\/21\/para-garantizar-el-abasto-de-agua-queretaro-busca-financiamiento\/#primaryimage\",\"url\":\"https:\/\/www.nexoinformativo.mx\/wp-content\/uploads\/2024\/10\/PHOTO-2024-10-21-16-46-39-e1729551633585.jpg\",\"contentUrl\":\"https:\/\/www.nexoinformativo.mx\/wp-content\/uploads\/2024\/10\/PHOTO-2024-10-21-16-46-39-e1729551633585.jpg\",\"width\":800,\"height\":600},{\"@type\":\"BreadcrumbList\",\"@id\":\"https:\/\/www.nexoinformativo.mx\/index.php\/2024\/10\/21\/para-garantizar-el-abasto-de-agua-queretaro-busca-financiamiento\/#breadcrumb\",\"itemListElement\":[{\"@type\":\"ListItem\",\"position\":1,\"name\":\"Inicio\",\"item\":\"https:\/\/www.nexoinformativo.mx\/\"},{\"@type\":\"ListItem\",\"position\":2,\"name\":\"Para garantizar el abasto de agua Quer\u00e9taro busca financiamiento\"}]},{\"@type\":\"WebSite\",\"@id\":\"https:\/\/www.nexoinformativo.mx\/#website\",\"url\":\"https:\/\/www.nexoinformativo.mx\/\",\"name\":\"Nexo Informativo Santiago de Quer\u00e9taro\",\"description\":\"Explora NexoInformativo y convi\u00e9rtete en parte de una comunidad que valora el conocimiento y la verdad. Tu nexoinformativo es tu puente hacia una comprensi\u00f3n m\u00e1s profunda del mundo que te rodea.\",\"publisher\":{\"@id\":\"https:\/\/www.nexoinformativo.mx\/#organization\"},\"potentialAction\":[{\"@type\":\"SearchAction\",\"target\":{\"@type\":\"EntryPoint\",\"urlTemplate\":\"https:\/\/www.nexoinformativo.mx\/?s={search_term_string}\"},\"query-input\":{\"@type\":\"PropertyValueSpecification\",\"valueRequired\":true,\"valueName\":\"search_term_string\"}}],\"inLanguage\":\"es\"},{\"@type\":\"Organization\",\"@id\":\"https:\/\/www.nexoinformativo.mx\/#organization\",\"name\":\"Nexo Informativo Santiago de Quer\u00e9taro\",\"url\":\"https:\/\/www.nexoinformativo.mx\/\",\"logo\":{\"@type\":\"ImageObject\",\"inLanguage\":\"es\",\"@id\":\"https:\/\/www.nexoinformativo.mx\/#\/schema\/logo\/image\/\",\"url\":\"https:\/\/www.nexoinformativo.mx\/wp-content\/uploads\/2024\/07\/nexoi-trasparente-2.png\",\"contentUrl\":\"https:\/\/www.nexoinformativo.mx\/wp-content\/uploads\/2024\/07\/nexoi-trasparente-2.png\",\"width\":816,\"height\":339,\"caption\":\"Nexo Informativo Santiago de Quer\u00e9taro\"},\"image\":{\"@id\":\"https:\/\/www.nexoinformativo.mx\/#\/schema\/logo\/image\/\"},\"sameAs\":[\"https:\/\/www.facebook.com\/people\/Nexo-Informativo\/61564066885511\/\"]},{\"@type\":\"Person\",\"@id\":\"https:\/\/www.nexoinformativo.mx\/#\/schema\/person\/7749d380ba08c8ca00d7bc76fd907b7d\",\"name\":\"Nexo Informativo\",\"image\":{\"@type\":\"ImageObject\",\"inLanguage\":\"es\",\"@id\":\"https:\/\/www.nexoinformativo.mx\/#\/schema\/person\/image\/\",\"url\":\"https:\/\/secure.gravatar.com\/avatar\/dde2928154642a13d95f87ddf1ea9718fe2b46760a005c53e41ff5ad610704e6?s=96&d=mm&r=g\",\"contentUrl\":\"https:\/\/secure.gravatar.com\/avatar\/dde2928154642a13d95f87ddf1ea9718fe2b46760a005c53e41ff5ad610704e6?s=96&d=mm&r=g\",\"caption\":\"Nexo Informativo\"},\"url\":\"https:\/\/www.nexoinformativo.mx\/index.php\/author\/edicion\/\"}]}<\/script>\n<!-- \/ Yoast SEO plugin. -->","yoast_head_json":{"title":"Para garantizar el abasto de agua Quer\u00e9taro busca financiamiento | Nexo Informativo Santiago de Quer\u00e9taro","description":"Para garantizar el abasto de agua Quer\u00e9taro busca financiamiento","robots":{"index":"index","follow":"follow","max-snippet":"max-snippet:-1","max-image-preview":"max-image-preview:large","max-video-preview":"max-video-preview:-1"},"canonical":"https:\/\/www.nexoinformativo.mx\/index.php\/2024\/10\/21\/para-garantizar-el-abasto-de-agua-queretaro-busca-financiamiento\/","og_locale":"es_MX","og_type":"article","og_title":"Para garantizar el abasto de agua Quer\u00e9taro busca financiamiento | Nexo Informativo Santiago de Quer\u00e9taro","og_description":"Para garantizar el abasto de agua Quer\u00e9taro busca financiamiento","og_url":"https:\/\/www.nexoinformativo.mx\/index.php\/2024\/10\/21\/para-garantizar-el-abasto-de-agua-queretaro-busca-financiamiento\/","og_site_name":"Nexo Informativo Santiago de Quer\u00e9taro","article_publisher":"https:\/\/www.facebook.com\/people\/Nexo-Informativo\/61564066885511\/","article_published_time":"2024-10-21T21:30:58+00:00","article_modified_time":"2024-10-21T23:41:32+00:00","og_image":[{"width":800,"height":600,"url":"https:\/\/www.nexoinformativo.mx\/wp-content\/uploads\/2024\/10\/PHOTO-2024-10-21-16-46-39-e1729551633585.jpg","type":"image\/jpeg"}],"author":"Nexo Informativo","twitter_card":"summary_large_image","twitter_misc":{"Escrito por":"Nexo Informativo","Tiempo de lectura":"2 minutos"},"schema":{"@context":"https:\/\/schema.org","@graph":[{"@type":"Article","@id":"https:\/\/www.nexoinformativo.mx\/index.php\/2024\/10\/21\/para-garantizar-el-abasto-de-agua-queretaro-busca-financiamiento\/#article","isPartOf":{"@id":"https:\/\/www.nexoinformativo.mx\/index.php\/2024\/10\/21\/para-garantizar-el-abasto-de-agua-queretaro-busca-financiamiento\/"},"author":{"name":"Nexo Informativo","@id":"https:\/\/www.nexoinformativo.mx\/#\/schema\/person\/7749d380ba08c8ca00d7bc76fd907b7d"},"headline":"Para garantizar el abasto de agua Quer\u00e9taro busca financiamiento","datePublished":"2024-10-21T21:30:58+00:00","dateModified":"2024-10-21T23:41:32+00:00","mainEntityOfPage":{"@id":"https:\/\/www.nexoinformativo.mx\/index.php\/2024\/10\/21\/para-garantizar-el-abasto-de-agua-queretaro-busca-financiamiento\/"},"wordCount":241,"commentCount":0,"publisher":{"@id":"https:\/\/www.nexoinformativo.mx\/#organization"},"image":{"@id":"https:\/\/www.nexoinformativo.mx\/index.php\/2024\/10\/21\/para-garantizar-el-abasto-de-agua-queretaro-busca-financiamiento\/#primaryimage"},"thumbnailUrl":"https:\/\/www.nexoinformativo.mx\/wp-content\/uploads\/2024\/10\/PHOTO-2024-10-21-16-46-39-e1729551633585.jpg","keywords":["AguaParaQuer\u00e9taro","DesarrolloSustentable","ElBat\u00e1n","TrenMexicoQuer\u00e9taro"],"articleSection":["Estado","\u00daltima Hora"],"inLanguage":"es","potentialAction":[{"@type":"CommentAction","name":"Comment","target":["https:\/\/www.nexoinformativo.mx\/index.php\/2024\/10\/21\/para-garantizar-el-abasto-de-agua-queretaro-busca-financiamiento\/#respond"]}]},{"@type":"WebPage","@id":"https:\/\/www.nexoinformativo.mx\/index.php\/2024\/10\/21\/para-garantizar-el-abasto-de-agua-queretaro-busca-financiamiento\/","url":"https:\/\/www.nexoinformativo.mx\/index.php\/2024\/10\/21\/para-garantizar-el-abasto-de-agua-queretaro-busca-financiamiento\/","name":"Para garantizar el abasto de agua Quer\u00e9taro busca financiamiento | Nexo Informativo Santiago de Quer\u00e9taro","isPartOf":{"@id":"https:\/\/www.nexoinformativo.mx\/#website"},"primaryImageOfPage":{"@id":"https:\/\/www.nexoinformativo.mx\/index.php\/2024\/10\/21\/para-garantizar-el-abasto-de-agua-queretaro-busca-financiamiento\/#primaryimage"},"image":{"@id":"https:\/\/www.nexoinformativo.mx\/index.php\/2024\/10\/21\/para-garantizar-el-abasto-de-agua-queretaro-busca-financiamiento\/#primaryimage"},"thumbnailUrl":"https:\/\/www.nexoinformativo.mx\/wp-content\/uploads\/2024\/10\/PHOTO-2024-10-21-16-46-39-e1729551633585.jpg","datePublished":"2024-10-21T21:30:58+00:00","dateModified":"2024-10-21T23:41:32+00:00","description":"Para garantizar el abasto de agua Quer\u00e9taro busca financiamiento","breadcrumb":{"@id":"https:\/\/www.nexoinformativo.mx\/index.php\/2024\/10\/21\/para-garantizar-el-abasto-de-agua-queretaro-busca-financiamiento\/#breadcrumb"},"inLanguage":"es","potentialAction":[{"@type":"ReadAction","target":["https:\/\/www.nexoinformativo.mx\/index.php\/2024\/10\/21\/para-garantizar-el-abasto-de-agua-queretaro-busca-financiamiento\/"]}]},{"@type":"ImageObject","inLanguage":"es","@id":"https:\/\/www.nexoinformativo.mx\/index.php\/2024\/10\/21\/para-garantizar-el-abasto-de-agua-queretaro-busca-financiamiento\/#primaryimage","url":"https:\/\/www.nexoinformativo.mx\/wp-content\/uploads\/2024\/10\/PHOTO-2024-10-21-16-46-39-e1729551633585.jpg","contentUrl":"https:\/\/www.nexoinformativo.mx\/wp-content\/uploads\/2024\/10\/PHOTO-2024-10-21-16-46-39-e1729551633585.jpg","width":800,"height":600},{"@type":"BreadcrumbList","@id":"https:\/\/www.nexoinformativo.mx\/index.php\/2024\/10\/21\/para-garantizar-el-abasto-de-agua-queretaro-busca-financiamiento\/#breadcrumb","itemListElement":[{"@type":"ListItem","position":1,"name":"Inicio","item":"https:\/\/www.nexoinformativo.mx\/"},{"@type":"ListItem","position":2,"name":"Para garantizar el abasto de agua Quer\u00e9taro busca financiamiento"}]},{"@type":"WebSite","@id":"https:\/\/www.nexoinformativo.mx\/#website","url":"https:\/\/www.nexoinformativo.mx\/","name":"Nexo Informativo Santiago de Quer\u00e9taro","description":"Explora NexoInformativo y convi\u00e9rtete en parte de una comunidad que valora el conocimiento y la verdad. Tu nexoinformativo es tu puente hacia una comprensi\u00f3n m\u00e1s profunda del mundo que te rodea.","publisher":{"@id":"https:\/\/www.nexoinformativo.mx\/#organization"},"potentialAction":[{"@type":"SearchAction","target":{"@type":"EntryPoint","urlTemplate":"https:\/\/www.nexoinformativo.mx\/?s={search_term_string}"},"query-input":{"@type":"PropertyValueSpecification","valueRequired":true,"valueName":"search_term_string"}}],"inLanguage":"es"},{"@type":"Organization","@id":"https:\/\/www.nexoinformativo.mx\/#organization","name":"Nexo Informativo Santiago de Quer\u00e9taro","url":"https:\/\/www.nexoinformativo.mx\/","logo":{"@type":"ImageObject","inLanguage":"es","@id":"https:\/\/www.nexoinformativo.mx\/#\/schema\/logo\/image\/","url":"https:\/\/www.nexoinformativo.mx\/wp-content\/uploads\/2024\/07\/nexoi-trasparente-2.png","contentUrl":"https:\/\/www.nexoinformativo.mx\/wp-content\/uploads\/2024\/07\/nexoi-trasparente-2.png","width":816,"height":339,"caption":"Nexo Informativo Santiago de Quer\u00e9taro"},"image":{"@id":"https:\/\/www.nexoinformativo.mx\/#\/schema\/logo\/image\/"},"sameAs":["https:\/\/www.facebook.com\/people\/Nexo-Informativo\/61564066885511\/"]},{"@type":"Person","@id":"https:\/\/www.nexoinformativo.mx\/#\/schema\/person\/7749d380ba08c8ca00d7bc76fd907b7d","name":"Nexo Informativo","image":{"@type":"ImageObject","inLanguage":"es","@id":"https:\/\/www.nexoinformativo.mx\/#\/schema\/person\/image\/","url":"https:\/\/secure.gravatar.com\/avatar\/dde2928154642a13d95f87ddf1ea9718fe2b46760a005c53e41ff5ad610704e6?s=96&d=mm&r=g","contentUrl":"https:\/\/secure.gravatar.com\/avatar\/dde2928154642a13d95f87ddf1ea9718fe2b46760a005c53e41ff5ad610704e6?s=96&d=mm&r=g","caption":"Nexo Informativo"},"url":"https:\/\/www.nexoinformativo.mx\/index.php\/author\/edicion\/"}]}},"_links":{"self":[{"href":"https:\/\/www.nexoinformativo.mx\/index.php\/wp-json\/wp\/v2\/posts\/4013","targetHints":{"allow":["GET"]}}],"collection":[{"href":"https:\/\/www.nexoinformativo.mx\/index.php\/wp-json\/wp\/v2\/posts"}],"about":[{"href":"https:\/\/www.nexoinformativo.mx\/index.php\/wp-json\/wp\/v2\/types\/post"}],"author":[{"embeddable":true,"href":"https:\/\/www.nexoinformativo.mx\/index.php\/wp-json\/wp\/v2\/users\/3"}],"replies":[{"embeddable":true,"href":"https:\/\/www.nexoinformativo.mx\/index.php\/wp-json\/wp\/v2\/comments?post=4013"}],"version-history":[{"count":8,"href":"https:\/\/www.nexoinformativo.mx\/index.php\/wp-json\/wp\/v2\/posts\/4013\/revisions"}],"predecessor-version":[{"id":4031,"href":"https:\/\/www.nexoinformativo.mx\/index.php\/wp-json\/wp\/v2\/posts\/4013\/revisions\/4031"}],"wp:featuredmedia":[{"embeddable":true,"href":"https:\/\/www.nexoinformativo.mx\/index.php\/wp-json\/wp\/v2\/media\/4014"}],"wp:attachment":[{"href":"https:\/\/www.nexoinformativo.mx\/index.php\/wp-json\/wp\/v2\/media?parent=4013"}],"wp:term":[{"taxonomy":"category","embeddable":true,"href":"https:\/\/www.nexoinformativo.mx\/index.php\/wp-json\/wp\/v2\/categories?post=4013"},{"taxonomy":"post_tag","embeddable":true,"href":"https:\/\/www.nexoinformativo.mx\/index.php\/wp-json\/wp\/v2\/tags?post=4013"}],"curies":[{"name":"wp","href":"https:\/\/api.w.org\/{rel}","templated":true}]}}