{"id":4022,"date":"2024-10-21T16:00:23","date_gmt":"2024-10-21T22:00:23","guid":{"rendered":"https:\/\/www.nexoinformativo.mx\/?p=4022"},"modified":"2024-10-21T17:19:48","modified_gmt":"2024-10-21T23:19:48","slug":"mauricio-kuri-el-gobierno-de-queretaro-prioriza-la-justicia-para-los-ciudadanos","status":"publish","type":"post","link":"https:\/\/www.nexoinformativo.mx\/index.php\/2024\/10\/21\/mauricio-kuri-el-gobierno-de-queretaro-prioriza-la-justicia-para-los-ciudadanos\/","title":{"rendered":"Mauricio Kuri: El Gobierno de Quer\u00e9taro prioriza la justicia para los ciudadanos"},"content":{"rendered":"<p style=\"text-align: justify;\" data-sourcepos=\"5:1-5:396\">El gobernador de Quer\u00e9taro, Mauricio Kuri, encabez\u00f3 la firma de un convenio marco de colaboraci\u00f3n que busca fortalecer la reinserci\u00f3n social de las personas privadas de la libertad en la entidad. Este acuerdo involucra a diversas dependencias estatales, tiene como objetivo garantizar los derechos humanos de los internos y de sus familias.<\/p>\n<p>&nbsp;<\/p>\n<p style=\"text-align: justify;\" data-sourcepos=\"7:1-7:367\">Kuri Gonz\u00e1lez destac\u00f3 la importancia de centrar las acciones del gobierno en la justicia y en el bienestar de los ciudadanos, especialmente de aquellos en situaciones vulnerables. &#8220;<strong>Ahora, vamos a poner atenci\u00f3n en las ni\u00f1as, ni\u00f1os y j\u00f3venes, esposas y adultos mayores o cualquier otro familiar de las personas privadas de la libertad&#8221;<\/strong>, afirm\u00f3 el mandatario.<\/p>\n<p>&nbsp;<\/p>\n<p style=\"text-align: justify;\" data-sourcepos=\"9:1-9:308\">Con este convenio, se establecer\u00e1n programas espec\u00edficos en materia de trabajo, educaci\u00f3n, salud y deporte para las personas privadas de la libertad y sus familias. La finalidad es brindarles las herramientas necesarias para reintegrarse a la sociedad de manera exitosa y contribuir al desarrollo del estado.<\/p>\n<p>&nbsp;<\/p>\n<p style=\"text-align: justify;\" data-sourcepos=\"13:1-13:340\">El gobernador resalt\u00f3 que Quer\u00e9taro se ha consolidado como un referente nacional en materia penitenciaria, gracias a la implementaci\u00f3n de pr\u00e1cticas que respetan los derechos humanos de los internos. Los centros penitenciarios de la entidad han sido reconocidos por la Comisi\u00f3n Nacional de Derechos Humanos como los mejores a nivel nacional.<\/p>\n<p>&nbsp;<\/p>\n<p style=\"text-align: justify;\" data-sourcepos=\"15:1-15:257\">&#8220;La seguridad es un derecho fundamental de los ciudadanos&#8221;, afirm\u00f3 Kuri Gonz\u00e1lez. <strong>&#8220;En Quer\u00e9taro, nos hemos esforzado por garantizar un entorno de tranquilidad y paz para todos, incluyendo a quienes se encuentran privados de su libertad&#8221;.<\/strong><\/p>\n<p>&nbsp;<\/p>\n<p style=\"text-align: center;\"><em><strong>\u00a1Informaci\u00f3n que transforma!<\/strong><\/em><\/p>\n","protected":false},"excerpt":{"rendered":"<p>El gobernador de Quer\u00e9taro, Mauricio Kuri, encabez\u00f3 la firma de un convenio marco de colaboraci\u00f3n que busca fortalecer la reinserci\u00f3n social de las personas privadas de la libertad en la entidad.<\/p>\n","protected":false},"author":3,"featured_media":4023,"comment_status":"open","ping_status":"open","sticky":false,"template":"","format":"standard","meta":{"footnotes":""},"categories":[42,58],"tags":[499,133,1505,1506],"class_list":["post-4022","post","type-post","status-publish","format-standard","has-post-thumbnail","hentry","category-estado","category-ultima-hora","tag-derechoshumanos","tag-queretaro","tag-reinsercionsocial","tag-sistemapenitenciario"],"yoast_head":"<!-- This site is optimized with the Yoast SEO plugin v25.0 - https:\/\/yoast.com\/wordpress\/plugins\/seo\/ -->\n<title>Mauricio Kuri: El Gobierno de Quer\u00e9taro prioriza la justicia para los ciudadanos | Nexo Informativo Santiago de Quer\u00e9taro<\/title>\n<meta name=\"description\" content=\"Mauricio Kuri: El Gobierno de Quer\u00e9taro prioriza la justicia para los ciudadanos\" \/>\n<meta name=\"robots\" content=\"index, follow, max-snippet:-1, max-image-preview:large, max-video-preview:-1\" \/>\n<link rel=\"canonical\" href=\"https:\/\/www.nexoinformativo.mx\/index.php\/2024\/10\/21\/mauricio-kuri-el-gobierno-de-queretaro-prioriza-la-justicia-para-los-ciudadanos\/\" \/>\n<meta property=\"og:locale\" content=\"es_MX\" \/>\n<meta property=\"og:type\" content=\"article\" \/>\n<meta property=\"og:title\" content=\"Mauricio Kuri: El Gobierno de Quer\u00e9taro prioriza la justicia para los ciudadanos | Nexo Informativo Santiago de Quer\u00e9taro\" \/>\n<meta property=\"og:description\" content=\"Mauricio Kuri: El Gobierno de Quer\u00e9taro prioriza la justicia para los ciudadanos\" \/>\n<meta property=\"og:url\" content=\"https:\/\/www.nexoinformativo.mx\/index.php\/2024\/10\/21\/mauricio-kuri-el-gobierno-de-queretaro-prioriza-la-justicia-para-los-ciudadanos\/\" \/>\n<meta property=\"og:site_name\" content=\"Nexo Informativo Santiago de Quer\u00e9taro\" \/>\n<meta property=\"article:publisher\" content=\"https:\/\/www.facebook.com\/people\/Nexo-Informativo\/61564066885511\/\" \/>\n<meta property=\"article:published_time\" content=\"2024-10-21T22:00:23+00:00\" \/>\n<meta property=\"article:modified_time\" content=\"2024-10-21T23:19:48+00:00\" \/>\n<meta property=\"og:image\" content=\"https:\/\/www.nexoinformativo.mx\/wp-content\/uploads\/2024\/10\/PHOTO-2024-10-21-16-46-40-e1729552376320.jpg\" \/>\n\t<meta property=\"og:image:width\" content=\"800\" \/>\n\t<meta property=\"og:image:height\" content=\"534\" \/>\n\t<meta property=\"og:image:type\" content=\"image\/jpeg\" \/>\n<meta name=\"author\" content=\"Nexo Informativo\" \/>\n<meta name=\"twitter:card\" content=\"summary_large_image\" \/>\n<meta name=\"twitter:label1\" content=\"Escrito por\" \/>\n\t<meta name=\"twitter:data1\" content=\"Nexo Informativo\" \/>\n\t<meta name=\"twitter:label2\" content=\"Tiempo de lectura\" \/>\n\t<meta name=\"twitter:data2\" content=\"2 minutos\" \/>\n<script type=\"application\/ld+json\" class=\"yoast-schema-graph\">{\"@context\":\"https:\/\/schema.org\",\"@graph\":[{\"@type\":\"Article\",\"@id\":\"https:\/\/www.nexoinformativo.mx\/index.php\/2024\/10\/21\/mauricio-kuri-el-gobierno-de-queretaro-prioriza-la-justicia-para-los-ciudadanos\/#article\",\"isPartOf\":{\"@id\":\"https:\/\/www.nexoinformativo.mx\/index.php\/2024\/10\/21\/mauricio-kuri-el-gobierno-de-queretaro-prioriza-la-justicia-para-los-ciudadanos\/\"},\"author\":{\"name\":\"Nexo Informativo\",\"@id\":\"https:\/\/www.nexoinformativo.mx\/#\/schema\/person\/7749d380ba08c8ca00d7bc76fd907b7d\"},\"headline\":\"Mauricio Kuri: El Gobierno de Quer\u00e9taro prioriza la justicia para los ciudadanos\",\"datePublished\":\"2024-10-21T22:00:23+00:00\",\"dateModified\":\"2024-10-21T23:19:48+00:00\",\"mainEntityOfPage\":{\"@id\":\"https:\/\/www.nexoinformativo.mx\/index.php\/2024\/10\/21\/mauricio-kuri-el-gobierno-de-queretaro-prioriza-la-justicia-para-los-ciudadanos\/\"},\"wordCount\":280,\"commentCount\":0,\"publisher\":{\"@id\":\"https:\/\/www.nexoinformativo.mx\/#organization\"},\"image\":{\"@id\":\"https:\/\/www.nexoinformativo.mx\/index.php\/2024\/10\/21\/mauricio-kuri-el-gobierno-de-queretaro-prioriza-la-justicia-para-los-ciudadanos\/#primaryimage\"},\"thumbnailUrl\":\"https:\/\/www.nexoinformativo.mx\/wp-content\/uploads\/2024\/10\/PHOTO-2024-10-21-16-46-40-e1729552376320.jpg\",\"keywords\":[\"DerechosHumanos\",\"Quer\u00e9taro\",\"Reinserci\u00f3nSocial\",\"SistemaPenitenciario\"],\"articleSection\":[\"Estado\",\"\u00daltima Hora\"],\"inLanguage\":\"es\",\"potentialAction\":[{\"@type\":\"CommentAction\",\"name\":\"Comment\",\"target\":[\"https:\/\/www.nexoinformativo.mx\/index.php\/2024\/10\/21\/mauricio-kuri-el-gobierno-de-queretaro-prioriza-la-justicia-para-los-ciudadanos\/#respond\"]}]},{\"@type\":\"WebPage\",\"@id\":\"https:\/\/www.nexoinformativo.mx\/index.php\/2024\/10\/21\/mauricio-kuri-el-gobierno-de-queretaro-prioriza-la-justicia-para-los-ciudadanos\/\",\"url\":\"https:\/\/www.nexoinformativo.mx\/index.php\/2024\/10\/21\/mauricio-kuri-el-gobierno-de-queretaro-prioriza-la-justicia-para-los-ciudadanos\/\",\"name\":\"Mauricio Kuri: El Gobierno de Quer\u00e9taro prioriza la justicia para los ciudadanos | Nexo Informativo Santiago de Quer\u00e9taro\",\"isPartOf\":{\"@id\":\"https:\/\/www.nexoinformativo.mx\/#website\"},\"primaryImageOfPage\":{\"@id\":\"https:\/\/www.nexoinformativo.mx\/index.php\/2024\/10\/21\/mauricio-kuri-el-gobierno-de-queretaro-prioriza-la-justicia-para-los-ciudadanos\/#primaryimage\"},\"image\":{\"@id\":\"https:\/\/www.nexoinformativo.mx\/index.php\/2024\/10\/21\/mauricio-kuri-el-gobierno-de-queretaro-prioriza-la-justicia-para-los-ciudadanos\/#primaryimage\"},\"thumbnailUrl\":\"https:\/\/www.nexoinformativo.mx\/wp-content\/uploads\/2024\/10\/PHOTO-2024-10-21-16-46-40-e1729552376320.jpg\",\"datePublished\":\"2024-10-21T22:00:23+00:00\",\"dateModified\":\"2024-10-21T23:19:48+00:00\",\"description\":\"Mauricio Kuri: El Gobierno de Quer\u00e9taro prioriza la justicia para los ciudadanos\",\"breadcrumb\":{\"@id\":\"https:\/\/www.nexoinformativo.mx\/index.php\/2024\/10\/21\/mauricio-kuri-el-gobierno-de-queretaro-prioriza-la-justicia-para-los-ciudadanos\/#breadcrumb\"},\"inLanguage\":\"es\",\"potentialAction\":[{\"@type\":\"ReadAction\",\"target\":[\"https:\/\/www.nexoinformativo.mx\/index.php\/2024\/10\/21\/mauricio-kuri-el-gobierno-de-queretaro-prioriza-la-justicia-para-los-ciudadanos\/\"]}]},{\"@type\":\"ImageObject\",\"inLanguage\":\"es\",\"@id\":\"https:\/\/www.nexoinformativo.mx\/index.php\/2024\/10\/21\/mauricio-kuri-el-gobierno-de-queretaro-prioriza-la-justicia-para-los-ciudadanos\/#primaryimage\",\"url\":\"https:\/\/www.nexoinformativo.mx\/wp-content\/uploads\/2024\/10\/PHOTO-2024-10-21-16-46-40-e1729552376320.jpg\",\"contentUrl\":\"https:\/\/www.nexoinformativo.mx\/wp-content\/uploads\/2024\/10\/PHOTO-2024-10-21-16-46-40-e1729552376320.jpg\",\"width\":800,\"height\":534},{\"@type\":\"BreadcrumbList\",\"@id\":\"https:\/\/www.nexoinformativo.mx\/index.php\/2024\/10\/21\/mauricio-kuri-el-gobierno-de-queretaro-prioriza-la-justicia-para-los-ciudadanos\/#breadcrumb\",\"itemListElement\":[{\"@type\":\"ListItem\",\"position\":1,\"name\":\"Inicio\",\"item\":\"https:\/\/www.nexoinformativo.mx\/\"},{\"@type\":\"ListItem\",\"position\":2,\"name\":\"Mauricio Kuri: El Gobierno de Quer\u00e9taro prioriza la justicia para los ciudadanos\"}]},{\"@type\":\"WebSite\",\"@id\":\"https:\/\/www.nexoinformativo.mx\/#website\",\"url\":\"https:\/\/www.nexoinformativo.mx\/\",\"name\":\"Nexo Informativo Santiago de Quer\u00e9taro\",\"description\":\"Explora NexoInformativo y convi\u00e9rtete en parte de una comunidad que valora el conocimiento y la verdad. Tu nexoinformativo es tu puente hacia una comprensi\u00f3n m\u00e1s profunda del mundo que te rodea.\",\"publisher\":{\"@id\":\"https:\/\/www.nexoinformativo.mx\/#organization\"},\"potentialAction\":[{\"@type\":\"SearchAction\",\"target\":{\"@type\":\"EntryPoint\",\"urlTemplate\":\"https:\/\/www.nexoinformativo.mx\/?s={search_term_string}\"},\"query-input\":{\"@type\":\"PropertyValueSpecification\",\"valueRequired\":true,\"valueName\":\"search_term_string\"}}],\"inLanguage\":\"es\"},{\"@type\":\"Organization\",\"@id\":\"https:\/\/www.nexoinformativo.mx\/#organization\",\"name\":\"Nexo Informativo Santiago de Quer\u00e9taro\",\"url\":\"https:\/\/www.nexoinformativo.mx\/\",\"logo\":{\"@type\":\"ImageObject\",\"inLanguage\":\"es\",\"@id\":\"https:\/\/www.nexoinformativo.mx\/#\/schema\/logo\/image\/\",\"url\":\"https:\/\/www.nexoinformativo.mx\/wp-content\/uploads\/2024\/07\/nexoi-trasparente-2.png\",\"contentUrl\":\"https:\/\/www.nexoinformativo.mx\/wp-content\/uploads\/2024\/07\/nexoi-trasparente-2.png\",\"width\":816,\"height\":339,\"caption\":\"Nexo Informativo Santiago de Quer\u00e9taro\"},\"image\":{\"@id\":\"https:\/\/www.nexoinformativo.mx\/#\/schema\/logo\/image\/\"},\"sameAs\":[\"https:\/\/www.facebook.com\/people\/Nexo-Informativo\/61564066885511\/\"]},{\"@type\":\"Person\",\"@id\":\"https:\/\/www.nexoinformativo.mx\/#\/schema\/person\/7749d380ba08c8ca00d7bc76fd907b7d\",\"name\":\"Nexo Informativo\",\"image\":{\"@type\":\"ImageObject\",\"inLanguage\":\"es\",\"@id\":\"https:\/\/www.nexoinformativo.mx\/#\/schema\/person\/image\/\",\"url\":\"https:\/\/secure.gravatar.com\/avatar\/dde2928154642a13d95f87ddf1ea9718fe2b46760a005c53e41ff5ad610704e6?s=96&d=mm&r=g\",\"contentUrl\":\"https:\/\/secure.gravatar.com\/avatar\/dde2928154642a13d95f87ddf1ea9718fe2b46760a005c53e41ff5ad610704e6?s=96&d=mm&r=g\",\"caption\":\"Nexo Informativo\"},\"url\":\"https:\/\/www.nexoinformativo.mx\/index.php\/author\/edicion\/\"}]}<\/script>\n<!-- \/ Yoast SEO plugin. -->","yoast_head_json":{"title":"Mauricio Kuri: El Gobierno de Quer\u00e9taro prioriza la justicia para los ciudadanos | Nexo Informativo Santiago de Quer\u00e9taro","description":"Mauricio Kuri: El Gobierno de Quer\u00e9taro prioriza la justicia para los ciudadanos","robots":{"index":"index","follow":"follow","max-snippet":"max-snippet:-1","max-image-preview":"max-image-preview:large","max-video-preview":"max-video-preview:-1"},"canonical":"https:\/\/www.nexoinformativo.mx\/index.php\/2024\/10\/21\/mauricio-kuri-el-gobierno-de-queretaro-prioriza-la-justicia-para-los-ciudadanos\/","og_locale":"es_MX","og_type":"article","og_title":"Mauricio Kuri: El Gobierno de Quer\u00e9taro prioriza la justicia para los ciudadanos | Nexo Informativo Santiago de Quer\u00e9taro","og_description":"Mauricio Kuri: El Gobierno de Quer\u00e9taro prioriza la justicia para los ciudadanos","og_url":"https:\/\/www.nexoinformativo.mx\/index.php\/2024\/10\/21\/mauricio-kuri-el-gobierno-de-queretaro-prioriza-la-justicia-para-los-ciudadanos\/","og_site_name":"Nexo Informativo Santiago de Quer\u00e9taro","article_publisher":"https:\/\/www.facebook.com\/people\/Nexo-Informativo\/61564066885511\/","article_published_time":"2024-10-21T22:00:23+00:00","article_modified_time":"2024-10-21T23:19:48+00:00","og_image":[{"width":800,"height":534,"url":"https:\/\/www.nexoinformativo.mx\/wp-content\/uploads\/2024\/10\/PHOTO-2024-10-21-16-46-40-e1729552376320.jpg","type":"image\/jpeg"}],"author":"Nexo Informativo","twitter_card":"summary_large_image","twitter_misc":{"Escrito por":"Nexo Informativo","Tiempo de lectura":"2 minutos"},"schema":{"@context":"https:\/\/schema.org","@graph":[{"@type":"Article","@id":"https:\/\/www.nexoinformativo.mx\/index.php\/2024\/10\/21\/mauricio-kuri-el-gobierno-de-queretaro-prioriza-la-justicia-para-los-ciudadanos\/#article","isPartOf":{"@id":"https:\/\/www.nexoinformativo.mx\/index.php\/2024\/10\/21\/mauricio-kuri-el-gobierno-de-queretaro-prioriza-la-justicia-para-los-ciudadanos\/"},"author":{"name":"Nexo Informativo","@id":"https:\/\/www.nexoinformativo.mx\/#\/schema\/person\/7749d380ba08c8ca00d7bc76fd907b7d"},"headline":"Mauricio Kuri: El Gobierno de Quer\u00e9taro prioriza la justicia para los ciudadanos","datePublished":"2024-10-21T22:00:23+00:00","dateModified":"2024-10-21T23:19:48+00:00","mainEntityOfPage":{"@id":"https:\/\/www.nexoinformativo.mx\/index.php\/2024\/10\/21\/mauricio-kuri-el-gobierno-de-queretaro-prioriza-la-justicia-para-los-ciudadanos\/"},"wordCount":280,"commentCount":0,"publisher":{"@id":"https:\/\/www.nexoinformativo.mx\/#organization"},"image":{"@id":"https:\/\/www.nexoinformativo.mx\/index.php\/2024\/10\/21\/mauricio-kuri-el-gobierno-de-queretaro-prioriza-la-justicia-para-los-ciudadanos\/#primaryimage"},"thumbnailUrl":"https:\/\/www.nexoinformativo.mx\/wp-content\/uploads\/2024\/10\/PHOTO-2024-10-21-16-46-40-e1729552376320.jpg","keywords":["DerechosHumanos","Quer\u00e9taro","Reinserci\u00f3nSocial","SistemaPenitenciario"],"articleSection":["Estado","\u00daltima Hora"],"inLanguage":"es","potentialAction":[{"@type":"CommentAction","name":"Comment","target":["https:\/\/www.nexoinformativo.mx\/index.php\/2024\/10\/21\/mauricio-kuri-el-gobierno-de-queretaro-prioriza-la-justicia-para-los-ciudadanos\/#respond"]}]},{"@type":"WebPage","@id":"https:\/\/www.nexoinformativo.mx\/index.php\/2024\/10\/21\/mauricio-kuri-el-gobierno-de-queretaro-prioriza-la-justicia-para-los-ciudadanos\/","url":"https:\/\/www.nexoinformativo.mx\/index.php\/2024\/10\/21\/mauricio-kuri-el-gobierno-de-queretaro-prioriza-la-justicia-para-los-ciudadanos\/","name":"Mauricio Kuri: El Gobierno de Quer\u00e9taro prioriza la justicia para los ciudadanos | Nexo Informativo Santiago de Quer\u00e9taro","isPartOf":{"@id":"https:\/\/www.nexoinformativo.mx\/#website"},"primaryImageOfPage":{"@id":"https:\/\/www.nexoinformativo.mx\/index.php\/2024\/10\/21\/mauricio-kuri-el-gobierno-de-queretaro-prioriza-la-justicia-para-los-ciudadanos\/#primaryimage"},"image":{"@id":"https:\/\/www.nexoinformativo.mx\/index.php\/2024\/10\/21\/mauricio-kuri-el-gobierno-de-queretaro-prioriza-la-justicia-para-los-ciudadanos\/#primaryimage"},"thumbnailUrl":"https:\/\/www.nexoinformativo.mx\/wp-content\/uploads\/2024\/10\/PHOTO-2024-10-21-16-46-40-e1729552376320.jpg","datePublished":"2024-10-21T22:00:23+00:00","dateModified":"2024-10-21T23:19:48+00:00","description":"Mauricio Kuri: El Gobierno de Quer\u00e9taro prioriza la justicia para los ciudadanos","breadcrumb":{"@id":"https:\/\/www.nexoinformativo.mx\/index.php\/2024\/10\/21\/mauricio-kuri-el-gobierno-de-queretaro-prioriza-la-justicia-para-los-ciudadanos\/#breadcrumb"},"inLanguage":"es","potentialAction":[{"@type":"ReadAction","target":["https:\/\/www.nexoinformativo.mx\/index.php\/2024\/10\/21\/mauricio-kuri-el-gobierno-de-queretaro-prioriza-la-justicia-para-los-ciudadanos\/"]}]},{"@type":"ImageObject","inLanguage":"es","@id":"https:\/\/www.nexoinformativo.mx\/index.php\/2024\/10\/21\/mauricio-kuri-el-gobierno-de-queretaro-prioriza-la-justicia-para-los-ciudadanos\/#primaryimage","url":"https:\/\/www.nexoinformativo.mx\/wp-content\/uploads\/2024\/10\/PHOTO-2024-10-21-16-46-40-e1729552376320.jpg","contentUrl":"https:\/\/www.nexoinformativo.mx\/wp-content\/uploads\/2024\/10\/PHOTO-2024-10-21-16-46-40-e1729552376320.jpg","width":800,"height":534},{"@type":"BreadcrumbList","@id":"https:\/\/www.nexoinformativo.mx\/index.php\/2024\/10\/21\/mauricio-kuri-el-gobierno-de-queretaro-prioriza-la-justicia-para-los-ciudadanos\/#breadcrumb","itemListElement":[{"@type":"ListItem","position":1,"name":"Inicio","item":"https:\/\/www.nexoinformativo.mx\/"},{"@type":"ListItem","position":2,"name":"Mauricio Kuri: El Gobierno de Quer\u00e9taro prioriza la justicia para los ciudadanos"}]},{"@type":"WebSite","@id":"https:\/\/www.nexoinformativo.mx\/#website","url":"https:\/\/www.nexoinformativo.mx\/","name":"Nexo Informativo Santiago de Quer\u00e9taro","description":"Explora NexoInformativo y convi\u00e9rtete en parte de una comunidad que valora el conocimiento y la verdad. Tu nexoinformativo es tu puente hacia una comprensi\u00f3n m\u00e1s profunda del mundo que te rodea.","publisher":{"@id":"https:\/\/www.nexoinformativo.mx\/#organization"},"potentialAction":[{"@type":"SearchAction","target":{"@type":"EntryPoint","urlTemplate":"https:\/\/www.nexoinformativo.mx\/?s={search_term_string}"},"query-input":{"@type":"PropertyValueSpecification","valueRequired":true,"valueName":"search_term_string"}}],"inLanguage":"es"},{"@type":"Organization","@id":"https:\/\/www.nexoinformativo.mx\/#organization","name":"Nexo Informativo Santiago de Quer\u00e9taro","url":"https:\/\/www.nexoinformativo.mx\/","logo":{"@type":"ImageObject","inLanguage":"es","@id":"https:\/\/www.nexoinformativo.mx\/#\/schema\/logo\/image\/","url":"https:\/\/www.nexoinformativo.mx\/wp-content\/uploads\/2024\/07\/nexoi-trasparente-2.png","contentUrl":"https:\/\/www.nexoinformativo.mx\/wp-content\/uploads\/2024\/07\/nexoi-trasparente-2.png","width":816,"height":339,"caption":"Nexo Informativo Santiago de Quer\u00e9taro"},"image":{"@id":"https:\/\/www.nexoinformativo.mx\/#\/schema\/logo\/image\/"},"sameAs":["https:\/\/www.facebook.com\/people\/Nexo-Informativo\/61564066885511\/"]},{"@type":"Person","@id":"https:\/\/www.nexoinformativo.mx\/#\/schema\/person\/7749d380ba08c8ca00d7bc76fd907b7d","name":"Nexo Informativo","image":{"@type":"ImageObject","inLanguage":"es","@id":"https:\/\/www.nexoinformativo.mx\/#\/schema\/person\/image\/","url":"https:\/\/secure.gravatar.com\/avatar\/dde2928154642a13d95f87ddf1ea9718fe2b46760a005c53e41ff5ad610704e6?s=96&d=mm&r=g","contentUrl":"https:\/\/secure.gravatar.com\/avatar\/dde2928154642a13d95f87ddf1ea9718fe2b46760a005c53e41ff5ad610704e6?s=96&d=mm&r=g","caption":"Nexo Informativo"},"url":"https:\/\/www.nexoinformativo.mx\/index.php\/author\/edicion\/"}]}},"_links":{"self":[{"href":"https:\/\/www.nexoinformativo.mx\/index.php\/wp-json\/wp\/v2\/posts\/4022","targetHints":{"allow":["GET"]}}],"collection":[{"href":"https:\/\/www.nexoinformativo.mx\/index.php\/wp-json\/wp\/v2\/posts"}],"about":[{"href":"https:\/\/www.nexoinformativo.mx\/index.php\/wp-json\/wp\/v2\/types\/post"}],"author":[{"embeddable":true,"href":"https:\/\/www.nexoinformativo.mx\/index.php\/wp-json\/wp\/v2\/users\/3"}],"replies":[{"embeddable":true,"href":"https:\/\/www.nexoinformativo.mx\/index.php\/wp-json\/wp\/v2\/comments?post=4022"}],"version-history":[{"count":6,"href":"https:\/\/www.nexoinformativo.mx\/index.php\/wp-json\/wp\/v2\/posts\/4022\/revisions"}],"predecessor-version":[{"id":4030,"href":"https:\/\/www.nexoinformativo.mx\/index.php\/wp-json\/wp\/v2\/posts\/4022\/revisions\/4030"}],"wp:featuredmedia":[{"embeddable":true,"href":"https:\/\/www.nexoinformativo.mx\/index.php\/wp-json\/wp\/v2\/media\/4023"}],"wp:attachment":[{"href":"https:\/\/www.nexoinformativo.mx\/index.php\/wp-json\/wp\/v2\/media?parent=4022"}],"wp:term":[{"taxonomy":"category","embeddable":true,"href":"https:\/\/www.nexoinformativo.mx\/index.php\/wp-json\/wp\/v2\/categories?post=4022"},{"taxonomy":"post_tag","embeddable":true,"href":"https:\/\/www.nexoinformativo.mx\/index.php\/wp-json\/wp\/v2\/tags?post=4022"}],"curies":[{"name":"wp","href":"https:\/\/api.w.org\/{rel}","templated":true}]}}