{"id":4032,"date":"2024-10-21T17:00:48","date_gmt":"2024-10-21T23:00:48","guid":{"rendered":"https:\/\/www.nexoinformativo.mx\/?p=4032"},"modified":"2024-10-21T20:54:39","modified_gmt":"2024-10-22T02:54:39","slug":"incremento-del-14-en-la-generacion-de-empleo-en-queretaro-un-acierto-para-el-desarrollo-economico","status":"publish","type":"post","link":"https:\/\/www.nexoinformativo.mx\/index.php\/2024\/10\/21\/incremento-del-14-en-la-generacion-de-empleo-en-queretaro-un-acierto-para-el-desarrollo-economico\/","title":{"rendered":"Incremento del 14% en la generaci\u00f3n de empleo en Quer\u00e9taro: Un acierto para el desarrollo econ\u00f3mico"},"content":{"rendered":"<p style=\"text-align: justify;\">Quer\u00e9taro vive un momento positivo en su econom\u00eda, destacando la generaci\u00f3n de empleo. Seg\u00fan Marco Del Prete, secretario de Desarrollo Sustentable del Gobierno del Estado, desde el inicio de esta administraci\u00f3n se han creado 85 mil nuevos puestos de trabajo, lo que representa un crecimiento del 14%. Este avance convierte a Quer\u00e9taro en el tercer estado con mayor generaci\u00f3n de empleo per c\u00e1pita en 2024 y el quinto lugar con los salarios m\u00e1s altos del pa\u00eds.<\/p>\n<p>&nbsp;<\/p>\n<p style=\"text-align: justify;\">Actualmente, 718 mil personas est\u00e1n inscritas en el Instituto Mexicano del Seguro Social (IMSS) en Quer\u00e9taro, lo que refleja la formalidad laboral que ha alcanzado el 62.1%. Durante un encuentro con medios de comunicaci\u00f3n, Del Prete tambi\u00e9n destac\u00f3 que se han concretado 148 proyectos de inversi\u00f3n que generan 42 mil empleos y representan una inversi\u00f3n de 86 millones de pesos.<\/p>\n<p>&nbsp;<\/p>\n<p style=\"text-align: justify;\">El Gobierno Federal ha anunciado que M\u00e9xico recibir\u00e1 inversiones por un total de 20 mil millones de d\u00f3lares este a\u00f1o, de los cuales 5 mil millones ser\u00e1n destinados a Quer\u00e9taro a trav\u00e9s de un proyecto de Amazon. Adem\u00e1s, se han sumado otras empresas de renombre, como Google, Microsoft y Bosch, a la lista de proyectos estrat\u00e9gicos en el estado. El impulso a las peque\u00f1as y medianas empresas (pymes) ha sido otro foco importante.<\/p>\n<p>&nbsp;<\/p>\n<p style=\"text-align: justify;\">Se han apoyado 482 proyectos con equipo y maquinaria, beneficiando a 655 organizaciones, mientras que 774 proyectos han sido fortalecidos, beneficiando a m\u00e1s de 11 mil empresarios y 3 mil 579 pymes. Esto ha permitido que 37 mil personas cuenten con empleo formal. En cuanto a la agenda ambiental, el Gobierno de Quer\u00e9taro ha implementado medidas para fortalecer el ordenamiento ecol\u00f3gico y la gesti\u00f3n de residuos.<\/p>\n<p>&nbsp;<\/p>\n<p style=\"text-align: justify;\">Se han llevado a cabo pl\u00e1ticas de sensibilizaci\u00f3n ambiental en escuelas, y 279 empresas est\u00e1n participando en un sistema de econom\u00eda circular. A trav\u00e9s de este sistema, se ha capacitado a m\u00e1s de 600 personas, logrando un ahorro significativo de recursos. Finalmente, se ha entregado el Sello de Bajas Emisiones de Carbono a 32 organizaciones, compensando 541 mil toneladas de CO2 mediante 42 proyectos de compensaci\u00f3n.<\/p>\n<p>&nbsp;<\/p>\n<p style=\"text-align: justify;\">Adem\u00e1s, se ha implementado un programa de apoyo a paneles solares, recibiendo 770 denuncias y realizando m\u00e1s de mil visitas de inspecci\u00f3n en el proceso. Con estos avances, Quer\u00e9taro se posiciona como un estado que no solo fomenta el empleo y la inversi\u00f3n, sino que tambi\u00e9n se preocupa por la sostenibilidad y el bienestar de sus ciudadanos.<\/p>\n<p>&nbsp;<\/p>\n<p style=\"text-align: center;\"><em><strong>\u00a1Informaci\u00f3n que transforma!<\/strong><\/em><\/p>\n","protected":false},"excerpt":{"rendered":"<p>Quer\u00e9taro vive un momento positivo en su econom\u00eda, destacando la generaci\u00f3n de empleo. Seg\u00fan Marco Del Prete, secretario de Desarrollo Sustentable del Gobierno del Estado, desde el inicio de esta administraci\u00f3n se han creado 85 mil nuevos puestos de trabajo, lo que representa un crecimiento del 14%. Este avance convierte a Quer\u00e9taro en el tercer [&hellip;]<\/p>\n","protected":false},"author":3,"featured_media":4033,"comment_status":"open","ping_status":"open","sticky":false,"template":"","format":"standard","meta":{"footnotes":""},"categories":[5,42,58],"tags":[1508,352,374,1507],"class_list":["post-4032","post","type-post","status-publish","format-standard","has-post-thumbnail","hentry","category-economia","category-estado","category-ultima-hora","tag-crecimientolaboral","tag-desarrolloeconomico","tag-empleoqueretaro","tag-inversionsustentable"],"yoast_head":"<!-- This site is optimized with the Yoast SEO plugin v25.0 - https:\/\/yoast.com\/wordpress\/plugins\/seo\/ -->\n<title>Incremento del 14% en la generaci\u00f3n de empleo en Quer\u00e9taro: Un acierto para el desarrollo econ\u00f3mico | Nexo Informativo Santiago de Quer\u00e9taro<\/title>\n<meta name=\"description\" content=\"Incremento del 14% en la generaci\u00f3n de empleo en Quer\u00e9taro: Un acierto para el desarrollo econ\u00f3mico\" \/>\n<meta name=\"robots\" content=\"index, follow, max-snippet:-1, max-image-preview:large, max-video-preview:-1\" \/>\n<link rel=\"canonical\" href=\"https:\/\/www.nexoinformativo.mx\/index.php\/2024\/10\/21\/incremento-del-14-en-la-generacion-de-empleo-en-queretaro-un-acierto-para-el-desarrollo-economico\/\" \/>\n<meta property=\"og:locale\" content=\"es_MX\" \/>\n<meta property=\"og:type\" content=\"article\" \/>\n<meta property=\"og:title\" content=\"Incremento del 14% en la generaci\u00f3n de empleo en Quer\u00e9taro: Un acierto para el desarrollo econ\u00f3mico | Nexo Informativo Santiago de Quer\u00e9taro\" \/>\n<meta property=\"og:description\" content=\"Incremento del 14% en la generaci\u00f3n de empleo en Quer\u00e9taro: Un acierto para el desarrollo econ\u00f3mico\" \/>\n<meta property=\"og:url\" content=\"https:\/\/www.nexoinformativo.mx\/index.php\/2024\/10\/21\/incremento-del-14-en-la-generacion-de-empleo-en-queretaro-un-acierto-para-el-desarrollo-economico\/\" \/>\n<meta property=\"og:site_name\" content=\"Nexo Informativo Santiago de Quer\u00e9taro\" \/>\n<meta property=\"article:publisher\" content=\"https:\/\/www.facebook.com\/people\/Nexo-Informativo\/61564066885511\/\" \/>\n<meta property=\"article:published_time\" content=\"2024-10-21T23:00:48+00:00\" \/>\n<meta property=\"article:modified_time\" content=\"2024-10-22T02:54:39+00:00\" \/>\n<meta property=\"og:image\" content=\"https:\/\/www.nexoinformativo.mx\/wp-content\/uploads\/2024\/10\/PHOTO-2024-10-21-19-55-29-e1729563993880.jpg\" \/>\n\t<meta property=\"og:image:width\" content=\"800\" \/>\n\t<meta property=\"og:image:height\" content=\"600\" \/>\n\t<meta property=\"og:image:type\" content=\"image\/jpeg\" \/>\n<meta name=\"author\" content=\"Nexo Informativo\" \/>\n<meta name=\"twitter:card\" content=\"summary_large_image\" \/>\n<meta name=\"twitter:label1\" content=\"Escrito por\" \/>\n\t<meta name=\"twitter:data1\" content=\"Nexo Informativo\" \/>\n\t<meta name=\"twitter:label2\" content=\"Tiempo de lectura\" \/>\n\t<meta name=\"twitter:data2\" content=\"3 minutos\" \/>\n<script type=\"application\/ld+json\" class=\"yoast-schema-graph\">{\"@context\":\"https:\/\/schema.org\",\"@graph\":[{\"@type\":\"Article\",\"@id\":\"https:\/\/www.nexoinformativo.mx\/index.php\/2024\/10\/21\/incremento-del-14-en-la-generacion-de-empleo-en-queretaro-un-acierto-para-el-desarrollo-economico\/#article\",\"isPartOf\":{\"@id\":\"https:\/\/www.nexoinformativo.mx\/index.php\/2024\/10\/21\/incremento-del-14-en-la-generacion-de-empleo-en-queretaro-un-acierto-para-el-desarrollo-economico\/\"},\"author\":{\"name\":\"Nexo Informativo\",\"@id\":\"https:\/\/www.nexoinformativo.mx\/#\/schema\/person\/7749d380ba08c8ca00d7bc76fd907b7d\"},\"headline\":\"Incremento del 14% en la generaci\u00f3n de empleo en Quer\u00e9taro: Un acierto para el desarrollo econ\u00f3mico\",\"datePublished\":\"2024-10-21T23:00:48+00:00\",\"dateModified\":\"2024-10-22T02:54:39+00:00\",\"mainEntityOfPage\":{\"@id\":\"https:\/\/www.nexoinformativo.mx\/index.php\/2024\/10\/21\/incremento-del-14-en-la-generacion-de-empleo-en-queretaro-un-acierto-para-el-desarrollo-economico\/\"},\"wordCount\":445,\"commentCount\":0,\"publisher\":{\"@id\":\"https:\/\/www.nexoinformativo.mx\/#organization\"},\"image\":{\"@id\":\"https:\/\/www.nexoinformativo.mx\/index.php\/2024\/10\/21\/incremento-del-14-en-la-generacion-de-empleo-en-queretaro-un-acierto-para-el-desarrollo-economico\/#primaryimage\"},\"thumbnailUrl\":\"https:\/\/www.nexoinformativo.mx\/wp-content\/uploads\/2024\/10\/PHOTO-2024-10-21-19-55-29-e1729563993880.jpg\",\"keywords\":[\"CrecimientoLaboral\",\"DesarrolloEcon\u00f3mico\",\"EmpleoQuer\u00e9taro\",\"Inversi\u00f3nSustentable\"],\"articleSection\":[\"Econom\u00eda\",\"Estado\",\"\u00daltima Hora\"],\"inLanguage\":\"es\",\"potentialAction\":[{\"@type\":\"CommentAction\",\"name\":\"Comment\",\"target\":[\"https:\/\/www.nexoinformativo.mx\/index.php\/2024\/10\/21\/incremento-del-14-en-la-generacion-de-empleo-en-queretaro-un-acierto-para-el-desarrollo-economico\/#respond\"]}]},{\"@type\":\"WebPage\",\"@id\":\"https:\/\/www.nexoinformativo.mx\/index.php\/2024\/10\/21\/incremento-del-14-en-la-generacion-de-empleo-en-queretaro-un-acierto-para-el-desarrollo-economico\/\",\"url\":\"https:\/\/www.nexoinformativo.mx\/index.php\/2024\/10\/21\/incremento-del-14-en-la-generacion-de-empleo-en-queretaro-un-acierto-para-el-desarrollo-economico\/\",\"name\":\"Incremento del 14% en la generaci\u00f3n de empleo en Quer\u00e9taro: Un acierto para el desarrollo econ\u00f3mico | Nexo Informativo Santiago de Quer\u00e9taro\",\"isPartOf\":{\"@id\":\"https:\/\/www.nexoinformativo.mx\/#website\"},\"primaryImageOfPage\":{\"@id\":\"https:\/\/www.nexoinformativo.mx\/index.php\/2024\/10\/21\/incremento-del-14-en-la-generacion-de-empleo-en-queretaro-un-acierto-para-el-desarrollo-economico\/#primaryimage\"},\"image\":{\"@id\":\"https:\/\/www.nexoinformativo.mx\/index.php\/2024\/10\/21\/incremento-del-14-en-la-generacion-de-empleo-en-queretaro-un-acierto-para-el-desarrollo-economico\/#primaryimage\"},\"thumbnailUrl\":\"https:\/\/www.nexoinformativo.mx\/wp-content\/uploads\/2024\/10\/PHOTO-2024-10-21-19-55-29-e1729563993880.jpg\",\"datePublished\":\"2024-10-21T23:00:48+00:00\",\"dateModified\":\"2024-10-22T02:54:39+00:00\",\"description\":\"Incremento del 14% en la generaci\u00f3n de empleo en Quer\u00e9taro: Un acierto para el desarrollo econ\u00f3mico\",\"breadcrumb\":{\"@id\":\"https:\/\/www.nexoinformativo.mx\/index.php\/2024\/10\/21\/incremento-del-14-en-la-generacion-de-empleo-en-queretaro-un-acierto-para-el-desarrollo-economico\/#breadcrumb\"},\"inLanguage\":\"es\",\"potentialAction\":[{\"@type\":\"ReadAction\",\"target\":[\"https:\/\/www.nexoinformativo.mx\/index.php\/2024\/10\/21\/incremento-del-14-en-la-generacion-de-empleo-en-queretaro-un-acierto-para-el-desarrollo-economico\/\"]}]},{\"@type\":\"ImageObject\",\"inLanguage\":\"es\",\"@id\":\"https:\/\/www.nexoinformativo.mx\/index.php\/2024\/10\/21\/incremento-del-14-en-la-generacion-de-empleo-en-queretaro-un-acierto-para-el-desarrollo-economico\/#primaryimage\",\"url\":\"https:\/\/www.nexoinformativo.mx\/wp-content\/uploads\/2024\/10\/PHOTO-2024-10-21-19-55-29-e1729563993880.jpg\",\"contentUrl\":\"https:\/\/www.nexoinformativo.mx\/wp-content\/uploads\/2024\/10\/PHOTO-2024-10-21-19-55-29-e1729563993880.jpg\",\"width\":800,\"height\":600},{\"@type\":\"BreadcrumbList\",\"@id\":\"https:\/\/www.nexoinformativo.mx\/index.php\/2024\/10\/21\/incremento-del-14-en-la-generacion-de-empleo-en-queretaro-un-acierto-para-el-desarrollo-economico\/#breadcrumb\",\"itemListElement\":[{\"@type\":\"ListItem\",\"position\":1,\"name\":\"Inicio\",\"item\":\"https:\/\/www.nexoinformativo.mx\/\"},{\"@type\":\"ListItem\",\"position\":2,\"name\":\"Incremento del 14% en la generaci\u00f3n de empleo en Quer\u00e9taro: Un acierto para el desarrollo econ\u00f3mico\"}]},{\"@type\":\"WebSite\",\"@id\":\"https:\/\/www.nexoinformativo.mx\/#website\",\"url\":\"https:\/\/www.nexoinformativo.mx\/\",\"name\":\"Nexo Informativo Santiago de Quer\u00e9taro\",\"description\":\"Explora NexoInformativo y convi\u00e9rtete en parte de una comunidad que valora el conocimiento y la verdad. Tu nexoinformativo es tu puente hacia una comprensi\u00f3n m\u00e1s profunda del mundo que te rodea.\",\"publisher\":{\"@id\":\"https:\/\/www.nexoinformativo.mx\/#organization\"},\"potentialAction\":[{\"@type\":\"SearchAction\",\"target\":{\"@type\":\"EntryPoint\",\"urlTemplate\":\"https:\/\/www.nexoinformativo.mx\/?s={search_term_string}\"},\"query-input\":{\"@type\":\"PropertyValueSpecification\",\"valueRequired\":true,\"valueName\":\"search_term_string\"}}],\"inLanguage\":\"es\"},{\"@type\":\"Organization\",\"@id\":\"https:\/\/www.nexoinformativo.mx\/#organization\",\"name\":\"Nexo Informativo Santiago de Quer\u00e9taro\",\"url\":\"https:\/\/www.nexoinformativo.mx\/\",\"logo\":{\"@type\":\"ImageObject\",\"inLanguage\":\"es\",\"@id\":\"https:\/\/www.nexoinformativo.mx\/#\/schema\/logo\/image\/\",\"url\":\"https:\/\/www.nexoinformativo.mx\/wp-content\/uploads\/2024\/07\/nexoi-trasparente-2.png\",\"contentUrl\":\"https:\/\/www.nexoinformativo.mx\/wp-content\/uploads\/2024\/07\/nexoi-trasparente-2.png\",\"width\":816,\"height\":339,\"caption\":\"Nexo Informativo Santiago de Quer\u00e9taro\"},\"image\":{\"@id\":\"https:\/\/www.nexoinformativo.mx\/#\/schema\/logo\/image\/\"},\"sameAs\":[\"https:\/\/www.facebook.com\/people\/Nexo-Informativo\/61564066885511\/\"]},{\"@type\":\"Person\",\"@id\":\"https:\/\/www.nexoinformativo.mx\/#\/schema\/person\/7749d380ba08c8ca00d7bc76fd907b7d\",\"name\":\"Nexo Informativo\",\"image\":{\"@type\":\"ImageObject\",\"inLanguage\":\"es\",\"@id\":\"https:\/\/www.nexoinformativo.mx\/#\/schema\/person\/image\/\",\"url\":\"https:\/\/secure.gravatar.com\/avatar\/dde2928154642a13d95f87ddf1ea9718fe2b46760a005c53e41ff5ad610704e6?s=96&d=mm&r=g\",\"contentUrl\":\"https:\/\/secure.gravatar.com\/avatar\/dde2928154642a13d95f87ddf1ea9718fe2b46760a005c53e41ff5ad610704e6?s=96&d=mm&r=g\",\"caption\":\"Nexo Informativo\"},\"url\":\"https:\/\/www.nexoinformativo.mx\/index.php\/author\/edicion\/\"}]}<\/script>\n<!-- \/ Yoast SEO plugin. -->","yoast_head_json":{"title":"Incremento del 14% en la generaci\u00f3n de empleo en Quer\u00e9taro: Un acierto para el desarrollo econ\u00f3mico | Nexo Informativo Santiago de Quer\u00e9taro","description":"Incremento del 14% en la generaci\u00f3n de empleo en Quer\u00e9taro: Un acierto para el desarrollo econ\u00f3mico","robots":{"index":"index","follow":"follow","max-snippet":"max-snippet:-1","max-image-preview":"max-image-preview:large","max-video-preview":"max-video-preview:-1"},"canonical":"https:\/\/www.nexoinformativo.mx\/index.php\/2024\/10\/21\/incremento-del-14-en-la-generacion-de-empleo-en-queretaro-un-acierto-para-el-desarrollo-economico\/","og_locale":"es_MX","og_type":"article","og_title":"Incremento del 14% en la generaci\u00f3n de empleo en Quer\u00e9taro: Un acierto para el desarrollo econ\u00f3mico | Nexo Informativo Santiago de Quer\u00e9taro","og_description":"Incremento del 14% en la generaci\u00f3n de empleo en Quer\u00e9taro: Un acierto para el desarrollo econ\u00f3mico","og_url":"https:\/\/www.nexoinformativo.mx\/index.php\/2024\/10\/21\/incremento-del-14-en-la-generacion-de-empleo-en-queretaro-un-acierto-para-el-desarrollo-economico\/","og_site_name":"Nexo Informativo Santiago de Quer\u00e9taro","article_publisher":"https:\/\/www.facebook.com\/people\/Nexo-Informativo\/61564066885511\/","article_published_time":"2024-10-21T23:00:48+00:00","article_modified_time":"2024-10-22T02:54:39+00:00","og_image":[{"width":800,"height":600,"url":"https:\/\/www.nexoinformativo.mx\/wp-content\/uploads\/2024\/10\/PHOTO-2024-10-21-19-55-29-e1729563993880.jpg","type":"image\/jpeg"}],"author":"Nexo Informativo","twitter_card":"summary_large_image","twitter_misc":{"Escrito por":"Nexo Informativo","Tiempo de lectura":"3 minutos"},"schema":{"@context":"https:\/\/schema.org","@graph":[{"@type":"Article","@id":"https:\/\/www.nexoinformativo.mx\/index.php\/2024\/10\/21\/incremento-del-14-en-la-generacion-de-empleo-en-queretaro-un-acierto-para-el-desarrollo-economico\/#article","isPartOf":{"@id":"https:\/\/www.nexoinformativo.mx\/index.php\/2024\/10\/21\/incremento-del-14-en-la-generacion-de-empleo-en-queretaro-un-acierto-para-el-desarrollo-economico\/"},"author":{"name":"Nexo Informativo","@id":"https:\/\/www.nexoinformativo.mx\/#\/schema\/person\/7749d380ba08c8ca00d7bc76fd907b7d"},"headline":"Incremento del 14% en la generaci\u00f3n de empleo en Quer\u00e9taro: Un acierto para el desarrollo econ\u00f3mico","datePublished":"2024-10-21T23:00:48+00:00","dateModified":"2024-10-22T02:54:39+00:00","mainEntityOfPage":{"@id":"https:\/\/www.nexoinformativo.mx\/index.php\/2024\/10\/21\/incremento-del-14-en-la-generacion-de-empleo-en-queretaro-un-acierto-para-el-desarrollo-economico\/"},"wordCount":445,"commentCount":0,"publisher":{"@id":"https:\/\/www.nexoinformativo.mx\/#organization"},"image":{"@id":"https:\/\/www.nexoinformativo.mx\/index.php\/2024\/10\/21\/incremento-del-14-en-la-generacion-de-empleo-en-queretaro-un-acierto-para-el-desarrollo-economico\/#primaryimage"},"thumbnailUrl":"https:\/\/www.nexoinformativo.mx\/wp-content\/uploads\/2024\/10\/PHOTO-2024-10-21-19-55-29-e1729563993880.jpg","keywords":["CrecimientoLaboral","DesarrolloEcon\u00f3mico","EmpleoQuer\u00e9taro","Inversi\u00f3nSustentable"],"articleSection":["Econom\u00eda","Estado","\u00daltima Hora"],"inLanguage":"es","potentialAction":[{"@type":"CommentAction","name":"Comment","target":["https:\/\/www.nexoinformativo.mx\/index.php\/2024\/10\/21\/incremento-del-14-en-la-generacion-de-empleo-en-queretaro-un-acierto-para-el-desarrollo-economico\/#respond"]}]},{"@type":"WebPage","@id":"https:\/\/www.nexoinformativo.mx\/index.php\/2024\/10\/21\/incremento-del-14-en-la-generacion-de-empleo-en-queretaro-un-acierto-para-el-desarrollo-economico\/","url":"https:\/\/www.nexoinformativo.mx\/index.php\/2024\/10\/21\/incremento-del-14-en-la-generacion-de-empleo-en-queretaro-un-acierto-para-el-desarrollo-economico\/","name":"Incremento del 14% en la generaci\u00f3n de empleo en Quer\u00e9taro: Un acierto para el desarrollo econ\u00f3mico | Nexo Informativo Santiago de Quer\u00e9taro","isPartOf":{"@id":"https:\/\/www.nexoinformativo.mx\/#website"},"primaryImageOfPage":{"@id":"https:\/\/www.nexoinformativo.mx\/index.php\/2024\/10\/21\/incremento-del-14-en-la-generacion-de-empleo-en-queretaro-un-acierto-para-el-desarrollo-economico\/#primaryimage"},"image":{"@id":"https:\/\/www.nexoinformativo.mx\/index.php\/2024\/10\/21\/incremento-del-14-en-la-generacion-de-empleo-en-queretaro-un-acierto-para-el-desarrollo-economico\/#primaryimage"},"thumbnailUrl":"https:\/\/www.nexoinformativo.mx\/wp-content\/uploads\/2024\/10\/PHOTO-2024-10-21-19-55-29-e1729563993880.jpg","datePublished":"2024-10-21T23:00:48+00:00","dateModified":"2024-10-22T02:54:39+00:00","description":"Incremento del 14% en la generaci\u00f3n de empleo en Quer\u00e9taro: Un acierto para el desarrollo econ\u00f3mico","breadcrumb":{"@id":"https:\/\/www.nexoinformativo.mx\/index.php\/2024\/10\/21\/incremento-del-14-en-la-generacion-de-empleo-en-queretaro-un-acierto-para-el-desarrollo-economico\/#breadcrumb"},"inLanguage":"es","potentialAction":[{"@type":"ReadAction","target":["https:\/\/www.nexoinformativo.mx\/index.php\/2024\/10\/21\/incremento-del-14-en-la-generacion-de-empleo-en-queretaro-un-acierto-para-el-desarrollo-economico\/"]}]},{"@type":"ImageObject","inLanguage":"es","@id":"https:\/\/www.nexoinformativo.mx\/index.php\/2024\/10\/21\/incremento-del-14-en-la-generacion-de-empleo-en-queretaro-un-acierto-para-el-desarrollo-economico\/#primaryimage","url":"https:\/\/www.nexoinformativo.mx\/wp-content\/uploads\/2024\/10\/PHOTO-2024-10-21-19-55-29-e1729563993880.jpg","contentUrl":"https:\/\/www.nexoinformativo.mx\/wp-content\/uploads\/2024\/10\/PHOTO-2024-10-21-19-55-29-e1729563993880.jpg","width":800,"height":600},{"@type":"BreadcrumbList","@id":"https:\/\/www.nexoinformativo.mx\/index.php\/2024\/10\/21\/incremento-del-14-en-la-generacion-de-empleo-en-queretaro-un-acierto-para-el-desarrollo-economico\/#breadcrumb","itemListElement":[{"@type":"ListItem","position":1,"name":"Inicio","item":"https:\/\/www.nexoinformativo.mx\/"},{"@type":"ListItem","position":2,"name":"Incremento del 14% en la generaci\u00f3n de empleo en Quer\u00e9taro: Un acierto para el desarrollo econ\u00f3mico"}]},{"@type":"WebSite","@id":"https:\/\/www.nexoinformativo.mx\/#website","url":"https:\/\/www.nexoinformativo.mx\/","name":"Nexo Informativo Santiago de Quer\u00e9taro","description":"Explora NexoInformativo y convi\u00e9rtete en parte de una comunidad que valora el conocimiento y la verdad. Tu nexoinformativo es tu puente hacia una comprensi\u00f3n m\u00e1s profunda del mundo que te rodea.","publisher":{"@id":"https:\/\/www.nexoinformativo.mx\/#organization"},"potentialAction":[{"@type":"SearchAction","target":{"@type":"EntryPoint","urlTemplate":"https:\/\/www.nexoinformativo.mx\/?s={search_term_string}"},"query-input":{"@type":"PropertyValueSpecification","valueRequired":true,"valueName":"search_term_string"}}],"inLanguage":"es"},{"@type":"Organization","@id":"https:\/\/www.nexoinformativo.mx\/#organization","name":"Nexo Informativo Santiago de Quer\u00e9taro","url":"https:\/\/www.nexoinformativo.mx\/","logo":{"@type":"ImageObject","inLanguage":"es","@id":"https:\/\/www.nexoinformativo.mx\/#\/schema\/logo\/image\/","url":"https:\/\/www.nexoinformativo.mx\/wp-content\/uploads\/2024\/07\/nexoi-trasparente-2.png","contentUrl":"https:\/\/www.nexoinformativo.mx\/wp-content\/uploads\/2024\/07\/nexoi-trasparente-2.png","width":816,"height":339,"caption":"Nexo Informativo Santiago de Quer\u00e9taro"},"image":{"@id":"https:\/\/www.nexoinformativo.mx\/#\/schema\/logo\/image\/"},"sameAs":["https:\/\/www.facebook.com\/people\/Nexo-Informativo\/61564066885511\/"]},{"@type":"Person","@id":"https:\/\/www.nexoinformativo.mx\/#\/schema\/person\/7749d380ba08c8ca00d7bc76fd907b7d","name":"Nexo Informativo","image":{"@type":"ImageObject","inLanguage":"es","@id":"https:\/\/www.nexoinformativo.mx\/#\/schema\/person\/image\/","url":"https:\/\/secure.gravatar.com\/avatar\/dde2928154642a13d95f87ddf1ea9718fe2b46760a005c53e41ff5ad610704e6?s=96&d=mm&r=g","contentUrl":"https:\/\/secure.gravatar.com\/avatar\/dde2928154642a13d95f87ddf1ea9718fe2b46760a005c53e41ff5ad610704e6?s=96&d=mm&r=g","caption":"Nexo Informativo"},"url":"https:\/\/www.nexoinformativo.mx\/index.php\/author\/edicion\/"}]}},"_links":{"self":[{"href":"https:\/\/www.nexoinformativo.mx\/index.php\/wp-json\/wp\/v2\/posts\/4032","targetHints":{"allow":["GET"]}}],"collection":[{"href":"https:\/\/www.nexoinformativo.mx\/index.php\/wp-json\/wp\/v2\/posts"}],"about":[{"href":"https:\/\/www.nexoinformativo.mx\/index.php\/wp-json\/wp\/v2\/types\/post"}],"author":[{"embeddable":true,"href":"https:\/\/www.nexoinformativo.mx\/index.php\/wp-json\/wp\/v2\/users\/3"}],"replies":[{"embeddable":true,"href":"https:\/\/www.nexoinformativo.mx\/index.php\/wp-json\/wp\/v2\/comments?post=4032"}],"version-history":[{"count":4,"href":"https:\/\/www.nexoinformativo.mx\/index.php\/wp-json\/wp\/v2\/posts\/4032\/revisions"}],"predecessor-version":[{"id":4057,"href":"https:\/\/www.nexoinformativo.mx\/index.php\/wp-json\/wp\/v2\/posts\/4032\/revisions\/4057"}],"wp:featuredmedia":[{"embeddable":true,"href":"https:\/\/www.nexoinformativo.mx\/index.php\/wp-json\/wp\/v2\/media\/4033"}],"wp:attachment":[{"href":"https:\/\/www.nexoinformativo.mx\/index.php\/wp-json\/wp\/v2\/media?parent=4032"}],"wp:term":[{"taxonomy":"category","embeddable":true,"href":"https:\/\/www.nexoinformativo.mx\/index.php\/wp-json\/wp\/v2\/categories?post=4032"},{"taxonomy":"post_tag","embeddable":true,"href":"https:\/\/www.nexoinformativo.mx\/index.php\/wp-json\/wp\/v2\/tags?post=4032"}],"curies":[{"name":"wp","href":"https:\/\/api.w.org\/{rel}","templated":true}]}}