{"id":4064,"date":"2024-10-21T19:30:04","date_gmt":"2024-10-22T01:30:04","guid":{"rendered":"https:\/\/www.nexoinformativo.mx\/?p=4064"},"modified":"2024-10-21T21:14:16","modified_gmt":"2024-10-22T03:14:16","slug":"invitan-dif-estatal-y-muccam-a-exposiciones-fotograficas-sobre-el-cancer-de-mama","status":"publish","type":"post","link":"https:\/\/www.nexoinformativo.mx\/index.php\/2024\/10\/21\/invitan-dif-estatal-y-muccam-a-exposiciones-fotograficas-sobre-el-cancer-de-mama\/","title":{"rendered":"Invitan DIF Estatal y MUCCAM a exposiciones fotogr\u00e1ficas sobre el c\u00e1ncer de mama"},"content":{"rendered":"<p style=\"text-align: justify;\">Con motivo del D\u00eda Internacional de la Lucha Contra el C\u00e1ncer de Mama, el Sistema Estatal DIF y la Asociaci\u00f3n de Mujeres Unidas contra el C\u00e1ncer de Mama <strong>(MUCCAM)<\/strong> han organizado exposiciones fotogr\u00e1ficas en Quer\u00e9taro, con el objetivo de concientizar a la poblaci\u00f3n sobre la importancia de la prevenci\u00f3n y el tratamiento oportuno.<\/p>\n<p>&nbsp;<\/p>\n<p style=\"text-align: justify;\">Las exposiciones est\u00e1n ubicadas en la periferia de la Alameda Hidalgo y en el interior del Hospital General de Quer\u00e9taro. Esta muestra de fotograf\u00edas, realizada por el fot\u00f3grafo Demian Ch\u00e1vez, refleja las vivencias y sentimientos de mujeres que enfrentan esta enfermedad, destacando la riqueza de las ra\u00edces ind\u00edgenas.<\/p>\n<p>&nbsp;<\/p>\n<p style=\"text-align: justify;\">La exposici\u00f3n lleva por t\u00edtulo \u201cTierra\u201d y busca conectar emocionalmente con los visitantes. Las autoridades han instado a las mujeres queretanas a cuidar su salud, estar atentas a cualquier s\u00edntoma y visitar al m\u00e9dico regularmente. La detecci\u00f3n temprana del c\u00e1ncer de mama es crucial para aumentar las posibilidades de tratamiento exitoso y salvar vidas.<\/p>\n<p>&nbsp;<\/p>\n<p style=\"text-align: justify;\">Adem\u00e1s de las exposiciones, se est\u00e1 llevando a cabo la campa\u00f1a <strong>\u201cCh\u00e9cate por lo que m\u00e1s quieras\u201d<\/strong>, que promueve el autocuidado y resalta que existen opciones para las mujeres diagnosticadas con c\u00e1ncer de mama, d\u00e1ndoles esperanza y la posibilidad de continuar con sus vidas.<\/p>\n<p>&nbsp;<\/p>\n<p style=\"text-align: justify;\">La exposici\u00f3n en el Hospital General de Quer\u00e9taro estar\u00e1 disponible hasta el 31 de octubre, mientras que la muestra en la Alameda Hidalgo se podr\u00e1 visitar hasta el 25 de noviembre. Estas iniciativas tienen como prop\u00f3sito visibilizar la importancia de la prevenci\u00f3n y fomentar una cultura de cuidado entre la poblaci\u00f3n.<\/p>\n<p>&nbsp;<\/p>\n<p style=\"text-align: center;\"><em><strong>\u00a1Informaci\u00f3n que transformaci\u00f3n!<\/strong><\/em><\/p>\n","protected":false},"excerpt":{"rendered":"<p>Con motivo del D\u00eda Internacional de la Lucha Contra el C\u00e1ncer de Mama, el Sistema Estatal DIF y la Asociaci\u00f3n de Mujeres Unidas contra el C\u00e1ncer de Mama (MUCCAM) han organizado exposiciones fotogr\u00e1ficas en Quer\u00e9taro.<\/p>\n","protected":false},"author":3,"featured_media":4065,"comment_status":"open","ping_status":"open","sticky":false,"template":"","format":"standard","meta":{"footnotes":""},"categories":[137,58],"tags":[1356,1207,1522,806],"class_list":["post-4064","post","type-post","status-publish","format-standard","has-post-thumbnail","hentry","category-sucesos","category-ultima-hora","tag-cancerdemama","tag-difqueretaro","tag-muccam","tag-prevencion"],"yoast_head":"<!-- This site is optimized with the Yoast SEO plugin v25.0 - https:\/\/yoast.com\/wordpress\/plugins\/seo\/ -->\n<title>Invitan DIF Estatal y MUCCAM a exposiciones fotogr\u00e1ficas sobre el c\u00e1ncer de mama | Nexo Informativo Santiago de Quer\u00e9taro<\/title>\n<meta name=\"description\" content=\"Invitan DIF Estatal y MUCCAM a exposiciones fotogr\u00e1ficas sobre el c\u00e1ncer de mama\" \/>\n<meta name=\"robots\" content=\"index, follow, max-snippet:-1, max-image-preview:large, max-video-preview:-1\" \/>\n<link rel=\"canonical\" href=\"https:\/\/www.nexoinformativo.mx\/index.php\/2024\/10\/21\/invitan-dif-estatal-y-muccam-a-exposiciones-fotograficas-sobre-el-cancer-de-mama\/\" \/>\n<meta property=\"og:locale\" content=\"es_MX\" \/>\n<meta property=\"og:type\" content=\"article\" \/>\n<meta property=\"og:title\" content=\"Invitan DIF Estatal y MUCCAM a exposiciones fotogr\u00e1ficas sobre el c\u00e1ncer de mama | Nexo Informativo Santiago de Quer\u00e9taro\" \/>\n<meta property=\"og:description\" content=\"Invitan DIF Estatal y MUCCAM a exposiciones fotogr\u00e1ficas sobre el c\u00e1ncer de mama\" \/>\n<meta property=\"og:url\" content=\"https:\/\/www.nexoinformativo.mx\/index.php\/2024\/10\/21\/invitan-dif-estatal-y-muccam-a-exposiciones-fotograficas-sobre-el-cancer-de-mama\/\" \/>\n<meta property=\"og:site_name\" content=\"Nexo Informativo Santiago de Quer\u00e9taro\" \/>\n<meta property=\"article:publisher\" content=\"https:\/\/www.facebook.com\/people\/Nexo-Informativo\/61564066885511\/\" \/>\n<meta property=\"article:published_time\" content=\"2024-10-22T01:30:04+00:00\" \/>\n<meta property=\"article:modified_time\" content=\"2024-10-22T03:14:16+00:00\" \/>\n<meta property=\"og:image\" content=\"https:\/\/www.nexoinformativo.mx\/wp-content\/uploads\/2024\/10\/PHOTO-2024-10-21-20-54-45-e1729566717312.jpg\" \/>\n\t<meta property=\"og:image:width\" content=\"800\" \/>\n\t<meta property=\"og:image:height\" content=\"1000\" \/>\n\t<meta property=\"og:image:type\" content=\"image\/jpeg\" \/>\n<meta name=\"author\" content=\"Nexo Informativo\" \/>\n<meta name=\"twitter:card\" content=\"summary_large_image\" \/>\n<meta name=\"twitter:label1\" content=\"Escrito por\" \/>\n\t<meta name=\"twitter:data1\" content=\"Nexo Informativo\" \/>\n\t<meta name=\"twitter:label2\" content=\"Tiempo de lectura\" \/>\n\t<meta name=\"twitter:data2\" content=\"2 minutos\" \/>\n<script type=\"application\/ld+json\" class=\"yoast-schema-graph\">{\"@context\":\"https:\/\/schema.org\",\"@graph\":[{\"@type\":\"Article\",\"@id\":\"https:\/\/www.nexoinformativo.mx\/index.php\/2024\/10\/21\/invitan-dif-estatal-y-muccam-a-exposiciones-fotograficas-sobre-el-cancer-de-mama\/#article\",\"isPartOf\":{\"@id\":\"https:\/\/www.nexoinformativo.mx\/index.php\/2024\/10\/21\/invitan-dif-estatal-y-muccam-a-exposiciones-fotograficas-sobre-el-cancer-de-mama\/\"},\"author\":{\"name\":\"Nexo Informativo\",\"@id\":\"https:\/\/www.nexoinformativo.mx\/#\/schema\/person\/7749d380ba08c8ca00d7bc76fd907b7d\"},\"headline\":\"Invitan DIF Estatal y MUCCAM a exposiciones fotogr\u00e1ficas sobre el c\u00e1ncer de mama\",\"datePublished\":\"2024-10-22T01:30:04+00:00\",\"dateModified\":\"2024-10-22T03:14:16+00:00\",\"mainEntityOfPage\":{\"@id\":\"https:\/\/www.nexoinformativo.mx\/index.php\/2024\/10\/21\/invitan-dif-estatal-y-muccam-a-exposiciones-fotograficas-sobre-el-cancer-de-mama\/\"},\"wordCount\":305,\"commentCount\":0,\"publisher\":{\"@id\":\"https:\/\/www.nexoinformativo.mx\/#organization\"},\"image\":{\"@id\":\"https:\/\/www.nexoinformativo.mx\/index.php\/2024\/10\/21\/invitan-dif-estatal-y-muccam-a-exposiciones-fotograficas-sobre-el-cancer-de-mama\/#primaryimage\"},\"thumbnailUrl\":\"https:\/\/www.nexoinformativo.mx\/wp-content\/uploads\/2024\/10\/PHOTO-2024-10-21-20-54-45-e1729566717312.jpg\",\"keywords\":[\"C\u00e1ncerDeMama\",\"DIFQuer\u00e9taro\",\"MUCCAM\",\"Prevenci\u00f3n\"],\"articleSection\":[\"Sucesos\",\"\u00daltima Hora\"],\"inLanguage\":\"es\",\"potentialAction\":[{\"@type\":\"CommentAction\",\"name\":\"Comment\",\"target\":[\"https:\/\/www.nexoinformativo.mx\/index.php\/2024\/10\/21\/invitan-dif-estatal-y-muccam-a-exposiciones-fotograficas-sobre-el-cancer-de-mama\/#respond\"]}]},{\"@type\":\"WebPage\",\"@id\":\"https:\/\/www.nexoinformativo.mx\/index.php\/2024\/10\/21\/invitan-dif-estatal-y-muccam-a-exposiciones-fotograficas-sobre-el-cancer-de-mama\/\",\"url\":\"https:\/\/www.nexoinformativo.mx\/index.php\/2024\/10\/21\/invitan-dif-estatal-y-muccam-a-exposiciones-fotograficas-sobre-el-cancer-de-mama\/\",\"name\":\"Invitan DIF Estatal y MUCCAM a exposiciones fotogr\u00e1ficas sobre el c\u00e1ncer de mama | Nexo Informativo Santiago de Quer\u00e9taro\",\"isPartOf\":{\"@id\":\"https:\/\/www.nexoinformativo.mx\/#website\"},\"primaryImageOfPage\":{\"@id\":\"https:\/\/www.nexoinformativo.mx\/index.php\/2024\/10\/21\/invitan-dif-estatal-y-muccam-a-exposiciones-fotograficas-sobre-el-cancer-de-mama\/#primaryimage\"},\"image\":{\"@id\":\"https:\/\/www.nexoinformativo.mx\/index.php\/2024\/10\/21\/invitan-dif-estatal-y-muccam-a-exposiciones-fotograficas-sobre-el-cancer-de-mama\/#primaryimage\"},\"thumbnailUrl\":\"https:\/\/www.nexoinformativo.mx\/wp-content\/uploads\/2024\/10\/PHOTO-2024-10-21-20-54-45-e1729566717312.jpg\",\"datePublished\":\"2024-10-22T01:30:04+00:00\",\"dateModified\":\"2024-10-22T03:14:16+00:00\",\"description\":\"Invitan DIF Estatal y MUCCAM a exposiciones fotogr\u00e1ficas sobre el c\u00e1ncer de mama\",\"breadcrumb\":{\"@id\":\"https:\/\/www.nexoinformativo.mx\/index.php\/2024\/10\/21\/invitan-dif-estatal-y-muccam-a-exposiciones-fotograficas-sobre-el-cancer-de-mama\/#breadcrumb\"},\"inLanguage\":\"es\",\"potentialAction\":[{\"@type\":\"ReadAction\",\"target\":[\"https:\/\/www.nexoinformativo.mx\/index.php\/2024\/10\/21\/invitan-dif-estatal-y-muccam-a-exposiciones-fotograficas-sobre-el-cancer-de-mama\/\"]}]},{\"@type\":\"ImageObject\",\"inLanguage\":\"es\",\"@id\":\"https:\/\/www.nexoinformativo.mx\/index.php\/2024\/10\/21\/invitan-dif-estatal-y-muccam-a-exposiciones-fotograficas-sobre-el-cancer-de-mama\/#primaryimage\",\"url\":\"https:\/\/www.nexoinformativo.mx\/wp-content\/uploads\/2024\/10\/PHOTO-2024-10-21-20-54-45-e1729566717312.jpg\",\"contentUrl\":\"https:\/\/www.nexoinformativo.mx\/wp-content\/uploads\/2024\/10\/PHOTO-2024-10-21-20-54-45-e1729566717312.jpg\",\"width\":800,\"height\":1000},{\"@type\":\"BreadcrumbList\",\"@id\":\"https:\/\/www.nexoinformativo.mx\/index.php\/2024\/10\/21\/invitan-dif-estatal-y-muccam-a-exposiciones-fotograficas-sobre-el-cancer-de-mama\/#breadcrumb\",\"itemListElement\":[{\"@type\":\"ListItem\",\"position\":1,\"name\":\"Inicio\",\"item\":\"https:\/\/www.nexoinformativo.mx\/\"},{\"@type\":\"ListItem\",\"position\":2,\"name\":\"Invitan DIF Estatal y MUCCAM a exposiciones fotogr\u00e1ficas sobre el c\u00e1ncer de mama\"}]},{\"@type\":\"WebSite\",\"@id\":\"https:\/\/www.nexoinformativo.mx\/#website\",\"url\":\"https:\/\/www.nexoinformativo.mx\/\",\"name\":\"Nexo Informativo Santiago de Quer\u00e9taro\",\"description\":\"Explora NexoInformativo y convi\u00e9rtete en parte de una comunidad que valora el conocimiento y la verdad. Tu nexoinformativo es tu puente hacia una comprensi\u00f3n m\u00e1s profunda del mundo que te rodea.\",\"publisher\":{\"@id\":\"https:\/\/www.nexoinformativo.mx\/#organization\"},\"potentialAction\":[{\"@type\":\"SearchAction\",\"target\":{\"@type\":\"EntryPoint\",\"urlTemplate\":\"https:\/\/www.nexoinformativo.mx\/?s={search_term_string}\"},\"query-input\":{\"@type\":\"PropertyValueSpecification\",\"valueRequired\":true,\"valueName\":\"search_term_string\"}}],\"inLanguage\":\"es\"},{\"@type\":\"Organization\",\"@id\":\"https:\/\/www.nexoinformativo.mx\/#organization\",\"name\":\"Nexo Informativo Santiago de Quer\u00e9taro\",\"url\":\"https:\/\/www.nexoinformativo.mx\/\",\"logo\":{\"@type\":\"ImageObject\",\"inLanguage\":\"es\",\"@id\":\"https:\/\/www.nexoinformativo.mx\/#\/schema\/logo\/image\/\",\"url\":\"https:\/\/www.nexoinformativo.mx\/wp-content\/uploads\/2024\/07\/nexoi-trasparente-2.png\",\"contentUrl\":\"https:\/\/www.nexoinformativo.mx\/wp-content\/uploads\/2024\/07\/nexoi-trasparente-2.png\",\"width\":816,\"height\":339,\"caption\":\"Nexo Informativo Santiago de Quer\u00e9taro\"},\"image\":{\"@id\":\"https:\/\/www.nexoinformativo.mx\/#\/schema\/logo\/image\/\"},\"sameAs\":[\"https:\/\/www.facebook.com\/people\/Nexo-Informativo\/61564066885511\/\"]},{\"@type\":\"Person\",\"@id\":\"https:\/\/www.nexoinformativo.mx\/#\/schema\/person\/7749d380ba08c8ca00d7bc76fd907b7d\",\"name\":\"Nexo Informativo\",\"image\":{\"@type\":\"ImageObject\",\"inLanguage\":\"es\",\"@id\":\"https:\/\/www.nexoinformativo.mx\/#\/schema\/person\/image\/\",\"url\":\"https:\/\/secure.gravatar.com\/avatar\/dde2928154642a13d95f87ddf1ea9718fe2b46760a005c53e41ff5ad610704e6?s=96&d=mm&r=g\",\"contentUrl\":\"https:\/\/secure.gravatar.com\/avatar\/dde2928154642a13d95f87ddf1ea9718fe2b46760a005c53e41ff5ad610704e6?s=96&d=mm&r=g\",\"caption\":\"Nexo Informativo\"},\"url\":\"https:\/\/www.nexoinformativo.mx\/index.php\/author\/edicion\/\"}]}<\/script>\n<!-- \/ Yoast SEO plugin. -->","yoast_head_json":{"title":"Invitan DIF Estatal y MUCCAM a exposiciones fotogr\u00e1ficas sobre el c\u00e1ncer de mama | Nexo Informativo Santiago de Quer\u00e9taro","description":"Invitan DIF Estatal y MUCCAM a exposiciones fotogr\u00e1ficas sobre el c\u00e1ncer de mama","robots":{"index":"index","follow":"follow","max-snippet":"max-snippet:-1","max-image-preview":"max-image-preview:large","max-video-preview":"max-video-preview:-1"},"canonical":"https:\/\/www.nexoinformativo.mx\/index.php\/2024\/10\/21\/invitan-dif-estatal-y-muccam-a-exposiciones-fotograficas-sobre-el-cancer-de-mama\/","og_locale":"es_MX","og_type":"article","og_title":"Invitan DIF Estatal y MUCCAM a exposiciones fotogr\u00e1ficas sobre el c\u00e1ncer de mama | Nexo Informativo Santiago de Quer\u00e9taro","og_description":"Invitan DIF Estatal y MUCCAM a exposiciones fotogr\u00e1ficas sobre el c\u00e1ncer de mama","og_url":"https:\/\/www.nexoinformativo.mx\/index.php\/2024\/10\/21\/invitan-dif-estatal-y-muccam-a-exposiciones-fotograficas-sobre-el-cancer-de-mama\/","og_site_name":"Nexo Informativo Santiago de Quer\u00e9taro","article_publisher":"https:\/\/www.facebook.com\/people\/Nexo-Informativo\/61564066885511\/","article_published_time":"2024-10-22T01:30:04+00:00","article_modified_time":"2024-10-22T03:14:16+00:00","og_image":[{"width":800,"height":1000,"url":"https:\/\/www.nexoinformativo.mx\/wp-content\/uploads\/2024\/10\/PHOTO-2024-10-21-20-54-45-e1729566717312.jpg","type":"image\/jpeg"}],"author":"Nexo Informativo","twitter_card":"summary_large_image","twitter_misc":{"Escrito por":"Nexo Informativo","Tiempo de lectura":"2 minutos"},"schema":{"@context":"https:\/\/schema.org","@graph":[{"@type":"Article","@id":"https:\/\/www.nexoinformativo.mx\/index.php\/2024\/10\/21\/invitan-dif-estatal-y-muccam-a-exposiciones-fotograficas-sobre-el-cancer-de-mama\/#article","isPartOf":{"@id":"https:\/\/www.nexoinformativo.mx\/index.php\/2024\/10\/21\/invitan-dif-estatal-y-muccam-a-exposiciones-fotograficas-sobre-el-cancer-de-mama\/"},"author":{"name":"Nexo Informativo","@id":"https:\/\/www.nexoinformativo.mx\/#\/schema\/person\/7749d380ba08c8ca00d7bc76fd907b7d"},"headline":"Invitan DIF Estatal y MUCCAM a exposiciones fotogr\u00e1ficas sobre el c\u00e1ncer de mama","datePublished":"2024-10-22T01:30:04+00:00","dateModified":"2024-10-22T03:14:16+00:00","mainEntityOfPage":{"@id":"https:\/\/www.nexoinformativo.mx\/index.php\/2024\/10\/21\/invitan-dif-estatal-y-muccam-a-exposiciones-fotograficas-sobre-el-cancer-de-mama\/"},"wordCount":305,"commentCount":0,"publisher":{"@id":"https:\/\/www.nexoinformativo.mx\/#organization"},"image":{"@id":"https:\/\/www.nexoinformativo.mx\/index.php\/2024\/10\/21\/invitan-dif-estatal-y-muccam-a-exposiciones-fotograficas-sobre-el-cancer-de-mama\/#primaryimage"},"thumbnailUrl":"https:\/\/www.nexoinformativo.mx\/wp-content\/uploads\/2024\/10\/PHOTO-2024-10-21-20-54-45-e1729566717312.jpg","keywords":["C\u00e1ncerDeMama","DIFQuer\u00e9taro","MUCCAM","Prevenci\u00f3n"],"articleSection":["Sucesos","\u00daltima Hora"],"inLanguage":"es","potentialAction":[{"@type":"CommentAction","name":"Comment","target":["https:\/\/www.nexoinformativo.mx\/index.php\/2024\/10\/21\/invitan-dif-estatal-y-muccam-a-exposiciones-fotograficas-sobre-el-cancer-de-mama\/#respond"]}]},{"@type":"WebPage","@id":"https:\/\/www.nexoinformativo.mx\/index.php\/2024\/10\/21\/invitan-dif-estatal-y-muccam-a-exposiciones-fotograficas-sobre-el-cancer-de-mama\/","url":"https:\/\/www.nexoinformativo.mx\/index.php\/2024\/10\/21\/invitan-dif-estatal-y-muccam-a-exposiciones-fotograficas-sobre-el-cancer-de-mama\/","name":"Invitan DIF Estatal y MUCCAM a exposiciones fotogr\u00e1ficas sobre el c\u00e1ncer de mama | Nexo Informativo Santiago de Quer\u00e9taro","isPartOf":{"@id":"https:\/\/www.nexoinformativo.mx\/#website"},"primaryImageOfPage":{"@id":"https:\/\/www.nexoinformativo.mx\/index.php\/2024\/10\/21\/invitan-dif-estatal-y-muccam-a-exposiciones-fotograficas-sobre-el-cancer-de-mama\/#primaryimage"},"image":{"@id":"https:\/\/www.nexoinformativo.mx\/index.php\/2024\/10\/21\/invitan-dif-estatal-y-muccam-a-exposiciones-fotograficas-sobre-el-cancer-de-mama\/#primaryimage"},"thumbnailUrl":"https:\/\/www.nexoinformativo.mx\/wp-content\/uploads\/2024\/10\/PHOTO-2024-10-21-20-54-45-e1729566717312.jpg","datePublished":"2024-10-22T01:30:04+00:00","dateModified":"2024-10-22T03:14:16+00:00","description":"Invitan DIF Estatal y MUCCAM a exposiciones fotogr\u00e1ficas sobre el c\u00e1ncer de mama","breadcrumb":{"@id":"https:\/\/www.nexoinformativo.mx\/index.php\/2024\/10\/21\/invitan-dif-estatal-y-muccam-a-exposiciones-fotograficas-sobre-el-cancer-de-mama\/#breadcrumb"},"inLanguage":"es","potentialAction":[{"@type":"ReadAction","target":["https:\/\/www.nexoinformativo.mx\/index.php\/2024\/10\/21\/invitan-dif-estatal-y-muccam-a-exposiciones-fotograficas-sobre-el-cancer-de-mama\/"]}]},{"@type":"ImageObject","inLanguage":"es","@id":"https:\/\/www.nexoinformativo.mx\/index.php\/2024\/10\/21\/invitan-dif-estatal-y-muccam-a-exposiciones-fotograficas-sobre-el-cancer-de-mama\/#primaryimage","url":"https:\/\/www.nexoinformativo.mx\/wp-content\/uploads\/2024\/10\/PHOTO-2024-10-21-20-54-45-e1729566717312.jpg","contentUrl":"https:\/\/www.nexoinformativo.mx\/wp-content\/uploads\/2024\/10\/PHOTO-2024-10-21-20-54-45-e1729566717312.jpg","width":800,"height":1000},{"@type":"BreadcrumbList","@id":"https:\/\/www.nexoinformativo.mx\/index.php\/2024\/10\/21\/invitan-dif-estatal-y-muccam-a-exposiciones-fotograficas-sobre-el-cancer-de-mama\/#breadcrumb","itemListElement":[{"@type":"ListItem","position":1,"name":"Inicio","item":"https:\/\/www.nexoinformativo.mx\/"},{"@type":"ListItem","position":2,"name":"Invitan DIF Estatal y MUCCAM a exposiciones fotogr\u00e1ficas sobre el c\u00e1ncer de mama"}]},{"@type":"WebSite","@id":"https:\/\/www.nexoinformativo.mx\/#website","url":"https:\/\/www.nexoinformativo.mx\/","name":"Nexo Informativo Santiago de Quer\u00e9taro","description":"Explora NexoInformativo y convi\u00e9rtete en parte de una comunidad que valora el conocimiento y la verdad. Tu nexoinformativo es tu puente hacia una comprensi\u00f3n m\u00e1s profunda del mundo que te rodea.","publisher":{"@id":"https:\/\/www.nexoinformativo.mx\/#organization"},"potentialAction":[{"@type":"SearchAction","target":{"@type":"EntryPoint","urlTemplate":"https:\/\/www.nexoinformativo.mx\/?s={search_term_string}"},"query-input":{"@type":"PropertyValueSpecification","valueRequired":true,"valueName":"search_term_string"}}],"inLanguage":"es"},{"@type":"Organization","@id":"https:\/\/www.nexoinformativo.mx\/#organization","name":"Nexo Informativo Santiago de Quer\u00e9taro","url":"https:\/\/www.nexoinformativo.mx\/","logo":{"@type":"ImageObject","inLanguage":"es","@id":"https:\/\/www.nexoinformativo.mx\/#\/schema\/logo\/image\/","url":"https:\/\/www.nexoinformativo.mx\/wp-content\/uploads\/2024\/07\/nexoi-trasparente-2.png","contentUrl":"https:\/\/www.nexoinformativo.mx\/wp-content\/uploads\/2024\/07\/nexoi-trasparente-2.png","width":816,"height":339,"caption":"Nexo Informativo Santiago de Quer\u00e9taro"},"image":{"@id":"https:\/\/www.nexoinformativo.mx\/#\/schema\/logo\/image\/"},"sameAs":["https:\/\/www.facebook.com\/people\/Nexo-Informativo\/61564066885511\/"]},{"@type":"Person","@id":"https:\/\/www.nexoinformativo.mx\/#\/schema\/person\/7749d380ba08c8ca00d7bc76fd907b7d","name":"Nexo Informativo","image":{"@type":"ImageObject","inLanguage":"es","@id":"https:\/\/www.nexoinformativo.mx\/#\/schema\/person\/image\/","url":"https:\/\/secure.gravatar.com\/avatar\/dde2928154642a13d95f87ddf1ea9718fe2b46760a005c53e41ff5ad610704e6?s=96&d=mm&r=g","contentUrl":"https:\/\/secure.gravatar.com\/avatar\/dde2928154642a13d95f87ddf1ea9718fe2b46760a005c53e41ff5ad610704e6?s=96&d=mm&r=g","caption":"Nexo Informativo"},"url":"https:\/\/www.nexoinformativo.mx\/index.php\/author\/edicion\/"}]}},"_links":{"self":[{"href":"https:\/\/www.nexoinformativo.mx\/index.php\/wp-json\/wp\/v2\/posts\/4064","targetHints":{"allow":["GET"]}}],"collection":[{"href":"https:\/\/www.nexoinformativo.mx\/index.php\/wp-json\/wp\/v2\/posts"}],"about":[{"href":"https:\/\/www.nexoinformativo.mx\/index.php\/wp-json\/wp\/v2\/types\/post"}],"author":[{"embeddable":true,"href":"https:\/\/www.nexoinformativo.mx\/index.php\/wp-json\/wp\/v2\/users\/3"}],"replies":[{"embeddable":true,"href":"https:\/\/www.nexoinformativo.mx\/index.php\/wp-json\/wp\/v2\/comments?post=4064"}],"version-history":[{"count":3,"href":"https:\/\/www.nexoinformativo.mx\/index.php\/wp-json\/wp\/v2\/posts\/4064\/revisions"}],"predecessor-version":[{"id":4068,"href":"https:\/\/www.nexoinformativo.mx\/index.php\/wp-json\/wp\/v2\/posts\/4064\/revisions\/4068"}],"wp:featuredmedia":[{"embeddable":true,"href":"https:\/\/www.nexoinformativo.mx\/index.php\/wp-json\/wp\/v2\/media\/4065"}],"wp:attachment":[{"href":"https:\/\/www.nexoinformativo.mx\/index.php\/wp-json\/wp\/v2\/media?parent=4064"}],"wp:term":[{"taxonomy":"category","embeddable":true,"href":"https:\/\/www.nexoinformativo.mx\/index.php\/wp-json\/wp\/v2\/categories?post=4064"},{"taxonomy":"post_tag","embeddable":true,"href":"https:\/\/www.nexoinformativo.mx\/index.php\/wp-json\/wp\/v2\/tags?post=4064"}],"curies":[{"name":"wp","href":"https:\/\/api.w.org\/{rel}","templated":true}]}}