{"id":4075,"date":"2024-10-22T10:00:35","date_gmt":"2024-10-22T16:00:35","guid":{"rendered":"https:\/\/www.nexoinformativo.mx\/?p=4075"},"modified":"2024-10-22T11:50:57","modified_gmt":"2024-10-22T17:50:57","slug":"mexico-y-china-estrechan-lazos-nuevos-acuerdos-en-puerta","status":"publish","type":"post","link":"https:\/\/www.nexoinformativo.mx\/index.php\/2024\/10\/22\/mexico-y-china-estrechan-lazos-nuevos-acuerdos-en-puerta\/","title":{"rendered":"M\u00e9xico y China estrechan lazos: Nuevos acuerdos en puerta"},"content":{"rendered":"<p style=\"text-align: justify;\" data-sourcepos=\"7:1-7:454\">En un encuentro hist\u00f3rico llevado a cabo en el Senado de la Rep\u00fablica, l\u00edderes de M\u00e9xico y China reafirmaron su compromiso de fortalecer los v\u00ednculos bilaterales en diversos \u00e1mbitos. El presidente del Senado, Gerardo Fern\u00e1ndez Noro\u00f1a, y el ministro de Comunicaciones del Comit\u00e9 Central del Partido Comunista de China, Li Shulei, coincidieron en la importancia de impulsar una cooperaci\u00f3n m\u00e1s estrecha entre ambas naciones.<\/p>\n<p>&nbsp;<\/p>\n<p style=\"text-align: justify;\" data-sourcepos=\"9:1-9:346\">Durante la reuni\u00f3n, Fern\u00e1ndez Noro\u00f1a propuso la realizaci\u00f3n de una cumbre entre los presidentes de M\u00e9xico y China para establecer acuerdos estrat\u00e9gicos en materia econ\u00f3mica, tecnol\u00f3gica y cultural. El senador mostr\u00f3 particular inter\u00e9s en conocer los programas implementados por China para combatir la pobreza y fomentar el desarrollo tecnol\u00f3gico.<\/p>\n<p>&nbsp;<\/p>\n<p style=\"text-align: justify;\" data-sourcepos=\"11:1-11:247\">Por su parte, el ministro Li Shulei destac\u00f3 el compromiso de China de fortalecer su relaci\u00f3n con M\u00e9xico y llevarla a nuevos niveles. Ambos pa\u00edses, como econom\u00edas emergentes, tienen mucho que ganar al estrechar sus lazos comerciales y de inversi\u00f3n.<\/p>\n<p>&nbsp;<\/p>\n<p style=\"text-align: justify;\" data-sourcepos=\"13:1-13:350\">Adem\u00e1s del intercambio de ideas sobre temas econ\u00f3micos, los l\u00edderes de ambos pa\u00edses tambi\u00e9n abordaron la importancia de promover el intercambio cultural. La presidenta de la Comisi\u00f3n de Relaciones Exteriores, Asia-Pac\u00edfico, Yeidckol Polevnsky Gurwitz, sugiri\u00f3 aumentar la cantidad de eventos culturales chinos en M\u00e9xico para acercar a ambas culturas.<\/p>\n<p>&nbsp;<\/p>\n<p style=\"text-align: justify;\" data-sourcepos=\"15:1-15:240\">Como muestra del compromiso de ambas naciones por fortalecer sus relaciones, el canal del Congreso firm\u00f3 un convenio con la agencia de noticias china Xinhua, lo que permitir\u00e1 un mayor flujo de informaci\u00f3n y conocimiento entre ambos pa\u00edses.<\/p>\n<p>&nbsp;<\/p>\n<p style=\"text-align: justify;\" data-sourcepos=\"17:1-17:296\">En conclusi\u00f3n, la reuni\u00f3n entre M\u00e9xico y China ha sido un paso importante para fortalecer los lazos bilaterales y abrir nuevas oportunidades de cooperaci\u00f3n en diversos \u00e1mbitos. Los acuerdos alcanzados durante este encuentro prometen un futuro m\u00e1s pr\u00f3spero y colaborativo entre ambas naciones.<\/p>\n<p>&nbsp;<\/p>\n<p style=\"text-align: center;\" data-sourcepos=\"17:1-17:296\"><em><strong>\u00a1Informaci\u00f3n que transforma!<\/strong><\/em><\/p>\n","protected":false},"excerpt":{"rendered":"<p>En un encuentro hist\u00f3rico llevado a cabo en el Senado de la Rep\u00fablica, l\u00edderes de M\u00e9xico y China reafirmaron su compromiso de fortalecer los v\u00ednculos bilaterales en diversos \u00e1mbitos<\/p>\n","protected":false},"author":3,"featured_media":4076,"comment_status":"open","ping_status":"open","sticky":false,"template":"","format":"standard","meta":{"footnotes":""},"categories":[5,88,58],"tags":[926,1529,1527,1528],"class_list":["post-4075","post","type-post","status-publish","format-standard","has-post-thumbnail","hentry","category-economia","category-nacional","category-ultima-hora","tag-cooperacioninternacional","tag-desarrollotecnologico","tag-mexicoychina","tag-relacionesbilaterales"],"yoast_head":"<!-- This site is optimized with the Yoast SEO plugin v25.0 - https:\/\/yoast.com\/wordpress\/plugins\/seo\/ -->\n<title>M\u00e9xico y China estrechan lazos: Nuevos acuerdos en puerta | Nexo Informativo Santiago de Quer\u00e9taro<\/title>\n<meta name=\"description\" content=\"M\u00e9xico y China estrechan lazos: Nuevos acuerdos en puerta\" \/>\n<meta name=\"robots\" content=\"index, follow, max-snippet:-1, max-image-preview:large, max-video-preview:-1\" \/>\n<link rel=\"canonical\" href=\"https:\/\/www.nexoinformativo.mx\/index.php\/2024\/10\/22\/mexico-y-china-estrechan-lazos-nuevos-acuerdos-en-puerta\/\" \/>\n<meta property=\"og:locale\" content=\"es_MX\" \/>\n<meta property=\"og:type\" content=\"article\" \/>\n<meta property=\"og:title\" content=\"M\u00e9xico y China estrechan lazos: Nuevos acuerdos en puerta | Nexo Informativo Santiago de Quer\u00e9taro\" \/>\n<meta property=\"og:description\" content=\"M\u00e9xico y China estrechan lazos: Nuevos acuerdos en puerta\" \/>\n<meta property=\"og:url\" content=\"https:\/\/www.nexoinformativo.mx\/index.php\/2024\/10\/22\/mexico-y-china-estrechan-lazos-nuevos-acuerdos-en-puerta\/\" \/>\n<meta property=\"og:site_name\" content=\"Nexo Informativo Santiago de Quer\u00e9taro\" \/>\n<meta property=\"article:publisher\" content=\"https:\/\/www.facebook.com\/people\/Nexo-Informativo\/61564066885511\/\" \/>\n<meta property=\"article:published_time\" content=\"2024-10-22T16:00:35+00:00\" \/>\n<meta property=\"article:modified_time\" content=\"2024-10-22T17:50:57+00:00\" \/>\n<meta property=\"og:image\" content=\"https:\/\/www.nexoinformativo.mx\/wp-content\/uploads\/2024\/10\/IMG_7172-e1729619252401.jpg\" \/>\n\t<meta property=\"og:image:width\" content=\"800\" \/>\n\t<meta property=\"og:image:height\" content=\"534\" \/>\n\t<meta property=\"og:image:type\" content=\"image\/jpeg\" \/>\n<meta name=\"author\" content=\"Nexo Informativo\" \/>\n<meta name=\"twitter:card\" content=\"summary_large_image\" \/>\n<meta name=\"twitter:label1\" content=\"Escrito por\" \/>\n\t<meta name=\"twitter:data1\" content=\"Nexo Informativo\" \/>\n\t<meta name=\"twitter:label2\" content=\"Tiempo de lectura\" \/>\n\t<meta name=\"twitter:data2\" content=\"2 minutos\" \/>\n<script type=\"application\/ld+json\" class=\"yoast-schema-graph\">{\"@context\":\"https:\/\/schema.org\",\"@graph\":[{\"@type\":\"Article\",\"@id\":\"https:\/\/www.nexoinformativo.mx\/index.php\/2024\/10\/22\/mexico-y-china-estrechan-lazos-nuevos-acuerdos-en-puerta\/#article\",\"isPartOf\":{\"@id\":\"https:\/\/www.nexoinformativo.mx\/index.php\/2024\/10\/22\/mexico-y-china-estrechan-lazos-nuevos-acuerdos-en-puerta\/\"},\"author\":{\"name\":\"Nexo Informativo\",\"@id\":\"https:\/\/www.nexoinformativo.mx\/#\/schema\/person\/7749d380ba08c8ca00d7bc76fd907b7d\"},\"headline\":\"M\u00e9xico y China estrechan lazos: Nuevos acuerdos en puerta\",\"datePublished\":\"2024-10-22T16:00:35+00:00\",\"dateModified\":\"2024-10-22T17:50:57+00:00\",\"mainEntityOfPage\":{\"@id\":\"https:\/\/www.nexoinformativo.mx\/index.php\/2024\/10\/22\/mexico-y-china-estrechan-lazos-nuevos-acuerdos-en-puerta\/\"},\"wordCount\":343,\"commentCount\":0,\"publisher\":{\"@id\":\"https:\/\/www.nexoinformativo.mx\/#organization\"},\"image\":{\"@id\":\"https:\/\/www.nexoinformativo.mx\/index.php\/2024\/10\/22\/mexico-y-china-estrechan-lazos-nuevos-acuerdos-en-puerta\/#primaryimage\"},\"thumbnailUrl\":\"https:\/\/www.nexoinformativo.mx\/wp-content\/uploads\/2024\/10\/IMG_7172-e1729619252401.jpg\",\"keywords\":[\"Cooperaci\u00f3nInternacional\",\"DesarrolloTecnol\u00f3gico\",\"M\u00e9xicoYChina\",\"RelacionesBilaterales\"],\"articleSection\":[\"Econom\u00eda\",\"Nacional\",\"\u00daltima Hora\"],\"inLanguage\":\"es\",\"potentialAction\":[{\"@type\":\"CommentAction\",\"name\":\"Comment\",\"target\":[\"https:\/\/www.nexoinformativo.mx\/index.php\/2024\/10\/22\/mexico-y-china-estrechan-lazos-nuevos-acuerdos-en-puerta\/#respond\"]}]},{\"@type\":\"WebPage\",\"@id\":\"https:\/\/www.nexoinformativo.mx\/index.php\/2024\/10\/22\/mexico-y-china-estrechan-lazos-nuevos-acuerdos-en-puerta\/\",\"url\":\"https:\/\/www.nexoinformativo.mx\/index.php\/2024\/10\/22\/mexico-y-china-estrechan-lazos-nuevos-acuerdos-en-puerta\/\",\"name\":\"M\u00e9xico y China estrechan lazos: Nuevos acuerdos en puerta | Nexo Informativo Santiago de Quer\u00e9taro\",\"isPartOf\":{\"@id\":\"https:\/\/www.nexoinformativo.mx\/#website\"},\"primaryImageOfPage\":{\"@id\":\"https:\/\/www.nexoinformativo.mx\/index.php\/2024\/10\/22\/mexico-y-china-estrechan-lazos-nuevos-acuerdos-en-puerta\/#primaryimage\"},\"image\":{\"@id\":\"https:\/\/www.nexoinformativo.mx\/index.php\/2024\/10\/22\/mexico-y-china-estrechan-lazos-nuevos-acuerdos-en-puerta\/#primaryimage\"},\"thumbnailUrl\":\"https:\/\/www.nexoinformativo.mx\/wp-content\/uploads\/2024\/10\/IMG_7172-e1729619252401.jpg\",\"datePublished\":\"2024-10-22T16:00:35+00:00\",\"dateModified\":\"2024-10-22T17:50:57+00:00\",\"description\":\"M\u00e9xico y China estrechan lazos: Nuevos acuerdos en puerta\",\"breadcrumb\":{\"@id\":\"https:\/\/www.nexoinformativo.mx\/index.php\/2024\/10\/22\/mexico-y-china-estrechan-lazos-nuevos-acuerdos-en-puerta\/#breadcrumb\"},\"inLanguage\":\"es\",\"potentialAction\":[{\"@type\":\"ReadAction\",\"target\":[\"https:\/\/www.nexoinformativo.mx\/index.php\/2024\/10\/22\/mexico-y-china-estrechan-lazos-nuevos-acuerdos-en-puerta\/\"]}]},{\"@type\":\"ImageObject\",\"inLanguage\":\"es\",\"@id\":\"https:\/\/www.nexoinformativo.mx\/index.php\/2024\/10\/22\/mexico-y-china-estrechan-lazos-nuevos-acuerdos-en-puerta\/#primaryimage\",\"url\":\"https:\/\/www.nexoinformativo.mx\/wp-content\/uploads\/2024\/10\/IMG_7172-e1729619252401.jpg\",\"contentUrl\":\"https:\/\/www.nexoinformativo.mx\/wp-content\/uploads\/2024\/10\/IMG_7172-e1729619252401.jpg\",\"width\":800,\"height\":534},{\"@type\":\"BreadcrumbList\",\"@id\":\"https:\/\/www.nexoinformativo.mx\/index.php\/2024\/10\/22\/mexico-y-china-estrechan-lazos-nuevos-acuerdos-en-puerta\/#breadcrumb\",\"itemListElement\":[{\"@type\":\"ListItem\",\"position\":1,\"name\":\"Inicio\",\"item\":\"https:\/\/www.nexoinformativo.mx\/\"},{\"@type\":\"ListItem\",\"position\":2,\"name\":\"M\u00e9xico y China estrechan lazos: Nuevos acuerdos en puerta\"}]},{\"@type\":\"WebSite\",\"@id\":\"https:\/\/www.nexoinformativo.mx\/#website\",\"url\":\"https:\/\/www.nexoinformativo.mx\/\",\"name\":\"Nexo Informativo Santiago de Quer\u00e9taro\",\"description\":\"Explora NexoInformativo y convi\u00e9rtete en parte de una comunidad que valora el conocimiento y la verdad. Tu nexoinformativo es tu puente hacia una comprensi\u00f3n m\u00e1s profunda del mundo que te rodea.\",\"publisher\":{\"@id\":\"https:\/\/www.nexoinformativo.mx\/#organization\"},\"potentialAction\":[{\"@type\":\"SearchAction\",\"target\":{\"@type\":\"EntryPoint\",\"urlTemplate\":\"https:\/\/www.nexoinformativo.mx\/?s={search_term_string}\"},\"query-input\":{\"@type\":\"PropertyValueSpecification\",\"valueRequired\":true,\"valueName\":\"search_term_string\"}}],\"inLanguage\":\"es\"},{\"@type\":\"Organization\",\"@id\":\"https:\/\/www.nexoinformativo.mx\/#organization\",\"name\":\"Nexo Informativo Santiago de Quer\u00e9taro\",\"url\":\"https:\/\/www.nexoinformativo.mx\/\",\"logo\":{\"@type\":\"ImageObject\",\"inLanguage\":\"es\",\"@id\":\"https:\/\/www.nexoinformativo.mx\/#\/schema\/logo\/image\/\",\"url\":\"https:\/\/www.nexoinformativo.mx\/wp-content\/uploads\/2024\/07\/nexoi-trasparente-2.png\",\"contentUrl\":\"https:\/\/www.nexoinformativo.mx\/wp-content\/uploads\/2024\/07\/nexoi-trasparente-2.png\",\"width\":816,\"height\":339,\"caption\":\"Nexo Informativo Santiago de Quer\u00e9taro\"},\"image\":{\"@id\":\"https:\/\/www.nexoinformativo.mx\/#\/schema\/logo\/image\/\"},\"sameAs\":[\"https:\/\/www.facebook.com\/people\/Nexo-Informativo\/61564066885511\/\"]},{\"@type\":\"Person\",\"@id\":\"https:\/\/www.nexoinformativo.mx\/#\/schema\/person\/7749d380ba08c8ca00d7bc76fd907b7d\",\"name\":\"Nexo Informativo\",\"image\":{\"@type\":\"ImageObject\",\"inLanguage\":\"es\",\"@id\":\"https:\/\/www.nexoinformativo.mx\/#\/schema\/person\/image\/\",\"url\":\"https:\/\/secure.gravatar.com\/avatar\/dde2928154642a13d95f87ddf1ea9718fe2b46760a005c53e41ff5ad610704e6?s=96&d=mm&r=g\",\"contentUrl\":\"https:\/\/secure.gravatar.com\/avatar\/dde2928154642a13d95f87ddf1ea9718fe2b46760a005c53e41ff5ad610704e6?s=96&d=mm&r=g\",\"caption\":\"Nexo Informativo\"},\"url\":\"https:\/\/www.nexoinformativo.mx\/index.php\/author\/edicion\/\"}]}<\/script>\n<!-- \/ Yoast SEO plugin. -->","yoast_head_json":{"title":"M\u00e9xico y China estrechan lazos: Nuevos acuerdos en puerta | Nexo Informativo Santiago de Quer\u00e9taro","description":"M\u00e9xico y China estrechan lazos: Nuevos acuerdos en puerta","robots":{"index":"index","follow":"follow","max-snippet":"max-snippet:-1","max-image-preview":"max-image-preview:large","max-video-preview":"max-video-preview:-1"},"canonical":"https:\/\/www.nexoinformativo.mx\/index.php\/2024\/10\/22\/mexico-y-china-estrechan-lazos-nuevos-acuerdos-en-puerta\/","og_locale":"es_MX","og_type":"article","og_title":"M\u00e9xico y China estrechan lazos: Nuevos acuerdos en puerta | Nexo Informativo Santiago de Quer\u00e9taro","og_description":"M\u00e9xico y China estrechan lazos: Nuevos acuerdos en puerta","og_url":"https:\/\/www.nexoinformativo.mx\/index.php\/2024\/10\/22\/mexico-y-china-estrechan-lazos-nuevos-acuerdos-en-puerta\/","og_site_name":"Nexo Informativo Santiago de Quer\u00e9taro","article_publisher":"https:\/\/www.facebook.com\/people\/Nexo-Informativo\/61564066885511\/","article_published_time":"2024-10-22T16:00:35+00:00","article_modified_time":"2024-10-22T17:50:57+00:00","og_image":[{"width":800,"height":534,"url":"https:\/\/www.nexoinformativo.mx\/wp-content\/uploads\/2024\/10\/IMG_7172-e1729619252401.jpg","type":"image\/jpeg"}],"author":"Nexo Informativo","twitter_card":"summary_large_image","twitter_misc":{"Escrito por":"Nexo Informativo","Tiempo de lectura":"2 minutos"},"schema":{"@context":"https:\/\/schema.org","@graph":[{"@type":"Article","@id":"https:\/\/www.nexoinformativo.mx\/index.php\/2024\/10\/22\/mexico-y-china-estrechan-lazos-nuevos-acuerdos-en-puerta\/#article","isPartOf":{"@id":"https:\/\/www.nexoinformativo.mx\/index.php\/2024\/10\/22\/mexico-y-china-estrechan-lazos-nuevos-acuerdos-en-puerta\/"},"author":{"name":"Nexo Informativo","@id":"https:\/\/www.nexoinformativo.mx\/#\/schema\/person\/7749d380ba08c8ca00d7bc76fd907b7d"},"headline":"M\u00e9xico y China estrechan lazos: Nuevos acuerdos en puerta","datePublished":"2024-10-22T16:00:35+00:00","dateModified":"2024-10-22T17:50:57+00:00","mainEntityOfPage":{"@id":"https:\/\/www.nexoinformativo.mx\/index.php\/2024\/10\/22\/mexico-y-china-estrechan-lazos-nuevos-acuerdos-en-puerta\/"},"wordCount":343,"commentCount":0,"publisher":{"@id":"https:\/\/www.nexoinformativo.mx\/#organization"},"image":{"@id":"https:\/\/www.nexoinformativo.mx\/index.php\/2024\/10\/22\/mexico-y-china-estrechan-lazos-nuevos-acuerdos-en-puerta\/#primaryimage"},"thumbnailUrl":"https:\/\/www.nexoinformativo.mx\/wp-content\/uploads\/2024\/10\/IMG_7172-e1729619252401.jpg","keywords":["Cooperaci\u00f3nInternacional","DesarrolloTecnol\u00f3gico","M\u00e9xicoYChina","RelacionesBilaterales"],"articleSection":["Econom\u00eda","Nacional","\u00daltima Hora"],"inLanguage":"es","potentialAction":[{"@type":"CommentAction","name":"Comment","target":["https:\/\/www.nexoinformativo.mx\/index.php\/2024\/10\/22\/mexico-y-china-estrechan-lazos-nuevos-acuerdos-en-puerta\/#respond"]}]},{"@type":"WebPage","@id":"https:\/\/www.nexoinformativo.mx\/index.php\/2024\/10\/22\/mexico-y-china-estrechan-lazos-nuevos-acuerdos-en-puerta\/","url":"https:\/\/www.nexoinformativo.mx\/index.php\/2024\/10\/22\/mexico-y-china-estrechan-lazos-nuevos-acuerdos-en-puerta\/","name":"M\u00e9xico y China estrechan lazos: Nuevos acuerdos en puerta | Nexo Informativo Santiago de Quer\u00e9taro","isPartOf":{"@id":"https:\/\/www.nexoinformativo.mx\/#website"},"primaryImageOfPage":{"@id":"https:\/\/www.nexoinformativo.mx\/index.php\/2024\/10\/22\/mexico-y-china-estrechan-lazos-nuevos-acuerdos-en-puerta\/#primaryimage"},"image":{"@id":"https:\/\/www.nexoinformativo.mx\/index.php\/2024\/10\/22\/mexico-y-china-estrechan-lazos-nuevos-acuerdos-en-puerta\/#primaryimage"},"thumbnailUrl":"https:\/\/www.nexoinformativo.mx\/wp-content\/uploads\/2024\/10\/IMG_7172-e1729619252401.jpg","datePublished":"2024-10-22T16:00:35+00:00","dateModified":"2024-10-22T17:50:57+00:00","description":"M\u00e9xico y China estrechan lazos: Nuevos acuerdos en puerta","breadcrumb":{"@id":"https:\/\/www.nexoinformativo.mx\/index.php\/2024\/10\/22\/mexico-y-china-estrechan-lazos-nuevos-acuerdos-en-puerta\/#breadcrumb"},"inLanguage":"es","potentialAction":[{"@type":"ReadAction","target":["https:\/\/www.nexoinformativo.mx\/index.php\/2024\/10\/22\/mexico-y-china-estrechan-lazos-nuevos-acuerdos-en-puerta\/"]}]},{"@type":"ImageObject","inLanguage":"es","@id":"https:\/\/www.nexoinformativo.mx\/index.php\/2024\/10\/22\/mexico-y-china-estrechan-lazos-nuevos-acuerdos-en-puerta\/#primaryimage","url":"https:\/\/www.nexoinformativo.mx\/wp-content\/uploads\/2024\/10\/IMG_7172-e1729619252401.jpg","contentUrl":"https:\/\/www.nexoinformativo.mx\/wp-content\/uploads\/2024\/10\/IMG_7172-e1729619252401.jpg","width":800,"height":534},{"@type":"BreadcrumbList","@id":"https:\/\/www.nexoinformativo.mx\/index.php\/2024\/10\/22\/mexico-y-china-estrechan-lazos-nuevos-acuerdos-en-puerta\/#breadcrumb","itemListElement":[{"@type":"ListItem","position":1,"name":"Inicio","item":"https:\/\/www.nexoinformativo.mx\/"},{"@type":"ListItem","position":2,"name":"M\u00e9xico y China estrechan lazos: Nuevos acuerdos en puerta"}]},{"@type":"WebSite","@id":"https:\/\/www.nexoinformativo.mx\/#website","url":"https:\/\/www.nexoinformativo.mx\/","name":"Nexo Informativo Santiago de Quer\u00e9taro","description":"Explora NexoInformativo y convi\u00e9rtete en parte de una comunidad que valora el conocimiento y la verdad. Tu nexoinformativo es tu puente hacia una comprensi\u00f3n m\u00e1s profunda del mundo que te rodea.","publisher":{"@id":"https:\/\/www.nexoinformativo.mx\/#organization"},"potentialAction":[{"@type":"SearchAction","target":{"@type":"EntryPoint","urlTemplate":"https:\/\/www.nexoinformativo.mx\/?s={search_term_string}"},"query-input":{"@type":"PropertyValueSpecification","valueRequired":true,"valueName":"search_term_string"}}],"inLanguage":"es"},{"@type":"Organization","@id":"https:\/\/www.nexoinformativo.mx\/#organization","name":"Nexo Informativo Santiago de Quer\u00e9taro","url":"https:\/\/www.nexoinformativo.mx\/","logo":{"@type":"ImageObject","inLanguage":"es","@id":"https:\/\/www.nexoinformativo.mx\/#\/schema\/logo\/image\/","url":"https:\/\/www.nexoinformativo.mx\/wp-content\/uploads\/2024\/07\/nexoi-trasparente-2.png","contentUrl":"https:\/\/www.nexoinformativo.mx\/wp-content\/uploads\/2024\/07\/nexoi-trasparente-2.png","width":816,"height":339,"caption":"Nexo Informativo Santiago de Quer\u00e9taro"},"image":{"@id":"https:\/\/www.nexoinformativo.mx\/#\/schema\/logo\/image\/"},"sameAs":["https:\/\/www.facebook.com\/people\/Nexo-Informativo\/61564066885511\/"]},{"@type":"Person","@id":"https:\/\/www.nexoinformativo.mx\/#\/schema\/person\/7749d380ba08c8ca00d7bc76fd907b7d","name":"Nexo Informativo","image":{"@type":"ImageObject","inLanguage":"es","@id":"https:\/\/www.nexoinformativo.mx\/#\/schema\/person\/image\/","url":"https:\/\/secure.gravatar.com\/avatar\/dde2928154642a13d95f87ddf1ea9718fe2b46760a005c53e41ff5ad610704e6?s=96&d=mm&r=g","contentUrl":"https:\/\/secure.gravatar.com\/avatar\/dde2928154642a13d95f87ddf1ea9718fe2b46760a005c53e41ff5ad610704e6?s=96&d=mm&r=g","caption":"Nexo Informativo"},"url":"https:\/\/www.nexoinformativo.mx\/index.php\/author\/edicion\/"}]}},"_links":{"self":[{"href":"https:\/\/www.nexoinformativo.mx\/index.php\/wp-json\/wp\/v2\/posts\/4075","targetHints":{"allow":["GET"]}}],"collection":[{"href":"https:\/\/www.nexoinformativo.mx\/index.php\/wp-json\/wp\/v2\/posts"}],"about":[{"href":"https:\/\/www.nexoinformativo.mx\/index.php\/wp-json\/wp\/v2\/types\/post"}],"author":[{"embeddable":true,"href":"https:\/\/www.nexoinformativo.mx\/index.php\/wp-json\/wp\/v2\/users\/3"}],"replies":[{"embeddable":true,"href":"https:\/\/www.nexoinformativo.mx\/index.php\/wp-json\/wp\/v2\/comments?post=4075"}],"version-history":[{"count":5,"href":"https:\/\/www.nexoinformativo.mx\/index.php\/wp-json\/wp\/v2\/posts\/4075\/revisions"}],"predecessor-version":[{"id":4081,"href":"https:\/\/www.nexoinformativo.mx\/index.php\/wp-json\/wp\/v2\/posts\/4075\/revisions\/4081"}],"wp:featuredmedia":[{"embeddable":true,"href":"https:\/\/www.nexoinformativo.mx\/index.php\/wp-json\/wp\/v2\/media\/4076"}],"wp:attachment":[{"href":"https:\/\/www.nexoinformativo.mx\/index.php\/wp-json\/wp\/v2\/media?parent=4075"}],"wp:term":[{"taxonomy":"category","embeddable":true,"href":"https:\/\/www.nexoinformativo.mx\/index.php\/wp-json\/wp\/v2\/categories?post=4075"},{"taxonomy":"post_tag","embeddable":true,"href":"https:\/\/www.nexoinformativo.mx\/index.php\/wp-json\/wp\/v2\/tags?post=4075"}],"curies":[{"name":"wp","href":"https:\/\/api.w.org\/{rel}","templated":true}]}}