{"id":4084,"date":"2024-10-22T10:00:30","date_gmt":"2024-10-22T16:00:30","guid":{"rendered":"https:\/\/www.nexoinformativo.mx\/?p=4084"},"modified":"2024-10-22T12:15:38","modified_gmt":"2024-10-22T18:15:38","slug":"queretaro-se-convierte-en-el-epicentro-de-la-musica-clasica-de-piano-en-mexico","status":"publish","type":"post","link":"https:\/\/www.nexoinformativo.mx\/index.php\/2024\/10\/22\/queretaro-se-convierte-en-el-epicentro-de-la-musica-clasica-de-piano-en-mexico\/","title":{"rendered":"Quer\u00e9taro se convierte en el epicentro de la m\u00fasica cl\u00e1sica de piano en M\u00e9xico"},"content":{"rendered":"<p style=\"text-align: justify;\" data-sourcepos=\"5:1-5:462\">La ciudad de Quer\u00e9taro se posiciona como un referente en la m\u00fasica cl\u00e1sica de piano en la regi\u00f3n del Baj\u00edo con la primera edici\u00f3n del <strong>Festival Internacional Fortepiano<\/strong>. Del 22 al 30 de octubre, el Museo Regional y el Centro de las Artes de Quer\u00e9taro ser\u00e1n los escenarios de 7 conciertos gratuitos y 2 clases magistrales, donde reconocidos pianistas de M\u00e9xico, Ecuador y Rusia deleitar\u00e1n al p\u00fablico con sus interpretaciones.<\/p>\n<p>&nbsp;<\/p>\n<p style=\"text-align: justify;\" data-sourcepos=\"7:1-7:353\">Vladimir Curiel, director del Instituto de Perfeccionamiento Art\u00edstico y Musical Fortepiano, destac\u00f3 la importancia de este evento al ser el primero de su tipo en la regi\u00f3n. <strong>\u201cQueremos posicionar a Quer\u00e9taro como un centro de formaci\u00f3n para pianistas profesionales y que los talentos locales no tengan que salir de la ciudad para perfeccionarse\u201d<\/strong>, se\u00f1al\u00f3.<\/p>\n<p>&nbsp;<\/p>\n<p style=\"text-align: justify;\" data-sourcepos=\"11:1-11:265\">El festival contar\u00e1 con la participaci\u00f3n de destacados pianistas como Yanina Kelly Rumbea (Ecuador), Rachid Bernal, Mauricio N\u00e1der, Anthony Tamayo, Rodolfo Ritter, Santiago \u00a0y Vladimir Petrov. Los conciertos ser\u00e1n gratuitos y no requerir\u00e1n reservaci\u00f3n.<\/p>\n<p>&nbsp;<\/p>\n<p style=\"text-align: justify;\" data-sourcepos=\"15:1-15:330\">Adem\u00e1s de conciertos, se ofrecer\u00e1n dos clases magistrales con Mauricio N\u00e1der y Rodolfo Ritter, quienes compartir\u00e1n sus conocimientos y experiencias con los asistentes. El Instituto Fortepiano ofrece un 50% de descuento a sus estudiantes para participar activamente en estas clases, y tambi\u00e9n hay opci\u00f3n de asistir como oyente.<\/p>\n<p>&nbsp;<\/p>\n<p style=\"text-align: justify;\" data-sourcepos=\"19:1-19:242\">Este festival ha sido posible gracias al apoyo de las Secretar\u00edas de Cultura del Estado y del Municipio de Quer\u00e9taro, as\u00ed como de patrocinadores particulares. La Secretar\u00eda de Turismo del Estado ha brindado hospedaje a los artistas invitados.<\/p>\n<p>&nbsp;<\/p>\n<p style=\"text-align: justify;\" data-sourcepos=\"23:1-23:187\">Para conocer el programa completo y horarios de los conciertos y clases magistrales, puedes visitar la p\u00e1gina de <strong>Facebook de Fortepiano Instituto de Perfeccionamiento Art\u00edstico y Musical<\/strong>.<\/p>\n<p>&nbsp;<\/p>\n<p style=\"text-align: center;\" data-sourcepos=\"23:1-23:187\"><em><strong>\u00a1Informaci\u00f3n que transforma!<\/strong><\/em><\/p>\n","protected":false},"excerpt":{"rendered":"<p>La ciudad de Quer\u00e9taro se posiciona como un referente en la m\u00fasica cl\u00e1sica de piano en la regi\u00f3n del Baj\u00edo con la primera edici\u00f3n del Festival Internacional Fortepiano. Del 22 al 30 de octubre, el Museo Regional y el Centro de las Artes de Quer\u00e9taro ser\u00e1n los escenarios de 7 conciertos gratuitos y 2 clases [&hellip;]<\/p>\n","protected":false},"author":3,"featured_media":4085,"comment_status":"open","ping_status":"open","sticky":false,"template":"","format":"standard","meta":{"footnotes":""},"categories":[50,58],"tags":[1532,123,1530,1531,133],"class_list":["post-4084","post","type-post","status-publish","format-standard","has-post-thumbnail","hentry","category-espectaculos","category-ultima-hora","tag-bajio","tag-cultura","tag-fortepianofest","tag-musicaclasica","tag-queretaro"],"yoast_head":"<!-- This site is optimized with the Yoast SEO plugin v25.0 - https:\/\/yoast.com\/wordpress\/plugins\/seo\/ -->\n<title>Quer\u00e9taro se convierte en el epicentro de la m\u00fasica cl\u00e1sica de piano en M\u00e9xico | Nexo Informativo Santiago de Quer\u00e9taro<\/title>\n<meta name=\"description\" content=\"Quer\u00e9taro se convierte en el epicentro de la m\u00fasica cl\u00e1sica en M\u00e9xico\" \/>\n<meta name=\"robots\" content=\"index, follow, max-snippet:-1, max-image-preview:large, max-video-preview:-1\" \/>\n<link rel=\"canonical\" href=\"https:\/\/www.nexoinformativo.mx\/index.php\/2024\/10\/22\/queretaro-se-convierte-en-el-epicentro-de-la-musica-clasica-de-piano-en-mexico\/\" \/>\n<meta property=\"og:locale\" content=\"es_MX\" \/>\n<meta property=\"og:type\" content=\"article\" \/>\n<meta property=\"og:title\" content=\"Quer\u00e9taro se convierte en el epicentro de la m\u00fasica cl\u00e1sica de piano en M\u00e9xico | Nexo Informativo Santiago de Quer\u00e9taro\" \/>\n<meta property=\"og:description\" content=\"Quer\u00e9taro se convierte en el epicentro de la m\u00fasica cl\u00e1sica en M\u00e9xico\" \/>\n<meta property=\"og:url\" content=\"https:\/\/www.nexoinformativo.mx\/index.php\/2024\/10\/22\/queretaro-se-convierte-en-el-epicentro-de-la-musica-clasica-de-piano-en-mexico\/\" \/>\n<meta property=\"og:site_name\" content=\"Nexo Informativo Santiago de Quer\u00e9taro\" \/>\n<meta property=\"article:publisher\" content=\"https:\/\/www.facebook.com\/people\/Nexo-Informativo\/61564066885511\/\" \/>\n<meta property=\"article:published_time\" content=\"2024-10-22T16:00:30+00:00\" \/>\n<meta property=\"article:modified_time\" content=\"2024-10-22T18:15:38+00:00\" \/>\n<meta property=\"og:image\" content=\"https:\/\/www.nexoinformativo.mx\/wp-content\/uploads\/2024\/10\/pexels-20710970-18940655-scaled-e1729620257866.jpeg\" \/>\n\t<meta property=\"og:image:width\" content=\"800\" \/>\n\t<meta property=\"og:image:height\" content=\"1198\" \/>\n\t<meta property=\"og:image:type\" content=\"image\/jpeg\" \/>\n<meta name=\"author\" content=\"Nexo Informativo\" \/>\n<meta name=\"twitter:card\" content=\"summary_large_image\" \/>\n<meta name=\"twitter:label1\" content=\"Escrito por\" \/>\n\t<meta name=\"twitter:data1\" content=\"Nexo Informativo\" \/>\n\t<meta name=\"twitter:label2\" content=\"Tiempo de lectura\" \/>\n\t<meta name=\"twitter:data2\" content=\"2 minutos\" \/>\n<script type=\"application\/ld+json\" class=\"yoast-schema-graph\">{\"@context\":\"https:\/\/schema.org\",\"@graph\":[{\"@type\":\"Article\",\"@id\":\"https:\/\/www.nexoinformativo.mx\/index.php\/2024\/10\/22\/queretaro-se-convierte-en-el-epicentro-de-la-musica-clasica-de-piano-en-mexico\/#article\",\"isPartOf\":{\"@id\":\"https:\/\/www.nexoinformativo.mx\/index.php\/2024\/10\/22\/queretaro-se-convierte-en-el-epicentro-de-la-musica-clasica-de-piano-en-mexico\/\"},\"author\":{\"name\":\"Nexo Informativo\",\"@id\":\"https:\/\/www.nexoinformativo.mx\/#\/schema\/person\/7749d380ba08c8ca00d7bc76fd907b7d\"},\"headline\":\"Quer\u00e9taro se convierte en el epicentro de la m\u00fasica cl\u00e1sica de piano en M\u00e9xico\",\"datePublished\":\"2024-10-22T16:00:30+00:00\",\"dateModified\":\"2024-10-22T18:15:38+00:00\",\"mainEntityOfPage\":{\"@id\":\"https:\/\/www.nexoinformativo.mx\/index.php\/2024\/10\/22\/queretaro-se-convierte-en-el-epicentro-de-la-musica-clasica-de-piano-en-mexico\/\"},\"wordCount\":326,\"commentCount\":0,\"publisher\":{\"@id\":\"https:\/\/www.nexoinformativo.mx\/#organization\"},\"image\":{\"@id\":\"https:\/\/www.nexoinformativo.mx\/index.php\/2024\/10\/22\/queretaro-se-convierte-en-el-epicentro-de-la-musica-clasica-de-piano-en-mexico\/#primaryimage\"},\"thumbnailUrl\":\"https:\/\/www.nexoinformativo.mx\/wp-content\/uploads\/2024\/10\/pexels-20710970-18940655-scaled-e1729620257866.jpeg\",\"keywords\":[\"Baj\u00edo\",\"Cultura\",\"FortepianoFest\",\"M\u00fasicaCl\u00e1sica\",\"Quer\u00e9taro\"],\"articleSection\":[\"Espect\u00e1culos\",\"\u00daltima Hora\"],\"inLanguage\":\"es\",\"potentialAction\":[{\"@type\":\"CommentAction\",\"name\":\"Comment\",\"target\":[\"https:\/\/www.nexoinformativo.mx\/index.php\/2024\/10\/22\/queretaro-se-convierte-en-el-epicentro-de-la-musica-clasica-de-piano-en-mexico\/#respond\"]}]},{\"@type\":\"WebPage\",\"@id\":\"https:\/\/www.nexoinformativo.mx\/index.php\/2024\/10\/22\/queretaro-se-convierte-en-el-epicentro-de-la-musica-clasica-de-piano-en-mexico\/\",\"url\":\"https:\/\/www.nexoinformativo.mx\/index.php\/2024\/10\/22\/queretaro-se-convierte-en-el-epicentro-de-la-musica-clasica-de-piano-en-mexico\/\",\"name\":\"Quer\u00e9taro se convierte en el epicentro de la m\u00fasica cl\u00e1sica de piano en M\u00e9xico | Nexo Informativo Santiago de Quer\u00e9taro\",\"isPartOf\":{\"@id\":\"https:\/\/www.nexoinformativo.mx\/#website\"},\"primaryImageOfPage\":{\"@id\":\"https:\/\/www.nexoinformativo.mx\/index.php\/2024\/10\/22\/queretaro-se-convierte-en-el-epicentro-de-la-musica-clasica-de-piano-en-mexico\/#primaryimage\"},\"image\":{\"@id\":\"https:\/\/www.nexoinformativo.mx\/index.php\/2024\/10\/22\/queretaro-se-convierte-en-el-epicentro-de-la-musica-clasica-de-piano-en-mexico\/#primaryimage\"},\"thumbnailUrl\":\"https:\/\/www.nexoinformativo.mx\/wp-content\/uploads\/2024\/10\/pexels-20710970-18940655-scaled-e1729620257866.jpeg\",\"datePublished\":\"2024-10-22T16:00:30+00:00\",\"dateModified\":\"2024-10-22T18:15:38+00:00\",\"description\":\"Quer\u00e9taro se convierte en el epicentro de la m\u00fasica cl\u00e1sica en M\u00e9xico\",\"breadcrumb\":{\"@id\":\"https:\/\/www.nexoinformativo.mx\/index.php\/2024\/10\/22\/queretaro-se-convierte-en-el-epicentro-de-la-musica-clasica-de-piano-en-mexico\/#breadcrumb\"},\"inLanguage\":\"es\",\"potentialAction\":[{\"@type\":\"ReadAction\",\"target\":[\"https:\/\/www.nexoinformativo.mx\/index.php\/2024\/10\/22\/queretaro-se-convierte-en-el-epicentro-de-la-musica-clasica-de-piano-en-mexico\/\"]}]},{\"@type\":\"ImageObject\",\"inLanguage\":\"es\",\"@id\":\"https:\/\/www.nexoinformativo.mx\/index.php\/2024\/10\/22\/queretaro-se-convierte-en-el-epicentro-de-la-musica-clasica-de-piano-en-mexico\/#primaryimage\",\"url\":\"https:\/\/www.nexoinformativo.mx\/wp-content\/uploads\/2024\/10\/pexels-20710970-18940655-scaled-e1729620257866.jpeg\",\"contentUrl\":\"https:\/\/www.nexoinformativo.mx\/wp-content\/uploads\/2024\/10\/pexels-20710970-18940655-scaled-e1729620257866.jpeg\",\"width\":800,\"height\":1198},{\"@type\":\"BreadcrumbList\",\"@id\":\"https:\/\/www.nexoinformativo.mx\/index.php\/2024\/10\/22\/queretaro-se-convierte-en-el-epicentro-de-la-musica-clasica-de-piano-en-mexico\/#breadcrumb\",\"itemListElement\":[{\"@type\":\"ListItem\",\"position\":1,\"name\":\"Inicio\",\"item\":\"https:\/\/www.nexoinformativo.mx\/\"},{\"@type\":\"ListItem\",\"position\":2,\"name\":\"Quer\u00e9taro se convierte en el epicentro de la m\u00fasica cl\u00e1sica de piano en M\u00e9xico\"}]},{\"@type\":\"WebSite\",\"@id\":\"https:\/\/www.nexoinformativo.mx\/#website\",\"url\":\"https:\/\/www.nexoinformativo.mx\/\",\"name\":\"Nexo Informativo Santiago de Quer\u00e9taro\",\"description\":\"Explora NexoInformativo y convi\u00e9rtete en parte de una comunidad que valora el conocimiento y la verdad. Tu nexoinformativo es tu puente hacia una comprensi\u00f3n m\u00e1s profunda del mundo que te rodea.\",\"publisher\":{\"@id\":\"https:\/\/www.nexoinformativo.mx\/#organization\"},\"potentialAction\":[{\"@type\":\"SearchAction\",\"target\":{\"@type\":\"EntryPoint\",\"urlTemplate\":\"https:\/\/www.nexoinformativo.mx\/?s={search_term_string}\"},\"query-input\":{\"@type\":\"PropertyValueSpecification\",\"valueRequired\":true,\"valueName\":\"search_term_string\"}}],\"inLanguage\":\"es\"},{\"@type\":\"Organization\",\"@id\":\"https:\/\/www.nexoinformativo.mx\/#organization\",\"name\":\"Nexo Informativo Santiago de Quer\u00e9taro\",\"url\":\"https:\/\/www.nexoinformativo.mx\/\",\"logo\":{\"@type\":\"ImageObject\",\"inLanguage\":\"es\",\"@id\":\"https:\/\/www.nexoinformativo.mx\/#\/schema\/logo\/image\/\",\"url\":\"https:\/\/www.nexoinformativo.mx\/wp-content\/uploads\/2024\/07\/nexoi-trasparente-2.png\",\"contentUrl\":\"https:\/\/www.nexoinformativo.mx\/wp-content\/uploads\/2024\/07\/nexoi-trasparente-2.png\",\"width\":816,\"height\":339,\"caption\":\"Nexo Informativo Santiago de Quer\u00e9taro\"},\"image\":{\"@id\":\"https:\/\/www.nexoinformativo.mx\/#\/schema\/logo\/image\/\"},\"sameAs\":[\"https:\/\/www.facebook.com\/people\/Nexo-Informativo\/61564066885511\/\"]},{\"@type\":\"Person\",\"@id\":\"https:\/\/www.nexoinformativo.mx\/#\/schema\/person\/7749d380ba08c8ca00d7bc76fd907b7d\",\"name\":\"Nexo Informativo\",\"image\":{\"@type\":\"ImageObject\",\"inLanguage\":\"es\",\"@id\":\"https:\/\/www.nexoinformativo.mx\/#\/schema\/person\/image\/\",\"url\":\"https:\/\/secure.gravatar.com\/avatar\/dde2928154642a13d95f87ddf1ea9718fe2b46760a005c53e41ff5ad610704e6?s=96&d=mm&r=g\",\"contentUrl\":\"https:\/\/secure.gravatar.com\/avatar\/dde2928154642a13d95f87ddf1ea9718fe2b46760a005c53e41ff5ad610704e6?s=96&d=mm&r=g\",\"caption\":\"Nexo Informativo\"},\"url\":\"https:\/\/www.nexoinformativo.mx\/index.php\/author\/edicion\/\"}]}<\/script>\n<!-- \/ Yoast SEO plugin. -->","yoast_head_json":{"title":"Quer\u00e9taro se convierte en el epicentro de la m\u00fasica cl\u00e1sica de piano en M\u00e9xico | Nexo Informativo Santiago de Quer\u00e9taro","description":"Quer\u00e9taro se convierte en el epicentro de la m\u00fasica cl\u00e1sica en M\u00e9xico","robots":{"index":"index","follow":"follow","max-snippet":"max-snippet:-1","max-image-preview":"max-image-preview:large","max-video-preview":"max-video-preview:-1"},"canonical":"https:\/\/www.nexoinformativo.mx\/index.php\/2024\/10\/22\/queretaro-se-convierte-en-el-epicentro-de-la-musica-clasica-de-piano-en-mexico\/","og_locale":"es_MX","og_type":"article","og_title":"Quer\u00e9taro se convierte en el epicentro de la m\u00fasica cl\u00e1sica de piano en M\u00e9xico | Nexo Informativo Santiago de Quer\u00e9taro","og_description":"Quer\u00e9taro se convierte en el epicentro de la m\u00fasica cl\u00e1sica en M\u00e9xico","og_url":"https:\/\/www.nexoinformativo.mx\/index.php\/2024\/10\/22\/queretaro-se-convierte-en-el-epicentro-de-la-musica-clasica-de-piano-en-mexico\/","og_site_name":"Nexo Informativo Santiago de Quer\u00e9taro","article_publisher":"https:\/\/www.facebook.com\/people\/Nexo-Informativo\/61564066885511\/","article_published_time":"2024-10-22T16:00:30+00:00","article_modified_time":"2024-10-22T18:15:38+00:00","og_image":[{"width":800,"height":1198,"url":"https:\/\/www.nexoinformativo.mx\/wp-content\/uploads\/2024\/10\/pexels-20710970-18940655-scaled-e1729620257866.jpeg","type":"image\/jpeg"}],"author":"Nexo Informativo","twitter_card":"summary_large_image","twitter_misc":{"Escrito por":"Nexo Informativo","Tiempo de lectura":"2 minutos"},"schema":{"@context":"https:\/\/schema.org","@graph":[{"@type":"Article","@id":"https:\/\/www.nexoinformativo.mx\/index.php\/2024\/10\/22\/queretaro-se-convierte-en-el-epicentro-de-la-musica-clasica-de-piano-en-mexico\/#article","isPartOf":{"@id":"https:\/\/www.nexoinformativo.mx\/index.php\/2024\/10\/22\/queretaro-se-convierte-en-el-epicentro-de-la-musica-clasica-de-piano-en-mexico\/"},"author":{"name":"Nexo Informativo","@id":"https:\/\/www.nexoinformativo.mx\/#\/schema\/person\/7749d380ba08c8ca00d7bc76fd907b7d"},"headline":"Quer\u00e9taro se convierte en el epicentro de la m\u00fasica cl\u00e1sica de piano en M\u00e9xico","datePublished":"2024-10-22T16:00:30+00:00","dateModified":"2024-10-22T18:15:38+00:00","mainEntityOfPage":{"@id":"https:\/\/www.nexoinformativo.mx\/index.php\/2024\/10\/22\/queretaro-se-convierte-en-el-epicentro-de-la-musica-clasica-de-piano-en-mexico\/"},"wordCount":326,"commentCount":0,"publisher":{"@id":"https:\/\/www.nexoinformativo.mx\/#organization"},"image":{"@id":"https:\/\/www.nexoinformativo.mx\/index.php\/2024\/10\/22\/queretaro-se-convierte-en-el-epicentro-de-la-musica-clasica-de-piano-en-mexico\/#primaryimage"},"thumbnailUrl":"https:\/\/www.nexoinformativo.mx\/wp-content\/uploads\/2024\/10\/pexels-20710970-18940655-scaled-e1729620257866.jpeg","keywords":["Baj\u00edo","Cultura","FortepianoFest","M\u00fasicaCl\u00e1sica","Quer\u00e9taro"],"articleSection":["Espect\u00e1culos","\u00daltima Hora"],"inLanguage":"es","potentialAction":[{"@type":"CommentAction","name":"Comment","target":["https:\/\/www.nexoinformativo.mx\/index.php\/2024\/10\/22\/queretaro-se-convierte-en-el-epicentro-de-la-musica-clasica-de-piano-en-mexico\/#respond"]}]},{"@type":"WebPage","@id":"https:\/\/www.nexoinformativo.mx\/index.php\/2024\/10\/22\/queretaro-se-convierte-en-el-epicentro-de-la-musica-clasica-de-piano-en-mexico\/","url":"https:\/\/www.nexoinformativo.mx\/index.php\/2024\/10\/22\/queretaro-se-convierte-en-el-epicentro-de-la-musica-clasica-de-piano-en-mexico\/","name":"Quer\u00e9taro se convierte en el epicentro de la m\u00fasica cl\u00e1sica de piano en M\u00e9xico | Nexo Informativo Santiago de Quer\u00e9taro","isPartOf":{"@id":"https:\/\/www.nexoinformativo.mx\/#website"},"primaryImageOfPage":{"@id":"https:\/\/www.nexoinformativo.mx\/index.php\/2024\/10\/22\/queretaro-se-convierte-en-el-epicentro-de-la-musica-clasica-de-piano-en-mexico\/#primaryimage"},"image":{"@id":"https:\/\/www.nexoinformativo.mx\/index.php\/2024\/10\/22\/queretaro-se-convierte-en-el-epicentro-de-la-musica-clasica-de-piano-en-mexico\/#primaryimage"},"thumbnailUrl":"https:\/\/www.nexoinformativo.mx\/wp-content\/uploads\/2024\/10\/pexels-20710970-18940655-scaled-e1729620257866.jpeg","datePublished":"2024-10-22T16:00:30+00:00","dateModified":"2024-10-22T18:15:38+00:00","description":"Quer\u00e9taro se convierte en el epicentro de la m\u00fasica cl\u00e1sica en M\u00e9xico","breadcrumb":{"@id":"https:\/\/www.nexoinformativo.mx\/index.php\/2024\/10\/22\/queretaro-se-convierte-en-el-epicentro-de-la-musica-clasica-de-piano-en-mexico\/#breadcrumb"},"inLanguage":"es","potentialAction":[{"@type":"ReadAction","target":["https:\/\/www.nexoinformativo.mx\/index.php\/2024\/10\/22\/queretaro-se-convierte-en-el-epicentro-de-la-musica-clasica-de-piano-en-mexico\/"]}]},{"@type":"ImageObject","inLanguage":"es","@id":"https:\/\/www.nexoinformativo.mx\/index.php\/2024\/10\/22\/queretaro-se-convierte-en-el-epicentro-de-la-musica-clasica-de-piano-en-mexico\/#primaryimage","url":"https:\/\/www.nexoinformativo.mx\/wp-content\/uploads\/2024\/10\/pexels-20710970-18940655-scaled-e1729620257866.jpeg","contentUrl":"https:\/\/www.nexoinformativo.mx\/wp-content\/uploads\/2024\/10\/pexels-20710970-18940655-scaled-e1729620257866.jpeg","width":800,"height":1198},{"@type":"BreadcrumbList","@id":"https:\/\/www.nexoinformativo.mx\/index.php\/2024\/10\/22\/queretaro-se-convierte-en-el-epicentro-de-la-musica-clasica-de-piano-en-mexico\/#breadcrumb","itemListElement":[{"@type":"ListItem","position":1,"name":"Inicio","item":"https:\/\/www.nexoinformativo.mx\/"},{"@type":"ListItem","position":2,"name":"Quer\u00e9taro se convierte en el epicentro de la m\u00fasica cl\u00e1sica de piano en M\u00e9xico"}]},{"@type":"WebSite","@id":"https:\/\/www.nexoinformativo.mx\/#website","url":"https:\/\/www.nexoinformativo.mx\/","name":"Nexo Informativo Santiago de Quer\u00e9taro","description":"Explora NexoInformativo y convi\u00e9rtete en parte de una comunidad que valora el conocimiento y la verdad. Tu nexoinformativo es tu puente hacia una comprensi\u00f3n m\u00e1s profunda del mundo que te rodea.","publisher":{"@id":"https:\/\/www.nexoinformativo.mx\/#organization"},"potentialAction":[{"@type":"SearchAction","target":{"@type":"EntryPoint","urlTemplate":"https:\/\/www.nexoinformativo.mx\/?s={search_term_string}"},"query-input":{"@type":"PropertyValueSpecification","valueRequired":true,"valueName":"search_term_string"}}],"inLanguage":"es"},{"@type":"Organization","@id":"https:\/\/www.nexoinformativo.mx\/#organization","name":"Nexo Informativo Santiago de Quer\u00e9taro","url":"https:\/\/www.nexoinformativo.mx\/","logo":{"@type":"ImageObject","inLanguage":"es","@id":"https:\/\/www.nexoinformativo.mx\/#\/schema\/logo\/image\/","url":"https:\/\/www.nexoinformativo.mx\/wp-content\/uploads\/2024\/07\/nexoi-trasparente-2.png","contentUrl":"https:\/\/www.nexoinformativo.mx\/wp-content\/uploads\/2024\/07\/nexoi-trasparente-2.png","width":816,"height":339,"caption":"Nexo Informativo Santiago de Quer\u00e9taro"},"image":{"@id":"https:\/\/www.nexoinformativo.mx\/#\/schema\/logo\/image\/"},"sameAs":["https:\/\/www.facebook.com\/people\/Nexo-Informativo\/61564066885511\/"]},{"@type":"Person","@id":"https:\/\/www.nexoinformativo.mx\/#\/schema\/person\/7749d380ba08c8ca00d7bc76fd907b7d","name":"Nexo Informativo","image":{"@type":"ImageObject","inLanguage":"es","@id":"https:\/\/www.nexoinformativo.mx\/#\/schema\/person\/image\/","url":"https:\/\/secure.gravatar.com\/avatar\/dde2928154642a13d95f87ddf1ea9718fe2b46760a005c53e41ff5ad610704e6?s=96&d=mm&r=g","contentUrl":"https:\/\/secure.gravatar.com\/avatar\/dde2928154642a13d95f87ddf1ea9718fe2b46760a005c53e41ff5ad610704e6?s=96&d=mm&r=g","caption":"Nexo Informativo"},"url":"https:\/\/www.nexoinformativo.mx\/index.php\/author\/edicion\/"}]}},"_links":{"self":[{"href":"https:\/\/www.nexoinformativo.mx\/index.php\/wp-json\/wp\/v2\/posts\/4084","targetHints":{"allow":["GET"]}}],"collection":[{"href":"https:\/\/www.nexoinformativo.mx\/index.php\/wp-json\/wp\/v2\/posts"}],"about":[{"href":"https:\/\/www.nexoinformativo.mx\/index.php\/wp-json\/wp\/v2\/types\/post"}],"author":[{"embeddable":true,"href":"https:\/\/www.nexoinformativo.mx\/index.php\/wp-json\/wp\/v2\/users\/3"}],"replies":[{"embeddable":true,"href":"https:\/\/www.nexoinformativo.mx\/index.php\/wp-json\/wp\/v2\/comments?post=4084"}],"version-history":[{"count":4,"href":"https:\/\/www.nexoinformativo.mx\/index.php\/wp-json\/wp\/v2\/posts\/4084\/revisions"}],"predecessor-version":[{"id":4089,"href":"https:\/\/www.nexoinformativo.mx\/index.php\/wp-json\/wp\/v2\/posts\/4084\/revisions\/4089"}],"wp:featuredmedia":[{"embeddable":true,"href":"https:\/\/www.nexoinformativo.mx\/index.php\/wp-json\/wp\/v2\/media\/4085"}],"wp:attachment":[{"href":"https:\/\/www.nexoinformativo.mx\/index.php\/wp-json\/wp\/v2\/media?parent=4084"}],"wp:term":[{"taxonomy":"category","embeddable":true,"href":"https:\/\/www.nexoinformativo.mx\/index.php\/wp-json\/wp\/v2\/categories?post=4084"},{"taxonomy":"post_tag","embeddable":true,"href":"https:\/\/www.nexoinformativo.mx\/index.php\/wp-json\/wp\/v2\/tags?post=4084"}],"curies":[{"name":"wp","href":"https:\/\/api.w.org\/{rel}","templated":true}]}}