{"id":4091,"date":"2024-10-22T10:30:25","date_gmt":"2024-10-22T16:30:25","guid":{"rendered":"https:\/\/www.nexoinformativo.mx\/?p=4091"},"modified":"2024-10-22T12:46:52","modified_gmt":"2024-10-22T18:46:52","slug":"gobierno-federal-busca-reducir-el-precio-de-la-tortilla-hasta-en-un-10","status":"publish","type":"post","link":"https:\/\/www.nexoinformativo.mx\/index.php\/2024\/10\/22\/gobierno-federal-busca-reducir-el-precio-de-la-tortilla-hasta-en-un-10\/","title":{"rendered":"Gobierno Federal busca reducir el precio de la tortilla hasta en un 10%"},"content":{"rendered":"<p style=\"text-align: justify;\" data-sourcepos=\"5:1-5:221\">Ante el constante aumento en el precio de la tortilla, un alimento b\u00e1sico en la dieta de los mexicanos, el Gobierno Federal anunci\u00f3 un ambicioso plan para reducir su costo hasta en un 10%.<\/p>\n<p>&nbsp;<\/p>\n<p style=\"text-align: justify;\" data-sourcepos=\"7:1-7:258\">Durante la conferencia matutina de este martes, la presidenta Claudia Sheinbaum y el titular de la Secretar\u00eda de Agricultura, Julio Berdegu\u00e9, detallaron que se implementar\u00e1 un acuerdo nacional para estabilizar el precio del ma\u00edz y por ende, de la tortilla.<\/p>\n<p>&nbsp;<\/p>\n<p style=\"text-align: justify;\" data-sourcepos=\"9:1-9:188\"><strong>&#8220;Se realizar\u00e1 un acuerdo nacional por el ma\u00edz y la tortilla con el fin de reducir el precio de la tortilla durante el sexenio hasta un 10% en t\u00e9rminos reales&#8221;<\/strong>, asegur\u00f3 Berdegu\u00e9.<\/p>\n<p>&nbsp;<\/p>\n<p style=\"text-align: justify;\" data-sourcepos=\"11:1-11:168\">Esta medida se enfoca en proteger a las familias mexicanas, especialmente a las m\u00e1s vulnerables, que destinan una gran parte de su ingreso a la compra de este producto.<\/p>\n<p>&nbsp;<\/p>\n<p style=\"text-align: justify;\" data-sourcepos=\"13:1-13:52\"><strong>Nuevo programa de Alimentaci\u00f3n para el Bienestar<\/strong><\/p>\n<p style=\"text-align: justify;\" data-sourcepos=\"15:1-15:250\">Adem\u00e1s del plan para reducir el precio de la tortilla, el gobierno federal present\u00f3 el programa de Alimentaci\u00f3n para el Bienestar. Este programa busca garantizar el acceso a alimentos saludables y nutritivos a las comunidades m\u00e1s marginadas del pa\u00eds.\u00a0Las principales acciones de este programa incluyen:<\/p>\n<p>&nbsp;<\/p>\n<p style=\"text-align: justify;\"><strong>Fusi\u00f3n de Segalmex y Diconsa:<\/strong> Se integrar\u00e1n las 24 mil 519 tiendas Diconsa para ampliar la cobertura y mejorar la distribuci\u00f3n de alimentos.<\/p>\n<p style=\"text-align: justify;\"><strong>Atenci\u00f3n a millones de mexicanos: <\/strong>Se beneficiar\u00e1 a un estimado de 62 millones de personas en situaci\u00f3n de vulnerabilidad.<\/p>\n<p style=\"text-align: justify;\"><strong>Producci\u00f3n nacional:<\/strong> Se promover\u00e1 la producci\u00f3n nacional de alimentos b\u00e1sicos como ma\u00edz, frijol, cacao, miel y caf\u00e9.<\/p>\n<p style=\"text-align: justify;\"><strong>Rehabilitaci\u00f3n de infraestructura:<\/strong> Se invertir\u00e1 en la mejora de las tiendas y almacenes Diconsa.<\/p>\n<p>&nbsp;<\/p>\n<p style=\"text-align: justify;\" data-sourcepos=\"24:1-24:119\">Con estas medidas, el gobierno busca garantizar la seguridad alimentaria y mejorar la calidad de vida de los mexicanos.<\/p>\n<p>&nbsp;<\/p>\n<p style=\"text-align: center;\" data-sourcepos=\"24:1-24:119\"><em><strong>\u00a1Informaci\u00f3n que transforma!<\/strong><\/em><\/p>\n","protected":false},"excerpt":{"rendered":"<p>Ante el constante aumento en el precio de la tortilla, un alimento b\u00e1sico en la dieta de los mexicanos, el Gobierno Federal anunci\u00f3 un ambicioso plan para reducir su costo hasta en un 10%. &nbsp; Durante la conferencia matutina de este martes, la presidenta Claudia Sheinbaum y el titular de la Secretar\u00eda de Agricultura, Julio [&hellip;]<\/p>\n","protected":false},"author":3,"featured_media":4092,"comment_status":"open","ping_status":"open","sticky":false,"template":"","format":"standard","meta":{"footnotes":""},"categories":[5,88,58],"tags":[1534,679,1535,1533],"class_list":["post-4091","post","type-post","status-publish","format-standard","has-post-thumbnail","hentry","category-economia","category-nacional","category-ultima-hora","tag-alimentacion","tag-bienestar","tag-gobiernodemexico","tag-tortilla"],"yoast_head":"<!-- This site is optimized with the Yoast SEO plugin v25.0 - https:\/\/yoast.com\/wordpress\/plugins\/seo\/ -->\n<title>Gobierno Federal busca reducir el precio de la tortilla hasta en un 10% | Nexo Informativo Santiago de Quer\u00e9taro<\/title>\n<meta name=\"description\" content=\"Gobierno Federal busca reducir el precio de la tortilla hasta en un 10%\" \/>\n<meta name=\"robots\" content=\"index, follow, max-snippet:-1, max-image-preview:large, max-video-preview:-1\" \/>\n<link rel=\"canonical\" href=\"https:\/\/www.nexoinformativo.mx\/index.php\/2024\/10\/22\/gobierno-federal-busca-reducir-el-precio-de-la-tortilla-hasta-en-un-10\/\" \/>\n<meta property=\"og:locale\" content=\"es_MX\" \/>\n<meta property=\"og:type\" content=\"article\" \/>\n<meta property=\"og:title\" content=\"Gobierno Federal busca reducir el precio de la tortilla hasta en un 10% | Nexo Informativo Santiago de Quer\u00e9taro\" \/>\n<meta property=\"og:description\" content=\"Gobierno Federal busca reducir el precio de la tortilla hasta en un 10%\" \/>\n<meta property=\"og:url\" content=\"https:\/\/www.nexoinformativo.mx\/index.php\/2024\/10\/22\/gobierno-federal-busca-reducir-el-precio-de-la-tortilla-hasta-en-un-10\/\" \/>\n<meta property=\"og:site_name\" content=\"Nexo Informativo Santiago de Quer\u00e9taro\" \/>\n<meta property=\"article:publisher\" content=\"https:\/\/www.facebook.com\/people\/Nexo-Informativo\/61564066885511\/\" \/>\n<meta property=\"article:published_time\" content=\"2024-10-22T16:30:25+00:00\" \/>\n<meta property=\"article:modified_time\" content=\"2024-10-22T18:46:52+00:00\" \/>\n<meta property=\"og:image\" content=\"https:\/\/www.nexoinformativo.mx\/wp-content\/uploads\/2024\/10\/IMG_7176-e1729621075874.jpg\" \/>\n\t<meta property=\"og:image:width\" content=\"800\" \/>\n\t<meta property=\"og:image:height\" content=\"1000\" \/>\n\t<meta property=\"og:image:type\" content=\"image\/jpeg\" \/>\n<meta name=\"author\" content=\"Nexo Informativo\" \/>\n<meta name=\"twitter:card\" content=\"summary_large_image\" \/>\n<meta name=\"twitter:label1\" content=\"Escrito por\" \/>\n\t<meta name=\"twitter:data1\" content=\"Nexo Informativo\" \/>\n\t<meta name=\"twitter:label2\" content=\"Tiempo de lectura\" \/>\n\t<meta name=\"twitter:data2\" content=\"2 minutos\" \/>\n<script type=\"application\/ld+json\" class=\"yoast-schema-graph\">{\"@context\":\"https:\/\/schema.org\",\"@graph\":[{\"@type\":\"Article\",\"@id\":\"https:\/\/www.nexoinformativo.mx\/index.php\/2024\/10\/22\/gobierno-federal-busca-reducir-el-precio-de-la-tortilla-hasta-en-un-10\/#article\",\"isPartOf\":{\"@id\":\"https:\/\/www.nexoinformativo.mx\/index.php\/2024\/10\/22\/gobierno-federal-busca-reducir-el-precio-de-la-tortilla-hasta-en-un-10\/\"},\"author\":{\"name\":\"Nexo Informativo\",\"@id\":\"https:\/\/www.nexoinformativo.mx\/#\/schema\/person\/7749d380ba08c8ca00d7bc76fd907b7d\"},\"headline\":\"Gobierno Federal busca reducir el precio de la tortilla hasta en un 10%\",\"datePublished\":\"2024-10-22T16:30:25+00:00\",\"dateModified\":\"2024-10-22T18:46:52+00:00\",\"mainEntityOfPage\":{\"@id\":\"https:\/\/www.nexoinformativo.mx\/index.php\/2024\/10\/22\/gobierno-federal-busca-reducir-el-precio-de-la-tortilla-hasta-en-un-10\/\"},\"wordCount\":319,\"commentCount\":0,\"publisher\":{\"@id\":\"https:\/\/www.nexoinformativo.mx\/#organization\"},\"image\":{\"@id\":\"https:\/\/www.nexoinformativo.mx\/index.php\/2024\/10\/22\/gobierno-federal-busca-reducir-el-precio-de-la-tortilla-hasta-en-un-10\/#primaryimage\"},\"thumbnailUrl\":\"https:\/\/www.nexoinformativo.mx\/wp-content\/uploads\/2024\/10\/IMG_7176-e1729621075874.jpg\",\"keywords\":[\"Alimentaci\u00f3n\",\"Bienestar\",\"GobiernoDeM\u00e9xico\",\"Tortilla\"],\"articleSection\":[\"Econom\u00eda\",\"Nacional\",\"\u00daltima Hora\"],\"inLanguage\":\"es\",\"potentialAction\":[{\"@type\":\"CommentAction\",\"name\":\"Comment\",\"target\":[\"https:\/\/www.nexoinformativo.mx\/index.php\/2024\/10\/22\/gobierno-federal-busca-reducir-el-precio-de-la-tortilla-hasta-en-un-10\/#respond\"]}]},{\"@type\":\"WebPage\",\"@id\":\"https:\/\/www.nexoinformativo.mx\/index.php\/2024\/10\/22\/gobierno-federal-busca-reducir-el-precio-de-la-tortilla-hasta-en-un-10\/\",\"url\":\"https:\/\/www.nexoinformativo.mx\/index.php\/2024\/10\/22\/gobierno-federal-busca-reducir-el-precio-de-la-tortilla-hasta-en-un-10\/\",\"name\":\"Gobierno Federal busca reducir el precio de la tortilla hasta en un 10% | Nexo Informativo Santiago de Quer\u00e9taro\",\"isPartOf\":{\"@id\":\"https:\/\/www.nexoinformativo.mx\/#website\"},\"primaryImageOfPage\":{\"@id\":\"https:\/\/www.nexoinformativo.mx\/index.php\/2024\/10\/22\/gobierno-federal-busca-reducir-el-precio-de-la-tortilla-hasta-en-un-10\/#primaryimage\"},\"image\":{\"@id\":\"https:\/\/www.nexoinformativo.mx\/index.php\/2024\/10\/22\/gobierno-federal-busca-reducir-el-precio-de-la-tortilla-hasta-en-un-10\/#primaryimage\"},\"thumbnailUrl\":\"https:\/\/www.nexoinformativo.mx\/wp-content\/uploads\/2024\/10\/IMG_7176-e1729621075874.jpg\",\"datePublished\":\"2024-10-22T16:30:25+00:00\",\"dateModified\":\"2024-10-22T18:46:52+00:00\",\"description\":\"Gobierno Federal busca reducir el precio de la tortilla hasta en un 10%\",\"breadcrumb\":{\"@id\":\"https:\/\/www.nexoinformativo.mx\/index.php\/2024\/10\/22\/gobierno-federal-busca-reducir-el-precio-de-la-tortilla-hasta-en-un-10\/#breadcrumb\"},\"inLanguage\":\"es\",\"potentialAction\":[{\"@type\":\"ReadAction\",\"target\":[\"https:\/\/www.nexoinformativo.mx\/index.php\/2024\/10\/22\/gobierno-federal-busca-reducir-el-precio-de-la-tortilla-hasta-en-un-10\/\"]}]},{\"@type\":\"ImageObject\",\"inLanguage\":\"es\",\"@id\":\"https:\/\/www.nexoinformativo.mx\/index.php\/2024\/10\/22\/gobierno-federal-busca-reducir-el-precio-de-la-tortilla-hasta-en-un-10\/#primaryimage\",\"url\":\"https:\/\/www.nexoinformativo.mx\/wp-content\/uploads\/2024\/10\/IMG_7176-e1729621075874.jpg\",\"contentUrl\":\"https:\/\/www.nexoinformativo.mx\/wp-content\/uploads\/2024\/10\/IMG_7176-e1729621075874.jpg\",\"width\":800,\"height\":1000},{\"@type\":\"BreadcrumbList\",\"@id\":\"https:\/\/www.nexoinformativo.mx\/index.php\/2024\/10\/22\/gobierno-federal-busca-reducir-el-precio-de-la-tortilla-hasta-en-un-10\/#breadcrumb\",\"itemListElement\":[{\"@type\":\"ListItem\",\"position\":1,\"name\":\"Inicio\",\"item\":\"https:\/\/www.nexoinformativo.mx\/\"},{\"@type\":\"ListItem\",\"position\":2,\"name\":\"Gobierno Federal busca reducir el precio de la tortilla hasta en un 10%\"}]},{\"@type\":\"WebSite\",\"@id\":\"https:\/\/www.nexoinformativo.mx\/#website\",\"url\":\"https:\/\/www.nexoinformativo.mx\/\",\"name\":\"Nexo Informativo Santiago de Quer\u00e9taro\",\"description\":\"Explora NexoInformativo y convi\u00e9rtete en parte de una comunidad que valora el conocimiento y la verdad. Tu nexoinformativo es tu puente hacia una comprensi\u00f3n m\u00e1s profunda del mundo que te rodea.\",\"publisher\":{\"@id\":\"https:\/\/www.nexoinformativo.mx\/#organization\"},\"potentialAction\":[{\"@type\":\"SearchAction\",\"target\":{\"@type\":\"EntryPoint\",\"urlTemplate\":\"https:\/\/www.nexoinformativo.mx\/?s={search_term_string}\"},\"query-input\":{\"@type\":\"PropertyValueSpecification\",\"valueRequired\":true,\"valueName\":\"search_term_string\"}}],\"inLanguage\":\"es\"},{\"@type\":\"Organization\",\"@id\":\"https:\/\/www.nexoinformativo.mx\/#organization\",\"name\":\"Nexo Informativo Santiago de Quer\u00e9taro\",\"url\":\"https:\/\/www.nexoinformativo.mx\/\",\"logo\":{\"@type\":\"ImageObject\",\"inLanguage\":\"es\",\"@id\":\"https:\/\/www.nexoinformativo.mx\/#\/schema\/logo\/image\/\",\"url\":\"https:\/\/www.nexoinformativo.mx\/wp-content\/uploads\/2024\/07\/nexoi-trasparente-2.png\",\"contentUrl\":\"https:\/\/www.nexoinformativo.mx\/wp-content\/uploads\/2024\/07\/nexoi-trasparente-2.png\",\"width\":816,\"height\":339,\"caption\":\"Nexo Informativo Santiago de Quer\u00e9taro\"},\"image\":{\"@id\":\"https:\/\/www.nexoinformativo.mx\/#\/schema\/logo\/image\/\"},\"sameAs\":[\"https:\/\/www.facebook.com\/people\/Nexo-Informativo\/61564066885511\/\"]},{\"@type\":\"Person\",\"@id\":\"https:\/\/www.nexoinformativo.mx\/#\/schema\/person\/7749d380ba08c8ca00d7bc76fd907b7d\",\"name\":\"Nexo Informativo\",\"image\":{\"@type\":\"ImageObject\",\"inLanguage\":\"es\",\"@id\":\"https:\/\/www.nexoinformativo.mx\/#\/schema\/person\/image\/\",\"url\":\"https:\/\/secure.gravatar.com\/avatar\/dde2928154642a13d95f87ddf1ea9718fe2b46760a005c53e41ff5ad610704e6?s=96&d=mm&r=g\",\"contentUrl\":\"https:\/\/secure.gravatar.com\/avatar\/dde2928154642a13d95f87ddf1ea9718fe2b46760a005c53e41ff5ad610704e6?s=96&d=mm&r=g\",\"caption\":\"Nexo Informativo\"},\"url\":\"https:\/\/www.nexoinformativo.mx\/index.php\/author\/edicion\/\"}]}<\/script>\n<!-- \/ Yoast SEO plugin. -->","yoast_head_json":{"title":"Gobierno Federal busca reducir el precio de la tortilla hasta en un 10% | Nexo Informativo Santiago de Quer\u00e9taro","description":"Gobierno Federal busca reducir el precio de la tortilla hasta en un 10%","robots":{"index":"index","follow":"follow","max-snippet":"max-snippet:-1","max-image-preview":"max-image-preview:large","max-video-preview":"max-video-preview:-1"},"canonical":"https:\/\/www.nexoinformativo.mx\/index.php\/2024\/10\/22\/gobierno-federal-busca-reducir-el-precio-de-la-tortilla-hasta-en-un-10\/","og_locale":"es_MX","og_type":"article","og_title":"Gobierno Federal busca reducir el precio de la tortilla hasta en un 10% | Nexo Informativo Santiago de Quer\u00e9taro","og_description":"Gobierno Federal busca reducir el precio de la tortilla hasta en un 10%","og_url":"https:\/\/www.nexoinformativo.mx\/index.php\/2024\/10\/22\/gobierno-federal-busca-reducir-el-precio-de-la-tortilla-hasta-en-un-10\/","og_site_name":"Nexo Informativo Santiago de Quer\u00e9taro","article_publisher":"https:\/\/www.facebook.com\/people\/Nexo-Informativo\/61564066885511\/","article_published_time":"2024-10-22T16:30:25+00:00","article_modified_time":"2024-10-22T18:46:52+00:00","og_image":[{"width":800,"height":1000,"url":"https:\/\/www.nexoinformativo.mx\/wp-content\/uploads\/2024\/10\/IMG_7176-e1729621075874.jpg","type":"image\/jpeg"}],"author":"Nexo Informativo","twitter_card":"summary_large_image","twitter_misc":{"Escrito por":"Nexo Informativo","Tiempo de lectura":"2 minutos"},"schema":{"@context":"https:\/\/schema.org","@graph":[{"@type":"Article","@id":"https:\/\/www.nexoinformativo.mx\/index.php\/2024\/10\/22\/gobierno-federal-busca-reducir-el-precio-de-la-tortilla-hasta-en-un-10\/#article","isPartOf":{"@id":"https:\/\/www.nexoinformativo.mx\/index.php\/2024\/10\/22\/gobierno-federal-busca-reducir-el-precio-de-la-tortilla-hasta-en-un-10\/"},"author":{"name":"Nexo Informativo","@id":"https:\/\/www.nexoinformativo.mx\/#\/schema\/person\/7749d380ba08c8ca00d7bc76fd907b7d"},"headline":"Gobierno Federal busca reducir el precio de la tortilla hasta en un 10%","datePublished":"2024-10-22T16:30:25+00:00","dateModified":"2024-10-22T18:46:52+00:00","mainEntityOfPage":{"@id":"https:\/\/www.nexoinformativo.mx\/index.php\/2024\/10\/22\/gobierno-federal-busca-reducir-el-precio-de-la-tortilla-hasta-en-un-10\/"},"wordCount":319,"commentCount":0,"publisher":{"@id":"https:\/\/www.nexoinformativo.mx\/#organization"},"image":{"@id":"https:\/\/www.nexoinformativo.mx\/index.php\/2024\/10\/22\/gobierno-federal-busca-reducir-el-precio-de-la-tortilla-hasta-en-un-10\/#primaryimage"},"thumbnailUrl":"https:\/\/www.nexoinformativo.mx\/wp-content\/uploads\/2024\/10\/IMG_7176-e1729621075874.jpg","keywords":["Alimentaci\u00f3n","Bienestar","GobiernoDeM\u00e9xico","Tortilla"],"articleSection":["Econom\u00eda","Nacional","\u00daltima Hora"],"inLanguage":"es","potentialAction":[{"@type":"CommentAction","name":"Comment","target":["https:\/\/www.nexoinformativo.mx\/index.php\/2024\/10\/22\/gobierno-federal-busca-reducir-el-precio-de-la-tortilla-hasta-en-un-10\/#respond"]}]},{"@type":"WebPage","@id":"https:\/\/www.nexoinformativo.mx\/index.php\/2024\/10\/22\/gobierno-federal-busca-reducir-el-precio-de-la-tortilla-hasta-en-un-10\/","url":"https:\/\/www.nexoinformativo.mx\/index.php\/2024\/10\/22\/gobierno-federal-busca-reducir-el-precio-de-la-tortilla-hasta-en-un-10\/","name":"Gobierno Federal busca reducir el precio de la tortilla hasta en un 10% | Nexo Informativo Santiago de Quer\u00e9taro","isPartOf":{"@id":"https:\/\/www.nexoinformativo.mx\/#website"},"primaryImageOfPage":{"@id":"https:\/\/www.nexoinformativo.mx\/index.php\/2024\/10\/22\/gobierno-federal-busca-reducir-el-precio-de-la-tortilla-hasta-en-un-10\/#primaryimage"},"image":{"@id":"https:\/\/www.nexoinformativo.mx\/index.php\/2024\/10\/22\/gobierno-federal-busca-reducir-el-precio-de-la-tortilla-hasta-en-un-10\/#primaryimage"},"thumbnailUrl":"https:\/\/www.nexoinformativo.mx\/wp-content\/uploads\/2024\/10\/IMG_7176-e1729621075874.jpg","datePublished":"2024-10-22T16:30:25+00:00","dateModified":"2024-10-22T18:46:52+00:00","description":"Gobierno Federal busca reducir el precio de la tortilla hasta en un 10%","breadcrumb":{"@id":"https:\/\/www.nexoinformativo.mx\/index.php\/2024\/10\/22\/gobierno-federal-busca-reducir-el-precio-de-la-tortilla-hasta-en-un-10\/#breadcrumb"},"inLanguage":"es","potentialAction":[{"@type":"ReadAction","target":["https:\/\/www.nexoinformativo.mx\/index.php\/2024\/10\/22\/gobierno-federal-busca-reducir-el-precio-de-la-tortilla-hasta-en-un-10\/"]}]},{"@type":"ImageObject","inLanguage":"es","@id":"https:\/\/www.nexoinformativo.mx\/index.php\/2024\/10\/22\/gobierno-federal-busca-reducir-el-precio-de-la-tortilla-hasta-en-un-10\/#primaryimage","url":"https:\/\/www.nexoinformativo.mx\/wp-content\/uploads\/2024\/10\/IMG_7176-e1729621075874.jpg","contentUrl":"https:\/\/www.nexoinformativo.mx\/wp-content\/uploads\/2024\/10\/IMG_7176-e1729621075874.jpg","width":800,"height":1000},{"@type":"BreadcrumbList","@id":"https:\/\/www.nexoinformativo.mx\/index.php\/2024\/10\/22\/gobierno-federal-busca-reducir-el-precio-de-la-tortilla-hasta-en-un-10\/#breadcrumb","itemListElement":[{"@type":"ListItem","position":1,"name":"Inicio","item":"https:\/\/www.nexoinformativo.mx\/"},{"@type":"ListItem","position":2,"name":"Gobierno Federal busca reducir el precio de la tortilla hasta en un 10%"}]},{"@type":"WebSite","@id":"https:\/\/www.nexoinformativo.mx\/#website","url":"https:\/\/www.nexoinformativo.mx\/","name":"Nexo Informativo Santiago de Quer\u00e9taro","description":"Explora NexoInformativo y convi\u00e9rtete en parte de una comunidad que valora el conocimiento y la verdad. Tu nexoinformativo es tu puente hacia una comprensi\u00f3n m\u00e1s profunda del mundo que te rodea.","publisher":{"@id":"https:\/\/www.nexoinformativo.mx\/#organization"},"potentialAction":[{"@type":"SearchAction","target":{"@type":"EntryPoint","urlTemplate":"https:\/\/www.nexoinformativo.mx\/?s={search_term_string}"},"query-input":{"@type":"PropertyValueSpecification","valueRequired":true,"valueName":"search_term_string"}}],"inLanguage":"es"},{"@type":"Organization","@id":"https:\/\/www.nexoinformativo.mx\/#organization","name":"Nexo Informativo Santiago de Quer\u00e9taro","url":"https:\/\/www.nexoinformativo.mx\/","logo":{"@type":"ImageObject","inLanguage":"es","@id":"https:\/\/www.nexoinformativo.mx\/#\/schema\/logo\/image\/","url":"https:\/\/www.nexoinformativo.mx\/wp-content\/uploads\/2024\/07\/nexoi-trasparente-2.png","contentUrl":"https:\/\/www.nexoinformativo.mx\/wp-content\/uploads\/2024\/07\/nexoi-trasparente-2.png","width":816,"height":339,"caption":"Nexo Informativo Santiago de Quer\u00e9taro"},"image":{"@id":"https:\/\/www.nexoinformativo.mx\/#\/schema\/logo\/image\/"},"sameAs":["https:\/\/www.facebook.com\/people\/Nexo-Informativo\/61564066885511\/"]},{"@type":"Person","@id":"https:\/\/www.nexoinformativo.mx\/#\/schema\/person\/7749d380ba08c8ca00d7bc76fd907b7d","name":"Nexo Informativo","image":{"@type":"ImageObject","inLanguage":"es","@id":"https:\/\/www.nexoinformativo.mx\/#\/schema\/person\/image\/","url":"https:\/\/secure.gravatar.com\/avatar\/dde2928154642a13d95f87ddf1ea9718fe2b46760a005c53e41ff5ad610704e6?s=96&d=mm&r=g","contentUrl":"https:\/\/secure.gravatar.com\/avatar\/dde2928154642a13d95f87ddf1ea9718fe2b46760a005c53e41ff5ad610704e6?s=96&d=mm&r=g","caption":"Nexo Informativo"},"url":"https:\/\/www.nexoinformativo.mx\/index.php\/author\/edicion\/"}]}},"_links":{"self":[{"href":"https:\/\/www.nexoinformativo.mx\/index.php\/wp-json\/wp\/v2\/posts\/4091","targetHints":{"allow":["GET"]}}],"collection":[{"href":"https:\/\/www.nexoinformativo.mx\/index.php\/wp-json\/wp\/v2\/posts"}],"about":[{"href":"https:\/\/www.nexoinformativo.mx\/index.php\/wp-json\/wp\/v2\/types\/post"}],"author":[{"embeddable":true,"href":"https:\/\/www.nexoinformativo.mx\/index.php\/wp-json\/wp\/v2\/users\/3"}],"replies":[{"embeddable":true,"href":"https:\/\/www.nexoinformativo.mx\/index.php\/wp-json\/wp\/v2\/comments?post=4091"}],"version-history":[{"count":9,"href":"https:\/\/www.nexoinformativo.mx\/index.php\/wp-json\/wp\/v2\/posts\/4091\/revisions"}],"predecessor-version":[{"id":4095,"href":"https:\/\/www.nexoinformativo.mx\/index.php\/wp-json\/wp\/v2\/posts\/4091\/revisions\/4095"}],"wp:featuredmedia":[{"embeddable":true,"href":"https:\/\/www.nexoinformativo.mx\/index.php\/wp-json\/wp\/v2\/media\/4092"}],"wp:attachment":[{"href":"https:\/\/www.nexoinformativo.mx\/index.php\/wp-json\/wp\/v2\/media?parent=4091"}],"wp:term":[{"taxonomy":"category","embeddable":true,"href":"https:\/\/www.nexoinformativo.mx\/index.php\/wp-json\/wp\/v2\/categories?post=4091"},{"taxonomy":"post_tag","embeddable":true,"href":"https:\/\/www.nexoinformativo.mx\/index.php\/wp-json\/wp\/v2\/tags?post=4091"}],"curies":[{"name":"wp","href":"https:\/\/api.w.org\/{rel}","templated":true}]}}