{"id":4104,"date":"2024-10-22T11:00:22","date_gmt":"2024-10-22T17:00:22","guid":{"rendered":"https:\/\/www.nexoinformativo.mx\/?p=4104"},"modified":"2024-10-22T12:49:18","modified_gmt":"2024-10-22T18:49:18","slug":"corregidora-se-viste-de-fiesta-para-celebrar-el-dia-de-muertos-con-el-festival-huesos-y-tradiciones","status":"publish","type":"post","link":"https:\/\/www.nexoinformativo.mx\/index.php\/2024\/10\/22\/corregidora-se-viste-de-fiesta-para-celebrar-el-dia-de-muertos-con-el-festival-huesos-y-tradiciones\/","title":{"rendered":"Corregidora se viste de fiesta para celebrar el D\u00eda de Muertos con el Festival Huesos y Tradiciones"},"content":{"rendered":"<p style=\"text-align: justify;\" data-sourcepos=\"5:1-5:385\">El municipio de Corregidora se prepara para celebrar una de las tradiciones m\u00e1s importantes de M\u00e9xico: el D\u00eda de Muertos. Del 31 de octubre al 3 de noviembre, la Plaza Gran Cu\u00e9 y la Unidad Deportiva de El Pueblito se transformar\u00e1n en un espacio m\u00e1gico lleno de color, m\u00fasica y actividades para toda la familia, gracias al sexto Festival Huesos y Tradiciones.<\/p>\n<p>&nbsp;<\/p>\n<p style=\"text-align: justify;\" data-sourcepos=\"7:1-7:337\">Este a\u00f1o, el festival promete ser m\u00e1s grande y espectacular que nunca, con un programa que incluye desde espect\u00e1culos musicales y teatrales hasta concursos de catrinas y un impresionante show de alebrijes iluminados. Adem\u00e1s, se contar\u00e1 con la participaci\u00f3n de luchadores profesionales para cerrar con broche de oro esta gran celebraci\u00f3n.<\/p>\n<p>&nbsp;<\/p>\n<p style=\"text-align: justify;\" data-sourcepos=\"9:1-9:284\">La titular de la Secretar\u00eda de Cultura y Tradiciones de Corregidora, Schoenstatt Cabrera, destac\u00f3 la importancia de preservar y promover las tradiciones mexicanas. &#8220;Nuestro compromiso es claro: seguimos promoviendo las tradiciones y la cultura que nos hacen \u00fanicos&#8221;, afirm\u00f3.<\/p>\n<p>&nbsp;<\/p>\n<p style=\"text-align: justify;\" data-sourcepos=\"11:1-11:245\">Por su parte, Adolfo Col\u00edn, titular de la Secretar\u00eda de Desarrollo Econ\u00f3mico, resalt\u00f3 el impacto econ\u00f3mico que tiene este festival, esperando la asistencia de m\u00e1s de 40 mil personas y una derrama econ\u00f3mica superior a los cinco millones de pesos.<\/p>\n<p>&nbsp;<\/p>\n<p style=\"text-align: justify;\" data-sourcepos=\"15:1-15:223\">La Plaza Gran Cu\u00e9 ser\u00e1 adornada con impresionantes esculturas monumentales alusivas al D\u00eda de Muertos, creando un ambiente m\u00e1gico y lleno de color. Adem\u00e1s, habr\u00e1 un variado programa cultural y musical para todas las edades. \u00a1Ven y \u00fanete a nosotros para celebrar el D\u00eda de Muertos en Corregidora!<\/p>\n<p>&nbsp;<\/p>\n<p style=\"text-align: justify;\" data-sourcepos=\"17:1-17:102\">Para conocer el programa completo y horarios, te invitamos a seguir las redes sociales del evento:<\/p>\n<ul style=\"text-align: justify;\" data-sourcepos=\"19:1-21:0\">\n<li data-sourcepos=\"19:1-19:32\">Instagram: Cultura.corregidora<\/li>\n<li data-sourcepos=\"20:1-21:0\">Facebook: Secretar\u00eda de Cultura y Tradiciones-Corregidora\n<p style=\"text-align: center;\" data-sourcepos=\"22:1-22:75\"><em><strong>\u00a1Informaci\u00f3n que transforma!<\/strong><\/em><\/p>\n<\/li>\n<\/ul>\n","protected":false},"excerpt":{"rendered":"<p>El municipio de Corregidora se prepara para celebrar una de las tradiciones m\u00e1s importantes de M\u00e9xico: el D\u00eda de Muertos.<\/p>\n","protected":false},"author":3,"featured_media":4105,"comment_status":"open","ping_status":"open","sticky":false,"template":"","format":"standard","meta":{"footnotes":""},"categories":[65,58],"tags":[233,1538,1287,1537],"class_list":["post-4104","post","type-post","status-publish","format-standard","has-post-thumbnail","hentry","category-municipios","category-ultima-hora","tag-corregidora","tag-culturamexicana","tag-diademuertos","tag-huesosytradiciones"],"yoast_head":"<!-- This site is optimized with the Yoast SEO plugin v25.0 - https:\/\/yoast.com\/wordpress\/plugins\/seo\/ -->\n<title>Corregidora se viste de fiesta para celebrar el D\u00eda de Muertos con el Festival Huesos y Tradiciones | Nexo Informativo Santiago de Quer\u00e9taro<\/title>\n<meta name=\"description\" content=\"Corregidora se viste de fiesta para celebrar el D\u00eda de Muertos con el Festival Huesos y Tradiciones\" \/>\n<meta name=\"robots\" content=\"index, follow, max-snippet:-1, max-image-preview:large, max-video-preview:-1\" \/>\n<link rel=\"canonical\" href=\"https:\/\/www.nexoinformativo.mx\/index.php\/2024\/10\/22\/corregidora-se-viste-de-fiesta-para-celebrar-el-dia-de-muertos-con-el-festival-huesos-y-tradiciones\/\" \/>\n<meta property=\"og:locale\" content=\"es_MX\" \/>\n<meta property=\"og:type\" content=\"article\" \/>\n<meta property=\"og:title\" content=\"Corregidora se viste de fiesta para celebrar el D\u00eda de Muertos con el Festival Huesos y Tradiciones | Nexo Informativo Santiago de Quer\u00e9taro\" \/>\n<meta property=\"og:description\" content=\"Corregidora se viste de fiesta para celebrar el D\u00eda de Muertos con el Festival Huesos y Tradiciones\" \/>\n<meta property=\"og:url\" content=\"https:\/\/www.nexoinformativo.mx\/index.php\/2024\/10\/22\/corregidora-se-viste-de-fiesta-para-celebrar-el-dia-de-muertos-con-el-festival-huesos-y-tradiciones\/\" \/>\n<meta property=\"og:site_name\" content=\"Nexo Informativo Santiago de Quer\u00e9taro\" \/>\n<meta property=\"article:publisher\" content=\"https:\/\/www.facebook.com\/people\/Nexo-Informativo\/61564066885511\/\" \/>\n<meta property=\"article:published_time\" content=\"2024-10-22T17:00:22+00:00\" \/>\n<meta property=\"article:modified_time\" content=\"2024-10-22T18:49:18+00:00\" \/>\n<meta property=\"og:image\" content=\"https:\/\/www.nexoinformativo.mx\/wp-content\/uploads\/2024\/10\/PHOTO-2024-10-22-12-11-29-e1729622591592.jpg\" \/>\n\t<meta property=\"og:image:width\" content=\"800\" \/>\n\t<meta property=\"og:image:height\" content=\"1000\" \/>\n\t<meta property=\"og:image:type\" content=\"image\/jpeg\" \/>\n<meta name=\"author\" content=\"Nexo Informativo\" \/>\n<meta name=\"twitter:card\" content=\"summary_large_image\" \/>\n<meta name=\"twitter:label1\" content=\"Escrito por\" \/>\n\t<meta name=\"twitter:data1\" content=\"Nexo Informativo\" \/>\n\t<meta name=\"twitter:label2\" content=\"Tiempo de lectura\" \/>\n\t<meta name=\"twitter:data2\" content=\"2 minutos\" \/>\n<script type=\"application\/ld+json\" class=\"yoast-schema-graph\">{\"@context\":\"https:\/\/schema.org\",\"@graph\":[{\"@type\":\"Article\",\"@id\":\"https:\/\/www.nexoinformativo.mx\/index.php\/2024\/10\/22\/corregidora-se-viste-de-fiesta-para-celebrar-el-dia-de-muertos-con-el-festival-huesos-y-tradiciones\/#article\",\"isPartOf\":{\"@id\":\"https:\/\/www.nexoinformativo.mx\/index.php\/2024\/10\/22\/corregidora-se-viste-de-fiesta-para-celebrar-el-dia-de-muertos-con-el-festival-huesos-y-tradiciones\/\"},\"author\":{\"name\":\"Nexo Informativo\",\"@id\":\"https:\/\/www.nexoinformativo.mx\/#\/schema\/person\/7749d380ba08c8ca00d7bc76fd907b7d\"},\"headline\":\"Corregidora se viste de fiesta para celebrar el D\u00eda de Muertos con el Festival Huesos y Tradiciones\",\"datePublished\":\"2024-10-22T17:00:22+00:00\",\"dateModified\":\"2024-10-22T18:49:18+00:00\",\"mainEntityOfPage\":{\"@id\":\"https:\/\/www.nexoinformativo.mx\/index.php\/2024\/10\/22\/corregidora-se-viste-de-fiesta-para-celebrar-el-dia-de-muertos-con-el-festival-huesos-y-tradiciones\/\"},\"wordCount\":313,\"commentCount\":0,\"publisher\":{\"@id\":\"https:\/\/www.nexoinformativo.mx\/#organization\"},\"image\":{\"@id\":\"https:\/\/www.nexoinformativo.mx\/index.php\/2024\/10\/22\/corregidora-se-viste-de-fiesta-para-celebrar-el-dia-de-muertos-con-el-festival-huesos-y-tradiciones\/#primaryimage\"},\"thumbnailUrl\":\"https:\/\/www.nexoinformativo.mx\/wp-content\/uploads\/2024\/10\/PHOTO-2024-10-22-12-11-29-e1729622591592.jpg\",\"keywords\":[\"Corregidora\",\"CulturaMexicana\",\"D\u00edaDeMuertos\",\"HuesosYTradiciones\"],\"articleSection\":[\"Municipios\",\"\u00daltima Hora\"],\"inLanguage\":\"es\",\"potentialAction\":[{\"@type\":\"CommentAction\",\"name\":\"Comment\",\"target\":[\"https:\/\/www.nexoinformativo.mx\/index.php\/2024\/10\/22\/corregidora-se-viste-de-fiesta-para-celebrar-el-dia-de-muertos-con-el-festival-huesos-y-tradiciones\/#respond\"]}]},{\"@type\":\"WebPage\",\"@id\":\"https:\/\/www.nexoinformativo.mx\/index.php\/2024\/10\/22\/corregidora-se-viste-de-fiesta-para-celebrar-el-dia-de-muertos-con-el-festival-huesos-y-tradiciones\/\",\"url\":\"https:\/\/www.nexoinformativo.mx\/index.php\/2024\/10\/22\/corregidora-se-viste-de-fiesta-para-celebrar-el-dia-de-muertos-con-el-festival-huesos-y-tradiciones\/\",\"name\":\"Corregidora se viste de fiesta para celebrar el D\u00eda de Muertos con el Festival Huesos y Tradiciones | Nexo Informativo Santiago de Quer\u00e9taro\",\"isPartOf\":{\"@id\":\"https:\/\/www.nexoinformativo.mx\/#website\"},\"primaryImageOfPage\":{\"@id\":\"https:\/\/www.nexoinformativo.mx\/index.php\/2024\/10\/22\/corregidora-se-viste-de-fiesta-para-celebrar-el-dia-de-muertos-con-el-festival-huesos-y-tradiciones\/#primaryimage\"},\"image\":{\"@id\":\"https:\/\/www.nexoinformativo.mx\/index.php\/2024\/10\/22\/corregidora-se-viste-de-fiesta-para-celebrar-el-dia-de-muertos-con-el-festival-huesos-y-tradiciones\/#primaryimage\"},\"thumbnailUrl\":\"https:\/\/www.nexoinformativo.mx\/wp-content\/uploads\/2024\/10\/PHOTO-2024-10-22-12-11-29-e1729622591592.jpg\",\"datePublished\":\"2024-10-22T17:00:22+00:00\",\"dateModified\":\"2024-10-22T18:49:18+00:00\",\"description\":\"Corregidora se viste de fiesta para celebrar el D\u00eda de Muertos con el Festival Huesos y Tradiciones\",\"breadcrumb\":{\"@id\":\"https:\/\/www.nexoinformativo.mx\/index.php\/2024\/10\/22\/corregidora-se-viste-de-fiesta-para-celebrar-el-dia-de-muertos-con-el-festival-huesos-y-tradiciones\/#breadcrumb\"},\"inLanguage\":\"es\",\"potentialAction\":[{\"@type\":\"ReadAction\",\"target\":[\"https:\/\/www.nexoinformativo.mx\/index.php\/2024\/10\/22\/corregidora-se-viste-de-fiesta-para-celebrar-el-dia-de-muertos-con-el-festival-huesos-y-tradiciones\/\"]}]},{\"@type\":\"ImageObject\",\"inLanguage\":\"es\",\"@id\":\"https:\/\/www.nexoinformativo.mx\/index.php\/2024\/10\/22\/corregidora-se-viste-de-fiesta-para-celebrar-el-dia-de-muertos-con-el-festival-huesos-y-tradiciones\/#primaryimage\",\"url\":\"https:\/\/www.nexoinformativo.mx\/wp-content\/uploads\/2024\/10\/PHOTO-2024-10-22-12-11-29-e1729622591592.jpg\",\"contentUrl\":\"https:\/\/www.nexoinformativo.mx\/wp-content\/uploads\/2024\/10\/PHOTO-2024-10-22-12-11-29-e1729622591592.jpg\",\"width\":800,\"height\":1000},{\"@type\":\"BreadcrumbList\",\"@id\":\"https:\/\/www.nexoinformativo.mx\/index.php\/2024\/10\/22\/corregidora-se-viste-de-fiesta-para-celebrar-el-dia-de-muertos-con-el-festival-huesos-y-tradiciones\/#breadcrumb\",\"itemListElement\":[{\"@type\":\"ListItem\",\"position\":1,\"name\":\"Inicio\",\"item\":\"https:\/\/www.nexoinformativo.mx\/\"},{\"@type\":\"ListItem\",\"position\":2,\"name\":\"Corregidora se viste de fiesta para celebrar el D\u00eda de Muertos con el Festival Huesos y Tradiciones\"}]},{\"@type\":\"WebSite\",\"@id\":\"https:\/\/www.nexoinformativo.mx\/#website\",\"url\":\"https:\/\/www.nexoinformativo.mx\/\",\"name\":\"Nexo Informativo Santiago de Quer\u00e9taro\",\"description\":\"Explora NexoInformativo y convi\u00e9rtete en parte de una comunidad que valora el conocimiento y la verdad. Tu nexoinformativo es tu puente hacia una comprensi\u00f3n m\u00e1s profunda del mundo que te rodea.\",\"publisher\":{\"@id\":\"https:\/\/www.nexoinformativo.mx\/#organization\"},\"potentialAction\":[{\"@type\":\"SearchAction\",\"target\":{\"@type\":\"EntryPoint\",\"urlTemplate\":\"https:\/\/www.nexoinformativo.mx\/?s={search_term_string}\"},\"query-input\":{\"@type\":\"PropertyValueSpecification\",\"valueRequired\":true,\"valueName\":\"search_term_string\"}}],\"inLanguage\":\"es\"},{\"@type\":\"Organization\",\"@id\":\"https:\/\/www.nexoinformativo.mx\/#organization\",\"name\":\"Nexo Informativo Santiago de Quer\u00e9taro\",\"url\":\"https:\/\/www.nexoinformativo.mx\/\",\"logo\":{\"@type\":\"ImageObject\",\"inLanguage\":\"es\",\"@id\":\"https:\/\/www.nexoinformativo.mx\/#\/schema\/logo\/image\/\",\"url\":\"https:\/\/www.nexoinformativo.mx\/wp-content\/uploads\/2024\/07\/nexoi-trasparente-2.png\",\"contentUrl\":\"https:\/\/www.nexoinformativo.mx\/wp-content\/uploads\/2024\/07\/nexoi-trasparente-2.png\",\"width\":816,\"height\":339,\"caption\":\"Nexo Informativo Santiago de Quer\u00e9taro\"},\"image\":{\"@id\":\"https:\/\/www.nexoinformativo.mx\/#\/schema\/logo\/image\/\"},\"sameAs\":[\"https:\/\/www.facebook.com\/people\/Nexo-Informativo\/61564066885511\/\"]},{\"@type\":\"Person\",\"@id\":\"https:\/\/www.nexoinformativo.mx\/#\/schema\/person\/7749d380ba08c8ca00d7bc76fd907b7d\",\"name\":\"Nexo Informativo\",\"image\":{\"@type\":\"ImageObject\",\"inLanguage\":\"es\",\"@id\":\"https:\/\/www.nexoinformativo.mx\/#\/schema\/person\/image\/\",\"url\":\"https:\/\/secure.gravatar.com\/avatar\/dde2928154642a13d95f87ddf1ea9718fe2b46760a005c53e41ff5ad610704e6?s=96&d=mm&r=g\",\"contentUrl\":\"https:\/\/secure.gravatar.com\/avatar\/dde2928154642a13d95f87ddf1ea9718fe2b46760a005c53e41ff5ad610704e6?s=96&d=mm&r=g\",\"caption\":\"Nexo Informativo\"},\"url\":\"https:\/\/www.nexoinformativo.mx\/index.php\/author\/edicion\/\"}]}<\/script>\n<!-- \/ Yoast SEO plugin. -->","yoast_head_json":{"title":"Corregidora se viste de fiesta para celebrar el D\u00eda de Muertos con el Festival Huesos y Tradiciones | Nexo Informativo Santiago de Quer\u00e9taro","description":"Corregidora se viste de fiesta para celebrar el D\u00eda de Muertos con el Festival Huesos y Tradiciones","robots":{"index":"index","follow":"follow","max-snippet":"max-snippet:-1","max-image-preview":"max-image-preview:large","max-video-preview":"max-video-preview:-1"},"canonical":"https:\/\/www.nexoinformativo.mx\/index.php\/2024\/10\/22\/corregidora-se-viste-de-fiesta-para-celebrar-el-dia-de-muertos-con-el-festival-huesos-y-tradiciones\/","og_locale":"es_MX","og_type":"article","og_title":"Corregidora se viste de fiesta para celebrar el D\u00eda de Muertos con el Festival Huesos y Tradiciones | Nexo Informativo Santiago de Quer\u00e9taro","og_description":"Corregidora se viste de fiesta para celebrar el D\u00eda de Muertos con el Festival Huesos y Tradiciones","og_url":"https:\/\/www.nexoinformativo.mx\/index.php\/2024\/10\/22\/corregidora-se-viste-de-fiesta-para-celebrar-el-dia-de-muertos-con-el-festival-huesos-y-tradiciones\/","og_site_name":"Nexo Informativo Santiago de Quer\u00e9taro","article_publisher":"https:\/\/www.facebook.com\/people\/Nexo-Informativo\/61564066885511\/","article_published_time":"2024-10-22T17:00:22+00:00","article_modified_time":"2024-10-22T18:49:18+00:00","og_image":[{"width":800,"height":1000,"url":"https:\/\/www.nexoinformativo.mx\/wp-content\/uploads\/2024\/10\/PHOTO-2024-10-22-12-11-29-e1729622591592.jpg","type":"image\/jpeg"}],"author":"Nexo Informativo","twitter_card":"summary_large_image","twitter_misc":{"Escrito por":"Nexo Informativo","Tiempo de lectura":"2 minutos"},"schema":{"@context":"https:\/\/schema.org","@graph":[{"@type":"Article","@id":"https:\/\/www.nexoinformativo.mx\/index.php\/2024\/10\/22\/corregidora-se-viste-de-fiesta-para-celebrar-el-dia-de-muertos-con-el-festival-huesos-y-tradiciones\/#article","isPartOf":{"@id":"https:\/\/www.nexoinformativo.mx\/index.php\/2024\/10\/22\/corregidora-se-viste-de-fiesta-para-celebrar-el-dia-de-muertos-con-el-festival-huesos-y-tradiciones\/"},"author":{"name":"Nexo Informativo","@id":"https:\/\/www.nexoinformativo.mx\/#\/schema\/person\/7749d380ba08c8ca00d7bc76fd907b7d"},"headline":"Corregidora se viste de fiesta para celebrar el D\u00eda de Muertos con el Festival Huesos y Tradiciones","datePublished":"2024-10-22T17:00:22+00:00","dateModified":"2024-10-22T18:49:18+00:00","mainEntityOfPage":{"@id":"https:\/\/www.nexoinformativo.mx\/index.php\/2024\/10\/22\/corregidora-se-viste-de-fiesta-para-celebrar-el-dia-de-muertos-con-el-festival-huesos-y-tradiciones\/"},"wordCount":313,"commentCount":0,"publisher":{"@id":"https:\/\/www.nexoinformativo.mx\/#organization"},"image":{"@id":"https:\/\/www.nexoinformativo.mx\/index.php\/2024\/10\/22\/corregidora-se-viste-de-fiesta-para-celebrar-el-dia-de-muertos-con-el-festival-huesos-y-tradiciones\/#primaryimage"},"thumbnailUrl":"https:\/\/www.nexoinformativo.mx\/wp-content\/uploads\/2024\/10\/PHOTO-2024-10-22-12-11-29-e1729622591592.jpg","keywords":["Corregidora","CulturaMexicana","D\u00edaDeMuertos","HuesosYTradiciones"],"articleSection":["Municipios","\u00daltima Hora"],"inLanguage":"es","potentialAction":[{"@type":"CommentAction","name":"Comment","target":["https:\/\/www.nexoinformativo.mx\/index.php\/2024\/10\/22\/corregidora-se-viste-de-fiesta-para-celebrar-el-dia-de-muertos-con-el-festival-huesos-y-tradiciones\/#respond"]}]},{"@type":"WebPage","@id":"https:\/\/www.nexoinformativo.mx\/index.php\/2024\/10\/22\/corregidora-se-viste-de-fiesta-para-celebrar-el-dia-de-muertos-con-el-festival-huesos-y-tradiciones\/","url":"https:\/\/www.nexoinformativo.mx\/index.php\/2024\/10\/22\/corregidora-se-viste-de-fiesta-para-celebrar-el-dia-de-muertos-con-el-festival-huesos-y-tradiciones\/","name":"Corregidora se viste de fiesta para celebrar el D\u00eda de Muertos con el Festival Huesos y Tradiciones | Nexo Informativo Santiago de Quer\u00e9taro","isPartOf":{"@id":"https:\/\/www.nexoinformativo.mx\/#website"},"primaryImageOfPage":{"@id":"https:\/\/www.nexoinformativo.mx\/index.php\/2024\/10\/22\/corregidora-se-viste-de-fiesta-para-celebrar-el-dia-de-muertos-con-el-festival-huesos-y-tradiciones\/#primaryimage"},"image":{"@id":"https:\/\/www.nexoinformativo.mx\/index.php\/2024\/10\/22\/corregidora-se-viste-de-fiesta-para-celebrar-el-dia-de-muertos-con-el-festival-huesos-y-tradiciones\/#primaryimage"},"thumbnailUrl":"https:\/\/www.nexoinformativo.mx\/wp-content\/uploads\/2024\/10\/PHOTO-2024-10-22-12-11-29-e1729622591592.jpg","datePublished":"2024-10-22T17:00:22+00:00","dateModified":"2024-10-22T18:49:18+00:00","description":"Corregidora se viste de fiesta para celebrar el D\u00eda de Muertos con el Festival Huesos y Tradiciones","breadcrumb":{"@id":"https:\/\/www.nexoinformativo.mx\/index.php\/2024\/10\/22\/corregidora-se-viste-de-fiesta-para-celebrar-el-dia-de-muertos-con-el-festival-huesos-y-tradiciones\/#breadcrumb"},"inLanguage":"es","potentialAction":[{"@type":"ReadAction","target":["https:\/\/www.nexoinformativo.mx\/index.php\/2024\/10\/22\/corregidora-se-viste-de-fiesta-para-celebrar-el-dia-de-muertos-con-el-festival-huesos-y-tradiciones\/"]}]},{"@type":"ImageObject","inLanguage":"es","@id":"https:\/\/www.nexoinformativo.mx\/index.php\/2024\/10\/22\/corregidora-se-viste-de-fiesta-para-celebrar-el-dia-de-muertos-con-el-festival-huesos-y-tradiciones\/#primaryimage","url":"https:\/\/www.nexoinformativo.mx\/wp-content\/uploads\/2024\/10\/PHOTO-2024-10-22-12-11-29-e1729622591592.jpg","contentUrl":"https:\/\/www.nexoinformativo.mx\/wp-content\/uploads\/2024\/10\/PHOTO-2024-10-22-12-11-29-e1729622591592.jpg","width":800,"height":1000},{"@type":"BreadcrumbList","@id":"https:\/\/www.nexoinformativo.mx\/index.php\/2024\/10\/22\/corregidora-se-viste-de-fiesta-para-celebrar-el-dia-de-muertos-con-el-festival-huesos-y-tradiciones\/#breadcrumb","itemListElement":[{"@type":"ListItem","position":1,"name":"Inicio","item":"https:\/\/www.nexoinformativo.mx\/"},{"@type":"ListItem","position":2,"name":"Corregidora se viste de fiesta para celebrar el D\u00eda de Muertos con el Festival Huesos y Tradiciones"}]},{"@type":"WebSite","@id":"https:\/\/www.nexoinformativo.mx\/#website","url":"https:\/\/www.nexoinformativo.mx\/","name":"Nexo Informativo Santiago de Quer\u00e9taro","description":"Explora NexoInformativo y convi\u00e9rtete en parte de una comunidad que valora el conocimiento y la verdad. Tu nexoinformativo es tu puente hacia una comprensi\u00f3n m\u00e1s profunda del mundo que te rodea.","publisher":{"@id":"https:\/\/www.nexoinformativo.mx\/#organization"},"potentialAction":[{"@type":"SearchAction","target":{"@type":"EntryPoint","urlTemplate":"https:\/\/www.nexoinformativo.mx\/?s={search_term_string}"},"query-input":{"@type":"PropertyValueSpecification","valueRequired":true,"valueName":"search_term_string"}}],"inLanguage":"es"},{"@type":"Organization","@id":"https:\/\/www.nexoinformativo.mx\/#organization","name":"Nexo Informativo Santiago de Quer\u00e9taro","url":"https:\/\/www.nexoinformativo.mx\/","logo":{"@type":"ImageObject","inLanguage":"es","@id":"https:\/\/www.nexoinformativo.mx\/#\/schema\/logo\/image\/","url":"https:\/\/www.nexoinformativo.mx\/wp-content\/uploads\/2024\/07\/nexoi-trasparente-2.png","contentUrl":"https:\/\/www.nexoinformativo.mx\/wp-content\/uploads\/2024\/07\/nexoi-trasparente-2.png","width":816,"height":339,"caption":"Nexo Informativo Santiago de Quer\u00e9taro"},"image":{"@id":"https:\/\/www.nexoinformativo.mx\/#\/schema\/logo\/image\/"},"sameAs":["https:\/\/www.facebook.com\/people\/Nexo-Informativo\/61564066885511\/"]},{"@type":"Person","@id":"https:\/\/www.nexoinformativo.mx\/#\/schema\/person\/7749d380ba08c8ca00d7bc76fd907b7d","name":"Nexo Informativo","image":{"@type":"ImageObject","inLanguage":"es","@id":"https:\/\/www.nexoinformativo.mx\/#\/schema\/person\/image\/","url":"https:\/\/secure.gravatar.com\/avatar\/dde2928154642a13d95f87ddf1ea9718fe2b46760a005c53e41ff5ad610704e6?s=96&d=mm&r=g","contentUrl":"https:\/\/secure.gravatar.com\/avatar\/dde2928154642a13d95f87ddf1ea9718fe2b46760a005c53e41ff5ad610704e6?s=96&d=mm&r=g","caption":"Nexo Informativo"},"url":"https:\/\/www.nexoinformativo.mx\/index.php\/author\/edicion\/"}]}},"_links":{"self":[{"href":"https:\/\/www.nexoinformativo.mx\/index.php\/wp-json\/wp\/v2\/posts\/4104","targetHints":{"allow":["GET"]}}],"collection":[{"href":"https:\/\/www.nexoinformativo.mx\/index.php\/wp-json\/wp\/v2\/posts"}],"about":[{"href":"https:\/\/www.nexoinformativo.mx\/index.php\/wp-json\/wp\/v2\/types\/post"}],"author":[{"embeddable":true,"href":"https:\/\/www.nexoinformativo.mx\/index.php\/wp-json\/wp\/v2\/users\/3"}],"replies":[{"embeddable":true,"href":"https:\/\/www.nexoinformativo.mx\/index.php\/wp-json\/wp\/v2\/comments?post=4104"}],"version-history":[{"count":7,"href":"https:\/\/www.nexoinformativo.mx\/index.php\/wp-json\/wp\/v2\/posts\/4104\/revisions"}],"predecessor-version":[{"id":4113,"href":"https:\/\/www.nexoinformativo.mx\/index.php\/wp-json\/wp\/v2\/posts\/4104\/revisions\/4113"}],"wp:featuredmedia":[{"embeddable":true,"href":"https:\/\/www.nexoinformativo.mx\/index.php\/wp-json\/wp\/v2\/media\/4105"}],"wp:attachment":[{"href":"https:\/\/www.nexoinformativo.mx\/index.php\/wp-json\/wp\/v2\/media?parent=4104"}],"wp:term":[{"taxonomy":"category","embeddable":true,"href":"https:\/\/www.nexoinformativo.mx\/index.php\/wp-json\/wp\/v2\/categories?post=4104"},{"taxonomy":"post_tag","embeddable":true,"href":"https:\/\/www.nexoinformativo.mx\/index.php\/wp-json\/wp\/v2\/tags?post=4104"}],"curies":[{"name":"wp","href":"https:\/\/api.w.org\/{rel}","templated":true}]}}