{"id":4123,"date":"2024-10-22T12:00:53","date_gmt":"2024-10-22T18:00:53","guid":{"rendered":"https:\/\/www.nexoinformativo.mx\/?p=4123"},"modified":"2024-10-22T13:04:59","modified_gmt":"2024-10-22T19:04:59","slug":"pulqueretaro-fest-2024-una-celebracion-al-corazon-del-maguey","status":"publish","type":"post","link":"https:\/\/www.nexoinformativo.mx\/index.php\/2024\/10\/22\/pulqueretaro-fest-2024-una-celebracion-al-corazon-del-maguey\/","title":{"rendered":"Pulquer\u00e9taro Fest 2024: Una celebraci\u00f3n al coraz\u00f3n del maguey"},"content":{"rendered":"<p style=\"text-align: justify;\" data-sourcepos=\"5:1-5:295\">El municipio de El Marqu\u00e9s se prepara para sumergirnos en una experiencia \u00fanica con el 3er <strong>Pulquer\u00e9taro Fest 2024.<\/strong> Este evento, que se llevar\u00e1 a cabo los d\u00edas 26 y 27 de octubre, rinde homenaje al maguey y al pulque, dos pilares de nuestra cultura mexicana.<\/p>\n<p>&nbsp;<\/p>\n<p style=\"text-align: justify;\" data-sourcepos=\"7:1-7:321\">Bajo el lema <strong>&#8220;El coraz\u00f3n del maguey late en Quer\u00e9taro&#8221;<\/strong>, el festival ofrecer\u00e1 un amplio abanico de actividades para todas las edades. Desde conferencias sobre la biolog\u00eda y la historia del maguey, hasta talleres para ni\u00f1os y presentaciones musicales, el Pulquer\u00e9taro Fest promete ser una experiencia inolvidable.<\/p>\n<p>&nbsp;<\/p>\n<p style=\"text-align: justify;\" data-sourcepos=\"9:1-9:285\">Uno de los momentos m\u00e1s esperados ser\u00e1 el ritual prehisp\u00e1nico del quiebre del maguey, una ceremonia ancestral que marca el inicio de la cosecha de esta noble planta. Adem\u00e1s, se realizar\u00e1n concursos literarios y se presentar\u00e1 la Orquesta 10, que amenizar\u00e1 ambas jornadas con su m\u00fasica.<\/p>\n<p>&nbsp;<\/p>\n<p style=\"text-align: justify;\" data-sourcepos=\"11:1-11:259\">La participaci\u00f3n de 20 productores de maguey de diferentes municipios de Quer\u00e9taro garantizar\u00e1 una amplia variedad de pulques para degustar. Se espera que m\u00e1s de 5 mil personas asistan al festival, generando una derrama econ\u00f3mica significativa para la regi\u00f3n.<\/p>\n<p>&nbsp;<\/p>\n<p style=\"text-align: justify;\" data-sourcepos=\"13:1-13:336\">Francisco Vega, representante de los productores de maguey y pulque, destac\u00f3 la importancia de este evento para promover la cultura del maguey y fortalecer la econom\u00eda local. <strong>&#8220;El Pulquer\u00e9taro Fest es una oportunidad para celebrar nuestras ra\u00edces y disfrutar de un producto ancestral que tiene mucho que ofrecer&#8221;<\/strong>, afirm\u00f3.<\/p>\n<p>&nbsp;<\/p>\n<p style=\"text-align: center;\" data-sourcepos=\"13:1-13:336\"><em><strong>\u00a1Informaci\u00f3n que transforma!<\/strong><\/em><\/p>\n","protected":false},"excerpt":{"rendered":"<p>El municipio de El Marqu\u00e9s se prepara para sumergirnos en una experiencia \u00fanica con el 3er Pulquer\u00e9taro Fest 2024.<\/p>\n","protected":false},"author":3,"featured_media":4124,"comment_status":"open","ping_status":"open","sticky":false,"template":"","format":"standard","meta":{"footnotes":""},"categories":[50,65,58],"tags":[1538,1542,1543,1541,133],"class_list":["post-4123","post","type-post","status-publish","format-standard","has-post-thumbnail","hentry","category-espectaculos","category-municipios","category-ultima-hora","tag-culturamexicana","tag-maguey","tag-pulque","tag-pulqueretarofest","tag-queretaro"],"yoast_head":"<!-- This site is optimized with the Yoast SEO plugin v25.0 - https:\/\/yoast.com\/wordpress\/plugins\/seo\/ -->\n<title>Pulquer\u00e9taro Fest 2024: Una celebraci\u00f3n al coraz\u00f3n del maguey | Nexo Informativo Santiago de Quer\u00e9taro<\/title>\n<meta name=\"description\" content=\"Pulquer\u00e9taro Fest 2024: Una celebraci\u00f3n al coraz\u00f3n del maguey\" \/>\n<meta name=\"robots\" content=\"index, follow, max-snippet:-1, max-image-preview:large, max-video-preview:-1\" \/>\n<link rel=\"canonical\" href=\"https:\/\/www.nexoinformativo.mx\/index.php\/2024\/10\/22\/pulqueretaro-fest-2024-una-celebracion-al-corazon-del-maguey\/\" \/>\n<meta property=\"og:locale\" content=\"es_MX\" \/>\n<meta property=\"og:type\" content=\"article\" \/>\n<meta property=\"og:title\" content=\"Pulquer\u00e9taro Fest 2024: Una celebraci\u00f3n al coraz\u00f3n del maguey | Nexo Informativo Santiago de Quer\u00e9taro\" \/>\n<meta property=\"og:description\" content=\"Pulquer\u00e9taro Fest 2024: Una celebraci\u00f3n al coraz\u00f3n del maguey\" \/>\n<meta property=\"og:url\" content=\"https:\/\/www.nexoinformativo.mx\/index.php\/2024\/10\/22\/pulqueretaro-fest-2024-una-celebracion-al-corazon-del-maguey\/\" \/>\n<meta property=\"og:site_name\" content=\"Nexo Informativo Santiago de Quer\u00e9taro\" \/>\n<meta property=\"article:publisher\" content=\"https:\/\/www.facebook.com\/people\/Nexo-Informativo\/61564066885511\/\" \/>\n<meta property=\"article:published_time\" content=\"2024-10-22T18:00:53+00:00\" \/>\n<meta property=\"article:modified_time\" content=\"2024-10-22T19:04:59+00:00\" \/>\n<meta property=\"og:image\" content=\"https:\/\/www.nexoinformativo.mx\/wp-content\/uploads\/2024\/10\/PHOTO-2024-10-22-12-27-33-e1729623662221.jpg\" \/>\n\t<meta property=\"og:image:width\" content=\"800\" \/>\n\t<meta property=\"og:image:height\" content=\"359\" \/>\n\t<meta property=\"og:image:type\" content=\"image\/jpeg\" \/>\n<meta name=\"author\" content=\"Nexo Informativo\" \/>\n<meta name=\"twitter:card\" content=\"summary_large_image\" \/>\n<meta name=\"twitter:label1\" content=\"Escrito por\" \/>\n\t<meta name=\"twitter:data1\" content=\"Nexo Informativo\" \/>\n\t<meta name=\"twitter:label2\" content=\"Tiempo de lectura\" \/>\n\t<meta name=\"twitter:data2\" content=\"2 minutos\" \/>\n<script type=\"application\/ld+json\" class=\"yoast-schema-graph\">{\"@context\":\"https:\/\/schema.org\",\"@graph\":[{\"@type\":\"Article\",\"@id\":\"https:\/\/www.nexoinformativo.mx\/index.php\/2024\/10\/22\/pulqueretaro-fest-2024-una-celebracion-al-corazon-del-maguey\/#article\",\"isPartOf\":{\"@id\":\"https:\/\/www.nexoinformativo.mx\/index.php\/2024\/10\/22\/pulqueretaro-fest-2024-una-celebracion-al-corazon-del-maguey\/\"},\"author\":{\"name\":\"Nexo Informativo\",\"@id\":\"https:\/\/www.nexoinformativo.mx\/#\/schema\/person\/7749d380ba08c8ca00d7bc76fd907b7d\"},\"headline\":\"Pulquer\u00e9taro Fest 2024: Una celebraci\u00f3n al coraz\u00f3n del maguey\",\"datePublished\":\"2024-10-22T18:00:53+00:00\",\"dateModified\":\"2024-10-22T19:04:59+00:00\",\"mainEntityOfPage\":{\"@id\":\"https:\/\/www.nexoinformativo.mx\/index.php\/2024\/10\/22\/pulqueretaro-fest-2024-una-celebracion-al-corazon-del-maguey\/\"},\"wordCount\":262,\"commentCount\":0,\"publisher\":{\"@id\":\"https:\/\/www.nexoinformativo.mx\/#organization\"},\"image\":{\"@id\":\"https:\/\/www.nexoinformativo.mx\/index.php\/2024\/10\/22\/pulqueretaro-fest-2024-una-celebracion-al-corazon-del-maguey\/#primaryimage\"},\"thumbnailUrl\":\"https:\/\/www.nexoinformativo.mx\/wp-content\/uploads\/2024\/10\/PHOTO-2024-10-22-12-27-33-e1729623662221.jpg\",\"keywords\":[\"CulturaMexicana\",\"Maguey\",\"Pulque\",\"Pulquer\u00e9taroFest\",\"Quer\u00e9taro\"],\"articleSection\":[\"Espect\u00e1culos\",\"Municipios\",\"\u00daltima Hora\"],\"inLanguage\":\"es\",\"potentialAction\":[{\"@type\":\"CommentAction\",\"name\":\"Comment\",\"target\":[\"https:\/\/www.nexoinformativo.mx\/index.php\/2024\/10\/22\/pulqueretaro-fest-2024-una-celebracion-al-corazon-del-maguey\/#respond\"]}]},{\"@type\":\"WebPage\",\"@id\":\"https:\/\/www.nexoinformativo.mx\/index.php\/2024\/10\/22\/pulqueretaro-fest-2024-una-celebracion-al-corazon-del-maguey\/\",\"url\":\"https:\/\/www.nexoinformativo.mx\/index.php\/2024\/10\/22\/pulqueretaro-fest-2024-una-celebracion-al-corazon-del-maguey\/\",\"name\":\"Pulquer\u00e9taro Fest 2024: Una celebraci\u00f3n al coraz\u00f3n del maguey | Nexo Informativo Santiago de Quer\u00e9taro\",\"isPartOf\":{\"@id\":\"https:\/\/www.nexoinformativo.mx\/#website\"},\"primaryImageOfPage\":{\"@id\":\"https:\/\/www.nexoinformativo.mx\/index.php\/2024\/10\/22\/pulqueretaro-fest-2024-una-celebracion-al-corazon-del-maguey\/#primaryimage\"},\"image\":{\"@id\":\"https:\/\/www.nexoinformativo.mx\/index.php\/2024\/10\/22\/pulqueretaro-fest-2024-una-celebracion-al-corazon-del-maguey\/#primaryimage\"},\"thumbnailUrl\":\"https:\/\/www.nexoinformativo.mx\/wp-content\/uploads\/2024\/10\/PHOTO-2024-10-22-12-27-33-e1729623662221.jpg\",\"datePublished\":\"2024-10-22T18:00:53+00:00\",\"dateModified\":\"2024-10-22T19:04:59+00:00\",\"description\":\"Pulquer\u00e9taro Fest 2024: Una celebraci\u00f3n al coraz\u00f3n del maguey\",\"breadcrumb\":{\"@id\":\"https:\/\/www.nexoinformativo.mx\/index.php\/2024\/10\/22\/pulqueretaro-fest-2024-una-celebracion-al-corazon-del-maguey\/#breadcrumb\"},\"inLanguage\":\"es\",\"potentialAction\":[{\"@type\":\"ReadAction\",\"target\":[\"https:\/\/www.nexoinformativo.mx\/index.php\/2024\/10\/22\/pulqueretaro-fest-2024-una-celebracion-al-corazon-del-maguey\/\"]}]},{\"@type\":\"ImageObject\",\"inLanguage\":\"es\",\"@id\":\"https:\/\/www.nexoinformativo.mx\/index.php\/2024\/10\/22\/pulqueretaro-fest-2024-una-celebracion-al-corazon-del-maguey\/#primaryimage\",\"url\":\"https:\/\/www.nexoinformativo.mx\/wp-content\/uploads\/2024\/10\/PHOTO-2024-10-22-12-27-33-e1729623662221.jpg\",\"contentUrl\":\"https:\/\/www.nexoinformativo.mx\/wp-content\/uploads\/2024\/10\/PHOTO-2024-10-22-12-27-33-e1729623662221.jpg\",\"width\":800,\"height\":359},{\"@type\":\"BreadcrumbList\",\"@id\":\"https:\/\/www.nexoinformativo.mx\/index.php\/2024\/10\/22\/pulqueretaro-fest-2024-una-celebracion-al-corazon-del-maguey\/#breadcrumb\",\"itemListElement\":[{\"@type\":\"ListItem\",\"position\":1,\"name\":\"Inicio\",\"item\":\"https:\/\/www.nexoinformativo.mx\/\"},{\"@type\":\"ListItem\",\"position\":2,\"name\":\"Pulquer\u00e9taro Fest 2024: Una celebraci\u00f3n al coraz\u00f3n del maguey\"}]},{\"@type\":\"WebSite\",\"@id\":\"https:\/\/www.nexoinformativo.mx\/#website\",\"url\":\"https:\/\/www.nexoinformativo.mx\/\",\"name\":\"Nexo Informativo Santiago de Quer\u00e9taro\",\"description\":\"Explora NexoInformativo y convi\u00e9rtete en parte de una comunidad que valora el conocimiento y la verdad. Tu nexoinformativo es tu puente hacia una comprensi\u00f3n m\u00e1s profunda del mundo que te rodea.\",\"publisher\":{\"@id\":\"https:\/\/www.nexoinformativo.mx\/#organization\"},\"potentialAction\":[{\"@type\":\"SearchAction\",\"target\":{\"@type\":\"EntryPoint\",\"urlTemplate\":\"https:\/\/www.nexoinformativo.mx\/?s={search_term_string}\"},\"query-input\":{\"@type\":\"PropertyValueSpecification\",\"valueRequired\":true,\"valueName\":\"search_term_string\"}}],\"inLanguage\":\"es\"},{\"@type\":\"Organization\",\"@id\":\"https:\/\/www.nexoinformativo.mx\/#organization\",\"name\":\"Nexo Informativo Santiago de Quer\u00e9taro\",\"url\":\"https:\/\/www.nexoinformativo.mx\/\",\"logo\":{\"@type\":\"ImageObject\",\"inLanguage\":\"es\",\"@id\":\"https:\/\/www.nexoinformativo.mx\/#\/schema\/logo\/image\/\",\"url\":\"https:\/\/www.nexoinformativo.mx\/wp-content\/uploads\/2024\/07\/nexoi-trasparente-2.png\",\"contentUrl\":\"https:\/\/www.nexoinformativo.mx\/wp-content\/uploads\/2024\/07\/nexoi-trasparente-2.png\",\"width\":816,\"height\":339,\"caption\":\"Nexo Informativo Santiago de Quer\u00e9taro\"},\"image\":{\"@id\":\"https:\/\/www.nexoinformativo.mx\/#\/schema\/logo\/image\/\"},\"sameAs\":[\"https:\/\/www.facebook.com\/people\/Nexo-Informativo\/61564066885511\/\"]},{\"@type\":\"Person\",\"@id\":\"https:\/\/www.nexoinformativo.mx\/#\/schema\/person\/7749d380ba08c8ca00d7bc76fd907b7d\",\"name\":\"Nexo Informativo\",\"image\":{\"@type\":\"ImageObject\",\"inLanguage\":\"es\",\"@id\":\"https:\/\/www.nexoinformativo.mx\/#\/schema\/person\/image\/\",\"url\":\"https:\/\/secure.gravatar.com\/avatar\/dde2928154642a13d95f87ddf1ea9718fe2b46760a005c53e41ff5ad610704e6?s=96&d=mm&r=g\",\"contentUrl\":\"https:\/\/secure.gravatar.com\/avatar\/dde2928154642a13d95f87ddf1ea9718fe2b46760a005c53e41ff5ad610704e6?s=96&d=mm&r=g\",\"caption\":\"Nexo Informativo\"},\"url\":\"https:\/\/www.nexoinformativo.mx\/index.php\/author\/edicion\/\"}]}<\/script>\n<!-- \/ Yoast SEO plugin. -->","yoast_head_json":{"title":"Pulquer\u00e9taro Fest 2024: Una celebraci\u00f3n al coraz\u00f3n del maguey | Nexo Informativo Santiago de Quer\u00e9taro","description":"Pulquer\u00e9taro Fest 2024: Una celebraci\u00f3n al coraz\u00f3n del maguey","robots":{"index":"index","follow":"follow","max-snippet":"max-snippet:-1","max-image-preview":"max-image-preview:large","max-video-preview":"max-video-preview:-1"},"canonical":"https:\/\/www.nexoinformativo.mx\/index.php\/2024\/10\/22\/pulqueretaro-fest-2024-una-celebracion-al-corazon-del-maguey\/","og_locale":"es_MX","og_type":"article","og_title":"Pulquer\u00e9taro Fest 2024: Una celebraci\u00f3n al coraz\u00f3n del maguey | Nexo Informativo Santiago de Quer\u00e9taro","og_description":"Pulquer\u00e9taro Fest 2024: Una celebraci\u00f3n al coraz\u00f3n del maguey","og_url":"https:\/\/www.nexoinformativo.mx\/index.php\/2024\/10\/22\/pulqueretaro-fest-2024-una-celebracion-al-corazon-del-maguey\/","og_site_name":"Nexo Informativo Santiago de Quer\u00e9taro","article_publisher":"https:\/\/www.facebook.com\/people\/Nexo-Informativo\/61564066885511\/","article_published_time":"2024-10-22T18:00:53+00:00","article_modified_time":"2024-10-22T19:04:59+00:00","og_image":[{"width":800,"height":359,"url":"https:\/\/www.nexoinformativo.mx\/wp-content\/uploads\/2024\/10\/PHOTO-2024-10-22-12-27-33-e1729623662221.jpg","type":"image\/jpeg"}],"author":"Nexo Informativo","twitter_card":"summary_large_image","twitter_misc":{"Escrito por":"Nexo Informativo","Tiempo de lectura":"2 minutos"},"schema":{"@context":"https:\/\/schema.org","@graph":[{"@type":"Article","@id":"https:\/\/www.nexoinformativo.mx\/index.php\/2024\/10\/22\/pulqueretaro-fest-2024-una-celebracion-al-corazon-del-maguey\/#article","isPartOf":{"@id":"https:\/\/www.nexoinformativo.mx\/index.php\/2024\/10\/22\/pulqueretaro-fest-2024-una-celebracion-al-corazon-del-maguey\/"},"author":{"name":"Nexo Informativo","@id":"https:\/\/www.nexoinformativo.mx\/#\/schema\/person\/7749d380ba08c8ca00d7bc76fd907b7d"},"headline":"Pulquer\u00e9taro Fest 2024: Una celebraci\u00f3n al coraz\u00f3n del maguey","datePublished":"2024-10-22T18:00:53+00:00","dateModified":"2024-10-22T19:04:59+00:00","mainEntityOfPage":{"@id":"https:\/\/www.nexoinformativo.mx\/index.php\/2024\/10\/22\/pulqueretaro-fest-2024-una-celebracion-al-corazon-del-maguey\/"},"wordCount":262,"commentCount":0,"publisher":{"@id":"https:\/\/www.nexoinformativo.mx\/#organization"},"image":{"@id":"https:\/\/www.nexoinformativo.mx\/index.php\/2024\/10\/22\/pulqueretaro-fest-2024-una-celebracion-al-corazon-del-maguey\/#primaryimage"},"thumbnailUrl":"https:\/\/www.nexoinformativo.mx\/wp-content\/uploads\/2024\/10\/PHOTO-2024-10-22-12-27-33-e1729623662221.jpg","keywords":["CulturaMexicana","Maguey","Pulque","Pulquer\u00e9taroFest","Quer\u00e9taro"],"articleSection":["Espect\u00e1culos","Municipios","\u00daltima Hora"],"inLanguage":"es","potentialAction":[{"@type":"CommentAction","name":"Comment","target":["https:\/\/www.nexoinformativo.mx\/index.php\/2024\/10\/22\/pulqueretaro-fest-2024-una-celebracion-al-corazon-del-maguey\/#respond"]}]},{"@type":"WebPage","@id":"https:\/\/www.nexoinformativo.mx\/index.php\/2024\/10\/22\/pulqueretaro-fest-2024-una-celebracion-al-corazon-del-maguey\/","url":"https:\/\/www.nexoinformativo.mx\/index.php\/2024\/10\/22\/pulqueretaro-fest-2024-una-celebracion-al-corazon-del-maguey\/","name":"Pulquer\u00e9taro Fest 2024: Una celebraci\u00f3n al coraz\u00f3n del maguey | Nexo Informativo Santiago de Quer\u00e9taro","isPartOf":{"@id":"https:\/\/www.nexoinformativo.mx\/#website"},"primaryImageOfPage":{"@id":"https:\/\/www.nexoinformativo.mx\/index.php\/2024\/10\/22\/pulqueretaro-fest-2024-una-celebracion-al-corazon-del-maguey\/#primaryimage"},"image":{"@id":"https:\/\/www.nexoinformativo.mx\/index.php\/2024\/10\/22\/pulqueretaro-fest-2024-una-celebracion-al-corazon-del-maguey\/#primaryimage"},"thumbnailUrl":"https:\/\/www.nexoinformativo.mx\/wp-content\/uploads\/2024\/10\/PHOTO-2024-10-22-12-27-33-e1729623662221.jpg","datePublished":"2024-10-22T18:00:53+00:00","dateModified":"2024-10-22T19:04:59+00:00","description":"Pulquer\u00e9taro Fest 2024: Una celebraci\u00f3n al coraz\u00f3n del maguey","breadcrumb":{"@id":"https:\/\/www.nexoinformativo.mx\/index.php\/2024\/10\/22\/pulqueretaro-fest-2024-una-celebracion-al-corazon-del-maguey\/#breadcrumb"},"inLanguage":"es","potentialAction":[{"@type":"ReadAction","target":["https:\/\/www.nexoinformativo.mx\/index.php\/2024\/10\/22\/pulqueretaro-fest-2024-una-celebracion-al-corazon-del-maguey\/"]}]},{"@type":"ImageObject","inLanguage":"es","@id":"https:\/\/www.nexoinformativo.mx\/index.php\/2024\/10\/22\/pulqueretaro-fest-2024-una-celebracion-al-corazon-del-maguey\/#primaryimage","url":"https:\/\/www.nexoinformativo.mx\/wp-content\/uploads\/2024\/10\/PHOTO-2024-10-22-12-27-33-e1729623662221.jpg","contentUrl":"https:\/\/www.nexoinformativo.mx\/wp-content\/uploads\/2024\/10\/PHOTO-2024-10-22-12-27-33-e1729623662221.jpg","width":800,"height":359},{"@type":"BreadcrumbList","@id":"https:\/\/www.nexoinformativo.mx\/index.php\/2024\/10\/22\/pulqueretaro-fest-2024-una-celebracion-al-corazon-del-maguey\/#breadcrumb","itemListElement":[{"@type":"ListItem","position":1,"name":"Inicio","item":"https:\/\/www.nexoinformativo.mx\/"},{"@type":"ListItem","position":2,"name":"Pulquer\u00e9taro Fest 2024: Una celebraci\u00f3n al coraz\u00f3n del maguey"}]},{"@type":"WebSite","@id":"https:\/\/www.nexoinformativo.mx\/#website","url":"https:\/\/www.nexoinformativo.mx\/","name":"Nexo Informativo Santiago de Quer\u00e9taro","description":"Explora NexoInformativo y convi\u00e9rtete en parte de una comunidad que valora el conocimiento y la verdad. Tu nexoinformativo es tu puente hacia una comprensi\u00f3n m\u00e1s profunda del mundo que te rodea.","publisher":{"@id":"https:\/\/www.nexoinformativo.mx\/#organization"},"potentialAction":[{"@type":"SearchAction","target":{"@type":"EntryPoint","urlTemplate":"https:\/\/www.nexoinformativo.mx\/?s={search_term_string}"},"query-input":{"@type":"PropertyValueSpecification","valueRequired":true,"valueName":"search_term_string"}}],"inLanguage":"es"},{"@type":"Organization","@id":"https:\/\/www.nexoinformativo.mx\/#organization","name":"Nexo Informativo Santiago de Quer\u00e9taro","url":"https:\/\/www.nexoinformativo.mx\/","logo":{"@type":"ImageObject","inLanguage":"es","@id":"https:\/\/www.nexoinformativo.mx\/#\/schema\/logo\/image\/","url":"https:\/\/www.nexoinformativo.mx\/wp-content\/uploads\/2024\/07\/nexoi-trasparente-2.png","contentUrl":"https:\/\/www.nexoinformativo.mx\/wp-content\/uploads\/2024\/07\/nexoi-trasparente-2.png","width":816,"height":339,"caption":"Nexo Informativo Santiago de Quer\u00e9taro"},"image":{"@id":"https:\/\/www.nexoinformativo.mx\/#\/schema\/logo\/image\/"},"sameAs":["https:\/\/www.facebook.com\/people\/Nexo-Informativo\/61564066885511\/"]},{"@type":"Person","@id":"https:\/\/www.nexoinformativo.mx\/#\/schema\/person\/7749d380ba08c8ca00d7bc76fd907b7d","name":"Nexo Informativo","image":{"@type":"ImageObject","inLanguage":"es","@id":"https:\/\/www.nexoinformativo.mx\/#\/schema\/person\/image\/","url":"https:\/\/secure.gravatar.com\/avatar\/dde2928154642a13d95f87ddf1ea9718fe2b46760a005c53e41ff5ad610704e6?s=96&d=mm&r=g","contentUrl":"https:\/\/secure.gravatar.com\/avatar\/dde2928154642a13d95f87ddf1ea9718fe2b46760a005c53e41ff5ad610704e6?s=96&d=mm&r=g","caption":"Nexo Informativo"},"url":"https:\/\/www.nexoinformativo.mx\/index.php\/author\/edicion\/"}]}},"_links":{"self":[{"href":"https:\/\/www.nexoinformativo.mx\/index.php\/wp-json\/wp\/v2\/posts\/4123","targetHints":{"allow":["GET"]}}],"collection":[{"href":"https:\/\/www.nexoinformativo.mx\/index.php\/wp-json\/wp\/v2\/posts"}],"about":[{"href":"https:\/\/www.nexoinformativo.mx\/index.php\/wp-json\/wp\/v2\/types\/post"}],"author":[{"embeddable":true,"href":"https:\/\/www.nexoinformativo.mx\/index.php\/wp-json\/wp\/v2\/users\/3"}],"replies":[{"embeddable":true,"href":"https:\/\/www.nexoinformativo.mx\/index.php\/wp-json\/wp\/v2\/comments?post=4123"}],"version-history":[{"count":4,"href":"https:\/\/www.nexoinformativo.mx\/index.php\/wp-json\/wp\/v2\/posts\/4123\/revisions"}],"predecessor-version":[{"id":4129,"href":"https:\/\/www.nexoinformativo.mx\/index.php\/wp-json\/wp\/v2\/posts\/4123\/revisions\/4129"}],"wp:featuredmedia":[{"embeddable":true,"href":"https:\/\/www.nexoinformativo.mx\/index.php\/wp-json\/wp\/v2\/media\/4124"}],"wp:attachment":[{"href":"https:\/\/www.nexoinformativo.mx\/index.php\/wp-json\/wp\/v2\/media?parent=4123"}],"wp:term":[{"taxonomy":"category","embeddable":true,"href":"https:\/\/www.nexoinformativo.mx\/index.php\/wp-json\/wp\/v2\/categories?post=4123"},{"taxonomy":"post_tag","embeddable":true,"href":"https:\/\/www.nexoinformativo.mx\/index.php\/wp-json\/wp\/v2\/tags?post=4123"}],"curies":[{"name":"wp","href":"https:\/\/api.w.org\/{rel}","templated":true}]}}