{"id":4130,"date":"2024-10-22T12:00:17","date_gmt":"2024-10-22T18:00:17","guid":{"rendered":"https:\/\/www.nexoinformativo.mx\/?p=4130"},"modified":"2024-10-23T16:35:52","modified_gmt":"2024-10-23T22:35:52","slug":"kuri-supervisa-planta-de-tratamiento-de-aguas-residuales-en-amealco-y-destaca-avances-en-materia-ambiental","status":"publish","type":"post","link":"https:\/\/www.nexoinformativo.mx\/index.php\/2024\/10\/22\/kuri-supervisa-planta-de-tratamiento-de-aguas-residuales-en-amealco-y-destaca-avances-en-materia-ambiental\/","title":{"rendered":"Kuri supervisa planta de tratamiento de aguas residuales en Amealco y destaca avances en materia ambiental"},"content":{"rendered":"<p style=\"text-align: justify;\" data-sourcepos=\"5:1-5:445\">El gobernador del estado, Mauricio Kuri Gonz\u00e1lez, realiz\u00f3 una visita al municipio de Amealco de Bonfil para supervisar el funcionamiento de la nueva planta de tratamiento de aguas residuales.<\/p>\n<p>&nbsp;<\/p>\n<p style=\"text-align: justify;\" data-sourcepos=\"5:1-5:445\">Esta obra, construida en un terreno de 30 mil metros cuadrados sobre la carretera federal 120, representa una inversi\u00f3n de 80.5 millones de pesos y beneficiar\u00e1 a m\u00e1s de ocho mil habitantes de la cabecera municipal.\u00a0Durante su recorrido, el mandatario estatal destac\u00f3 la importancia de esta infraestructura para el cuidado del medio ambiente y el desarrollo sostenible del municipio.<\/p>\n<p>&nbsp;<\/p>\n<p style=\"text-align: justify;\" data-sourcepos=\"5:1-5:445\"><strong>\u201cCon esta planta, no solo estamos mejorando la calidad de vida de los amealquenses, sino que tambi\u00e9n estamos contribuyendo a la protecci\u00f3n de nuestros recursos naturales\u201d<\/strong>, afirm\u00f3 Kuri Gonz\u00e1lez.<\/p>\n<p>&nbsp;<\/p>\n<p style=\"text-align: justify;\" data-sourcepos=\"9:1-9:289\">Por su parte, Luis Alberto Vega Ricoy, vocal Ejecutivo de la Comisi\u00f3n Estatal de Aguas <strong>(CEA)<\/strong>, explic\u00f3 que la planta cuenta con tecnolog\u00eda de punta para el tratamiento de aguas residuales, lo que permitir\u00e1 reutilizar el agua tratada en actividades de riego y otras aplicaciones no potables.<\/p>\n<p>&nbsp;<\/p>\n<p style=\"text-align: justify;\" data-sourcepos=\"11:1-11:190\">&#8220;Esta obra es un ejemplo de c\u00f3mo, a trav\u00e9s de la inversi\u00f3n en infraestructura y el uso de tecnolog\u00edas eficientes, podemos lograr un manejo sustentable del agua&#8221;, se\u00f1al\u00f3 Vega Ricoy.<\/p>\n<p>&nbsp;<\/p>\n<p style=\"text-align: center;\" data-sourcepos=\"11:1-11:190\"><em><strong>\u00a1Informaci\u00f3n que transforma!<\/strong><\/em><\/p>\n","protected":false},"excerpt":{"rendered":"<p>El gobernador del estado, Mauricio Kuri Gonz\u00e1lez, realiz\u00f3 una visita al municipio de Amealco de Bonfil para supervisar el funcionamiento de la nueva planta de tratamiento de aguas residuales. &nbsp; Esta obra, construida en un terreno de 30 mil metros cuadrados sobre la carretera federal 120, representa una inversi\u00f3n de 80.5 millones de pesos y [&hellip;]<\/p>\n","protected":false},"author":3,"featured_media":4131,"comment_status":"open","ping_status":"open","sticky":false,"template":"","format":"standard","meta":{"footnotes":""},"categories":[1588],"tags":[216,1060,1544,133],"class_list":["post-4130","post","type-post","status-publish","format-standard","has-post-thumbnail","hentry","category-congreso","tag-amealco","tag-desarrollosostenible","tag-inversionsocial","tag-queretaro"],"yoast_head":"<!-- This site is optimized with the Yoast SEO plugin v25.0 - https:\/\/yoast.com\/wordpress\/plugins\/seo\/ -->\n<title>Kuri supervisa planta de tratamiento de aguas residuales en Amealco y destaca avances en materia ambiental | Nexo Informativo Santiago de Quer\u00e9taro<\/title>\n<meta name=\"description\" content=\"Kuri supervisa planta de tratamiento de aguas residuales en Amealco y destaca avances en materia ambiental\" \/>\n<meta name=\"robots\" content=\"index, follow, max-snippet:-1, max-image-preview:large, max-video-preview:-1\" \/>\n<link rel=\"canonical\" href=\"https:\/\/www.nexoinformativo.mx\/index.php\/2024\/10\/22\/kuri-supervisa-planta-de-tratamiento-de-aguas-residuales-en-amealco-y-destaca-avances-en-materia-ambiental\/\" \/>\n<meta property=\"og:locale\" content=\"es_MX\" \/>\n<meta property=\"og:type\" content=\"article\" \/>\n<meta property=\"og:title\" content=\"Kuri supervisa planta de tratamiento de aguas residuales en Amealco y destaca avances en materia ambiental | Nexo Informativo Santiago de Quer\u00e9taro\" \/>\n<meta property=\"og:description\" content=\"Kuri supervisa planta de tratamiento de aguas residuales en Amealco y destaca avances en materia ambiental\" \/>\n<meta property=\"og:url\" content=\"https:\/\/www.nexoinformativo.mx\/index.php\/2024\/10\/22\/kuri-supervisa-planta-de-tratamiento-de-aguas-residuales-en-amealco-y-destaca-avances-en-materia-ambiental\/\" \/>\n<meta property=\"og:site_name\" content=\"Nexo Informativo Santiago de Quer\u00e9taro\" \/>\n<meta property=\"article:publisher\" content=\"https:\/\/www.facebook.com\/people\/Nexo-Informativo\/61564066885511\/\" \/>\n<meta property=\"article:published_time\" content=\"2024-10-22T18:00:17+00:00\" \/>\n<meta property=\"article:modified_time\" content=\"2024-10-23T22:35:52+00:00\" \/>\n<meta property=\"og:image\" content=\"https:\/\/www.nexoinformativo.mx\/wp-content\/uploads\/2024\/10\/PHOTO-2024-10-22-12-13-04-e1729624040463.jpg\" \/>\n\t<meta property=\"og:image:width\" content=\"800\" \/>\n\t<meta property=\"og:image:height\" content=\"1000\" \/>\n\t<meta property=\"og:image:type\" content=\"image\/jpeg\" \/>\n<meta name=\"author\" content=\"Nexo Informativo\" \/>\n<meta name=\"twitter:card\" content=\"summary_large_image\" \/>\n<meta name=\"twitter:label1\" content=\"Escrito por\" \/>\n\t<meta name=\"twitter:data1\" content=\"Nexo Informativo\" \/>\n\t<meta name=\"twitter:label2\" content=\"Tiempo de lectura\" \/>\n\t<meta name=\"twitter:data2\" content=\"2 minutos\" \/>\n<script type=\"application\/ld+json\" class=\"yoast-schema-graph\">{\"@context\":\"https:\/\/schema.org\",\"@graph\":[{\"@type\":\"Article\",\"@id\":\"https:\/\/www.nexoinformativo.mx\/index.php\/2024\/10\/22\/kuri-supervisa-planta-de-tratamiento-de-aguas-residuales-en-amealco-y-destaca-avances-en-materia-ambiental\/#article\",\"isPartOf\":{\"@id\":\"https:\/\/www.nexoinformativo.mx\/index.php\/2024\/10\/22\/kuri-supervisa-planta-de-tratamiento-de-aguas-residuales-en-amealco-y-destaca-avances-en-materia-ambiental\/\"},\"author\":{\"name\":\"Nexo Informativo\",\"@id\":\"https:\/\/www.nexoinformativo.mx\/#\/schema\/person\/7749d380ba08c8ca00d7bc76fd907b7d\"},\"headline\":\"Kuri supervisa planta de tratamiento de aguas residuales en Amealco y destaca avances en materia ambiental\",\"datePublished\":\"2024-10-22T18:00:17+00:00\",\"dateModified\":\"2024-10-23T22:35:52+00:00\",\"mainEntityOfPage\":{\"@id\":\"https:\/\/www.nexoinformativo.mx\/index.php\/2024\/10\/22\/kuri-supervisa-planta-de-tratamiento-de-aguas-residuales-en-amealco-y-destaca-avances-en-materia-ambiental\/\"},\"wordCount\":230,\"commentCount\":0,\"publisher\":{\"@id\":\"https:\/\/www.nexoinformativo.mx\/#organization\"},\"image\":{\"@id\":\"https:\/\/www.nexoinformativo.mx\/index.php\/2024\/10\/22\/kuri-supervisa-planta-de-tratamiento-de-aguas-residuales-en-amealco-y-destaca-avances-en-materia-ambiental\/#primaryimage\"},\"thumbnailUrl\":\"https:\/\/www.nexoinformativo.mx\/wp-content\/uploads\/2024\/10\/PHOTO-2024-10-22-12-13-04-e1729624040463.jpg\",\"keywords\":[\"Amealco\",\"DesarrolloSostenible\",\"Inversi\u00f3nSocial\",\"Quer\u00e9taro\"],\"articleSection\":[\"Congreso\"],\"inLanguage\":\"es\",\"potentialAction\":[{\"@type\":\"CommentAction\",\"name\":\"Comment\",\"target\":[\"https:\/\/www.nexoinformativo.mx\/index.php\/2024\/10\/22\/kuri-supervisa-planta-de-tratamiento-de-aguas-residuales-en-amealco-y-destaca-avances-en-materia-ambiental\/#respond\"]}]},{\"@type\":\"WebPage\",\"@id\":\"https:\/\/www.nexoinformativo.mx\/index.php\/2024\/10\/22\/kuri-supervisa-planta-de-tratamiento-de-aguas-residuales-en-amealco-y-destaca-avances-en-materia-ambiental\/\",\"url\":\"https:\/\/www.nexoinformativo.mx\/index.php\/2024\/10\/22\/kuri-supervisa-planta-de-tratamiento-de-aguas-residuales-en-amealco-y-destaca-avances-en-materia-ambiental\/\",\"name\":\"Kuri supervisa planta de tratamiento de aguas residuales en Amealco y destaca avances en materia ambiental | Nexo Informativo Santiago de Quer\u00e9taro\",\"isPartOf\":{\"@id\":\"https:\/\/www.nexoinformativo.mx\/#website\"},\"primaryImageOfPage\":{\"@id\":\"https:\/\/www.nexoinformativo.mx\/index.php\/2024\/10\/22\/kuri-supervisa-planta-de-tratamiento-de-aguas-residuales-en-amealco-y-destaca-avances-en-materia-ambiental\/#primaryimage\"},\"image\":{\"@id\":\"https:\/\/www.nexoinformativo.mx\/index.php\/2024\/10\/22\/kuri-supervisa-planta-de-tratamiento-de-aguas-residuales-en-amealco-y-destaca-avances-en-materia-ambiental\/#primaryimage\"},\"thumbnailUrl\":\"https:\/\/www.nexoinformativo.mx\/wp-content\/uploads\/2024\/10\/PHOTO-2024-10-22-12-13-04-e1729624040463.jpg\",\"datePublished\":\"2024-10-22T18:00:17+00:00\",\"dateModified\":\"2024-10-23T22:35:52+00:00\",\"description\":\"Kuri supervisa planta de tratamiento de aguas residuales en Amealco y destaca avances en materia ambiental\",\"breadcrumb\":{\"@id\":\"https:\/\/www.nexoinformativo.mx\/index.php\/2024\/10\/22\/kuri-supervisa-planta-de-tratamiento-de-aguas-residuales-en-amealco-y-destaca-avances-en-materia-ambiental\/#breadcrumb\"},\"inLanguage\":\"es\",\"potentialAction\":[{\"@type\":\"ReadAction\",\"target\":[\"https:\/\/www.nexoinformativo.mx\/index.php\/2024\/10\/22\/kuri-supervisa-planta-de-tratamiento-de-aguas-residuales-en-amealco-y-destaca-avances-en-materia-ambiental\/\"]}]},{\"@type\":\"ImageObject\",\"inLanguage\":\"es\",\"@id\":\"https:\/\/www.nexoinformativo.mx\/index.php\/2024\/10\/22\/kuri-supervisa-planta-de-tratamiento-de-aguas-residuales-en-amealco-y-destaca-avances-en-materia-ambiental\/#primaryimage\",\"url\":\"https:\/\/www.nexoinformativo.mx\/wp-content\/uploads\/2024\/10\/PHOTO-2024-10-22-12-13-04-e1729624040463.jpg\",\"contentUrl\":\"https:\/\/www.nexoinformativo.mx\/wp-content\/uploads\/2024\/10\/PHOTO-2024-10-22-12-13-04-e1729624040463.jpg\",\"width\":800,\"height\":1000},{\"@type\":\"BreadcrumbList\",\"@id\":\"https:\/\/www.nexoinformativo.mx\/index.php\/2024\/10\/22\/kuri-supervisa-planta-de-tratamiento-de-aguas-residuales-en-amealco-y-destaca-avances-en-materia-ambiental\/#breadcrumb\",\"itemListElement\":[{\"@type\":\"ListItem\",\"position\":1,\"name\":\"Inicio\",\"item\":\"https:\/\/www.nexoinformativo.mx\/\"},{\"@type\":\"ListItem\",\"position\":2,\"name\":\"Kuri supervisa planta de tratamiento de aguas residuales en Amealco y destaca avances en materia ambiental\"}]},{\"@type\":\"WebSite\",\"@id\":\"https:\/\/www.nexoinformativo.mx\/#website\",\"url\":\"https:\/\/www.nexoinformativo.mx\/\",\"name\":\"Nexo Informativo Santiago de Quer\u00e9taro\",\"description\":\"Explora NexoInformativo y convi\u00e9rtete en parte de una comunidad que valora el conocimiento y la verdad. Tu nexoinformativo es tu puente hacia una comprensi\u00f3n m\u00e1s profunda del mundo que te rodea.\",\"publisher\":{\"@id\":\"https:\/\/www.nexoinformativo.mx\/#organization\"},\"potentialAction\":[{\"@type\":\"SearchAction\",\"target\":{\"@type\":\"EntryPoint\",\"urlTemplate\":\"https:\/\/www.nexoinformativo.mx\/?s={search_term_string}\"},\"query-input\":{\"@type\":\"PropertyValueSpecification\",\"valueRequired\":true,\"valueName\":\"search_term_string\"}}],\"inLanguage\":\"es\"},{\"@type\":\"Organization\",\"@id\":\"https:\/\/www.nexoinformativo.mx\/#organization\",\"name\":\"Nexo Informativo Santiago de Quer\u00e9taro\",\"url\":\"https:\/\/www.nexoinformativo.mx\/\",\"logo\":{\"@type\":\"ImageObject\",\"inLanguage\":\"es\",\"@id\":\"https:\/\/www.nexoinformativo.mx\/#\/schema\/logo\/image\/\",\"url\":\"https:\/\/www.nexoinformativo.mx\/wp-content\/uploads\/2024\/07\/nexoi-trasparente-2.png\",\"contentUrl\":\"https:\/\/www.nexoinformativo.mx\/wp-content\/uploads\/2024\/07\/nexoi-trasparente-2.png\",\"width\":816,\"height\":339,\"caption\":\"Nexo Informativo Santiago de Quer\u00e9taro\"},\"image\":{\"@id\":\"https:\/\/www.nexoinformativo.mx\/#\/schema\/logo\/image\/\"},\"sameAs\":[\"https:\/\/www.facebook.com\/people\/Nexo-Informativo\/61564066885511\/\"]},{\"@type\":\"Person\",\"@id\":\"https:\/\/www.nexoinformativo.mx\/#\/schema\/person\/7749d380ba08c8ca00d7bc76fd907b7d\",\"name\":\"Nexo Informativo\",\"image\":{\"@type\":\"ImageObject\",\"inLanguage\":\"es\",\"@id\":\"https:\/\/www.nexoinformativo.mx\/#\/schema\/person\/image\/\",\"url\":\"https:\/\/secure.gravatar.com\/avatar\/dde2928154642a13d95f87ddf1ea9718fe2b46760a005c53e41ff5ad610704e6?s=96&d=mm&r=g\",\"contentUrl\":\"https:\/\/secure.gravatar.com\/avatar\/dde2928154642a13d95f87ddf1ea9718fe2b46760a005c53e41ff5ad610704e6?s=96&d=mm&r=g\",\"caption\":\"Nexo Informativo\"},\"url\":\"https:\/\/www.nexoinformativo.mx\/index.php\/author\/edicion\/\"}]}<\/script>\n<!-- \/ Yoast SEO plugin. -->","yoast_head_json":{"title":"Kuri supervisa planta de tratamiento de aguas residuales en Amealco y destaca avances en materia ambiental | Nexo Informativo Santiago de Quer\u00e9taro","description":"Kuri supervisa planta de tratamiento de aguas residuales en Amealco y destaca avances en materia ambiental","robots":{"index":"index","follow":"follow","max-snippet":"max-snippet:-1","max-image-preview":"max-image-preview:large","max-video-preview":"max-video-preview:-1"},"canonical":"https:\/\/www.nexoinformativo.mx\/index.php\/2024\/10\/22\/kuri-supervisa-planta-de-tratamiento-de-aguas-residuales-en-amealco-y-destaca-avances-en-materia-ambiental\/","og_locale":"es_MX","og_type":"article","og_title":"Kuri supervisa planta de tratamiento de aguas residuales en Amealco y destaca avances en materia ambiental | Nexo Informativo Santiago de Quer\u00e9taro","og_description":"Kuri supervisa planta de tratamiento de aguas residuales en Amealco y destaca avances en materia ambiental","og_url":"https:\/\/www.nexoinformativo.mx\/index.php\/2024\/10\/22\/kuri-supervisa-planta-de-tratamiento-de-aguas-residuales-en-amealco-y-destaca-avances-en-materia-ambiental\/","og_site_name":"Nexo Informativo Santiago de Quer\u00e9taro","article_publisher":"https:\/\/www.facebook.com\/people\/Nexo-Informativo\/61564066885511\/","article_published_time":"2024-10-22T18:00:17+00:00","article_modified_time":"2024-10-23T22:35:52+00:00","og_image":[{"width":800,"height":1000,"url":"https:\/\/www.nexoinformativo.mx\/wp-content\/uploads\/2024\/10\/PHOTO-2024-10-22-12-13-04-e1729624040463.jpg","type":"image\/jpeg"}],"author":"Nexo Informativo","twitter_card":"summary_large_image","twitter_misc":{"Escrito por":"Nexo Informativo","Tiempo de lectura":"2 minutos"},"schema":{"@context":"https:\/\/schema.org","@graph":[{"@type":"Article","@id":"https:\/\/www.nexoinformativo.mx\/index.php\/2024\/10\/22\/kuri-supervisa-planta-de-tratamiento-de-aguas-residuales-en-amealco-y-destaca-avances-en-materia-ambiental\/#article","isPartOf":{"@id":"https:\/\/www.nexoinformativo.mx\/index.php\/2024\/10\/22\/kuri-supervisa-planta-de-tratamiento-de-aguas-residuales-en-amealco-y-destaca-avances-en-materia-ambiental\/"},"author":{"name":"Nexo Informativo","@id":"https:\/\/www.nexoinformativo.mx\/#\/schema\/person\/7749d380ba08c8ca00d7bc76fd907b7d"},"headline":"Kuri supervisa planta de tratamiento de aguas residuales en Amealco y destaca avances en materia ambiental","datePublished":"2024-10-22T18:00:17+00:00","dateModified":"2024-10-23T22:35:52+00:00","mainEntityOfPage":{"@id":"https:\/\/www.nexoinformativo.mx\/index.php\/2024\/10\/22\/kuri-supervisa-planta-de-tratamiento-de-aguas-residuales-en-amealco-y-destaca-avances-en-materia-ambiental\/"},"wordCount":230,"commentCount":0,"publisher":{"@id":"https:\/\/www.nexoinformativo.mx\/#organization"},"image":{"@id":"https:\/\/www.nexoinformativo.mx\/index.php\/2024\/10\/22\/kuri-supervisa-planta-de-tratamiento-de-aguas-residuales-en-amealco-y-destaca-avances-en-materia-ambiental\/#primaryimage"},"thumbnailUrl":"https:\/\/www.nexoinformativo.mx\/wp-content\/uploads\/2024\/10\/PHOTO-2024-10-22-12-13-04-e1729624040463.jpg","keywords":["Amealco","DesarrolloSostenible","Inversi\u00f3nSocial","Quer\u00e9taro"],"articleSection":["Congreso"],"inLanguage":"es","potentialAction":[{"@type":"CommentAction","name":"Comment","target":["https:\/\/www.nexoinformativo.mx\/index.php\/2024\/10\/22\/kuri-supervisa-planta-de-tratamiento-de-aguas-residuales-en-amealco-y-destaca-avances-en-materia-ambiental\/#respond"]}]},{"@type":"WebPage","@id":"https:\/\/www.nexoinformativo.mx\/index.php\/2024\/10\/22\/kuri-supervisa-planta-de-tratamiento-de-aguas-residuales-en-amealco-y-destaca-avances-en-materia-ambiental\/","url":"https:\/\/www.nexoinformativo.mx\/index.php\/2024\/10\/22\/kuri-supervisa-planta-de-tratamiento-de-aguas-residuales-en-amealco-y-destaca-avances-en-materia-ambiental\/","name":"Kuri supervisa planta de tratamiento de aguas residuales en Amealco y destaca avances en materia ambiental | Nexo Informativo Santiago de Quer\u00e9taro","isPartOf":{"@id":"https:\/\/www.nexoinformativo.mx\/#website"},"primaryImageOfPage":{"@id":"https:\/\/www.nexoinformativo.mx\/index.php\/2024\/10\/22\/kuri-supervisa-planta-de-tratamiento-de-aguas-residuales-en-amealco-y-destaca-avances-en-materia-ambiental\/#primaryimage"},"image":{"@id":"https:\/\/www.nexoinformativo.mx\/index.php\/2024\/10\/22\/kuri-supervisa-planta-de-tratamiento-de-aguas-residuales-en-amealco-y-destaca-avances-en-materia-ambiental\/#primaryimage"},"thumbnailUrl":"https:\/\/www.nexoinformativo.mx\/wp-content\/uploads\/2024\/10\/PHOTO-2024-10-22-12-13-04-e1729624040463.jpg","datePublished":"2024-10-22T18:00:17+00:00","dateModified":"2024-10-23T22:35:52+00:00","description":"Kuri supervisa planta de tratamiento de aguas residuales en Amealco y destaca avances en materia ambiental","breadcrumb":{"@id":"https:\/\/www.nexoinformativo.mx\/index.php\/2024\/10\/22\/kuri-supervisa-planta-de-tratamiento-de-aguas-residuales-en-amealco-y-destaca-avances-en-materia-ambiental\/#breadcrumb"},"inLanguage":"es","potentialAction":[{"@type":"ReadAction","target":["https:\/\/www.nexoinformativo.mx\/index.php\/2024\/10\/22\/kuri-supervisa-planta-de-tratamiento-de-aguas-residuales-en-amealco-y-destaca-avances-en-materia-ambiental\/"]}]},{"@type":"ImageObject","inLanguage":"es","@id":"https:\/\/www.nexoinformativo.mx\/index.php\/2024\/10\/22\/kuri-supervisa-planta-de-tratamiento-de-aguas-residuales-en-amealco-y-destaca-avances-en-materia-ambiental\/#primaryimage","url":"https:\/\/www.nexoinformativo.mx\/wp-content\/uploads\/2024\/10\/PHOTO-2024-10-22-12-13-04-e1729624040463.jpg","contentUrl":"https:\/\/www.nexoinformativo.mx\/wp-content\/uploads\/2024\/10\/PHOTO-2024-10-22-12-13-04-e1729624040463.jpg","width":800,"height":1000},{"@type":"BreadcrumbList","@id":"https:\/\/www.nexoinformativo.mx\/index.php\/2024\/10\/22\/kuri-supervisa-planta-de-tratamiento-de-aguas-residuales-en-amealco-y-destaca-avances-en-materia-ambiental\/#breadcrumb","itemListElement":[{"@type":"ListItem","position":1,"name":"Inicio","item":"https:\/\/www.nexoinformativo.mx\/"},{"@type":"ListItem","position":2,"name":"Kuri supervisa planta de tratamiento de aguas residuales en Amealco y destaca avances en materia ambiental"}]},{"@type":"WebSite","@id":"https:\/\/www.nexoinformativo.mx\/#website","url":"https:\/\/www.nexoinformativo.mx\/","name":"Nexo Informativo Santiago de Quer\u00e9taro","description":"Explora NexoInformativo y convi\u00e9rtete en parte de una comunidad que valora el conocimiento y la verdad. Tu nexoinformativo es tu puente hacia una comprensi\u00f3n m\u00e1s profunda del mundo que te rodea.","publisher":{"@id":"https:\/\/www.nexoinformativo.mx\/#organization"},"potentialAction":[{"@type":"SearchAction","target":{"@type":"EntryPoint","urlTemplate":"https:\/\/www.nexoinformativo.mx\/?s={search_term_string}"},"query-input":{"@type":"PropertyValueSpecification","valueRequired":true,"valueName":"search_term_string"}}],"inLanguage":"es"},{"@type":"Organization","@id":"https:\/\/www.nexoinformativo.mx\/#organization","name":"Nexo Informativo Santiago de Quer\u00e9taro","url":"https:\/\/www.nexoinformativo.mx\/","logo":{"@type":"ImageObject","inLanguage":"es","@id":"https:\/\/www.nexoinformativo.mx\/#\/schema\/logo\/image\/","url":"https:\/\/www.nexoinformativo.mx\/wp-content\/uploads\/2024\/07\/nexoi-trasparente-2.png","contentUrl":"https:\/\/www.nexoinformativo.mx\/wp-content\/uploads\/2024\/07\/nexoi-trasparente-2.png","width":816,"height":339,"caption":"Nexo Informativo Santiago de Quer\u00e9taro"},"image":{"@id":"https:\/\/www.nexoinformativo.mx\/#\/schema\/logo\/image\/"},"sameAs":["https:\/\/www.facebook.com\/people\/Nexo-Informativo\/61564066885511\/"]},{"@type":"Person","@id":"https:\/\/www.nexoinformativo.mx\/#\/schema\/person\/7749d380ba08c8ca00d7bc76fd907b7d","name":"Nexo Informativo","image":{"@type":"ImageObject","inLanguage":"es","@id":"https:\/\/www.nexoinformativo.mx\/#\/schema\/person\/image\/","url":"https:\/\/secure.gravatar.com\/avatar\/dde2928154642a13d95f87ddf1ea9718fe2b46760a005c53e41ff5ad610704e6?s=96&d=mm&r=g","contentUrl":"https:\/\/secure.gravatar.com\/avatar\/dde2928154642a13d95f87ddf1ea9718fe2b46760a005c53e41ff5ad610704e6?s=96&d=mm&r=g","caption":"Nexo Informativo"},"url":"https:\/\/www.nexoinformativo.mx\/index.php\/author\/edicion\/"}]}},"_links":{"self":[{"href":"https:\/\/www.nexoinformativo.mx\/index.php\/wp-json\/wp\/v2\/posts\/4130","targetHints":{"allow":["GET"]}}],"collection":[{"href":"https:\/\/www.nexoinformativo.mx\/index.php\/wp-json\/wp\/v2\/posts"}],"about":[{"href":"https:\/\/www.nexoinformativo.mx\/index.php\/wp-json\/wp\/v2\/types\/post"}],"author":[{"embeddable":true,"href":"https:\/\/www.nexoinformativo.mx\/index.php\/wp-json\/wp\/v2\/users\/3"}],"replies":[{"embeddable":true,"href":"https:\/\/www.nexoinformativo.mx\/index.php\/wp-json\/wp\/v2\/comments?post=4130"}],"version-history":[{"count":5,"href":"https:\/\/www.nexoinformativo.mx\/index.php\/wp-json\/wp\/v2\/posts\/4130\/revisions"}],"predecessor-version":[{"id":4137,"href":"https:\/\/www.nexoinformativo.mx\/index.php\/wp-json\/wp\/v2\/posts\/4130\/revisions\/4137"}],"wp:featuredmedia":[{"embeddable":true,"href":"https:\/\/www.nexoinformativo.mx\/index.php\/wp-json\/wp\/v2\/media\/4131"}],"wp:attachment":[{"href":"https:\/\/www.nexoinformativo.mx\/index.php\/wp-json\/wp\/v2\/media?parent=4130"}],"wp:term":[{"taxonomy":"category","embeddable":true,"href":"https:\/\/www.nexoinformativo.mx\/index.php\/wp-json\/wp\/v2\/categories?post=4130"},{"taxonomy":"post_tag","embeddable":true,"href":"https:\/\/www.nexoinformativo.mx\/index.php\/wp-json\/wp\/v2\/tags?post=4130"}],"curies":[{"name":"wp","href":"https:\/\/api.w.org\/{rel}","templated":true}]}}