{"id":4138,"date":"2024-10-22T12:30:33","date_gmt":"2024-10-22T18:30:33","guid":{"rendered":"https:\/\/www.nexoinformativo.mx\/?p=4138"},"modified":"2024-10-22T13:24:00","modified_gmt":"2024-10-22T19:24:00","slug":"aviso-importante-nuevo-deslizamiento-de-tierra-en-la-sierra-gorda-de-pinal-de-amoles","status":"publish","type":"post","link":"https:\/\/www.nexoinformativo.mx\/index.php\/2024\/10\/22\/aviso-importante-nuevo-deslizamiento-de-tierra-en-la-sierra-gorda-de-pinal-de-amoles\/","title":{"rendered":"Aviso importante: Nuevo deslizamiento de tierra en la Sierra Gorda de Pinal de Amoles"},"content":{"rendered":"<p style=\"text-align: justify;\" data-sourcepos=\"5:1-5:396\">Las autoridades municipales de Pinal de Amoles han reportado un nuevo deslizamiento de tierra en la carretera federal 120, espec\u00edficamente en el kil\u00f3metro 141, cerca de la Ganadera de la cabecera municipal. Este incidente se suma al deslave ocurrido hace unas semanas en la misma zona, lo que ha generado preocupaci\u00f3n entre la poblaci\u00f3n y las autoridades.<\/p>\n<p>&nbsp;<\/p>\n<p style=\"text-align: justify;\" data-sourcepos=\"7:1-7:351\">Las fuertes lluvias registradas en las \u00faltimas horas han sido la causa principal de este nuevo derrumbe, que ha obstruido nuevamente la vialidad en esta importante v\u00eda de comunicaci\u00f3n. Elementos de Seguridad P\u00fablica y Protecci\u00f3n Civil se encuentran en el lugar evaluando la situaci\u00f3n y trabajando para restablecer la circulaci\u00f3n a la brevedad posible.<\/p>\n<p>&nbsp;<\/p>\n<p style=\"text-align: justify;\" data-sourcepos=\"9:1-9:366\">Ante esta situaci\u00f3n, las autoridades municipales hacen un llamado a la poblaci\u00f3n a extremar precauciones y evitar transitar por la zona afectada hasta que se hayan concluido las labores de remoci\u00f3n de escombros. Asimismo, se recomienda a los conductores buscar rutas alternas y mantenerse informados sobre el avance de los trabajos de rehabilitaci\u00f3n de la carretera.<\/p>\n<p>&nbsp;<\/p>\n<p style=\"text-align: center;\" data-sourcepos=\"9:1-9:366\"><strong><em>\u00a1Informaci\u00f3n que transforma!<\/em><\/strong><\/p>\n","protected":false},"excerpt":{"rendered":"<p>Las autoridades municipales de Pinal de Amoles han reportado un nuevo deslizamiento de tierra en la carretera federal 120, espec\u00edficamente en el kil\u00f3metro 141, cerca de la Ganadera de la cabecera municipal.<\/p>\n","protected":false},"author":3,"featured_media":4139,"comment_status":"open","ping_status":"open","sticky":false,"template":"","format":"standard","meta":{"footnotes":""},"categories":[65,58],"tags":[1546,601,805,1545],"class_list":["post-4138","post","type-post","status-publish","format-standard","has-post-thumbnail","hentry","category-municipios","category-ultima-hora","tag-deslave","tag-pinaldeamoles","tag-seguridadcivil","tag-sierragorda"],"yoast_head":"<!-- This site is optimized with the Yoast SEO plugin v25.0 - https:\/\/yoast.com\/wordpress\/plugins\/seo\/ -->\n<title>Aviso importante: Nuevo deslizamiento de tierra en la Sierra Gorda de Pinal de Amoles | Nexo Informativo Santiago de Quer\u00e9taro<\/title>\n<meta name=\"description\" content=\"Aviso importante: Nuevo deslizamiento de tierra en la Sierra Gorda de Pinal de Amoles\" \/>\n<meta name=\"robots\" content=\"index, follow, max-snippet:-1, max-image-preview:large, max-video-preview:-1\" \/>\n<link rel=\"canonical\" href=\"https:\/\/www.nexoinformativo.mx\/index.php\/2024\/10\/22\/aviso-importante-nuevo-deslizamiento-de-tierra-en-la-sierra-gorda-de-pinal-de-amoles\/\" \/>\n<meta property=\"og:locale\" content=\"es_MX\" \/>\n<meta property=\"og:type\" content=\"article\" \/>\n<meta property=\"og:title\" content=\"Aviso importante: Nuevo deslizamiento de tierra en la Sierra Gorda de Pinal de Amoles | Nexo Informativo Santiago de Quer\u00e9taro\" \/>\n<meta property=\"og:description\" content=\"Aviso importante: Nuevo deslizamiento de tierra en la Sierra Gorda de Pinal de Amoles\" \/>\n<meta property=\"og:url\" content=\"https:\/\/www.nexoinformativo.mx\/index.php\/2024\/10\/22\/aviso-importante-nuevo-deslizamiento-de-tierra-en-la-sierra-gorda-de-pinal-de-amoles\/\" \/>\n<meta property=\"og:site_name\" content=\"Nexo Informativo Santiago de Quer\u00e9taro\" \/>\n<meta property=\"article:publisher\" content=\"https:\/\/www.facebook.com\/people\/Nexo-Informativo\/61564066885511\/\" \/>\n<meta property=\"article:published_time\" content=\"2024-10-22T18:30:33+00:00\" \/>\n<meta property=\"article:modified_time\" content=\"2024-10-22T19:24:00+00:00\" \/>\n<meta property=\"og:image\" content=\"https:\/\/www.nexoinformativo.mx\/wp-content\/uploads\/2024\/10\/PHOTO-2024-10-22-12-10-12-e1729624780505.jpg\" \/>\n\t<meta property=\"og:image:width\" content=\"800\" \/>\n\t<meta property=\"og:image:height\" content=\"502\" \/>\n\t<meta property=\"og:image:type\" content=\"image\/jpeg\" \/>\n<meta name=\"author\" content=\"Nexo Informativo\" \/>\n<meta name=\"twitter:card\" content=\"summary_large_image\" \/>\n<meta name=\"twitter:label1\" content=\"Escrito por\" \/>\n\t<meta name=\"twitter:data1\" content=\"Nexo Informativo\" \/>\n\t<meta name=\"twitter:label2\" content=\"Tiempo de lectura\" \/>\n\t<meta name=\"twitter:data2\" content=\"1 minuto\" \/>\n<script type=\"application\/ld+json\" class=\"yoast-schema-graph\">{\"@context\":\"https:\/\/schema.org\",\"@graph\":[{\"@type\":\"Article\",\"@id\":\"https:\/\/www.nexoinformativo.mx\/index.php\/2024\/10\/22\/aviso-importante-nuevo-deslizamiento-de-tierra-en-la-sierra-gorda-de-pinal-de-amoles\/#article\",\"isPartOf\":{\"@id\":\"https:\/\/www.nexoinformativo.mx\/index.php\/2024\/10\/22\/aviso-importante-nuevo-deslizamiento-de-tierra-en-la-sierra-gorda-de-pinal-de-amoles\/\"},\"author\":{\"name\":\"Nexo Informativo\",\"@id\":\"https:\/\/www.nexoinformativo.mx\/#\/schema\/person\/7749d380ba08c8ca00d7bc76fd907b7d\"},\"headline\":\"Aviso importante: Nuevo deslizamiento de tierra en la Sierra Gorda de Pinal de Amoles\",\"datePublished\":\"2024-10-22T18:30:33+00:00\",\"dateModified\":\"2024-10-22T19:24:00+00:00\",\"mainEntityOfPage\":{\"@id\":\"https:\/\/www.nexoinformativo.mx\/index.php\/2024\/10\/22\/aviso-importante-nuevo-deslizamiento-de-tierra-en-la-sierra-gorda-de-pinal-de-amoles\/\"},\"wordCount\":200,\"commentCount\":0,\"publisher\":{\"@id\":\"https:\/\/www.nexoinformativo.mx\/#organization\"},\"image\":{\"@id\":\"https:\/\/www.nexoinformativo.mx\/index.php\/2024\/10\/22\/aviso-importante-nuevo-deslizamiento-de-tierra-en-la-sierra-gorda-de-pinal-de-amoles\/#primaryimage\"},\"thumbnailUrl\":\"https:\/\/www.nexoinformativo.mx\/wp-content\/uploads\/2024\/10\/PHOTO-2024-10-22-12-10-12-e1729624780505.jpg\",\"keywords\":[\"Deslave\",\"PinalDeAmoles\",\"SeguridadCivil\",\"SierraGorda\"],\"articleSection\":[\"Municipios\",\"\u00daltima Hora\"],\"inLanguage\":\"es\",\"potentialAction\":[{\"@type\":\"CommentAction\",\"name\":\"Comment\",\"target\":[\"https:\/\/www.nexoinformativo.mx\/index.php\/2024\/10\/22\/aviso-importante-nuevo-deslizamiento-de-tierra-en-la-sierra-gorda-de-pinal-de-amoles\/#respond\"]}]},{\"@type\":\"WebPage\",\"@id\":\"https:\/\/www.nexoinformativo.mx\/index.php\/2024\/10\/22\/aviso-importante-nuevo-deslizamiento-de-tierra-en-la-sierra-gorda-de-pinal-de-amoles\/\",\"url\":\"https:\/\/www.nexoinformativo.mx\/index.php\/2024\/10\/22\/aviso-importante-nuevo-deslizamiento-de-tierra-en-la-sierra-gorda-de-pinal-de-amoles\/\",\"name\":\"Aviso importante: Nuevo deslizamiento de tierra en la Sierra Gorda de Pinal de Amoles | Nexo Informativo Santiago de Quer\u00e9taro\",\"isPartOf\":{\"@id\":\"https:\/\/www.nexoinformativo.mx\/#website\"},\"primaryImageOfPage\":{\"@id\":\"https:\/\/www.nexoinformativo.mx\/index.php\/2024\/10\/22\/aviso-importante-nuevo-deslizamiento-de-tierra-en-la-sierra-gorda-de-pinal-de-amoles\/#primaryimage\"},\"image\":{\"@id\":\"https:\/\/www.nexoinformativo.mx\/index.php\/2024\/10\/22\/aviso-importante-nuevo-deslizamiento-de-tierra-en-la-sierra-gorda-de-pinal-de-amoles\/#primaryimage\"},\"thumbnailUrl\":\"https:\/\/www.nexoinformativo.mx\/wp-content\/uploads\/2024\/10\/PHOTO-2024-10-22-12-10-12-e1729624780505.jpg\",\"datePublished\":\"2024-10-22T18:30:33+00:00\",\"dateModified\":\"2024-10-22T19:24:00+00:00\",\"description\":\"Aviso importante: Nuevo deslizamiento de tierra en la Sierra Gorda de Pinal de Amoles\",\"breadcrumb\":{\"@id\":\"https:\/\/www.nexoinformativo.mx\/index.php\/2024\/10\/22\/aviso-importante-nuevo-deslizamiento-de-tierra-en-la-sierra-gorda-de-pinal-de-amoles\/#breadcrumb\"},\"inLanguage\":\"es\",\"potentialAction\":[{\"@type\":\"ReadAction\",\"target\":[\"https:\/\/www.nexoinformativo.mx\/index.php\/2024\/10\/22\/aviso-importante-nuevo-deslizamiento-de-tierra-en-la-sierra-gorda-de-pinal-de-amoles\/\"]}]},{\"@type\":\"ImageObject\",\"inLanguage\":\"es\",\"@id\":\"https:\/\/www.nexoinformativo.mx\/index.php\/2024\/10\/22\/aviso-importante-nuevo-deslizamiento-de-tierra-en-la-sierra-gorda-de-pinal-de-amoles\/#primaryimage\",\"url\":\"https:\/\/www.nexoinformativo.mx\/wp-content\/uploads\/2024\/10\/PHOTO-2024-10-22-12-10-12-e1729624780505.jpg\",\"contentUrl\":\"https:\/\/www.nexoinformativo.mx\/wp-content\/uploads\/2024\/10\/PHOTO-2024-10-22-12-10-12-e1729624780505.jpg\",\"width\":800,\"height\":502},{\"@type\":\"BreadcrumbList\",\"@id\":\"https:\/\/www.nexoinformativo.mx\/index.php\/2024\/10\/22\/aviso-importante-nuevo-deslizamiento-de-tierra-en-la-sierra-gorda-de-pinal-de-amoles\/#breadcrumb\",\"itemListElement\":[{\"@type\":\"ListItem\",\"position\":1,\"name\":\"Inicio\",\"item\":\"https:\/\/www.nexoinformativo.mx\/\"},{\"@type\":\"ListItem\",\"position\":2,\"name\":\"Aviso importante: Nuevo deslizamiento de tierra en la Sierra Gorda de Pinal de Amoles\"}]},{\"@type\":\"WebSite\",\"@id\":\"https:\/\/www.nexoinformativo.mx\/#website\",\"url\":\"https:\/\/www.nexoinformativo.mx\/\",\"name\":\"Nexo Informativo Santiago de Quer\u00e9taro\",\"description\":\"Explora NexoInformativo y convi\u00e9rtete en parte de una comunidad que valora el conocimiento y la verdad. Tu nexoinformativo es tu puente hacia una comprensi\u00f3n m\u00e1s profunda del mundo que te rodea.\",\"publisher\":{\"@id\":\"https:\/\/www.nexoinformativo.mx\/#organization\"},\"potentialAction\":[{\"@type\":\"SearchAction\",\"target\":{\"@type\":\"EntryPoint\",\"urlTemplate\":\"https:\/\/www.nexoinformativo.mx\/?s={search_term_string}\"},\"query-input\":{\"@type\":\"PropertyValueSpecification\",\"valueRequired\":true,\"valueName\":\"search_term_string\"}}],\"inLanguage\":\"es\"},{\"@type\":\"Organization\",\"@id\":\"https:\/\/www.nexoinformativo.mx\/#organization\",\"name\":\"Nexo Informativo Santiago de Quer\u00e9taro\",\"url\":\"https:\/\/www.nexoinformativo.mx\/\",\"logo\":{\"@type\":\"ImageObject\",\"inLanguage\":\"es\",\"@id\":\"https:\/\/www.nexoinformativo.mx\/#\/schema\/logo\/image\/\",\"url\":\"https:\/\/www.nexoinformativo.mx\/wp-content\/uploads\/2024\/07\/nexoi-trasparente-2.png\",\"contentUrl\":\"https:\/\/www.nexoinformativo.mx\/wp-content\/uploads\/2024\/07\/nexoi-trasparente-2.png\",\"width\":816,\"height\":339,\"caption\":\"Nexo Informativo Santiago de Quer\u00e9taro\"},\"image\":{\"@id\":\"https:\/\/www.nexoinformativo.mx\/#\/schema\/logo\/image\/\"},\"sameAs\":[\"https:\/\/www.facebook.com\/people\/Nexo-Informativo\/61564066885511\/\"]},{\"@type\":\"Person\",\"@id\":\"https:\/\/www.nexoinformativo.mx\/#\/schema\/person\/7749d380ba08c8ca00d7bc76fd907b7d\",\"name\":\"Nexo Informativo\",\"image\":{\"@type\":\"ImageObject\",\"inLanguage\":\"es\",\"@id\":\"https:\/\/www.nexoinformativo.mx\/#\/schema\/person\/image\/\",\"url\":\"https:\/\/secure.gravatar.com\/avatar\/dde2928154642a13d95f87ddf1ea9718fe2b46760a005c53e41ff5ad610704e6?s=96&d=mm&r=g\",\"contentUrl\":\"https:\/\/secure.gravatar.com\/avatar\/dde2928154642a13d95f87ddf1ea9718fe2b46760a005c53e41ff5ad610704e6?s=96&d=mm&r=g\",\"caption\":\"Nexo Informativo\"},\"url\":\"https:\/\/www.nexoinformativo.mx\/index.php\/author\/edicion\/\"}]}<\/script>\n<!-- \/ Yoast SEO plugin. -->","yoast_head_json":{"title":"Aviso importante: Nuevo deslizamiento de tierra en la Sierra Gorda de Pinal de Amoles | Nexo Informativo Santiago de Quer\u00e9taro","description":"Aviso importante: Nuevo deslizamiento de tierra en la Sierra Gorda de Pinal de Amoles","robots":{"index":"index","follow":"follow","max-snippet":"max-snippet:-1","max-image-preview":"max-image-preview:large","max-video-preview":"max-video-preview:-1"},"canonical":"https:\/\/www.nexoinformativo.mx\/index.php\/2024\/10\/22\/aviso-importante-nuevo-deslizamiento-de-tierra-en-la-sierra-gorda-de-pinal-de-amoles\/","og_locale":"es_MX","og_type":"article","og_title":"Aviso importante: Nuevo deslizamiento de tierra en la Sierra Gorda de Pinal de Amoles | Nexo Informativo Santiago de Quer\u00e9taro","og_description":"Aviso importante: Nuevo deslizamiento de tierra en la Sierra Gorda de Pinal de Amoles","og_url":"https:\/\/www.nexoinformativo.mx\/index.php\/2024\/10\/22\/aviso-importante-nuevo-deslizamiento-de-tierra-en-la-sierra-gorda-de-pinal-de-amoles\/","og_site_name":"Nexo Informativo Santiago de Quer\u00e9taro","article_publisher":"https:\/\/www.facebook.com\/people\/Nexo-Informativo\/61564066885511\/","article_published_time":"2024-10-22T18:30:33+00:00","article_modified_time":"2024-10-22T19:24:00+00:00","og_image":[{"width":800,"height":502,"url":"https:\/\/www.nexoinformativo.mx\/wp-content\/uploads\/2024\/10\/PHOTO-2024-10-22-12-10-12-e1729624780505.jpg","type":"image\/jpeg"}],"author":"Nexo Informativo","twitter_card":"summary_large_image","twitter_misc":{"Escrito por":"Nexo Informativo","Tiempo de lectura":"1 minuto"},"schema":{"@context":"https:\/\/schema.org","@graph":[{"@type":"Article","@id":"https:\/\/www.nexoinformativo.mx\/index.php\/2024\/10\/22\/aviso-importante-nuevo-deslizamiento-de-tierra-en-la-sierra-gorda-de-pinal-de-amoles\/#article","isPartOf":{"@id":"https:\/\/www.nexoinformativo.mx\/index.php\/2024\/10\/22\/aviso-importante-nuevo-deslizamiento-de-tierra-en-la-sierra-gorda-de-pinal-de-amoles\/"},"author":{"name":"Nexo Informativo","@id":"https:\/\/www.nexoinformativo.mx\/#\/schema\/person\/7749d380ba08c8ca00d7bc76fd907b7d"},"headline":"Aviso importante: Nuevo deslizamiento de tierra en la Sierra Gorda de Pinal de Amoles","datePublished":"2024-10-22T18:30:33+00:00","dateModified":"2024-10-22T19:24:00+00:00","mainEntityOfPage":{"@id":"https:\/\/www.nexoinformativo.mx\/index.php\/2024\/10\/22\/aviso-importante-nuevo-deslizamiento-de-tierra-en-la-sierra-gorda-de-pinal-de-amoles\/"},"wordCount":200,"commentCount":0,"publisher":{"@id":"https:\/\/www.nexoinformativo.mx\/#organization"},"image":{"@id":"https:\/\/www.nexoinformativo.mx\/index.php\/2024\/10\/22\/aviso-importante-nuevo-deslizamiento-de-tierra-en-la-sierra-gorda-de-pinal-de-amoles\/#primaryimage"},"thumbnailUrl":"https:\/\/www.nexoinformativo.mx\/wp-content\/uploads\/2024\/10\/PHOTO-2024-10-22-12-10-12-e1729624780505.jpg","keywords":["Deslave","PinalDeAmoles","SeguridadCivil","SierraGorda"],"articleSection":["Municipios","\u00daltima Hora"],"inLanguage":"es","potentialAction":[{"@type":"CommentAction","name":"Comment","target":["https:\/\/www.nexoinformativo.mx\/index.php\/2024\/10\/22\/aviso-importante-nuevo-deslizamiento-de-tierra-en-la-sierra-gorda-de-pinal-de-amoles\/#respond"]}]},{"@type":"WebPage","@id":"https:\/\/www.nexoinformativo.mx\/index.php\/2024\/10\/22\/aviso-importante-nuevo-deslizamiento-de-tierra-en-la-sierra-gorda-de-pinal-de-amoles\/","url":"https:\/\/www.nexoinformativo.mx\/index.php\/2024\/10\/22\/aviso-importante-nuevo-deslizamiento-de-tierra-en-la-sierra-gorda-de-pinal-de-amoles\/","name":"Aviso importante: Nuevo deslizamiento de tierra en la Sierra Gorda de Pinal de Amoles | Nexo Informativo Santiago de Quer\u00e9taro","isPartOf":{"@id":"https:\/\/www.nexoinformativo.mx\/#website"},"primaryImageOfPage":{"@id":"https:\/\/www.nexoinformativo.mx\/index.php\/2024\/10\/22\/aviso-importante-nuevo-deslizamiento-de-tierra-en-la-sierra-gorda-de-pinal-de-amoles\/#primaryimage"},"image":{"@id":"https:\/\/www.nexoinformativo.mx\/index.php\/2024\/10\/22\/aviso-importante-nuevo-deslizamiento-de-tierra-en-la-sierra-gorda-de-pinal-de-amoles\/#primaryimage"},"thumbnailUrl":"https:\/\/www.nexoinformativo.mx\/wp-content\/uploads\/2024\/10\/PHOTO-2024-10-22-12-10-12-e1729624780505.jpg","datePublished":"2024-10-22T18:30:33+00:00","dateModified":"2024-10-22T19:24:00+00:00","description":"Aviso importante: Nuevo deslizamiento de tierra en la Sierra Gorda de Pinal de Amoles","breadcrumb":{"@id":"https:\/\/www.nexoinformativo.mx\/index.php\/2024\/10\/22\/aviso-importante-nuevo-deslizamiento-de-tierra-en-la-sierra-gorda-de-pinal-de-amoles\/#breadcrumb"},"inLanguage":"es","potentialAction":[{"@type":"ReadAction","target":["https:\/\/www.nexoinformativo.mx\/index.php\/2024\/10\/22\/aviso-importante-nuevo-deslizamiento-de-tierra-en-la-sierra-gorda-de-pinal-de-amoles\/"]}]},{"@type":"ImageObject","inLanguage":"es","@id":"https:\/\/www.nexoinformativo.mx\/index.php\/2024\/10\/22\/aviso-importante-nuevo-deslizamiento-de-tierra-en-la-sierra-gorda-de-pinal-de-amoles\/#primaryimage","url":"https:\/\/www.nexoinformativo.mx\/wp-content\/uploads\/2024\/10\/PHOTO-2024-10-22-12-10-12-e1729624780505.jpg","contentUrl":"https:\/\/www.nexoinformativo.mx\/wp-content\/uploads\/2024\/10\/PHOTO-2024-10-22-12-10-12-e1729624780505.jpg","width":800,"height":502},{"@type":"BreadcrumbList","@id":"https:\/\/www.nexoinformativo.mx\/index.php\/2024\/10\/22\/aviso-importante-nuevo-deslizamiento-de-tierra-en-la-sierra-gorda-de-pinal-de-amoles\/#breadcrumb","itemListElement":[{"@type":"ListItem","position":1,"name":"Inicio","item":"https:\/\/www.nexoinformativo.mx\/"},{"@type":"ListItem","position":2,"name":"Aviso importante: Nuevo deslizamiento de tierra en la Sierra Gorda de Pinal de Amoles"}]},{"@type":"WebSite","@id":"https:\/\/www.nexoinformativo.mx\/#website","url":"https:\/\/www.nexoinformativo.mx\/","name":"Nexo Informativo Santiago de Quer\u00e9taro","description":"Explora NexoInformativo y convi\u00e9rtete en parte de una comunidad que valora el conocimiento y la verdad. Tu nexoinformativo es tu puente hacia una comprensi\u00f3n m\u00e1s profunda del mundo que te rodea.","publisher":{"@id":"https:\/\/www.nexoinformativo.mx\/#organization"},"potentialAction":[{"@type":"SearchAction","target":{"@type":"EntryPoint","urlTemplate":"https:\/\/www.nexoinformativo.mx\/?s={search_term_string}"},"query-input":{"@type":"PropertyValueSpecification","valueRequired":true,"valueName":"search_term_string"}}],"inLanguage":"es"},{"@type":"Organization","@id":"https:\/\/www.nexoinformativo.mx\/#organization","name":"Nexo Informativo Santiago de Quer\u00e9taro","url":"https:\/\/www.nexoinformativo.mx\/","logo":{"@type":"ImageObject","inLanguage":"es","@id":"https:\/\/www.nexoinformativo.mx\/#\/schema\/logo\/image\/","url":"https:\/\/www.nexoinformativo.mx\/wp-content\/uploads\/2024\/07\/nexoi-trasparente-2.png","contentUrl":"https:\/\/www.nexoinformativo.mx\/wp-content\/uploads\/2024\/07\/nexoi-trasparente-2.png","width":816,"height":339,"caption":"Nexo Informativo Santiago de Quer\u00e9taro"},"image":{"@id":"https:\/\/www.nexoinformativo.mx\/#\/schema\/logo\/image\/"},"sameAs":["https:\/\/www.facebook.com\/people\/Nexo-Informativo\/61564066885511\/"]},{"@type":"Person","@id":"https:\/\/www.nexoinformativo.mx\/#\/schema\/person\/7749d380ba08c8ca00d7bc76fd907b7d","name":"Nexo Informativo","image":{"@type":"ImageObject","inLanguage":"es","@id":"https:\/\/www.nexoinformativo.mx\/#\/schema\/person\/image\/","url":"https:\/\/secure.gravatar.com\/avatar\/dde2928154642a13d95f87ddf1ea9718fe2b46760a005c53e41ff5ad610704e6?s=96&d=mm&r=g","contentUrl":"https:\/\/secure.gravatar.com\/avatar\/dde2928154642a13d95f87ddf1ea9718fe2b46760a005c53e41ff5ad610704e6?s=96&d=mm&r=g","caption":"Nexo Informativo"},"url":"https:\/\/www.nexoinformativo.mx\/index.php\/author\/edicion\/"}]}},"_links":{"self":[{"href":"https:\/\/www.nexoinformativo.mx\/index.php\/wp-json\/wp\/v2\/posts\/4138","targetHints":{"allow":["GET"]}}],"collection":[{"href":"https:\/\/www.nexoinformativo.mx\/index.php\/wp-json\/wp\/v2\/posts"}],"about":[{"href":"https:\/\/www.nexoinformativo.mx\/index.php\/wp-json\/wp\/v2\/types\/post"}],"author":[{"embeddable":true,"href":"https:\/\/www.nexoinformativo.mx\/index.php\/wp-json\/wp\/v2\/users\/3"}],"replies":[{"embeddable":true,"href":"https:\/\/www.nexoinformativo.mx\/index.php\/wp-json\/wp\/v2\/comments?post=4138"}],"version-history":[{"count":4,"href":"https:\/\/www.nexoinformativo.mx\/index.php\/wp-json\/wp\/v2\/posts\/4138\/revisions"}],"predecessor-version":[{"id":4147,"href":"https:\/\/www.nexoinformativo.mx\/index.php\/wp-json\/wp\/v2\/posts\/4138\/revisions\/4147"}],"wp:featuredmedia":[{"embeddable":true,"href":"https:\/\/www.nexoinformativo.mx\/index.php\/wp-json\/wp\/v2\/media\/4139"}],"wp:attachment":[{"href":"https:\/\/www.nexoinformativo.mx\/index.php\/wp-json\/wp\/v2\/media?parent=4138"}],"wp:term":[{"taxonomy":"category","embeddable":true,"href":"https:\/\/www.nexoinformativo.mx\/index.php\/wp-json\/wp\/v2\/categories?post=4138"},{"taxonomy":"post_tag","embeddable":true,"href":"https:\/\/www.nexoinformativo.mx\/index.php\/wp-json\/wp\/v2\/tags?post=4138"}],"curies":[{"name":"wp","href":"https:\/\/api.w.org\/{rel}","templated":true}]}}