{"id":4158,"date":"2024-10-22T13:30:49","date_gmt":"2024-10-22T19:30:49","guid":{"rendered":"https:\/\/www.nexoinformativo.mx\/?p=4158"},"modified":"2024-10-22T14:10:20","modified_gmt":"2024-10-22T20:10:20","slug":"relleno-sanitario-de-corregidora-permanece-cerrado-marco-del-prete","status":"publish","type":"post","link":"https:\/\/www.nexoinformativo.mx\/index.php\/2024\/10\/22\/relleno-sanitario-de-corregidora-permanece-cerrado-marco-del-prete\/","title":{"rendered":"Relleno sanitario de Corregidora permanece cerrado: Marco Del Prete"},"content":{"rendered":"<p style=\"text-align: justify;\" data-sourcepos=\"7:1-7:371\">El secretario de desarrollo sustentable del estado, Marco Del Prete, confirm\u00f3 que el relleno sanitario de Corregidora sigue sin poder operar debido a una clausura temporal. Esta medida se mantiene mientras el propietario realiza las correcciones necesarias para cumplir con las normas ambientales y solucionar las problem\u00e1ticas que provocaron un incendio hace unos meses.<\/p>\n<p>&nbsp;<\/p>\n<p style=\"text-align: justify;\" data-sourcepos=\"11:1-11:330\">De acuerdo con Del Prete, el propietario del relleno sanitario debe llevar a cabo un dictamen ambiental para evaluar los da\u00f1os causados por el incendio y determinar las acciones a seguir para remediar la situaci\u00f3n. Y se le han impuesto ciertas adecuaciones para garantizar el cumplimiento de las normas ambientales vigentes.<\/p>\n<p>&nbsp;<\/p>\n<p style=\"text-align: justify;\" data-sourcepos=\"13:1-13:376\">El secretario se\u00f1al\u00f3 que el proceso de regularizaci\u00f3n del relleno sanitario tomar\u00e1 un tiempo determinado, el cual depender\u00e1 de los avances que el propietario presente ante una entidad acreditadora. Mientras tanto, el relleno permanecer\u00e1 clausurado hasta que cumpla con todos los requisitos establecidos por la Procuradur\u00eda Estatal del Medio Ambiente.<\/p>\n<p>&nbsp;<\/p>\n<p style=\"text-align: justify;\" data-sourcepos=\"17:1-17:406\">La clausura del relleno sanitario de Corregidora refleja el compromiso de las autoridades estatales por garantizar el cumplimiento de las normas ambientales y proteger el entorno.<\/p>\n<p>&nbsp;<\/p>\n<p style=\"text-align: justify;\" data-sourcepos=\"17:1-17:406\">Se espera que el propietario del relleno realice las acciones necesarias para solucionar las problem\u00e1ticas identificadas y pueda reanudar sus operaciones a la brevedad, siempre y cuando cumpla con todos los requisitos legales.<\/p>\n<p>&nbsp;<\/p>\n<p style=\"text-align: center;\" data-sourcepos=\"17:1-17:406\"><em><strong>\u00a1Informaci\u00f3n que transforma!<\/strong><\/em><\/p>\n","protected":false},"excerpt":{"rendered":"<p>El secretario de desarrollo sustentable del estado, Marco Del Prete, confirm\u00f3 que el relleno sanitario de Corregidora sigue sin poder operar debido a una clausura temporal.<\/p>\n","protected":false},"author":3,"featured_media":4159,"comment_status":"open","ping_status":"open","sticky":false,"template":"","format":"standard","meta":{"footnotes":""},"categories":[65,58],"tags":[1550,656,1551,1549],"class_list":["post-4158","post","type-post","status-publish","format-standard","has-post-thumbnail","hentry","category-municipios","category-ultima-hora","tag-clausuratemporal","tag-medioambiente","tag-normasambientales","tag-rellenosanitariocorregidora"],"yoast_head":"<!-- This site is optimized with the Yoast SEO plugin v25.0 - https:\/\/yoast.com\/wordpress\/plugins\/seo\/ -->\n<title>Relleno sanitario de Corregidora permanece cerrado: Marco Del Prete | Nexo Informativo Santiago de Quer\u00e9taro<\/title>\n<meta name=\"description\" content=\"Relleno sanitario de Corregidora permanece cerrado: Marco Del Prete\" \/>\n<meta name=\"robots\" content=\"index, follow, max-snippet:-1, max-image-preview:large, max-video-preview:-1\" \/>\n<link rel=\"canonical\" href=\"https:\/\/www.nexoinformativo.mx\/index.php\/2024\/10\/22\/relleno-sanitario-de-corregidora-permanece-cerrado-marco-del-prete\/\" \/>\n<meta property=\"og:locale\" content=\"es_MX\" \/>\n<meta property=\"og:type\" content=\"article\" \/>\n<meta property=\"og:title\" content=\"Relleno sanitario de Corregidora permanece cerrado: Marco Del Prete | Nexo Informativo Santiago de Quer\u00e9taro\" \/>\n<meta property=\"og:description\" content=\"Relleno sanitario de Corregidora permanece cerrado: Marco Del Prete\" \/>\n<meta property=\"og:url\" content=\"https:\/\/www.nexoinformativo.mx\/index.php\/2024\/10\/22\/relleno-sanitario-de-corregidora-permanece-cerrado-marco-del-prete\/\" \/>\n<meta property=\"og:site_name\" content=\"Nexo Informativo Santiago de Quer\u00e9taro\" \/>\n<meta property=\"article:publisher\" content=\"https:\/\/www.facebook.com\/people\/Nexo-Informativo\/61564066885511\/\" \/>\n<meta property=\"article:published_time\" content=\"2024-10-22T19:30:49+00:00\" \/>\n<meta property=\"article:modified_time\" content=\"2024-10-22T20:10:20+00:00\" \/>\n<meta property=\"og:image\" content=\"https:\/\/www.nexoinformativo.mx\/wp-content\/uploads\/2024\/10\/09620727-48c5-49a4-b9b3-19698fa08c7f-e1729627689243.jpg\" \/>\n\t<meta property=\"og:image:width\" content=\"800\" \/>\n\t<meta property=\"og:image:height\" content=\"636\" \/>\n\t<meta property=\"og:image:type\" content=\"image\/jpeg\" \/>\n<meta name=\"author\" content=\"Nexo Informativo\" \/>\n<meta name=\"twitter:card\" content=\"summary_large_image\" \/>\n<meta name=\"twitter:label1\" content=\"Escrito por\" \/>\n\t<meta name=\"twitter:data1\" content=\"Nexo Informativo\" \/>\n\t<meta name=\"twitter:label2\" content=\"Tiempo de lectura\" \/>\n\t<meta name=\"twitter:data2\" content=\"2 minutos\" \/>\n<script type=\"application\/ld+json\" class=\"yoast-schema-graph\">{\"@context\":\"https:\/\/schema.org\",\"@graph\":[{\"@type\":\"Article\",\"@id\":\"https:\/\/www.nexoinformativo.mx\/index.php\/2024\/10\/22\/relleno-sanitario-de-corregidora-permanece-cerrado-marco-del-prete\/#article\",\"isPartOf\":{\"@id\":\"https:\/\/www.nexoinformativo.mx\/index.php\/2024\/10\/22\/relleno-sanitario-de-corregidora-permanece-cerrado-marco-del-prete\/\"},\"author\":{\"name\":\"Nexo Informativo\",\"@id\":\"https:\/\/www.nexoinformativo.mx\/#\/schema\/person\/7749d380ba08c8ca00d7bc76fd907b7d\"},\"headline\":\"Relleno sanitario de Corregidora permanece cerrado: Marco Del Prete\",\"datePublished\":\"2024-10-22T19:30:49+00:00\",\"dateModified\":\"2024-10-22T20:10:20+00:00\",\"mainEntityOfPage\":{\"@id\":\"https:\/\/www.nexoinformativo.mx\/index.php\/2024\/10\/22\/relleno-sanitario-de-corregidora-permanece-cerrado-marco-del-prete\/\"},\"wordCount\":239,\"commentCount\":0,\"publisher\":{\"@id\":\"https:\/\/www.nexoinformativo.mx\/#organization\"},\"image\":{\"@id\":\"https:\/\/www.nexoinformativo.mx\/index.php\/2024\/10\/22\/relleno-sanitario-de-corregidora-permanece-cerrado-marco-del-prete\/#primaryimage\"},\"thumbnailUrl\":\"https:\/\/www.nexoinformativo.mx\/wp-content\/uploads\/2024\/10\/09620727-48c5-49a4-b9b3-19698fa08c7f-e1729627689243.jpg\",\"keywords\":[\"ClausuraTemporal\",\"MedioAmbiente\",\"NormasAmbientales\",\"RellenoSanitarioCorregidora\"],\"articleSection\":[\"Municipios\",\"\u00daltima Hora\"],\"inLanguage\":\"es\",\"potentialAction\":[{\"@type\":\"CommentAction\",\"name\":\"Comment\",\"target\":[\"https:\/\/www.nexoinformativo.mx\/index.php\/2024\/10\/22\/relleno-sanitario-de-corregidora-permanece-cerrado-marco-del-prete\/#respond\"]}]},{\"@type\":\"WebPage\",\"@id\":\"https:\/\/www.nexoinformativo.mx\/index.php\/2024\/10\/22\/relleno-sanitario-de-corregidora-permanece-cerrado-marco-del-prete\/\",\"url\":\"https:\/\/www.nexoinformativo.mx\/index.php\/2024\/10\/22\/relleno-sanitario-de-corregidora-permanece-cerrado-marco-del-prete\/\",\"name\":\"Relleno sanitario de Corregidora permanece cerrado: Marco Del Prete | Nexo Informativo Santiago de Quer\u00e9taro\",\"isPartOf\":{\"@id\":\"https:\/\/www.nexoinformativo.mx\/#website\"},\"primaryImageOfPage\":{\"@id\":\"https:\/\/www.nexoinformativo.mx\/index.php\/2024\/10\/22\/relleno-sanitario-de-corregidora-permanece-cerrado-marco-del-prete\/#primaryimage\"},\"image\":{\"@id\":\"https:\/\/www.nexoinformativo.mx\/index.php\/2024\/10\/22\/relleno-sanitario-de-corregidora-permanece-cerrado-marco-del-prete\/#primaryimage\"},\"thumbnailUrl\":\"https:\/\/www.nexoinformativo.mx\/wp-content\/uploads\/2024\/10\/09620727-48c5-49a4-b9b3-19698fa08c7f-e1729627689243.jpg\",\"datePublished\":\"2024-10-22T19:30:49+00:00\",\"dateModified\":\"2024-10-22T20:10:20+00:00\",\"description\":\"Relleno sanitario de Corregidora permanece cerrado: Marco Del Prete\",\"breadcrumb\":{\"@id\":\"https:\/\/www.nexoinformativo.mx\/index.php\/2024\/10\/22\/relleno-sanitario-de-corregidora-permanece-cerrado-marco-del-prete\/#breadcrumb\"},\"inLanguage\":\"es\",\"potentialAction\":[{\"@type\":\"ReadAction\",\"target\":[\"https:\/\/www.nexoinformativo.mx\/index.php\/2024\/10\/22\/relleno-sanitario-de-corregidora-permanece-cerrado-marco-del-prete\/\"]}]},{\"@type\":\"ImageObject\",\"inLanguage\":\"es\",\"@id\":\"https:\/\/www.nexoinformativo.mx\/index.php\/2024\/10\/22\/relleno-sanitario-de-corregidora-permanece-cerrado-marco-del-prete\/#primaryimage\",\"url\":\"https:\/\/www.nexoinformativo.mx\/wp-content\/uploads\/2024\/10\/09620727-48c5-49a4-b9b3-19698fa08c7f-e1729627689243.jpg\",\"contentUrl\":\"https:\/\/www.nexoinformativo.mx\/wp-content\/uploads\/2024\/10\/09620727-48c5-49a4-b9b3-19698fa08c7f-e1729627689243.jpg\",\"width\":800,\"height\":636},{\"@type\":\"BreadcrumbList\",\"@id\":\"https:\/\/www.nexoinformativo.mx\/index.php\/2024\/10\/22\/relleno-sanitario-de-corregidora-permanece-cerrado-marco-del-prete\/#breadcrumb\",\"itemListElement\":[{\"@type\":\"ListItem\",\"position\":1,\"name\":\"Inicio\",\"item\":\"https:\/\/www.nexoinformativo.mx\/\"},{\"@type\":\"ListItem\",\"position\":2,\"name\":\"Relleno sanitario de Corregidora permanece cerrado: Marco Del Prete\"}]},{\"@type\":\"WebSite\",\"@id\":\"https:\/\/www.nexoinformativo.mx\/#website\",\"url\":\"https:\/\/www.nexoinformativo.mx\/\",\"name\":\"Nexo Informativo Santiago de Quer\u00e9taro\",\"description\":\"Explora NexoInformativo y convi\u00e9rtete en parte de una comunidad que valora el conocimiento y la verdad. Tu nexoinformativo es tu puente hacia una comprensi\u00f3n m\u00e1s profunda del mundo que te rodea.\",\"publisher\":{\"@id\":\"https:\/\/www.nexoinformativo.mx\/#organization\"},\"potentialAction\":[{\"@type\":\"SearchAction\",\"target\":{\"@type\":\"EntryPoint\",\"urlTemplate\":\"https:\/\/www.nexoinformativo.mx\/?s={search_term_string}\"},\"query-input\":{\"@type\":\"PropertyValueSpecification\",\"valueRequired\":true,\"valueName\":\"search_term_string\"}}],\"inLanguage\":\"es\"},{\"@type\":\"Organization\",\"@id\":\"https:\/\/www.nexoinformativo.mx\/#organization\",\"name\":\"Nexo Informativo Santiago de Quer\u00e9taro\",\"url\":\"https:\/\/www.nexoinformativo.mx\/\",\"logo\":{\"@type\":\"ImageObject\",\"inLanguage\":\"es\",\"@id\":\"https:\/\/www.nexoinformativo.mx\/#\/schema\/logo\/image\/\",\"url\":\"https:\/\/www.nexoinformativo.mx\/wp-content\/uploads\/2024\/07\/nexoi-trasparente-2.png\",\"contentUrl\":\"https:\/\/www.nexoinformativo.mx\/wp-content\/uploads\/2024\/07\/nexoi-trasparente-2.png\",\"width\":816,\"height\":339,\"caption\":\"Nexo Informativo Santiago de Quer\u00e9taro\"},\"image\":{\"@id\":\"https:\/\/www.nexoinformativo.mx\/#\/schema\/logo\/image\/\"},\"sameAs\":[\"https:\/\/www.facebook.com\/people\/Nexo-Informativo\/61564066885511\/\"]},{\"@type\":\"Person\",\"@id\":\"https:\/\/www.nexoinformativo.mx\/#\/schema\/person\/7749d380ba08c8ca00d7bc76fd907b7d\",\"name\":\"Nexo Informativo\",\"image\":{\"@type\":\"ImageObject\",\"inLanguage\":\"es\",\"@id\":\"https:\/\/www.nexoinformativo.mx\/#\/schema\/person\/image\/\",\"url\":\"https:\/\/secure.gravatar.com\/avatar\/dde2928154642a13d95f87ddf1ea9718fe2b46760a005c53e41ff5ad610704e6?s=96&d=mm&r=g\",\"contentUrl\":\"https:\/\/secure.gravatar.com\/avatar\/dde2928154642a13d95f87ddf1ea9718fe2b46760a005c53e41ff5ad610704e6?s=96&d=mm&r=g\",\"caption\":\"Nexo Informativo\"},\"url\":\"https:\/\/www.nexoinformativo.mx\/index.php\/author\/edicion\/\"}]}<\/script>\n<!-- \/ Yoast SEO plugin. -->","yoast_head_json":{"title":"Relleno sanitario de Corregidora permanece cerrado: Marco Del Prete | Nexo Informativo Santiago de Quer\u00e9taro","description":"Relleno sanitario de Corregidora permanece cerrado: Marco Del Prete","robots":{"index":"index","follow":"follow","max-snippet":"max-snippet:-1","max-image-preview":"max-image-preview:large","max-video-preview":"max-video-preview:-1"},"canonical":"https:\/\/www.nexoinformativo.mx\/index.php\/2024\/10\/22\/relleno-sanitario-de-corregidora-permanece-cerrado-marco-del-prete\/","og_locale":"es_MX","og_type":"article","og_title":"Relleno sanitario de Corregidora permanece cerrado: Marco Del Prete | Nexo Informativo Santiago de Quer\u00e9taro","og_description":"Relleno sanitario de Corregidora permanece cerrado: Marco Del Prete","og_url":"https:\/\/www.nexoinformativo.mx\/index.php\/2024\/10\/22\/relleno-sanitario-de-corregidora-permanece-cerrado-marco-del-prete\/","og_site_name":"Nexo Informativo Santiago de Quer\u00e9taro","article_publisher":"https:\/\/www.facebook.com\/people\/Nexo-Informativo\/61564066885511\/","article_published_time":"2024-10-22T19:30:49+00:00","article_modified_time":"2024-10-22T20:10:20+00:00","og_image":[{"width":800,"height":636,"url":"https:\/\/www.nexoinformativo.mx\/wp-content\/uploads\/2024\/10\/09620727-48c5-49a4-b9b3-19698fa08c7f-e1729627689243.jpg","type":"image\/jpeg"}],"author":"Nexo Informativo","twitter_card":"summary_large_image","twitter_misc":{"Escrito por":"Nexo Informativo","Tiempo de lectura":"2 minutos"},"schema":{"@context":"https:\/\/schema.org","@graph":[{"@type":"Article","@id":"https:\/\/www.nexoinformativo.mx\/index.php\/2024\/10\/22\/relleno-sanitario-de-corregidora-permanece-cerrado-marco-del-prete\/#article","isPartOf":{"@id":"https:\/\/www.nexoinformativo.mx\/index.php\/2024\/10\/22\/relleno-sanitario-de-corregidora-permanece-cerrado-marco-del-prete\/"},"author":{"name":"Nexo Informativo","@id":"https:\/\/www.nexoinformativo.mx\/#\/schema\/person\/7749d380ba08c8ca00d7bc76fd907b7d"},"headline":"Relleno sanitario de Corregidora permanece cerrado: Marco Del Prete","datePublished":"2024-10-22T19:30:49+00:00","dateModified":"2024-10-22T20:10:20+00:00","mainEntityOfPage":{"@id":"https:\/\/www.nexoinformativo.mx\/index.php\/2024\/10\/22\/relleno-sanitario-de-corregidora-permanece-cerrado-marco-del-prete\/"},"wordCount":239,"commentCount":0,"publisher":{"@id":"https:\/\/www.nexoinformativo.mx\/#organization"},"image":{"@id":"https:\/\/www.nexoinformativo.mx\/index.php\/2024\/10\/22\/relleno-sanitario-de-corregidora-permanece-cerrado-marco-del-prete\/#primaryimage"},"thumbnailUrl":"https:\/\/www.nexoinformativo.mx\/wp-content\/uploads\/2024\/10\/09620727-48c5-49a4-b9b3-19698fa08c7f-e1729627689243.jpg","keywords":["ClausuraTemporal","MedioAmbiente","NormasAmbientales","RellenoSanitarioCorregidora"],"articleSection":["Municipios","\u00daltima Hora"],"inLanguage":"es","potentialAction":[{"@type":"CommentAction","name":"Comment","target":["https:\/\/www.nexoinformativo.mx\/index.php\/2024\/10\/22\/relleno-sanitario-de-corregidora-permanece-cerrado-marco-del-prete\/#respond"]}]},{"@type":"WebPage","@id":"https:\/\/www.nexoinformativo.mx\/index.php\/2024\/10\/22\/relleno-sanitario-de-corregidora-permanece-cerrado-marco-del-prete\/","url":"https:\/\/www.nexoinformativo.mx\/index.php\/2024\/10\/22\/relleno-sanitario-de-corregidora-permanece-cerrado-marco-del-prete\/","name":"Relleno sanitario de Corregidora permanece cerrado: Marco Del Prete | Nexo Informativo Santiago de Quer\u00e9taro","isPartOf":{"@id":"https:\/\/www.nexoinformativo.mx\/#website"},"primaryImageOfPage":{"@id":"https:\/\/www.nexoinformativo.mx\/index.php\/2024\/10\/22\/relleno-sanitario-de-corregidora-permanece-cerrado-marco-del-prete\/#primaryimage"},"image":{"@id":"https:\/\/www.nexoinformativo.mx\/index.php\/2024\/10\/22\/relleno-sanitario-de-corregidora-permanece-cerrado-marco-del-prete\/#primaryimage"},"thumbnailUrl":"https:\/\/www.nexoinformativo.mx\/wp-content\/uploads\/2024\/10\/09620727-48c5-49a4-b9b3-19698fa08c7f-e1729627689243.jpg","datePublished":"2024-10-22T19:30:49+00:00","dateModified":"2024-10-22T20:10:20+00:00","description":"Relleno sanitario de Corregidora permanece cerrado: Marco Del Prete","breadcrumb":{"@id":"https:\/\/www.nexoinformativo.mx\/index.php\/2024\/10\/22\/relleno-sanitario-de-corregidora-permanece-cerrado-marco-del-prete\/#breadcrumb"},"inLanguage":"es","potentialAction":[{"@type":"ReadAction","target":["https:\/\/www.nexoinformativo.mx\/index.php\/2024\/10\/22\/relleno-sanitario-de-corregidora-permanece-cerrado-marco-del-prete\/"]}]},{"@type":"ImageObject","inLanguage":"es","@id":"https:\/\/www.nexoinformativo.mx\/index.php\/2024\/10\/22\/relleno-sanitario-de-corregidora-permanece-cerrado-marco-del-prete\/#primaryimage","url":"https:\/\/www.nexoinformativo.mx\/wp-content\/uploads\/2024\/10\/09620727-48c5-49a4-b9b3-19698fa08c7f-e1729627689243.jpg","contentUrl":"https:\/\/www.nexoinformativo.mx\/wp-content\/uploads\/2024\/10\/09620727-48c5-49a4-b9b3-19698fa08c7f-e1729627689243.jpg","width":800,"height":636},{"@type":"BreadcrumbList","@id":"https:\/\/www.nexoinformativo.mx\/index.php\/2024\/10\/22\/relleno-sanitario-de-corregidora-permanece-cerrado-marco-del-prete\/#breadcrumb","itemListElement":[{"@type":"ListItem","position":1,"name":"Inicio","item":"https:\/\/www.nexoinformativo.mx\/"},{"@type":"ListItem","position":2,"name":"Relleno sanitario de Corregidora permanece cerrado: Marco Del Prete"}]},{"@type":"WebSite","@id":"https:\/\/www.nexoinformativo.mx\/#website","url":"https:\/\/www.nexoinformativo.mx\/","name":"Nexo Informativo Santiago de Quer\u00e9taro","description":"Explora NexoInformativo y convi\u00e9rtete en parte de una comunidad que valora el conocimiento y la verdad. Tu nexoinformativo es tu puente hacia una comprensi\u00f3n m\u00e1s profunda del mundo que te rodea.","publisher":{"@id":"https:\/\/www.nexoinformativo.mx\/#organization"},"potentialAction":[{"@type":"SearchAction","target":{"@type":"EntryPoint","urlTemplate":"https:\/\/www.nexoinformativo.mx\/?s={search_term_string}"},"query-input":{"@type":"PropertyValueSpecification","valueRequired":true,"valueName":"search_term_string"}}],"inLanguage":"es"},{"@type":"Organization","@id":"https:\/\/www.nexoinformativo.mx\/#organization","name":"Nexo Informativo Santiago de Quer\u00e9taro","url":"https:\/\/www.nexoinformativo.mx\/","logo":{"@type":"ImageObject","inLanguage":"es","@id":"https:\/\/www.nexoinformativo.mx\/#\/schema\/logo\/image\/","url":"https:\/\/www.nexoinformativo.mx\/wp-content\/uploads\/2024\/07\/nexoi-trasparente-2.png","contentUrl":"https:\/\/www.nexoinformativo.mx\/wp-content\/uploads\/2024\/07\/nexoi-trasparente-2.png","width":816,"height":339,"caption":"Nexo Informativo Santiago de Quer\u00e9taro"},"image":{"@id":"https:\/\/www.nexoinformativo.mx\/#\/schema\/logo\/image\/"},"sameAs":["https:\/\/www.facebook.com\/people\/Nexo-Informativo\/61564066885511\/"]},{"@type":"Person","@id":"https:\/\/www.nexoinformativo.mx\/#\/schema\/person\/7749d380ba08c8ca00d7bc76fd907b7d","name":"Nexo Informativo","image":{"@type":"ImageObject","inLanguage":"es","@id":"https:\/\/www.nexoinformativo.mx\/#\/schema\/person\/image\/","url":"https:\/\/secure.gravatar.com\/avatar\/dde2928154642a13d95f87ddf1ea9718fe2b46760a005c53e41ff5ad610704e6?s=96&d=mm&r=g","contentUrl":"https:\/\/secure.gravatar.com\/avatar\/dde2928154642a13d95f87ddf1ea9718fe2b46760a005c53e41ff5ad610704e6?s=96&d=mm&r=g","caption":"Nexo Informativo"},"url":"https:\/\/www.nexoinformativo.mx\/index.php\/author\/edicion\/"}]}},"_links":{"self":[{"href":"https:\/\/www.nexoinformativo.mx\/index.php\/wp-json\/wp\/v2\/posts\/4158","targetHints":{"allow":["GET"]}}],"collection":[{"href":"https:\/\/www.nexoinformativo.mx\/index.php\/wp-json\/wp\/v2\/posts"}],"about":[{"href":"https:\/\/www.nexoinformativo.mx\/index.php\/wp-json\/wp\/v2\/types\/post"}],"author":[{"embeddable":true,"href":"https:\/\/www.nexoinformativo.mx\/index.php\/wp-json\/wp\/v2\/users\/3"}],"replies":[{"embeddable":true,"href":"https:\/\/www.nexoinformativo.mx\/index.php\/wp-json\/wp\/v2\/comments?post=4158"}],"version-history":[{"count":6,"href":"https:\/\/www.nexoinformativo.mx\/index.php\/wp-json\/wp\/v2\/posts\/4158\/revisions"}],"predecessor-version":[{"id":4163,"href":"https:\/\/www.nexoinformativo.mx\/index.php\/wp-json\/wp\/v2\/posts\/4158\/revisions\/4163"}],"wp:featuredmedia":[{"embeddable":true,"href":"https:\/\/www.nexoinformativo.mx\/index.php\/wp-json\/wp\/v2\/media\/4159"}],"wp:attachment":[{"href":"https:\/\/www.nexoinformativo.mx\/index.php\/wp-json\/wp\/v2\/media?parent=4158"}],"wp:term":[{"taxonomy":"category","embeddable":true,"href":"https:\/\/www.nexoinformativo.mx\/index.php\/wp-json\/wp\/v2\/categories?post=4158"},{"taxonomy":"post_tag","embeddable":true,"href":"https:\/\/www.nexoinformativo.mx\/index.php\/wp-json\/wp\/v2\/tags?post=4158"}],"curies":[{"name":"wp","href":"https:\/\/api.w.org\/{rel}","templated":true}]}}