{"id":4173,"date":"2024-10-22T14:00:47","date_gmt":"2024-10-22T20:00:47","guid":{"rendered":"https:\/\/www.nexoinformativo.mx\/?p=4173"},"modified":"2024-10-23T16:35:33","modified_gmt":"2024-10-23T22:35:33","slug":"avanza-registro-a-la-pension-mujeres-bienestar-en-queretaro","status":"publish","type":"post","link":"https:\/\/www.nexoinformativo.mx\/index.php\/2024\/10\/22\/avanza-registro-a-la-pension-mujeres-bienestar-en-queretaro\/","title":{"rendered":"Avanza registro a la pensi\u00f3n Mujeres Bienestar en Quer\u00e9taro"},"content":{"rendered":"<p style=\"text-align: justify;\" data-sourcepos=\"7:1-7:355\">El programa federal Pensi\u00f3n Mujeres Bienestar contin\u00faa avanzando en Quer\u00e9taro. Seg\u00fan el delegado de Bienestar, Mauricio Hern\u00e1ndez N\u00fa\u00f1ez, ya se han registrado m\u00e1s de 11 mil mujeres de 63 y 64 a\u00f1os en los m\u00f3dulos habilitados en el estado. Este programa busca reconocer el trabajo de las mujeres en el cuidado de sus familias y brindarles un apoyo econ\u00f3mico.<\/p>\n<p>&nbsp;<\/p>\n<p style=\"text-align: justify;\" data-sourcepos=\"11:1-11:280\">Desde el pasado 7 de octubre, las mujeres queretanas de 63 y 64 a\u00f1os han podido registrarse para recibir una pensi\u00f3n bimestral de 3 mil pesos. El registro continuar\u00e1 hasta noviembre, y a partir de enero, las beneficiarias comenzar\u00e1n a recibir el apoyo econ\u00f3mico de manera directa.<\/p>\n<p>&nbsp;<\/p>\n<p style=\"text-align: justify;\" data-sourcepos=\"13:1-13:283\">Adem\u00e1s del registro para la pensi\u00f3n, el delegado Hern\u00e1ndez N\u00fa\u00f1ez inform\u00f3 sobre el programa Salud Casa por Casa, a trav\u00e9s del cual se han visitado a m\u00e1s de 11 mil beneficiarios de las pensiones para adultos mayores y personas con discapacidad para realizar un seguimiento de su salud.<\/p>\n<p>&nbsp;<\/p>\n<p style=\"text-align: justify;\" data-sourcepos=\"15:1-15:341\">Como parte de este programa, se llevar\u00e1 a cabo una contrataci\u00f3n masiva de personal m\u00e9dico para brindar atenci\u00f3n primaria a domicilio a los adultos mayores y personas con discapacidad. La convocatoria estar\u00e1 abierta hasta el 15 de noviembre y los interesados pueden consultar los requisitos en la p\u00e1gina oficial de la Secretar\u00eda de Bienestar. <\/p>\n<p>&nbsp;<\/p>\n<p>Los requisitos son:<\/p>\n<p>\u2022 Licenciatura en medicina, enfermer\u00eda y profesionales de la salud.<\/p>\n<p>\u2022 Identificaci\u00f3n oficial vigente<\/p>\n<p>\u2022 CURP<\/p>\n<p>\u2022 Comprobante de nivel m\u00e1ximo de estudios<\/p>\n<p>\u2022 Comprobante de domicilio<\/p>\n<p>\u2022 Formato de solicitud de contrataci\u00f3n<\/p>\n<p>&nbsp;<\/p>\n<p style=\"text-align: justify;\" data-sourcepos=\"19:1-19:298\">El programa Pensi\u00f3n Mujeres Bienestar representa un avance significativo en la pol\u00edtica social del gobierno federal, al reconocer el trabajo y las necesidades de las mujeres adultas mayores en M\u00e9xico. Con este programa, se busca mejorar su calidad de vida y contribuir a su independencia econ\u00f3mica.<\/p>\n<p>&nbsp;<\/p>\n<p style=\"text-align: center;\" data-sourcepos=\"19:1-19:298\"><em><strong>\u00a1Informaci\u00f3n que transforma!<\/strong><\/em><\/p>\n","protected":false},"excerpt":{"rendered":"<p>El programa federal Pensi\u00f3n Mujeres Bienestar contin\u00faa avanzando en Quer\u00e9taro. Seg\u00fan el delegado de Bienestar, Mauricio Hern\u00e1ndez N\u00fa\u00f1ez, ya se han registrado m\u00e1s de 11 mil mujeres de 63 y 64 a\u00f1os en los m\u00f3dulos habilitados en el estado. Este programa busca reconocer el trabajo de las mujeres en el cuidado de sus familias y [&hellip;]<\/p>\n","protected":false},"author":3,"featured_media":4174,"comment_status":"open","ping_status":"open","sticky":false,"template":"","format":"standard","meta":{"footnotes":""},"categories":[1588],"tags":[895,679,1157,133],"class_list":["post-4173","post","type-post","status-publish","format-standard","has-post-thumbnail","hentry","category-congreso","tag-adultosmayores","tag-bienestar","tag-pensionmujeresbienestar","tag-queretaro"],"yoast_head":"<!-- This site is optimized with the Yoast SEO plugin v25.0 - https:\/\/yoast.com\/wordpress\/plugins\/seo\/ -->\n<title>Avanza registro a la pensi\u00f3n Mujeres Bienestar en Quer\u00e9taro | Nexo Informativo Santiago de Quer\u00e9taro<\/title>\n<meta name=\"description\" content=\"Avanza registro a la pensi\u00f3n Mujeres Bienestar en Quer\u00e9taro\" \/>\n<meta name=\"robots\" content=\"index, follow, max-snippet:-1, max-image-preview:large, max-video-preview:-1\" \/>\n<link rel=\"canonical\" href=\"https:\/\/www.nexoinformativo.mx\/index.php\/2024\/10\/22\/avanza-registro-a-la-pension-mujeres-bienestar-en-queretaro\/\" \/>\n<meta property=\"og:locale\" content=\"es_MX\" \/>\n<meta property=\"og:type\" content=\"article\" \/>\n<meta property=\"og:title\" content=\"Avanza registro a la pensi\u00f3n Mujeres Bienestar en Quer\u00e9taro | Nexo Informativo Santiago de Quer\u00e9taro\" \/>\n<meta property=\"og:description\" content=\"Avanza registro a la pensi\u00f3n Mujeres Bienestar en Quer\u00e9taro\" \/>\n<meta property=\"og:url\" content=\"https:\/\/www.nexoinformativo.mx\/index.php\/2024\/10\/22\/avanza-registro-a-la-pension-mujeres-bienestar-en-queretaro\/\" \/>\n<meta property=\"og:site_name\" content=\"Nexo Informativo Santiago de Quer\u00e9taro\" \/>\n<meta property=\"article:publisher\" content=\"https:\/\/www.facebook.com\/people\/Nexo-Informativo\/61564066885511\/\" \/>\n<meta property=\"article:published_time\" content=\"2024-10-22T20:00:47+00:00\" \/>\n<meta property=\"article:modified_time\" content=\"2024-10-23T22:35:33+00:00\" \/>\n<meta property=\"og:image\" content=\"https:\/\/www.nexoinformativo.mx\/wp-content\/uploads\/2024\/10\/PHOTO-2024-10-22-13-50-13-e1729628572436.jpg\" \/>\n\t<meta property=\"og:image:width\" content=\"800\" \/>\n\t<meta property=\"og:image:height\" content=\"454\" \/>\n\t<meta property=\"og:image:type\" content=\"image\/jpeg\" \/>\n<meta name=\"author\" content=\"Nexo Informativo\" \/>\n<meta name=\"twitter:card\" content=\"summary_large_image\" \/>\n<meta name=\"twitter:label1\" content=\"Escrito por\" \/>\n\t<meta name=\"twitter:data1\" content=\"Nexo Informativo\" \/>\n\t<meta name=\"twitter:label2\" content=\"Tiempo de lectura\" \/>\n\t<meta name=\"twitter:data2\" content=\"2 minutos\" \/>\n<script type=\"application\/ld+json\" class=\"yoast-schema-graph\">{\"@context\":\"https:\/\/schema.org\",\"@graph\":[{\"@type\":\"Article\",\"@id\":\"https:\/\/www.nexoinformativo.mx\/index.php\/2024\/10\/22\/avanza-registro-a-la-pension-mujeres-bienestar-en-queretaro\/#article\",\"isPartOf\":{\"@id\":\"https:\/\/www.nexoinformativo.mx\/index.php\/2024\/10\/22\/avanza-registro-a-la-pension-mujeres-bienestar-en-queretaro\/\"},\"author\":{\"name\":\"Nexo Informativo\",\"@id\":\"https:\/\/www.nexoinformativo.mx\/#\/schema\/person\/7749d380ba08c8ca00d7bc76fd907b7d\"},\"headline\":\"Avanza registro a la pensi\u00f3n Mujeres Bienestar en Quer\u00e9taro\",\"datePublished\":\"2024-10-22T20:00:47+00:00\",\"dateModified\":\"2024-10-23T22:35:33+00:00\",\"mainEntityOfPage\":{\"@id\":\"https:\/\/www.nexoinformativo.mx\/index.php\/2024\/10\/22\/avanza-registro-a-la-pension-mujeres-bienestar-en-queretaro\/\"},\"wordCount\":329,\"commentCount\":0,\"publisher\":{\"@id\":\"https:\/\/www.nexoinformativo.mx\/#organization\"},\"image\":{\"@id\":\"https:\/\/www.nexoinformativo.mx\/index.php\/2024\/10\/22\/avanza-registro-a-la-pension-mujeres-bienestar-en-queretaro\/#primaryimage\"},\"thumbnailUrl\":\"https:\/\/www.nexoinformativo.mx\/wp-content\/uploads\/2024\/10\/PHOTO-2024-10-22-13-50-13-e1729628572436.jpg\",\"keywords\":[\"AdultosMayores\",\"Bienestar\",\"Pensi\u00f3nMujeresBienestar\",\"Quer\u00e9taro\"],\"articleSection\":[\"Congreso\"],\"inLanguage\":\"es\",\"potentialAction\":[{\"@type\":\"CommentAction\",\"name\":\"Comment\",\"target\":[\"https:\/\/www.nexoinformativo.mx\/index.php\/2024\/10\/22\/avanza-registro-a-la-pension-mujeres-bienestar-en-queretaro\/#respond\"]}]},{\"@type\":\"WebPage\",\"@id\":\"https:\/\/www.nexoinformativo.mx\/index.php\/2024\/10\/22\/avanza-registro-a-la-pension-mujeres-bienestar-en-queretaro\/\",\"url\":\"https:\/\/www.nexoinformativo.mx\/index.php\/2024\/10\/22\/avanza-registro-a-la-pension-mujeres-bienestar-en-queretaro\/\",\"name\":\"Avanza registro a la pensi\u00f3n Mujeres Bienestar en Quer\u00e9taro | Nexo Informativo Santiago de Quer\u00e9taro\",\"isPartOf\":{\"@id\":\"https:\/\/www.nexoinformativo.mx\/#website\"},\"primaryImageOfPage\":{\"@id\":\"https:\/\/www.nexoinformativo.mx\/index.php\/2024\/10\/22\/avanza-registro-a-la-pension-mujeres-bienestar-en-queretaro\/#primaryimage\"},\"image\":{\"@id\":\"https:\/\/www.nexoinformativo.mx\/index.php\/2024\/10\/22\/avanza-registro-a-la-pension-mujeres-bienestar-en-queretaro\/#primaryimage\"},\"thumbnailUrl\":\"https:\/\/www.nexoinformativo.mx\/wp-content\/uploads\/2024\/10\/PHOTO-2024-10-22-13-50-13-e1729628572436.jpg\",\"datePublished\":\"2024-10-22T20:00:47+00:00\",\"dateModified\":\"2024-10-23T22:35:33+00:00\",\"description\":\"Avanza registro a la pensi\u00f3n Mujeres Bienestar en Quer\u00e9taro\",\"breadcrumb\":{\"@id\":\"https:\/\/www.nexoinformativo.mx\/index.php\/2024\/10\/22\/avanza-registro-a-la-pension-mujeres-bienestar-en-queretaro\/#breadcrumb\"},\"inLanguage\":\"es\",\"potentialAction\":[{\"@type\":\"ReadAction\",\"target\":[\"https:\/\/www.nexoinformativo.mx\/index.php\/2024\/10\/22\/avanza-registro-a-la-pension-mujeres-bienestar-en-queretaro\/\"]}]},{\"@type\":\"ImageObject\",\"inLanguage\":\"es\",\"@id\":\"https:\/\/www.nexoinformativo.mx\/index.php\/2024\/10\/22\/avanza-registro-a-la-pension-mujeres-bienestar-en-queretaro\/#primaryimage\",\"url\":\"https:\/\/www.nexoinformativo.mx\/wp-content\/uploads\/2024\/10\/PHOTO-2024-10-22-13-50-13-e1729628572436.jpg\",\"contentUrl\":\"https:\/\/www.nexoinformativo.mx\/wp-content\/uploads\/2024\/10\/PHOTO-2024-10-22-13-50-13-e1729628572436.jpg\",\"width\":800,\"height\":454},{\"@type\":\"BreadcrumbList\",\"@id\":\"https:\/\/www.nexoinformativo.mx\/index.php\/2024\/10\/22\/avanza-registro-a-la-pension-mujeres-bienestar-en-queretaro\/#breadcrumb\",\"itemListElement\":[{\"@type\":\"ListItem\",\"position\":1,\"name\":\"Inicio\",\"item\":\"https:\/\/www.nexoinformativo.mx\/\"},{\"@type\":\"ListItem\",\"position\":2,\"name\":\"Avanza registro a la pensi\u00f3n Mujeres Bienestar en Quer\u00e9taro\"}]},{\"@type\":\"WebSite\",\"@id\":\"https:\/\/www.nexoinformativo.mx\/#website\",\"url\":\"https:\/\/www.nexoinformativo.mx\/\",\"name\":\"Nexo Informativo Santiago de Quer\u00e9taro\",\"description\":\"Explora NexoInformativo y convi\u00e9rtete en parte de una comunidad que valora el conocimiento y la verdad. Tu nexoinformativo es tu puente hacia una comprensi\u00f3n m\u00e1s profunda del mundo que te rodea.\",\"publisher\":{\"@id\":\"https:\/\/www.nexoinformativo.mx\/#organization\"},\"potentialAction\":[{\"@type\":\"SearchAction\",\"target\":{\"@type\":\"EntryPoint\",\"urlTemplate\":\"https:\/\/www.nexoinformativo.mx\/?s={search_term_string}\"},\"query-input\":{\"@type\":\"PropertyValueSpecification\",\"valueRequired\":true,\"valueName\":\"search_term_string\"}}],\"inLanguage\":\"es\"},{\"@type\":\"Organization\",\"@id\":\"https:\/\/www.nexoinformativo.mx\/#organization\",\"name\":\"Nexo Informativo Santiago de Quer\u00e9taro\",\"url\":\"https:\/\/www.nexoinformativo.mx\/\",\"logo\":{\"@type\":\"ImageObject\",\"inLanguage\":\"es\",\"@id\":\"https:\/\/www.nexoinformativo.mx\/#\/schema\/logo\/image\/\",\"url\":\"https:\/\/www.nexoinformativo.mx\/wp-content\/uploads\/2024\/07\/nexoi-trasparente-2.png\",\"contentUrl\":\"https:\/\/www.nexoinformativo.mx\/wp-content\/uploads\/2024\/07\/nexoi-trasparente-2.png\",\"width\":816,\"height\":339,\"caption\":\"Nexo Informativo Santiago de Quer\u00e9taro\"},\"image\":{\"@id\":\"https:\/\/www.nexoinformativo.mx\/#\/schema\/logo\/image\/\"},\"sameAs\":[\"https:\/\/www.facebook.com\/people\/Nexo-Informativo\/61564066885511\/\"]},{\"@type\":\"Person\",\"@id\":\"https:\/\/www.nexoinformativo.mx\/#\/schema\/person\/7749d380ba08c8ca00d7bc76fd907b7d\",\"name\":\"Nexo Informativo\",\"image\":{\"@type\":\"ImageObject\",\"inLanguage\":\"es\",\"@id\":\"https:\/\/www.nexoinformativo.mx\/#\/schema\/person\/image\/\",\"url\":\"https:\/\/secure.gravatar.com\/avatar\/dde2928154642a13d95f87ddf1ea9718fe2b46760a005c53e41ff5ad610704e6?s=96&d=mm&r=g\",\"contentUrl\":\"https:\/\/secure.gravatar.com\/avatar\/dde2928154642a13d95f87ddf1ea9718fe2b46760a005c53e41ff5ad610704e6?s=96&d=mm&r=g\",\"caption\":\"Nexo Informativo\"},\"url\":\"https:\/\/www.nexoinformativo.mx\/index.php\/author\/edicion\/\"}]}<\/script>\n<!-- \/ Yoast SEO plugin. -->","yoast_head_json":{"title":"Avanza registro a la pensi\u00f3n Mujeres Bienestar en Quer\u00e9taro | Nexo Informativo Santiago de Quer\u00e9taro","description":"Avanza registro a la pensi\u00f3n Mujeres Bienestar en Quer\u00e9taro","robots":{"index":"index","follow":"follow","max-snippet":"max-snippet:-1","max-image-preview":"max-image-preview:large","max-video-preview":"max-video-preview:-1"},"canonical":"https:\/\/www.nexoinformativo.mx\/index.php\/2024\/10\/22\/avanza-registro-a-la-pension-mujeres-bienestar-en-queretaro\/","og_locale":"es_MX","og_type":"article","og_title":"Avanza registro a la pensi\u00f3n Mujeres Bienestar en Quer\u00e9taro | Nexo Informativo Santiago de Quer\u00e9taro","og_description":"Avanza registro a la pensi\u00f3n Mujeres Bienestar en Quer\u00e9taro","og_url":"https:\/\/www.nexoinformativo.mx\/index.php\/2024\/10\/22\/avanza-registro-a-la-pension-mujeres-bienestar-en-queretaro\/","og_site_name":"Nexo Informativo Santiago de Quer\u00e9taro","article_publisher":"https:\/\/www.facebook.com\/people\/Nexo-Informativo\/61564066885511\/","article_published_time":"2024-10-22T20:00:47+00:00","article_modified_time":"2024-10-23T22:35:33+00:00","og_image":[{"width":800,"height":454,"url":"https:\/\/www.nexoinformativo.mx\/wp-content\/uploads\/2024\/10\/PHOTO-2024-10-22-13-50-13-e1729628572436.jpg","type":"image\/jpeg"}],"author":"Nexo Informativo","twitter_card":"summary_large_image","twitter_misc":{"Escrito por":"Nexo Informativo","Tiempo de lectura":"2 minutos"},"schema":{"@context":"https:\/\/schema.org","@graph":[{"@type":"Article","@id":"https:\/\/www.nexoinformativo.mx\/index.php\/2024\/10\/22\/avanza-registro-a-la-pension-mujeres-bienestar-en-queretaro\/#article","isPartOf":{"@id":"https:\/\/www.nexoinformativo.mx\/index.php\/2024\/10\/22\/avanza-registro-a-la-pension-mujeres-bienestar-en-queretaro\/"},"author":{"name":"Nexo Informativo","@id":"https:\/\/www.nexoinformativo.mx\/#\/schema\/person\/7749d380ba08c8ca00d7bc76fd907b7d"},"headline":"Avanza registro a la pensi\u00f3n Mujeres Bienestar en Quer\u00e9taro","datePublished":"2024-10-22T20:00:47+00:00","dateModified":"2024-10-23T22:35:33+00:00","mainEntityOfPage":{"@id":"https:\/\/www.nexoinformativo.mx\/index.php\/2024\/10\/22\/avanza-registro-a-la-pension-mujeres-bienestar-en-queretaro\/"},"wordCount":329,"commentCount":0,"publisher":{"@id":"https:\/\/www.nexoinformativo.mx\/#organization"},"image":{"@id":"https:\/\/www.nexoinformativo.mx\/index.php\/2024\/10\/22\/avanza-registro-a-la-pension-mujeres-bienestar-en-queretaro\/#primaryimage"},"thumbnailUrl":"https:\/\/www.nexoinformativo.mx\/wp-content\/uploads\/2024\/10\/PHOTO-2024-10-22-13-50-13-e1729628572436.jpg","keywords":["AdultosMayores","Bienestar","Pensi\u00f3nMujeresBienestar","Quer\u00e9taro"],"articleSection":["Congreso"],"inLanguage":"es","potentialAction":[{"@type":"CommentAction","name":"Comment","target":["https:\/\/www.nexoinformativo.mx\/index.php\/2024\/10\/22\/avanza-registro-a-la-pension-mujeres-bienestar-en-queretaro\/#respond"]}]},{"@type":"WebPage","@id":"https:\/\/www.nexoinformativo.mx\/index.php\/2024\/10\/22\/avanza-registro-a-la-pension-mujeres-bienestar-en-queretaro\/","url":"https:\/\/www.nexoinformativo.mx\/index.php\/2024\/10\/22\/avanza-registro-a-la-pension-mujeres-bienestar-en-queretaro\/","name":"Avanza registro a la pensi\u00f3n Mujeres Bienestar en Quer\u00e9taro | Nexo Informativo Santiago de Quer\u00e9taro","isPartOf":{"@id":"https:\/\/www.nexoinformativo.mx\/#website"},"primaryImageOfPage":{"@id":"https:\/\/www.nexoinformativo.mx\/index.php\/2024\/10\/22\/avanza-registro-a-la-pension-mujeres-bienestar-en-queretaro\/#primaryimage"},"image":{"@id":"https:\/\/www.nexoinformativo.mx\/index.php\/2024\/10\/22\/avanza-registro-a-la-pension-mujeres-bienestar-en-queretaro\/#primaryimage"},"thumbnailUrl":"https:\/\/www.nexoinformativo.mx\/wp-content\/uploads\/2024\/10\/PHOTO-2024-10-22-13-50-13-e1729628572436.jpg","datePublished":"2024-10-22T20:00:47+00:00","dateModified":"2024-10-23T22:35:33+00:00","description":"Avanza registro a la pensi\u00f3n Mujeres Bienestar en Quer\u00e9taro","breadcrumb":{"@id":"https:\/\/www.nexoinformativo.mx\/index.php\/2024\/10\/22\/avanza-registro-a-la-pension-mujeres-bienestar-en-queretaro\/#breadcrumb"},"inLanguage":"es","potentialAction":[{"@type":"ReadAction","target":["https:\/\/www.nexoinformativo.mx\/index.php\/2024\/10\/22\/avanza-registro-a-la-pension-mujeres-bienestar-en-queretaro\/"]}]},{"@type":"ImageObject","inLanguage":"es","@id":"https:\/\/www.nexoinformativo.mx\/index.php\/2024\/10\/22\/avanza-registro-a-la-pension-mujeres-bienestar-en-queretaro\/#primaryimage","url":"https:\/\/www.nexoinformativo.mx\/wp-content\/uploads\/2024\/10\/PHOTO-2024-10-22-13-50-13-e1729628572436.jpg","contentUrl":"https:\/\/www.nexoinformativo.mx\/wp-content\/uploads\/2024\/10\/PHOTO-2024-10-22-13-50-13-e1729628572436.jpg","width":800,"height":454},{"@type":"BreadcrumbList","@id":"https:\/\/www.nexoinformativo.mx\/index.php\/2024\/10\/22\/avanza-registro-a-la-pension-mujeres-bienestar-en-queretaro\/#breadcrumb","itemListElement":[{"@type":"ListItem","position":1,"name":"Inicio","item":"https:\/\/www.nexoinformativo.mx\/"},{"@type":"ListItem","position":2,"name":"Avanza registro a la pensi\u00f3n Mujeres Bienestar en Quer\u00e9taro"}]},{"@type":"WebSite","@id":"https:\/\/www.nexoinformativo.mx\/#website","url":"https:\/\/www.nexoinformativo.mx\/","name":"Nexo Informativo Santiago de Quer\u00e9taro","description":"Explora NexoInformativo y convi\u00e9rtete en parte de una comunidad que valora el conocimiento y la verdad. Tu nexoinformativo es tu puente hacia una comprensi\u00f3n m\u00e1s profunda del mundo que te rodea.","publisher":{"@id":"https:\/\/www.nexoinformativo.mx\/#organization"},"potentialAction":[{"@type":"SearchAction","target":{"@type":"EntryPoint","urlTemplate":"https:\/\/www.nexoinformativo.mx\/?s={search_term_string}"},"query-input":{"@type":"PropertyValueSpecification","valueRequired":true,"valueName":"search_term_string"}}],"inLanguage":"es"},{"@type":"Organization","@id":"https:\/\/www.nexoinformativo.mx\/#organization","name":"Nexo Informativo Santiago de Quer\u00e9taro","url":"https:\/\/www.nexoinformativo.mx\/","logo":{"@type":"ImageObject","inLanguage":"es","@id":"https:\/\/www.nexoinformativo.mx\/#\/schema\/logo\/image\/","url":"https:\/\/www.nexoinformativo.mx\/wp-content\/uploads\/2024\/07\/nexoi-trasparente-2.png","contentUrl":"https:\/\/www.nexoinformativo.mx\/wp-content\/uploads\/2024\/07\/nexoi-trasparente-2.png","width":816,"height":339,"caption":"Nexo Informativo Santiago de Quer\u00e9taro"},"image":{"@id":"https:\/\/www.nexoinformativo.mx\/#\/schema\/logo\/image\/"},"sameAs":["https:\/\/www.facebook.com\/people\/Nexo-Informativo\/61564066885511\/"]},{"@type":"Person","@id":"https:\/\/www.nexoinformativo.mx\/#\/schema\/person\/7749d380ba08c8ca00d7bc76fd907b7d","name":"Nexo Informativo","image":{"@type":"ImageObject","inLanguage":"es","@id":"https:\/\/www.nexoinformativo.mx\/#\/schema\/person\/image\/","url":"https:\/\/secure.gravatar.com\/avatar\/dde2928154642a13d95f87ddf1ea9718fe2b46760a005c53e41ff5ad610704e6?s=96&d=mm&r=g","contentUrl":"https:\/\/secure.gravatar.com\/avatar\/dde2928154642a13d95f87ddf1ea9718fe2b46760a005c53e41ff5ad610704e6?s=96&d=mm&r=g","caption":"Nexo Informativo"},"url":"https:\/\/www.nexoinformativo.mx\/index.php\/author\/edicion\/"}]}},"_links":{"self":[{"href":"https:\/\/www.nexoinformativo.mx\/index.php\/wp-json\/wp\/v2\/posts\/4173","targetHints":{"allow":["GET"]}}],"collection":[{"href":"https:\/\/www.nexoinformativo.mx\/index.php\/wp-json\/wp\/v2\/posts"}],"about":[{"href":"https:\/\/www.nexoinformativo.mx\/index.php\/wp-json\/wp\/v2\/types\/post"}],"author":[{"embeddable":true,"href":"https:\/\/www.nexoinformativo.mx\/index.php\/wp-json\/wp\/v2\/users\/3"}],"replies":[{"embeddable":true,"href":"https:\/\/www.nexoinformativo.mx\/index.php\/wp-json\/wp\/v2\/comments?post=4173"}],"version-history":[{"count":6,"href":"https:\/\/www.nexoinformativo.mx\/index.php\/wp-json\/wp\/v2\/posts\/4173\/revisions"}],"predecessor-version":[{"id":4182,"href":"https:\/\/www.nexoinformativo.mx\/index.php\/wp-json\/wp\/v2\/posts\/4173\/revisions\/4182"}],"wp:featuredmedia":[{"embeddable":true,"href":"https:\/\/www.nexoinformativo.mx\/index.php\/wp-json\/wp\/v2\/media\/4174"}],"wp:attachment":[{"href":"https:\/\/www.nexoinformativo.mx\/index.php\/wp-json\/wp\/v2\/media?parent=4173"}],"wp:term":[{"taxonomy":"category","embeddable":true,"href":"https:\/\/www.nexoinformativo.mx\/index.php\/wp-json\/wp\/v2\/categories?post=4173"},{"taxonomy":"post_tag","embeddable":true,"href":"https:\/\/www.nexoinformativo.mx\/index.php\/wp-json\/wp\/v2\/tags?post=4173"}],"curies":[{"name":"wp","href":"https:\/\/api.w.org\/{rel}","templated":true}]}}