{"id":4189,"date":"2024-10-22T15:00:16","date_gmt":"2024-10-22T21:00:16","guid":{"rendered":"https:\/\/www.nexoinformativo.mx\/?p=4189"},"modified":"2024-10-22T15:49:15","modified_gmt":"2024-10-22T21:49:15","slug":"clausuran-negocio-en-queretaro-por-incumplimiento-de-medidas-de-seguridad-tras-accidente-laboral","status":"publish","type":"post","link":"https:\/\/www.nexoinformativo.mx\/index.php\/2024\/10\/22\/clausuran-negocio-en-queretaro-por-incumplimiento-de-medidas-de-seguridad-tras-accidente-laboral\/","title":{"rendered":"Clausuran negocio en Quer\u00e9taro por incumplimiento de medidas de seguridad tras accidente laboral"},"content":{"rendered":"<p style=\"text-align: justify;\" data-sourcepos=\"7:1-7:334\">Las autoridades municipales de Quer\u00e9taro clausuraron un establecimiento dedicado a la venta de maderas y fabricaci\u00f3n de cocinas debido a m\u00faltiples irregularidades en materia de protecci\u00f3n civil. La decisi\u00f3n se tom\u00f3 tras atender un reporte de un trabajador lesionado, quien sufri\u00f3 una fractura expuesta por la ca\u00edda de material pesado.<\/p>\n<p>&nbsp;<\/p>\n<p style=\"text-align: justify;\" data-sourcepos=\"11:1-11:162\">La Coordinaci\u00f3n Municipal de Protecci\u00f3n Civil de Quer\u00e9taro, tras atender el incidente, realiz\u00f3 una inspecci\u00f3n en el lugar y detect\u00f3 diversas irregularidades como deficiencias en los sistemas de protecci\u00f3n contra incendios, instalaciones el\u00e9ctricas inadecuadas, falta de capacitaci\u00f3n del personal entre otros.<\/p>\n<p>&nbsp;<\/p>\n<p style=\"text-align: justify;\" data-sourcepos=\"19:1-19:275\">Debido a estas condiciones inseguras, se determin\u00f3 la suspensi\u00f3n temporal de las actividades del establecimiento. Los propietarios tendr\u00e1n la oportunidad de presentar las correcciones necesarias para levantar la clausura, sin embargo, podr\u00edan enfrentar una sanci\u00f3n econ\u00f3mica.<\/p>\n<p>&nbsp;<\/p>\n<p style=\"text-align: justify;\" data-sourcepos=\"23:1-23:300\">Este caso pone de manifiesto la importancia de cumplir con las normas de seguridad en los centros de trabajo. Las autoridades municipales hacen un llamado a todos los establecimientos comerciales a garantizar la seguridad de sus trabajadores y clientes, evitando as\u00ed accidentes laborales y sanciones.<\/p>\n<p>&nbsp;<\/p>\n<p style=\"text-align: center;\" data-sourcepos=\"23:1-23:300\"><em><strong>\u00a1Informaci\u00f3n que transforma!<\/strong><\/em><\/p>\n","protected":false},"excerpt":{"rendered":"<p>Las autoridades municipales de Quer\u00e9taro clausuraron un establecimiento dedicado a la venta de maderas y fabricaci\u00f3n de cocinas debido a m\u00faltiples irregularidades en materia de protecci\u00f3n civil.<\/p>\n","protected":false},"author":3,"featured_media":4190,"comment_status":"open","ping_status":"open","sticky":false,"template":"","format":"standard","meta":{"footnotes":""},"categories":[137,58],"tags":[567,154,133,1556],"class_list":["post-4189","post","type-post","status-publish","format-standard","has-post-thumbnail","hentry","category-sucesos","category-ultima-hora","tag-accidentelaboral","tag-proteccioncivil","tag-queretaro","tag-seguridadindustrial"],"yoast_head":"<!-- This site is optimized with the Yoast SEO plugin v25.0 - https:\/\/yoast.com\/wordpress\/plugins\/seo\/ -->\n<title>Clausuran negocio en Quer\u00e9taro por incumplimiento de medidas de seguridad tras accidente laboral | Nexo Informativo Santiago de Quer\u00e9taro<\/title>\n<meta name=\"description\" content=\"Clausuran negocio en Quer\u00e9taro por incumplimiento de medidas de seguridad tras accidente laboral\" \/>\n<meta name=\"robots\" content=\"index, follow, max-snippet:-1, max-image-preview:large, max-video-preview:-1\" \/>\n<link rel=\"canonical\" href=\"https:\/\/www.nexoinformativo.mx\/index.php\/2024\/10\/22\/clausuran-negocio-en-queretaro-por-incumplimiento-de-medidas-de-seguridad-tras-accidente-laboral\/\" \/>\n<meta property=\"og:locale\" content=\"es_MX\" \/>\n<meta property=\"og:type\" content=\"article\" \/>\n<meta property=\"og:title\" content=\"Clausuran negocio en Quer\u00e9taro por incumplimiento de medidas de seguridad tras accidente laboral | Nexo Informativo Santiago de Quer\u00e9taro\" \/>\n<meta property=\"og:description\" content=\"Clausuran negocio en Quer\u00e9taro por incumplimiento de medidas de seguridad tras accidente laboral\" \/>\n<meta property=\"og:url\" content=\"https:\/\/www.nexoinformativo.mx\/index.php\/2024\/10\/22\/clausuran-negocio-en-queretaro-por-incumplimiento-de-medidas-de-seguridad-tras-accidente-laboral\/\" \/>\n<meta property=\"og:site_name\" content=\"Nexo Informativo Santiago de Quer\u00e9taro\" \/>\n<meta property=\"article:publisher\" content=\"https:\/\/www.facebook.com\/people\/Nexo-Informativo\/61564066885511\/\" \/>\n<meta property=\"article:published_time\" content=\"2024-10-22T21:00:16+00:00\" \/>\n<meta property=\"article:modified_time\" content=\"2024-10-22T21:49:15+00:00\" \/>\n<meta property=\"og:image\" content=\"https:\/\/www.nexoinformativo.mx\/wp-content\/uploads\/2024\/10\/PHOTO-2024-10-22-15-11-01-e1729633484969.jpg\" \/>\n\t<meta property=\"og:image:width\" content=\"800\" \/>\n\t<meta property=\"og:image:height\" content=\"1000\" \/>\n\t<meta property=\"og:image:type\" content=\"image\/jpeg\" \/>\n<meta name=\"author\" content=\"Nexo Informativo\" \/>\n<meta name=\"twitter:card\" content=\"summary_large_image\" \/>\n<meta name=\"twitter:label1\" content=\"Escrito por\" \/>\n\t<meta name=\"twitter:data1\" content=\"Nexo Informativo\" \/>\n\t<meta name=\"twitter:label2\" content=\"Tiempo de lectura\" \/>\n\t<meta name=\"twitter:data2\" content=\"2 minutos\" \/>\n<script type=\"application\/ld+json\" class=\"yoast-schema-graph\">{\"@context\":\"https:\/\/schema.org\",\"@graph\":[{\"@type\":\"Article\",\"@id\":\"https:\/\/www.nexoinformativo.mx\/index.php\/2024\/10\/22\/clausuran-negocio-en-queretaro-por-incumplimiento-de-medidas-de-seguridad-tras-accidente-laboral\/#article\",\"isPartOf\":{\"@id\":\"https:\/\/www.nexoinformativo.mx\/index.php\/2024\/10\/22\/clausuran-negocio-en-queretaro-por-incumplimiento-de-medidas-de-seguridad-tras-accidente-laboral\/\"},\"author\":{\"name\":\"Nexo Informativo\",\"@id\":\"https:\/\/www.nexoinformativo.mx\/#\/schema\/person\/7749d380ba08c8ca00d7bc76fd907b7d\"},\"headline\":\"Clausuran negocio en Quer\u00e9taro por incumplimiento de medidas de seguridad tras accidente laboral\",\"datePublished\":\"2024-10-22T21:00:16+00:00\",\"dateModified\":\"2024-10-22T21:49:15+00:00\",\"mainEntityOfPage\":{\"@id\":\"https:\/\/www.nexoinformativo.mx\/index.php\/2024\/10\/22\/clausuran-negocio-en-queretaro-por-incumplimiento-de-medidas-de-seguridad-tras-accidente-laboral\/\"},\"wordCount\":212,\"commentCount\":0,\"publisher\":{\"@id\":\"https:\/\/www.nexoinformativo.mx\/#organization\"},\"image\":{\"@id\":\"https:\/\/www.nexoinformativo.mx\/index.php\/2024\/10\/22\/clausuran-negocio-en-queretaro-por-incumplimiento-de-medidas-de-seguridad-tras-accidente-laboral\/#primaryimage\"},\"thumbnailUrl\":\"https:\/\/www.nexoinformativo.mx\/wp-content\/uploads\/2024\/10\/PHOTO-2024-10-22-15-11-01-e1729633484969.jpg\",\"keywords\":[\"AccidenteLaboral\",\"proteccioncivil\",\"Quer\u00e9taro\",\"SeguridadIndustrial\"],\"articleSection\":[\"Sucesos\",\"\u00daltima Hora\"],\"inLanguage\":\"es\",\"potentialAction\":[{\"@type\":\"CommentAction\",\"name\":\"Comment\",\"target\":[\"https:\/\/www.nexoinformativo.mx\/index.php\/2024\/10\/22\/clausuran-negocio-en-queretaro-por-incumplimiento-de-medidas-de-seguridad-tras-accidente-laboral\/#respond\"]}]},{\"@type\":\"WebPage\",\"@id\":\"https:\/\/www.nexoinformativo.mx\/index.php\/2024\/10\/22\/clausuran-negocio-en-queretaro-por-incumplimiento-de-medidas-de-seguridad-tras-accidente-laboral\/\",\"url\":\"https:\/\/www.nexoinformativo.mx\/index.php\/2024\/10\/22\/clausuran-negocio-en-queretaro-por-incumplimiento-de-medidas-de-seguridad-tras-accidente-laboral\/\",\"name\":\"Clausuran negocio en Quer\u00e9taro por incumplimiento de medidas de seguridad tras accidente laboral | Nexo Informativo Santiago de Quer\u00e9taro\",\"isPartOf\":{\"@id\":\"https:\/\/www.nexoinformativo.mx\/#website\"},\"primaryImageOfPage\":{\"@id\":\"https:\/\/www.nexoinformativo.mx\/index.php\/2024\/10\/22\/clausuran-negocio-en-queretaro-por-incumplimiento-de-medidas-de-seguridad-tras-accidente-laboral\/#primaryimage\"},\"image\":{\"@id\":\"https:\/\/www.nexoinformativo.mx\/index.php\/2024\/10\/22\/clausuran-negocio-en-queretaro-por-incumplimiento-de-medidas-de-seguridad-tras-accidente-laboral\/#primaryimage\"},\"thumbnailUrl\":\"https:\/\/www.nexoinformativo.mx\/wp-content\/uploads\/2024\/10\/PHOTO-2024-10-22-15-11-01-e1729633484969.jpg\",\"datePublished\":\"2024-10-22T21:00:16+00:00\",\"dateModified\":\"2024-10-22T21:49:15+00:00\",\"description\":\"Clausuran negocio en Quer\u00e9taro por incumplimiento de medidas de seguridad tras accidente laboral\",\"breadcrumb\":{\"@id\":\"https:\/\/www.nexoinformativo.mx\/index.php\/2024\/10\/22\/clausuran-negocio-en-queretaro-por-incumplimiento-de-medidas-de-seguridad-tras-accidente-laboral\/#breadcrumb\"},\"inLanguage\":\"es\",\"potentialAction\":[{\"@type\":\"ReadAction\",\"target\":[\"https:\/\/www.nexoinformativo.mx\/index.php\/2024\/10\/22\/clausuran-negocio-en-queretaro-por-incumplimiento-de-medidas-de-seguridad-tras-accidente-laboral\/\"]}]},{\"@type\":\"ImageObject\",\"inLanguage\":\"es\",\"@id\":\"https:\/\/www.nexoinformativo.mx\/index.php\/2024\/10\/22\/clausuran-negocio-en-queretaro-por-incumplimiento-de-medidas-de-seguridad-tras-accidente-laboral\/#primaryimage\",\"url\":\"https:\/\/www.nexoinformativo.mx\/wp-content\/uploads\/2024\/10\/PHOTO-2024-10-22-15-11-01-e1729633484969.jpg\",\"contentUrl\":\"https:\/\/www.nexoinformativo.mx\/wp-content\/uploads\/2024\/10\/PHOTO-2024-10-22-15-11-01-e1729633484969.jpg\",\"width\":800,\"height\":1000},{\"@type\":\"BreadcrumbList\",\"@id\":\"https:\/\/www.nexoinformativo.mx\/index.php\/2024\/10\/22\/clausuran-negocio-en-queretaro-por-incumplimiento-de-medidas-de-seguridad-tras-accidente-laboral\/#breadcrumb\",\"itemListElement\":[{\"@type\":\"ListItem\",\"position\":1,\"name\":\"Inicio\",\"item\":\"https:\/\/www.nexoinformativo.mx\/\"},{\"@type\":\"ListItem\",\"position\":2,\"name\":\"Clausuran negocio en Quer\u00e9taro por incumplimiento de medidas de seguridad tras accidente laboral\"}]},{\"@type\":\"WebSite\",\"@id\":\"https:\/\/www.nexoinformativo.mx\/#website\",\"url\":\"https:\/\/www.nexoinformativo.mx\/\",\"name\":\"Nexo Informativo Santiago de Quer\u00e9taro\",\"description\":\"Explora NexoInformativo y convi\u00e9rtete en parte de una comunidad que valora el conocimiento y la verdad. Tu nexoinformativo es tu puente hacia una comprensi\u00f3n m\u00e1s profunda del mundo que te rodea.\",\"publisher\":{\"@id\":\"https:\/\/www.nexoinformativo.mx\/#organization\"},\"potentialAction\":[{\"@type\":\"SearchAction\",\"target\":{\"@type\":\"EntryPoint\",\"urlTemplate\":\"https:\/\/www.nexoinformativo.mx\/?s={search_term_string}\"},\"query-input\":{\"@type\":\"PropertyValueSpecification\",\"valueRequired\":true,\"valueName\":\"search_term_string\"}}],\"inLanguage\":\"es\"},{\"@type\":\"Organization\",\"@id\":\"https:\/\/www.nexoinformativo.mx\/#organization\",\"name\":\"Nexo Informativo Santiago de Quer\u00e9taro\",\"url\":\"https:\/\/www.nexoinformativo.mx\/\",\"logo\":{\"@type\":\"ImageObject\",\"inLanguage\":\"es\",\"@id\":\"https:\/\/www.nexoinformativo.mx\/#\/schema\/logo\/image\/\",\"url\":\"https:\/\/www.nexoinformativo.mx\/wp-content\/uploads\/2024\/07\/nexoi-trasparente-2.png\",\"contentUrl\":\"https:\/\/www.nexoinformativo.mx\/wp-content\/uploads\/2024\/07\/nexoi-trasparente-2.png\",\"width\":816,\"height\":339,\"caption\":\"Nexo Informativo Santiago de Quer\u00e9taro\"},\"image\":{\"@id\":\"https:\/\/www.nexoinformativo.mx\/#\/schema\/logo\/image\/\"},\"sameAs\":[\"https:\/\/www.facebook.com\/people\/Nexo-Informativo\/61564066885511\/\"]},{\"@type\":\"Person\",\"@id\":\"https:\/\/www.nexoinformativo.mx\/#\/schema\/person\/7749d380ba08c8ca00d7bc76fd907b7d\",\"name\":\"Nexo Informativo\",\"image\":{\"@type\":\"ImageObject\",\"inLanguage\":\"es\",\"@id\":\"https:\/\/www.nexoinformativo.mx\/#\/schema\/person\/image\/\",\"url\":\"https:\/\/secure.gravatar.com\/avatar\/dde2928154642a13d95f87ddf1ea9718fe2b46760a005c53e41ff5ad610704e6?s=96&d=mm&r=g\",\"contentUrl\":\"https:\/\/secure.gravatar.com\/avatar\/dde2928154642a13d95f87ddf1ea9718fe2b46760a005c53e41ff5ad610704e6?s=96&d=mm&r=g\",\"caption\":\"Nexo Informativo\"},\"url\":\"https:\/\/www.nexoinformativo.mx\/index.php\/author\/edicion\/\"}]}<\/script>\n<!-- \/ Yoast SEO plugin. -->","yoast_head_json":{"title":"Clausuran negocio en Quer\u00e9taro por incumplimiento de medidas de seguridad tras accidente laboral | Nexo Informativo Santiago de Quer\u00e9taro","description":"Clausuran negocio en Quer\u00e9taro por incumplimiento de medidas de seguridad tras accidente laboral","robots":{"index":"index","follow":"follow","max-snippet":"max-snippet:-1","max-image-preview":"max-image-preview:large","max-video-preview":"max-video-preview:-1"},"canonical":"https:\/\/www.nexoinformativo.mx\/index.php\/2024\/10\/22\/clausuran-negocio-en-queretaro-por-incumplimiento-de-medidas-de-seguridad-tras-accidente-laboral\/","og_locale":"es_MX","og_type":"article","og_title":"Clausuran negocio en Quer\u00e9taro por incumplimiento de medidas de seguridad tras accidente laboral | Nexo Informativo Santiago de Quer\u00e9taro","og_description":"Clausuran negocio en Quer\u00e9taro por incumplimiento de medidas de seguridad tras accidente laboral","og_url":"https:\/\/www.nexoinformativo.mx\/index.php\/2024\/10\/22\/clausuran-negocio-en-queretaro-por-incumplimiento-de-medidas-de-seguridad-tras-accidente-laboral\/","og_site_name":"Nexo Informativo Santiago de Quer\u00e9taro","article_publisher":"https:\/\/www.facebook.com\/people\/Nexo-Informativo\/61564066885511\/","article_published_time":"2024-10-22T21:00:16+00:00","article_modified_time":"2024-10-22T21:49:15+00:00","og_image":[{"width":800,"height":1000,"url":"https:\/\/www.nexoinformativo.mx\/wp-content\/uploads\/2024\/10\/PHOTO-2024-10-22-15-11-01-e1729633484969.jpg","type":"image\/jpeg"}],"author":"Nexo Informativo","twitter_card":"summary_large_image","twitter_misc":{"Escrito por":"Nexo Informativo","Tiempo de lectura":"2 minutos"},"schema":{"@context":"https:\/\/schema.org","@graph":[{"@type":"Article","@id":"https:\/\/www.nexoinformativo.mx\/index.php\/2024\/10\/22\/clausuran-negocio-en-queretaro-por-incumplimiento-de-medidas-de-seguridad-tras-accidente-laboral\/#article","isPartOf":{"@id":"https:\/\/www.nexoinformativo.mx\/index.php\/2024\/10\/22\/clausuran-negocio-en-queretaro-por-incumplimiento-de-medidas-de-seguridad-tras-accidente-laboral\/"},"author":{"name":"Nexo Informativo","@id":"https:\/\/www.nexoinformativo.mx\/#\/schema\/person\/7749d380ba08c8ca00d7bc76fd907b7d"},"headline":"Clausuran negocio en Quer\u00e9taro por incumplimiento de medidas de seguridad tras accidente laboral","datePublished":"2024-10-22T21:00:16+00:00","dateModified":"2024-10-22T21:49:15+00:00","mainEntityOfPage":{"@id":"https:\/\/www.nexoinformativo.mx\/index.php\/2024\/10\/22\/clausuran-negocio-en-queretaro-por-incumplimiento-de-medidas-de-seguridad-tras-accidente-laboral\/"},"wordCount":212,"commentCount":0,"publisher":{"@id":"https:\/\/www.nexoinformativo.mx\/#organization"},"image":{"@id":"https:\/\/www.nexoinformativo.mx\/index.php\/2024\/10\/22\/clausuran-negocio-en-queretaro-por-incumplimiento-de-medidas-de-seguridad-tras-accidente-laboral\/#primaryimage"},"thumbnailUrl":"https:\/\/www.nexoinformativo.mx\/wp-content\/uploads\/2024\/10\/PHOTO-2024-10-22-15-11-01-e1729633484969.jpg","keywords":["AccidenteLaboral","proteccioncivil","Quer\u00e9taro","SeguridadIndustrial"],"articleSection":["Sucesos","\u00daltima Hora"],"inLanguage":"es","potentialAction":[{"@type":"CommentAction","name":"Comment","target":["https:\/\/www.nexoinformativo.mx\/index.php\/2024\/10\/22\/clausuran-negocio-en-queretaro-por-incumplimiento-de-medidas-de-seguridad-tras-accidente-laboral\/#respond"]}]},{"@type":"WebPage","@id":"https:\/\/www.nexoinformativo.mx\/index.php\/2024\/10\/22\/clausuran-negocio-en-queretaro-por-incumplimiento-de-medidas-de-seguridad-tras-accidente-laboral\/","url":"https:\/\/www.nexoinformativo.mx\/index.php\/2024\/10\/22\/clausuran-negocio-en-queretaro-por-incumplimiento-de-medidas-de-seguridad-tras-accidente-laboral\/","name":"Clausuran negocio en Quer\u00e9taro por incumplimiento de medidas de seguridad tras accidente laboral | Nexo Informativo Santiago de Quer\u00e9taro","isPartOf":{"@id":"https:\/\/www.nexoinformativo.mx\/#website"},"primaryImageOfPage":{"@id":"https:\/\/www.nexoinformativo.mx\/index.php\/2024\/10\/22\/clausuran-negocio-en-queretaro-por-incumplimiento-de-medidas-de-seguridad-tras-accidente-laboral\/#primaryimage"},"image":{"@id":"https:\/\/www.nexoinformativo.mx\/index.php\/2024\/10\/22\/clausuran-negocio-en-queretaro-por-incumplimiento-de-medidas-de-seguridad-tras-accidente-laboral\/#primaryimage"},"thumbnailUrl":"https:\/\/www.nexoinformativo.mx\/wp-content\/uploads\/2024\/10\/PHOTO-2024-10-22-15-11-01-e1729633484969.jpg","datePublished":"2024-10-22T21:00:16+00:00","dateModified":"2024-10-22T21:49:15+00:00","description":"Clausuran negocio en Quer\u00e9taro por incumplimiento de medidas de seguridad tras accidente laboral","breadcrumb":{"@id":"https:\/\/www.nexoinformativo.mx\/index.php\/2024\/10\/22\/clausuran-negocio-en-queretaro-por-incumplimiento-de-medidas-de-seguridad-tras-accidente-laboral\/#breadcrumb"},"inLanguage":"es","potentialAction":[{"@type":"ReadAction","target":["https:\/\/www.nexoinformativo.mx\/index.php\/2024\/10\/22\/clausuran-negocio-en-queretaro-por-incumplimiento-de-medidas-de-seguridad-tras-accidente-laboral\/"]}]},{"@type":"ImageObject","inLanguage":"es","@id":"https:\/\/www.nexoinformativo.mx\/index.php\/2024\/10\/22\/clausuran-negocio-en-queretaro-por-incumplimiento-de-medidas-de-seguridad-tras-accidente-laboral\/#primaryimage","url":"https:\/\/www.nexoinformativo.mx\/wp-content\/uploads\/2024\/10\/PHOTO-2024-10-22-15-11-01-e1729633484969.jpg","contentUrl":"https:\/\/www.nexoinformativo.mx\/wp-content\/uploads\/2024\/10\/PHOTO-2024-10-22-15-11-01-e1729633484969.jpg","width":800,"height":1000},{"@type":"BreadcrumbList","@id":"https:\/\/www.nexoinformativo.mx\/index.php\/2024\/10\/22\/clausuran-negocio-en-queretaro-por-incumplimiento-de-medidas-de-seguridad-tras-accidente-laboral\/#breadcrumb","itemListElement":[{"@type":"ListItem","position":1,"name":"Inicio","item":"https:\/\/www.nexoinformativo.mx\/"},{"@type":"ListItem","position":2,"name":"Clausuran negocio en Quer\u00e9taro por incumplimiento de medidas de seguridad tras accidente laboral"}]},{"@type":"WebSite","@id":"https:\/\/www.nexoinformativo.mx\/#website","url":"https:\/\/www.nexoinformativo.mx\/","name":"Nexo Informativo Santiago de Quer\u00e9taro","description":"Explora NexoInformativo y convi\u00e9rtete en parte de una comunidad que valora el conocimiento y la verdad. Tu nexoinformativo es tu puente hacia una comprensi\u00f3n m\u00e1s profunda del mundo que te rodea.","publisher":{"@id":"https:\/\/www.nexoinformativo.mx\/#organization"},"potentialAction":[{"@type":"SearchAction","target":{"@type":"EntryPoint","urlTemplate":"https:\/\/www.nexoinformativo.mx\/?s={search_term_string}"},"query-input":{"@type":"PropertyValueSpecification","valueRequired":true,"valueName":"search_term_string"}}],"inLanguage":"es"},{"@type":"Organization","@id":"https:\/\/www.nexoinformativo.mx\/#organization","name":"Nexo Informativo Santiago de Quer\u00e9taro","url":"https:\/\/www.nexoinformativo.mx\/","logo":{"@type":"ImageObject","inLanguage":"es","@id":"https:\/\/www.nexoinformativo.mx\/#\/schema\/logo\/image\/","url":"https:\/\/www.nexoinformativo.mx\/wp-content\/uploads\/2024\/07\/nexoi-trasparente-2.png","contentUrl":"https:\/\/www.nexoinformativo.mx\/wp-content\/uploads\/2024\/07\/nexoi-trasparente-2.png","width":816,"height":339,"caption":"Nexo Informativo Santiago de Quer\u00e9taro"},"image":{"@id":"https:\/\/www.nexoinformativo.mx\/#\/schema\/logo\/image\/"},"sameAs":["https:\/\/www.facebook.com\/people\/Nexo-Informativo\/61564066885511\/"]},{"@type":"Person","@id":"https:\/\/www.nexoinformativo.mx\/#\/schema\/person\/7749d380ba08c8ca00d7bc76fd907b7d","name":"Nexo Informativo","image":{"@type":"ImageObject","inLanguage":"es","@id":"https:\/\/www.nexoinformativo.mx\/#\/schema\/person\/image\/","url":"https:\/\/secure.gravatar.com\/avatar\/dde2928154642a13d95f87ddf1ea9718fe2b46760a005c53e41ff5ad610704e6?s=96&d=mm&r=g","contentUrl":"https:\/\/secure.gravatar.com\/avatar\/dde2928154642a13d95f87ddf1ea9718fe2b46760a005c53e41ff5ad610704e6?s=96&d=mm&r=g","caption":"Nexo Informativo"},"url":"https:\/\/www.nexoinformativo.mx\/index.php\/author\/edicion\/"}]}},"_links":{"self":[{"href":"https:\/\/www.nexoinformativo.mx\/index.php\/wp-json\/wp\/v2\/posts\/4189","targetHints":{"allow":["GET"]}}],"collection":[{"href":"https:\/\/www.nexoinformativo.mx\/index.php\/wp-json\/wp\/v2\/posts"}],"about":[{"href":"https:\/\/www.nexoinformativo.mx\/index.php\/wp-json\/wp\/v2\/types\/post"}],"author":[{"embeddable":true,"href":"https:\/\/www.nexoinformativo.mx\/index.php\/wp-json\/wp\/v2\/users\/3"}],"replies":[{"embeddable":true,"href":"https:\/\/www.nexoinformativo.mx\/index.php\/wp-json\/wp\/v2\/comments?post=4189"}],"version-history":[{"count":2,"href":"https:\/\/www.nexoinformativo.mx\/index.php\/wp-json\/wp\/v2\/posts\/4189\/revisions"}],"predecessor-version":[{"id":4192,"href":"https:\/\/www.nexoinformativo.mx\/index.php\/wp-json\/wp\/v2\/posts\/4189\/revisions\/4192"}],"wp:featuredmedia":[{"embeddable":true,"href":"https:\/\/www.nexoinformativo.mx\/index.php\/wp-json\/wp\/v2\/media\/4190"}],"wp:attachment":[{"href":"https:\/\/www.nexoinformativo.mx\/index.php\/wp-json\/wp\/v2\/media?parent=4189"}],"wp:term":[{"taxonomy":"category","embeddable":true,"href":"https:\/\/www.nexoinformativo.mx\/index.php\/wp-json\/wp\/v2\/categories?post=4189"},{"taxonomy":"post_tag","embeddable":true,"href":"https:\/\/www.nexoinformativo.mx\/index.php\/wp-json\/wp\/v2\/tags?post=4189"}],"curies":[{"name":"wp","href":"https:\/\/api.w.org\/{rel}","templated":true}]}}