{"id":4195,"date":"2024-10-22T17:00:40","date_gmt":"2024-10-22T23:00:40","guid":{"rendered":"https:\/\/www.nexoinformativo.mx\/?p=4195"},"modified":"2024-10-22T20:21:28","modified_gmt":"2024-10-23T02:21:28","slug":"aumento-de-salario-para-policias-locales-la-propuesta-de-agustin-dorantes-en-el-senado","status":"publish","type":"post","link":"https:\/\/www.nexoinformativo.mx\/index.php\/2024\/10\/22\/aumento-de-salario-para-policias-locales-la-propuesta-de-agustin-dorantes-en-el-senado\/","title":{"rendered":"Aumento de salario para Polic\u00edas Locales: La propuesta de Agust\u00edn Dorantes en el Senado"},"content":{"rendered":"<p style=\"text-align: justify;\">El senador por Quer\u00e9taro, Agust\u00edn Dorantes Lambarri, ha presentado una iniciativa en el Senado que busca aumentar el salario de los polic\u00edas municipales a 16 mil 700 pesos, alineando su remuneraci\u00f3n con el salario promedio de los trabajadores ante el Instituto Mexicano del Seguro Social (IMSS).<\/p>\n<p>&nbsp;<\/p>\n<p style=\"text-align: justify;\">Con esta propuesta, Dorantes Lambarri busca fortalecer la percepci\u00f3n y el bienestar de los elementos de polic\u00eda en todo el pa\u00eds. Durante una rueda de prensa, el senador destac\u00f3 la importancia de dotar a los polic\u00edas de salarios dignos, prestaciones adecuadas, seguro de gastos m\u00e9dicos y de vida.<\/p>\n<p>&nbsp;<\/p>\n<p style=\"text-align: justify;\"><strong>&#8220;No podemos enviar a nuestros polic\u00edas a la guerra sin fusil&#8221;<\/strong>, enfatiz\u00f3, subrayando la necesidad de proporcionarles las herramientas y la tecnolog\u00eda necesarias para combatir la inseguridad en sus estados. Dorantes tambi\u00e9n argument\u00f3 que, tras la reciente modificaci\u00f3n al art\u00edculo 123 de la Constituci\u00f3n, que benefici\u00f3 a trabajadores del sector salud y educaci\u00f3n, los polic\u00edas locales quedaron fuera de este aumento, por lo que considera imprescindible incluirlos en esta iniciativa.<\/p>\n<p>&nbsp;<\/p>\n<p style=\"text-align: justify;\">Adem\u00e1s, propone la creaci\u00f3n de un fondo federal que ayude a fortalecer a los oficiales de todos los municipios, similar a los programas que ya existen como FORTASEG. Seg\u00fan un estudio del Instituto Belisario Dom\u00ednguez del Senado de la Rep\u00fablica, el salario promedio de los polic\u00edas y agentes de tr\u00e1nsito en el pa\u00eds es de 8 mil pesos mensuales.<\/p>\n<p>&nbsp;<\/p>\n<p style=\"text-align: justify;\">Ante la creciente preocupaci\u00f3n por la seguridad en Quer\u00e9taro, donde han ocurrido recientes asesinatos, el senador afirm\u00f3 que, aunque el estado se encuentra en una situaci\u00f3n m\u00e1s segura en comparaci\u00f3n con otros, es fundamental continuar invirtiendo en la capacitaci\u00f3n y equipamiento de la polic\u00eda.<\/p>\n<p>&nbsp;<\/p>\n<p style=\"text-align: justify;\">La estrategia que ha funcionado en estados como Quer\u00e9taro, Yucat\u00e1n y Coahuila debe ser replicada en el resto del pa\u00eds, seg\u00fan Dorantes, para garantizar zonas seguras y tranquilas en M\u00e9xico. Su iniciativa busca evitar que los polic\u00edas locales se vean obligados a buscar recursos adicionales para mantener a sus familias, asegurando as\u00ed una mejor calidad de vida.<\/p>\n<p>&nbsp;<\/p>\n<p style=\"text-align: center;\"><em><strong>\u00a1Informaci\u00f3n que transforma!<\/strong><\/em><\/p>\n","protected":false},"excerpt":{"rendered":"<p>El senador por Quer\u00e9taro, Agust\u00edn Dorantes Lambarri, ha presentado una iniciativa en el Senado que busca aumentar el salario de los polic\u00edas municipales a 16 mil 700 pesos, alineando su remuneraci\u00f3n con el salario promedio de los trabajadores ante el Instituto Mexicano del Seguro Social (IMSS).<\/p>\n","protected":false},"author":3,"featured_media":4196,"comment_status":"open","ping_status":"open","sticky":false,"template":"","format":"standard","meta":{"footnotes":""},"categories":[42,58],"tags":[1558,1557,1560,1559],"class_list":["post-4195","post","type-post","status-publish","format-standard","has-post-thumbnail","hentry","category-estado","category-ultima-hora","tag-agustindorantes","tag-aumentosalariopolicias","tag-policiasdignos","tag-seguridadmunicipal"],"yoast_head":"<!-- This site is optimized with the Yoast SEO plugin v25.0 - https:\/\/yoast.com\/wordpress\/plugins\/seo\/ -->\n<title>Aumento de salario para Polic\u00edas Locales: La propuesta de Agust\u00edn Dorantes en el Senado | Nexo Informativo Santiago de Quer\u00e9taro<\/title>\n<meta name=\"description\" content=\"Aumento de salario para Polic\u00edas Locales: La propuesta de Agust\u00edn Dorantes en el Senado\" \/>\n<meta name=\"robots\" content=\"index, follow, max-snippet:-1, max-image-preview:large, max-video-preview:-1\" \/>\n<link rel=\"canonical\" href=\"https:\/\/www.nexoinformativo.mx\/index.php\/2024\/10\/22\/aumento-de-salario-para-policias-locales-la-propuesta-de-agustin-dorantes-en-el-senado\/\" \/>\n<meta property=\"og:locale\" content=\"es_MX\" \/>\n<meta property=\"og:type\" content=\"article\" \/>\n<meta property=\"og:title\" content=\"Aumento de salario para Polic\u00edas Locales: La propuesta de Agust\u00edn Dorantes en el Senado | Nexo Informativo Santiago de Quer\u00e9taro\" \/>\n<meta property=\"og:description\" content=\"Aumento de salario para Polic\u00edas Locales: La propuesta de Agust\u00edn Dorantes en el Senado\" \/>\n<meta property=\"og:url\" content=\"https:\/\/www.nexoinformativo.mx\/index.php\/2024\/10\/22\/aumento-de-salario-para-policias-locales-la-propuesta-de-agustin-dorantes-en-el-senado\/\" \/>\n<meta property=\"og:site_name\" content=\"Nexo Informativo Santiago de Quer\u00e9taro\" \/>\n<meta property=\"article:publisher\" content=\"https:\/\/www.facebook.com\/people\/Nexo-Informativo\/61564066885511\/\" \/>\n<meta property=\"article:published_time\" content=\"2024-10-22T23:00:40+00:00\" \/>\n<meta property=\"article:modified_time\" content=\"2024-10-23T02:21:28+00:00\" \/>\n<meta property=\"og:image\" content=\"https:\/\/www.nexoinformativo.mx\/wp-content\/uploads\/2024\/10\/IMG_7181-e1729643303699.jpg\" \/>\n\t<meta property=\"og:image:width\" content=\"800\" \/>\n\t<meta property=\"og:image:height\" content=\"447\" \/>\n\t<meta property=\"og:image:type\" content=\"image\/jpeg\" \/>\n<meta name=\"author\" content=\"Nexo Informativo\" \/>\n<meta name=\"twitter:card\" content=\"summary_large_image\" \/>\n<meta name=\"twitter:label1\" content=\"Escrito por\" \/>\n\t<meta name=\"twitter:data1\" content=\"Nexo Informativo\" \/>\n\t<meta name=\"twitter:label2\" content=\"Tiempo de lectura\" \/>\n\t<meta name=\"twitter:data2\" content=\"2 minutos\" \/>\n<script type=\"application\/ld+json\" class=\"yoast-schema-graph\">{\"@context\":\"https:\/\/schema.org\",\"@graph\":[{\"@type\":\"Article\",\"@id\":\"https:\/\/www.nexoinformativo.mx\/index.php\/2024\/10\/22\/aumento-de-salario-para-policias-locales-la-propuesta-de-agustin-dorantes-en-el-senado\/#article\",\"isPartOf\":{\"@id\":\"https:\/\/www.nexoinformativo.mx\/index.php\/2024\/10\/22\/aumento-de-salario-para-policias-locales-la-propuesta-de-agustin-dorantes-en-el-senado\/\"},\"author\":{\"name\":\"Nexo Informativo\",\"@id\":\"https:\/\/www.nexoinformativo.mx\/#\/schema\/person\/7749d380ba08c8ca00d7bc76fd907b7d\"},\"headline\":\"Aumento de salario para Polic\u00edas Locales: La propuesta de Agust\u00edn Dorantes en el Senado\",\"datePublished\":\"2024-10-22T23:00:40+00:00\",\"dateModified\":\"2024-10-23T02:21:28+00:00\",\"mainEntityOfPage\":{\"@id\":\"https:\/\/www.nexoinformativo.mx\/index.php\/2024\/10\/22\/aumento-de-salario-para-policias-locales-la-propuesta-de-agustin-dorantes-en-el-senado\/\"},\"wordCount\":384,\"commentCount\":0,\"publisher\":{\"@id\":\"https:\/\/www.nexoinformativo.mx\/#organization\"},\"image\":{\"@id\":\"https:\/\/www.nexoinformativo.mx\/index.php\/2024\/10\/22\/aumento-de-salario-para-policias-locales-la-propuesta-de-agustin-dorantes-en-el-senado\/#primaryimage\"},\"thumbnailUrl\":\"https:\/\/www.nexoinformativo.mx\/wp-content\/uploads\/2024\/10\/IMG_7181-e1729643303699.jpg\",\"keywords\":[\"Agust\u00ednDorantes\",\"AumentoSalarioPolic\u00edas\",\"Polic\u00edasDignos\",\"SeguridadMunicipal\"],\"articleSection\":[\"Estado\",\"\u00daltima Hora\"],\"inLanguage\":\"es\",\"potentialAction\":[{\"@type\":\"CommentAction\",\"name\":\"Comment\",\"target\":[\"https:\/\/www.nexoinformativo.mx\/index.php\/2024\/10\/22\/aumento-de-salario-para-policias-locales-la-propuesta-de-agustin-dorantes-en-el-senado\/#respond\"]}]},{\"@type\":\"WebPage\",\"@id\":\"https:\/\/www.nexoinformativo.mx\/index.php\/2024\/10\/22\/aumento-de-salario-para-policias-locales-la-propuesta-de-agustin-dorantes-en-el-senado\/\",\"url\":\"https:\/\/www.nexoinformativo.mx\/index.php\/2024\/10\/22\/aumento-de-salario-para-policias-locales-la-propuesta-de-agustin-dorantes-en-el-senado\/\",\"name\":\"Aumento de salario para Polic\u00edas Locales: La propuesta de Agust\u00edn Dorantes en el Senado | Nexo Informativo Santiago de Quer\u00e9taro\",\"isPartOf\":{\"@id\":\"https:\/\/www.nexoinformativo.mx\/#website\"},\"primaryImageOfPage\":{\"@id\":\"https:\/\/www.nexoinformativo.mx\/index.php\/2024\/10\/22\/aumento-de-salario-para-policias-locales-la-propuesta-de-agustin-dorantes-en-el-senado\/#primaryimage\"},\"image\":{\"@id\":\"https:\/\/www.nexoinformativo.mx\/index.php\/2024\/10\/22\/aumento-de-salario-para-policias-locales-la-propuesta-de-agustin-dorantes-en-el-senado\/#primaryimage\"},\"thumbnailUrl\":\"https:\/\/www.nexoinformativo.mx\/wp-content\/uploads\/2024\/10\/IMG_7181-e1729643303699.jpg\",\"datePublished\":\"2024-10-22T23:00:40+00:00\",\"dateModified\":\"2024-10-23T02:21:28+00:00\",\"description\":\"Aumento de salario para Polic\u00edas Locales: La propuesta de Agust\u00edn Dorantes en el Senado\",\"breadcrumb\":{\"@id\":\"https:\/\/www.nexoinformativo.mx\/index.php\/2024\/10\/22\/aumento-de-salario-para-policias-locales-la-propuesta-de-agustin-dorantes-en-el-senado\/#breadcrumb\"},\"inLanguage\":\"es\",\"potentialAction\":[{\"@type\":\"ReadAction\",\"target\":[\"https:\/\/www.nexoinformativo.mx\/index.php\/2024\/10\/22\/aumento-de-salario-para-policias-locales-la-propuesta-de-agustin-dorantes-en-el-senado\/\"]}]},{\"@type\":\"ImageObject\",\"inLanguage\":\"es\",\"@id\":\"https:\/\/www.nexoinformativo.mx\/index.php\/2024\/10\/22\/aumento-de-salario-para-policias-locales-la-propuesta-de-agustin-dorantes-en-el-senado\/#primaryimage\",\"url\":\"https:\/\/www.nexoinformativo.mx\/wp-content\/uploads\/2024\/10\/IMG_7181-e1729643303699.jpg\",\"contentUrl\":\"https:\/\/www.nexoinformativo.mx\/wp-content\/uploads\/2024\/10\/IMG_7181-e1729643303699.jpg\",\"width\":800,\"height\":447,\"caption\":\"Screenshot\"},{\"@type\":\"BreadcrumbList\",\"@id\":\"https:\/\/www.nexoinformativo.mx\/index.php\/2024\/10\/22\/aumento-de-salario-para-policias-locales-la-propuesta-de-agustin-dorantes-en-el-senado\/#breadcrumb\",\"itemListElement\":[{\"@type\":\"ListItem\",\"position\":1,\"name\":\"Inicio\",\"item\":\"https:\/\/www.nexoinformativo.mx\/\"},{\"@type\":\"ListItem\",\"position\":2,\"name\":\"Aumento de salario para Polic\u00edas Locales: La propuesta de Agust\u00edn Dorantes en el Senado\"}]},{\"@type\":\"WebSite\",\"@id\":\"https:\/\/www.nexoinformativo.mx\/#website\",\"url\":\"https:\/\/www.nexoinformativo.mx\/\",\"name\":\"Nexo Informativo Santiago de Quer\u00e9taro\",\"description\":\"Explora NexoInformativo y convi\u00e9rtete en parte de una comunidad que valora el conocimiento y la verdad. Tu nexoinformativo es tu puente hacia una comprensi\u00f3n m\u00e1s profunda del mundo que te rodea.\",\"publisher\":{\"@id\":\"https:\/\/www.nexoinformativo.mx\/#organization\"},\"potentialAction\":[{\"@type\":\"SearchAction\",\"target\":{\"@type\":\"EntryPoint\",\"urlTemplate\":\"https:\/\/www.nexoinformativo.mx\/?s={search_term_string}\"},\"query-input\":{\"@type\":\"PropertyValueSpecification\",\"valueRequired\":true,\"valueName\":\"search_term_string\"}}],\"inLanguage\":\"es\"},{\"@type\":\"Organization\",\"@id\":\"https:\/\/www.nexoinformativo.mx\/#organization\",\"name\":\"Nexo Informativo Santiago de Quer\u00e9taro\",\"url\":\"https:\/\/www.nexoinformativo.mx\/\",\"logo\":{\"@type\":\"ImageObject\",\"inLanguage\":\"es\",\"@id\":\"https:\/\/www.nexoinformativo.mx\/#\/schema\/logo\/image\/\",\"url\":\"https:\/\/www.nexoinformativo.mx\/wp-content\/uploads\/2024\/07\/nexoi-trasparente-2.png\",\"contentUrl\":\"https:\/\/www.nexoinformativo.mx\/wp-content\/uploads\/2024\/07\/nexoi-trasparente-2.png\",\"width\":816,\"height\":339,\"caption\":\"Nexo Informativo Santiago de Quer\u00e9taro\"},\"image\":{\"@id\":\"https:\/\/www.nexoinformativo.mx\/#\/schema\/logo\/image\/\"},\"sameAs\":[\"https:\/\/www.facebook.com\/people\/Nexo-Informativo\/61564066885511\/\"]},{\"@type\":\"Person\",\"@id\":\"https:\/\/www.nexoinformativo.mx\/#\/schema\/person\/7749d380ba08c8ca00d7bc76fd907b7d\",\"name\":\"Nexo Informativo\",\"image\":{\"@type\":\"ImageObject\",\"inLanguage\":\"es\",\"@id\":\"https:\/\/www.nexoinformativo.mx\/#\/schema\/person\/image\/\",\"url\":\"https:\/\/secure.gravatar.com\/avatar\/dde2928154642a13d95f87ddf1ea9718fe2b46760a005c53e41ff5ad610704e6?s=96&d=mm&r=g\",\"contentUrl\":\"https:\/\/secure.gravatar.com\/avatar\/dde2928154642a13d95f87ddf1ea9718fe2b46760a005c53e41ff5ad610704e6?s=96&d=mm&r=g\",\"caption\":\"Nexo Informativo\"},\"url\":\"https:\/\/www.nexoinformativo.mx\/index.php\/author\/edicion\/\"}]}<\/script>\n<!-- \/ Yoast SEO plugin. -->","yoast_head_json":{"title":"Aumento de salario para Polic\u00edas Locales: La propuesta de Agust\u00edn Dorantes en el Senado | Nexo Informativo Santiago de Quer\u00e9taro","description":"Aumento de salario para Polic\u00edas Locales: La propuesta de Agust\u00edn Dorantes en el Senado","robots":{"index":"index","follow":"follow","max-snippet":"max-snippet:-1","max-image-preview":"max-image-preview:large","max-video-preview":"max-video-preview:-1"},"canonical":"https:\/\/www.nexoinformativo.mx\/index.php\/2024\/10\/22\/aumento-de-salario-para-policias-locales-la-propuesta-de-agustin-dorantes-en-el-senado\/","og_locale":"es_MX","og_type":"article","og_title":"Aumento de salario para Polic\u00edas Locales: La propuesta de Agust\u00edn Dorantes en el Senado | Nexo Informativo Santiago de Quer\u00e9taro","og_description":"Aumento de salario para Polic\u00edas Locales: La propuesta de Agust\u00edn Dorantes en el Senado","og_url":"https:\/\/www.nexoinformativo.mx\/index.php\/2024\/10\/22\/aumento-de-salario-para-policias-locales-la-propuesta-de-agustin-dorantes-en-el-senado\/","og_site_name":"Nexo Informativo Santiago de Quer\u00e9taro","article_publisher":"https:\/\/www.facebook.com\/people\/Nexo-Informativo\/61564066885511\/","article_published_time":"2024-10-22T23:00:40+00:00","article_modified_time":"2024-10-23T02:21:28+00:00","og_image":[{"width":800,"height":447,"url":"https:\/\/www.nexoinformativo.mx\/wp-content\/uploads\/2024\/10\/IMG_7181-e1729643303699.jpg","type":"image\/jpeg"}],"author":"Nexo Informativo","twitter_card":"summary_large_image","twitter_misc":{"Escrito por":"Nexo Informativo","Tiempo de lectura":"2 minutos"},"schema":{"@context":"https:\/\/schema.org","@graph":[{"@type":"Article","@id":"https:\/\/www.nexoinformativo.mx\/index.php\/2024\/10\/22\/aumento-de-salario-para-policias-locales-la-propuesta-de-agustin-dorantes-en-el-senado\/#article","isPartOf":{"@id":"https:\/\/www.nexoinformativo.mx\/index.php\/2024\/10\/22\/aumento-de-salario-para-policias-locales-la-propuesta-de-agustin-dorantes-en-el-senado\/"},"author":{"name":"Nexo Informativo","@id":"https:\/\/www.nexoinformativo.mx\/#\/schema\/person\/7749d380ba08c8ca00d7bc76fd907b7d"},"headline":"Aumento de salario para Polic\u00edas Locales: La propuesta de Agust\u00edn Dorantes en el Senado","datePublished":"2024-10-22T23:00:40+00:00","dateModified":"2024-10-23T02:21:28+00:00","mainEntityOfPage":{"@id":"https:\/\/www.nexoinformativo.mx\/index.php\/2024\/10\/22\/aumento-de-salario-para-policias-locales-la-propuesta-de-agustin-dorantes-en-el-senado\/"},"wordCount":384,"commentCount":0,"publisher":{"@id":"https:\/\/www.nexoinformativo.mx\/#organization"},"image":{"@id":"https:\/\/www.nexoinformativo.mx\/index.php\/2024\/10\/22\/aumento-de-salario-para-policias-locales-la-propuesta-de-agustin-dorantes-en-el-senado\/#primaryimage"},"thumbnailUrl":"https:\/\/www.nexoinformativo.mx\/wp-content\/uploads\/2024\/10\/IMG_7181-e1729643303699.jpg","keywords":["Agust\u00ednDorantes","AumentoSalarioPolic\u00edas","Polic\u00edasDignos","SeguridadMunicipal"],"articleSection":["Estado","\u00daltima Hora"],"inLanguage":"es","potentialAction":[{"@type":"CommentAction","name":"Comment","target":["https:\/\/www.nexoinformativo.mx\/index.php\/2024\/10\/22\/aumento-de-salario-para-policias-locales-la-propuesta-de-agustin-dorantes-en-el-senado\/#respond"]}]},{"@type":"WebPage","@id":"https:\/\/www.nexoinformativo.mx\/index.php\/2024\/10\/22\/aumento-de-salario-para-policias-locales-la-propuesta-de-agustin-dorantes-en-el-senado\/","url":"https:\/\/www.nexoinformativo.mx\/index.php\/2024\/10\/22\/aumento-de-salario-para-policias-locales-la-propuesta-de-agustin-dorantes-en-el-senado\/","name":"Aumento de salario para Polic\u00edas Locales: La propuesta de Agust\u00edn Dorantes en el Senado | Nexo Informativo Santiago de Quer\u00e9taro","isPartOf":{"@id":"https:\/\/www.nexoinformativo.mx\/#website"},"primaryImageOfPage":{"@id":"https:\/\/www.nexoinformativo.mx\/index.php\/2024\/10\/22\/aumento-de-salario-para-policias-locales-la-propuesta-de-agustin-dorantes-en-el-senado\/#primaryimage"},"image":{"@id":"https:\/\/www.nexoinformativo.mx\/index.php\/2024\/10\/22\/aumento-de-salario-para-policias-locales-la-propuesta-de-agustin-dorantes-en-el-senado\/#primaryimage"},"thumbnailUrl":"https:\/\/www.nexoinformativo.mx\/wp-content\/uploads\/2024\/10\/IMG_7181-e1729643303699.jpg","datePublished":"2024-10-22T23:00:40+00:00","dateModified":"2024-10-23T02:21:28+00:00","description":"Aumento de salario para Polic\u00edas Locales: La propuesta de Agust\u00edn Dorantes en el Senado","breadcrumb":{"@id":"https:\/\/www.nexoinformativo.mx\/index.php\/2024\/10\/22\/aumento-de-salario-para-policias-locales-la-propuesta-de-agustin-dorantes-en-el-senado\/#breadcrumb"},"inLanguage":"es","potentialAction":[{"@type":"ReadAction","target":["https:\/\/www.nexoinformativo.mx\/index.php\/2024\/10\/22\/aumento-de-salario-para-policias-locales-la-propuesta-de-agustin-dorantes-en-el-senado\/"]}]},{"@type":"ImageObject","inLanguage":"es","@id":"https:\/\/www.nexoinformativo.mx\/index.php\/2024\/10\/22\/aumento-de-salario-para-policias-locales-la-propuesta-de-agustin-dorantes-en-el-senado\/#primaryimage","url":"https:\/\/www.nexoinformativo.mx\/wp-content\/uploads\/2024\/10\/IMG_7181-e1729643303699.jpg","contentUrl":"https:\/\/www.nexoinformativo.mx\/wp-content\/uploads\/2024\/10\/IMG_7181-e1729643303699.jpg","width":800,"height":447,"caption":"Screenshot"},{"@type":"BreadcrumbList","@id":"https:\/\/www.nexoinformativo.mx\/index.php\/2024\/10\/22\/aumento-de-salario-para-policias-locales-la-propuesta-de-agustin-dorantes-en-el-senado\/#breadcrumb","itemListElement":[{"@type":"ListItem","position":1,"name":"Inicio","item":"https:\/\/www.nexoinformativo.mx\/"},{"@type":"ListItem","position":2,"name":"Aumento de salario para Polic\u00edas Locales: La propuesta de Agust\u00edn Dorantes en el Senado"}]},{"@type":"WebSite","@id":"https:\/\/www.nexoinformativo.mx\/#website","url":"https:\/\/www.nexoinformativo.mx\/","name":"Nexo Informativo Santiago de Quer\u00e9taro","description":"Explora NexoInformativo y convi\u00e9rtete en parte de una comunidad que valora el conocimiento y la verdad. Tu nexoinformativo es tu puente hacia una comprensi\u00f3n m\u00e1s profunda del mundo que te rodea.","publisher":{"@id":"https:\/\/www.nexoinformativo.mx\/#organization"},"potentialAction":[{"@type":"SearchAction","target":{"@type":"EntryPoint","urlTemplate":"https:\/\/www.nexoinformativo.mx\/?s={search_term_string}"},"query-input":{"@type":"PropertyValueSpecification","valueRequired":true,"valueName":"search_term_string"}}],"inLanguage":"es"},{"@type":"Organization","@id":"https:\/\/www.nexoinformativo.mx\/#organization","name":"Nexo Informativo Santiago de Quer\u00e9taro","url":"https:\/\/www.nexoinformativo.mx\/","logo":{"@type":"ImageObject","inLanguage":"es","@id":"https:\/\/www.nexoinformativo.mx\/#\/schema\/logo\/image\/","url":"https:\/\/www.nexoinformativo.mx\/wp-content\/uploads\/2024\/07\/nexoi-trasparente-2.png","contentUrl":"https:\/\/www.nexoinformativo.mx\/wp-content\/uploads\/2024\/07\/nexoi-trasparente-2.png","width":816,"height":339,"caption":"Nexo Informativo Santiago de Quer\u00e9taro"},"image":{"@id":"https:\/\/www.nexoinformativo.mx\/#\/schema\/logo\/image\/"},"sameAs":["https:\/\/www.facebook.com\/people\/Nexo-Informativo\/61564066885511\/"]},{"@type":"Person","@id":"https:\/\/www.nexoinformativo.mx\/#\/schema\/person\/7749d380ba08c8ca00d7bc76fd907b7d","name":"Nexo Informativo","image":{"@type":"ImageObject","inLanguage":"es","@id":"https:\/\/www.nexoinformativo.mx\/#\/schema\/person\/image\/","url":"https:\/\/secure.gravatar.com\/avatar\/dde2928154642a13d95f87ddf1ea9718fe2b46760a005c53e41ff5ad610704e6?s=96&d=mm&r=g","contentUrl":"https:\/\/secure.gravatar.com\/avatar\/dde2928154642a13d95f87ddf1ea9718fe2b46760a005c53e41ff5ad610704e6?s=96&d=mm&r=g","caption":"Nexo Informativo"},"url":"https:\/\/www.nexoinformativo.mx\/index.php\/author\/edicion\/"}]}},"_links":{"self":[{"href":"https:\/\/www.nexoinformativo.mx\/index.php\/wp-json\/wp\/v2\/posts\/4195","targetHints":{"allow":["GET"]}}],"collection":[{"href":"https:\/\/www.nexoinformativo.mx\/index.php\/wp-json\/wp\/v2\/posts"}],"about":[{"href":"https:\/\/www.nexoinformativo.mx\/index.php\/wp-json\/wp\/v2\/types\/post"}],"author":[{"embeddable":true,"href":"https:\/\/www.nexoinformativo.mx\/index.php\/wp-json\/wp\/v2\/users\/3"}],"replies":[{"embeddable":true,"href":"https:\/\/www.nexoinformativo.mx\/index.php\/wp-json\/wp\/v2\/comments?post=4195"}],"version-history":[{"count":5,"href":"https:\/\/www.nexoinformativo.mx\/index.php\/wp-json\/wp\/v2\/posts\/4195\/revisions"}],"predecessor-version":[{"id":4209,"href":"https:\/\/www.nexoinformativo.mx\/index.php\/wp-json\/wp\/v2\/posts\/4195\/revisions\/4209"}],"wp:featuredmedia":[{"embeddable":true,"href":"https:\/\/www.nexoinformativo.mx\/index.php\/wp-json\/wp\/v2\/media\/4196"}],"wp:attachment":[{"href":"https:\/\/www.nexoinformativo.mx\/index.php\/wp-json\/wp\/v2\/media?parent=4195"}],"wp:term":[{"taxonomy":"category","embeddable":true,"href":"https:\/\/www.nexoinformativo.mx\/index.php\/wp-json\/wp\/v2\/categories?post=4195"},{"taxonomy":"post_tag","embeddable":true,"href":"https:\/\/www.nexoinformativo.mx\/index.php\/wp-json\/wp\/v2\/tags?post=4195"}],"curies":[{"name":"wp","href":"https:\/\/api.w.org\/{rel}","templated":true}]}}