{"id":4201,"date":"2024-10-22T17:30:10","date_gmt":"2024-10-22T23:30:10","guid":{"rendered":"https:\/\/www.nexoinformativo.mx\/?p=4201"},"modified":"2024-10-22T20:18:57","modified_gmt":"2024-10-23T02:18:57","slug":"ataque-violento-con-machetes-y-armas-de-fuego-en-hacienda-la-cruz-el-marques","status":"publish","type":"post","link":"https:\/\/www.nexoinformativo.mx\/index.php\/2024\/10\/22\/ataque-violento-con-machetes-y-armas-de-fuego-en-hacienda-la-cruz-el-marques\/","title":{"rendered":"Ataque violento con machetes y armas de fuego en Hacienda La Cruz, El Marqu\u00e9s"},"content":{"rendered":"<p style=\"text-align: justify;\" data-sourcepos=\"7:1-7:235\">La tranquilidad de la comunidad de Hacienda La Cruz, en el municipio de El Marqu\u00e9s, se vio interrumpida la tarde de este lunes por un violento ataque en el que cinco sujetos armados con machetes y pistolas agredieron a varias personas.<\/p>\n<p>&nbsp;<\/p>\n<p style=\"text-align: justify;\" data-sourcepos=\"11:1-11:213\">De acuerdo con los primeros reportes, un grupo de hombres arrib\u00f3 al lugar a bordo de varios veh\u00edculos y, sin mediar palabra, comenz\u00f3 a atacar a los presentes con machetes. Posteriormente, detonaron armas de fuego.<\/p>\n<p>&nbsp;<\/p>\n<p style=\"text-align: justify;\" data-sourcepos=\"13:1-13:261\">Como resultado de este violento incidente, dos personas resultaron lesionadas y fueron trasladadas a un hospital para recibir atenci\u00f3n m\u00e9dica. Las autoridades presumen que el m\u00f3vil del ataque podr\u00eda estar relacionado con viejas rencillas entre los involucrados.<\/p>\n<p>&nbsp;<\/p>\n<p style=\"text-align: justify;\" data-sourcepos=\"15:1-15:264\">Elementos de la Fiscal\u00eda General del Estado y de la Secretar\u00eda de Seguridad P\u00fablica de El Marqu\u00e9s se trasladaron al lugar de los hechos para iniciar las investigaciones correspondientes. Hasta el momento, se ha logrado identificar a uno de los presuntos agresores.<\/p>\n<p>&nbsp;<\/p>\n<p style=\"text-align: justify;\" data-sourcepos=\"19:1-19:228\">Este lamentable suceso ha generado consternaci\u00f3n entre los habitantes de Hacienda La Cruz y ha puesto en alerta a las autoridades, quienes trabajan arduamente para dar con el paradero de los responsables y esclarecer los hechos.<\/p>\n<p>&nbsp;<\/p>\n<p style=\"text-align: center;\" data-sourcepos=\"19:1-19:228\"><em><strong>\u00a1Informaci\u00f3n que transforma!<\/strong><\/em><\/p>\n","protected":false},"excerpt":{"rendered":"<p>La tranquilidad de la comunidad de Hacienda La Cruz, en el municipio de El Marqu\u00e9s, se vio interrumpida la tarde de este lunes por un violento ataque en el que cinco sujetos armados con machetes y pistolas agredieron a varias personas.<\/p>\n","protected":false},"author":3,"featured_media":4202,"comment_status":"open","ping_status":"open","sticky":false,"template":"","format":"standard","meta":{"footnotes":""},"categories":[137,58],"tags":[550,149,1561,133],"class_list":["post-4201","post","type-post","status-publish","format-standard","has-post-thumbnail","hentry","category-sucesos","category-ultima-hora","tag-ataquearmado","tag-elmarques","tag-haciendalacruz","tag-queretaro"],"yoast_head":"<!-- This site is optimized with the Yoast SEO plugin v25.0 - https:\/\/yoast.com\/wordpress\/plugins\/seo\/ -->\n<title>Ataque violento con machetes y armas de fuego en Hacienda La Cruz, El Marqu\u00e9s | Nexo Informativo Santiago de Quer\u00e9taro<\/title>\n<meta name=\"description\" content=\"Ataque violento con machetes y armas de fuego en Hacienda La Cruz, El Marqu\u00e9s\" \/>\n<meta name=\"robots\" content=\"index, follow, max-snippet:-1, max-image-preview:large, max-video-preview:-1\" \/>\n<link rel=\"canonical\" href=\"https:\/\/www.nexoinformativo.mx\/index.php\/2024\/10\/22\/ataque-violento-con-machetes-y-armas-de-fuego-en-hacienda-la-cruz-el-marques\/\" \/>\n<meta property=\"og:locale\" content=\"es_MX\" \/>\n<meta property=\"og:type\" content=\"article\" \/>\n<meta property=\"og:title\" content=\"Ataque violento con machetes y armas de fuego en Hacienda La Cruz, El Marqu\u00e9s | Nexo Informativo Santiago de Quer\u00e9taro\" \/>\n<meta property=\"og:description\" content=\"Ataque violento con machetes y armas de fuego en Hacienda La Cruz, El Marqu\u00e9s\" \/>\n<meta property=\"og:url\" content=\"https:\/\/www.nexoinformativo.mx\/index.php\/2024\/10\/22\/ataque-violento-con-machetes-y-armas-de-fuego-en-hacienda-la-cruz-el-marques\/\" \/>\n<meta property=\"og:site_name\" content=\"Nexo Informativo Santiago de Quer\u00e9taro\" \/>\n<meta property=\"article:publisher\" content=\"https:\/\/www.facebook.com\/people\/Nexo-Informativo\/61564066885511\/\" \/>\n<meta property=\"article:published_time\" content=\"2024-10-22T23:30:10+00:00\" \/>\n<meta property=\"article:modified_time\" content=\"2024-10-23T02:18:57+00:00\" \/>\n<meta property=\"og:image\" content=\"https:\/\/www.nexoinformativo.mx\/wp-content\/uploads\/2024\/10\/PHOTO-2024-10-22-17-34-05-e1729643573553.jpg\" \/>\n\t<meta property=\"og:image:width\" content=\"800\" \/>\n\t<meta property=\"og:image:height\" content=\"481\" \/>\n\t<meta property=\"og:image:type\" content=\"image\/jpeg\" \/>\n<meta name=\"author\" content=\"Nexo Informativo\" \/>\n<meta name=\"twitter:card\" content=\"summary_large_image\" \/>\n<meta name=\"twitter:label1\" content=\"Escrito por\" \/>\n\t<meta name=\"twitter:data1\" content=\"Nexo Informativo\" \/>\n\t<meta name=\"twitter:label2\" content=\"Tiempo de lectura\" \/>\n\t<meta name=\"twitter:data2\" content=\"2 minutos\" \/>\n<script type=\"application\/ld+json\" class=\"yoast-schema-graph\">{\"@context\":\"https:\/\/schema.org\",\"@graph\":[{\"@type\":\"Article\",\"@id\":\"https:\/\/www.nexoinformativo.mx\/index.php\/2024\/10\/22\/ataque-violento-con-machetes-y-armas-de-fuego-en-hacienda-la-cruz-el-marques\/#article\",\"isPartOf\":{\"@id\":\"https:\/\/www.nexoinformativo.mx\/index.php\/2024\/10\/22\/ataque-violento-con-machetes-y-armas-de-fuego-en-hacienda-la-cruz-el-marques\/\"},\"author\":{\"name\":\"Nexo Informativo\",\"@id\":\"https:\/\/www.nexoinformativo.mx\/#\/schema\/person\/7749d380ba08c8ca00d7bc76fd907b7d\"},\"headline\":\"Ataque violento con machetes y armas de fuego en Hacienda La Cruz, El Marqu\u00e9s\",\"datePublished\":\"2024-10-22T23:30:10+00:00\",\"dateModified\":\"2024-10-23T02:18:57+00:00\",\"mainEntityOfPage\":{\"@id\":\"https:\/\/www.nexoinformativo.mx\/index.php\/2024\/10\/22\/ataque-violento-con-machetes-y-armas-de-fuego-en-hacienda-la-cruz-el-marques\/\"},\"wordCount\":226,\"commentCount\":0,\"publisher\":{\"@id\":\"https:\/\/www.nexoinformativo.mx\/#organization\"},\"image\":{\"@id\":\"https:\/\/www.nexoinformativo.mx\/index.php\/2024\/10\/22\/ataque-violento-con-machetes-y-armas-de-fuego-en-hacienda-la-cruz-el-marques\/#primaryimage\"},\"thumbnailUrl\":\"https:\/\/www.nexoinformativo.mx\/wp-content\/uploads\/2024\/10\/PHOTO-2024-10-22-17-34-05-e1729643573553.jpg\",\"keywords\":[\"AtaqueArmado\",\"elmarques\",\"HaciendaLaCruz\",\"Quer\u00e9taro\"],\"articleSection\":[\"Sucesos\",\"\u00daltima Hora\"],\"inLanguage\":\"es\",\"potentialAction\":[{\"@type\":\"CommentAction\",\"name\":\"Comment\",\"target\":[\"https:\/\/www.nexoinformativo.mx\/index.php\/2024\/10\/22\/ataque-violento-con-machetes-y-armas-de-fuego-en-hacienda-la-cruz-el-marques\/#respond\"]}]},{\"@type\":\"WebPage\",\"@id\":\"https:\/\/www.nexoinformativo.mx\/index.php\/2024\/10\/22\/ataque-violento-con-machetes-y-armas-de-fuego-en-hacienda-la-cruz-el-marques\/\",\"url\":\"https:\/\/www.nexoinformativo.mx\/index.php\/2024\/10\/22\/ataque-violento-con-machetes-y-armas-de-fuego-en-hacienda-la-cruz-el-marques\/\",\"name\":\"Ataque violento con machetes y armas de fuego en Hacienda La Cruz, El Marqu\u00e9s | Nexo Informativo Santiago de Quer\u00e9taro\",\"isPartOf\":{\"@id\":\"https:\/\/www.nexoinformativo.mx\/#website\"},\"primaryImageOfPage\":{\"@id\":\"https:\/\/www.nexoinformativo.mx\/index.php\/2024\/10\/22\/ataque-violento-con-machetes-y-armas-de-fuego-en-hacienda-la-cruz-el-marques\/#primaryimage\"},\"image\":{\"@id\":\"https:\/\/www.nexoinformativo.mx\/index.php\/2024\/10\/22\/ataque-violento-con-machetes-y-armas-de-fuego-en-hacienda-la-cruz-el-marques\/#primaryimage\"},\"thumbnailUrl\":\"https:\/\/www.nexoinformativo.mx\/wp-content\/uploads\/2024\/10\/PHOTO-2024-10-22-17-34-05-e1729643573553.jpg\",\"datePublished\":\"2024-10-22T23:30:10+00:00\",\"dateModified\":\"2024-10-23T02:18:57+00:00\",\"description\":\"Ataque violento con machetes y armas de fuego en Hacienda La Cruz, El Marqu\u00e9s\",\"breadcrumb\":{\"@id\":\"https:\/\/www.nexoinformativo.mx\/index.php\/2024\/10\/22\/ataque-violento-con-machetes-y-armas-de-fuego-en-hacienda-la-cruz-el-marques\/#breadcrumb\"},\"inLanguage\":\"es\",\"potentialAction\":[{\"@type\":\"ReadAction\",\"target\":[\"https:\/\/www.nexoinformativo.mx\/index.php\/2024\/10\/22\/ataque-violento-con-machetes-y-armas-de-fuego-en-hacienda-la-cruz-el-marques\/\"]}]},{\"@type\":\"ImageObject\",\"inLanguage\":\"es\",\"@id\":\"https:\/\/www.nexoinformativo.mx\/index.php\/2024\/10\/22\/ataque-violento-con-machetes-y-armas-de-fuego-en-hacienda-la-cruz-el-marques\/#primaryimage\",\"url\":\"https:\/\/www.nexoinformativo.mx\/wp-content\/uploads\/2024\/10\/PHOTO-2024-10-22-17-34-05-e1729643573553.jpg\",\"contentUrl\":\"https:\/\/www.nexoinformativo.mx\/wp-content\/uploads\/2024\/10\/PHOTO-2024-10-22-17-34-05-e1729643573553.jpg\",\"width\":800,\"height\":481},{\"@type\":\"BreadcrumbList\",\"@id\":\"https:\/\/www.nexoinformativo.mx\/index.php\/2024\/10\/22\/ataque-violento-con-machetes-y-armas-de-fuego-en-hacienda-la-cruz-el-marques\/#breadcrumb\",\"itemListElement\":[{\"@type\":\"ListItem\",\"position\":1,\"name\":\"Inicio\",\"item\":\"https:\/\/www.nexoinformativo.mx\/\"},{\"@type\":\"ListItem\",\"position\":2,\"name\":\"Ataque violento con machetes y armas de fuego en Hacienda La Cruz, El Marqu\u00e9s\"}]},{\"@type\":\"WebSite\",\"@id\":\"https:\/\/www.nexoinformativo.mx\/#website\",\"url\":\"https:\/\/www.nexoinformativo.mx\/\",\"name\":\"Nexo Informativo Santiago de Quer\u00e9taro\",\"description\":\"Explora NexoInformativo y convi\u00e9rtete en parte de una comunidad que valora el conocimiento y la verdad. Tu nexoinformativo es tu puente hacia una comprensi\u00f3n m\u00e1s profunda del mundo que te rodea.\",\"publisher\":{\"@id\":\"https:\/\/www.nexoinformativo.mx\/#organization\"},\"potentialAction\":[{\"@type\":\"SearchAction\",\"target\":{\"@type\":\"EntryPoint\",\"urlTemplate\":\"https:\/\/www.nexoinformativo.mx\/?s={search_term_string}\"},\"query-input\":{\"@type\":\"PropertyValueSpecification\",\"valueRequired\":true,\"valueName\":\"search_term_string\"}}],\"inLanguage\":\"es\"},{\"@type\":\"Organization\",\"@id\":\"https:\/\/www.nexoinformativo.mx\/#organization\",\"name\":\"Nexo Informativo Santiago de Quer\u00e9taro\",\"url\":\"https:\/\/www.nexoinformativo.mx\/\",\"logo\":{\"@type\":\"ImageObject\",\"inLanguage\":\"es\",\"@id\":\"https:\/\/www.nexoinformativo.mx\/#\/schema\/logo\/image\/\",\"url\":\"https:\/\/www.nexoinformativo.mx\/wp-content\/uploads\/2024\/07\/nexoi-trasparente-2.png\",\"contentUrl\":\"https:\/\/www.nexoinformativo.mx\/wp-content\/uploads\/2024\/07\/nexoi-trasparente-2.png\",\"width\":816,\"height\":339,\"caption\":\"Nexo Informativo Santiago de Quer\u00e9taro\"},\"image\":{\"@id\":\"https:\/\/www.nexoinformativo.mx\/#\/schema\/logo\/image\/\"},\"sameAs\":[\"https:\/\/www.facebook.com\/people\/Nexo-Informativo\/61564066885511\/\"]},{\"@type\":\"Person\",\"@id\":\"https:\/\/www.nexoinformativo.mx\/#\/schema\/person\/7749d380ba08c8ca00d7bc76fd907b7d\",\"name\":\"Nexo Informativo\",\"image\":{\"@type\":\"ImageObject\",\"inLanguage\":\"es\",\"@id\":\"https:\/\/www.nexoinformativo.mx\/#\/schema\/person\/image\/\",\"url\":\"https:\/\/secure.gravatar.com\/avatar\/dde2928154642a13d95f87ddf1ea9718fe2b46760a005c53e41ff5ad610704e6?s=96&d=mm&r=g\",\"contentUrl\":\"https:\/\/secure.gravatar.com\/avatar\/dde2928154642a13d95f87ddf1ea9718fe2b46760a005c53e41ff5ad610704e6?s=96&d=mm&r=g\",\"caption\":\"Nexo Informativo\"},\"url\":\"https:\/\/www.nexoinformativo.mx\/index.php\/author\/edicion\/\"}]}<\/script>\n<!-- \/ Yoast SEO plugin. -->","yoast_head_json":{"title":"Ataque violento con machetes y armas de fuego en Hacienda La Cruz, El Marqu\u00e9s | Nexo Informativo Santiago de Quer\u00e9taro","description":"Ataque violento con machetes y armas de fuego en Hacienda La Cruz, El Marqu\u00e9s","robots":{"index":"index","follow":"follow","max-snippet":"max-snippet:-1","max-image-preview":"max-image-preview:large","max-video-preview":"max-video-preview:-1"},"canonical":"https:\/\/www.nexoinformativo.mx\/index.php\/2024\/10\/22\/ataque-violento-con-machetes-y-armas-de-fuego-en-hacienda-la-cruz-el-marques\/","og_locale":"es_MX","og_type":"article","og_title":"Ataque violento con machetes y armas de fuego en Hacienda La Cruz, El Marqu\u00e9s | Nexo Informativo Santiago de Quer\u00e9taro","og_description":"Ataque violento con machetes y armas de fuego en Hacienda La Cruz, El Marqu\u00e9s","og_url":"https:\/\/www.nexoinformativo.mx\/index.php\/2024\/10\/22\/ataque-violento-con-machetes-y-armas-de-fuego-en-hacienda-la-cruz-el-marques\/","og_site_name":"Nexo Informativo Santiago de Quer\u00e9taro","article_publisher":"https:\/\/www.facebook.com\/people\/Nexo-Informativo\/61564066885511\/","article_published_time":"2024-10-22T23:30:10+00:00","article_modified_time":"2024-10-23T02:18:57+00:00","og_image":[{"width":800,"height":481,"url":"https:\/\/www.nexoinformativo.mx\/wp-content\/uploads\/2024\/10\/PHOTO-2024-10-22-17-34-05-e1729643573553.jpg","type":"image\/jpeg"}],"author":"Nexo Informativo","twitter_card":"summary_large_image","twitter_misc":{"Escrito por":"Nexo Informativo","Tiempo de lectura":"2 minutos"},"schema":{"@context":"https:\/\/schema.org","@graph":[{"@type":"Article","@id":"https:\/\/www.nexoinformativo.mx\/index.php\/2024\/10\/22\/ataque-violento-con-machetes-y-armas-de-fuego-en-hacienda-la-cruz-el-marques\/#article","isPartOf":{"@id":"https:\/\/www.nexoinformativo.mx\/index.php\/2024\/10\/22\/ataque-violento-con-machetes-y-armas-de-fuego-en-hacienda-la-cruz-el-marques\/"},"author":{"name":"Nexo Informativo","@id":"https:\/\/www.nexoinformativo.mx\/#\/schema\/person\/7749d380ba08c8ca00d7bc76fd907b7d"},"headline":"Ataque violento con machetes y armas de fuego en Hacienda La Cruz, El Marqu\u00e9s","datePublished":"2024-10-22T23:30:10+00:00","dateModified":"2024-10-23T02:18:57+00:00","mainEntityOfPage":{"@id":"https:\/\/www.nexoinformativo.mx\/index.php\/2024\/10\/22\/ataque-violento-con-machetes-y-armas-de-fuego-en-hacienda-la-cruz-el-marques\/"},"wordCount":226,"commentCount":0,"publisher":{"@id":"https:\/\/www.nexoinformativo.mx\/#organization"},"image":{"@id":"https:\/\/www.nexoinformativo.mx\/index.php\/2024\/10\/22\/ataque-violento-con-machetes-y-armas-de-fuego-en-hacienda-la-cruz-el-marques\/#primaryimage"},"thumbnailUrl":"https:\/\/www.nexoinformativo.mx\/wp-content\/uploads\/2024\/10\/PHOTO-2024-10-22-17-34-05-e1729643573553.jpg","keywords":["AtaqueArmado","elmarques","HaciendaLaCruz","Quer\u00e9taro"],"articleSection":["Sucesos","\u00daltima Hora"],"inLanguage":"es","potentialAction":[{"@type":"CommentAction","name":"Comment","target":["https:\/\/www.nexoinformativo.mx\/index.php\/2024\/10\/22\/ataque-violento-con-machetes-y-armas-de-fuego-en-hacienda-la-cruz-el-marques\/#respond"]}]},{"@type":"WebPage","@id":"https:\/\/www.nexoinformativo.mx\/index.php\/2024\/10\/22\/ataque-violento-con-machetes-y-armas-de-fuego-en-hacienda-la-cruz-el-marques\/","url":"https:\/\/www.nexoinformativo.mx\/index.php\/2024\/10\/22\/ataque-violento-con-machetes-y-armas-de-fuego-en-hacienda-la-cruz-el-marques\/","name":"Ataque violento con machetes y armas de fuego en Hacienda La Cruz, El Marqu\u00e9s | Nexo Informativo Santiago de Quer\u00e9taro","isPartOf":{"@id":"https:\/\/www.nexoinformativo.mx\/#website"},"primaryImageOfPage":{"@id":"https:\/\/www.nexoinformativo.mx\/index.php\/2024\/10\/22\/ataque-violento-con-machetes-y-armas-de-fuego-en-hacienda-la-cruz-el-marques\/#primaryimage"},"image":{"@id":"https:\/\/www.nexoinformativo.mx\/index.php\/2024\/10\/22\/ataque-violento-con-machetes-y-armas-de-fuego-en-hacienda-la-cruz-el-marques\/#primaryimage"},"thumbnailUrl":"https:\/\/www.nexoinformativo.mx\/wp-content\/uploads\/2024\/10\/PHOTO-2024-10-22-17-34-05-e1729643573553.jpg","datePublished":"2024-10-22T23:30:10+00:00","dateModified":"2024-10-23T02:18:57+00:00","description":"Ataque violento con machetes y armas de fuego en Hacienda La Cruz, El Marqu\u00e9s","breadcrumb":{"@id":"https:\/\/www.nexoinformativo.mx\/index.php\/2024\/10\/22\/ataque-violento-con-machetes-y-armas-de-fuego-en-hacienda-la-cruz-el-marques\/#breadcrumb"},"inLanguage":"es","potentialAction":[{"@type":"ReadAction","target":["https:\/\/www.nexoinformativo.mx\/index.php\/2024\/10\/22\/ataque-violento-con-machetes-y-armas-de-fuego-en-hacienda-la-cruz-el-marques\/"]}]},{"@type":"ImageObject","inLanguage":"es","@id":"https:\/\/www.nexoinformativo.mx\/index.php\/2024\/10\/22\/ataque-violento-con-machetes-y-armas-de-fuego-en-hacienda-la-cruz-el-marques\/#primaryimage","url":"https:\/\/www.nexoinformativo.mx\/wp-content\/uploads\/2024\/10\/PHOTO-2024-10-22-17-34-05-e1729643573553.jpg","contentUrl":"https:\/\/www.nexoinformativo.mx\/wp-content\/uploads\/2024\/10\/PHOTO-2024-10-22-17-34-05-e1729643573553.jpg","width":800,"height":481},{"@type":"BreadcrumbList","@id":"https:\/\/www.nexoinformativo.mx\/index.php\/2024\/10\/22\/ataque-violento-con-machetes-y-armas-de-fuego-en-hacienda-la-cruz-el-marques\/#breadcrumb","itemListElement":[{"@type":"ListItem","position":1,"name":"Inicio","item":"https:\/\/www.nexoinformativo.mx\/"},{"@type":"ListItem","position":2,"name":"Ataque violento con machetes y armas de fuego en Hacienda La Cruz, El Marqu\u00e9s"}]},{"@type":"WebSite","@id":"https:\/\/www.nexoinformativo.mx\/#website","url":"https:\/\/www.nexoinformativo.mx\/","name":"Nexo Informativo Santiago de Quer\u00e9taro","description":"Explora NexoInformativo y convi\u00e9rtete en parte de una comunidad que valora el conocimiento y la verdad. Tu nexoinformativo es tu puente hacia una comprensi\u00f3n m\u00e1s profunda del mundo que te rodea.","publisher":{"@id":"https:\/\/www.nexoinformativo.mx\/#organization"},"potentialAction":[{"@type":"SearchAction","target":{"@type":"EntryPoint","urlTemplate":"https:\/\/www.nexoinformativo.mx\/?s={search_term_string}"},"query-input":{"@type":"PropertyValueSpecification","valueRequired":true,"valueName":"search_term_string"}}],"inLanguage":"es"},{"@type":"Organization","@id":"https:\/\/www.nexoinformativo.mx\/#organization","name":"Nexo Informativo Santiago de Quer\u00e9taro","url":"https:\/\/www.nexoinformativo.mx\/","logo":{"@type":"ImageObject","inLanguage":"es","@id":"https:\/\/www.nexoinformativo.mx\/#\/schema\/logo\/image\/","url":"https:\/\/www.nexoinformativo.mx\/wp-content\/uploads\/2024\/07\/nexoi-trasparente-2.png","contentUrl":"https:\/\/www.nexoinformativo.mx\/wp-content\/uploads\/2024\/07\/nexoi-trasparente-2.png","width":816,"height":339,"caption":"Nexo Informativo Santiago de Quer\u00e9taro"},"image":{"@id":"https:\/\/www.nexoinformativo.mx\/#\/schema\/logo\/image\/"},"sameAs":["https:\/\/www.facebook.com\/people\/Nexo-Informativo\/61564066885511\/"]},{"@type":"Person","@id":"https:\/\/www.nexoinformativo.mx\/#\/schema\/person\/7749d380ba08c8ca00d7bc76fd907b7d","name":"Nexo Informativo","image":{"@type":"ImageObject","inLanguage":"es","@id":"https:\/\/www.nexoinformativo.mx\/#\/schema\/person\/image\/","url":"https:\/\/secure.gravatar.com\/avatar\/dde2928154642a13d95f87ddf1ea9718fe2b46760a005c53e41ff5ad610704e6?s=96&d=mm&r=g","contentUrl":"https:\/\/secure.gravatar.com\/avatar\/dde2928154642a13d95f87ddf1ea9718fe2b46760a005c53e41ff5ad610704e6?s=96&d=mm&r=g","caption":"Nexo Informativo"},"url":"https:\/\/www.nexoinformativo.mx\/index.php\/author\/edicion\/"}]}},"_links":{"self":[{"href":"https:\/\/www.nexoinformativo.mx\/index.php\/wp-json\/wp\/v2\/posts\/4201","targetHints":{"allow":["GET"]}}],"collection":[{"href":"https:\/\/www.nexoinformativo.mx\/index.php\/wp-json\/wp\/v2\/posts"}],"about":[{"href":"https:\/\/www.nexoinformativo.mx\/index.php\/wp-json\/wp\/v2\/types\/post"}],"author":[{"embeddable":true,"href":"https:\/\/www.nexoinformativo.mx\/index.php\/wp-json\/wp\/v2\/users\/3"}],"replies":[{"embeddable":true,"href":"https:\/\/www.nexoinformativo.mx\/index.php\/wp-json\/wp\/v2\/comments?post=4201"}],"version-history":[{"count":5,"href":"https:\/\/www.nexoinformativo.mx\/index.php\/wp-json\/wp\/v2\/posts\/4201\/revisions"}],"predecessor-version":[{"id":4208,"href":"https:\/\/www.nexoinformativo.mx\/index.php\/wp-json\/wp\/v2\/posts\/4201\/revisions\/4208"}],"wp:featuredmedia":[{"embeddable":true,"href":"https:\/\/www.nexoinformativo.mx\/index.php\/wp-json\/wp\/v2\/media\/4202"}],"wp:attachment":[{"href":"https:\/\/www.nexoinformativo.mx\/index.php\/wp-json\/wp\/v2\/media?parent=4201"}],"wp:term":[{"taxonomy":"category","embeddable":true,"href":"https:\/\/www.nexoinformativo.mx\/index.php\/wp-json\/wp\/v2\/categories?post=4201"},{"taxonomy":"post_tag","embeddable":true,"href":"https:\/\/www.nexoinformativo.mx\/index.php\/wp-json\/wp\/v2\/tags?post=4201"}],"curies":[{"name":"wp","href":"https:\/\/api.w.org\/{rel}","templated":true}]}}