{"id":4211,"date":"2024-10-22T19:00:01","date_gmt":"2024-10-23T01:00:01","guid":{"rendered":"https:\/\/www.nexoinformativo.mx\/?p=4211"},"modified":"2024-10-22T20:36:34","modified_gmt":"2024-10-23T02:36:34","slug":"diego-n-vinculado-a-proceso-por-el-feminicidio-de-mariana-pichir","status":"publish","type":"post","link":"https:\/\/www.nexoinformativo.mx\/index.php\/2024\/10\/22\/diego-n-vinculado-a-proceso-por-el-feminicidio-de-mariana-pichir\/","title":{"rendered":"Diego &#8220;N&#8221; Vinculado a proceso por el feminicidio de Mariana Pichir"},"content":{"rendered":"<p style=\"text-align: justify;\">Esta tarde, Diego &#8220;N&#8221; fue vinculado a proceso por el feminicidio de Mariana Pichir, ocurrido el 26 de abril de 2023. La decisi\u00f3n fue tomada tras una audiencia que se prolong\u00f3 por m\u00e1s de cuatro horas, en la que la juez de control impuso la medida cautelar de prisi\u00f3n preventiva justificada.<\/p>\n<p>&nbsp;<\/p>\n<p style=\"text-align: justify;\">Adem\u00e1s, otorg\u00f3 un plazo de cuatro meses para la investigaci\u00f3n complementaria del caso. Durante la audiencia, la defensa de Diego &#8220;N&#8221; intent\u00f3 desacreditar las pruebas presentadas por la Fiscal\u00eda, alegando que Teresa &#8220;N&#8221;, quien es considerada la autora material del asesinato, incrimin\u00f3 a Diego &#8220;N&#8221; bajo coacci\u00f3n y tortura por parte de las autoridades penitenciarias.<\/p>\n<p>&nbsp;<\/p>\n<p style=\"text-align: justify;\">Seg\u00fan la defensa, Teresa &#8220;N&#8221; habr\u00eda hecho estas declaraciones con el fin de reducir su propia sentencia a 13 a\u00f1os de prisi\u00f3n mediante un acuerdo con la Fiscal\u00eda General del Estado. Sin embargo, la juez desestim\u00f3 estos argumentos al detectar inconsistencias en las declaraciones y pruebas presentadas por la defensa.<\/p>\n<p>&nbsp;<\/p>\n<p style=\"text-align: justify;\">Antes de la audiencia, la defensa tambi\u00e9n corrigi\u00f3 un comunicado de la Fiscal\u00eda General del Estado (FGE), que afirmaba incorrectamente que Diego &#8220;N&#8221; hab\u00eda sido detenido en Brasil. En realidad, se aclar\u00f3 que \u00e9l decidi\u00f3 regresar voluntariamente a M\u00e9xico y fue detenido al llegar al Aeropuerto Internacional de la Ciudad de M\u00e9xico por elementos de la FGR, siendo posteriormente trasladado a Quer\u00e9taro.<\/p>\n<p>&nbsp;<\/p>\n<p style=\"text-align: justify;\">La juez determin\u00f3 que la prisi\u00f3n preventiva deb\u00eda mantenerse debido al riesgo de fuga del acusado, considerando que ya hab\u00eda intentado salir del pa\u00eds en una ocasi\u00f3n anterior. La audiencia continuar\u00e1 el 24 de febrero de 2025, cuando se espera que se presenten m\u00e1s elementos de prueba en este caso.<\/p>\n<p>&nbsp;<\/p>\n<p style=\"text-align: center;\"><em><strong>\u00a1Informaci\u00f3n que transforma!<\/strong><\/em><\/p>\n","protected":false},"excerpt":{"rendered":"<p>Esta tarde, Diego &#8220;N&#8221; fue vinculado a proceso por el feminicidio de Mariana Pichir, ocurrido el 26 de abril de 2023.<\/p>\n","protected":false},"author":3,"featured_media":4212,"comment_status":"open","ping_status":"open","sticky":false,"template":"","format":"standard","meta":{"footnotes":""},"categories":[42,137,58],"tags":[1563,813,1562,133],"class_list":["post-4211","post","type-post","status-publish","format-standard","has-post-thumbnail","hentry","category-estado","category-sucesos","category-ultima-hora","tag-diegon","tag-feminicidio","tag-justiciaparamariana","tag-queretaro"],"yoast_head":"<!-- This site is optimized with the Yoast SEO plugin v25.0 - https:\/\/yoast.com\/wordpress\/plugins\/seo\/ -->\n<title>Diego &quot;N&quot; Vinculado a proceso por el feminicidio de Mariana Pichir | Nexo Informativo Santiago de Quer\u00e9taro<\/title>\n<meta name=\"description\" content=\"Diego &quot;N&quot; Vinculado a proceso por el feminicidio de Mariana Pichir\" \/>\n<meta name=\"robots\" content=\"index, follow, max-snippet:-1, max-image-preview:large, max-video-preview:-1\" \/>\n<link rel=\"canonical\" href=\"https:\/\/www.nexoinformativo.mx\/index.php\/2024\/10\/22\/diego-n-vinculado-a-proceso-por-el-feminicidio-de-mariana-pichir\/\" \/>\n<meta property=\"og:locale\" content=\"es_MX\" \/>\n<meta property=\"og:type\" content=\"article\" \/>\n<meta property=\"og:title\" content=\"Diego &quot;N&quot; Vinculado a proceso por el feminicidio de Mariana Pichir | Nexo Informativo Santiago de Quer\u00e9taro\" \/>\n<meta property=\"og:description\" content=\"Diego &quot;N&quot; Vinculado a proceso por el feminicidio de Mariana Pichir\" \/>\n<meta property=\"og:url\" content=\"https:\/\/www.nexoinformativo.mx\/index.php\/2024\/10\/22\/diego-n-vinculado-a-proceso-por-el-feminicidio-de-mariana-pichir\/\" \/>\n<meta property=\"og:site_name\" content=\"Nexo Informativo Santiago de Quer\u00e9taro\" \/>\n<meta property=\"article:publisher\" content=\"https:\/\/www.facebook.com\/people\/Nexo-Informativo\/61564066885511\/\" \/>\n<meta property=\"article:published_time\" content=\"2024-10-23T01:00:01+00:00\" \/>\n<meta property=\"article:modified_time\" content=\"2024-10-23T02:36:34+00:00\" \/>\n<meta property=\"og:image\" content=\"https:\/\/www.nexoinformativo.mx\/wp-content\/uploads\/2024\/10\/PHOTO-2024-10-22-20-03-53-e1729650680989.jpg\" \/>\n\t<meta property=\"og:image:width\" content=\"800\" \/>\n\t<meta property=\"og:image:height\" content=\"504\" \/>\n\t<meta property=\"og:image:type\" content=\"image\/jpeg\" \/>\n<meta name=\"author\" content=\"Nexo Informativo\" \/>\n<meta name=\"twitter:card\" content=\"summary_large_image\" \/>\n<meta name=\"twitter:label1\" content=\"Escrito por\" \/>\n\t<meta name=\"twitter:data1\" content=\"Nexo Informativo\" \/>\n\t<meta name=\"twitter:label2\" content=\"Tiempo de lectura\" \/>\n\t<meta name=\"twitter:data2\" content=\"2 minutos\" \/>\n<script type=\"application\/ld+json\" class=\"yoast-schema-graph\">{\"@context\":\"https:\/\/schema.org\",\"@graph\":[{\"@type\":\"Article\",\"@id\":\"https:\/\/www.nexoinformativo.mx\/index.php\/2024\/10\/22\/diego-n-vinculado-a-proceso-por-el-feminicidio-de-mariana-pichir\/#article\",\"isPartOf\":{\"@id\":\"https:\/\/www.nexoinformativo.mx\/index.php\/2024\/10\/22\/diego-n-vinculado-a-proceso-por-el-feminicidio-de-mariana-pichir\/\"},\"author\":{\"name\":\"Nexo Informativo\",\"@id\":\"https:\/\/www.nexoinformativo.mx\/#\/schema\/person\/7749d380ba08c8ca00d7bc76fd907b7d\"},\"headline\":\"Diego &#8220;N&#8221; Vinculado a proceso por el feminicidio de Mariana Pichir\",\"datePublished\":\"2024-10-23T01:00:01+00:00\",\"dateModified\":\"2024-10-23T02:36:34+00:00\",\"mainEntityOfPage\":{\"@id\":\"https:\/\/www.nexoinformativo.mx\/index.php\/2024\/10\/22\/diego-n-vinculado-a-proceso-por-el-feminicidio-de-mariana-pichir\/\"},\"wordCount\":307,\"commentCount\":0,\"publisher\":{\"@id\":\"https:\/\/www.nexoinformativo.mx\/#organization\"},\"image\":{\"@id\":\"https:\/\/www.nexoinformativo.mx\/index.php\/2024\/10\/22\/diego-n-vinculado-a-proceso-por-el-feminicidio-de-mariana-pichir\/#primaryimage\"},\"thumbnailUrl\":\"https:\/\/www.nexoinformativo.mx\/wp-content\/uploads\/2024\/10\/PHOTO-2024-10-22-20-03-53-e1729650680989.jpg\",\"keywords\":[\"DiegoN\",\"Feminicidio\",\"JusticiaParaMariana\",\"Quer\u00e9taro\"],\"articleSection\":[\"Estado\",\"Sucesos\",\"\u00daltima Hora\"],\"inLanguage\":\"es\",\"potentialAction\":[{\"@type\":\"CommentAction\",\"name\":\"Comment\",\"target\":[\"https:\/\/www.nexoinformativo.mx\/index.php\/2024\/10\/22\/diego-n-vinculado-a-proceso-por-el-feminicidio-de-mariana-pichir\/#respond\"]}]},{\"@type\":\"WebPage\",\"@id\":\"https:\/\/www.nexoinformativo.mx\/index.php\/2024\/10\/22\/diego-n-vinculado-a-proceso-por-el-feminicidio-de-mariana-pichir\/\",\"url\":\"https:\/\/www.nexoinformativo.mx\/index.php\/2024\/10\/22\/diego-n-vinculado-a-proceso-por-el-feminicidio-de-mariana-pichir\/\",\"name\":\"Diego \\\"N\\\" Vinculado a proceso por el feminicidio de Mariana Pichir | Nexo Informativo Santiago de Quer\u00e9taro\",\"isPartOf\":{\"@id\":\"https:\/\/www.nexoinformativo.mx\/#website\"},\"primaryImageOfPage\":{\"@id\":\"https:\/\/www.nexoinformativo.mx\/index.php\/2024\/10\/22\/diego-n-vinculado-a-proceso-por-el-feminicidio-de-mariana-pichir\/#primaryimage\"},\"image\":{\"@id\":\"https:\/\/www.nexoinformativo.mx\/index.php\/2024\/10\/22\/diego-n-vinculado-a-proceso-por-el-feminicidio-de-mariana-pichir\/#primaryimage\"},\"thumbnailUrl\":\"https:\/\/www.nexoinformativo.mx\/wp-content\/uploads\/2024\/10\/PHOTO-2024-10-22-20-03-53-e1729650680989.jpg\",\"datePublished\":\"2024-10-23T01:00:01+00:00\",\"dateModified\":\"2024-10-23T02:36:34+00:00\",\"description\":\"Diego \\\"N\\\" Vinculado a proceso por el feminicidio de Mariana Pichir\",\"breadcrumb\":{\"@id\":\"https:\/\/www.nexoinformativo.mx\/index.php\/2024\/10\/22\/diego-n-vinculado-a-proceso-por-el-feminicidio-de-mariana-pichir\/#breadcrumb\"},\"inLanguage\":\"es\",\"potentialAction\":[{\"@type\":\"ReadAction\",\"target\":[\"https:\/\/www.nexoinformativo.mx\/index.php\/2024\/10\/22\/diego-n-vinculado-a-proceso-por-el-feminicidio-de-mariana-pichir\/\"]}]},{\"@type\":\"ImageObject\",\"inLanguage\":\"es\",\"@id\":\"https:\/\/www.nexoinformativo.mx\/index.php\/2024\/10\/22\/diego-n-vinculado-a-proceso-por-el-feminicidio-de-mariana-pichir\/#primaryimage\",\"url\":\"https:\/\/www.nexoinformativo.mx\/wp-content\/uploads\/2024\/10\/PHOTO-2024-10-22-20-03-53-e1729650680989.jpg\",\"contentUrl\":\"https:\/\/www.nexoinformativo.mx\/wp-content\/uploads\/2024\/10\/PHOTO-2024-10-22-20-03-53-e1729650680989.jpg\",\"width\":800,\"height\":504},{\"@type\":\"BreadcrumbList\",\"@id\":\"https:\/\/www.nexoinformativo.mx\/index.php\/2024\/10\/22\/diego-n-vinculado-a-proceso-por-el-feminicidio-de-mariana-pichir\/#breadcrumb\",\"itemListElement\":[{\"@type\":\"ListItem\",\"position\":1,\"name\":\"Inicio\",\"item\":\"https:\/\/www.nexoinformativo.mx\/\"},{\"@type\":\"ListItem\",\"position\":2,\"name\":\"Diego &#8220;N&#8221; Vinculado a proceso por el feminicidio de Mariana Pichir\"}]},{\"@type\":\"WebSite\",\"@id\":\"https:\/\/www.nexoinformativo.mx\/#website\",\"url\":\"https:\/\/www.nexoinformativo.mx\/\",\"name\":\"Nexo Informativo Santiago de Quer\u00e9taro\",\"description\":\"Explora NexoInformativo y convi\u00e9rtete en parte de una comunidad que valora el conocimiento y la verdad. Tu nexoinformativo es tu puente hacia una comprensi\u00f3n m\u00e1s profunda del mundo que te rodea.\",\"publisher\":{\"@id\":\"https:\/\/www.nexoinformativo.mx\/#organization\"},\"potentialAction\":[{\"@type\":\"SearchAction\",\"target\":{\"@type\":\"EntryPoint\",\"urlTemplate\":\"https:\/\/www.nexoinformativo.mx\/?s={search_term_string}\"},\"query-input\":{\"@type\":\"PropertyValueSpecification\",\"valueRequired\":true,\"valueName\":\"search_term_string\"}}],\"inLanguage\":\"es\"},{\"@type\":\"Organization\",\"@id\":\"https:\/\/www.nexoinformativo.mx\/#organization\",\"name\":\"Nexo Informativo Santiago de Quer\u00e9taro\",\"url\":\"https:\/\/www.nexoinformativo.mx\/\",\"logo\":{\"@type\":\"ImageObject\",\"inLanguage\":\"es\",\"@id\":\"https:\/\/www.nexoinformativo.mx\/#\/schema\/logo\/image\/\",\"url\":\"https:\/\/www.nexoinformativo.mx\/wp-content\/uploads\/2024\/07\/nexoi-trasparente-2.png\",\"contentUrl\":\"https:\/\/www.nexoinformativo.mx\/wp-content\/uploads\/2024\/07\/nexoi-trasparente-2.png\",\"width\":816,\"height\":339,\"caption\":\"Nexo Informativo Santiago de Quer\u00e9taro\"},\"image\":{\"@id\":\"https:\/\/www.nexoinformativo.mx\/#\/schema\/logo\/image\/\"},\"sameAs\":[\"https:\/\/www.facebook.com\/people\/Nexo-Informativo\/61564066885511\/\"]},{\"@type\":\"Person\",\"@id\":\"https:\/\/www.nexoinformativo.mx\/#\/schema\/person\/7749d380ba08c8ca00d7bc76fd907b7d\",\"name\":\"Nexo Informativo\",\"image\":{\"@type\":\"ImageObject\",\"inLanguage\":\"es\",\"@id\":\"https:\/\/www.nexoinformativo.mx\/#\/schema\/person\/image\/\",\"url\":\"https:\/\/secure.gravatar.com\/avatar\/dde2928154642a13d95f87ddf1ea9718fe2b46760a005c53e41ff5ad610704e6?s=96&d=mm&r=g\",\"contentUrl\":\"https:\/\/secure.gravatar.com\/avatar\/dde2928154642a13d95f87ddf1ea9718fe2b46760a005c53e41ff5ad610704e6?s=96&d=mm&r=g\",\"caption\":\"Nexo Informativo\"},\"url\":\"https:\/\/www.nexoinformativo.mx\/index.php\/author\/edicion\/\"}]}<\/script>\n<!-- \/ Yoast SEO plugin. -->","yoast_head_json":{"title":"Diego \"N\" Vinculado a proceso por el feminicidio de Mariana Pichir | Nexo Informativo Santiago de Quer\u00e9taro","description":"Diego \"N\" Vinculado a proceso por el feminicidio de Mariana Pichir","robots":{"index":"index","follow":"follow","max-snippet":"max-snippet:-1","max-image-preview":"max-image-preview:large","max-video-preview":"max-video-preview:-1"},"canonical":"https:\/\/www.nexoinformativo.mx\/index.php\/2024\/10\/22\/diego-n-vinculado-a-proceso-por-el-feminicidio-de-mariana-pichir\/","og_locale":"es_MX","og_type":"article","og_title":"Diego \"N\" Vinculado a proceso por el feminicidio de Mariana Pichir | Nexo Informativo Santiago de Quer\u00e9taro","og_description":"Diego \"N\" Vinculado a proceso por el feminicidio de Mariana Pichir","og_url":"https:\/\/www.nexoinformativo.mx\/index.php\/2024\/10\/22\/diego-n-vinculado-a-proceso-por-el-feminicidio-de-mariana-pichir\/","og_site_name":"Nexo Informativo Santiago de Quer\u00e9taro","article_publisher":"https:\/\/www.facebook.com\/people\/Nexo-Informativo\/61564066885511\/","article_published_time":"2024-10-23T01:00:01+00:00","article_modified_time":"2024-10-23T02:36:34+00:00","og_image":[{"width":800,"height":504,"url":"https:\/\/www.nexoinformativo.mx\/wp-content\/uploads\/2024\/10\/PHOTO-2024-10-22-20-03-53-e1729650680989.jpg","type":"image\/jpeg"}],"author":"Nexo Informativo","twitter_card":"summary_large_image","twitter_misc":{"Escrito por":"Nexo Informativo","Tiempo de lectura":"2 minutos"},"schema":{"@context":"https:\/\/schema.org","@graph":[{"@type":"Article","@id":"https:\/\/www.nexoinformativo.mx\/index.php\/2024\/10\/22\/diego-n-vinculado-a-proceso-por-el-feminicidio-de-mariana-pichir\/#article","isPartOf":{"@id":"https:\/\/www.nexoinformativo.mx\/index.php\/2024\/10\/22\/diego-n-vinculado-a-proceso-por-el-feminicidio-de-mariana-pichir\/"},"author":{"name":"Nexo Informativo","@id":"https:\/\/www.nexoinformativo.mx\/#\/schema\/person\/7749d380ba08c8ca00d7bc76fd907b7d"},"headline":"Diego &#8220;N&#8221; Vinculado a proceso por el feminicidio de Mariana Pichir","datePublished":"2024-10-23T01:00:01+00:00","dateModified":"2024-10-23T02:36:34+00:00","mainEntityOfPage":{"@id":"https:\/\/www.nexoinformativo.mx\/index.php\/2024\/10\/22\/diego-n-vinculado-a-proceso-por-el-feminicidio-de-mariana-pichir\/"},"wordCount":307,"commentCount":0,"publisher":{"@id":"https:\/\/www.nexoinformativo.mx\/#organization"},"image":{"@id":"https:\/\/www.nexoinformativo.mx\/index.php\/2024\/10\/22\/diego-n-vinculado-a-proceso-por-el-feminicidio-de-mariana-pichir\/#primaryimage"},"thumbnailUrl":"https:\/\/www.nexoinformativo.mx\/wp-content\/uploads\/2024\/10\/PHOTO-2024-10-22-20-03-53-e1729650680989.jpg","keywords":["DiegoN","Feminicidio","JusticiaParaMariana","Quer\u00e9taro"],"articleSection":["Estado","Sucesos","\u00daltima Hora"],"inLanguage":"es","potentialAction":[{"@type":"CommentAction","name":"Comment","target":["https:\/\/www.nexoinformativo.mx\/index.php\/2024\/10\/22\/diego-n-vinculado-a-proceso-por-el-feminicidio-de-mariana-pichir\/#respond"]}]},{"@type":"WebPage","@id":"https:\/\/www.nexoinformativo.mx\/index.php\/2024\/10\/22\/diego-n-vinculado-a-proceso-por-el-feminicidio-de-mariana-pichir\/","url":"https:\/\/www.nexoinformativo.mx\/index.php\/2024\/10\/22\/diego-n-vinculado-a-proceso-por-el-feminicidio-de-mariana-pichir\/","name":"Diego \"N\" Vinculado a proceso por el feminicidio de Mariana Pichir | Nexo Informativo Santiago de Quer\u00e9taro","isPartOf":{"@id":"https:\/\/www.nexoinformativo.mx\/#website"},"primaryImageOfPage":{"@id":"https:\/\/www.nexoinformativo.mx\/index.php\/2024\/10\/22\/diego-n-vinculado-a-proceso-por-el-feminicidio-de-mariana-pichir\/#primaryimage"},"image":{"@id":"https:\/\/www.nexoinformativo.mx\/index.php\/2024\/10\/22\/diego-n-vinculado-a-proceso-por-el-feminicidio-de-mariana-pichir\/#primaryimage"},"thumbnailUrl":"https:\/\/www.nexoinformativo.mx\/wp-content\/uploads\/2024\/10\/PHOTO-2024-10-22-20-03-53-e1729650680989.jpg","datePublished":"2024-10-23T01:00:01+00:00","dateModified":"2024-10-23T02:36:34+00:00","description":"Diego \"N\" Vinculado a proceso por el feminicidio de Mariana Pichir","breadcrumb":{"@id":"https:\/\/www.nexoinformativo.mx\/index.php\/2024\/10\/22\/diego-n-vinculado-a-proceso-por-el-feminicidio-de-mariana-pichir\/#breadcrumb"},"inLanguage":"es","potentialAction":[{"@type":"ReadAction","target":["https:\/\/www.nexoinformativo.mx\/index.php\/2024\/10\/22\/diego-n-vinculado-a-proceso-por-el-feminicidio-de-mariana-pichir\/"]}]},{"@type":"ImageObject","inLanguage":"es","@id":"https:\/\/www.nexoinformativo.mx\/index.php\/2024\/10\/22\/diego-n-vinculado-a-proceso-por-el-feminicidio-de-mariana-pichir\/#primaryimage","url":"https:\/\/www.nexoinformativo.mx\/wp-content\/uploads\/2024\/10\/PHOTO-2024-10-22-20-03-53-e1729650680989.jpg","contentUrl":"https:\/\/www.nexoinformativo.mx\/wp-content\/uploads\/2024\/10\/PHOTO-2024-10-22-20-03-53-e1729650680989.jpg","width":800,"height":504},{"@type":"BreadcrumbList","@id":"https:\/\/www.nexoinformativo.mx\/index.php\/2024\/10\/22\/diego-n-vinculado-a-proceso-por-el-feminicidio-de-mariana-pichir\/#breadcrumb","itemListElement":[{"@type":"ListItem","position":1,"name":"Inicio","item":"https:\/\/www.nexoinformativo.mx\/"},{"@type":"ListItem","position":2,"name":"Diego &#8220;N&#8221; Vinculado a proceso por el feminicidio de Mariana Pichir"}]},{"@type":"WebSite","@id":"https:\/\/www.nexoinformativo.mx\/#website","url":"https:\/\/www.nexoinformativo.mx\/","name":"Nexo Informativo Santiago de Quer\u00e9taro","description":"Explora NexoInformativo y convi\u00e9rtete en parte de una comunidad que valora el conocimiento y la verdad. Tu nexoinformativo es tu puente hacia una comprensi\u00f3n m\u00e1s profunda del mundo que te rodea.","publisher":{"@id":"https:\/\/www.nexoinformativo.mx\/#organization"},"potentialAction":[{"@type":"SearchAction","target":{"@type":"EntryPoint","urlTemplate":"https:\/\/www.nexoinformativo.mx\/?s={search_term_string}"},"query-input":{"@type":"PropertyValueSpecification","valueRequired":true,"valueName":"search_term_string"}}],"inLanguage":"es"},{"@type":"Organization","@id":"https:\/\/www.nexoinformativo.mx\/#organization","name":"Nexo Informativo Santiago de Quer\u00e9taro","url":"https:\/\/www.nexoinformativo.mx\/","logo":{"@type":"ImageObject","inLanguage":"es","@id":"https:\/\/www.nexoinformativo.mx\/#\/schema\/logo\/image\/","url":"https:\/\/www.nexoinformativo.mx\/wp-content\/uploads\/2024\/07\/nexoi-trasparente-2.png","contentUrl":"https:\/\/www.nexoinformativo.mx\/wp-content\/uploads\/2024\/07\/nexoi-trasparente-2.png","width":816,"height":339,"caption":"Nexo Informativo Santiago de Quer\u00e9taro"},"image":{"@id":"https:\/\/www.nexoinformativo.mx\/#\/schema\/logo\/image\/"},"sameAs":["https:\/\/www.facebook.com\/people\/Nexo-Informativo\/61564066885511\/"]},{"@type":"Person","@id":"https:\/\/www.nexoinformativo.mx\/#\/schema\/person\/7749d380ba08c8ca00d7bc76fd907b7d","name":"Nexo Informativo","image":{"@type":"ImageObject","inLanguage":"es","@id":"https:\/\/www.nexoinformativo.mx\/#\/schema\/person\/image\/","url":"https:\/\/secure.gravatar.com\/avatar\/dde2928154642a13d95f87ddf1ea9718fe2b46760a005c53e41ff5ad610704e6?s=96&d=mm&r=g","contentUrl":"https:\/\/secure.gravatar.com\/avatar\/dde2928154642a13d95f87ddf1ea9718fe2b46760a005c53e41ff5ad610704e6?s=96&d=mm&r=g","caption":"Nexo Informativo"},"url":"https:\/\/www.nexoinformativo.mx\/index.php\/author\/edicion\/"}]}},"_links":{"self":[{"href":"https:\/\/www.nexoinformativo.mx\/index.php\/wp-json\/wp\/v2\/posts\/4211","targetHints":{"allow":["GET"]}}],"collection":[{"href":"https:\/\/www.nexoinformativo.mx\/index.php\/wp-json\/wp\/v2\/posts"}],"about":[{"href":"https:\/\/www.nexoinformativo.mx\/index.php\/wp-json\/wp\/v2\/types\/post"}],"author":[{"embeddable":true,"href":"https:\/\/www.nexoinformativo.mx\/index.php\/wp-json\/wp\/v2\/users\/3"}],"replies":[{"embeddable":true,"href":"https:\/\/www.nexoinformativo.mx\/index.php\/wp-json\/wp\/v2\/comments?post=4211"}],"version-history":[{"count":6,"href":"https:\/\/www.nexoinformativo.mx\/index.php\/wp-json\/wp\/v2\/posts\/4211\/revisions"}],"predecessor-version":[{"id":4216,"href":"https:\/\/www.nexoinformativo.mx\/index.php\/wp-json\/wp\/v2\/posts\/4211\/revisions\/4216"}],"wp:featuredmedia":[{"embeddable":true,"href":"https:\/\/www.nexoinformativo.mx\/index.php\/wp-json\/wp\/v2\/media\/4212"}],"wp:attachment":[{"href":"https:\/\/www.nexoinformativo.mx\/index.php\/wp-json\/wp\/v2\/media?parent=4211"}],"wp:term":[{"taxonomy":"category","embeddable":true,"href":"https:\/\/www.nexoinformativo.mx\/index.php\/wp-json\/wp\/v2\/categories?post=4211"},{"taxonomy":"post_tag","embeddable":true,"href":"https:\/\/www.nexoinformativo.mx\/index.php\/wp-json\/wp\/v2\/tags?post=4211"}],"curies":[{"name":"wp","href":"https:\/\/api.w.org\/{rel}","templated":true}]}}