{"id":4225,"date":"2024-10-23T09:30:15","date_gmt":"2024-10-23T15:30:15","guid":{"rendered":"https:\/\/www.nexoinformativo.mx\/?p=4225"},"modified":"2024-10-23T11:29:42","modified_gmt":"2024-10-23T17:29:42","slug":"nueva-escuela-mexicana-sep-refrenda-compromiso-y-convoca-a-estados-a-seguir-avanzando","status":"publish","type":"post","link":"https:\/\/www.nexoinformativo.mx\/index.php\/2024\/10\/23\/nueva-escuela-mexicana-sep-refrenda-compromiso-y-convoca-a-estados-a-seguir-avanzando\/","title":{"rendered":"Nueva Escuela Mexicana: SEP refrenda compromiso y convoca a estados a seguir avanzando"},"content":{"rendered":"<p style=\"text-align: justify;\">En la clausura de la Primera Reuni\u00f3n Nacional Plenaria Extraordinaria del Consejo Nacional de Autoridades Educativas (Conaedu), el secretario de Educaci\u00f3n P\u00fablica, Mario Delgado Carrillo, hizo un llamado a las autoridades educativas estatales para trabajar en conjunto en la consolidaci\u00f3n de la Nueva Escuela Mexicana.<\/p>\n<p>&nbsp;<\/p>\n<p style=\"text-align: justify;\">Durante su intervenci\u00f3n, destac\u00f3 que este esfuerzo es un pilar fundamental del gobierno de la presidenta Claudia Sheinbaum Pardo, y subray\u00f3 que una reforma pedag\u00f3gica de esta magnitud no se hab\u00eda visto desde la \u00e9poca de Jaime Torres Bodet.<\/p>\n<p>&nbsp;<\/p>\n<p style=\"text-align: justify;\">Delgado Carrillo reconoci\u00f3 el trabajo de sus predecesores, como el ex secretario Esteban Moctezuma Barrag\u00e1n y las ex secretarias Delfina G\u00f3mez \u00c1lvarez y Leticia Ram\u00edrez Amaya, quienes lograron importantes avances en el \u00e1mbito educativo durante la administraci\u00f3n del presidente AMLO.<\/p>\n<p>&nbsp;<\/p>\n<p style=\"text-align: justify;\">Uno de los logros m\u00e1s destacados mencionados por el secretario fue la inversi\u00f3n de m\u00e1s de 85 mil millones de pesos en el programa &#8220;La Escuela es Nuestra&#8221; (LEN), as\u00ed como la Beca para el Bienestar Benito Ju\u00e1rez, que ha transformado la vida de muchos j\u00f3venes en el pa\u00eds.<\/p>\n<p>&nbsp;<\/p>\n<p style=\"text-align: justify;\">Tambi\u00e9n se refiri\u00f3 a las Universidades para el Bienestar \u201cBenito Ju\u00e1rez Garc\u00eda\u201d, que han brindado acceso a la educaci\u00f3n superior en comunidades con altos \u00edndices de marginaci\u00f3n. El secretario enfatiz\u00f3 la importancia del trabajo coordinado con las autoridades educativas estatales, afirmando: <strong>\u201cNo nos imaginamos trabajando sin su consejo, sin su recomendaci\u00f3n, para tener \u00e9xito\u201d<\/strong>.<\/p>\n<p>&nbsp;<\/p>\n<p style=\"text-align: justify;\">La reuni\u00f3n del Conaedu reuni\u00f3 a diversas autoridades de la Secretar\u00eda de Educaci\u00f3n P\u00fablica (SEP), quienes tambi\u00e9n participaron en el desarrollo de estrategias educativas. Con estas acciones, el gobierno mexicano busca avanzar en la implementaci\u00f3n de la Nueva Escuela Mexicana, garantizando que todos los estudiantes tengan acceso a una educaci\u00f3n de calidad.<\/p>\n<p>&nbsp;<\/p>\n<p style=\"text-align: center;\"><em><strong>\u00a1Informaci\u00f3n que transforma!<\/strong><\/em><\/p>\n","protected":false},"excerpt":{"rendered":"<p>En la clausura de la Primera Reuni\u00f3n Nacional Plenaria Extraordinaria del Consejo Nacional de Autoridades Educativas (Conaedu), el secretario de Educaci\u00f3n P\u00fablica, Mario Delgado Carrillo, hizo un llamado a las autoridades educativas estatales<\/p>\n","protected":false},"author":3,"featured_media":4226,"comment_status":"open","ping_status":"open","sticky":false,"template":"","format":"standard","meta":{"footnotes":""},"categories":[88,58],"tags":[173,1567,538,1568],"class_list":["post-4225","post","type-post","status-publish","format-standard","has-post-thumbnail","hentry","category-nacional","category-ultima-hora","tag-educacion","tag-nuevaescuelamexicana","tag-sep","tag-transformacioneducativa"],"yoast_head":"<!-- This site is optimized with the Yoast SEO plugin v25.0 - https:\/\/yoast.com\/wordpress\/plugins\/seo\/ -->\n<title>Nueva Escuela Mexicana: SEP refrenda compromiso y convoca a estados a seguir avanzando | Nexo Informativo Santiago de Quer\u00e9taro<\/title>\n<meta name=\"description\" content=\"Nueva Escuela Mexicana: SEP refrenda compromiso y convoca a estados a seguir avanzando\" \/>\n<meta name=\"robots\" content=\"index, follow, max-snippet:-1, max-image-preview:large, max-video-preview:-1\" \/>\n<link rel=\"canonical\" href=\"https:\/\/www.nexoinformativo.mx\/index.php\/2024\/10\/23\/nueva-escuela-mexicana-sep-refrenda-compromiso-y-convoca-a-estados-a-seguir-avanzando\/\" \/>\n<meta property=\"og:locale\" content=\"es_MX\" \/>\n<meta property=\"og:type\" content=\"article\" \/>\n<meta property=\"og:title\" content=\"Nueva Escuela Mexicana: SEP refrenda compromiso y convoca a estados a seguir avanzando | Nexo Informativo Santiago de Quer\u00e9taro\" \/>\n<meta property=\"og:description\" content=\"Nueva Escuela Mexicana: SEP refrenda compromiso y convoca a estados a seguir avanzando\" \/>\n<meta property=\"og:url\" content=\"https:\/\/www.nexoinformativo.mx\/index.php\/2024\/10\/23\/nueva-escuela-mexicana-sep-refrenda-compromiso-y-convoca-a-estados-a-seguir-avanzando\/\" \/>\n<meta property=\"og:site_name\" content=\"Nexo Informativo Santiago de Quer\u00e9taro\" \/>\n<meta property=\"article:publisher\" content=\"https:\/\/www.facebook.com\/people\/Nexo-Informativo\/61564066885511\/\" \/>\n<meta property=\"article:published_time\" content=\"2024-10-23T15:30:15+00:00\" \/>\n<meta property=\"article:modified_time\" content=\"2024-10-23T17:29:42+00:00\" \/>\n<meta property=\"og:image\" content=\"https:\/\/www.nexoinformativo.mx\/wp-content\/uploads\/2024\/10\/IMG_7186.jpg\" \/>\n\t<meta property=\"og:image:width\" content=\"650\" \/>\n\t<meta property=\"og:image:height\" content=\"380\" \/>\n\t<meta property=\"og:image:type\" content=\"image\/jpeg\" \/>\n<meta name=\"author\" content=\"Nexo Informativo\" \/>\n<meta name=\"twitter:card\" content=\"summary_large_image\" \/>\n<meta name=\"twitter:label1\" content=\"Escrito por\" \/>\n\t<meta name=\"twitter:data1\" content=\"Nexo Informativo\" \/>\n\t<meta name=\"twitter:label2\" content=\"Tiempo de lectura\" \/>\n\t<meta name=\"twitter:data2\" content=\"2 minutos\" \/>\n<script type=\"application\/ld+json\" class=\"yoast-schema-graph\">{\"@context\":\"https:\/\/schema.org\",\"@graph\":[{\"@type\":\"Article\",\"@id\":\"https:\/\/www.nexoinformativo.mx\/index.php\/2024\/10\/23\/nueva-escuela-mexicana-sep-refrenda-compromiso-y-convoca-a-estados-a-seguir-avanzando\/#article\",\"isPartOf\":{\"@id\":\"https:\/\/www.nexoinformativo.mx\/index.php\/2024\/10\/23\/nueva-escuela-mexicana-sep-refrenda-compromiso-y-convoca-a-estados-a-seguir-avanzando\/\"},\"author\":{\"name\":\"Nexo Informativo\",\"@id\":\"https:\/\/www.nexoinformativo.mx\/#\/schema\/person\/7749d380ba08c8ca00d7bc76fd907b7d\"},\"headline\":\"Nueva Escuela Mexicana: SEP refrenda compromiso y convoca a estados a seguir avanzando\",\"datePublished\":\"2024-10-23T15:30:15+00:00\",\"dateModified\":\"2024-10-23T17:29:42+00:00\",\"mainEntityOfPage\":{\"@id\":\"https:\/\/www.nexoinformativo.mx\/index.php\/2024\/10\/23\/nueva-escuela-mexicana-sep-refrenda-compromiso-y-convoca-a-estados-a-seguir-avanzando\/\"},\"wordCount\":331,\"commentCount\":0,\"publisher\":{\"@id\":\"https:\/\/www.nexoinformativo.mx\/#organization\"},\"image\":{\"@id\":\"https:\/\/www.nexoinformativo.mx\/index.php\/2024\/10\/23\/nueva-escuela-mexicana-sep-refrenda-compromiso-y-convoca-a-estados-a-seguir-avanzando\/#primaryimage\"},\"thumbnailUrl\":\"https:\/\/www.nexoinformativo.mx\/wp-content\/uploads\/2024\/10\/IMG_7186.jpg\",\"keywords\":[\"educacion\",\"NuevaEscuelaMexicana\",\"SEP\",\"Transformaci\u00f3nEducativa\"],\"articleSection\":[\"Nacional\",\"\u00daltima Hora\"],\"inLanguage\":\"es\",\"potentialAction\":[{\"@type\":\"CommentAction\",\"name\":\"Comment\",\"target\":[\"https:\/\/www.nexoinformativo.mx\/index.php\/2024\/10\/23\/nueva-escuela-mexicana-sep-refrenda-compromiso-y-convoca-a-estados-a-seguir-avanzando\/#respond\"]}]},{\"@type\":\"WebPage\",\"@id\":\"https:\/\/www.nexoinformativo.mx\/index.php\/2024\/10\/23\/nueva-escuela-mexicana-sep-refrenda-compromiso-y-convoca-a-estados-a-seguir-avanzando\/\",\"url\":\"https:\/\/www.nexoinformativo.mx\/index.php\/2024\/10\/23\/nueva-escuela-mexicana-sep-refrenda-compromiso-y-convoca-a-estados-a-seguir-avanzando\/\",\"name\":\"Nueva Escuela Mexicana: SEP refrenda compromiso y convoca a estados a seguir avanzando | Nexo Informativo Santiago de Quer\u00e9taro\",\"isPartOf\":{\"@id\":\"https:\/\/www.nexoinformativo.mx\/#website\"},\"primaryImageOfPage\":{\"@id\":\"https:\/\/www.nexoinformativo.mx\/index.php\/2024\/10\/23\/nueva-escuela-mexicana-sep-refrenda-compromiso-y-convoca-a-estados-a-seguir-avanzando\/#primaryimage\"},\"image\":{\"@id\":\"https:\/\/www.nexoinformativo.mx\/index.php\/2024\/10\/23\/nueva-escuela-mexicana-sep-refrenda-compromiso-y-convoca-a-estados-a-seguir-avanzando\/#primaryimage\"},\"thumbnailUrl\":\"https:\/\/www.nexoinformativo.mx\/wp-content\/uploads\/2024\/10\/IMG_7186.jpg\",\"datePublished\":\"2024-10-23T15:30:15+00:00\",\"dateModified\":\"2024-10-23T17:29:42+00:00\",\"description\":\"Nueva Escuela Mexicana: SEP refrenda compromiso y convoca a estados a seguir avanzando\",\"breadcrumb\":{\"@id\":\"https:\/\/www.nexoinformativo.mx\/index.php\/2024\/10\/23\/nueva-escuela-mexicana-sep-refrenda-compromiso-y-convoca-a-estados-a-seguir-avanzando\/#breadcrumb\"},\"inLanguage\":\"es\",\"potentialAction\":[{\"@type\":\"ReadAction\",\"target\":[\"https:\/\/www.nexoinformativo.mx\/index.php\/2024\/10\/23\/nueva-escuela-mexicana-sep-refrenda-compromiso-y-convoca-a-estados-a-seguir-avanzando\/\"]}]},{\"@type\":\"ImageObject\",\"inLanguage\":\"es\",\"@id\":\"https:\/\/www.nexoinformativo.mx\/index.php\/2024\/10\/23\/nueva-escuela-mexicana-sep-refrenda-compromiso-y-convoca-a-estados-a-seguir-avanzando\/#primaryimage\",\"url\":\"https:\/\/www.nexoinformativo.mx\/wp-content\/uploads\/2024\/10\/IMG_7186.jpg\",\"contentUrl\":\"https:\/\/www.nexoinformativo.mx\/wp-content\/uploads\/2024\/10\/IMG_7186.jpg\",\"width\":650,\"height\":380},{\"@type\":\"BreadcrumbList\",\"@id\":\"https:\/\/www.nexoinformativo.mx\/index.php\/2024\/10\/23\/nueva-escuela-mexicana-sep-refrenda-compromiso-y-convoca-a-estados-a-seguir-avanzando\/#breadcrumb\",\"itemListElement\":[{\"@type\":\"ListItem\",\"position\":1,\"name\":\"Inicio\",\"item\":\"https:\/\/www.nexoinformativo.mx\/\"},{\"@type\":\"ListItem\",\"position\":2,\"name\":\"Nueva Escuela Mexicana: SEP refrenda compromiso y convoca a estados a seguir avanzando\"}]},{\"@type\":\"WebSite\",\"@id\":\"https:\/\/www.nexoinformativo.mx\/#website\",\"url\":\"https:\/\/www.nexoinformativo.mx\/\",\"name\":\"Nexo Informativo Santiago de Quer\u00e9taro\",\"description\":\"Explora NexoInformativo y convi\u00e9rtete en parte de una comunidad que valora el conocimiento y la verdad. Tu nexoinformativo es tu puente hacia una comprensi\u00f3n m\u00e1s profunda del mundo que te rodea.\",\"publisher\":{\"@id\":\"https:\/\/www.nexoinformativo.mx\/#organization\"},\"potentialAction\":[{\"@type\":\"SearchAction\",\"target\":{\"@type\":\"EntryPoint\",\"urlTemplate\":\"https:\/\/www.nexoinformativo.mx\/?s={search_term_string}\"},\"query-input\":{\"@type\":\"PropertyValueSpecification\",\"valueRequired\":true,\"valueName\":\"search_term_string\"}}],\"inLanguage\":\"es\"},{\"@type\":\"Organization\",\"@id\":\"https:\/\/www.nexoinformativo.mx\/#organization\",\"name\":\"Nexo Informativo Santiago de Quer\u00e9taro\",\"url\":\"https:\/\/www.nexoinformativo.mx\/\",\"logo\":{\"@type\":\"ImageObject\",\"inLanguage\":\"es\",\"@id\":\"https:\/\/www.nexoinformativo.mx\/#\/schema\/logo\/image\/\",\"url\":\"https:\/\/www.nexoinformativo.mx\/wp-content\/uploads\/2024\/07\/nexoi-trasparente-2.png\",\"contentUrl\":\"https:\/\/www.nexoinformativo.mx\/wp-content\/uploads\/2024\/07\/nexoi-trasparente-2.png\",\"width\":816,\"height\":339,\"caption\":\"Nexo Informativo Santiago de Quer\u00e9taro\"},\"image\":{\"@id\":\"https:\/\/www.nexoinformativo.mx\/#\/schema\/logo\/image\/\"},\"sameAs\":[\"https:\/\/www.facebook.com\/people\/Nexo-Informativo\/61564066885511\/\"]},{\"@type\":\"Person\",\"@id\":\"https:\/\/www.nexoinformativo.mx\/#\/schema\/person\/7749d380ba08c8ca00d7bc76fd907b7d\",\"name\":\"Nexo Informativo\",\"image\":{\"@type\":\"ImageObject\",\"inLanguage\":\"es\",\"@id\":\"https:\/\/www.nexoinformativo.mx\/#\/schema\/person\/image\/\",\"url\":\"https:\/\/secure.gravatar.com\/avatar\/dde2928154642a13d95f87ddf1ea9718fe2b46760a005c53e41ff5ad610704e6?s=96&d=mm&r=g\",\"contentUrl\":\"https:\/\/secure.gravatar.com\/avatar\/dde2928154642a13d95f87ddf1ea9718fe2b46760a005c53e41ff5ad610704e6?s=96&d=mm&r=g\",\"caption\":\"Nexo Informativo\"},\"url\":\"https:\/\/www.nexoinformativo.mx\/index.php\/author\/edicion\/\"}]}<\/script>\n<!-- \/ Yoast SEO plugin. -->","yoast_head_json":{"title":"Nueva Escuela Mexicana: SEP refrenda compromiso y convoca a estados a seguir avanzando | Nexo Informativo Santiago de Quer\u00e9taro","description":"Nueva Escuela Mexicana: SEP refrenda compromiso y convoca a estados a seguir avanzando","robots":{"index":"index","follow":"follow","max-snippet":"max-snippet:-1","max-image-preview":"max-image-preview:large","max-video-preview":"max-video-preview:-1"},"canonical":"https:\/\/www.nexoinformativo.mx\/index.php\/2024\/10\/23\/nueva-escuela-mexicana-sep-refrenda-compromiso-y-convoca-a-estados-a-seguir-avanzando\/","og_locale":"es_MX","og_type":"article","og_title":"Nueva Escuela Mexicana: SEP refrenda compromiso y convoca a estados a seguir avanzando | Nexo Informativo Santiago de Quer\u00e9taro","og_description":"Nueva Escuela Mexicana: SEP refrenda compromiso y convoca a estados a seguir avanzando","og_url":"https:\/\/www.nexoinformativo.mx\/index.php\/2024\/10\/23\/nueva-escuela-mexicana-sep-refrenda-compromiso-y-convoca-a-estados-a-seguir-avanzando\/","og_site_name":"Nexo Informativo Santiago de Quer\u00e9taro","article_publisher":"https:\/\/www.facebook.com\/people\/Nexo-Informativo\/61564066885511\/","article_published_time":"2024-10-23T15:30:15+00:00","article_modified_time":"2024-10-23T17:29:42+00:00","og_image":[{"width":650,"height":380,"url":"https:\/\/www.nexoinformativo.mx\/wp-content\/uploads\/2024\/10\/IMG_7186.jpg","type":"image\/jpeg"}],"author":"Nexo Informativo","twitter_card":"summary_large_image","twitter_misc":{"Escrito por":"Nexo Informativo","Tiempo de lectura":"2 minutos"},"schema":{"@context":"https:\/\/schema.org","@graph":[{"@type":"Article","@id":"https:\/\/www.nexoinformativo.mx\/index.php\/2024\/10\/23\/nueva-escuela-mexicana-sep-refrenda-compromiso-y-convoca-a-estados-a-seguir-avanzando\/#article","isPartOf":{"@id":"https:\/\/www.nexoinformativo.mx\/index.php\/2024\/10\/23\/nueva-escuela-mexicana-sep-refrenda-compromiso-y-convoca-a-estados-a-seguir-avanzando\/"},"author":{"name":"Nexo Informativo","@id":"https:\/\/www.nexoinformativo.mx\/#\/schema\/person\/7749d380ba08c8ca00d7bc76fd907b7d"},"headline":"Nueva Escuela Mexicana: SEP refrenda compromiso y convoca a estados a seguir avanzando","datePublished":"2024-10-23T15:30:15+00:00","dateModified":"2024-10-23T17:29:42+00:00","mainEntityOfPage":{"@id":"https:\/\/www.nexoinformativo.mx\/index.php\/2024\/10\/23\/nueva-escuela-mexicana-sep-refrenda-compromiso-y-convoca-a-estados-a-seguir-avanzando\/"},"wordCount":331,"commentCount":0,"publisher":{"@id":"https:\/\/www.nexoinformativo.mx\/#organization"},"image":{"@id":"https:\/\/www.nexoinformativo.mx\/index.php\/2024\/10\/23\/nueva-escuela-mexicana-sep-refrenda-compromiso-y-convoca-a-estados-a-seguir-avanzando\/#primaryimage"},"thumbnailUrl":"https:\/\/www.nexoinformativo.mx\/wp-content\/uploads\/2024\/10\/IMG_7186.jpg","keywords":["educacion","NuevaEscuelaMexicana","SEP","Transformaci\u00f3nEducativa"],"articleSection":["Nacional","\u00daltima Hora"],"inLanguage":"es","potentialAction":[{"@type":"CommentAction","name":"Comment","target":["https:\/\/www.nexoinformativo.mx\/index.php\/2024\/10\/23\/nueva-escuela-mexicana-sep-refrenda-compromiso-y-convoca-a-estados-a-seguir-avanzando\/#respond"]}]},{"@type":"WebPage","@id":"https:\/\/www.nexoinformativo.mx\/index.php\/2024\/10\/23\/nueva-escuela-mexicana-sep-refrenda-compromiso-y-convoca-a-estados-a-seguir-avanzando\/","url":"https:\/\/www.nexoinformativo.mx\/index.php\/2024\/10\/23\/nueva-escuela-mexicana-sep-refrenda-compromiso-y-convoca-a-estados-a-seguir-avanzando\/","name":"Nueva Escuela Mexicana: SEP refrenda compromiso y convoca a estados a seguir avanzando | Nexo Informativo Santiago de Quer\u00e9taro","isPartOf":{"@id":"https:\/\/www.nexoinformativo.mx\/#website"},"primaryImageOfPage":{"@id":"https:\/\/www.nexoinformativo.mx\/index.php\/2024\/10\/23\/nueva-escuela-mexicana-sep-refrenda-compromiso-y-convoca-a-estados-a-seguir-avanzando\/#primaryimage"},"image":{"@id":"https:\/\/www.nexoinformativo.mx\/index.php\/2024\/10\/23\/nueva-escuela-mexicana-sep-refrenda-compromiso-y-convoca-a-estados-a-seguir-avanzando\/#primaryimage"},"thumbnailUrl":"https:\/\/www.nexoinformativo.mx\/wp-content\/uploads\/2024\/10\/IMG_7186.jpg","datePublished":"2024-10-23T15:30:15+00:00","dateModified":"2024-10-23T17:29:42+00:00","description":"Nueva Escuela Mexicana: SEP refrenda compromiso y convoca a estados a seguir avanzando","breadcrumb":{"@id":"https:\/\/www.nexoinformativo.mx\/index.php\/2024\/10\/23\/nueva-escuela-mexicana-sep-refrenda-compromiso-y-convoca-a-estados-a-seguir-avanzando\/#breadcrumb"},"inLanguage":"es","potentialAction":[{"@type":"ReadAction","target":["https:\/\/www.nexoinformativo.mx\/index.php\/2024\/10\/23\/nueva-escuela-mexicana-sep-refrenda-compromiso-y-convoca-a-estados-a-seguir-avanzando\/"]}]},{"@type":"ImageObject","inLanguage":"es","@id":"https:\/\/www.nexoinformativo.mx\/index.php\/2024\/10\/23\/nueva-escuela-mexicana-sep-refrenda-compromiso-y-convoca-a-estados-a-seguir-avanzando\/#primaryimage","url":"https:\/\/www.nexoinformativo.mx\/wp-content\/uploads\/2024\/10\/IMG_7186.jpg","contentUrl":"https:\/\/www.nexoinformativo.mx\/wp-content\/uploads\/2024\/10\/IMG_7186.jpg","width":650,"height":380},{"@type":"BreadcrumbList","@id":"https:\/\/www.nexoinformativo.mx\/index.php\/2024\/10\/23\/nueva-escuela-mexicana-sep-refrenda-compromiso-y-convoca-a-estados-a-seguir-avanzando\/#breadcrumb","itemListElement":[{"@type":"ListItem","position":1,"name":"Inicio","item":"https:\/\/www.nexoinformativo.mx\/"},{"@type":"ListItem","position":2,"name":"Nueva Escuela Mexicana: SEP refrenda compromiso y convoca a estados a seguir avanzando"}]},{"@type":"WebSite","@id":"https:\/\/www.nexoinformativo.mx\/#website","url":"https:\/\/www.nexoinformativo.mx\/","name":"Nexo Informativo Santiago de Quer\u00e9taro","description":"Explora NexoInformativo y convi\u00e9rtete en parte de una comunidad que valora el conocimiento y la verdad. Tu nexoinformativo es tu puente hacia una comprensi\u00f3n m\u00e1s profunda del mundo que te rodea.","publisher":{"@id":"https:\/\/www.nexoinformativo.mx\/#organization"},"potentialAction":[{"@type":"SearchAction","target":{"@type":"EntryPoint","urlTemplate":"https:\/\/www.nexoinformativo.mx\/?s={search_term_string}"},"query-input":{"@type":"PropertyValueSpecification","valueRequired":true,"valueName":"search_term_string"}}],"inLanguage":"es"},{"@type":"Organization","@id":"https:\/\/www.nexoinformativo.mx\/#organization","name":"Nexo Informativo Santiago de Quer\u00e9taro","url":"https:\/\/www.nexoinformativo.mx\/","logo":{"@type":"ImageObject","inLanguage":"es","@id":"https:\/\/www.nexoinformativo.mx\/#\/schema\/logo\/image\/","url":"https:\/\/www.nexoinformativo.mx\/wp-content\/uploads\/2024\/07\/nexoi-trasparente-2.png","contentUrl":"https:\/\/www.nexoinformativo.mx\/wp-content\/uploads\/2024\/07\/nexoi-trasparente-2.png","width":816,"height":339,"caption":"Nexo Informativo Santiago de Quer\u00e9taro"},"image":{"@id":"https:\/\/www.nexoinformativo.mx\/#\/schema\/logo\/image\/"},"sameAs":["https:\/\/www.facebook.com\/people\/Nexo-Informativo\/61564066885511\/"]},{"@type":"Person","@id":"https:\/\/www.nexoinformativo.mx\/#\/schema\/person\/7749d380ba08c8ca00d7bc76fd907b7d","name":"Nexo Informativo","image":{"@type":"ImageObject","inLanguage":"es","@id":"https:\/\/www.nexoinformativo.mx\/#\/schema\/person\/image\/","url":"https:\/\/secure.gravatar.com\/avatar\/dde2928154642a13d95f87ddf1ea9718fe2b46760a005c53e41ff5ad610704e6?s=96&d=mm&r=g","contentUrl":"https:\/\/secure.gravatar.com\/avatar\/dde2928154642a13d95f87ddf1ea9718fe2b46760a005c53e41ff5ad610704e6?s=96&d=mm&r=g","caption":"Nexo Informativo"},"url":"https:\/\/www.nexoinformativo.mx\/index.php\/author\/edicion\/"}]}},"_links":{"self":[{"href":"https:\/\/www.nexoinformativo.mx\/index.php\/wp-json\/wp\/v2\/posts\/4225","targetHints":{"allow":["GET"]}}],"collection":[{"href":"https:\/\/www.nexoinformativo.mx\/index.php\/wp-json\/wp\/v2\/posts"}],"about":[{"href":"https:\/\/www.nexoinformativo.mx\/index.php\/wp-json\/wp\/v2\/types\/post"}],"author":[{"embeddable":true,"href":"https:\/\/www.nexoinformativo.mx\/index.php\/wp-json\/wp\/v2\/users\/3"}],"replies":[{"embeddable":true,"href":"https:\/\/www.nexoinformativo.mx\/index.php\/wp-json\/wp\/v2\/comments?post=4225"}],"version-history":[{"count":3,"href":"https:\/\/www.nexoinformativo.mx\/index.php\/wp-json\/wp\/v2\/posts\/4225\/revisions"}],"predecessor-version":[{"id":4229,"href":"https:\/\/www.nexoinformativo.mx\/index.php\/wp-json\/wp\/v2\/posts\/4225\/revisions\/4229"}],"wp:featuredmedia":[{"embeddable":true,"href":"https:\/\/www.nexoinformativo.mx\/index.php\/wp-json\/wp\/v2\/media\/4226"}],"wp:attachment":[{"href":"https:\/\/www.nexoinformativo.mx\/index.php\/wp-json\/wp\/v2\/media?parent=4225"}],"wp:term":[{"taxonomy":"category","embeddable":true,"href":"https:\/\/www.nexoinformativo.mx\/index.php\/wp-json\/wp\/v2\/categories?post=4225"},{"taxonomy":"post_tag","embeddable":true,"href":"https:\/\/www.nexoinformativo.mx\/index.php\/wp-json\/wp\/v2\/tags?post=4225"}],"curies":[{"name":"wp","href":"https:\/\/api.w.org\/{rel}","templated":true}]}}