{"id":4231,"date":"2024-10-23T11:00:59","date_gmt":"2024-10-23T17:00:59","guid":{"rendered":"https:\/\/www.nexoinformativo.mx\/?p=4231"},"modified":"2024-10-23T14:21:21","modified_gmt":"2024-10-23T20:21:21","slug":"fmi-enciende-las-alarmas-mexico-pierde-terreno-frente-a-estados-unidos","status":"publish","type":"post","link":"https:\/\/www.nexoinformativo.mx\/index.php\/2024\/10\/23\/fmi-enciende-las-alarmas-mexico-pierde-terreno-frente-a-estados-unidos\/","title":{"rendered":"FMI enciende las alarmas: M\u00e9xico pierde terreno frente a Estados Unidos"},"content":{"rendered":"<p style=\"text-align: justify;\">El Fondo Monetario Internacional (FMI) ha recortado sus previsiones de crecimiento para M\u00e9xico, proyectando un aumento del PIB de 1.5% para este a\u00f1o, una ca\u00edda considerable respecto al 2.7% esperado en enero. Esta revisi\u00f3n se debe, \u00a0a la pol\u00edtica monetaria restrictiva implementada en el pa\u00eds para controlar la inflaci\u00f3n.<\/p>\n<p>&nbsp;<\/p>\n<p style=\"text-align: justify;\">Para el 2025, el FMI anticipa un crecimiento del PIB mexicano de 1.3%, representando una baja de 3 d\u00e9cimas respecto a las proyecciones anteriores de julio. En contraste, las expectativas para EU han mejorado, con un avance del 2.8% previsto para este a\u00f1o, superior al 2.6% anticipado previamente.<\/p>\n<p>&nbsp;<\/p>\n<p style=\"text-align: justify;\">Para el pr\u00f3ximo a\u00f1o, el crecimiento de la econom\u00eda estadounidense se estima en 2.2%, una correcci\u00f3n al alza de tres d\u00e9cimas. La subdirectora del Departamento de Investigaci\u00f3n Econ\u00f3mica del FMI, indic\u00f3 que la divergencia entre las econom\u00edas de M\u00e9xico y EU se debe a restricciones internas que afectan el crecimiento en M\u00e9xico.<\/p>\n<p>&nbsp;<\/p>\n<p style=\"text-align: justify;\">A pesar de que las pol\u00edticas monetarias han sido adecuadas para enfrentar la inflaci\u00f3n, su impacto en la actividad econ\u00f3mica ha sido significativo. El FMI tambi\u00e9n ha se\u00f1alado que, si bien el gasto p\u00fablico fue utilizado este a\u00f1o para estimular la econom\u00eda, el pr\u00f3ximo a\u00f1o ser\u00e1 necesario realizar ajustes para garantizar una consolidaci\u00f3n fiscal m\u00e1s amplia.<\/p>\n<p>&nbsp;<\/p>\n<p style=\"text-align: justify;\">Por otro lado, el FMI expres\u00f3 su preocupaci\u00f3n por el creciente proteccionismo a nivel mundial, que podr\u00eda afectar negativamente la inversi\u00f3n y el crecimiento, especialmente en econom\u00edas emergentes como la de M\u00e9xico.<\/p>\n<p>&nbsp;<\/p>\n<p style=\"text-align: justify;\">El organismo hace un llamado a buscar soluciones multilaterales para contrarrestar estas tensiones comerciales. En resumen, la econom\u00eda mexicana enfrenta desaf\u00edos significativos que contrastan con el crecimiento proyectado para Estados Unidos, lo que pone de relieve la necesidad de reformas estructurales y pol\u00edticas m\u00e1s eficientes para impulsar el desarrollo en el pa\u00eds.<\/p>\n<p>&nbsp;<\/p>\n<p style=\"text-align: center;\"><em><strong>\u00a1Informaci\u00f3n que transforma!<\/strong><\/em><\/p>\n","protected":false},"excerpt":{"rendered":"<p>El Fondo Monetario Internacional (FMI) ha recortado sus previsiones de crecimiento para M\u00e9xico, proyectando un aumento del Producto Interno Bruto (PIB) de solo 1.5% para este a\u00f1o, una ca\u00edda considerable respecto al 2.7% esperado en enero.<\/p>\n","protected":false},"author":3,"featured_media":4277,"comment_status":"open","ping_status":"open","sticky":false,"template":"","format":"standard","meta":{"footnotes":""},"categories":[5,88,58],"tags":[279,951,1344,1569],"class_list":["post-4231","post","type-post","status-publish","format-standard","has-post-thumbnail","hentry","category-economia","category-nacional","category-ultima-hora","tag-crecimientoeconomico","tag-economiamexicana","tag-fmi","tag-proteccionismo"],"yoast_head":"<!-- This site is optimized with the Yoast SEO plugin v25.0 - https:\/\/yoast.com\/wordpress\/plugins\/seo\/ -->\n<title>FMI enciende las alarmas: M\u00e9xico pierde terreno frente a Estados Unidos | Nexo Informativo Santiago de Quer\u00e9taro<\/title>\n<meta name=\"description\" content=\"FMI enciende las alarmas: M\u00e9xico pierde terreno frente a Estados Unidos\" \/>\n<meta name=\"robots\" content=\"index, follow, max-snippet:-1, max-image-preview:large, max-video-preview:-1\" \/>\n<link rel=\"canonical\" href=\"https:\/\/www.nexoinformativo.mx\/index.php\/2024\/10\/23\/fmi-enciende-las-alarmas-mexico-pierde-terreno-frente-a-estados-unidos\/\" \/>\n<meta property=\"og:locale\" content=\"es_MX\" \/>\n<meta property=\"og:type\" content=\"article\" \/>\n<meta property=\"og:title\" content=\"FMI enciende las alarmas: M\u00e9xico pierde terreno frente a Estados Unidos | Nexo Informativo Santiago de Quer\u00e9taro\" \/>\n<meta property=\"og:description\" content=\"FMI enciende las alarmas: M\u00e9xico pierde terreno frente a Estados Unidos\" \/>\n<meta property=\"og:url\" content=\"https:\/\/www.nexoinformativo.mx\/index.php\/2024\/10\/23\/fmi-enciende-las-alarmas-mexico-pierde-terreno-frente-a-estados-unidos\/\" \/>\n<meta property=\"og:site_name\" content=\"Nexo Informativo Santiago de Quer\u00e9taro\" \/>\n<meta property=\"article:publisher\" content=\"https:\/\/www.facebook.com\/people\/Nexo-Informativo\/61564066885511\/\" \/>\n<meta property=\"article:published_time\" content=\"2024-10-23T17:00:59+00:00\" \/>\n<meta property=\"article:modified_time\" content=\"2024-10-23T20:21:21+00:00\" \/>\n<meta property=\"og:image\" content=\"https:\/\/www.nexoinformativo.mx\/wp-content\/uploads\/2024\/10\/inflazione_0.jpg\" \/>\n\t<meta property=\"og:image:width\" content=\"719\" \/>\n\t<meta property=\"og:image:height\" content=\"413\" \/>\n\t<meta property=\"og:image:type\" content=\"image\/jpeg\" \/>\n<meta name=\"author\" content=\"Nexo Informativo\" \/>\n<meta name=\"twitter:card\" content=\"summary_large_image\" \/>\n<meta name=\"twitter:label1\" content=\"Escrito por\" \/>\n\t<meta name=\"twitter:data1\" content=\"Nexo Informativo\" \/>\n\t<meta name=\"twitter:label2\" content=\"Tiempo de lectura\" \/>\n\t<meta name=\"twitter:data2\" content=\"2 minutos\" \/>\n<script type=\"application\/ld+json\" class=\"yoast-schema-graph\">{\"@context\":\"https:\/\/schema.org\",\"@graph\":[{\"@type\":\"Article\",\"@id\":\"https:\/\/www.nexoinformativo.mx\/index.php\/2024\/10\/23\/fmi-enciende-las-alarmas-mexico-pierde-terreno-frente-a-estados-unidos\/#article\",\"isPartOf\":{\"@id\":\"https:\/\/www.nexoinformativo.mx\/index.php\/2024\/10\/23\/fmi-enciende-las-alarmas-mexico-pierde-terreno-frente-a-estados-unidos\/\"},\"author\":{\"name\":\"Nexo Informativo\",\"@id\":\"https:\/\/www.nexoinformativo.mx\/#\/schema\/person\/7749d380ba08c8ca00d7bc76fd907b7d\"},\"headline\":\"FMI enciende las alarmas: M\u00e9xico pierde terreno frente a Estados Unidos\",\"datePublished\":\"2024-10-23T17:00:59+00:00\",\"dateModified\":\"2024-10-23T20:21:21+00:00\",\"mainEntityOfPage\":{\"@id\":\"https:\/\/www.nexoinformativo.mx\/index.php\/2024\/10\/23\/fmi-enciende-las-alarmas-mexico-pierde-terreno-frente-a-estados-unidos\/\"},\"wordCount\":344,\"commentCount\":0,\"publisher\":{\"@id\":\"https:\/\/www.nexoinformativo.mx\/#organization\"},\"image\":{\"@id\":\"https:\/\/www.nexoinformativo.mx\/index.php\/2024\/10\/23\/fmi-enciende-las-alarmas-mexico-pierde-terreno-frente-a-estados-unidos\/#primaryimage\"},\"thumbnailUrl\":\"https:\/\/www.nexoinformativo.mx\/wp-content\/uploads\/2024\/10\/inflazione_0.jpg\",\"keywords\":[\"CrecimientoEconomico\",\"Econom\u00edaMexicana\",\"FMI\",\"Proteccionismo\"],\"articleSection\":[\"Econom\u00eda\",\"Nacional\",\"\u00daltima Hora\"],\"inLanguage\":\"es\",\"potentialAction\":[{\"@type\":\"CommentAction\",\"name\":\"Comment\",\"target\":[\"https:\/\/www.nexoinformativo.mx\/index.php\/2024\/10\/23\/fmi-enciende-las-alarmas-mexico-pierde-terreno-frente-a-estados-unidos\/#respond\"]}]},{\"@type\":\"WebPage\",\"@id\":\"https:\/\/www.nexoinformativo.mx\/index.php\/2024\/10\/23\/fmi-enciende-las-alarmas-mexico-pierde-terreno-frente-a-estados-unidos\/\",\"url\":\"https:\/\/www.nexoinformativo.mx\/index.php\/2024\/10\/23\/fmi-enciende-las-alarmas-mexico-pierde-terreno-frente-a-estados-unidos\/\",\"name\":\"FMI enciende las alarmas: M\u00e9xico pierde terreno frente a Estados Unidos | Nexo Informativo Santiago de Quer\u00e9taro\",\"isPartOf\":{\"@id\":\"https:\/\/www.nexoinformativo.mx\/#website\"},\"primaryImageOfPage\":{\"@id\":\"https:\/\/www.nexoinformativo.mx\/index.php\/2024\/10\/23\/fmi-enciende-las-alarmas-mexico-pierde-terreno-frente-a-estados-unidos\/#primaryimage\"},\"image\":{\"@id\":\"https:\/\/www.nexoinformativo.mx\/index.php\/2024\/10\/23\/fmi-enciende-las-alarmas-mexico-pierde-terreno-frente-a-estados-unidos\/#primaryimage\"},\"thumbnailUrl\":\"https:\/\/www.nexoinformativo.mx\/wp-content\/uploads\/2024\/10\/inflazione_0.jpg\",\"datePublished\":\"2024-10-23T17:00:59+00:00\",\"dateModified\":\"2024-10-23T20:21:21+00:00\",\"description\":\"FMI enciende las alarmas: M\u00e9xico pierde terreno frente a Estados Unidos\",\"breadcrumb\":{\"@id\":\"https:\/\/www.nexoinformativo.mx\/index.php\/2024\/10\/23\/fmi-enciende-las-alarmas-mexico-pierde-terreno-frente-a-estados-unidos\/#breadcrumb\"},\"inLanguage\":\"es\",\"potentialAction\":[{\"@type\":\"ReadAction\",\"target\":[\"https:\/\/www.nexoinformativo.mx\/index.php\/2024\/10\/23\/fmi-enciende-las-alarmas-mexico-pierde-terreno-frente-a-estados-unidos\/\"]}]},{\"@type\":\"ImageObject\",\"inLanguage\":\"es\",\"@id\":\"https:\/\/www.nexoinformativo.mx\/index.php\/2024\/10\/23\/fmi-enciende-las-alarmas-mexico-pierde-terreno-frente-a-estados-unidos\/#primaryimage\",\"url\":\"https:\/\/www.nexoinformativo.mx\/wp-content\/uploads\/2024\/10\/inflazione_0.jpg\",\"contentUrl\":\"https:\/\/www.nexoinformativo.mx\/wp-content\/uploads\/2024\/10\/inflazione_0.jpg\",\"width\":719,\"height\":413},{\"@type\":\"BreadcrumbList\",\"@id\":\"https:\/\/www.nexoinformativo.mx\/index.php\/2024\/10\/23\/fmi-enciende-las-alarmas-mexico-pierde-terreno-frente-a-estados-unidos\/#breadcrumb\",\"itemListElement\":[{\"@type\":\"ListItem\",\"position\":1,\"name\":\"Inicio\",\"item\":\"https:\/\/www.nexoinformativo.mx\/\"},{\"@type\":\"ListItem\",\"position\":2,\"name\":\"FMI enciende las alarmas: M\u00e9xico pierde terreno frente a Estados Unidos\"}]},{\"@type\":\"WebSite\",\"@id\":\"https:\/\/www.nexoinformativo.mx\/#website\",\"url\":\"https:\/\/www.nexoinformativo.mx\/\",\"name\":\"Nexo Informativo Santiago de Quer\u00e9taro\",\"description\":\"Explora NexoInformativo y convi\u00e9rtete en parte de una comunidad que valora el conocimiento y la verdad. Tu nexoinformativo es tu puente hacia una comprensi\u00f3n m\u00e1s profunda del mundo que te rodea.\",\"publisher\":{\"@id\":\"https:\/\/www.nexoinformativo.mx\/#organization\"},\"potentialAction\":[{\"@type\":\"SearchAction\",\"target\":{\"@type\":\"EntryPoint\",\"urlTemplate\":\"https:\/\/www.nexoinformativo.mx\/?s={search_term_string}\"},\"query-input\":{\"@type\":\"PropertyValueSpecification\",\"valueRequired\":true,\"valueName\":\"search_term_string\"}}],\"inLanguage\":\"es\"},{\"@type\":\"Organization\",\"@id\":\"https:\/\/www.nexoinformativo.mx\/#organization\",\"name\":\"Nexo Informativo Santiago de Quer\u00e9taro\",\"url\":\"https:\/\/www.nexoinformativo.mx\/\",\"logo\":{\"@type\":\"ImageObject\",\"inLanguage\":\"es\",\"@id\":\"https:\/\/www.nexoinformativo.mx\/#\/schema\/logo\/image\/\",\"url\":\"https:\/\/www.nexoinformativo.mx\/wp-content\/uploads\/2024\/07\/nexoi-trasparente-2.png\",\"contentUrl\":\"https:\/\/www.nexoinformativo.mx\/wp-content\/uploads\/2024\/07\/nexoi-trasparente-2.png\",\"width\":816,\"height\":339,\"caption\":\"Nexo Informativo Santiago de Quer\u00e9taro\"},\"image\":{\"@id\":\"https:\/\/www.nexoinformativo.mx\/#\/schema\/logo\/image\/\"},\"sameAs\":[\"https:\/\/www.facebook.com\/people\/Nexo-Informativo\/61564066885511\/\"]},{\"@type\":\"Person\",\"@id\":\"https:\/\/www.nexoinformativo.mx\/#\/schema\/person\/7749d380ba08c8ca00d7bc76fd907b7d\",\"name\":\"Nexo Informativo\",\"image\":{\"@type\":\"ImageObject\",\"inLanguage\":\"es\",\"@id\":\"https:\/\/www.nexoinformativo.mx\/#\/schema\/person\/image\/\",\"url\":\"https:\/\/secure.gravatar.com\/avatar\/dde2928154642a13d95f87ddf1ea9718fe2b46760a005c53e41ff5ad610704e6?s=96&d=mm&r=g\",\"contentUrl\":\"https:\/\/secure.gravatar.com\/avatar\/dde2928154642a13d95f87ddf1ea9718fe2b46760a005c53e41ff5ad610704e6?s=96&d=mm&r=g\",\"caption\":\"Nexo Informativo\"},\"url\":\"https:\/\/www.nexoinformativo.mx\/index.php\/author\/edicion\/\"}]}<\/script>\n<!-- \/ Yoast SEO plugin. -->","yoast_head_json":{"title":"FMI enciende las alarmas: M\u00e9xico pierde terreno frente a Estados Unidos | Nexo Informativo Santiago de Quer\u00e9taro","description":"FMI enciende las alarmas: M\u00e9xico pierde terreno frente a Estados Unidos","robots":{"index":"index","follow":"follow","max-snippet":"max-snippet:-1","max-image-preview":"max-image-preview:large","max-video-preview":"max-video-preview:-1"},"canonical":"https:\/\/www.nexoinformativo.mx\/index.php\/2024\/10\/23\/fmi-enciende-las-alarmas-mexico-pierde-terreno-frente-a-estados-unidos\/","og_locale":"es_MX","og_type":"article","og_title":"FMI enciende las alarmas: M\u00e9xico pierde terreno frente a Estados Unidos | Nexo Informativo Santiago de Quer\u00e9taro","og_description":"FMI enciende las alarmas: M\u00e9xico pierde terreno frente a Estados Unidos","og_url":"https:\/\/www.nexoinformativo.mx\/index.php\/2024\/10\/23\/fmi-enciende-las-alarmas-mexico-pierde-terreno-frente-a-estados-unidos\/","og_site_name":"Nexo Informativo Santiago de Quer\u00e9taro","article_publisher":"https:\/\/www.facebook.com\/people\/Nexo-Informativo\/61564066885511\/","article_published_time":"2024-10-23T17:00:59+00:00","article_modified_time":"2024-10-23T20:21:21+00:00","og_image":[{"width":719,"height":413,"url":"https:\/\/www.nexoinformativo.mx\/wp-content\/uploads\/2024\/10\/inflazione_0.jpg","type":"image\/jpeg"}],"author":"Nexo Informativo","twitter_card":"summary_large_image","twitter_misc":{"Escrito por":"Nexo Informativo","Tiempo de lectura":"2 minutos"},"schema":{"@context":"https:\/\/schema.org","@graph":[{"@type":"Article","@id":"https:\/\/www.nexoinformativo.mx\/index.php\/2024\/10\/23\/fmi-enciende-las-alarmas-mexico-pierde-terreno-frente-a-estados-unidos\/#article","isPartOf":{"@id":"https:\/\/www.nexoinformativo.mx\/index.php\/2024\/10\/23\/fmi-enciende-las-alarmas-mexico-pierde-terreno-frente-a-estados-unidos\/"},"author":{"name":"Nexo Informativo","@id":"https:\/\/www.nexoinformativo.mx\/#\/schema\/person\/7749d380ba08c8ca00d7bc76fd907b7d"},"headline":"FMI enciende las alarmas: M\u00e9xico pierde terreno frente a Estados Unidos","datePublished":"2024-10-23T17:00:59+00:00","dateModified":"2024-10-23T20:21:21+00:00","mainEntityOfPage":{"@id":"https:\/\/www.nexoinformativo.mx\/index.php\/2024\/10\/23\/fmi-enciende-las-alarmas-mexico-pierde-terreno-frente-a-estados-unidos\/"},"wordCount":344,"commentCount":0,"publisher":{"@id":"https:\/\/www.nexoinformativo.mx\/#organization"},"image":{"@id":"https:\/\/www.nexoinformativo.mx\/index.php\/2024\/10\/23\/fmi-enciende-las-alarmas-mexico-pierde-terreno-frente-a-estados-unidos\/#primaryimage"},"thumbnailUrl":"https:\/\/www.nexoinformativo.mx\/wp-content\/uploads\/2024\/10\/inflazione_0.jpg","keywords":["CrecimientoEconomico","Econom\u00edaMexicana","FMI","Proteccionismo"],"articleSection":["Econom\u00eda","Nacional","\u00daltima Hora"],"inLanguage":"es","potentialAction":[{"@type":"CommentAction","name":"Comment","target":["https:\/\/www.nexoinformativo.mx\/index.php\/2024\/10\/23\/fmi-enciende-las-alarmas-mexico-pierde-terreno-frente-a-estados-unidos\/#respond"]}]},{"@type":"WebPage","@id":"https:\/\/www.nexoinformativo.mx\/index.php\/2024\/10\/23\/fmi-enciende-las-alarmas-mexico-pierde-terreno-frente-a-estados-unidos\/","url":"https:\/\/www.nexoinformativo.mx\/index.php\/2024\/10\/23\/fmi-enciende-las-alarmas-mexico-pierde-terreno-frente-a-estados-unidos\/","name":"FMI enciende las alarmas: M\u00e9xico pierde terreno frente a Estados Unidos | Nexo Informativo Santiago de Quer\u00e9taro","isPartOf":{"@id":"https:\/\/www.nexoinformativo.mx\/#website"},"primaryImageOfPage":{"@id":"https:\/\/www.nexoinformativo.mx\/index.php\/2024\/10\/23\/fmi-enciende-las-alarmas-mexico-pierde-terreno-frente-a-estados-unidos\/#primaryimage"},"image":{"@id":"https:\/\/www.nexoinformativo.mx\/index.php\/2024\/10\/23\/fmi-enciende-las-alarmas-mexico-pierde-terreno-frente-a-estados-unidos\/#primaryimage"},"thumbnailUrl":"https:\/\/www.nexoinformativo.mx\/wp-content\/uploads\/2024\/10\/inflazione_0.jpg","datePublished":"2024-10-23T17:00:59+00:00","dateModified":"2024-10-23T20:21:21+00:00","description":"FMI enciende las alarmas: M\u00e9xico pierde terreno frente a Estados Unidos","breadcrumb":{"@id":"https:\/\/www.nexoinformativo.mx\/index.php\/2024\/10\/23\/fmi-enciende-las-alarmas-mexico-pierde-terreno-frente-a-estados-unidos\/#breadcrumb"},"inLanguage":"es","potentialAction":[{"@type":"ReadAction","target":["https:\/\/www.nexoinformativo.mx\/index.php\/2024\/10\/23\/fmi-enciende-las-alarmas-mexico-pierde-terreno-frente-a-estados-unidos\/"]}]},{"@type":"ImageObject","inLanguage":"es","@id":"https:\/\/www.nexoinformativo.mx\/index.php\/2024\/10\/23\/fmi-enciende-las-alarmas-mexico-pierde-terreno-frente-a-estados-unidos\/#primaryimage","url":"https:\/\/www.nexoinformativo.mx\/wp-content\/uploads\/2024\/10\/inflazione_0.jpg","contentUrl":"https:\/\/www.nexoinformativo.mx\/wp-content\/uploads\/2024\/10\/inflazione_0.jpg","width":719,"height":413},{"@type":"BreadcrumbList","@id":"https:\/\/www.nexoinformativo.mx\/index.php\/2024\/10\/23\/fmi-enciende-las-alarmas-mexico-pierde-terreno-frente-a-estados-unidos\/#breadcrumb","itemListElement":[{"@type":"ListItem","position":1,"name":"Inicio","item":"https:\/\/www.nexoinformativo.mx\/"},{"@type":"ListItem","position":2,"name":"FMI enciende las alarmas: M\u00e9xico pierde terreno frente a Estados Unidos"}]},{"@type":"WebSite","@id":"https:\/\/www.nexoinformativo.mx\/#website","url":"https:\/\/www.nexoinformativo.mx\/","name":"Nexo Informativo Santiago de Quer\u00e9taro","description":"Explora NexoInformativo y convi\u00e9rtete en parte de una comunidad que valora el conocimiento y la verdad. Tu nexoinformativo es tu puente hacia una comprensi\u00f3n m\u00e1s profunda del mundo que te rodea.","publisher":{"@id":"https:\/\/www.nexoinformativo.mx\/#organization"},"potentialAction":[{"@type":"SearchAction","target":{"@type":"EntryPoint","urlTemplate":"https:\/\/www.nexoinformativo.mx\/?s={search_term_string}"},"query-input":{"@type":"PropertyValueSpecification","valueRequired":true,"valueName":"search_term_string"}}],"inLanguage":"es"},{"@type":"Organization","@id":"https:\/\/www.nexoinformativo.mx\/#organization","name":"Nexo Informativo Santiago de Quer\u00e9taro","url":"https:\/\/www.nexoinformativo.mx\/","logo":{"@type":"ImageObject","inLanguage":"es","@id":"https:\/\/www.nexoinformativo.mx\/#\/schema\/logo\/image\/","url":"https:\/\/www.nexoinformativo.mx\/wp-content\/uploads\/2024\/07\/nexoi-trasparente-2.png","contentUrl":"https:\/\/www.nexoinformativo.mx\/wp-content\/uploads\/2024\/07\/nexoi-trasparente-2.png","width":816,"height":339,"caption":"Nexo Informativo Santiago de Quer\u00e9taro"},"image":{"@id":"https:\/\/www.nexoinformativo.mx\/#\/schema\/logo\/image\/"},"sameAs":["https:\/\/www.facebook.com\/people\/Nexo-Informativo\/61564066885511\/"]},{"@type":"Person","@id":"https:\/\/www.nexoinformativo.mx\/#\/schema\/person\/7749d380ba08c8ca00d7bc76fd907b7d","name":"Nexo Informativo","image":{"@type":"ImageObject","inLanguage":"es","@id":"https:\/\/www.nexoinformativo.mx\/#\/schema\/person\/image\/","url":"https:\/\/secure.gravatar.com\/avatar\/dde2928154642a13d95f87ddf1ea9718fe2b46760a005c53e41ff5ad610704e6?s=96&d=mm&r=g","contentUrl":"https:\/\/secure.gravatar.com\/avatar\/dde2928154642a13d95f87ddf1ea9718fe2b46760a005c53e41ff5ad610704e6?s=96&d=mm&r=g","caption":"Nexo Informativo"},"url":"https:\/\/www.nexoinformativo.mx\/index.php\/author\/edicion\/"}]}},"_links":{"self":[{"href":"https:\/\/www.nexoinformativo.mx\/index.php\/wp-json\/wp\/v2\/posts\/4231","targetHints":{"allow":["GET"]}}],"collection":[{"href":"https:\/\/www.nexoinformativo.mx\/index.php\/wp-json\/wp\/v2\/posts"}],"about":[{"href":"https:\/\/www.nexoinformativo.mx\/index.php\/wp-json\/wp\/v2\/types\/post"}],"author":[{"embeddable":true,"href":"https:\/\/www.nexoinformativo.mx\/index.php\/wp-json\/wp\/v2\/users\/3"}],"replies":[{"embeddable":true,"href":"https:\/\/www.nexoinformativo.mx\/index.php\/wp-json\/wp\/v2\/comments?post=4231"}],"version-history":[{"count":7,"href":"https:\/\/www.nexoinformativo.mx\/index.php\/wp-json\/wp\/v2\/posts\/4231\/revisions"}],"predecessor-version":[{"id":4280,"href":"https:\/\/www.nexoinformativo.mx\/index.php\/wp-json\/wp\/v2\/posts\/4231\/revisions\/4280"}],"wp:featuredmedia":[{"embeddable":true,"href":"https:\/\/www.nexoinformativo.mx\/index.php\/wp-json\/wp\/v2\/media\/4277"}],"wp:attachment":[{"href":"https:\/\/www.nexoinformativo.mx\/index.php\/wp-json\/wp\/v2\/media?parent=4231"}],"wp:term":[{"taxonomy":"category","embeddable":true,"href":"https:\/\/www.nexoinformativo.mx\/index.php\/wp-json\/wp\/v2\/categories?post=4231"},{"taxonomy":"post_tag","embeddable":true,"href":"https:\/\/www.nexoinformativo.mx\/index.php\/wp-json\/wp\/v2\/tags?post=4231"}],"curies":[{"name":"wp","href":"https:\/\/api.w.org\/{rel}","templated":true}]}}