{"id":4252,"date":"2024-10-23T12:00:40","date_gmt":"2024-10-23T18:00:40","guid":{"rendered":"https:\/\/www.nexoinformativo.mx\/?p=4252"},"modified":"2024-10-23T12:59:38","modified_gmt":"2024-10-23T18:59:38","slug":"queretaro-solicita-mas-recursos-para-educacion-y-pide-terreno-para-la-dgti","status":"publish","type":"post","link":"https:\/\/www.nexoinformativo.mx\/index.php\/2024\/10\/23\/queretaro-solicita-mas-recursos-para-educacion-y-pide-terreno-para-la-dgti\/","title":{"rendered":"Quer\u00e9taro solicita m\u00e1s recursos para educaci\u00f3n y pide terreno para la DGTI"},"content":{"rendered":"<p style=\"text-align: justify;\" data-sourcepos=\"7:1-7:275\">Durante la Primera Reuni\u00f3n Nacional Plenaria Extraordinaria del CONAEDU, la secretaria de Educaci\u00f3n de Quer\u00e9taro, Martha Elena Soto, destac\u00f3 la importancia de fortalecer la educaci\u00f3n en el estado y solicit\u00f3 mayores recursos para las universidades p\u00fablicas y docentes.<\/p>\n<p>&nbsp;<\/p>\n<p style=\"text-align: justify;\" data-sourcepos=\"11:1-11:306\">La funcionaria estatal subray\u00f3 la necesidad de reducir la carga administrativa de los maestros para que puedan dedicar m\u00e1s tiempo a la ense\u00f1anza. Adem\u00e1s, hizo hincapi\u00e9 en la creciente demanda de educaci\u00f3n superior en Quer\u00e9taro y solicit\u00f3 mayores recursos para infraestructura en las universidades p\u00fablicas.<\/p>\n<p>&nbsp;<\/p>\n<p style=\"text-align: justify;\" data-sourcepos=\"13:1-13:221\">En cuanto al programa federal La Escuela Es Nuestra (LEEN), Soto Obreg\u00f3n reconoci\u00f3 los avances logrados, pero tambi\u00e9n se\u00f1al\u00f3 la necesidad de fortalecer la planeaci\u00f3n de los proyectos para optimizar el uso de los recursos.<\/p>\n<p>&nbsp;<\/p>\n<p style=\"text-align: justify;\" data-sourcepos=\"15:1-15:187\">Asimismo, la secretaria solicit\u00f3 un terreno en Quer\u00e9taro para la Direcci\u00f3n General de Educaci\u00f3n Tecnol\u00f3gica Industrial (DGTI), con el objetivo de ampliar la oferta educativa en el estado.<\/p>\n<p>&nbsp;<\/p>\n<p style=\"text-align: justify;\" data-sourcepos=\"19:1-19:343\">La solicitud de Quer\u00e9taro refleja la necesidad de seguir invirtiendo en educaci\u00f3n para garantizar el desarrollo de las futuras generaciones. El fortalecimiento de las instituciones educativas, la reducci\u00f3n de la carga administrativa de los docentes y la ampliaci\u00f3n de la oferta educativa son aspectos fundamentales para alcanzar este objetivo.<\/p>\n<p>&nbsp;<\/p>\n<p style=\"text-align: center;\" data-sourcepos=\"19:1-19:343\"><em><strong>\u00a1Informaci\u00f3n que transforma!<\/strong><\/em><\/p>\n","protected":false},"excerpt":{"rendered":"<p>Durante la Primera Reuni\u00f3n Nacional Plenaria Extraordinaria del CONAEDU, la secretaria de Educaci\u00f3n de Quer\u00e9taro, Martha Elena Soto, destac\u00f3 la importancia de fortalecer la educaci\u00f3n en el estado y solicit\u00f3 mayores recursos para las universidades p\u00fablicas y docentes. &nbsp; La funcionaria estatal subray\u00f3 la necesidad de reducir la carga administrativa de los maestros para que [&hellip;]<\/p>\n","protected":false},"author":3,"featured_media":4253,"comment_status":"open","ping_status":"open","sticky":false,"template":"","format":"standard","meta":{"footnotes":""},"categories":[42,58],"tags":[1573,173,1574,133],"class_list":["post-4252","post","type-post","status-publish","format-standard","has-post-thumbnail","hentry","category-estado","category-ultima-hora","tag-conaedu","tag-educacion","tag-inversioneducativa","tag-queretaro"],"yoast_head":"<!-- This site is optimized with the Yoast SEO plugin v25.0 - https:\/\/yoast.com\/wordpress\/plugins\/seo\/ -->\n<title>Quer\u00e9taro solicita m\u00e1s recursos para educaci\u00f3n y pide terreno para la DGTI | Nexo Informativo Santiago de Quer\u00e9taro<\/title>\n<meta name=\"description\" content=\"Quer\u00e9taro solicita m\u00e1s recursos para educaci\u00f3n y pide terreno para la DGTI\" \/>\n<meta name=\"robots\" content=\"index, follow, max-snippet:-1, max-image-preview:large, max-video-preview:-1\" \/>\n<link rel=\"canonical\" href=\"https:\/\/www.nexoinformativo.mx\/index.php\/2024\/10\/23\/queretaro-solicita-mas-recursos-para-educacion-y-pide-terreno-para-la-dgti\/\" \/>\n<meta property=\"og:locale\" content=\"es_MX\" \/>\n<meta property=\"og:type\" content=\"article\" \/>\n<meta property=\"og:title\" content=\"Quer\u00e9taro solicita m\u00e1s recursos para educaci\u00f3n y pide terreno para la DGTI | Nexo Informativo Santiago de Quer\u00e9taro\" \/>\n<meta property=\"og:description\" content=\"Quer\u00e9taro solicita m\u00e1s recursos para educaci\u00f3n y pide terreno para la DGTI\" \/>\n<meta property=\"og:url\" content=\"https:\/\/www.nexoinformativo.mx\/index.php\/2024\/10\/23\/queretaro-solicita-mas-recursos-para-educacion-y-pide-terreno-para-la-dgti\/\" \/>\n<meta property=\"og:site_name\" content=\"Nexo Informativo Santiago de Quer\u00e9taro\" \/>\n<meta property=\"article:publisher\" content=\"https:\/\/www.facebook.com\/people\/Nexo-Informativo\/61564066885511\/\" \/>\n<meta property=\"article:published_time\" content=\"2024-10-23T18:00:40+00:00\" \/>\n<meta property=\"article:modified_time\" content=\"2024-10-23T18:59:38+00:00\" \/>\n<meta property=\"og:image\" content=\"https:\/\/www.nexoinformativo.mx\/wp-content\/uploads\/2024\/10\/PHOTO-2024-10-23-12-18-27-e1729709783997.jpg\" \/>\n\t<meta property=\"og:image:width\" content=\"800\" \/>\n\t<meta property=\"og:image:height\" content=\"1000\" \/>\n\t<meta property=\"og:image:type\" content=\"image\/jpeg\" \/>\n<meta name=\"author\" content=\"Nexo Informativo\" \/>\n<meta name=\"twitter:card\" content=\"summary_large_image\" \/>\n<meta name=\"twitter:label1\" content=\"Escrito por\" \/>\n\t<meta name=\"twitter:data1\" content=\"Nexo Informativo\" \/>\n\t<meta name=\"twitter:label2\" content=\"Tiempo de lectura\" \/>\n\t<meta name=\"twitter:data2\" content=\"2 minutos\" \/>\n<script type=\"application\/ld+json\" class=\"yoast-schema-graph\">{\"@context\":\"https:\/\/schema.org\",\"@graph\":[{\"@type\":\"Article\",\"@id\":\"https:\/\/www.nexoinformativo.mx\/index.php\/2024\/10\/23\/queretaro-solicita-mas-recursos-para-educacion-y-pide-terreno-para-la-dgti\/#article\",\"isPartOf\":{\"@id\":\"https:\/\/www.nexoinformativo.mx\/index.php\/2024\/10\/23\/queretaro-solicita-mas-recursos-para-educacion-y-pide-terreno-para-la-dgti\/\"},\"author\":{\"name\":\"Nexo Informativo\",\"@id\":\"https:\/\/www.nexoinformativo.mx\/#\/schema\/person\/7749d380ba08c8ca00d7bc76fd907b7d\"},\"headline\":\"Quer\u00e9taro solicita m\u00e1s recursos para educaci\u00f3n y pide terreno para la DGTI\",\"datePublished\":\"2024-10-23T18:00:40+00:00\",\"dateModified\":\"2024-10-23T18:59:38+00:00\",\"mainEntityOfPage\":{\"@id\":\"https:\/\/www.nexoinformativo.mx\/index.php\/2024\/10\/23\/queretaro-solicita-mas-recursos-para-educacion-y-pide-terreno-para-la-dgti\/\"},\"wordCount\":242,\"commentCount\":0,\"publisher\":{\"@id\":\"https:\/\/www.nexoinformativo.mx\/#organization\"},\"image\":{\"@id\":\"https:\/\/www.nexoinformativo.mx\/index.php\/2024\/10\/23\/queretaro-solicita-mas-recursos-para-educacion-y-pide-terreno-para-la-dgti\/#primaryimage\"},\"thumbnailUrl\":\"https:\/\/www.nexoinformativo.mx\/wp-content\/uploads\/2024\/10\/PHOTO-2024-10-23-12-18-27-e1729709783997.jpg\",\"keywords\":[\"CONAEDU\",\"educacion\",\"Inversi\u00f3nEducativa\",\"Quer\u00e9taro\"],\"articleSection\":[\"Estado\",\"\u00daltima Hora\"],\"inLanguage\":\"es\",\"potentialAction\":[{\"@type\":\"CommentAction\",\"name\":\"Comment\",\"target\":[\"https:\/\/www.nexoinformativo.mx\/index.php\/2024\/10\/23\/queretaro-solicita-mas-recursos-para-educacion-y-pide-terreno-para-la-dgti\/#respond\"]}]},{\"@type\":\"WebPage\",\"@id\":\"https:\/\/www.nexoinformativo.mx\/index.php\/2024\/10\/23\/queretaro-solicita-mas-recursos-para-educacion-y-pide-terreno-para-la-dgti\/\",\"url\":\"https:\/\/www.nexoinformativo.mx\/index.php\/2024\/10\/23\/queretaro-solicita-mas-recursos-para-educacion-y-pide-terreno-para-la-dgti\/\",\"name\":\"Quer\u00e9taro solicita m\u00e1s recursos para educaci\u00f3n y pide terreno para la DGTI | Nexo Informativo Santiago de Quer\u00e9taro\",\"isPartOf\":{\"@id\":\"https:\/\/www.nexoinformativo.mx\/#website\"},\"primaryImageOfPage\":{\"@id\":\"https:\/\/www.nexoinformativo.mx\/index.php\/2024\/10\/23\/queretaro-solicita-mas-recursos-para-educacion-y-pide-terreno-para-la-dgti\/#primaryimage\"},\"image\":{\"@id\":\"https:\/\/www.nexoinformativo.mx\/index.php\/2024\/10\/23\/queretaro-solicita-mas-recursos-para-educacion-y-pide-terreno-para-la-dgti\/#primaryimage\"},\"thumbnailUrl\":\"https:\/\/www.nexoinformativo.mx\/wp-content\/uploads\/2024\/10\/PHOTO-2024-10-23-12-18-27-e1729709783997.jpg\",\"datePublished\":\"2024-10-23T18:00:40+00:00\",\"dateModified\":\"2024-10-23T18:59:38+00:00\",\"description\":\"Quer\u00e9taro solicita m\u00e1s recursos para educaci\u00f3n y pide terreno para la DGTI\",\"breadcrumb\":{\"@id\":\"https:\/\/www.nexoinformativo.mx\/index.php\/2024\/10\/23\/queretaro-solicita-mas-recursos-para-educacion-y-pide-terreno-para-la-dgti\/#breadcrumb\"},\"inLanguage\":\"es\",\"potentialAction\":[{\"@type\":\"ReadAction\",\"target\":[\"https:\/\/www.nexoinformativo.mx\/index.php\/2024\/10\/23\/queretaro-solicita-mas-recursos-para-educacion-y-pide-terreno-para-la-dgti\/\"]}]},{\"@type\":\"ImageObject\",\"inLanguage\":\"es\",\"@id\":\"https:\/\/www.nexoinformativo.mx\/index.php\/2024\/10\/23\/queretaro-solicita-mas-recursos-para-educacion-y-pide-terreno-para-la-dgti\/#primaryimage\",\"url\":\"https:\/\/www.nexoinformativo.mx\/wp-content\/uploads\/2024\/10\/PHOTO-2024-10-23-12-18-27-e1729709783997.jpg\",\"contentUrl\":\"https:\/\/www.nexoinformativo.mx\/wp-content\/uploads\/2024\/10\/PHOTO-2024-10-23-12-18-27-e1729709783997.jpg\",\"width\":800,\"height\":1000},{\"@type\":\"BreadcrumbList\",\"@id\":\"https:\/\/www.nexoinformativo.mx\/index.php\/2024\/10\/23\/queretaro-solicita-mas-recursos-para-educacion-y-pide-terreno-para-la-dgti\/#breadcrumb\",\"itemListElement\":[{\"@type\":\"ListItem\",\"position\":1,\"name\":\"Inicio\",\"item\":\"https:\/\/www.nexoinformativo.mx\/\"},{\"@type\":\"ListItem\",\"position\":2,\"name\":\"Quer\u00e9taro solicita m\u00e1s recursos para educaci\u00f3n y pide terreno para la DGTI\"}]},{\"@type\":\"WebSite\",\"@id\":\"https:\/\/www.nexoinformativo.mx\/#website\",\"url\":\"https:\/\/www.nexoinformativo.mx\/\",\"name\":\"Nexo Informativo Santiago de Quer\u00e9taro\",\"description\":\"Explora NexoInformativo y convi\u00e9rtete en parte de una comunidad que valora el conocimiento y la verdad. Tu nexoinformativo es tu puente hacia una comprensi\u00f3n m\u00e1s profunda del mundo que te rodea.\",\"publisher\":{\"@id\":\"https:\/\/www.nexoinformativo.mx\/#organization\"},\"potentialAction\":[{\"@type\":\"SearchAction\",\"target\":{\"@type\":\"EntryPoint\",\"urlTemplate\":\"https:\/\/www.nexoinformativo.mx\/?s={search_term_string}\"},\"query-input\":{\"@type\":\"PropertyValueSpecification\",\"valueRequired\":true,\"valueName\":\"search_term_string\"}}],\"inLanguage\":\"es\"},{\"@type\":\"Organization\",\"@id\":\"https:\/\/www.nexoinformativo.mx\/#organization\",\"name\":\"Nexo Informativo Santiago de Quer\u00e9taro\",\"url\":\"https:\/\/www.nexoinformativo.mx\/\",\"logo\":{\"@type\":\"ImageObject\",\"inLanguage\":\"es\",\"@id\":\"https:\/\/www.nexoinformativo.mx\/#\/schema\/logo\/image\/\",\"url\":\"https:\/\/www.nexoinformativo.mx\/wp-content\/uploads\/2024\/07\/nexoi-trasparente-2.png\",\"contentUrl\":\"https:\/\/www.nexoinformativo.mx\/wp-content\/uploads\/2024\/07\/nexoi-trasparente-2.png\",\"width\":816,\"height\":339,\"caption\":\"Nexo Informativo Santiago de Quer\u00e9taro\"},\"image\":{\"@id\":\"https:\/\/www.nexoinformativo.mx\/#\/schema\/logo\/image\/\"},\"sameAs\":[\"https:\/\/www.facebook.com\/people\/Nexo-Informativo\/61564066885511\/\"]},{\"@type\":\"Person\",\"@id\":\"https:\/\/www.nexoinformativo.mx\/#\/schema\/person\/7749d380ba08c8ca00d7bc76fd907b7d\",\"name\":\"Nexo Informativo\",\"image\":{\"@type\":\"ImageObject\",\"inLanguage\":\"es\",\"@id\":\"https:\/\/www.nexoinformativo.mx\/#\/schema\/person\/image\/\",\"url\":\"https:\/\/secure.gravatar.com\/avatar\/dde2928154642a13d95f87ddf1ea9718fe2b46760a005c53e41ff5ad610704e6?s=96&d=mm&r=g\",\"contentUrl\":\"https:\/\/secure.gravatar.com\/avatar\/dde2928154642a13d95f87ddf1ea9718fe2b46760a005c53e41ff5ad610704e6?s=96&d=mm&r=g\",\"caption\":\"Nexo Informativo\"},\"url\":\"https:\/\/www.nexoinformativo.mx\/index.php\/author\/edicion\/\"}]}<\/script>\n<!-- \/ Yoast SEO plugin. -->","yoast_head_json":{"title":"Quer\u00e9taro solicita m\u00e1s recursos para educaci\u00f3n y pide terreno para la DGTI | Nexo Informativo Santiago de Quer\u00e9taro","description":"Quer\u00e9taro solicita m\u00e1s recursos para educaci\u00f3n y pide terreno para la DGTI","robots":{"index":"index","follow":"follow","max-snippet":"max-snippet:-1","max-image-preview":"max-image-preview:large","max-video-preview":"max-video-preview:-1"},"canonical":"https:\/\/www.nexoinformativo.mx\/index.php\/2024\/10\/23\/queretaro-solicita-mas-recursos-para-educacion-y-pide-terreno-para-la-dgti\/","og_locale":"es_MX","og_type":"article","og_title":"Quer\u00e9taro solicita m\u00e1s recursos para educaci\u00f3n y pide terreno para la DGTI | Nexo Informativo Santiago de Quer\u00e9taro","og_description":"Quer\u00e9taro solicita m\u00e1s recursos para educaci\u00f3n y pide terreno para la DGTI","og_url":"https:\/\/www.nexoinformativo.mx\/index.php\/2024\/10\/23\/queretaro-solicita-mas-recursos-para-educacion-y-pide-terreno-para-la-dgti\/","og_site_name":"Nexo Informativo Santiago de Quer\u00e9taro","article_publisher":"https:\/\/www.facebook.com\/people\/Nexo-Informativo\/61564066885511\/","article_published_time":"2024-10-23T18:00:40+00:00","article_modified_time":"2024-10-23T18:59:38+00:00","og_image":[{"width":800,"height":1000,"url":"https:\/\/www.nexoinformativo.mx\/wp-content\/uploads\/2024\/10\/PHOTO-2024-10-23-12-18-27-e1729709783997.jpg","type":"image\/jpeg"}],"author":"Nexo Informativo","twitter_card":"summary_large_image","twitter_misc":{"Escrito por":"Nexo Informativo","Tiempo de lectura":"2 minutos"},"schema":{"@context":"https:\/\/schema.org","@graph":[{"@type":"Article","@id":"https:\/\/www.nexoinformativo.mx\/index.php\/2024\/10\/23\/queretaro-solicita-mas-recursos-para-educacion-y-pide-terreno-para-la-dgti\/#article","isPartOf":{"@id":"https:\/\/www.nexoinformativo.mx\/index.php\/2024\/10\/23\/queretaro-solicita-mas-recursos-para-educacion-y-pide-terreno-para-la-dgti\/"},"author":{"name":"Nexo Informativo","@id":"https:\/\/www.nexoinformativo.mx\/#\/schema\/person\/7749d380ba08c8ca00d7bc76fd907b7d"},"headline":"Quer\u00e9taro solicita m\u00e1s recursos para educaci\u00f3n y pide terreno para la DGTI","datePublished":"2024-10-23T18:00:40+00:00","dateModified":"2024-10-23T18:59:38+00:00","mainEntityOfPage":{"@id":"https:\/\/www.nexoinformativo.mx\/index.php\/2024\/10\/23\/queretaro-solicita-mas-recursos-para-educacion-y-pide-terreno-para-la-dgti\/"},"wordCount":242,"commentCount":0,"publisher":{"@id":"https:\/\/www.nexoinformativo.mx\/#organization"},"image":{"@id":"https:\/\/www.nexoinformativo.mx\/index.php\/2024\/10\/23\/queretaro-solicita-mas-recursos-para-educacion-y-pide-terreno-para-la-dgti\/#primaryimage"},"thumbnailUrl":"https:\/\/www.nexoinformativo.mx\/wp-content\/uploads\/2024\/10\/PHOTO-2024-10-23-12-18-27-e1729709783997.jpg","keywords":["CONAEDU","educacion","Inversi\u00f3nEducativa","Quer\u00e9taro"],"articleSection":["Estado","\u00daltima Hora"],"inLanguage":"es","potentialAction":[{"@type":"CommentAction","name":"Comment","target":["https:\/\/www.nexoinformativo.mx\/index.php\/2024\/10\/23\/queretaro-solicita-mas-recursos-para-educacion-y-pide-terreno-para-la-dgti\/#respond"]}]},{"@type":"WebPage","@id":"https:\/\/www.nexoinformativo.mx\/index.php\/2024\/10\/23\/queretaro-solicita-mas-recursos-para-educacion-y-pide-terreno-para-la-dgti\/","url":"https:\/\/www.nexoinformativo.mx\/index.php\/2024\/10\/23\/queretaro-solicita-mas-recursos-para-educacion-y-pide-terreno-para-la-dgti\/","name":"Quer\u00e9taro solicita m\u00e1s recursos para educaci\u00f3n y pide terreno para la DGTI | Nexo Informativo Santiago de Quer\u00e9taro","isPartOf":{"@id":"https:\/\/www.nexoinformativo.mx\/#website"},"primaryImageOfPage":{"@id":"https:\/\/www.nexoinformativo.mx\/index.php\/2024\/10\/23\/queretaro-solicita-mas-recursos-para-educacion-y-pide-terreno-para-la-dgti\/#primaryimage"},"image":{"@id":"https:\/\/www.nexoinformativo.mx\/index.php\/2024\/10\/23\/queretaro-solicita-mas-recursos-para-educacion-y-pide-terreno-para-la-dgti\/#primaryimage"},"thumbnailUrl":"https:\/\/www.nexoinformativo.mx\/wp-content\/uploads\/2024\/10\/PHOTO-2024-10-23-12-18-27-e1729709783997.jpg","datePublished":"2024-10-23T18:00:40+00:00","dateModified":"2024-10-23T18:59:38+00:00","description":"Quer\u00e9taro solicita m\u00e1s recursos para educaci\u00f3n y pide terreno para la DGTI","breadcrumb":{"@id":"https:\/\/www.nexoinformativo.mx\/index.php\/2024\/10\/23\/queretaro-solicita-mas-recursos-para-educacion-y-pide-terreno-para-la-dgti\/#breadcrumb"},"inLanguage":"es","potentialAction":[{"@type":"ReadAction","target":["https:\/\/www.nexoinformativo.mx\/index.php\/2024\/10\/23\/queretaro-solicita-mas-recursos-para-educacion-y-pide-terreno-para-la-dgti\/"]}]},{"@type":"ImageObject","inLanguage":"es","@id":"https:\/\/www.nexoinformativo.mx\/index.php\/2024\/10\/23\/queretaro-solicita-mas-recursos-para-educacion-y-pide-terreno-para-la-dgti\/#primaryimage","url":"https:\/\/www.nexoinformativo.mx\/wp-content\/uploads\/2024\/10\/PHOTO-2024-10-23-12-18-27-e1729709783997.jpg","contentUrl":"https:\/\/www.nexoinformativo.mx\/wp-content\/uploads\/2024\/10\/PHOTO-2024-10-23-12-18-27-e1729709783997.jpg","width":800,"height":1000},{"@type":"BreadcrumbList","@id":"https:\/\/www.nexoinformativo.mx\/index.php\/2024\/10\/23\/queretaro-solicita-mas-recursos-para-educacion-y-pide-terreno-para-la-dgti\/#breadcrumb","itemListElement":[{"@type":"ListItem","position":1,"name":"Inicio","item":"https:\/\/www.nexoinformativo.mx\/"},{"@type":"ListItem","position":2,"name":"Quer\u00e9taro solicita m\u00e1s recursos para educaci\u00f3n y pide terreno para la DGTI"}]},{"@type":"WebSite","@id":"https:\/\/www.nexoinformativo.mx\/#website","url":"https:\/\/www.nexoinformativo.mx\/","name":"Nexo Informativo Santiago de Quer\u00e9taro","description":"Explora NexoInformativo y convi\u00e9rtete en parte de una comunidad que valora el conocimiento y la verdad. Tu nexoinformativo es tu puente hacia una comprensi\u00f3n m\u00e1s profunda del mundo que te rodea.","publisher":{"@id":"https:\/\/www.nexoinformativo.mx\/#organization"},"potentialAction":[{"@type":"SearchAction","target":{"@type":"EntryPoint","urlTemplate":"https:\/\/www.nexoinformativo.mx\/?s={search_term_string}"},"query-input":{"@type":"PropertyValueSpecification","valueRequired":true,"valueName":"search_term_string"}}],"inLanguage":"es"},{"@type":"Organization","@id":"https:\/\/www.nexoinformativo.mx\/#organization","name":"Nexo Informativo Santiago de Quer\u00e9taro","url":"https:\/\/www.nexoinformativo.mx\/","logo":{"@type":"ImageObject","inLanguage":"es","@id":"https:\/\/www.nexoinformativo.mx\/#\/schema\/logo\/image\/","url":"https:\/\/www.nexoinformativo.mx\/wp-content\/uploads\/2024\/07\/nexoi-trasparente-2.png","contentUrl":"https:\/\/www.nexoinformativo.mx\/wp-content\/uploads\/2024\/07\/nexoi-trasparente-2.png","width":816,"height":339,"caption":"Nexo Informativo Santiago de Quer\u00e9taro"},"image":{"@id":"https:\/\/www.nexoinformativo.mx\/#\/schema\/logo\/image\/"},"sameAs":["https:\/\/www.facebook.com\/people\/Nexo-Informativo\/61564066885511\/"]},{"@type":"Person","@id":"https:\/\/www.nexoinformativo.mx\/#\/schema\/person\/7749d380ba08c8ca00d7bc76fd907b7d","name":"Nexo Informativo","image":{"@type":"ImageObject","inLanguage":"es","@id":"https:\/\/www.nexoinformativo.mx\/#\/schema\/person\/image\/","url":"https:\/\/secure.gravatar.com\/avatar\/dde2928154642a13d95f87ddf1ea9718fe2b46760a005c53e41ff5ad610704e6?s=96&d=mm&r=g","contentUrl":"https:\/\/secure.gravatar.com\/avatar\/dde2928154642a13d95f87ddf1ea9718fe2b46760a005c53e41ff5ad610704e6?s=96&d=mm&r=g","caption":"Nexo Informativo"},"url":"https:\/\/www.nexoinformativo.mx\/index.php\/author\/edicion\/"}]}},"_links":{"self":[{"href":"https:\/\/www.nexoinformativo.mx\/index.php\/wp-json\/wp\/v2\/posts\/4252","targetHints":{"allow":["GET"]}}],"collection":[{"href":"https:\/\/www.nexoinformativo.mx\/index.php\/wp-json\/wp\/v2\/posts"}],"about":[{"href":"https:\/\/www.nexoinformativo.mx\/index.php\/wp-json\/wp\/v2\/types\/post"}],"author":[{"embeddable":true,"href":"https:\/\/www.nexoinformativo.mx\/index.php\/wp-json\/wp\/v2\/users\/3"}],"replies":[{"embeddable":true,"href":"https:\/\/www.nexoinformativo.mx\/index.php\/wp-json\/wp\/v2\/comments?post=4252"}],"version-history":[{"count":5,"href":"https:\/\/www.nexoinformativo.mx\/index.php\/wp-json\/wp\/v2\/posts\/4252\/revisions"}],"predecessor-version":[{"id":4258,"href":"https:\/\/www.nexoinformativo.mx\/index.php\/wp-json\/wp\/v2\/posts\/4252\/revisions\/4258"}],"wp:featuredmedia":[{"embeddable":true,"href":"https:\/\/www.nexoinformativo.mx\/index.php\/wp-json\/wp\/v2\/media\/4253"}],"wp:attachment":[{"href":"https:\/\/www.nexoinformativo.mx\/index.php\/wp-json\/wp\/v2\/media?parent=4252"}],"wp:term":[{"taxonomy":"category","embeddable":true,"href":"https:\/\/www.nexoinformativo.mx\/index.php\/wp-json\/wp\/v2\/categories?post=4252"},{"taxonomy":"post_tag","embeddable":true,"href":"https:\/\/www.nexoinformativo.mx\/index.php\/wp-json\/wp\/v2\/tags?post=4252"}],"curies":[{"name":"wp","href":"https:\/\/api.w.org\/{rel}","templated":true}]}}