{"id":4259,"date":"2024-10-23T12:00:53","date_gmt":"2024-10-23T18:00:53","guid":{"rendered":"https:\/\/www.nexoinformativo.mx\/?p=4259"},"modified":"2024-10-23T13:06:25","modified_gmt":"2024-10-23T19:06:25","slug":"queretaro-dice-adios-a-la-comida-chatarra-en-las-escuelas","status":"publish","type":"post","link":"https:\/\/www.nexoinformativo.mx\/index.php\/2024\/10\/23\/queretaro-dice-adios-a-la-comida-chatarra-en-las-escuelas\/","title":{"rendered":"Quer\u00e9taro dice adi\u00f3s a la comida chatarra en las escuelas"},"content":{"rendered":"<p style=\"text-align: justify;\" data-sourcepos=\"7:1-7:269\">El estado de Quer\u00e9taro se suma a la iniciativa nacional para promover una alimentaci\u00f3n m\u00e1s saludable en las escuelas. A partir de marzo del pr\u00f3ximo a\u00f1o, se prohibir\u00e1 la venta de alimentos ultraprocesados o &#8220;chatarra&#8221; en los planteles educativos de la entidad. <\/p>\n<p>&nbsp;<\/p>\n<p style=\"text-align: justify;\" data-sourcepos=\"11:1-11:339\">La secretaria de Educaci\u00f3n de Quer\u00e9taro, Martha Elena Soto, anunci\u00f3 que el estado aplicar\u00e1 el lineamiento de la Secretar\u00eda de Educaci\u00f3n P\u00fablica (SEP) que proh\u00edbe la venta de comida chatarra en las escuelas. Esta medida busca fomentar h\u00e1bitos alimenticios m\u00e1s saludables entre los estudiantes y combatir problemas como la obesidad infantil. <\/p>\n<p>&nbsp;<\/p>\n<p style=\"text-align: justify;\" data-sourcepos=\"13:1-13:328\">La funcionaria estatal destac\u00f3 que el nuevo lineamiento establece consecuencias m\u00e1s claras para quienes incumplan la norma, como la posibilidad de rescindir los contratos de los proveedores de alimentos. Adem\u00e1s, se enfatiza la importancia de la participaci\u00f3n de los padres de familia para garantizar el \u00e9xito de esta iniciativa. <\/p>\n<p>&nbsp;<\/p>\n<p style=\"text-align: justify;\" data-sourcepos=\"17:1-17:313\">Con esta medida, Quer\u00e9taro se une a los esfuerzos del gobierno federal por promover una alimentaci\u00f3n m\u00e1s saludable en las escuelas. La prohibici\u00f3n de la comida chatarra representa un paso importante para mejorar la calidad de vida de los estudiantes y prevenir enfermedades relacionadas con una mala alimentaci\u00f3n. <\/p>\n<p>&nbsp;<\/p>\n<p style=\"text-align: center;\" data-sourcepos=\"17:1-17:313\"><em><strong>\u00a1Informaci\u00f3n que transforma!<\/strong><\/em><\/p>\n","protected":false},"excerpt":{"rendered":"<p>El estado de Quer\u00e9taro se suma a la iniciativa nacional para promover una alimentaci\u00f3n m\u00e1s saludable en las escuelas. A partir de marzo del pr\u00f3ximo a\u00f1o, se prohibir\u00e1 la venta de alimentos ultraprocesados o &#8220;chatarra&#8221; en los planteles educativos de la entidad. &nbsp; La secretaria de Educaci\u00f3n de Quer\u00e9taro, Martha Elena Soto, anunci\u00f3 que el [&hellip;]<\/p>\n","protected":false},"author":3,"featured_media":4262,"comment_status":"open","ping_status":"open","sticky":false,"template":"","format":"standard","meta":{"footnotes":""},"categories":[42,58],"tags":[1575,1576,1577,1578],"class_list":["post-4259","post","type-post","status-publish","format-standard","has-post-thumbnail","hentry","category-estado","category-ultima-hora","tag-adioschatarra","tag-alimentacionsaludable","tag-escuelasqueretaro","tag-ninossaludables"],"yoast_head":"<!-- This site is optimized with the Yoast SEO plugin v25.0 - https:\/\/yoast.com\/wordpress\/plugins\/seo\/ -->\n<title>Quer\u00e9taro dice adi\u00f3s a la comida chatarra en las escuelas | Nexo Informativo Santiago de Quer\u00e9taro<\/title>\n<meta name=\"description\" content=\"Quer\u00e9taro dice adi\u00f3s a la comida chatarra en las escuelas\" \/>\n<meta name=\"robots\" content=\"index, follow, max-snippet:-1, max-image-preview:large, max-video-preview:-1\" \/>\n<link rel=\"canonical\" href=\"https:\/\/www.nexoinformativo.mx\/index.php\/2024\/10\/23\/queretaro-dice-adios-a-la-comida-chatarra-en-las-escuelas\/\" \/>\n<meta property=\"og:locale\" content=\"es_MX\" \/>\n<meta property=\"og:type\" content=\"article\" \/>\n<meta property=\"og:title\" content=\"Quer\u00e9taro dice adi\u00f3s a la comida chatarra en las escuelas | Nexo Informativo Santiago de Quer\u00e9taro\" \/>\n<meta property=\"og:description\" content=\"Quer\u00e9taro dice adi\u00f3s a la comida chatarra en las escuelas\" \/>\n<meta property=\"og:url\" content=\"https:\/\/www.nexoinformativo.mx\/index.php\/2024\/10\/23\/queretaro-dice-adios-a-la-comida-chatarra-en-las-escuelas\/\" \/>\n<meta property=\"og:site_name\" content=\"Nexo Informativo Santiago de Quer\u00e9taro\" \/>\n<meta property=\"article:publisher\" content=\"https:\/\/www.facebook.com\/people\/Nexo-Informativo\/61564066885511\/\" \/>\n<meta property=\"article:published_time\" content=\"2024-10-23T18:00:53+00:00\" \/>\n<meta property=\"article:modified_time\" content=\"2024-10-23T19:06:25+00:00\" \/>\n<meta property=\"og:image\" content=\"https:\/\/www.nexoinformativo.mx\/wp-content\/uploads\/2024\/10\/PHOTO-2024-10-23-12-18-27-3-scaled-e1729710313439.jpg\" \/>\n\t<meta property=\"og:image:width\" content=\"800\" \/>\n\t<meta property=\"og:image:height\" content=\"533\" \/>\n\t<meta property=\"og:image:type\" content=\"image\/jpeg\" \/>\n<meta name=\"author\" content=\"Nexo Informativo\" \/>\n<meta name=\"twitter:card\" content=\"summary_large_image\" \/>\n<meta name=\"twitter:label1\" content=\"Escrito por\" \/>\n\t<meta name=\"twitter:data1\" content=\"Nexo Informativo\" \/>\n\t<meta name=\"twitter:label2\" content=\"Tiempo de lectura\" \/>\n\t<meta name=\"twitter:data2\" content=\"2 minutos\" \/>\n<script type=\"application\/ld+json\" class=\"yoast-schema-graph\">{\"@context\":\"https:\/\/schema.org\",\"@graph\":[{\"@type\":\"Article\",\"@id\":\"https:\/\/www.nexoinformativo.mx\/index.php\/2024\/10\/23\/queretaro-dice-adios-a-la-comida-chatarra-en-las-escuelas\/#article\",\"isPartOf\":{\"@id\":\"https:\/\/www.nexoinformativo.mx\/index.php\/2024\/10\/23\/queretaro-dice-adios-a-la-comida-chatarra-en-las-escuelas\/\"},\"author\":{\"name\":\"Nexo Informativo\",\"@id\":\"https:\/\/www.nexoinformativo.mx\/#\/schema\/person\/7749d380ba08c8ca00d7bc76fd907b7d\"},\"headline\":\"Quer\u00e9taro dice adi\u00f3s a la comida chatarra en las escuelas\",\"datePublished\":\"2024-10-23T18:00:53+00:00\",\"dateModified\":\"2024-10-23T19:06:25+00:00\",\"mainEntityOfPage\":{\"@id\":\"https:\/\/www.nexoinformativo.mx\/index.php\/2024\/10\/23\/queretaro-dice-adios-a-la-comida-chatarra-en-las-escuelas\/\"},\"wordCount\":231,\"commentCount\":0,\"publisher\":{\"@id\":\"https:\/\/www.nexoinformativo.mx\/#organization\"},\"image\":{\"@id\":\"https:\/\/www.nexoinformativo.mx\/index.php\/2024\/10\/23\/queretaro-dice-adios-a-la-comida-chatarra-en-las-escuelas\/#primaryimage\"},\"thumbnailUrl\":\"https:\/\/www.nexoinformativo.mx\/wp-content\/uploads\/2024\/10\/PHOTO-2024-10-23-12-18-27-3-scaled-e1729710313439.jpg\",\"keywords\":[\"Adi\u00f3sChatarra\",\"Alimentaci\u00f3nSaludable\",\"EscuelasQuer\u00e9taro\",\"Ni\u00f1osSaludables\"],\"articleSection\":[\"Estado\",\"\u00daltima Hora\"],\"inLanguage\":\"es\",\"potentialAction\":[{\"@type\":\"CommentAction\",\"name\":\"Comment\",\"target\":[\"https:\/\/www.nexoinformativo.mx\/index.php\/2024\/10\/23\/queretaro-dice-adios-a-la-comida-chatarra-en-las-escuelas\/#respond\"]}]},{\"@type\":\"WebPage\",\"@id\":\"https:\/\/www.nexoinformativo.mx\/index.php\/2024\/10\/23\/queretaro-dice-adios-a-la-comida-chatarra-en-las-escuelas\/\",\"url\":\"https:\/\/www.nexoinformativo.mx\/index.php\/2024\/10\/23\/queretaro-dice-adios-a-la-comida-chatarra-en-las-escuelas\/\",\"name\":\"Quer\u00e9taro dice adi\u00f3s a la comida chatarra en las escuelas | Nexo Informativo Santiago de Quer\u00e9taro\",\"isPartOf\":{\"@id\":\"https:\/\/www.nexoinformativo.mx\/#website\"},\"primaryImageOfPage\":{\"@id\":\"https:\/\/www.nexoinformativo.mx\/index.php\/2024\/10\/23\/queretaro-dice-adios-a-la-comida-chatarra-en-las-escuelas\/#primaryimage\"},\"image\":{\"@id\":\"https:\/\/www.nexoinformativo.mx\/index.php\/2024\/10\/23\/queretaro-dice-adios-a-la-comida-chatarra-en-las-escuelas\/#primaryimage\"},\"thumbnailUrl\":\"https:\/\/www.nexoinformativo.mx\/wp-content\/uploads\/2024\/10\/PHOTO-2024-10-23-12-18-27-3-scaled-e1729710313439.jpg\",\"datePublished\":\"2024-10-23T18:00:53+00:00\",\"dateModified\":\"2024-10-23T19:06:25+00:00\",\"description\":\"Quer\u00e9taro dice adi\u00f3s a la comida chatarra en las escuelas\",\"breadcrumb\":{\"@id\":\"https:\/\/www.nexoinformativo.mx\/index.php\/2024\/10\/23\/queretaro-dice-adios-a-la-comida-chatarra-en-las-escuelas\/#breadcrumb\"},\"inLanguage\":\"es\",\"potentialAction\":[{\"@type\":\"ReadAction\",\"target\":[\"https:\/\/www.nexoinformativo.mx\/index.php\/2024\/10\/23\/queretaro-dice-adios-a-la-comida-chatarra-en-las-escuelas\/\"]}]},{\"@type\":\"ImageObject\",\"inLanguage\":\"es\",\"@id\":\"https:\/\/www.nexoinformativo.mx\/index.php\/2024\/10\/23\/queretaro-dice-adios-a-la-comida-chatarra-en-las-escuelas\/#primaryimage\",\"url\":\"https:\/\/www.nexoinformativo.mx\/wp-content\/uploads\/2024\/10\/PHOTO-2024-10-23-12-18-27-3-scaled-e1729710313439.jpg\",\"contentUrl\":\"https:\/\/www.nexoinformativo.mx\/wp-content\/uploads\/2024\/10\/PHOTO-2024-10-23-12-18-27-3-scaled-e1729710313439.jpg\",\"width\":800,\"height\":533},{\"@type\":\"BreadcrumbList\",\"@id\":\"https:\/\/www.nexoinformativo.mx\/index.php\/2024\/10\/23\/queretaro-dice-adios-a-la-comida-chatarra-en-las-escuelas\/#breadcrumb\",\"itemListElement\":[{\"@type\":\"ListItem\",\"position\":1,\"name\":\"Inicio\",\"item\":\"https:\/\/www.nexoinformativo.mx\/\"},{\"@type\":\"ListItem\",\"position\":2,\"name\":\"Quer\u00e9taro dice adi\u00f3s a la comida chatarra en las escuelas\"}]},{\"@type\":\"WebSite\",\"@id\":\"https:\/\/www.nexoinformativo.mx\/#website\",\"url\":\"https:\/\/www.nexoinformativo.mx\/\",\"name\":\"Nexo Informativo Santiago de Quer\u00e9taro\",\"description\":\"Explora NexoInformativo y convi\u00e9rtete en parte de una comunidad que valora el conocimiento y la verdad. Tu nexoinformativo es tu puente hacia una comprensi\u00f3n m\u00e1s profunda del mundo que te rodea.\",\"publisher\":{\"@id\":\"https:\/\/www.nexoinformativo.mx\/#organization\"},\"potentialAction\":[{\"@type\":\"SearchAction\",\"target\":{\"@type\":\"EntryPoint\",\"urlTemplate\":\"https:\/\/www.nexoinformativo.mx\/?s={search_term_string}\"},\"query-input\":{\"@type\":\"PropertyValueSpecification\",\"valueRequired\":true,\"valueName\":\"search_term_string\"}}],\"inLanguage\":\"es\"},{\"@type\":\"Organization\",\"@id\":\"https:\/\/www.nexoinformativo.mx\/#organization\",\"name\":\"Nexo Informativo Santiago de Quer\u00e9taro\",\"url\":\"https:\/\/www.nexoinformativo.mx\/\",\"logo\":{\"@type\":\"ImageObject\",\"inLanguage\":\"es\",\"@id\":\"https:\/\/www.nexoinformativo.mx\/#\/schema\/logo\/image\/\",\"url\":\"https:\/\/www.nexoinformativo.mx\/wp-content\/uploads\/2024\/07\/nexoi-trasparente-2.png\",\"contentUrl\":\"https:\/\/www.nexoinformativo.mx\/wp-content\/uploads\/2024\/07\/nexoi-trasparente-2.png\",\"width\":816,\"height\":339,\"caption\":\"Nexo Informativo Santiago de Quer\u00e9taro\"},\"image\":{\"@id\":\"https:\/\/www.nexoinformativo.mx\/#\/schema\/logo\/image\/\"},\"sameAs\":[\"https:\/\/www.facebook.com\/people\/Nexo-Informativo\/61564066885511\/\"]},{\"@type\":\"Person\",\"@id\":\"https:\/\/www.nexoinformativo.mx\/#\/schema\/person\/7749d380ba08c8ca00d7bc76fd907b7d\",\"name\":\"Nexo Informativo\",\"image\":{\"@type\":\"ImageObject\",\"inLanguage\":\"es\",\"@id\":\"https:\/\/www.nexoinformativo.mx\/#\/schema\/person\/image\/\",\"url\":\"https:\/\/secure.gravatar.com\/avatar\/dde2928154642a13d95f87ddf1ea9718fe2b46760a005c53e41ff5ad610704e6?s=96&d=mm&r=g\",\"contentUrl\":\"https:\/\/secure.gravatar.com\/avatar\/dde2928154642a13d95f87ddf1ea9718fe2b46760a005c53e41ff5ad610704e6?s=96&d=mm&r=g\",\"caption\":\"Nexo Informativo\"},\"url\":\"https:\/\/www.nexoinformativo.mx\/index.php\/author\/edicion\/\"}]}<\/script>\n<!-- \/ Yoast SEO plugin. -->","yoast_head_json":{"title":"Quer\u00e9taro dice adi\u00f3s a la comida chatarra en las escuelas | Nexo Informativo Santiago de Quer\u00e9taro","description":"Quer\u00e9taro dice adi\u00f3s a la comida chatarra en las escuelas","robots":{"index":"index","follow":"follow","max-snippet":"max-snippet:-1","max-image-preview":"max-image-preview:large","max-video-preview":"max-video-preview:-1"},"canonical":"https:\/\/www.nexoinformativo.mx\/index.php\/2024\/10\/23\/queretaro-dice-adios-a-la-comida-chatarra-en-las-escuelas\/","og_locale":"es_MX","og_type":"article","og_title":"Quer\u00e9taro dice adi\u00f3s a la comida chatarra en las escuelas | Nexo Informativo Santiago de Quer\u00e9taro","og_description":"Quer\u00e9taro dice adi\u00f3s a la comida chatarra en las escuelas","og_url":"https:\/\/www.nexoinformativo.mx\/index.php\/2024\/10\/23\/queretaro-dice-adios-a-la-comida-chatarra-en-las-escuelas\/","og_site_name":"Nexo Informativo Santiago de Quer\u00e9taro","article_publisher":"https:\/\/www.facebook.com\/people\/Nexo-Informativo\/61564066885511\/","article_published_time":"2024-10-23T18:00:53+00:00","article_modified_time":"2024-10-23T19:06:25+00:00","og_image":[{"width":800,"height":533,"url":"https:\/\/www.nexoinformativo.mx\/wp-content\/uploads\/2024\/10\/PHOTO-2024-10-23-12-18-27-3-scaled-e1729710313439.jpg","type":"image\/jpeg"}],"author":"Nexo Informativo","twitter_card":"summary_large_image","twitter_misc":{"Escrito por":"Nexo Informativo","Tiempo de lectura":"2 minutos"},"schema":{"@context":"https:\/\/schema.org","@graph":[{"@type":"Article","@id":"https:\/\/www.nexoinformativo.mx\/index.php\/2024\/10\/23\/queretaro-dice-adios-a-la-comida-chatarra-en-las-escuelas\/#article","isPartOf":{"@id":"https:\/\/www.nexoinformativo.mx\/index.php\/2024\/10\/23\/queretaro-dice-adios-a-la-comida-chatarra-en-las-escuelas\/"},"author":{"name":"Nexo Informativo","@id":"https:\/\/www.nexoinformativo.mx\/#\/schema\/person\/7749d380ba08c8ca00d7bc76fd907b7d"},"headline":"Quer\u00e9taro dice adi\u00f3s a la comida chatarra en las escuelas","datePublished":"2024-10-23T18:00:53+00:00","dateModified":"2024-10-23T19:06:25+00:00","mainEntityOfPage":{"@id":"https:\/\/www.nexoinformativo.mx\/index.php\/2024\/10\/23\/queretaro-dice-adios-a-la-comida-chatarra-en-las-escuelas\/"},"wordCount":231,"commentCount":0,"publisher":{"@id":"https:\/\/www.nexoinformativo.mx\/#organization"},"image":{"@id":"https:\/\/www.nexoinformativo.mx\/index.php\/2024\/10\/23\/queretaro-dice-adios-a-la-comida-chatarra-en-las-escuelas\/#primaryimage"},"thumbnailUrl":"https:\/\/www.nexoinformativo.mx\/wp-content\/uploads\/2024\/10\/PHOTO-2024-10-23-12-18-27-3-scaled-e1729710313439.jpg","keywords":["Adi\u00f3sChatarra","Alimentaci\u00f3nSaludable","EscuelasQuer\u00e9taro","Ni\u00f1osSaludables"],"articleSection":["Estado","\u00daltima Hora"],"inLanguage":"es","potentialAction":[{"@type":"CommentAction","name":"Comment","target":["https:\/\/www.nexoinformativo.mx\/index.php\/2024\/10\/23\/queretaro-dice-adios-a-la-comida-chatarra-en-las-escuelas\/#respond"]}]},{"@type":"WebPage","@id":"https:\/\/www.nexoinformativo.mx\/index.php\/2024\/10\/23\/queretaro-dice-adios-a-la-comida-chatarra-en-las-escuelas\/","url":"https:\/\/www.nexoinformativo.mx\/index.php\/2024\/10\/23\/queretaro-dice-adios-a-la-comida-chatarra-en-las-escuelas\/","name":"Quer\u00e9taro dice adi\u00f3s a la comida chatarra en las escuelas | Nexo Informativo Santiago de Quer\u00e9taro","isPartOf":{"@id":"https:\/\/www.nexoinformativo.mx\/#website"},"primaryImageOfPage":{"@id":"https:\/\/www.nexoinformativo.mx\/index.php\/2024\/10\/23\/queretaro-dice-adios-a-la-comida-chatarra-en-las-escuelas\/#primaryimage"},"image":{"@id":"https:\/\/www.nexoinformativo.mx\/index.php\/2024\/10\/23\/queretaro-dice-adios-a-la-comida-chatarra-en-las-escuelas\/#primaryimage"},"thumbnailUrl":"https:\/\/www.nexoinformativo.mx\/wp-content\/uploads\/2024\/10\/PHOTO-2024-10-23-12-18-27-3-scaled-e1729710313439.jpg","datePublished":"2024-10-23T18:00:53+00:00","dateModified":"2024-10-23T19:06:25+00:00","description":"Quer\u00e9taro dice adi\u00f3s a la comida chatarra en las escuelas","breadcrumb":{"@id":"https:\/\/www.nexoinformativo.mx\/index.php\/2024\/10\/23\/queretaro-dice-adios-a-la-comida-chatarra-en-las-escuelas\/#breadcrumb"},"inLanguage":"es","potentialAction":[{"@type":"ReadAction","target":["https:\/\/www.nexoinformativo.mx\/index.php\/2024\/10\/23\/queretaro-dice-adios-a-la-comida-chatarra-en-las-escuelas\/"]}]},{"@type":"ImageObject","inLanguage":"es","@id":"https:\/\/www.nexoinformativo.mx\/index.php\/2024\/10\/23\/queretaro-dice-adios-a-la-comida-chatarra-en-las-escuelas\/#primaryimage","url":"https:\/\/www.nexoinformativo.mx\/wp-content\/uploads\/2024\/10\/PHOTO-2024-10-23-12-18-27-3-scaled-e1729710313439.jpg","contentUrl":"https:\/\/www.nexoinformativo.mx\/wp-content\/uploads\/2024\/10\/PHOTO-2024-10-23-12-18-27-3-scaled-e1729710313439.jpg","width":800,"height":533},{"@type":"BreadcrumbList","@id":"https:\/\/www.nexoinformativo.mx\/index.php\/2024\/10\/23\/queretaro-dice-adios-a-la-comida-chatarra-en-las-escuelas\/#breadcrumb","itemListElement":[{"@type":"ListItem","position":1,"name":"Inicio","item":"https:\/\/www.nexoinformativo.mx\/"},{"@type":"ListItem","position":2,"name":"Quer\u00e9taro dice adi\u00f3s a la comida chatarra en las escuelas"}]},{"@type":"WebSite","@id":"https:\/\/www.nexoinformativo.mx\/#website","url":"https:\/\/www.nexoinformativo.mx\/","name":"Nexo Informativo Santiago de Quer\u00e9taro","description":"Explora NexoInformativo y convi\u00e9rtete en parte de una comunidad que valora el conocimiento y la verdad. Tu nexoinformativo es tu puente hacia una comprensi\u00f3n m\u00e1s profunda del mundo que te rodea.","publisher":{"@id":"https:\/\/www.nexoinformativo.mx\/#organization"},"potentialAction":[{"@type":"SearchAction","target":{"@type":"EntryPoint","urlTemplate":"https:\/\/www.nexoinformativo.mx\/?s={search_term_string}"},"query-input":{"@type":"PropertyValueSpecification","valueRequired":true,"valueName":"search_term_string"}}],"inLanguage":"es"},{"@type":"Organization","@id":"https:\/\/www.nexoinformativo.mx\/#organization","name":"Nexo Informativo Santiago de Quer\u00e9taro","url":"https:\/\/www.nexoinformativo.mx\/","logo":{"@type":"ImageObject","inLanguage":"es","@id":"https:\/\/www.nexoinformativo.mx\/#\/schema\/logo\/image\/","url":"https:\/\/www.nexoinformativo.mx\/wp-content\/uploads\/2024\/07\/nexoi-trasparente-2.png","contentUrl":"https:\/\/www.nexoinformativo.mx\/wp-content\/uploads\/2024\/07\/nexoi-trasparente-2.png","width":816,"height":339,"caption":"Nexo Informativo Santiago de Quer\u00e9taro"},"image":{"@id":"https:\/\/www.nexoinformativo.mx\/#\/schema\/logo\/image\/"},"sameAs":["https:\/\/www.facebook.com\/people\/Nexo-Informativo\/61564066885511\/"]},{"@type":"Person","@id":"https:\/\/www.nexoinformativo.mx\/#\/schema\/person\/7749d380ba08c8ca00d7bc76fd907b7d","name":"Nexo Informativo","image":{"@type":"ImageObject","inLanguage":"es","@id":"https:\/\/www.nexoinformativo.mx\/#\/schema\/person\/image\/","url":"https:\/\/secure.gravatar.com\/avatar\/dde2928154642a13d95f87ddf1ea9718fe2b46760a005c53e41ff5ad610704e6?s=96&d=mm&r=g","contentUrl":"https:\/\/secure.gravatar.com\/avatar\/dde2928154642a13d95f87ddf1ea9718fe2b46760a005c53e41ff5ad610704e6?s=96&d=mm&r=g","caption":"Nexo Informativo"},"url":"https:\/\/www.nexoinformativo.mx\/index.php\/author\/edicion\/"}]}},"_links":{"self":[{"href":"https:\/\/www.nexoinformativo.mx\/index.php\/wp-json\/wp\/v2\/posts\/4259","targetHints":{"allow":["GET"]}}],"collection":[{"href":"https:\/\/www.nexoinformativo.mx\/index.php\/wp-json\/wp\/v2\/posts"}],"about":[{"href":"https:\/\/www.nexoinformativo.mx\/index.php\/wp-json\/wp\/v2\/types\/post"}],"author":[{"embeddable":true,"href":"https:\/\/www.nexoinformativo.mx\/index.php\/wp-json\/wp\/v2\/users\/3"}],"replies":[{"embeddable":true,"href":"https:\/\/www.nexoinformativo.mx\/index.php\/wp-json\/wp\/v2\/comments?post=4259"}],"version-history":[{"count":4,"href":"https:\/\/www.nexoinformativo.mx\/index.php\/wp-json\/wp\/v2\/posts\/4259\/revisions"}],"predecessor-version":[{"id":4261,"href":"https:\/\/www.nexoinformativo.mx\/index.php\/wp-json\/wp\/v2\/posts\/4259\/revisions\/4261"}],"wp:featuredmedia":[{"embeddable":true,"href":"https:\/\/www.nexoinformativo.mx\/index.php\/wp-json\/wp\/v2\/media\/4262"}],"wp:attachment":[{"href":"https:\/\/www.nexoinformativo.mx\/index.php\/wp-json\/wp\/v2\/media?parent=4259"}],"wp:term":[{"taxonomy":"category","embeddable":true,"href":"https:\/\/www.nexoinformativo.mx\/index.php\/wp-json\/wp\/v2\/categories?post=4259"},{"taxonomy":"post_tag","embeddable":true,"href":"https:\/\/www.nexoinformativo.mx\/index.php\/wp-json\/wp\/v2\/tags?post=4259"}],"curies":[{"name":"wp","href":"https:\/\/api.w.org\/{rel}","templated":true}]}}