{"id":4281,"date":"2024-10-23T13:30:15","date_gmt":"2024-10-23T19:30:15","guid":{"rendered":"https:\/\/www.nexoinformativo.mx\/?p=4281"},"modified":"2024-10-23T14:42:07","modified_gmt":"2024-10-23T20:42:07","slug":"corregidora-amplia-su-plan-de-obra-y-consolida-su-desarrollo","status":"publish","type":"post","link":"https:\/\/www.nexoinformativo.mx\/index.php\/2024\/10\/23\/corregidora-amplia-su-plan-de-obra-y-consolida-su-desarrollo\/","title":{"rendered":"Corregidora ampl\u00eda su plan de obra y consolida su desarrollo"},"content":{"rendered":"<p style=\"text-align: justify;\" data-sourcepos=\"7:1-7:282\">El Ayuntamiento de Corregidora dio un importante paso para impulsar el desarrollo del municipio. En una sesi\u00f3n de cabildo, se aprob\u00f3 por unanimidad la ampliaci\u00f3n del Programa de Obra Anual, lo que permitir\u00e1 llevar a cabo nuevas obras y acciones en beneficio de los ciudadanos.<\/p>\n<p>&nbsp;<\/p>\n<p style=\"text-align: justify;\" data-sourcepos=\"11:1-11:62\">Entre los acuerdos m\u00e1s destacados de la sesi\u00f3n, se encuentran:<\/p>\n<p data-sourcepos=\"11:1-11:62\">\n<ul style=\"text-align: justify;\" data-sourcepos=\"13:1-18:0\">\n<li data-sourcepos=\"13:1-13:198\"><strong>Ampliaci\u00f3n del POA:<\/strong> La aprobaci\u00f3n de la ampliaci\u00f3n del POA permitir\u00e1 continuar con proyectos de infraestructura en todo el municipio, incluyendo zonas que hasta ahora no hab\u00edan sido atendidas.<\/li>\n<li data-sourcepos=\"14:1-14:184\"><strong>Incorporaci\u00f3n de Candiles como delegaci\u00f3n:<\/strong> Candiles se integrar\u00e1 como una nueva delegaci\u00f3n del municipio, lo que permitir\u00e1 una mayor atenci\u00f3n a las necesidades de sus habitantes.<\/li>\n<li data-sourcepos=\"15:1-15:214\"><strong>Elecci\u00f3n de delegados:<\/strong> Se estableci\u00f3 el m\u00e9todo para elegir a los delegados, subdelegados y subdelegadas, garantizando la participaci\u00f3n ciudadana y la representaci\u00f3n de los diferentes sectores de la poblaci\u00f3n.<\/li>\n<li data-sourcepos=\"16:1-16:171\"><strong>Ampliaci\u00f3n del programa Movivan:<\/strong> Se incorporar\u00e1 una nueva ruta al programa Movivan, que ofrece transporte gratuito y seguro a mujeres, adultos mayores y estudiantes.<\/li>\n<li data-sourcepos=\"17:1-18:0\"><strong>Actualizaci\u00f3n de tablas de valores:<\/strong> Se aprob\u00f3 la propuesta de Tablas de Valores Unitarios de Suelo y Construcci\u00f3n para el ejercicio fiscal 2025, lo que permitir\u00e1 agilizar los tr\u00e1mites relacionados con la construcci\u00f3n.\n<p style=\"text-align: justify;\" data-sourcepos=\"19:1-19:179\">El alcalde de Corregidora, Chepe Guerrero, destac\u00f3 la importancia de la colaboraci\u00f3n entre el gobierno municipal y los ciudadanos para lograr un desarrollo integral del municipio.<\/p>\n<p style=\"text-align: justify;\" data-sourcepos=\"19:1-19:179\">Con estas acciones, el Ayuntamiento de Corregidora demuestra su compromiso con el bienestar de los corregidorenses y consolida su posici\u00f3n como uno de los municipios m\u00e1s din\u00e1micos y en crecimiento del estado de Quer\u00e9taro.<\/p>\n<p>&nbsp;<\/p>\n<p style=\"text-align: center;\" data-sourcepos=\"19:1-19:179\"><em><strong>\u00a1Informaci\u00f3n que transforma!<\/strong><\/em><\/p>\n<\/li>\n<\/ul>\n","protected":false},"excerpt":{"rendered":"<p>El Ayuntamiento de Corregidora dio un importante paso para impulsar el desarrollo del municipio. En una sesi\u00f3n de cabildo, se aprob\u00f3 por unanimidad la ampliaci\u00f3n del Programa de Obra Anual, lo que permitir\u00e1 llevar a cabo nuevas obras y acciones en beneficio de los ciudadanos. &nbsp; Entre los acuerdos m\u00e1s destacados de la sesi\u00f3n, se [&hellip;]<\/p>\n","protected":false},"author":3,"featured_media":4282,"comment_status":"open","ping_status":"open","sticky":false,"template":"","format":"standard","meta":{"footnotes":""},"categories":[65,58],"tags":[233,781,756,1241],"class_list":["post-4281","post","type-post","status-publish","format-standard","has-post-thumbnail","hentry","category-municipios","category-ultima-hora","tag-corregidora","tag-desarrollomunicipal","tag-movilidadsustentable","tag-obrapublica"],"yoast_head":"<!-- This site is optimized with the Yoast SEO plugin v25.0 - https:\/\/yoast.com\/wordpress\/plugins\/seo\/ -->\n<title>Corregidora ampl\u00eda su plan de obra y consolida su desarrollo | Nexo Informativo Santiago de Quer\u00e9taro<\/title>\n<meta name=\"description\" content=\"Corregidora ampl\u00eda su plan de obra y consolida su desarrollo\" \/>\n<meta name=\"robots\" content=\"index, follow, max-snippet:-1, max-image-preview:large, max-video-preview:-1\" \/>\n<link rel=\"canonical\" href=\"https:\/\/www.nexoinformativo.mx\/index.php\/2024\/10\/23\/corregidora-amplia-su-plan-de-obra-y-consolida-su-desarrollo\/\" \/>\n<meta property=\"og:locale\" content=\"es_MX\" \/>\n<meta property=\"og:type\" content=\"article\" \/>\n<meta property=\"og:title\" content=\"Corregidora ampl\u00eda su plan de obra y consolida su desarrollo | Nexo Informativo Santiago de Quer\u00e9taro\" \/>\n<meta property=\"og:description\" content=\"Corregidora ampl\u00eda su plan de obra y consolida su desarrollo\" \/>\n<meta property=\"og:url\" content=\"https:\/\/www.nexoinformativo.mx\/index.php\/2024\/10\/23\/corregidora-amplia-su-plan-de-obra-y-consolida-su-desarrollo\/\" \/>\n<meta property=\"og:site_name\" content=\"Nexo Informativo Santiago de Quer\u00e9taro\" \/>\n<meta property=\"article:publisher\" content=\"https:\/\/www.facebook.com\/people\/Nexo-Informativo\/61564066885511\/\" \/>\n<meta property=\"article:published_time\" content=\"2024-10-23T19:30:15+00:00\" \/>\n<meta property=\"article:modified_time\" content=\"2024-10-23T20:42:07+00:00\" \/>\n<meta property=\"og:image\" content=\"https:\/\/www.nexoinformativo.mx\/wp-content\/uploads\/2024\/10\/PHOTO-2024-10-23-13-47-56-e1729715089758.jpg\" \/>\n\t<meta property=\"og:image:width\" content=\"800\" \/>\n\t<meta property=\"og:image:height\" content=\"1000\" \/>\n\t<meta property=\"og:image:type\" content=\"image\/jpeg\" \/>\n<meta name=\"author\" content=\"Nexo Informativo\" \/>\n<meta name=\"twitter:card\" content=\"summary_large_image\" \/>\n<meta name=\"twitter:label1\" content=\"Escrito por\" \/>\n\t<meta name=\"twitter:data1\" content=\"Nexo Informativo\" \/>\n\t<meta name=\"twitter:label2\" content=\"Tiempo de lectura\" \/>\n\t<meta name=\"twitter:data2\" content=\"2 minutos\" \/>\n<script type=\"application\/ld+json\" class=\"yoast-schema-graph\">{\"@context\":\"https:\/\/schema.org\",\"@graph\":[{\"@type\":\"Article\",\"@id\":\"https:\/\/www.nexoinformativo.mx\/index.php\/2024\/10\/23\/corregidora-amplia-su-plan-de-obra-y-consolida-su-desarrollo\/#article\",\"isPartOf\":{\"@id\":\"https:\/\/www.nexoinformativo.mx\/index.php\/2024\/10\/23\/corregidora-amplia-su-plan-de-obra-y-consolida-su-desarrollo\/\"},\"author\":{\"name\":\"Nexo Informativo\",\"@id\":\"https:\/\/www.nexoinformativo.mx\/#\/schema\/person\/7749d380ba08c8ca00d7bc76fd907b7d\"},\"headline\":\"Corregidora ampl\u00eda su plan de obra y consolida su desarrollo\",\"datePublished\":\"2024-10-23T19:30:15+00:00\",\"dateModified\":\"2024-10-23T20:42:07+00:00\",\"mainEntityOfPage\":{\"@id\":\"https:\/\/www.nexoinformativo.mx\/index.php\/2024\/10\/23\/corregidora-amplia-su-plan-de-obra-y-consolida-su-desarrollo\/\"},\"wordCount\":299,\"commentCount\":0,\"publisher\":{\"@id\":\"https:\/\/www.nexoinformativo.mx\/#organization\"},\"image\":{\"@id\":\"https:\/\/www.nexoinformativo.mx\/index.php\/2024\/10\/23\/corregidora-amplia-su-plan-de-obra-y-consolida-su-desarrollo\/#primaryimage\"},\"thumbnailUrl\":\"https:\/\/www.nexoinformativo.mx\/wp-content\/uploads\/2024\/10\/PHOTO-2024-10-23-13-47-56-e1729715089758.jpg\",\"keywords\":[\"Corregidora\",\"DesarrolloMunicipal\",\"MovilidadSustentable\",\"ObraP\u00fablica\"],\"articleSection\":[\"Municipios\",\"\u00daltima Hora\"],\"inLanguage\":\"es\",\"potentialAction\":[{\"@type\":\"CommentAction\",\"name\":\"Comment\",\"target\":[\"https:\/\/www.nexoinformativo.mx\/index.php\/2024\/10\/23\/corregidora-amplia-su-plan-de-obra-y-consolida-su-desarrollo\/#respond\"]}]},{\"@type\":\"WebPage\",\"@id\":\"https:\/\/www.nexoinformativo.mx\/index.php\/2024\/10\/23\/corregidora-amplia-su-plan-de-obra-y-consolida-su-desarrollo\/\",\"url\":\"https:\/\/www.nexoinformativo.mx\/index.php\/2024\/10\/23\/corregidora-amplia-su-plan-de-obra-y-consolida-su-desarrollo\/\",\"name\":\"Corregidora ampl\u00eda su plan de obra y consolida su desarrollo | Nexo Informativo Santiago de Quer\u00e9taro\",\"isPartOf\":{\"@id\":\"https:\/\/www.nexoinformativo.mx\/#website\"},\"primaryImageOfPage\":{\"@id\":\"https:\/\/www.nexoinformativo.mx\/index.php\/2024\/10\/23\/corregidora-amplia-su-plan-de-obra-y-consolida-su-desarrollo\/#primaryimage\"},\"image\":{\"@id\":\"https:\/\/www.nexoinformativo.mx\/index.php\/2024\/10\/23\/corregidora-amplia-su-plan-de-obra-y-consolida-su-desarrollo\/#primaryimage\"},\"thumbnailUrl\":\"https:\/\/www.nexoinformativo.mx\/wp-content\/uploads\/2024\/10\/PHOTO-2024-10-23-13-47-56-e1729715089758.jpg\",\"datePublished\":\"2024-10-23T19:30:15+00:00\",\"dateModified\":\"2024-10-23T20:42:07+00:00\",\"description\":\"Corregidora ampl\u00eda su plan de obra y consolida su desarrollo\",\"breadcrumb\":{\"@id\":\"https:\/\/www.nexoinformativo.mx\/index.php\/2024\/10\/23\/corregidora-amplia-su-plan-de-obra-y-consolida-su-desarrollo\/#breadcrumb\"},\"inLanguage\":\"es\",\"potentialAction\":[{\"@type\":\"ReadAction\",\"target\":[\"https:\/\/www.nexoinformativo.mx\/index.php\/2024\/10\/23\/corregidora-amplia-su-plan-de-obra-y-consolida-su-desarrollo\/\"]}]},{\"@type\":\"ImageObject\",\"inLanguage\":\"es\",\"@id\":\"https:\/\/www.nexoinformativo.mx\/index.php\/2024\/10\/23\/corregidora-amplia-su-plan-de-obra-y-consolida-su-desarrollo\/#primaryimage\",\"url\":\"https:\/\/www.nexoinformativo.mx\/wp-content\/uploads\/2024\/10\/PHOTO-2024-10-23-13-47-56-e1729715089758.jpg\",\"contentUrl\":\"https:\/\/www.nexoinformativo.mx\/wp-content\/uploads\/2024\/10\/PHOTO-2024-10-23-13-47-56-e1729715089758.jpg\",\"width\":800,\"height\":1000},{\"@type\":\"BreadcrumbList\",\"@id\":\"https:\/\/www.nexoinformativo.mx\/index.php\/2024\/10\/23\/corregidora-amplia-su-plan-de-obra-y-consolida-su-desarrollo\/#breadcrumb\",\"itemListElement\":[{\"@type\":\"ListItem\",\"position\":1,\"name\":\"Inicio\",\"item\":\"https:\/\/www.nexoinformativo.mx\/\"},{\"@type\":\"ListItem\",\"position\":2,\"name\":\"Corregidora ampl\u00eda su plan de obra y consolida su desarrollo\"}]},{\"@type\":\"WebSite\",\"@id\":\"https:\/\/www.nexoinformativo.mx\/#website\",\"url\":\"https:\/\/www.nexoinformativo.mx\/\",\"name\":\"Nexo Informativo Santiago de Quer\u00e9taro\",\"description\":\"Explora NexoInformativo y convi\u00e9rtete en parte de una comunidad que valora el conocimiento y la verdad. Tu nexoinformativo es tu puente hacia una comprensi\u00f3n m\u00e1s profunda del mundo que te rodea.\",\"publisher\":{\"@id\":\"https:\/\/www.nexoinformativo.mx\/#organization\"},\"potentialAction\":[{\"@type\":\"SearchAction\",\"target\":{\"@type\":\"EntryPoint\",\"urlTemplate\":\"https:\/\/www.nexoinformativo.mx\/?s={search_term_string}\"},\"query-input\":{\"@type\":\"PropertyValueSpecification\",\"valueRequired\":true,\"valueName\":\"search_term_string\"}}],\"inLanguage\":\"es\"},{\"@type\":\"Organization\",\"@id\":\"https:\/\/www.nexoinformativo.mx\/#organization\",\"name\":\"Nexo Informativo Santiago de Quer\u00e9taro\",\"url\":\"https:\/\/www.nexoinformativo.mx\/\",\"logo\":{\"@type\":\"ImageObject\",\"inLanguage\":\"es\",\"@id\":\"https:\/\/www.nexoinformativo.mx\/#\/schema\/logo\/image\/\",\"url\":\"https:\/\/www.nexoinformativo.mx\/wp-content\/uploads\/2024\/07\/nexoi-trasparente-2.png\",\"contentUrl\":\"https:\/\/www.nexoinformativo.mx\/wp-content\/uploads\/2024\/07\/nexoi-trasparente-2.png\",\"width\":816,\"height\":339,\"caption\":\"Nexo Informativo Santiago de Quer\u00e9taro\"},\"image\":{\"@id\":\"https:\/\/www.nexoinformativo.mx\/#\/schema\/logo\/image\/\"},\"sameAs\":[\"https:\/\/www.facebook.com\/people\/Nexo-Informativo\/61564066885511\/\"]},{\"@type\":\"Person\",\"@id\":\"https:\/\/www.nexoinformativo.mx\/#\/schema\/person\/7749d380ba08c8ca00d7bc76fd907b7d\",\"name\":\"Nexo Informativo\",\"image\":{\"@type\":\"ImageObject\",\"inLanguage\":\"es\",\"@id\":\"https:\/\/www.nexoinformativo.mx\/#\/schema\/person\/image\/\",\"url\":\"https:\/\/secure.gravatar.com\/avatar\/dde2928154642a13d95f87ddf1ea9718fe2b46760a005c53e41ff5ad610704e6?s=96&d=mm&r=g\",\"contentUrl\":\"https:\/\/secure.gravatar.com\/avatar\/dde2928154642a13d95f87ddf1ea9718fe2b46760a005c53e41ff5ad610704e6?s=96&d=mm&r=g\",\"caption\":\"Nexo Informativo\"},\"url\":\"https:\/\/www.nexoinformativo.mx\/index.php\/author\/edicion\/\"}]}<\/script>\n<!-- \/ Yoast SEO plugin. -->","yoast_head_json":{"title":"Corregidora ampl\u00eda su plan de obra y consolida su desarrollo | Nexo Informativo Santiago de Quer\u00e9taro","description":"Corregidora ampl\u00eda su plan de obra y consolida su desarrollo","robots":{"index":"index","follow":"follow","max-snippet":"max-snippet:-1","max-image-preview":"max-image-preview:large","max-video-preview":"max-video-preview:-1"},"canonical":"https:\/\/www.nexoinformativo.mx\/index.php\/2024\/10\/23\/corregidora-amplia-su-plan-de-obra-y-consolida-su-desarrollo\/","og_locale":"es_MX","og_type":"article","og_title":"Corregidora ampl\u00eda su plan de obra y consolida su desarrollo | Nexo Informativo Santiago de Quer\u00e9taro","og_description":"Corregidora ampl\u00eda su plan de obra y consolida su desarrollo","og_url":"https:\/\/www.nexoinformativo.mx\/index.php\/2024\/10\/23\/corregidora-amplia-su-plan-de-obra-y-consolida-su-desarrollo\/","og_site_name":"Nexo Informativo Santiago de Quer\u00e9taro","article_publisher":"https:\/\/www.facebook.com\/people\/Nexo-Informativo\/61564066885511\/","article_published_time":"2024-10-23T19:30:15+00:00","article_modified_time":"2024-10-23T20:42:07+00:00","og_image":[{"width":800,"height":1000,"url":"https:\/\/www.nexoinformativo.mx\/wp-content\/uploads\/2024\/10\/PHOTO-2024-10-23-13-47-56-e1729715089758.jpg","type":"image\/jpeg"}],"author":"Nexo Informativo","twitter_card":"summary_large_image","twitter_misc":{"Escrito por":"Nexo Informativo","Tiempo de lectura":"2 minutos"},"schema":{"@context":"https:\/\/schema.org","@graph":[{"@type":"Article","@id":"https:\/\/www.nexoinformativo.mx\/index.php\/2024\/10\/23\/corregidora-amplia-su-plan-de-obra-y-consolida-su-desarrollo\/#article","isPartOf":{"@id":"https:\/\/www.nexoinformativo.mx\/index.php\/2024\/10\/23\/corregidora-amplia-su-plan-de-obra-y-consolida-su-desarrollo\/"},"author":{"name":"Nexo Informativo","@id":"https:\/\/www.nexoinformativo.mx\/#\/schema\/person\/7749d380ba08c8ca00d7bc76fd907b7d"},"headline":"Corregidora ampl\u00eda su plan de obra y consolida su desarrollo","datePublished":"2024-10-23T19:30:15+00:00","dateModified":"2024-10-23T20:42:07+00:00","mainEntityOfPage":{"@id":"https:\/\/www.nexoinformativo.mx\/index.php\/2024\/10\/23\/corregidora-amplia-su-plan-de-obra-y-consolida-su-desarrollo\/"},"wordCount":299,"commentCount":0,"publisher":{"@id":"https:\/\/www.nexoinformativo.mx\/#organization"},"image":{"@id":"https:\/\/www.nexoinformativo.mx\/index.php\/2024\/10\/23\/corregidora-amplia-su-plan-de-obra-y-consolida-su-desarrollo\/#primaryimage"},"thumbnailUrl":"https:\/\/www.nexoinformativo.mx\/wp-content\/uploads\/2024\/10\/PHOTO-2024-10-23-13-47-56-e1729715089758.jpg","keywords":["Corregidora","DesarrolloMunicipal","MovilidadSustentable","ObraP\u00fablica"],"articleSection":["Municipios","\u00daltima Hora"],"inLanguage":"es","potentialAction":[{"@type":"CommentAction","name":"Comment","target":["https:\/\/www.nexoinformativo.mx\/index.php\/2024\/10\/23\/corregidora-amplia-su-plan-de-obra-y-consolida-su-desarrollo\/#respond"]}]},{"@type":"WebPage","@id":"https:\/\/www.nexoinformativo.mx\/index.php\/2024\/10\/23\/corregidora-amplia-su-plan-de-obra-y-consolida-su-desarrollo\/","url":"https:\/\/www.nexoinformativo.mx\/index.php\/2024\/10\/23\/corregidora-amplia-su-plan-de-obra-y-consolida-su-desarrollo\/","name":"Corregidora ampl\u00eda su plan de obra y consolida su desarrollo | Nexo Informativo Santiago de Quer\u00e9taro","isPartOf":{"@id":"https:\/\/www.nexoinformativo.mx\/#website"},"primaryImageOfPage":{"@id":"https:\/\/www.nexoinformativo.mx\/index.php\/2024\/10\/23\/corregidora-amplia-su-plan-de-obra-y-consolida-su-desarrollo\/#primaryimage"},"image":{"@id":"https:\/\/www.nexoinformativo.mx\/index.php\/2024\/10\/23\/corregidora-amplia-su-plan-de-obra-y-consolida-su-desarrollo\/#primaryimage"},"thumbnailUrl":"https:\/\/www.nexoinformativo.mx\/wp-content\/uploads\/2024\/10\/PHOTO-2024-10-23-13-47-56-e1729715089758.jpg","datePublished":"2024-10-23T19:30:15+00:00","dateModified":"2024-10-23T20:42:07+00:00","description":"Corregidora ampl\u00eda su plan de obra y consolida su desarrollo","breadcrumb":{"@id":"https:\/\/www.nexoinformativo.mx\/index.php\/2024\/10\/23\/corregidora-amplia-su-plan-de-obra-y-consolida-su-desarrollo\/#breadcrumb"},"inLanguage":"es","potentialAction":[{"@type":"ReadAction","target":["https:\/\/www.nexoinformativo.mx\/index.php\/2024\/10\/23\/corregidora-amplia-su-plan-de-obra-y-consolida-su-desarrollo\/"]}]},{"@type":"ImageObject","inLanguage":"es","@id":"https:\/\/www.nexoinformativo.mx\/index.php\/2024\/10\/23\/corregidora-amplia-su-plan-de-obra-y-consolida-su-desarrollo\/#primaryimage","url":"https:\/\/www.nexoinformativo.mx\/wp-content\/uploads\/2024\/10\/PHOTO-2024-10-23-13-47-56-e1729715089758.jpg","contentUrl":"https:\/\/www.nexoinformativo.mx\/wp-content\/uploads\/2024\/10\/PHOTO-2024-10-23-13-47-56-e1729715089758.jpg","width":800,"height":1000},{"@type":"BreadcrumbList","@id":"https:\/\/www.nexoinformativo.mx\/index.php\/2024\/10\/23\/corregidora-amplia-su-plan-de-obra-y-consolida-su-desarrollo\/#breadcrumb","itemListElement":[{"@type":"ListItem","position":1,"name":"Inicio","item":"https:\/\/www.nexoinformativo.mx\/"},{"@type":"ListItem","position":2,"name":"Corregidora ampl\u00eda su plan de obra y consolida su desarrollo"}]},{"@type":"WebSite","@id":"https:\/\/www.nexoinformativo.mx\/#website","url":"https:\/\/www.nexoinformativo.mx\/","name":"Nexo Informativo Santiago de Quer\u00e9taro","description":"Explora NexoInformativo y convi\u00e9rtete en parte de una comunidad que valora el conocimiento y la verdad. Tu nexoinformativo es tu puente hacia una comprensi\u00f3n m\u00e1s profunda del mundo que te rodea.","publisher":{"@id":"https:\/\/www.nexoinformativo.mx\/#organization"},"potentialAction":[{"@type":"SearchAction","target":{"@type":"EntryPoint","urlTemplate":"https:\/\/www.nexoinformativo.mx\/?s={search_term_string}"},"query-input":{"@type":"PropertyValueSpecification","valueRequired":true,"valueName":"search_term_string"}}],"inLanguage":"es"},{"@type":"Organization","@id":"https:\/\/www.nexoinformativo.mx\/#organization","name":"Nexo Informativo Santiago de Quer\u00e9taro","url":"https:\/\/www.nexoinformativo.mx\/","logo":{"@type":"ImageObject","inLanguage":"es","@id":"https:\/\/www.nexoinformativo.mx\/#\/schema\/logo\/image\/","url":"https:\/\/www.nexoinformativo.mx\/wp-content\/uploads\/2024\/07\/nexoi-trasparente-2.png","contentUrl":"https:\/\/www.nexoinformativo.mx\/wp-content\/uploads\/2024\/07\/nexoi-trasparente-2.png","width":816,"height":339,"caption":"Nexo Informativo Santiago de Quer\u00e9taro"},"image":{"@id":"https:\/\/www.nexoinformativo.mx\/#\/schema\/logo\/image\/"},"sameAs":["https:\/\/www.facebook.com\/people\/Nexo-Informativo\/61564066885511\/"]},{"@type":"Person","@id":"https:\/\/www.nexoinformativo.mx\/#\/schema\/person\/7749d380ba08c8ca00d7bc76fd907b7d","name":"Nexo Informativo","image":{"@type":"ImageObject","inLanguage":"es","@id":"https:\/\/www.nexoinformativo.mx\/#\/schema\/person\/image\/","url":"https:\/\/secure.gravatar.com\/avatar\/dde2928154642a13d95f87ddf1ea9718fe2b46760a005c53e41ff5ad610704e6?s=96&d=mm&r=g","contentUrl":"https:\/\/secure.gravatar.com\/avatar\/dde2928154642a13d95f87ddf1ea9718fe2b46760a005c53e41ff5ad610704e6?s=96&d=mm&r=g","caption":"Nexo Informativo"},"url":"https:\/\/www.nexoinformativo.mx\/index.php\/author\/edicion\/"}]}},"_links":{"self":[{"href":"https:\/\/www.nexoinformativo.mx\/index.php\/wp-json\/wp\/v2\/posts\/4281","targetHints":{"allow":["GET"]}}],"collection":[{"href":"https:\/\/www.nexoinformativo.mx\/index.php\/wp-json\/wp\/v2\/posts"}],"about":[{"href":"https:\/\/www.nexoinformativo.mx\/index.php\/wp-json\/wp\/v2\/types\/post"}],"author":[{"embeddable":true,"href":"https:\/\/www.nexoinformativo.mx\/index.php\/wp-json\/wp\/v2\/users\/3"}],"replies":[{"embeddable":true,"href":"https:\/\/www.nexoinformativo.mx\/index.php\/wp-json\/wp\/v2\/comments?post=4281"}],"version-history":[{"count":7,"href":"https:\/\/www.nexoinformativo.mx\/index.php\/wp-json\/wp\/v2\/posts\/4281\/revisions"}],"predecessor-version":[{"id":4299,"href":"https:\/\/www.nexoinformativo.mx\/index.php\/wp-json\/wp\/v2\/posts\/4281\/revisions\/4299"}],"wp:featuredmedia":[{"embeddable":true,"href":"https:\/\/www.nexoinformativo.mx\/index.php\/wp-json\/wp\/v2\/media\/4282"}],"wp:attachment":[{"href":"https:\/\/www.nexoinformativo.mx\/index.php\/wp-json\/wp\/v2\/media?parent=4281"}],"wp:term":[{"taxonomy":"category","embeddable":true,"href":"https:\/\/www.nexoinformativo.mx\/index.php\/wp-json\/wp\/v2\/categories?post=4281"},{"taxonomy":"post_tag","embeddable":true,"href":"https:\/\/www.nexoinformativo.mx\/index.php\/wp-json\/wp\/v2\/tags?post=4281"}],"curies":[{"name":"wp","href":"https:\/\/api.w.org\/{rel}","templated":true}]}}