{"id":4296,"date":"2024-10-23T13:30:40","date_gmt":"2024-10-23T19:30:40","guid":{"rendered":"https:\/\/www.nexoinformativo.mx\/?p=4296"},"modified":"2024-10-23T14:42:29","modified_gmt":"2024-10-23T20:42:29","slug":"queretaro-confirman-inicio-del-horario-de-invierno-en-escuelas-para-la-segunda-semana-de-noviembre","status":"publish","type":"post","link":"https:\/\/www.nexoinformativo.mx\/index.php\/2024\/10\/23\/queretaro-confirman-inicio-del-horario-de-invierno-en-escuelas-para-la-segunda-semana-de-noviembre\/","title":{"rendered":"Quer\u00e9taro: Confirman inicio del horario de invierno en escuelas para la segunda semana de noviembre"},"content":{"rendered":"<p style=\"text-align: justify;\" data-sourcepos=\"7:1-7:365\">La Secretar\u00eda de Educaci\u00f3n del Estado de Quer\u00e9taro (SEDEQ) ha anunciado que el horario de invierno para las escuelas de educaci\u00f3n b\u00e1sica en la entidad comenzar\u00e1 durante la segunda semana de noviembre. Esta medida busca proteger la salud de los estudiantes al ajustar los horarios de entrada a las escuelas en concordancia con las bajas temperaturas de la temporada.<\/p>\n<p>&nbsp;<\/p>\n<p style=\"text-align: justify;\" data-sourcepos=\"11:1-11:277\">La secretaria de Educaci\u00f3n, Martha Elena Soto, explic\u00f3 que la decisi\u00f3n final sobre la fecha exacta del cambio de horario se tomar\u00e1 en conjunto con Protecci\u00f3n Civil. Sin embargo, adelant\u00f3 que se espera que el ajuste se realice a partir de la segunda semana de noviembre.<\/p>\n<p>&nbsp;<\/p>\n<p style=\"text-align: justify;\" data-sourcepos=\"13:1-13:292\">Con este cambio, los estudiantes de educaci\u00f3n b\u00e1sica ingresar\u00e1n media hora m\u00e1s tarde a sus clases, lo que permitir\u00e1 que lleguen a las escuelas cuando las temperaturas son m\u00e1s altas. Se recomienda a los alumnos llevar ropa abrigadora como su\u00e9teres, chamarras y gorros para protegerse del fr\u00edo.<\/p>\n<p>&nbsp;<\/p>\n<p style=\"text-align: justify;\" data-sourcepos=\"17:1-17:300\">El ajuste al horario de invierno es una medida preventiva que busca garantizar el bienestar de los estudiantes durante los meses m\u00e1s fr\u00edos del a\u00f1o. Al iniciar las clases m\u00e1s tarde, se reduce la exposici\u00f3n de los ni\u00f1os a las bajas temperaturas, lo que contribuye a prevenir enfermedades respiratorias.<\/p>\n<p>&nbsp;<\/p>\n<p style=\"text-align: center;\" data-sourcepos=\"17:1-17:300\"><strong>\u00a1Informaci\u00f3n que transforma!<\/strong><\/p>\n","protected":false},"excerpt":{"rendered":"<p>La Secretar\u00eda de Educaci\u00f3n del Estado de Quer\u00e9taro (SEDEQ) ha anunciado que el horario de invierno para las escuelas de educaci\u00f3n b\u00e1sica en la entidad comenzar\u00e1 durante la segunda semana de noviembre.<\/p>\n","protected":false},"author":3,"featured_media":4297,"comment_status":"open","ping_status":"open","sticky":false,"template":"","format":"standard","meta":{"footnotes":""},"categories":[42,58],"tags":[1577,1586,1587,1398],"class_list":["post-4296","post","type-post","status-publish","format-standard","has-post-thumbnail","hentry","category-estado","category-ultima-hora","tag-escuelasqueretaro","tag-horarioinvierno","tag-saludinfantil","tag-sedeq"],"yoast_head":"<!-- This site is optimized with the Yoast SEO plugin v25.0 - https:\/\/yoast.com\/wordpress\/plugins\/seo\/ -->\n<title>Quer\u00e9taro: Confirman inicio del horario de invierno en escuelas para la segunda semana de noviembre | Nexo Informativo Santiago de Quer\u00e9taro<\/title>\n<meta name=\"description\" content=\"Quer\u00e9taro: Confirman inicio del horario de invierno en escuelas para la segunda semana de noviembre\" \/>\n<meta name=\"robots\" content=\"index, follow, max-snippet:-1, max-image-preview:large, max-video-preview:-1\" \/>\n<link rel=\"canonical\" href=\"https:\/\/www.nexoinformativo.mx\/index.php\/2024\/10\/23\/queretaro-confirman-inicio-del-horario-de-invierno-en-escuelas-para-la-segunda-semana-de-noviembre\/\" \/>\n<meta property=\"og:locale\" content=\"es_MX\" \/>\n<meta property=\"og:type\" content=\"article\" \/>\n<meta property=\"og:title\" content=\"Quer\u00e9taro: Confirman inicio del horario de invierno en escuelas para la segunda semana de noviembre | Nexo Informativo Santiago de Quer\u00e9taro\" \/>\n<meta property=\"og:description\" content=\"Quer\u00e9taro: Confirman inicio del horario de invierno en escuelas para la segunda semana de noviembre\" \/>\n<meta property=\"og:url\" content=\"https:\/\/www.nexoinformativo.mx\/index.php\/2024\/10\/23\/queretaro-confirman-inicio-del-horario-de-invierno-en-escuelas-para-la-segunda-semana-de-noviembre\/\" \/>\n<meta property=\"og:site_name\" content=\"Nexo Informativo Santiago de Quer\u00e9taro\" \/>\n<meta property=\"article:publisher\" content=\"https:\/\/www.facebook.com\/people\/Nexo-Informativo\/61564066885511\/\" \/>\n<meta property=\"article:published_time\" content=\"2024-10-23T19:30:40+00:00\" \/>\n<meta property=\"article:modified_time\" content=\"2024-10-23T20:42:29+00:00\" \/>\n<meta property=\"og:image\" content=\"https:\/\/www.nexoinformativo.mx\/wp-content\/uploads\/2024\/10\/PHOTO-2024-10-23-13-48-14-e1729716038628.jpg\" \/>\n\t<meta property=\"og:image:width\" content=\"800\" \/>\n\t<meta property=\"og:image:height\" content=\"905\" \/>\n\t<meta property=\"og:image:type\" content=\"image\/jpeg\" \/>\n<meta name=\"author\" content=\"Nexo Informativo\" \/>\n<meta name=\"twitter:card\" content=\"summary_large_image\" \/>\n<meta name=\"twitter:label1\" content=\"Escrito por\" \/>\n\t<meta name=\"twitter:data1\" content=\"Nexo Informativo\" \/>\n\t<meta name=\"twitter:label2\" content=\"Tiempo de lectura\" \/>\n\t<meta name=\"twitter:data2\" content=\"2 minutos\" \/>\n<script type=\"application\/ld+json\" class=\"yoast-schema-graph\">{\"@context\":\"https:\/\/schema.org\",\"@graph\":[{\"@type\":\"Article\",\"@id\":\"https:\/\/www.nexoinformativo.mx\/index.php\/2024\/10\/23\/queretaro-confirman-inicio-del-horario-de-invierno-en-escuelas-para-la-segunda-semana-de-noviembre\/#article\",\"isPartOf\":{\"@id\":\"https:\/\/www.nexoinformativo.mx\/index.php\/2024\/10\/23\/queretaro-confirman-inicio-del-horario-de-invierno-en-escuelas-para-la-segunda-semana-de-noviembre\/\"},\"author\":{\"name\":\"Nexo Informativo\",\"@id\":\"https:\/\/www.nexoinformativo.mx\/#\/schema\/person\/7749d380ba08c8ca00d7bc76fd907b7d\"},\"headline\":\"Quer\u00e9taro: Confirman inicio del horario de invierno en escuelas para la segunda semana de noviembre\",\"datePublished\":\"2024-10-23T19:30:40+00:00\",\"dateModified\":\"2024-10-23T20:42:29+00:00\",\"mainEntityOfPage\":{\"@id\":\"https:\/\/www.nexoinformativo.mx\/index.php\/2024\/10\/23\/queretaro-confirman-inicio-del-horario-de-invierno-en-escuelas-para-la-segunda-semana-de-noviembre\/\"},\"wordCount\":246,\"commentCount\":0,\"publisher\":{\"@id\":\"https:\/\/www.nexoinformativo.mx\/#organization\"},\"image\":{\"@id\":\"https:\/\/www.nexoinformativo.mx\/index.php\/2024\/10\/23\/queretaro-confirman-inicio-del-horario-de-invierno-en-escuelas-para-la-segunda-semana-de-noviembre\/#primaryimage\"},\"thumbnailUrl\":\"https:\/\/www.nexoinformativo.mx\/wp-content\/uploads\/2024\/10\/PHOTO-2024-10-23-13-48-14-e1729716038628.jpg\",\"keywords\":[\"EscuelasQuer\u00e9taro\",\"HorarioInvierno\",\"SaludInfantil\",\"SEDEQ\"],\"articleSection\":[\"Estado\",\"\u00daltima Hora\"],\"inLanguage\":\"es\",\"potentialAction\":[{\"@type\":\"CommentAction\",\"name\":\"Comment\",\"target\":[\"https:\/\/www.nexoinformativo.mx\/index.php\/2024\/10\/23\/queretaro-confirman-inicio-del-horario-de-invierno-en-escuelas-para-la-segunda-semana-de-noviembre\/#respond\"]}]},{\"@type\":\"WebPage\",\"@id\":\"https:\/\/www.nexoinformativo.mx\/index.php\/2024\/10\/23\/queretaro-confirman-inicio-del-horario-de-invierno-en-escuelas-para-la-segunda-semana-de-noviembre\/\",\"url\":\"https:\/\/www.nexoinformativo.mx\/index.php\/2024\/10\/23\/queretaro-confirman-inicio-del-horario-de-invierno-en-escuelas-para-la-segunda-semana-de-noviembre\/\",\"name\":\"Quer\u00e9taro: Confirman inicio del horario de invierno en escuelas para la segunda semana de noviembre | Nexo Informativo Santiago de Quer\u00e9taro\",\"isPartOf\":{\"@id\":\"https:\/\/www.nexoinformativo.mx\/#website\"},\"primaryImageOfPage\":{\"@id\":\"https:\/\/www.nexoinformativo.mx\/index.php\/2024\/10\/23\/queretaro-confirman-inicio-del-horario-de-invierno-en-escuelas-para-la-segunda-semana-de-noviembre\/#primaryimage\"},\"image\":{\"@id\":\"https:\/\/www.nexoinformativo.mx\/index.php\/2024\/10\/23\/queretaro-confirman-inicio-del-horario-de-invierno-en-escuelas-para-la-segunda-semana-de-noviembre\/#primaryimage\"},\"thumbnailUrl\":\"https:\/\/www.nexoinformativo.mx\/wp-content\/uploads\/2024\/10\/PHOTO-2024-10-23-13-48-14-e1729716038628.jpg\",\"datePublished\":\"2024-10-23T19:30:40+00:00\",\"dateModified\":\"2024-10-23T20:42:29+00:00\",\"description\":\"Quer\u00e9taro: Confirman inicio del horario de invierno en escuelas para la segunda semana de noviembre\",\"breadcrumb\":{\"@id\":\"https:\/\/www.nexoinformativo.mx\/index.php\/2024\/10\/23\/queretaro-confirman-inicio-del-horario-de-invierno-en-escuelas-para-la-segunda-semana-de-noviembre\/#breadcrumb\"},\"inLanguage\":\"es\",\"potentialAction\":[{\"@type\":\"ReadAction\",\"target\":[\"https:\/\/www.nexoinformativo.mx\/index.php\/2024\/10\/23\/queretaro-confirman-inicio-del-horario-de-invierno-en-escuelas-para-la-segunda-semana-de-noviembre\/\"]}]},{\"@type\":\"ImageObject\",\"inLanguage\":\"es\",\"@id\":\"https:\/\/www.nexoinformativo.mx\/index.php\/2024\/10\/23\/queretaro-confirman-inicio-del-horario-de-invierno-en-escuelas-para-la-segunda-semana-de-noviembre\/#primaryimage\",\"url\":\"https:\/\/www.nexoinformativo.mx\/wp-content\/uploads\/2024\/10\/PHOTO-2024-10-23-13-48-14-e1729716038628.jpg\",\"contentUrl\":\"https:\/\/www.nexoinformativo.mx\/wp-content\/uploads\/2024\/10\/PHOTO-2024-10-23-13-48-14-e1729716038628.jpg\",\"width\":800,\"height\":905},{\"@type\":\"BreadcrumbList\",\"@id\":\"https:\/\/www.nexoinformativo.mx\/index.php\/2024\/10\/23\/queretaro-confirman-inicio-del-horario-de-invierno-en-escuelas-para-la-segunda-semana-de-noviembre\/#breadcrumb\",\"itemListElement\":[{\"@type\":\"ListItem\",\"position\":1,\"name\":\"Inicio\",\"item\":\"https:\/\/www.nexoinformativo.mx\/\"},{\"@type\":\"ListItem\",\"position\":2,\"name\":\"Quer\u00e9taro: Confirman inicio del horario de invierno en escuelas para la segunda semana de noviembre\"}]},{\"@type\":\"WebSite\",\"@id\":\"https:\/\/www.nexoinformativo.mx\/#website\",\"url\":\"https:\/\/www.nexoinformativo.mx\/\",\"name\":\"Nexo Informativo Santiago de Quer\u00e9taro\",\"description\":\"Explora NexoInformativo y convi\u00e9rtete en parte de una comunidad que valora el conocimiento y la verdad. Tu nexoinformativo es tu puente hacia una comprensi\u00f3n m\u00e1s profunda del mundo que te rodea.\",\"publisher\":{\"@id\":\"https:\/\/www.nexoinformativo.mx\/#organization\"},\"potentialAction\":[{\"@type\":\"SearchAction\",\"target\":{\"@type\":\"EntryPoint\",\"urlTemplate\":\"https:\/\/www.nexoinformativo.mx\/?s={search_term_string}\"},\"query-input\":{\"@type\":\"PropertyValueSpecification\",\"valueRequired\":true,\"valueName\":\"search_term_string\"}}],\"inLanguage\":\"es\"},{\"@type\":\"Organization\",\"@id\":\"https:\/\/www.nexoinformativo.mx\/#organization\",\"name\":\"Nexo Informativo Santiago de Quer\u00e9taro\",\"url\":\"https:\/\/www.nexoinformativo.mx\/\",\"logo\":{\"@type\":\"ImageObject\",\"inLanguage\":\"es\",\"@id\":\"https:\/\/www.nexoinformativo.mx\/#\/schema\/logo\/image\/\",\"url\":\"https:\/\/www.nexoinformativo.mx\/wp-content\/uploads\/2024\/07\/nexoi-trasparente-2.png\",\"contentUrl\":\"https:\/\/www.nexoinformativo.mx\/wp-content\/uploads\/2024\/07\/nexoi-trasparente-2.png\",\"width\":816,\"height\":339,\"caption\":\"Nexo Informativo Santiago de Quer\u00e9taro\"},\"image\":{\"@id\":\"https:\/\/www.nexoinformativo.mx\/#\/schema\/logo\/image\/\"},\"sameAs\":[\"https:\/\/www.facebook.com\/people\/Nexo-Informativo\/61564066885511\/\"]},{\"@type\":\"Person\",\"@id\":\"https:\/\/www.nexoinformativo.mx\/#\/schema\/person\/7749d380ba08c8ca00d7bc76fd907b7d\",\"name\":\"Nexo Informativo\",\"image\":{\"@type\":\"ImageObject\",\"inLanguage\":\"es\",\"@id\":\"https:\/\/www.nexoinformativo.mx\/#\/schema\/person\/image\/\",\"url\":\"https:\/\/secure.gravatar.com\/avatar\/dde2928154642a13d95f87ddf1ea9718fe2b46760a005c53e41ff5ad610704e6?s=96&d=mm&r=g\",\"contentUrl\":\"https:\/\/secure.gravatar.com\/avatar\/dde2928154642a13d95f87ddf1ea9718fe2b46760a005c53e41ff5ad610704e6?s=96&d=mm&r=g\",\"caption\":\"Nexo Informativo\"},\"url\":\"https:\/\/www.nexoinformativo.mx\/index.php\/author\/edicion\/\"}]}<\/script>\n<!-- \/ Yoast SEO plugin. -->","yoast_head_json":{"title":"Quer\u00e9taro: Confirman inicio del horario de invierno en escuelas para la segunda semana de noviembre | Nexo Informativo Santiago de Quer\u00e9taro","description":"Quer\u00e9taro: Confirman inicio del horario de invierno en escuelas para la segunda semana de noviembre","robots":{"index":"index","follow":"follow","max-snippet":"max-snippet:-1","max-image-preview":"max-image-preview:large","max-video-preview":"max-video-preview:-1"},"canonical":"https:\/\/www.nexoinformativo.mx\/index.php\/2024\/10\/23\/queretaro-confirman-inicio-del-horario-de-invierno-en-escuelas-para-la-segunda-semana-de-noviembre\/","og_locale":"es_MX","og_type":"article","og_title":"Quer\u00e9taro: Confirman inicio del horario de invierno en escuelas para la segunda semana de noviembre | Nexo Informativo Santiago de Quer\u00e9taro","og_description":"Quer\u00e9taro: Confirman inicio del horario de invierno en escuelas para la segunda semana de noviembre","og_url":"https:\/\/www.nexoinformativo.mx\/index.php\/2024\/10\/23\/queretaro-confirman-inicio-del-horario-de-invierno-en-escuelas-para-la-segunda-semana-de-noviembre\/","og_site_name":"Nexo Informativo Santiago de Quer\u00e9taro","article_publisher":"https:\/\/www.facebook.com\/people\/Nexo-Informativo\/61564066885511\/","article_published_time":"2024-10-23T19:30:40+00:00","article_modified_time":"2024-10-23T20:42:29+00:00","og_image":[{"width":800,"height":905,"url":"https:\/\/www.nexoinformativo.mx\/wp-content\/uploads\/2024\/10\/PHOTO-2024-10-23-13-48-14-e1729716038628.jpg","type":"image\/jpeg"}],"author":"Nexo Informativo","twitter_card":"summary_large_image","twitter_misc":{"Escrito por":"Nexo Informativo","Tiempo de lectura":"2 minutos"},"schema":{"@context":"https:\/\/schema.org","@graph":[{"@type":"Article","@id":"https:\/\/www.nexoinformativo.mx\/index.php\/2024\/10\/23\/queretaro-confirman-inicio-del-horario-de-invierno-en-escuelas-para-la-segunda-semana-de-noviembre\/#article","isPartOf":{"@id":"https:\/\/www.nexoinformativo.mx\/index.php\/2024\/10\/23\/queretaro-confirman-inicio-del-horario-de-invierno-en-escuelas-para-la-segunda-semana-de-noviembre\/"},"author":{"name":"Nexo Informativo","@id":"https:\/\/www.nexoinformativo.mx\/#\/schema\/person\/7749d380ba08c8ca00d7bc76fd907b7d"},"headline":"Quer\u00e9taro: Confirman inicio del horario de invierno en escuelas para la segunda semana de noviembre","datePublished":"2024-10-23T19:30:40+00:00","dateModified":"2024-10-23T20:42:29+00:00","mainEntityOfPage":{"@id":"https:\/\/www.nexoinformativo.mx\/index.php\/2024\/10\/23\/queretaro-confirman-inicio-del-horario-de-invierno-en-escuelas-para-la-segunda-semana-de-noviembre\/"},"wordCount":246,"commentCount":0,"publisher":{"@id":"https:\/\/www.nexoinformativo.mx\/#organization"},"image":{"@id":"https:\/\/www.nexoinformativo.mx\/index.php\/2024\/10\/23\/queretaro-confirman-inicio-del-horario-de-invierno-en-escuelas-para-la-segunda-semana-de-noviembre\/#primaryimage"},"thumbnailUrl":"https:\/\/www.nexoinformativo.mx\/wp-content\/uploads\/2024\/10\/PHOTO-2024-10-23-13-48-14-e1729716038628.jpg","keywords":["EscuelasQuer\u00e9taro","HorarioInvierno","SaludInfantil","SEDEQ"],"articleSection":["Estado","\u00daltima Hora"],"inLanguage":"es","potentialAction":[{"@type":"CommentAction","name":"Comment","target":["https:\/\/www.nexoinformativo.mx\/index.php\/2024\/10\/23\/queretaro-confirman-inicio-del-horario-de-invierno-en-escuelas-para-la-segunda-semana-de-noviembre\/#respond"]}]},{"@type":"WebPage","@id":"https:\/\/www.nexoinformativo.mx\/index.php\/2024\/10\/23\/queretaro-confirman-inicio-del-horario-de-invierno-en-escuelas-para-la-segunda-semana-de-noviembre\/","url":"https:\/\/www.nexoinformativo.mx\/index.php\/2024\/10\/23\/queretaro-confirman-inicio-del-horario-de-invierno-en-escuelas-para-la-segunda-semana-de-noviembre\/","name":"Quer\u00e9taro: Confirman inicio del horario de invierno en escuelas para la segunda semana de noviembre | Nexo Informativo Santiago de Quer\u00e9taro","isPartOf":{"@id":"https:\/\/www.nexoinformativo.mx\/#website"},"primaryImageOfPage":{"@id":"https:\/\/www.nexoinformativo.mx\/index.php\/2024\/10\/23\/queretaro-confirman-inicio-del-horario-de-invierno-en-escuelas-para-la-segunda-semana-de-noviembre\/#primaryimage"},"image":{"@id":"https:\/\/www.nexoinformativo.mx\/index.php\/2024\/10\/23\/queretaro-confirman-inicio-del-horario-de-invierno-en-escuelas-para-la-segunda-semana-de-noviembre\/#primaryimage"},"thumbnailUrl":"https:\/\/www.nexoinformativo.mx\/wp-content\/uploads\/2024\/10\/PHOTO-2024-10-23-13-48-14-e1729716038628.jpg","datePublished":"2024-10-23T19:30:40+00:00","dateModified":"2024-10-23T20:42:29+00:00","description":"Quer\u00e9taro: Confirman inicio del horario de invierno en escuelas para la segunda semana de noviembre","breadcrumb":{"@id":"https:\/\/www.nexoinformativo.mx\/index.php\/2024\/10\/23\/queretaro-confirman-inicio-del-horario-de-invierno-en-escuelas-para-la-segunda-semana-de-noviembre\/#breadcrumb"},"inLanguage":"es","potentialAction":[{"@type":"ReadAction","target":["https:\/\/www.nexoinformativo.mx\/index.php\/2024\/10\/23\/queretaro-confirman-inicio-del-horario-de-invierno-en-escuelas-para-la-segunda-semana-de-noviembre\/"]}]},{"@type":"ImageObject","inLanguage":"es","@id":"https:\/\/www.nexoinformativo.mx\/index.php\/2024\/10\/23\/queretaro-confirman-inicio-del-horario-de-invierno-en-escuelas-para-la-segunda-semana-de-noviembre\/#primaryimage","url":"https:\/\/www.nexoinformativo.mx\/wp-content\/uploads\/2024\/10\/PHOTO-2024-10-23-13-48-14-e1729716038628.jpg","contentUrl":"https:\/\/www.nexoinformativo.mx\/wp-content\/uploads\/2024\/10\/PHOTO-2024-10-23-13-48-14-e1729716038628.jpg","width":800,"height":905},{"@type":"BreadcrumbList","@id":"https:\/\/www.nexoinformativo.mx\/index.php\/2024\/10\/23\/queretaro-confirman-inicio-del-horario-de-invierno-en-escuelas-para-la-segunda-semana-de-noviembre\/#breadcrumb","itemListElement":[{"@type":"ListItem","position":1,"name":"Inicio","item":"https:\/\/www.nexoinformativo.mx\/"},{"@type":"ListItem","position":2,"name":"Quer\u00e9taro: Confirman inicio del horario de invierno en escuelas para la segunda semana de noviembre"}]},{"@type":"WebSite","@id":"https:\/\/www.nexoinformativo.mx\/#website","url":"https:\/\/www.nexoinformativo.mx\/","name":"Nexo Informativo Santiago de Quer\u00e9taro","description":"Explora NexoInformativo y convi\u00e9rtete en parte de una comunidad que valora el conocimiento y la verdad. Tu nexoinformativo es tu puente hacia una comprensi\u00f3n m\u00e1s profunda del mundo que te rodea.","publisher":{"@id":"https:\/\/www.nexoinformativo.mx\/#organization"},"potentialAction":[{"@type":"SearchAction","target":{"@type":"EntryPoint","urlTemplate":"https:\/\/www.nexoinformativo.mx\/?s={search_term_string}"},"query-input":{"@type":"PropertyValueSpecification","valueRequired":true,"valueName":"search_term_string"}}],"inLanguage":"es"},{"@type":"Organization","@id":"https:\/\/www.nexoinformativo.mx\/#organization","name":"Nexo Informativo Santiago de Quer\u00e9taro","url":"https:\/\/www.nexoinformativo.mx\/","logo":{"@type":"ImageObject","inLanguage":"es","@id":"https:\/\/www.nexoinformativo.mx\/#\/schema\/logo\/image\/","url":"https:\/\/www.nexoinformativo.mx\/wp-content\/uploads\/2024\/07\/nexoi-trasparente-2.png","contentUrl":"https:\/\/www.nexoinformativo.mx\/wp-content\/uploads\/2024\/07\/nexoi-trasparente-2.png","width":816,"height":339,"caption":"Nexo Informativo Santiago de Quer\u00e9taro"},"image":{"@id":"https:\/\/www.nexoinformativo.mx\/#\/schema\/logo\/image\/"},"sameAs":["https:\/\/www.facebook.com\/people\/Nexo-Informativo\/61564066885511\/"]},{"@type":"Person","@id":"https:\/\/www.nexoinformativo.mx\/#\/schema\/person\/7749d380ba08c8ca00d7bc76fd907b7d","name":"Nexo Informativo","image":{"@type":"ImageObject","inLanguage":"es","@id":"https:\/\/www.nexoinformativo.mx\/#\/schema\/person\/image\/","url":"https:\/\/secure.gravatar.com\/avatar\/dde2928154642a13d95f87ddf1ea9718fe2b46760a005c53e41ff5ad610704e6?s=96&d=mm&r=g","contentUrl":"https:\/\/secure.gravatar.com\/avatar\/dde2928154642a13d95f87ddf1ea9718fe2b46760a005c53e41ff5ad610704e6?s=96&d=mm&r=g","caption":"Nexo Informativo"},"url":"https:\/\/www.nexoinformativo.mx\/index.php\/author\/edicion\/"}]}},"_links":{"self":[{"href":"https:\/\/www.nexoinformativo.mx\/index.php\/wp-json\/wp\/v2\/posts\/4296","targetHints":{"allow":["GET"]}}],"collection":[{"href":"https:\/\/www.nexoinformativo.mx\/index.php\/wp-json\/wp\/v2\/posts"}],"about":[{"href":"https:\/\/www.nexoinformativo.mx\/index.php\/wp-json\/wp\/v2\/types\/post"}],"author":[{"embeddable":true,"href":"https:\/\/www.nexoinformativo.mx\/index.php\/wp-json\/wp\/v2\/users\/3"}],"replies":[{"embeddable":true,"href":"https:\/\/www.nexoinformativo.mx\/index.php\/wp-json\/wp\/v2\/comments?post=4296"}],"version-history":[{"count":3,"href":"https:\/\/www.nexoinformativo.mx\/index.php\/wp-json\/wp\/v2\/posts\/4296\/revisions"}],"predecessor-version":[{"id":4301,"href":"https:\/\/www.nexoinformativo.mx\/index.php\/wp-json\/wp\/v2\/posts\/4296\/revisions\/4301"}],"wp:featuredmedia":[{"embeddable":true,"href":"https:\/\/www.nexoinformativo.mx\/index.php\/wp-json\/wp\/v2\/media\/4297"}],"wp:attachment":[{"href":"https:\/\/www.nexoinformativo.mx\/index.php\/wp-json\/wp\/v2\/media?parent=4296"}],"wp:term":[{"taxonomy":"category","embeddable":true,"href":"https:\/\/www.nexoinformativo.mx\/index.php\/wp-json\/wp\/v2\/categories?post=4296"},{"taxonomy":"post_tag","embeddable":true,"href":"https:\/\/www.nexoinformativo.mx\/index.php\/wp-json\/wp\/v2\/tags?post=4296"}],"curies":[{"name":"wp","href":"https:\/\/api.w.org\/{rel}","templated":true}]}}