{"id":4314,"date":"2024-10-23T16:00:18","date_gmt":"2024-10-23T22:00:18","guid":{"rendered":"https:\/\/www.nexoinformativo.mx\/?p=4314"},"modified":"2024-10-23T18:04:39","modified_gmt":"2024-10-24T00:04:39","slug":"adios-al-efectivo-en-qrobus-pronto-podras-pagar-con-tarjeta","status":"publish","type":"post","link":"https:\/\/www.nexoinformativo.mx\/index.php\/2024\/10\/23\/adios-al-efectivo-en-qrobus-pronto-podras-pagar-con-tarjeta\/","title":{"rendered":"\u00a1Adi\u00f3s al efectivo en Qrob\u00fas! Pronto podr\u00e1s pagar con tarjeta"},"content":{"rendered":"<p style=\"text-align: justify;\" data-sourcepos=\"9:1-9:228\">Una gran noticia para los usuarios del transporte p\u00fablico en Quer\u00e9taro: a partir de la primera semana de noviembre, podr\u00e1s olvidarte de llevar efectivo para pagar tu viaje en Qrob\u00fas.<\/p>\n<p>&nbsp;<\/p>\n<p style=\"text-align: justify;\" data-sourcepos=\"11:1-11:296\">El director de la Agencia de Movilidad del Estado de Quer\u00e9taro <strong>(AMEQ)<\/strong>, Gerardo Cuanalo, confirm\u00f3 que todas las rutas troncales, as\u00ed como las estaciones de Paseo de 5 de Febrero y Avenida Constituyentes, ya est\u00e1n equipadas para aceptar pagos con tarjeta bancaria, tanto de cr\u00e9dito como de d\u00e9bito.<\/p>\n<p>&nbsp;<\/p>\n<p style=\"text-align: justify;\" data-sourcepos=\"13:1-13:246\">&#8220;Esta es una evoluci\u00f3n en la forma de pagar el transporte p\u00fablico&#8221;, se\u00f1al\u00f3 Cuanalo. <strong>&#8220;Estamos muy contentos de poder ofrecer esta nueva opci\u00f3n a los usuarios, que les permitir\u00e1 realizar sus pagos de manera m\u00e1s r\u00e1pida y segura&#8221;<\/strong>.<\/p>\n<p>&nbsp;<\/p>\n<p style=\"text-align: justify;\" data-sourcepos=\"15:1-15:169\">Seg\u00fan el funcionario, el nuevo sistema de pago ha funcionado sin problemas desde su implementaci\u00f3n en algunas rutas piloto y ha sido muy bien recibido por los usuarios.<\/p>\n<p>&nbsp;<\/p>\n<p style=\"text-align: justify;\" data-sourcepos=\"17:1-17:19\"><strong>\u00bfC\u00f3mo funciona?\u00a0<\/strong>Para utilizar esta nueva modalidad, solo necesitas acercar tu tarjeta con tecnolog\u00eda contactless al validador. Es importante mencionar que la tarifa para pago con tarjeta ser\u00e1 la misma que la tarifa en efectivo.<\/p>\n<p>&nbsp;<\/p>\n<p style=\"text-align: justify;\" data-sourcepos=\"21:1-21:32\">Beneficios del nuevo sistema<\/p>\n<p><strong>Mayor comodidad:<\/strong> Olv\u00eddate de llevar efectivo y evita las filas para comprar boletos.<\/p>\n<p><strong>M\u00e1s seguridad:<\/strong> Reduce el riesgo de perder dinero o ser v\u00edctima de robos.<\/p>\n<p><strong>Facilidad de uso:<\/strong> El sistema es muy sencillo de utilizar.<\/p>\n<p>&nbsp;<\/p>\n<p style=\"text-align: center;\"><em><strong>\u00a1Informaci\u00f3n que transforma!<\/strong><\/em><\/p>\n","protected":false},"excerpt":{"rendered":"<p>Una gran noticia para los usuarios del transporte p\u00fablico en Quer\u00e9taro: a partir de la primera semana de noviembre, podr\u00e1s olvidarte de llevar efectivo para pagar tu viaje en Qrob\u00fas.<\/p>\n","protected":false},"author":3,"featured_media":4315,"comment_status":"open","ping_status":"open","sticky":false,"template":"","format":"standard","meta":{"footnotes":""},"categories":[65,58],"tags":[998,359,133,596],"class_list":["post-4314","post","type-post","status-publish","format-standard","has-post-thumbnail","hentry","category-municipios","category-ultima-hora","tag-pagocontarjeta","tag-qrobus","tag-queretaro","tag-transportepublico"],"yoast_head":"<!-- This site is optimized with the Yoast SEO plugin v25.0 - https:\/\/yoast.com\/wordpress\/plugins\/seo\/ -->\n<title>\u00a1Adi\u00f3s al efectivo en Qrob\u00fas! Pronto podr\u00e1s pagar con tarjeta | Nexo Informativo Santiago de Quer\u00e9taro<\/title>\n<meta name=\"description\" content=\"\u00a1Adi\u00f3s al efectivo en Qrob\u00fas! Pronto podr\u00e1s pagar con tarjeta\" \/>\n<meta name=\"robots\" content=\"index, follow, max-snippet:-1, max-image-preview:large, max-video-preview:-1\" \/>\n<link rel=\"canonical\" href=\"https:\/\/www.nexoinformativo.mx\/index.php\/2024\/10\/23\/adios-al-efectivo-en-qrobus-pronto-podras-pagar-con-tarjeta\/\" \/>\n<meta property=\"og:locale\" content=\"es_MX\" \/>\n<meta property=\"og:type\" content=\"article\" \/>\n<meta property=\"og:title\" content=\"\u00a1Adi\u00f3s al efectivo en Qrob\u00fas! Pronto podr\u00e1s pagar con tarjeta | Nexo Informativo Santiago de Quer\u00e9taro\" \/>\n<meta property=\"og:description\" content=\"\u00a1Adi\u00f3s al efectivo en Qrob\u00fas! Pronto podr\u00e1s pagar con tarjeta\" \/>\n<meta property=\"og:url\" content=\"https:\/\/www.nexoinformativo.mx\/index.php\/2024\/10\/23\/adios-al-efectivo-en-qrobus-pronto-podras-pagar-con-tarjeta\/\" \/>\n<meta property=\"og:site_name\" content=\"Nexo Informativo Santiago de Quer\u00e9taro\" \/>\n<meta property=\"article:publisher\" content=\"https:\/\/www.facebook.com\/people\/Nexo-Informativo\/61564066885511\/\" \/>\n<meta property=\"article:published_time\" content=\"2024-10-23T22:00:18+00:00\" \/>\n<meta property=\"article:modified_time\" content=\"2024-10-24T00:04:39+00:00\" \/>\n<meta property=\"og:image\" content=\"https:\/\/www.nexoinformativo.mx\/wp-content\/uploads\/2024\/10\/PHOTO-2024-10-23-15-56-08-e1729728109604.jpg\" \/>\n\t<meta property=\"og:image:width\" content=\"900\" \/>\n\t<meta property=\"og:image:height\" content=\"675\" \/>\n\t<meta property=\"og:image:type\" content=\"image\/jpeg\" \/>\n<meta name=\"author\" content=\"Nexo Informativo\" \/>\n<meta name=\"twitter:card\" content=\"summary_large_image\" \/>\n<meta name=\"twitter:label1\" content=\"Escrito por\" \/>\n\t<meta name=\"twitter:data1\" content=\"Nexo Informativo\" \/>\n\t<meta name=\"twitter:label2\" content=\"Tiempo de lectura\" \/>\n\t<meta name=\"twitter:data2\" content=\"2 minutos\" \/>\n<script type=\"application\/ld+json\" class=\"yoast-schema-graph\">{\"@context\":\"https:\/\/schema.org\",\"@graph\":[{\"@type\":\"Article\",\"@id\":\"https:\/\/www.nexoinformativo.mx\/index.php\/2024\/10\/23\/adios-al-efectivo-en-qrobus-pronto-podras-pagar-con-tarjeta\/#article\",\"isPartOf\":{\"@id\":\"https:\/\/www.nexoinformativo.mx\/index.php\/2024\/10\/23\/adios-al-efectivo-en-qrobus-pronto-podras-pagar-con-tarjeta\/\"},\"author\":{\"name\":\"Nexo Informativo\",\"@id\":\"https:\/\/www.nexoinformativo.mx\/#\/schema\/person\/7749d380ba08c8ca00d7bc76fd907b7d\"},\"headline\":\"\u00a1Adi\u00f3s al efectivo en Qrob\u00fas! Pronto podr\u00e1s pagar con tarjeta\",\"datePublished\":\"2024-10-23T22:00:18+00:00\",\"dateModified\":\"2024-10-24T00:04:39+00:00\",\"mainEntityOfPage\":{\"@id\":\"https:\/\/www.nexoinformativo.mx\/index.php\/2024\/10\/23\/adios-al-efectivo-en-qrobus-pronto-podras-pagar-con-tarjeta\/\"},\"wordCount\":262,\"commentCount\":0,\"publisher\":{\"@id\":\"https:\/\/www.nexoinformativo.mx\/#organization\"},\"image\":{\"@id\":\"https:\/\/www.nexoinformativo.mx\/index.php\/2024\/10\/23\/adios-al-efectivo-en-qrobus-pronto-podras-pagar-con-tarjeta\/#primaryimage\"},\"thumbnailUrl\":\"https:\/\/www.nexoinformativo.mx\/wp-content\/uploads\/2024\/10\/PHOTO-2024-10-23-15-56-08-e1729728109604.jpg\",\"keywords\":[\"PagoConTarjeta\",\"QroB\u00fas\",\"Quer\u00e9taro\",\"TransporteP\u00fablico\"],\"articleSection\":[\"Municipios\",\"\u00daltima Hora\"],\"inLanguage\":\"es\",\"potentialAction\":[{\"@type\":\"CommentAction\",\"name\":\"Comment\",\"target\":[\"https:\/\/www.nexoinformativo.mx\/index.php\/2024\/10\/23\/adios-al-efectivo-en-qrobus-pronto-podras-pagar-con-tarjeta\/#respond\"]}]},{\"@type\":\"WebPage\",\"@id\":\"https:\/\/www.nexoinformativo.mx\/index.php\/2024\/10\/23\/adios-al-efectivo-en-qrobus-pronto-podras-pagar-con-tarjeta\/\",\"url\":\"https:\/\/www.nexoinformativo.mx\/index.php\/2024\/10\/23\/adios-al-efectivo-en-qrobus-pronto-podras-pagar-con-tarjeta\/\",\"name\":\"\u00a1Adi\u00f3s al efectivo en Qrob\u00fas! Pronto podr\u00e1s pagar con tarjeta | Nexo Informativo Santiago de Quer\u00e9taro\",\"isPartOf\":{\"@id\":\"https:\/\/www.nexoinformativo.mx\/#website\"},\"primaryImageOfPage\":{\"@id\":\"https:\/\/www.nexoinformativo.mx\/index.php\/2024\/10\/23\/adios-al-efectivo-en-qrobus-pronto-podras-pagar-con-tarjeta\/#primaryimage\"},\"image\":{\"@id\":\"https:\/\/www.nexoinformativo.mx\/index.php\/2024\/10\/23\/adios-al-efectivo-en-qrobus-pronto-podras-pagar-con-tarjeta\/#primaryimage\"},\"thumbnailUrl\":\"https:\/\/www.nexoinformativo.mx\/wp-content\/uploads\/2024\/10\/PHOTO-2024-10-23-15-56-08-e1729728109604.jpg\",\"datePublished\":\"2024-10-23T22:00:18+00:00\",\"dateModified\":\"2024-10-24T00:04:39+00:00\",\"description\":\"\u00a1Adi\u00f3s al efectivo en Qrob\u00fas! Pronto podr\u00e1s pagar con tarjeta\",\"breadcrumb\":{\"@id\":\"https:\/\/www.nexoinformativo.mx\/index.php\/2024\/10\/23\/adios-al-efectivo-en-qrobus-pronto-podras-pagar-con-tarjeta\/#breadcrumb\"},\"inLanguage\":\"es\",\"potentialAction\":[{\"@type\":\"ReadAction\",\"target\":[\"https:\/\/www.nexoinformativo.mx\/index.php\/2024\/10\/23\/adios-al-efectivo-en-qrobus-pronto-podras-pagar-con-tarjeta\/\"]}]},{\"@type\":\"ImageObject\",\"inLanguage\":\"es\",\"@id\":\"https:\/\/www.nexoinformativo.mx\/index.php\/2024\/10\/23\/adios-al-efectivo-en-qrobus-pronto-podras-pagar-con-tarjeta\/#primaryimage\",\"url\":\"https:\/\/www.nexoinformativo.mx\/wp-content\/uploads\/2024\/10\/PHOTO-2024-10-23-15-56-08-e1729728109604.jpg\",\"contentUrl\":\"https:\/\/www.nexoinformativo.mx\/wp-content\/uploads\/2024\/10\/PHOTO-2024-10-23-15-56-08-e1729728109604.jpg\",\"width\":900,\"height\":675},{\"@type\":\"BreadcrumbList\",\"@id\":\"https:\/\/www.nexoinformativo.mx\/index.php\/2024\/10\/23\/adios-al-efectivo-en-qrobus-pronto-podras-pagar-con-tarjeta\/#breadcrumb\",\"itemListElement\":[{\"@type\":\"ListItem\",\"position\":1,\"name\":\"Inicio\",\"item\":\"https:\/\/www.nexoinformativo.mx\/\"},{\"@type\":\"ListItem\",\"position\":2,\"name\":\"\u00a1Adi\u00f3s al efectivo en Qrob\u00fas! Pronto podr\u00e1s pagar con tarjeta\"}]},{\"@type\":\"WebSite\",\"@id\":\"https:\/\/www.nexoinformativo.mx\/#website\",\"url\":\"https:\/\/www.nexoinformativo.mx\/\",\"name\":\"Nexo Informativo Santiago de Quer\u00e9taro\",\"description\":\"Explora NexoInformativo y convi\u00e9rtete en parte de una comunidad que valora el conocimiento y la verdad. Tu nexoinformativo es tu puente hacia una comprensi\u00f3n m\u00e1s profunda del mundo que te rodea.\",\"publisher\":{\"@id\":\"https:\/\/www.nexoinformativo.mx\/#organization\"},\"potentialAction\":[{\"@type\":\"SearchAction\",\"target\":{\"@type\":\"EntryPoint\",\"urlTemplate\":\"https:\/\/www.nexoinformativo.mx\/?s={search_term_string}\"},\"query-input\":{\"@type\":\"PropertyValueSpecification\",\"valueRequired\":true,\"valueName\":\"search_term_string\"}}],\"inLanguage\":\"es\"},{\"@type\":\"Organization\",\"@id\":\"https:\/\/www.nexoinformativo.mx\/#organization\",\"name\":\"Nexo Informativo Santiago de Quer\u00e9taro\",\"url\":\"https:\/\/www.nexoinformativo.mx\/\",\"logo\":{\"@type\":\"ImageObject\",\"inLanguage\":\"es\",\"@id\":\"https:\/\/www.nexoinformativo.mx\/#\/schema\/logo\/image\/\",\"url\":\"https:\/\/www.nexoinformativo.mx\/wp-content\/uploads\/2024\/07\/nexoi-trasparente-2.png\",\"contentUrl\":\"https:\/\/www.nexoinformativo.mx\/wp-content\/uploads\/2024\/07\/nexoi-trasparente-2.png\",\"width\":816,\"height\":339,\"caption\":\"Nexo Informativo Santiago de Quer\u00e9taro\"},\"image\":{\"@id\":\"https:\/\/www.nexoinformativo.mx\/#\/schema\/logo\/image\/\"},\"sameAs\":[\"https:\/\/www.facebook.com\/people\/Nexo-Informativo\/61564066885511\/\"]},{\"@type\":\"Person\",\"@id\":\"https:\/\/www.nexoinformativo.mx\/#\/schema\/person\/7749d380ba08c8ca00d7bc76fd907b7d\",\"name\":\"Nexo Informativo\",\"image\":{\"@type\":\"ImageObject\",\"inLanguage\":\"es\",\"@id\":\"https:\/\/www.nexoinformativo.mx\/#\/schema\/person\/image\/\",\"url\":\"https:\/\/secure.gravatar.com\/avatar\/dde2928154642a13d95f87ddf1ea9718fe2b46760a005c53e41ff5ad610704e6?s=96&d=mm&r=g\",\"contentUrl\":\"https:\/\/secure.gravatar.com\/avatar\/dde2928154642a13d95f87ddf1ea9718fe2b46760a005c53e41ff5ad610704e6?s=96&d=mm&r=g\",\"caption\":\"Nexo Informativo\"},\"url\":\"https:\/\/www.nexoinformativo.mx\/index.php\/author\/edicion\/\"}]}<\/script>\n<!-- \/ Yoast SEO plugin. -->","yoast_head_json":{"title":"\u00a1Adi\u00f3s al efectivo en Qrob\u00fas! Pronto podr\u00e1s pagar con tarjeta | Nexo Informativo Santiago de Quer\u00e9taro","description":"\u00a1Adi\u00f3s al efectivo en Qrob\u00fas! Pronto podr\u00e1s pagar con tarjeta","robots":{"index":"index","follow":"follow","max-snippet":"max-snippet:-1","max-image-preview":"max-image-preview:large","max-video-preview":"max-video-preview:-1"},"canonical":"https:\/\/www.nexoinformativo.mx\/index.php\/2024\/10\/23\/adios-al-efectivo-en-qrobus-pronto-podras-pagar-con-tarjeta\/","og_locale":"es_MX","og_type":"article","og_title":"\u00a1Adi\u00f3s al efectivo en Qrob\u00fas! Pronto podr\u00e1s pagar con tarjeta | Nexo Informativo Santiago de Quer\u00e9taro","og_description":"\u00a1Adi\u00f3s al efectivo en Qrob\u00fas! Pronto podr\u00e1s pagar con tarjeta","og_url":"https:\/\/www.nexoinformativo.mx\/index.php\/2024\/10\/23\/adios-al-efectivo-en-qrobus-pronto-podras-pagar-con-tarjeta\/","og_site_name":"Nexo Informativo Santiago de Quer\u00e9taro","article_publisher":"https:\/\/www.facebook.com\/people\/Nexo-Informativo\/61564066885511\/","article_published_time":"2024-10-23T22:00:18+00:00","article_modified_time":"2024-10-24T00:04:39+00:00","og_image":[{"width":900,"height":675,"url":"https:\/\/www.nexoinformativo.mx\/wp-content\/uploads\/2024\/10\/PHOTO-2024-10-23-15-56-08-e1729728109604.jpg","type":"image\/jpeg"}],"author":"Nexo Informativo","twitter_card":"summary_large_image","twitter_misc":{"Escrito por":"Nexo Informativo","Tiempo de lectura":"2 minutos"},"schema":{"@context":"https:\/\/schema.org","@graph":[{"@type":"Article","@id":"https:\/\/www.nexoinformativo.mx\/index.php\/2024\/10\/23\/adios-al-efectivo-en-qrobus-pronto-podras-pagar-con-tarjeta\/#article","isPartOf":{"@id":"https:\/\/www.nexoinformativo.mx\/index.php\/2024\/10\/23\/adios-al-efectivo-en-qrobus-pronto-podras-pagar-con-tarjeta\/"},"author":{"name":"Nexo Informativo","@id":"https:\/\/www.nexoinformativo.mx\/#\/schema\/person\/7749d380ba08c8ca00d7bc76fd907b7d"},"headline":"\u00a1Adi\u00f3s al efectivo en Qrob\u00fas! Pronto podr\u00e1s pagar con tarjeta","datePublished":"2024-10-23T22:00:18+00:00","dateModified":"2024-10-24T00:04:39+00:00","mainEntityOfPage":{"@id":"https:\/\/www.nexoinformativo.mx\/index.php\/2024\/10\/23\/adios-al-efectivo-en-qrobus-pronto-podras-pagar-con-tarjeta\/"},"wordCount":262,"commentCount":0,"publisher":{"@id":"https:\/\/www.nexoinformativo.mx\/#organization"},"image":{"@id":"https:\/\/www.nexoinformativo.mx\/index.php\/2024\/10\/23\/adios-al-efectivo-en-qrobus-pronto-podras-pagar-con-tarjeta\/#primaryimage"},"thumbnailUrl":"https:\/\/www.nexoinformativo.mx\/wp-content\/uploads\/2024\/10\/PHOTO-2024-10-23-15-56-08-e1729728109604.jpg","keywords":["PagoConTarjeta","QroB\u00fas","Quer\u00e9taro","TransporteP\u00fablico"],"articleSection":["Municipios","\u00daltima Hora"],"inLanguage":"es","potentialAction":[{"@type":"CommentAction","name":"Comment","target":["https:\/\/www.nexoinformativo.mx\/index.php\/2024\/10\/23\/adios-al-efectivo-en-qrobus-pronto-podras-pagar-con-tarjeta\/#respond"]}]},{"@type":"WebPage","@id":"https:\/\/www.nexoinformativo.mx\/index.php\/2024\/10\/23\/adios-al-efectivo-en-qrobus-pronto-podras-pagar-con-tarjeta\/","url":"https:\/\/www.nexoinformativo.mx\/index.php\/2024\/10\/23\/adios-al-efectivo-en-qrobus-pronto-podras-pagar-con-tarjeta\/","name":"\u00a1Adi\u00f3s al efectivo en Qrob\u00fas! Pronto podr\u00e1s pagar con tarjeta | Nexo Informativo Santiago de Quer\u00e9taro","isPartOf":{"@id":"https:\/\/www.nexoinformativo.mx\/#website"},"primaryImageOfPage":{"@id":"https:\/\/www.nexoinformativo.mx\/index.php\/2024\/10\/23\/adios-al-efectivo-en-qrobus-pronto-podras-pagar-con-tarjeta\/#primaryimage"},"image":{"@id":"https:\/\/www.nexoinformativo.mx\/index.php\/2024\/10\/23\/adios-al-efectivo-en-qrobus-pronto-podras-pagar-con-tarjeta\/#primaryimage"},"thumbnailUrl":"https:\/\/www.nexoinformativo.mx\/wp-content\/uploads\/2024\/10\/PHOTO-2024-10-23-15-56-08-e1729728109604.jpg","datePublished":"2024-10-23T22:00:18+00:00","dateModified":"2024-10-24T00:04:39+00:00","description":"\u00a1Adi\u00f3s al efectivo en Qrob\u00fas! Pronto podr\u00e1s pagar con tarjeta","breadcrumb":{"@id":"https:\/\/www.nexoinformativo.mx\/index.php\/2024\/10\/23\/adios-al-efectivo-en-qrobus-pronto-podras-pagar-con-tarjeta\/#breadcrumb"},"inLanguage":"es","potentialAction":[{"@type":"ReadAction","target":["https:\/\/www.nexoinformativo.mx\/index.php\/2024\/10\/23\/adios-al-efectivo-en-qrobus-pronto-podras-pagar-con-tarjeta\/"]}]},{"@type":"ImageObject","inLanguage":"es","@id":"https:\/\/www.nexoinformativo.mx\/index.php\/2024\/10\/23\/adios-al-efectivo-en-qrobus-pronto-podras-pagar-con-tarjeta\/#primaryimage","url":"https:\/\/www.nexoinformativo.mx\/wp-content\/uploads\/2024\/10\/PHOTO-2024-10-23-15-56-08-e1729728109604.jpg","contentUrl":"https:\/\/www.nexoinformativo.mx\/wp-content\/uploads\/2024\/10\/PHOTO-2024-10-23-15-56-08-e1729728109604.jpg","width":900,"height":675},{"@type":"BreadcrumbList","@id":"https:\/\/www.nexoinformativo.mx\/index.php\/2024\/10\/23\/adios-al-efectivo-en-qrobus-pronto-podras-pagar-con-tarjeta\/#breadcrumb","itemListElement":[{"@type":"ListItem","position":1,"name":"Inicio","item":"https:\/\/www.nexoinformativo.mx\/"},{"@type":"ListItem","position":2,"name":"\u00a1Adi\u00f3s al efectivo en Qrob\u00fas! Pronto podr\u00e1s pagar con tarjeta"}]},{"@type":"WebSite","@id":"https:\/\/www.nexoinformativo.mx\/#website","url":"https:\/\/www.nexoinformativo.mx\/","name":"Nexo Informativo Santiago de Quer\u00e9taro","description":"Explora NexoInformativo y convi\u00e9rtete en parte de una comunidad que valora el conocimiento y la verdad. Tu nexoinformativo es tu puente hacia una comprensi\u00f3n m\u00e1s profunda del mundo que te rodea.","publisher":{"@id":"https:\/\/www.nexoinformativo.mx\/#organization"},"potentialAction":[{"@type":"SearchAction","target":{"@type":"EntryPoint","urlTemplate":"https:\/\/www.nexoinformativo.mx\/?s={search_term_string}"},"query-input":{"@type":"PropertyValueSpecification","valueRequired":true,"valueName":"search_term_string"}}],"inLanguage":"es"},{"@type":"Organization","@id":"https:\/\/www.nexoinformativo.mx\/#organization","name":"Nexo Informativo Santiago de Quer\u00e9taro","url":"https:\/\/www.nexoinformativo.mx\/","logo":{"@type":"ImageObject","inLanguage":"es","@id":"https:\/\/www.nexoinformativo.mx\/#\/schema\/logo\/image\/","url":"https:\/\/www.nexoinformativo.mx\/wp-content\/uploads\/2024\/07\/nexoi-trasparente-2.png","contentUrl":"https:\/\/www.nexoinformativo.mx\/wp-content\/uploads\/2024\/07\/nexoi-trasparente-2.png","width":816,"height":339,"caption":"Nexo Informativo Santiago de Quer\u00e9taro"},"image":{"@id":"https:\/\/www.nexoinformativo.mx\/#\/schema\/logo\/image\/"},"sameAs":["https:\/\/www.facebook.com\/people\/Nexo-Informativo\/61564066885511\/"]},{"@type":"Person","@id":"https:\/\/www.nexoinformativo.mx\/#\/schema\/person\/7749d380ba08c8ca00d7bc76fd907b7d","name":"Nexo Informativo","image":{"@type":"ImageObject","inLanguage":"es","@id":"https:\/\/www.nexoinformativo.mx\/#\/schema\/person\/image\/","url":"https:\/\/secure.gravatar.com\/avatar\/dde2928154642a13d95f87ddf1ea9718fe2b46760a005c53e41ff5ad610704e6?s=96&d=mm&r=g","contentUrl":"https:\/\/secure.gravatar.com\/avatar\/dde2928154642a13d95f87ddf1ea9718fe2b46760a005c53e41ff5ad610704e6?s=96&d=mm&r=g","caption":"Nexo Informativo"},"url":"https:\/\/www.nexoinformativo.mx\/index.php\/author\/edicion\/"}]}},"_links":{"self":[{"href":"https:\/\/www.nexoinformativo.mx\/index.php\/wp-json\/wp\/v2\/posts\/4314","targetHints":{"allow":["GET"]}}],"collection":[{"href":"https:\/\/www.nexoinformativo.mx\/index.php\/wp-json\/wp\/v2\/posts"}],"about":[{"href":"https:\/\/www.nexoinformativo.mx\/index.php\/wp-json\/wp\/v2\/types\/post"}],"author":[{"embeddable":true,"href":"https:\/\/www.nexoinformativo.mx\/index.php\/wp-json\/wp\/v2\/users\/3"}],"replies":[{"embeddable":true,"href":"https:\/\/www.nexoinformativo.mx\/index.php\/wp-json\/wp\/v2\/comments?post=4314"}],"version-history":[{"count":5,"href":"https:\/\/www.nexoinformativo.mx\/index.php\/wp-json\/wp\/v2\/posts\/4314\/revisions"}],"predecessor-version":[{"id":4321,"href":"https:\/\/www.nexoinformativo.mx\/index.php\/wp-json\/wp\/v2\/posts\/4314\/revisions\/4321"}],"wp:featuredmedia":[{"embeddable":true,"href":"https:\/\/www.nexoinformativo.mx\/index.php\/wp-json\/wp\/v2\/media\/4315"}],"wp:attachment":[{"href":"https:\/\/www.nexoinformativo.mx\/index.php\/wp-json\/wp\/v2\/media?parent=4314"}],"wp:term":[{"taxonomy":"category","embeddable":true,"href":"https:\/\/www.nexoinformativo.mx\/index.php\/wp-json\/wp\/v2\/categories?post=4314"},{"taxonomy":"post_tag","embeddable":true,"href":"https:\/\/www.nexoinformativo.mx\/index.php\/wp-json\/wp\/v2\/tags?post=4314"}],"curies":[{"name":"wp","href":"https:\/\/api.w.org\/{rel}","templated":true}]}}