{"id":4329,"date":"2024-10-23T17:30:29","date_gmt":"2024-10-23T23:30:29","guid":{"rendered":"https:\/\/www.nexoinformativo.mx\/?p=4329"},"modified":"2024-10-23T20:29:53","modified_gmt":"2024-10-24T02:29:53","slug":"chepe-guerrero-invierte-casi-200-millones-de-pesos-en-obras-para-corregidora","status":"publish","type":"post","link":"https:\/\/www.nexoinformativo.mx\/index.php\/2024\/10\/23\/chepe-guerrero-invierte-casi-200-millones-de-pesos-en-obras-para-corregidora\/","title":{"rendered":"Chepe Guerrero invierte casi 200 millones de pesos en obras para Corregidora"},"content":{"rendered":"<p style=\"text-align: justify;\" data-sourcepos=\"7:1-7:418\">Con el objetivo de mejorar la calidad de vida de los habitantes de Corregidora, el presidente municipal, Josu\u00e9 Guerrero, present\u00f3 un ambicioso <strong>Plan Integral de Obras<\/strong> que contempla una inversi\u00f3n de m\u00e1s de 183 millones de pesos. Este paquete de proyectos, que abarcar\u00e1 desde infraestructura vial hasta espacios deportivos, ser\u00e1 ejecutado antes de que finalice enero del pr\u00f3ximo a\u00f1o.<\/p>\n<p>&nbsp;<\/p>\n<p style=\"text-align: justify;\" data-sourcepos=\"9:1-9:292\">&#8220;Este plan es el resultado de escuchar a la gente&#8221;, afirm\u00f3 Chepe Guerrero durante la presentaci\u00f3n. <strong>&#8220;Hemos recorrido las colonias, hemos platicado con los ciudadanos y hemos tomado en cuenta sus propuestas para construir un Corregidora m\u00e1s moderno y con mejores servicios.&#8221;<\/strong><\/p>\n<p>&nbsp;<\/p>\n<p style=\"text-align: justify;\" data-sourcepos=\"11:1-11:282\">Las obras contempladas en este plan se centrar\u00e1n en las principales necesidades de la poblaci\u00f3n, como la mejora de caminos, el bacheo, el acceso a servicios b\u00e1sicos y la creaci\u00f3n de espacios deportivos. Adem\u00e1s, se destinar\u00e1 una parte del presupuesto a reforzar la seguridad p\u00fablica.<\/p>\n<p>&nbsp;<\/p>\n<p style=\"text-align: justify;\" data-sourcepos=\"13:1-13:276\">La secretaria de Obras P\u00fablicas, Viridiana Nava, detall\u00f3 que el 37% del presupuesto se invertir\u00e1 en infraestructura vial, mientras que el 33% se destinar\u00e1 a obras sociales. El resto del presupuesto se repartir\u00e1 entre infraestructura b\u00e1sica, seguridad y equipamiento deportivo.<\/p>\n<p>&nbsp;<\/p>\n<p style=\"text-align: justify;\" data-sourcepos=\"15:1-15:219\"><strong>&#8220;Estamos trabajando para que estas obras se ejecuten de manera eficiente y transparente&#8221;<\/strong>, asegur\u00f3 Nava. &#8220;Queremos que los ciudadanos vean los resultados de esta inversi\u00f3n en el menor tiempo posible.&#8221;<\/p>\n<p>&nbsp;<\/p>\n<p style=\"text-align: center;\" data-sourcepos=\"15:1-15:219\"><em><strong>\u00a1Informaci\u00f3n que transforma!<\/strong><\/em><\/p>\n","protected":false},"excerpt":{"rendered":"<p>Con el objetivo de mejorar la calidad de vida de los habitantes de Corregidora, el presidente municipal, Jos\u00e9 Antonio Guerrero, present\u00f3 un ambicioso Plan Integral de Obras que contempla una inversi\u00f3n de m\u00e1s de 183 millones de pesos.<\/p>\n","protected":false},"author":3,"featured_media":4330,"comment_status":"open","ping_status":"open","sticky":false,"template":"","format":"standard","meta":{"footnotes":""},"categories":[65,58],"tags":[237,233,142,644],"class_list":["post-4329","post","type-post","status-publish","format-standard","has-post-thumbnail","hentry","category-municipios","category-ultima-hora","tag-chepeguerrero","tag-corregidora","tag-inversion","tag-obraspublicas"],"yoast_head":"<!-- This site is optimized with the Yoast SEO plugin v25.0 - https:\/\/yoast.com\/wordpress\/plugins\/seo\/ -->\n<title>Chepe Guerrero invierte casi 200 millones de pesos en obras para Corregidora | Nexo Informativo Santiago de Quer\u00e9taro<\/title>\n<meta name=\"description\" content=\"Chepe Guerrero invierte casi 200 millones de pesos en obras para Corregidora\" \/>\n<meta name=\"robots\" content=\"index, follow, max-snippet:-1, max-image-preview:large, max-video-preview:-1\" \/>\n<link rel=\"canonical\" href=\"https:\/\/www.nexoinformativo.mx\/index.php\/2024\/10\/23\/chepe-guerrero-invierte-casi-200-millones-de-pesos-en-obras-para-corregidora\/\" \/>\n<meta property=\"og:locale\" content=\"es_MX\" \/>\n<meta property=\"og:type\" content=\"article\" \/>\n<meta property=\"og:title\" content=\"Chepe Guerrero invierte casi 200 millones de pesos en obras para Corregidora | Nexo Informativo Santiago de Quer\u00e9taro\" \/>\n<meta property=\"og:description\" content=\"Chepe Guerrero invierte casi 200 millones de pesos en obras para Corregidora\" \/>\n<meta property=\"og:url\" content=\"https:\/\/www.nexoinformativo.mx\/index.php\/2024\/10\/23\/chepe-guerrero-invierte-casi-200-millones-de-pesos-en-obras-para-corregidora\/\" \/>\n<meta property=\"og:site_name\" content=\"Nexo Informativo Santiago de Quer\u00e9taro\" \/>\n<meta property=\"article:publisher\" content=\"https:\/\/www.facebook.com\/people\/Nexo-Informativo\/61564066885511\/\" \/>\n<meta property=\"article:published_time\" content=\"2024-10-23T23:30:29+00:00\" \/>\n<meta property=\"article:modified_time\" content=\"2024-10-24T02:29:53+00:00\" \/>\n<meta property=\"og:image\" content=\"https:\/\/www.nexoinformativo.mx\/wp-content\/uploads\/2024\/10\/PHOTO-2024-10-23-17-50-54-e1729729194391.jpg\" \/>\n\t<meta property=\"og:image:width\" content=\"800\" \/>\n\t<meta property=\"og:image:height\" content=\"1000\" \/>\n\t<meta property=\"og:image:type\" content=\"image\/jpeg\" \/>\n<meta name=\"author\" content=\"Nexo Informativo\" \/>\n<meta name=\"twitter:card\" content=\"summary_large_image\" \/>\n<meta name=\"twitter:label1\" content=\"Escrito por\" \/>\n\t<meta name=\"twitter:data1\" content=\"Nexo Informativo\" \/>\n\t<meta name=\"twitter:label2\" content=\"Tiempo de lectura\" \/>\n\t<meta name=\"twitter:data2\" content=\"2 minutos\" \/>\n<script type=\"application\/ld+json\" class=\"yoast-schema-graph\">{\"@context\":\"https:\/\/schema.org\",\"@graph\":[{\"@type\":\"Article\",\"@id\":\"https:\/\/www.nexoinformativo.mx\/index.php\/2024\/10\/23\/chepe-guerrero-invierte-casi-200-millones-de-pesos-en-obras-para-corregidora\/#article\",\"isPartOf\":{\"@id\":\"https:\/\/www.nexoinformativo.mx\/index.php\/2024\/10\/23\/chepe-guerrero-invierte-casi-200-millones-de-pesos-en-obras-para-corregidora\/\"},\"author\":{\"name\":\"Nexo Informativo\",\"@id\":\"https:\/\/www.nexoinformativo.mx\/#\/schema\/person\/7749d380ba08c8ca00d7bc76fd907b7d\"},\"headline\":\"Chepe Guerrero invierte casi 200 millones de pesos en obras para Corregidora\",\"datePublished\":\"2024-10-23T23:30:29+00:00\",\"dateModified\":\"2024-10-24T02:29:53+00:00\",\"mainEntityOfPage\":{\"@id\":\"https:\/\/www.nexoinformativo.mx\/index.php\/2024\/10\/23\/chepe-guerrero-invierte-casi-200-millones-de-pesos-en-obras-para-corregidora\/\"},\"wordCount\":248,\"commentCount\":0,\"publisher\":{\"@id\":\"https:\/\/www.nexoinformativo.mx\/#organization\"},\"image\":{\"@id\":\"https:\/\/www.nexoinformativo.mx\/index.php\/2024\/10\/23\/chepe-guerrero-invierte-casi-200-millones-de-pesos-en-obras-para-corregidora\/#primaryimage\"},\"thumbnailUrl\":\"https:\/\/www.nexoinformativo.mx\/wp-content\/uploads\/2024\/10\/PHOTO-2024-10-23-17-50-54-e1729729194391.jpg\",\"keywords\":[\"ChepeGuerrero\",\"Corregidora\",\"Inversi\u00f3n\",\"ObrasP\u00fablicas\"],\"articleSection\":[\"Municipios\",\"\u00daltima Hora\"],\"inLanguage\":\"es\",\"potentialAction\":[{\"@type\":\"CommentAction\",\"name\":\"Comment\",\"target\":[\"https:\/\/www.nexoinformativo.mx\/index.php\/2024\/10\/23\/chepe-guerrero-invierte-casi-200-millones-de-pesos-en-obras-para-corregidora\/#respond\"]}]},{\"@type\":\"WebPage\",\"@id\":\"https:\/\/www.nexoinformativo.mx\/index.php\/2024\/10\/23\/chepe-guerrero-invierte-casi-200-millones-de-pesos-en-obras-para-corregidora\/\",\"url\":\"https:\/\/www.nexoinformativo.mx\/index.php\/2024\/10\/23\/chepe-guerrero-invierte-casi-200-millones-de-pesos-en-obras-para-corregidora\/\",\"name\":\"Chepe Guerrero invierte casi 200 millones de pesos en obras para Corregidora | Nexo Informativo Santiago de Quer\u00e9taro\",\"isPartOf\":{\"@id\":\"https:\/\/www.nexoinformativo.mx\/#website\"},\"primaryImageOfPage\":{\"@id\":\"https:\/\/www.nexoinformativo.mx\/index.php\/2024\/10\/23\/chepe-guerrero-invierte-casi-200-millones-de-pesos-en-obras-para-corregidora\/#primaryimage\"},\"image\":{\"@id\":\"https:\/\/www.nexoinformativo.mx\/index.php\/2024\/10\/23\/chepe-guerrero-invierte-casi-200-millones-de-pesos-en-obras-para-corregidora\/#primaryimage\"},\"thumbnailUrl\":\"https:\/\/www.nexoinformativo.mx\/wp-content\/uploads\/2024\/10\/PHOTO-2024-10-23-17-50-54-e1729729194391.jpg\",\"datePublished\":\"2024-10-23T23:30:29+00:00\",\"dateModified\":\"2024-10-24T02:29:53+00:00\",\"description\":\"Chepe Guerrero invierte casi 200 millones de pesos en obras para Corregidora\",\"breadcrumb\":{\"@id\":\"https:\/\/www.nexoinformativo.mx\/index.php\/2024\/10\/23\/chepe-guerrero-invierte-casi-200-millones-de-pesos-en-obras-para-corregidora\/#breadcrumb\"},\"inLanguage\":\"es\",\"potentialAction\":[{\"@type\":\"ReadAction\",\"target\":[\"https:\/\/www.nexoinformativo.mx\/index.php\/2024\/10\/23\/chepe-guerrero-invierte-casi-200-millones-de-pesos-en-obras-para-corregidora\/\"]}]},{\"@type\":\"ImageObject\",\"inLanguage\":\"es\",\"@id\":\"https:\/\/www.nexoinformativo.mx\/index.php\/2024\/10\/23\/chepe-guerrero-invierte-casi-200-millones-de-pesos-en-obras-para-corregidora\/#primaryimage\",\"url\":\"https:\/\/www.nexoinformativo.mx\/wp-content\/uploads\/2024\/10\/PHOTO-2024-10-23-17-50-54-e1729729194391.jpg\",\"contentUrl\":\"https:\/\/www.nexoinformativo.mx\/wp-content\/uploads\/2024\/10\/PHOTO-2024-10-23-17-50-54-e1729729194391.jpg\",\"width\":800,\"height\":1000},{\"@type\":\"BreadcrumbList\",\"@id\":\"https:\/\/www.nexoinformativo.mx\/index.php\/2024\/10\/23\/chepe-guerrero-invierte-casi-200-millones-de-pesos-en-obras-para-corregidora\/#breadcrumb\",\"itemListElement\":[{\"@type\":\"ListItem\",\"position\":1,\"name\":\"Inicio\",\"item\":\"https:\/\/www.nexoinformativo.mx\/\"},{\"@type\":\"ListItem\",\"position\":2,\"name\":\"Chepe Guerrero invierte casi 200 millones de pesos en obras para Corregidora\"}]},{\"@type\":\"WebSite\",\"@id\":\"https:\/\/www.nexoinformativo.mx\/#website\",\"url\":\"https:\/\/www.nexoinformativo.mx\/\",\"name\":\"Nexo Informativo Santiago de Quer\u00e9taro\",\"description\":\"Explora NexoInformativo y convi\u00e9rtete en parte de una comunidad que valora el conocimiento y la verdad. Tu nexoinformativo es tu puente hacia una comprensi\u00f3n m\u00e1s profunda del mundo que te rodea.\",\"publisher\":{\"@id\":\"https:\/\/www.nexoinformativo.mx\/#organization\"},\"potentialAction\":[{\"@type\":\"SearchAction\",\"target\":{\"@type\":\"EntryPoint\",\"urlTemplate\":\"https:\/\/www.nexoinformativo.mx\/?s={search_term_string}\"},\"query-input\":{\"@type\":\"PropertyValueSpecification\",\"valueRequired\":true,\"valueName\":\"search_term_string\"}}],\"inLanguage\":\"es\"},{\"@type\":\"Organization\",\"@id\":\"https:\/\/www.nexoinformativo.mx\/#organization\",\"name\":\"Nexo Informativo Santiago de Quer\u00e9taro\",\"url\":\"https:\/\/www.nexoinformativo.mx\/\",\"logo\":{\"@type\":\"ImageObject\",\"inLanguage\":\"es\",\"@id\":\"https:\/\/www.nexoinformativo.mx\/#\/schema\/logo\/image\/\",\"url\":\"https:\/\/www.nexoinformativo.mx\/wp-content\/uploads\/2024\/07\/nexoi-trasparente-2.png\",\"contentUrl\":\"https:\/\/www.nexoinformativo.mx\/wp-content\/uploads\/2024\/07\/nexoi-trasparente-2.png\",\"width\":816,\"height\":339,\"caption\":\"Nexo Informativo Santiago de Quer\u00e9taro\"},\"image\":{\"@id\":\"https:\/\/www.nexoinformativo.mx\/#\/schema\/logo\/image\/\"},\"sameAs\":[\"https:\/\/www.facebook.com\/people\/Nexo-Informativo\/61564066885511\/\"]},{\"@type\":\"Person\",\"@id\":\"https:\/\/www.nexoinformativo.mx\/#\/schema\/person\/7749d380ba08c8ca00d7bc76fd907b7d\",\"name\":\"Nexo Informativo\",\"image\":{\"@type\":\"ImageObject\",\"inLanguage\":\"es\",\"@id\":\"https:\/\/www.nexoinformativo.mx\/#\/schema\/person\/image\/\",\"url\":\"https:\/\/secure.gravatar.com\/avatar\/dde2928154642a13d95f87ddf1ea9718fe2b46760a005c53e41ff5ad610704e6?s=96&d=mm&r=g\",\"contentUrl\":\"https:\/\/secure.gravatar.com\/avatar\/dde2928154642a13d95f87ddf1ea9718fe2b46760a005c53e41ff5ad610704e6?s=96&d=mm&r=g\",\"caption\":\"Nexo Informativo\"},\"url\":\"https:\/\/www.nexoinformativo.mx\/index.php\/author\/edicion\/\"}]}<\/script>\n<!-- \/ Yoast SEO plugin. -->","yoast_head_json":{"title":"Chepe Guerrero invierte casi 200 millones de pesos en obras para Corregidora | Nexo Informativo Santiago de Quer\u00e9taro","description":"Chepe Guerrero invierte casi 200 millones de pesos en obras para Corregidora","robots":{"index":"index","follow":"follow","max-snippet":"max-snippet:-1","max-image-preview":"max-image-preview:large","max-video-preview":"max-video-preview:-1"},"canonical":"https:\/\/www.nexoinformativo.mx\/index.php\/2024\/10\/23\/chepe-guerrero-invierte-casi-200-millones-de-pesos-en-obras-para-corregidora\/","og_locale":"es_MX","og_type":"article","og_title":"Chepe Guerrero invierte casi 200 millones de pesos en obras para Corregidora | Nexo Informativo Santiago de Quer\u00e9taro","og_description":"Chepe Guerrero invierte casi 200 millones de pesos en obras para Corregidora","og_url":"https:\/\/www.nexoinformativo.mx\/index.php\/2024\/10\/23\/chepe-guerrero-invierte-casi-200-millones-de-pesos-en-obras-para-corregidora\/","og_site_name":"Nexo Informativo Santiago de Quer\u00e9taro","article_publisher":"https:\/\/www.facebook.com\/people\/Nexo-Informativo\/61564066885511\/","article_published_time":"2024-10-23T23:30:29+00:00","article_modified_time":"2024-10-24T02:29:53+00:00","og_image":[{"width":800,"height":1000,"url":"https:\/\/www.nexoinformativo.mx\/wp-content\/uploads\/2024\/10\/PHOTO-2024-10-23-17-50-54-e1729729194391.jpg","type":"image\/jpeg"}],"author":"Nexo Informativo","twitter_card":"summary_large_image","twitter_misc":{"Escrito por":"Nexo Informativo","Tiempo de lectura":"2 minutos"},"schema":{"@context":"https:\/\/schema.org","@graph":[{"@type":"Article","@id":"https:\/\/www.nexoinformativo.mx\/index.php\/2024\/10\/23\/chepe-guerrero-invierte-casi-200-millones-de-pesos-en-obras-para-corregidora\/#article","isPartOf":{"@id":"https:\/\/www.nexoinformativo.mx\/index.php\/2024\/10\/23\/chepe-guerrero-invierte-casi-200-millones-de-pesos-en-obras-para-corregidora\/"},"author":{"name":"Nexo Informativo","@id":"https:\/\/www.nexoinformativo.mx\/#\/schema\/person\/7749d380ba08c8ca00d7bc76fd907b7d"},"headline":"Chepe Guerrero invierte casi 200 millones de pesos en obras para Corregidora","datePublished":"2024-10-23T23:30:29+00:00","dateModified":"2024-10-24T02:29:53+00:00","mainEntityOfPage":{"@id":"https:\/\/www.nexoinformativo.mx\/index.php\/2024\/10\/23\/chepe-guerrero-invierte-casi-200-millones-de-pesos-en-obras-para-corregidora\/"},"wordCount":248,"commentCount":0,"publisher":{"@id":"https:\/\/www.nexoinformativo.mx\/#organization"},"image":{"@id":"https:\/\/www.nexoinformativo.mx\/index.php\/2024\/10\/23\/chepe-guerrero-invierte-casi-200-millones-de-pesos-en-obras-para-corregidora\/#primaryimage"},"thumbnailUrl":"https:\/\/www.nexoinformativo.mx\/wp-content\/uploads\/2024\/10\/PHOTO-2024-10-23-17-50-54-e1729729194391.jpg","keywords":["ChepeGuerrero","Corregidora","Inversi\u00f3n","ObrasP\u00fablicas"],"articleSection":["Municipios","\u00daltima Hora"],"inLanguage":"es","potentialAction":[{"@type":"CommentAction","name":"Comment","target":["https:\/\/www.nexoinformativo.mx\/index.php\/2024\/10\/23\/chepe-guerrero-invierte-casi-200-millones-de-pesos-en-obras-para-corregidora\/#respond"]}]},{"@type":"WebPage","@id":"https:\/\/www.nexoinformativo.mx\/index.php\/2024\/10\/23\/chepe-guerrero-invierte-casi-200-millones-de-pesos-en-obras-para-corregidora\/","url":"https:\/\/www.nexoinformativo.mx\/index.php\/2024\/10\/23\/chepe-guerrero-invierte-casi-200-millones-de-pesos-en-obras-para-corregidora\/","name":"Chepe Guerrero invierte casi 200 millones de pesos en obras para Corregidora | Nexo Informativo Santiago de Quer\u00e9taro","isPartOf":{"@id":"https:\/\/www.nexoinformativo.mx\/#website"},"primaryImageOfPage":{"@id":"https:\/\/www.nexoinformativo.mx\/index.php\/2024\/10\/23\/chepe-guerrero-invierte-casi-200-millones-de-pesos-en-obras-para-corregidora\/#primaryimage"},"image":{"@id":"https:\/\/www.nexoinformativo.mx\/index.php\/2024\/10\/23\/chepe-guerrero-invierte-casi-200-millones-de-pesos-en-obras-para-corregidora\/#primaryimage"},"thumbnailUrl":"https:\/\/www.nexoinformativo.mx\/wp-content\/uploads\/2024\/10\/PHOTO-2024-10-23-17-50-54-e1729729194391.jpg","datePublished":"2024-10-23T23:30:29+00:00","dateModified":"2024-10-24T02:29:53+00:00","description":"Chepe Guerrero invierte casi 200 millones de pesos en obras para Corregidora","breadcrumb":{"@id":"https:\/\/www.nexoinformativo.mx\/index.php\/2024\/10\/23\/chepe-guerrero-invierte-casi-200-millones-de-pesos-en-obras-para-corregidora\/#breadcrumb"},"inLanguage":"es","potentialAction":[{"@type":"ReadAction","target":["https:\/\/www.nexoinformativo.mx\/index.php\/2024\/10\/23\/chepe-guerrero-invierte-casi-200-millones-de-pesos-en-obras-para-corregidora\/"]}]},{"@type":"ImageObject","inLanguage":"es","@id":"https:\/\/www.nexoinformativo.mx\/index.php\/2024\/10\/23\/chepe-guerrero-invierte-casi-200-millones-de-pesos-en-obras-para-corregidora\/#primaryimage","url":"https:\/\/www.nexoinformativo.mx\/wp-content\/uploads\/2024\/10\/PHOTO-2024-10-23-17-50-54-e1729729194391.jpg","contentUrl":"https:\/\/www.nexoinformativo.mx\/wp-content\/uploads\/2024\/10\/PHOTO-2024-10-23-17-50-54-e1729729194391.jpg","width":800,"height":1000},{"@type":"BreadcrumbList","@id":"https:\/\/www.nexoinformativo.mx\/index.php\/2024\/10\/23\/chepe-guerrero-invierte-casi-200-millones-de-pesos-en-obras-para-corregidora\/#breadcrumb","itemListElement":[{"@type":"ListItem","position":1,"name":"Inicio","item":"https:\/\/www.nexoinformativo.mx\/"},{"@type":"ListItem","position":2,"name":"Chepe Guerrero invierte casi 200 millones de pesos en obras para Corregidora"}]},{"@type":"WebSite","@id":"https:\/\/www.nexoinformativo.mx\/#website","url":"https:\/\/www.nexoinformativo.mx\/","name":"Nexo Informativo Santiago de Quer\u00e9taro","description":"Explora NexoInformativo y convi\u00e9rtete en parte de una comunidad que valora el conocimiento y la verdad. Tu nexoinformativo es tu puente hacia una comprensi\u00f3n m\u00e1s profunda del mundo que te rodea.","publisher":{"@id":"https:\/\/www.nexoinformativo.mx\/#organization"},"potentialAction":[{"@type":"SearchAction","target":{"@type":"EntryPoint","urlTemplate":"https:\/\/www.nexoinformativo.mx\/?s={search_term_string}"},"query-input":{"@type":"PropertyValueSpecification","valueRequired":true,"valueName":"search_term_string"}}],"inLanguage":"es"},{"@type":"Organization","@id":"https:\/\/www.nexoinformativo.mx\/#organization","name":"Nexo Informativo Santiago de Quer\u00e9taro","url":"https:\/\/www.nexoinformativo.mx\/","logo":{"@type":"ImageObject","inLanguage":"es","@id":"https:\/\/www.nexoinformativo.mx\/#\/schema\/logo\/image\/","url":"https:\/\/www.nexoinformativo.mx\/wp-content\/uploads\/2024\/07\/nexoi-trasparente-2.png","contentUrl":"https:\/\/www.nexoinformativo.mx\/wp-content\/uploads\/2024\/07\/nexoi-trasparente-2.png","width":816,"height":339,"caption":"Nexo Informativo Santiago de Quer\u00e9taro"},"image":{"@id":"https:\/\/www.nexoinformativo.mx\/#\/schema\/logo\/image\/"},"sameAs":["https:\/\/www.facebook.com\/people\/Nexo-Informativo\/61564066885511\/"]},{"@type":"Person","@id":"https:\/\/www.nexoinformativo.mx\/#\/schema\/person\/7749d380ba08c8ca00d7bc76fd907b7d","name":"Nexo Informativo","image":{"@type":"ImageObject","inLanguage":"es","@id":"https:\/\/www.nexoinformativo.mx\/#\/schema\/person\/image\/","url":"https:\/\/secure.gravatar.com\/avatar\/dde2928154642a13d95f87ddf1ea9718fe2b46760a005c53e41ff5ad610704e6?s=96&d=mm&r=g","contentUrl":"https:\/\/secure.gravatar.com\/avatar\/dde2928154642a13d95f87ddf1ea9718fe2b46760a005c53e41ff5ad610704e6?s=96&d=mm&r=g","caption":"Nexo Informativo"},"url":"https:\/\/www.nexoinformativo.mx\/index.php\/author\/edicion\/"}]}},"_links":{"self":[{"href":"https:\/\/www.nexoinformativo.mx\/index.php\/wp-json\/wp\/v2\/posts\/4329","targetHints":{"allow":["GET"]}}],"collection":[{"href":"https:\/\/www.nexoinformativo.mx\/index.php\/wp-json\/wp\/v2\/posts"}],"about":[{"href":"https:\/\/www.nexoinformativo.mx\/index.php\/wp-json\/wp\/v2\/types\/post"}],"author":[{"embeddable":true,"href":"https:\/\/www.nexoinformativo.mx\/index.php\/wp-json\/wp\/v2\/users\/3"}],"replies":[{"embeddable":true,"href":"https:\/\/www.nexoinformativo.mx\/index.php\/wp-json\/wp\/v2\/comments?post=4329"}],"version-history":[{"count":6,"href":"https:\/\/www.nexoinformativo.mx\/index.php\/wp-json\/wp\/v2\/posts\/4329\/revisions"}],"predecessor-version":[{"id":4344,"href":"https:\/\/www.nexoinformativo.mx\/index.php\/wp-json\/wp\/v2\/posts\/4329\/revisions\/4344"}],"wp:featuredmedia":[{"embeddable":true,"href":"https:\/\/www.nexoinformativo.mx\/index.php\/wp-json\/wp\/v2\/media\/4330"}],"wp:attachment":[{"href":"https:\/\/www.nexoinformativo.mx\/index.php\/wp-json\/wp\/v2\/media?parent=4329"}],"wp:term":[{"taxonomy":"category","embeddable":true,"href":"https:\/\/www.nexoinformativo.mx\/index.php\/wp-json\/wp\/v2\/categories?post=4329"},{"taxonomy":"post_tag","embeddable":true,"href":"https:\/\/www.nexoinformativo.mx\/index.php\/wp-json\/wp\/v2\/tags?post=4329"}],"curies":[{"name":"wp","href":"https:\/\/api.w.org\/{rel}","templated":true}]}}