{"id":4345,"date":"2024-10-23T20:00:05","date_gmt":"2024-10-24T02:00:05","guid":{"rendered":"https:\/\/www.nexoinformativo.mx\/?p=4345"},"modified":"2024-10-23T21:15:45","modified_gmt":"2024-10-24T03:15:45","slug":"cecyteq-reconoce-la-excelencia-docente-con-nombramientos-definitivos","status":"publish","type":"post","link":"https:\/\/www.nexoinformativo.mx\/index.php\/2024\/10\/23\/cecyteq-reconoce-la-excelencia-docente-con-nombramientos-definitivos\/","title":{"rendered":"CECyTEQ reconoce la excelencia docente con nombramientos definitivos"},"content":{"rendered":"<p style=\"text-align: justify;\" data-sourcepos=\"7:1-7:475\">En un acto que resalta la importancia del personal docente, el Colegio de Estudios Cient\u00edficos y Tecnol\u00f3gicos del Estado de Quer\u00e9taro <strong>(CECyTEQ)<\/strong> entreg\u00f3 nombramientos definitivos a 26 maestros.<\/p>\n<p>&nbsp;<\/p>\n<p style=\"text-align: justify;\" data-sourcepos=\"7:1-7:475\">Estos nombramientos son resultado de los procesos de promoci\u00f3n por horas adicionales definitivas, homologaci\u00f3n y renivelaci\u00f3n, realizados a trav\u00e9s de las convocatorias nacionales de la Unidad del Sistema para la Carrera de las Maestras y Maestros (USICAMM).<\/p>\n<p>&nbsp;<\/p>\n<p style=\"text-align: justify;\" data-sourcepos=\"9:1-9:187\">Los docentes beneficiados imparten una amplia gama de materias, desde humanidades y ciencias naturales hasta tecnolog\u00edas de la informaci\u00f3n y comunicaci\u00f3n, en los 12 planteles del CECyTEQ.<\/p>\n<p>&nbsp;<\/p>\n<p style=\"text-align: justify;\" data-sourcepos=\"11:1-11:362\">El director general del CECyTEQ, David Chaparro, destac\u00f3 que este reconocimiento es un justo tributo a la dedicaci\u00f3n y profesionalismo de los docentes, quienes son el pilar fundamental del proceso educativo. &#8220;Gracias a su trabajo, el CECyTEQ se ha consolidado como una instituci\u00f3n de excelencia educativa en el estado&#8221;, afirm\u00f3 Chaparro Aguilar.<\/p>\n<p>&nbsp;<\/p>\n<p style=\"text-align: justify;\" data-sourcepos=\"13:1-13:153\">Por su parte, el director acad\u00e9mico, Ranferi Pe\u00f1aloza, felicit\u00f3 a los docentes y los alent\u00f3 a continuar su labor de formaci\u00f3n de j\u00f3venes talentos.\u00a0Beneficios de los nombramientos definitivos:<\/p>\n<p>&nbsp;<\/p>\n<ul style=\"text-align: justify;\" data-sourcepos=\"17:1-20:0\">\n<li data-sourcepos=\"17:1-17:89\">Certeza laboral: Los docentes beneficiados obtienen mayor estabilidad en su empleo.<\/li>\n<li data-sourcepos=\"18:1-18:127\">Reconocimiento a la trayectoria: Los nombramientos son un reconocimiento a la experiencia y el desempe\u00f1o de los docentes.<\/li>\n<li data-sourcepos=\"19:1-20:0\">Motivaci\u00f3n: Estos nombramientos incentivan a los docentes a continuar su desarrollo profesional. <\/p>\n<p>&nbsp;<\/p>\n<\/ul>\n<p style=\"text-align: justify;\">El CECyTEQ enfatiz\u00f3 que los procesos de selecci\u00f3n fueron transparentes y justos, siguiendo los lineamientos establecidos por la USICAMM. Esto garantiza que los nombramientos se otorguen a los docentes mas capacitados y comprometidos.<\/p>\n<p>&nbsp;<\/p>\n<p style=\"text-align: center;\" data-sourcepos=\"23:1-23:233\"><em><strong>\u00a1Informaci\u00f3n que transforma!<\/strong><\/em><\/p>\n","protected":false},"excerpt":{"rendered":"<p>En un acto que resalta la importancia del personal docente, el Colegio de Estudios Cient\u00edficos y Tecnol\u00f3gicos del Estado de Quer\u00e9taro (CECyTEQ) entreg\u00f3 nombramientos definitivos a 26 maestros.<\/p>\n","protected":false},"author":3,"featured_media":4346,"comment_status":"open","ping_status":"open","sticky":false,"template":"","format":"standard","meta":{"footnotes":""},"categories":[42,58],"tags":[1429,1597,495,1598],"class_list":["post-4345","post","type-post","status-publish","format-standard","has-post-thumbnail","hentry","category-estado","category-ultima-hora","tag-cecyteq","tag-docentes","tag-educacionqueretaro","tag-nombramientosdefinitivos"],"yoast_head":"<!-- This site is optimized with the Yoast SEO plugin v25.0 - https:\/\/yoast.com\/wordpress\/plugins\/seo\/ -->\n<title>CECyTEQ reconoce la excelencia docente con nombramientos definitivos | Nexo Informativo Santiago de Quer\u00e9taro<\/title>\n<meta name=\"description\" content=\"CECyTEQ reconoce la excelencia docente con nombramientos definitivos\" \/>\n<meta name=\"robots\" content=\"index, follow, max-snippet:-1, max-image-preview:large, max-video-preview:-1\" \/>\n<link rel=\"canonical\" href=\"https:\/\/www.nexoinformativo.mx\/index.php\/2024\/10\/23\/cecyteq-reconoce-la-excelencia-docente-con-nombramientos-definitivos\/\" \/>\n<meta property=\"og:locale\" content=\"es_MX\" \/>\n<meta property=\"og:type\" content=\"article\" \/>\n<meta property=\"og:title\" content=\"CECyTEQ reconoce la excelencia docente con nombramientos definitivos | Nexo Informativo Santiago de Quer\u00e9taro\" \/>\n<meta property=\"og:description\" content=\"CECyTEQ reconoce la excelencia docente con nombramientos definitivos\" \/>\n<meta property=\"og:url\" content=\"https:\/\/www.nexoinformativo.mx\/index.php\/2024\/10\/23\/cecyteq-reconoce-la-excelencia-docente-con-nombramientos-definitivos\/\" \/>\n<meta property=\"og:site_name\" content=\"Nexo Informativo Santiago de Quer\u00e9taro\" \/>\n<meta property=\"article:publisher\" content=\"https:\/\/www.facebook.com\/people\/Nexo-Informativo\/61564066885511\/\" \/>\n<meta property=\"article:published_time\" content=\"2024-10-24T02:00:05+00:00\" \/>\n<meta property=\"article:modified_time\" content=\"2024-10-24T03:15:45+00:00\" \/>\n<meta property=\"og:image\" content=\"https:\/\/www.nexoinformativo.mx\/wp-content\/uploads\/2024\/10\/PHOTO-2024-10-23-20-48-51-e1729739384699.jpg\" \/>\n\t<meta property=\"og:image:width\" content=\"800\" \/>\n\t<meta property=\"og:image:height\" content=\"1000\" \/>\n\t<meta property=\"og:image:type\" content=\"image\/jpeg\" \/>\n<meta name=\"author\" content=\"Nexo Informativo\" \/>\n<meta name=\"twitter:card\" content=\"summary_large_image\" \/>\n<meta name=\"twitter:label1\" content=\"Escrito por\" \/>\n\t<meta name=\"twitter:data1\" content=\"Nexo Informativo\" \/>\n\t<meta name=\"twitter:label2\" content=\"Tiempo de lectura\" \/>\n\t<meta name=\"twitter:data2\" content=\"2 minutos\" \/>\n<script type=\"application\/ld+json\" class=\"yoast-schema-graph\">{\"@context\":\"https:\/\/schema.org\",\"@graph\":[{\"@type\":\"Article\",\"@id\":\"https:\/\/www.nexoinformativo.mx\/index.php\/2024\/10\/23\/cecyteq-reconoce-la-excelencia-docente-con-nombramientos-definitivos\/#article\",\"isPartOf\":{\"@id\":\"https:\/\/www.nexoinformativo.mx\/index.php\/2024\/10\/23\/cecyteq-reconoce-la-excelencia-docente-con-nombramientos-definitivos\/\"},\"author\":{\"name\":\"Nexo Informativo\",\"@id\":\"https:\/\/www.nexoinformativo.mx\/#\/schema\/person\/7749d380ba08c8ca00d7bc76fd907b7d\"},\"headline\":\"CECyTEQ reconoce la excelencia docente con nombramientos definitivos\",\"datePublished\":\"2024-10-24T02:00:05+00:00\",\"dateModified\":\"2024-10-24T03:15:45+00:00\",\"mainEntityOfPage\":{\"@id\":\"https:\/\/www.nexoinformativo.mx\/index.php\/2024\/10\/23\/cecyteq-reconoce-la-excelencia-docente-con-nombramientos-definitivos\/\"},\"wordCount\":283,\"commentCount\":0,\"publisher\":{\"@id\":\"https:\/\/www.nexoinformativo.mx\/#organization\"},\"image\":{\"@id\":\"https:\/\/www.nexoinformativo.mx\/index.php\/2024\/10\/23\/cecyteq-reconoce-la-excelencia-docente-con-nombramientos-definitivos\/#primaryimage\"},\"thumbnailUrl\":\"https:\/\/www.nexoinformativo.mx\/wp-content\/uploads\/2024\/10\/PHOTO-2024-10-23-20-48-51-e1729739384699.jpg\",\"keywords\":[\"CECyTEQ\",\"Docentes\",\"Educaci\u00f3nQuer\u00e9taro\",\"NombramientosDefinitivos\"],\"articleSection\":[\"Estado\",\"\u00daltima Hora\"],\"inLanguage\":\"es\",\"potentialAction\":[{\"@type\":\"CommentAction\",\"name\":\"Comment\",\"target\":[\"https:\/\/www.nexoinformativo.mx\/index.php\/2024\/10\/23\/cecyteq-reconoce-la-excelencia-docente-con-nombramientos-definitivos\/#respond\"]}]},{\"@type\":\"WebPage\",\"@id\":\"https:\/\/www.nexoinformativo.mx\/index.php\/2024\/10\/23\/cecyteq-reconoce-la-excelencia-docente-con-nombramientos-definitivos\/\",\"url\":\"https:\/\/www.nexoinformativo.mx\/index.php\/2024\/10\/23\/cecyteq-reconoce-la-excelencia-docente-con-nombramientos-definitivos\/\",\"name\":\"CECyTEQ reconoce la excelencia docente con nombramientos definitivos | Nexo Informativo Santiago de Quer\u00e9taro\",\"isPartOf\":{\"@id\":\"https:\/\/www.nexoinformativo.mx\/#website\"},\"primaryImageOfPage\":{\"@id\":\"https:\/\/www.nexoinformativo.mx\/index.php\/2024\/10\/23\/cecyteq-reconoce-la-excelencia-docente-con-nombramientos-definitivos\/#primaryimage\"},\"image\":{\"@id\":\"https:\/\/www.nexoinformativo.mx\/index.php\/2024\/10\/23\/cecyteq-reconoce-la-excelencia-docente-con-nombramientos-definitivos\/#primaryimage\"},\"thumbnailUrl\":\"https:\/\/www.nexoinformativo.mx\/wp-content\/uploads\/2024\/10\/PHOTO-2024-10-23-20-48-51-e1729739384699.jpg\",\"datePublished\":\"2024-10-24T02:00:05+00:00\",\"dateModified\":\"2024-10-24T03:15:45+00:00\",\"description\":\"CECyTEQ reconoce la excelencia docente con nombramientos definitivos\",\"breadcrumb\":{\"@id\":\"https:\/\/www.nexoinformativo.mx\/index.php\/2024\/10\/23\/cecyteq-reconoce-la-excelencia-docente-con-nombramientos-definitivos\/#breadcrumb\"},\"inLanguage\":\"es\",\"potentialAction\":[{\"@type\":\"ReadAction\",\"target\":[\"https:\/\/www.nexoinformativo.mx\/index.php\/2024\/10\/23\/cecyteq-reconoce-la-excelencia-docente-con-nombramientos-definitivos\/\"]}]},{\"@type\":\"ImageObject\",\"inLanguage\":\"es\",\"@id\":\"https:\/\/www.nexoinformativo.mx\/index.php\/2024\/10\/23\/cecyteq-reconoce-la-excelencia-docente-con-nombramientos-definitivos\/#primaryimage\",\"url\":\"https:\/\/www.nexoinformativo.mx\/wp-content\/uploads\/2024\/10\/PHOTO-2024-10-23-20-48-51-e1729739384699.jpg\",\"contentUrl\":\"https:\/\/www.nexoinformativo.mx\/wp-content\/uploads\/2024\/10\/PHOTO-2024-10-23-20-48-51-e1729739384699.jpg\",\"width\":800,\"height\":1000},{\"@type\":\"BreadcrumbList\",\"@id\":\"https:\/\/www.nexoinformativo.mx\/index.php\/2024\/10\/23\/cecyteq-reconoce-la-excelencia-docente-con-nombramientos-definitivos\/#breadcrumb\",\"itemListElement\":[{\"@type\":\"ListItem\",\"position\":1,\"name\":\"Inicio\",\"item\":\"https:\/\/www.nexoinformativo.mx\/\"},{\"@type\":\"ListItem\",\"position\":2,\"name\":\"CECyTEQ reconoce la excelencia docente con nombramientos definitivos\"}]},{\"@type\":\"WebSite\",\"@id\":\"https:\/\/www.nexoinformativo.mx\/#website\",\"url\":\"https:\/\/www.nexoinformativo.mx\/\",\"name\":\"Nexo Informativo Santiago de Quer\u00e9taro\",\"description\":\"Explora NexoInformativo y convi\u00e9rtete en parte de una comunidad que valora el conocimiento y la verdad. Tu nexoinformativo es tu puente hacia una comprensi\u00f3n m\u00e1s profunda del mundo que te rodea.\",\"publisher\":{\"@id\":\"https:\/\/www.nexoinformativo.mx\/#organization\"},\"potentialAction\":[{\"@type\":\"SearchAction\",\"target\":{\"@type\":\"EntryPoint\",\"urlTemplate\":\"https:\/\/www.nexoinformativo.mx\/?s={search_term_string}\"},\"query-input\":{\"@type\":\"PropertyValueSpecification\",\"valueRequired\":true,\"valueName\":\"search_term_string\"}}],\"inLanguage\":\"es\"},{\"@type\":\"Organization\",\"@id\":\"https:\/\/www.nexoinformativo.mx\/#organization\",\"name\":\"Nexo Informativo Santiago de Quer\u00e9taro\",\"url\":\"https:\/\/www.nexoinformativo.mx\/\",\"logo\":{\"@type\":\"ImageObject\",\"inLanguage\":\"es\",\"@id\":\"https:\/\/www.nexoinformativo.mx\/#\/schema\/logo\/image\/\",\"url\":\"https:\/\/www.nexoinformativo.mx\/wp-content\/uploads\/2024\/07\/nexoi-trasparente-2.png\",\"contentUrl\":\"https:\/\/www.nexoinformativo.mx\/wp-content\/uploads\/2024\/07\/nexoi-trasparente-2.png\",\"width\":816,\"height\":339,\"caption\":\"Nexo Informativo Santiago de Quer\u00e9taro\"},\"image\":{\"@id\":\"https:\/\/www.nexoinformativo.mx\/#\/schema\/logo\/image\/\"},\"sameAs\":[\"https:\/\/www.facebook.com\/people\/Nexo-Informativo\/61564066885511\/\"]},{\"@type\":\"Person\",\"@id\":\"https:\/\/www.nexoinformativo.mx\/#\/schema\/person\/7749d380ba08c8ca00d7bc76fd907b7d\",\"name\":\"Nexo Informativo\",\"image\":{\"@type\":\"ImageObject\",\"inLanguage\":\"es\",\"@id\":\"https:\/\/www.nexoinformativo.mx\/#\/schema\/person\/image\/\",\"url\":\"https:\/\/secure.gravatar.com\/avatar\/dde2928154642a13d95f87ddf1ea9718fe2b46760a005c53e41ff5ad610704e6?s=96&d=mm&r=g\",\"contentUrl\":\"https:\/\/secure.gravatar.com\/avatar\/dde2928154642a13d95f87ddf1ea9718fe2b46760a005c53e41ff5ad610704e6?s=96&d=mm&r=g\",\"caption\":\"Nexo Informativo\"},\"url\":\"https:\/\/www.nexoinformativo.mx\/index.php\/author\/edicion\/\"}]}<\/script>\n<!-- \/ Yoast SEO plugin. -->","yoast_head_json":{"title":"CECyTEQ reconoce la excelencia docente con nombramientos definitivos | Nexo Informativo Santiago de Quer\u00e9taro","description":"CECyTEQ reconoce la excelencia docente con nombramientos definitivos","robots":{"index":"index","follow":"follow","max-snippet":"max-snippet:-1","max-image-preview":"max-image-preview:large","max-video-preview":"max-video-preview:-1"},"canonical":"https:\/\/www.nexoinformativo.mx\/index.php\/2024\/10\/23\/cecyteq-reconoce-la-excelencia-docente-con-nombramientos-definitivos\/","og_locale":"es_MX","og_type":"article","og_title":"CECyTEQ reconoce la excelencia docente con nombramientos definitivos | Nexo Informativo Santiago de Quer\u00e9taro","og_description":"CECyTEQ reconoce la excelencia docente con nombramientos definitivos","og_url":"https:\/\/www.nexoinformativo.mx\/index.php\/2024\/10\/23\/cecyteq-reconoce-la-excelencia-docente-con-nombramientos-definitivos\/","og_site_name":"Nexo Informativo Santiago de Quer\u00e9taro","article_publisher":"https:\/\/www.facebook.com\/people\/Nexo-Informativo\/61564066885511\/","article_published_time":"2024-10-24T02:00:05+00:00","article_modified_time":"2024-10-24T03:15:45+00:00","og_image":[{"width":800,"height":1000,"url":"https:\/\/www.nexoinformativo.mx\/wp-content\/uploads\/2024\/10\/PHOTO-2024-10-23-20-48-51-e1729739384699.jpg","type":"image\/jpeg"}],"author":"Nexo Informativo","twitter_card":"summary_large_image","twitter_misc":{"Escrito por":"Nexo Informativo","Tiempo de lectura":"2 minutos"},"schema":{"@context":"https:\/\/schema.org","@graph":[{"@type":"Article","@id":"https:\/\/www.nexoinformativo.mx\/index.php\/2024\/10\/23\/cecyteq-reconoce-la-excelencia-docente-con-nombramientos-definitivos\/#article","isPartOf":{"@id":"https:\/\/www.nexoinformativo.mx\/index.php\/2024\/10\/23\/cecyteq-reconoce-la-excelencia-docente-con-nombramientos-definitivos\/"},"author":{"name":"Nexo Informativo","@id":"https:\/\/www.nexoinformativo.mx\/#\/schema\/person\/7749d380ba08c8ca00d7bc76fd907b7d"},"headline":"CECyTEQ reconoce la excelencia docente con nombramientos definitivos","datePublished":"2024-10-24T02:00:05+00:00","dateModified":"2024-10-24T03:15:45+00:00","mainEntityOfPage":{"@id":"https:\/\/www.nexoinformativo.mx\/index.php\/2024\/10\/23\/cecyteq-reconoce-la-excelencia-docente-con-nombramientos-definitivos\/"},"wordCount":283,"commentCount":0,"publisher":{"@id":"https:\/\/www.nexoinformativo.mx\/#organization"},"image":{"@id":"https:\/\/www.nexoinformativo.mx\/index.php\/2024\/10\/23\/cecyteq-reconoce-la-excelencia-docente-con-nombramientos-definitivos\/#primaryimage"},"thumbnailUrl":"https:\/\/www.nexoinformativo.mx\/wp-content\/uploads\/2024\/10\/PHOTO-2024-10-23-20-48-51-e1729739384699.jpg","keywords":["CECyTEQ","Docentes","Educaci\u00f3nQuer\u00e9taro","NombramientosDefinitivos"],"articleSection":["Estado","\u00daltima Hora"],"inLanguage":"es","potentialAction":[{"@type":"CommentAction","name":"Comment","target":["https:\/\/www.nexoinformativo.mx\/index.php\/2024\/10\/23\/cecyteq-reconoce-la-excelencia-docente-con-nombramientos-definitivos\/#respond"]}]},{"@type":"WebPage","@id":"https:\/\/www.nexoinformativo.mx\/index.php\/2024\/10\/23\/cecyteq-reconoce-la-excelencia-docente-con-nombramientos-definitivos\/","url":"https:\/\/www.nexoinformativo.mx\/index.php\/2024\/10\/23\/cecyteq-reconoce-la-excelencia-docente-con-nombramientos-definitivos\/","name":"CECyTEQ reconoce la excelencia docente con nombramientos definitivos | Nexo Informativo Santiago de Quer\u00e9taro","isPartOf":{"@id":"https:\/\/www.nexoinformativo.mx\/#website"},"primaryImageOfPage":{"@id":"https:\/\/www.nexoinformativo.mx\/index.php\/2024\/10\/23\/cecyteq-reconoce-la-excelencia-docente-con-nombramientos-definitivos\/#primaryimage"},"image":{"@id":"https:\/\/www.nexoinformativo.mx\/index.php\/2024\/10\/23\/cecyteq-reconoce-la-excelencia-docente-con-nombramientos-definitivos\/#primaryimage"},"thumbnailUrl":"https:\/\/www.nexoinformativo.mx\/wp-content\/uploads\/2024\/10\/PHOTO-2024-10-23-20-48-51-e1729739384699.jpg","datePublished":"2024-10-24T02:00:05+00:00","dateModified":"2024-10-24T03:15:45+00:00","description":"CECyTEQ reconoce la excelencia docente con nombramientos definitivos","breadcrumb":{"@id":"https:\/\/www.nexoinformativo.mx\/index.php\/2024\/10\/23\/cecyteq-reconoce-la-excelencia-docente-con-nombramientos-definitivos\/#breadcrumb"},"inLanguage":"es","potentialAction":[{"@type":"ReadAction","target":["https:\/\/www.nexoinformativo.mx\/index.php\/2024\/10\/23\/cecyteq-reconoce-la-excelencia-docente-con-nombramientos-definitivos\/"]}]},{"@type":"ImageObject","inLanguage":"es","@id":"https:\/\/www.nexoinformativo.mx\/index.php\/2024\/10\/23\/cecyteq-reconoce-la-excelencia-docente-con-nombramientos-definitivos\/#primaryimage","url":"https:\/\/www.nexoinformativo.mx\/wp-content\/uploads\/2024\/10\/PHOTO-2024-10-23-20-48-51-e1729739384699.jpg","contentUrl":"https:\/\/www.nexoinformativo.mx\/wp-content\/uploads\/2024\/10\/PHOTO-2024-10-23-20-48-51-e1729739384699.jpg","width":800,"height":1000},{"@type":"BreadcrumbList","@id":"https:\/\/www.nexoinformativo.mx\/index.php\/2024\/10\/23\/cecyteq-reconoce-la-excelencia-docente-con-nombramientos-definitivos\/#breadcrumb","itemListElement":[{"@type":"ListItem","position":1,"name":"Inicio","item":"https:\/\/www.nexoinformativo.mx\/"},{"@type":"ListItem","position":2,"name":"CECyTEQ reconoce la excelencia docente con nombramientos definitivos"}]},{"@type":"WebSite","@id":"https:\/\/www.nexoinformativo.mx\/#website","url":"https:\/\/www.nexoinformativo.mx\/","name":"Nexo Informativo Santiago de Quer\u00e9taro","description":"Explora NexoInformativo y convi\u00e9rtete en parte de una comunidad que valora el conocimiento y la verdad. Tu nexoinformativo es tu puente hacia una comprensi\u00f3n m\u00e1s profunda del mundo que te rodea.","publisher":{"@id":"https:\/\/www.nexoinformativo.mx\/#organization"},"potentialAction":[{"@type":"SearchAction","target":{"@type":"EntryPoint","urlTemplate":"https:\/\/www.nexoinformativo.mx\/?s={search_term_string}"},"query-input":{"@type":"PropertyValueSpecification","valueRequired":true,"valueName":"search_term_string"}}],"inLanguage":"es"},{"@type":"Organization","@id":"https:\/\/www.nexoinformativo.mx\/#organization","name":"Nexo Informativo Santiago de Quer\u00e9taro","url":"https:\/\/www.nexoinformativo.mx\/","logo":{"@type":"ImageObject","inLanguage":"es","@id":"https:\/\/www.nexoinformativo.mx\/#\/schema\/logo\/image\/","url":"https:\/\/www.nexoinformativo.mx\/wp-content\/uploads\/2024\/07\/nexoi-trasparente-2.png","contentUrl":"https:\/\/www.nexoinformativo.mx\/wp-content\/uploads\/2024\/07\/nexoi-trasparente-2.png","width":816,"height":339,"caption":"Nexo Informativo Santiago de Quer\u00e9taro"},"image":{"@id":"https:\/\/www.nexoinformativo.mx\/#\/schema\/logo\/image\/"},"sameAs":["https:\/\/www.facebook.com\/people\/Nexo-Informativo\/61564066885511\/"]},{"@type":"Person","@id":"https:\/\/www.nexoinformativo.mx\/#\/schema\/person\/7749d380ba08c8ca00d7bc76fd907b7d","name":"Nexo Informativo","image":{"@type":"ImageObject","inLanguage":"es","@id":"https:\/\/www.nexoinformativo.mx\/#\/schema\/person\/image\/","url":"https:\/\/secure.gravatar.com\/avatar\/dde2928154642a13d95f87ddf1ea9718fe2b46760a005c53e41ff5ad610704e6?s=96&d=mm&r=g","contentUrl":"https:\/\/secure.gravatar.com\/avatar\/dde2928154642a13d95f87ddf1ea9718fe2b46760a005c53e41ff5ad610704e6?s=96&d=mm&r=g","caption":"Nexo Informativo"},"url":"https:\/\/www.nexoinformativo.mx\/index.php\/author\/edicion\/"}]}},"_links":{"self":[{"href":"https:\/\/www.nexoinformativo.mx\/index.php\/wp-json\/wp\/v2\/posts\/4345","targetHints":{"allow":["GET"]}}],"collection":[{"href":"https:\/\/www.nexoinformativo.mx\/index.php\/wp-json\/wp\/v2\/posts"}],"about":[{"href":"https:\/\/www.nexoinformativo.mx\/index.php\/wp-json\/wp\/v2\/types\/post"}],"author":[{"embeddable":true,"href":"https:\/\/www.nexoinformativo.mx\/index.php\/wp-json\/wp\/v2\/users\/3"}],"replies":[{"embeddable":true,"href":"https:\/\/www.nexoinformativo.mx\/index.php\/wp-json\/wp\/v2\/comments?post=4345"}],"version-history":[{"count":9,"href":"https:\/\/www.nexoinformativo.mx\/index.php\/wp-json\/wp\/v2\/posts\/4345\/revisions"}],"predecessor-version":[{"id":4348,"href":"https:\/\/www.nexoinformativo.mx\/index.php\/wp-json\/wp\/v2\/posts\/4345\/revisions\/4348"}],"wp:featuredmedia":[{"embeddable":true,"href":"https:\/\/www.nexoinformativo.mx\/index.php\/wp-json\/wp\/v2\/media\/4346"}],"wp:attachment":[{"href":"https:\/\/www.nexoinformativo.mx\/index.php\/wp-json\/wp\/v2\/media?parent=4345"}],"wp:term":[{"taxonomy":"category","embeddable":true,"href":"https:\/\/www.nexoinformativo.mx\/index.php\/wp-json\/wp\/v2\/categories?post=4345"},{"taxonomy":"post_tag","embeddable":true,"href":"https:\/\/www.nexoinformativo.mx\/index.php\/wp-json\/wp\/v2\/tags?post=4345"}],"curies":[{"name":"wp","href":"https:\/\/api.w.org\/{rel}","templated":true}]}}