{"id":4357,"date":"2024-10-24T07:00:02","date_gmt":"2024-10-24T13:00:02","guid":{"rendered":"https:\/\/www.nexoinformativo.mx\/?p=4357"},"modified":"2024-10-24T08:42:41","modified_gmt":"2024-10-24T14:42:41","slug":"corregidora-se-abriga-arranca-colecta-invernal-para-apoyar-a-las-familias-mas-vulnerables","status":"publish","type":"post","link":"https:\/\/www.nexoinformativo.mx\/index.php\/2024\/10\/24\/corregidora-se-abriga-arranca-colecta-invernal-para-apoyar-a-las-familias-mas-vulnerables\/","title":{"rendered":"Corregidora se abriga: Arranca colecta invernal para apoyar a las familias m\u00e1s vulnerables"},"content":{"rendered":"<p style=\"text-align: justify;\" data-sourcepos=\"7:1-7:286\">Con el objetivo de brindar abrigo y calor a las familias m\u00e1s necesitadas durante la temporada invernal, el Sistema Municipal DIF de Corregidora, encabezado por Gaby Tr\u00e1pala, en conjunto con el alcalde Chepe Guerrero, dio inicio a la colecta invernal 2024.<\/p>\n<p>&nbsp;<\/p>\n<p style=\"text-align: justify;\" data-sourcepos=\"9:1-9:344\">La campa\u00f1a busca recolectar m\u00e1s de seis mil prendas de invierno y cobijas, las cuales ser\u00e1n distribuidas entre quienes m\u00e1s lo requieran. Los centros de acopio estar\u00e1n ubicados en el Centro de Atenci\u00f3n M\u00faltiple (CAM) y en las instalaciones del DIF municipal, donde los ciudadanos podr\u00e1n depositar sus donaciones hasta el pr\u00f3ximo 30 de noviembre.<\/p>\n<p>&nbsp;<\/p>\n<p style=\"text-align: justify;\" data-sourcepos=\"11:1-11:328\">&#8220;Esta colecta no solo busca reunir prendas para el invierno, sino tambi\u00e9n dar abrigo en los corazones de quienes m\u00e1s lo necesitan&#8221;, expres\u00f3 Gaby Tr\u00e1pala, presidenta del DIF municipal. &#8220;<strong>En esta temporada, es fundamental demostrar nuestra solidaridad y ayudar a quienes viven en condiciones de vulnerabilidad.&#8221;<\/strong><\/p>\n<p>&nbsp;<\/p>\n<p style=\"text-align: justify;\" data-sourcepos=\"13:1-13:275\">Por su parte, el alcalde Chepe Guerrero destac\u00f3 la importancia de este tipo de acciones para fortalecer el tejido social y promover la solidaridad entre los corregidorenses. &#8220;Cada cobija que donemos ser\u00e1 un abrazo c\u00e1lido para una familia en esta temporada&#8221;, afirm\u00f3.<\/p>\n<p>&nbsp;<\/p>\n<p style=\"text-align: justify;\" data-sourcepos=\"15:1-15:24\">\u00bfC\u00f3mo puedes ayudar?\u00a0Si deseas participar en esta noble causa, puedes donar:<\/p>\n<ul style=\"text-align: justify;\" data-sourcepos=\"19:1-21:0\">\n<li data-sourcepos=\"19:1-19:40\">Cobijas: En buen estado y limpias.<\/li>\n<li data-sourcepos=\"20:1-21:0\">Ropa de invierno: Abrigos, chamarras, su\u00e9teres, bufandas, guantes y gorros.\u00a1Juntos podemos hacer la diferencia!<strong> Centros de acopio:<\/strong><\/li>\n<\/ul>\n<ul style=\"text-align: justify;\" data-sourcepos=\"24:1-26:0\">\n<li data-sourcepos=\"24:1-24:60\">Centro de Atenci\u00f3n M\u00faltiple (CAM): [Direcci\u00f3n del CAM].<\/li>\n<li data-sourcepos=\"25:1-26:0\">DIF Municipal: Fray Eulalio Hern\u00e1ndez Rivera #50, El Pueblito.&nbsp;\n<p style=\"text-align: center;\" data-sourcepos=\"27:1-27:40\"><em><strong>\u00a1Informaci\u00f3n que transforma!<\/strong><\/em><\/p>\n<\/li>\n<\/ul>\n","protected":false},"excerpt":{"rendered":"<p>Con el objetivo de brindar abrigo y calor a las familias m\u00e1s necesitadas durante la temporada invernal, el Sistema Municipal DIF de Corregidora.<\/p>\n","protected":false},"author":3,"featured_media":4358,"comment_status":"open","ping_status":"open","sticky":false,"template":"","format":"standard","meta":{"footnotes":""},"categories":[65,58],"tags":[1600,1339,233,1599],"class_list":["post-4357","post","type-post","status-publish","format-standard","has-post-thumbnail","hentry","category-municipios","category-ultima-hora","tag-abrigauncorazon","tag-colectainvernal","tag-corregidora","tag-solidaridad"],"yoast_head":"<!-- This site is optimized with the Yoast SEO plugin v25.0 - https:\/\/yoast.com\/wordpress\/plugins\/seo\/ -->\n<title>Corregidora se abriga: Arranca colecta invernal para apoyar a las familias m\u00e1s vulnerables | Nexo Informativo Santiago de Quer\u00e9taro<\/title>\n<meta name=\"description\" content=\"Corregidora se abriga: Arranca colecta invernal para apoyar a las familias m\u00e1s vulnerables\" \/>\n<meta name=\"robots\" content=\"index, follow, max-snippet:-1, max-image-preview:large, max-video-preview:-1\" \/>\n<link rel=\"canonical\" href=\"https:\/\/www.nexoinformativo.mx\/index.php\/2024\/10\/24\/corregidora-se-abriga-arranca-colecta-invernal-para-apoyar-a-las-familias-mas-vulnerables\/\" \/>\n<meta property=\"og:locale\" content=\"es_MX\" \/>\n<meta property=\"og:type\" content=\"article\" \/>\n<meta property=\"og:title\" content=\"Corregidora se abriga: Arranca colecta invernal para apoyar a las familias m\u00e1s vulnerables | Nexo Informativo Santiago de Quer\u00e9taro\" \/>\n<meta property=\"og:description\" content=\"Corregidora se abriga: Arranca colecta invernal para apoyar a las familias m\u00e1s vulnerables\" \/>\n<meta property=\"og:url\" content=\"https:\/\/www.nexoinformativo.mx\/index.php\/2024\/10\/24\/corregidora-se-abriga-arranca-colecta-invernal-para-apoyar-a-las-familias-mas-vulnerables\/\" \/>\n<meta property=\"og:site_name\" content=\"Nexo Informativo Santiago de Quer\u00e9taro\" \/>\n<meta property=\"article:publisher\" content=\"https:\/\/www.facebook.com\/people\/Nexo-Informativo\/61564066885511\/\" \/>\n<meta property=\"article:published_time\" content=\"2024-10-24T13:00:02+00:00\" \/>\n<meta property=\"article:modified_time\" content=\"2024-10-24T14:42:41+00:00\" \/>\n<meta property=\"og:image\" content=\"https:\/\/www.nexoinformativo.mx\/wp-content\/uploads\/2024\/10\/PHOTO-2024-10-24-08-22-58-e1729780552606.jpg\" \/>\n\t<meta property=\"og:image:width\" content=\"800\" \/>\n\t<meta property=\"og:image:height\" content=\"1000\" \/>\n\t<meta property=\"og:image:type\" content=\"image\/jpeg\" \/>\n<meta name=\"author\" content=\"Nexo Informativo\" \/>\n<meta name=\"twitter:card\" content=\"summary_large_image\" \/>\n<meta name=\"twitter:label1\" content=\"Escrito por\" \/>\n\t<meta name=\"twitter:data1\" content=\"Nexo Informativo\" \/>\n\t<meta name=\"twitter:label2\" content=\"Tiempo de lectura\" \/>\n\t<meta name=\"twitter:data2\" content=\"2 minutos\" \/>\n<script type=\"application\/ld+json\" class=\"yoast-schema-graph\">{\"@context\":\"https:\/\/schema.org\",\"@graph\":[{\"@type\":\"Article\",\"@id\":\"https:\/\/www.nexoinformativo.mx\/index.php\/2024\/10\/24\/corregidora-se-abriga-arranca-colecta-invernal-para-apoyar-a-las-familias-mas-vulnerables\/#article\",\"isPartOf\":{\"@id\":\"https:\/\/www.nexoinformativo.mx\/index.php\/2024\/10\/24\/corregidora-se-abriga-arranca-colecta-invernal-para-apoyar-a-las-familias-mas-vulnerables\/\"},\"author\":{\"name\":\"Nexo Informativo\",\"@id\":\"https:\/\/www.nexoinformativo.mx\/#\/schema\/person\/7749d380ba08c8ca00d7bc76fd907b7d\"},\"headline\":\"Corregidora se abriga: Arranca colecta invernal para apoyar a las familias m\u00e1s vulnerables\",\"datePublished\":\"2024-10-24T13:00:02+00:00\",\"dateModified\":\"2024-10-24T14:42:41+00:00\",\"mainEntityOfPage\":{\"@id\":\"https:\/\/www.nexoinformativo.mx\/index.php\/2024\/10\/24\/corregidora-se-abriga-arranca-colecta-invernal-para-apoyar-a-las-familias-mas-vulnerables\/\"},\"wordCount\":278,\"commentCount\":0,\"publisher\":{\"@id\":\"https:\/\/www.nexoinformativo.mx\/#organization\"},\"image\":{\"@id\":\"https:\/\/www.nexoinformativo.mx\/index.php\/2024\/10\/24\/corregidora-se-abriga-arranca-colecta-invernal-para-apoyar-a-las-familias-mas-vulnerables\/#primaryimage\"},\"thumbnailUrl\":\"https:\/\/www.nexoinformativo.mx\/wp-content\/uploads\/2024\/10\/PHOTO-2024-10-24-08-22-58-e1729780552606.jpg\",\"keywords\":[\"AbrigaUnCoraz\u00f3n\",\"ColectaInvernal\",\"Corregidora\",\"Solidaridad\"],\"articleSection\":[\"Municipios\",\"\u00daltima Hora\"],\"inLanguage\":\"es\",\"potentialAction\":[{\"@type\":\"CommentAction\",\"name\":\"Comment\",\"target\":[\"https:\/\/www.nexoinformativo.mx\/index.php\/2024\/10\/24\/corregidora-se-abriga-arranca-colecta-invernal-para-apoyar-a-las-familias-mas-vulnerables\/#respond\"]}]},{\"@type\":\"WebPage\",\"@id\":\"https:\/\/www.nexoinformativo.mx\/index.php\/2024\/10\/24\/corregidora-se-abriga-arranca-colecta-invernal-para-apoyar-a-las-familias-mas-vulnerables\/\",\"url\":\"https:\/\/www.nexoinformativo.mx\/index.php\/2024\/10\/24\/corregidora-se-abriga-arranca-colecta-invernal-para-apoyar-a-las-familias-mas-vulnerables\/\",\"name\":\"Corregidora se abriga: Arranca colecta invernal para apoyar a las familias m\u00e1s vulnerables | Nexo Informativo Santiago de Quer\u00e9taro\",\"isPartOf\":{\"@id\":\"https:\/\/www.nexoinformativo.mx\/#website\"},\"primaryImageOfPage\":{\"@id\":\"https:\/\/www.nexoinformativo.mx\/index.php\/2024\/10\/24\/corregidora-se-abriga-arranca-colecta-invernal-para-apoyar-a-las-familias-mas-vulnerables\/#primaryimage\"},\"image\":{\"@id\":\"https:\/\/www.nexoinformativo.mx\/index.php\/2024\/10\/24\/corregidora-se-abriga-arranca-colecta-invernal-para-apoyar-a-las-familias-mas-vulnerables\/#primaryimage\"},\"thumbnailUrl\":\"https:\/\/www.nexoinformativo.mx\/wp-content\/uploads\/2024\/10\/PHOTO-2024-10-24-08-22-58-e1729780552606.jpg\",\"datePublished\":\"2024-10-24T13:00:02+00:00\",\"dateModified\":\"2024-10-24T14:42:41+00:00\",\"description\":\"Corregidora se abriga: Arranca colecta invernal para apoyar a las familias m\u00e1s vulnerables\",\"breadcrumb\":{\"@id\":\"https:\/\/www.nexoinformativo.mx\/index.php\/2024\/10\/24\/corregidora-se-abriga-arranca-colecta-invernal-para-apoyar-a-las-familias-mas-vulnerables\/#breadcrumb\"},\"inLanguage\":\"es\",\"potentialAction\":[{\"@type\":\"ReadAction\",\"target\":[\"https:\/\/www.nexoinformativo.mx\/index.php\/2024\/10\/24\/corregidora-se-abriga-arranca-colecta-invernal-para-apoyar-a-las-familias-mas-vulnerables\/\"]}]},{\"@type\":\"ImageObject\",\"inLanguage\":\"es\",\"@id\":\"https:\/\/www.nexoinformativo.mx\/index.php\/2024\/10\/24\/corregidora-se-abriga-arranca-colecta-invernal-para-apoyar-a-las-familias-mas-vulnerables\/#primaryimage\",\"url\":\"https:\/\/www.nexoinformativo.mx\/wp-content\/uploads\/2024\/10\/PHOTO-2024-10-24-08-22-58-e1729780552606.jpg\",\"contentUrl\":\"https:\/\/www.nexoinformativo.mx\/wp-content\/uploads\/2024\/10\/PHOTO-2024-10-24-08-22-58-e1729780552606.jpg\",\"width\":800,\"height\":1000},{\"@type\":\"BreadcrumbList\",\"@id\":\"https:\/\/www.nexoinformativo.mx\/index.php\/2024\/10\/24\/corregidora-se-abriga-arranca-colecta-invernal-para-apoyar-a-las-familias-mas-vulnerables\/#breadcrumb\",\"itemListElement\":[{\"@type\":\"ListItem\",\"position\":1,\"name\":\"Inicio\",\"item\":\"https:\/\/www.nexoinformativo.mx\/\"},{\"@type\":\"ListItem\",\"position\":2,\"name\":\"Corregidora se abriga: Arranca colecta invernal para apoyar a las familias m\u00e1s vulnerables\"}]},{\"@type\":\"WebSite\",\"@id\":\"https:\/\/www.nexoinformativo.mx\/#website\",\"url\":\"https:\/\/www.nexoinformativo.mx\/\",\"name\":\"Nexo Informativo Santiago de Quer\u00e9taro\",\"description\":\"Explora NexoInformativo y convi\u00e9rtete en parte de una comunidad que valora el conocimiento y la verdad. Tu nexoinformativo es tu puente hacia una comprensi\u00f3n m\u00e1s profunda del mundo que te rodea.\",\"publisher\":{\"@id\":\"https:\/\/www.nexoinformativo.mx\/#organization\"},\"potentialAction\":[{\"@type\":\"SearchAction\",\"target\":{\"@type\":\"EntryPoint\",\"urlTemplate\":\"https:\/\/www.nexoinformativo.mx\/?s={search_term_string}\"},\"query-input\":{\"@type\":\"PropertyValueSpecification\",\"valueRequired\":true,\"valueName\":\"search_term_string\"}}],\"inLanguage\":\"es\"},{\"@type\":\"Organization\",\"@id\":\"https:\/\/www.nexoinformativo.mx\/#organization\",\"name\":\"Nexo Informativo Santiago de Quer\u00e9taro\",\"url\":\"https:\/\/www.nexoinformativo.mx\/\",\"logo\":{\"@type\":\"ImageObject\",\"inLanguage\":\"es\",\"@id\":\"https:\/\/www.nexoinformativo.mx\/#\/schema\/logo\/image\/\",\"url\":\"https:\/\/www.nexoinformativo.mx\/wp-content\/uploads\/2024\/07\/nexoi-trasparente-2.png\",\"contentUrl\":\"https:\/\/www.nexoinformativo.mx\/wp-content\/uploads\/2024\/07\/nexoi-trasparente-2.png\",\"width\":816,\"height\":339,\"caption\":\"Nexo Informativo Santiago de Quer\u00e9taro\"},\"image\":{\"@id\":\"https:\/\/www.nexoinformativo.mx\/#\/schema\/logo\/image\/\"},\"sameAs\":[\"https:\/\/www.facebook.com\/people\/Nexo-Informativo\/61564066885511\/\"]},{\"@type\":\"Person\",\"@id\":\"https:\/\/www.nexoinformativo.mx\/#\/schema\/person\/7749d380ba08c8ca00d7bc76fd907b7d\",\"name\":\"Nexo Informativo\",\"image\":{\"@type\":\"ImageObject\",\"inLanguage\":\"es\",\"@id\":\"https:\/\/www.nexoinformativo.mx\/#\/schema\/person\/image\/\",\"url\":\"https:\/\/secure.gravatar.com\/avatar\/dde2928154642a13d95f87ddf1ea9718fe2b46760a005c53e41ff5ad610704e6?s=96&d=mm&r=g\",\"contentUrl\":\"https:\/\/secure.gravatar.com\/avatar\/dde2928154642a13d95f87ddf1ea9718fe2b46760a005c53e41ff5ad610704e6?s=96&d=mm&r=g\",\"caption\":\"Nexo Informativo\"},\"url\":\"https:\/\/www.nexoinformativo.mx\/index.php\/author\/edicion\/\"}]}<\/script>\n<!-- \/ Yoast SEO plugin. -->","yoast_head_json":{"title":"Corregidora se abriga: Arranca colecta invernal para apoyar a las familias m\u00e1s vulnerables | Nexo Informativo Santiago de Quer\u00e9taro","description":"Corregidora se abriga: Arranca colecta invernal para apoyar a las familias m\u00e1s vulnerables","robots":{"index":"index","follow":"follow","max-snippet":"max-snippet:-1","max-image-preview":"max-image-preview:large","max-video-preview":"max-video-preview:-1"},"canonical":"https:\/\/www.nexoinformativo.mx\/index.php\/2024\/10\/24\/corregidora-se-abriga-arranca-colecta-invernal-para-apoyar-a-las-familias-mas-vulnerables\/","og_locale":"es_MX","og_type":"article","og_title":"Corregidora se abriga: Arranca colecta invernal para apoyar a las familias m\u00e1s vulnerables | Nexo Informativo Santiago de Quer\u00e9taro","og_description":"Corregidora se abriga: Arranca colecta invernal para apoyar a las familias m\u00e1s vulnerables","og_url":"https:\/\/www.nexoinformativo.mx\/index.php\/2024\/10\/24\/corregidora-se-abriga-arranca-colecta-invernal-para-apoyar-a-las-familias-mas-vulnerables\/","og_site_name":"Nexo Informativo Santiago de Quer\u00e9taro","article_publisher":"https:\/\/www.facebook.com\/people\/Nexo-Informativo\/61564066885511\/","article_published_time":"2024-10-24T13:00:02+00:00","article_modified_time":"2024-10-24T14:42:41+00:00","og_image":[{"width":800,"height":1000,"url":"https:\/\/www.nexoinformativo.mx\/wp-content\/uploads\/2024\/10\/PHOTO-2024-10-24-08-22-58-e1729780552606.jpg","type":"image\/jpeg"}],"author":"Nexo Informativo","twitter_card":"summary_large_image","twitter_misc":{"Escrito por":"Nexo Informativo","Tiempo de lectura":"2 minutos"},"schema":{"@context":"https:\/\/schema.org","@graph":[{"@type":"Article","@id":"https:\/\/www.nexoinformativo.mx\/index.php\/2024\/10\/24\/corregidora-se-abriga-arranca-colecta-invernal-para-apoyar-a-las-familias-mas-vulnerables\/#article","isPartOf":{"@id":"https:\/\/www.nexoinformativo.mx\/index.php\/2024\/10\/24\/corregidora-se-abriga-arranca-colecta-invernal-para-apoyar-a-las-familias-mas-vulnerables\/"},"author":{"name":"Nexo Informativo","@id":"https:\/\/www.nexoinformativo.mx\/#\/schema\/person\/7749d380ba08c8ca00d7bc76fd907b7d"},"headline":"Corregidora se abriga: Arranca colecta invernal para apoyar a las familias m\u00e1s vulnerables","datePublished":"2024-10-24T13:00:02+00:00","dateModified":"2024-10-24T14:42:41+00:00","mainEntityOfPage":{"@id":"https:\/\/www.nexoinformativo.mx\/index.php\/2024\/10\/24\/corregidora-se-abriga-arranca-colecta-invernal-para-apoyar-a-las-familias-mas-vulnerables\/"},"wordCount":278,"commentCount":0,"publisher":{"@id":"https:\/\/www.nexoinformativo.mx\/#organization"},"image":{"@id":"https:\/\/www.nexoinformativo.mx\/index.php\/2024\/10\/24\/corregidora-se-abriga-arranca-colecta-invernal-para-apoyar-a-las-familias-mas-vulnerables\/#primaryimage"},"thumbnailUrl":"https:\/\/www.nexoinformativo.mx\/wp-content\/uploads\/2024\/10\/PHOTO-2024-10-24-08-22-58-e1729780552606.jpg","keywords":["AbrigaUnCoraz\u00f3n","ColectaInvernal","Corregidora","Solidaridad"],"articleSection":["Municipios","\u00daltima Hora"],"inLanguage":"es","potentialAction":[{"@type":"CommentAction","name":"Comment","target":["https:\/\/www.nexoinformativo.mx\/index.php\/2024\/10\/24\/corregidora-se-abriga-arranca-colecta-invernal-para-apoyar-a-las-familias-mas-vulnerables\/#respond"]}]},{"@type":"WebPage","@id":"https:\/\/www.nexoinformativo.mx\/index.php\/2024\/10\/24\/corregidora-se-abriga-arranca-colecta-invernal-para-apoyar-a-las-familias-mas-vulnerables\/","url":"https:\/\/www.nexoinformativo.mx\/index.php\/2024\/10\/24\/corregidora-se-abriga-arranca-colecta-invernal-para-apoyar-a-las-familias-mas-vulnerables\/","name":"Corregidora se abriga: Arranca colecta invernal para apoyar a las familias m\u00e1s vulnerables | Nexo Informativo Santiago de Quer\u00e9taro","isPartOf":{"@id":"https:\/\/www.nexoinformativo.mx\/#website"},"primaryImageOfPage":{"@id":"https:\/\/www.nexoinformativo.mx\/index.php\/2024\/10\/24\/corregidora-se-abriga-arranca-colecta-invernal-para-apoyar-a-las-familias-mas-vulnerables\/#primaryimage"},"image":{"@id":"https:\/\/www.nexoinformativo.mx\/index.php\/2024\/10\/24\/corregidora-se-abriga-arranca-colecta-invernal-para-apoyar-a-las-familias-mas-vulnerables\/#primaryimage"},"thumbnailUrl":"https:\/\/www.nexoinformativo.mx\/wp-content\/uploads\/2024\/10\/PHOTO-2024-10-24-08-22-58-e1729780552606.jpg","datePublished":"2024-10-24T13:00:02+00:00","dateModified":"2024-10-24T14:42:41+00:00","description":"Corregidora se abriga: Arranca colecta invernal para apoyar a las familias m\u00e1s vulnerables","breadcrumb":{"@id":"https:\/\/www.nexoinformativo.mx\/index.php\/2024\/10\/24\/corregidora-se-abriga-arranca-colecta-invernal-para-apoyar-a-las-familias-mas-vulnerables\/#breadcrumb"},"inLanguage":"es","potentialAction":[{"@type":"ReadAction","target":["https:\/\/www.nexoinformativo.mx\/index.php\/2024\/10\/24\/corregidora-se-abriga-arranca-colecta-invernal-para-apoyar-a-las-familias-mas-vulnerables\/"]}]},{"@type":"ImageObject","inLanguage":"es","@id":"https:\/\/www.nexoinformativo.mx\/index.php\/2024\/10\/24\/corregidora-se-abriga-arranca-colecta-invernal-para-apoyar-a-las-familias-mas-vulnerables\/#primaryimage","url":"https:\/\/www.nexoinformativo.mx\/wp-content\/uploads\/2024\/10\/PHOTO-2024-10-24-08-22-58-e1729780552606.jpg","contentUrl":"https:\/\/www.nexoinformativo.mx\/wp-content\/uploads\/2024\/10\/PHOTO-2024-10-24-08-22-58-e1729780552606.jpg","width":800,"height":1000},{"@type":"BreadcrumbList","@id":"https:\/\/www.nexoinformativo.mx\/index.php\/2024\/10\/24\/corregidora-se-abriga-arranca-colecta-invernal-para-apoyar-a-las-familias-mas-vulnerables\/#breadcrumb","itemListElement":[{"@type":"ListItem","position":1,"name":"Inicio","item":"https:\/\/www.nexoinformativo.mx\/"},{"@type":"ListItem","position":2,"name":"Corregidora se abriga: Arranca colecta invernal para apoyar a las familias m\u00e1s vulnerables"}]},{"@type":"WebSite","@id":"https:\/\/www.nexoinformativo.mx\/#website","url":"https:\/\/www.nexoinformativo.mx\/","name":"Nexo Informativo Santiago de Quer\u00e9taro","description":"Explora NexoInformativo y convi\u00e9rtete en parte de una comunidad que valora el conocimiento y la verdad. Tu nexoinformativo es tu puente hacia una comprensi\u00f3n m\u00e1s profunda del mundo que te rodea.","publisher":{"@id":"https:\/\/www.nexoinformativo.mx\/#organization"},"potentialAction":[{"@type":"SearchAction","target":{"@type":"EntryPoint","urlTemplate":"https:\/\/www.nexoinformativo.mx\/?s={search_term_string}"},"query-input":{"@type":"PropertyValueSpecification","valueRequired":true,"valueName":"search_term_string"}}],"inLanguage":"es"},{"@type":"Organization","@id":"https:\/\/www.nexoinformativo.mx\/#organization","name":"Nexo Informativo Santiago de Quer\u00e9taro","url":"https:\/\/www.nexoinformativo.mx\/","logo":{"@type":"ImageObject","inLanguage":"es","@id":"https:\/\/www.nexoinformativo.mx\/#\/schema\/logo\/image\/","url":"https:\/\/www.nexoinformativo.mx\/wp-content\/uploads\/2024\/07\/nexoi-trasparente-2.png","contentUrl":"https:\/\/www.nexoinformativo.mx\/wp-content\/uploads\/2024\/07\/nexoi-trasparente-2.png","width":816,"height":339,"caption":"Nexo Informativo Santiago de Quer\u00e9taro"},"image":{"@id":"https:\/\/www.nexoinformativo.mx\/#\/schema\/logo\/image\/"},"sameAs":["https:\/\/www.facebook.com\/people\/Nexo-Informativo\/61564066885511\/"]},{"@type":"Person","@id":"https:\/\/www.nexoinformativo.mx\/#\/schema\/person\/7749d380ba08c8ca00d7bc76fd907b7d","name":"Nexo Informativo","image":{"@type":"ImageObject","inLanguage":"es","@id":"https:\/\/www.nexoinformativo.mx\/#\/schema\/person\/image\/","url":"https:\/\/secure.gravatar.com\/avatar\/dde2928154642a13d95f87ddf1ea9718fe2b46760a005c53e41ff5ad610704e6?s=96&d=mm&r=g","contentUrl":"https:\/\/secure.gravatar.com\/avatar\/dde2928154642a13d95f87ddf1ea9718fe2b46760a005c53e41ff5ad610704e6?s=96&d=mm&r=g","caption":"Nexo Informativo"},"url":"https:\/\/www.nexoinformativo.mx\/index.php\/author\/edicion\/"}]}},"_links":{"self":[{"href":"https:\/\/www.nexoinformativo.mx\/index.php\/wp-json\/wp\/v2\/posts\/4357","targetHints":{"allow":["GET"]}}],"collection":[{"href":"https:\/\/www.nexoinformativo.mx\/index.php\/wp-json\/wp\/v2\/posts"}],"about":[{"href":"https:\/\/www.nexoinformativo.mx\/index.php\/wp-json\/wp\/v2\/types\/post"}],"author":[{"embeddable":true,"href":"https:\/\/www.nexoinformativo.mx\/index.php\/wp-json\/wp\/v2\/users\/3"}],"replies":[{"embeddable":true,"href":"https:\/\/www.nexoinformativo.mx\/index.php\/wp-json\/wp\/v2\/comments?post=4357"}],"version-history":[{"count":8,"href":"https:\/\/www.nexoinformativo.mx\/index.php\/wp-json\/wp\/v2\/posts\/4357\/revisions"}],"predecessor-version":[{"id":4362,"href":"https:\/\/www.nexoinformativo.mx\/index.php\/wp-json\/wp\/v2\/posts\/4357\/revisions\/4362"}],"wp:featuredmedia":[{"embeddable":true,"href":"https:\/\/www.nexoinformativo.mx\/index.php\/wp-json\/wp\/v2\/media\/4358"}],"wp:attachment":[{"href":"https:\/\/www.nexoinformativo.mx\/index.php\/wp-json\/wp\/v2\/media?parent=4357"}],"wp:term":[{"taxonomy":"category","embeddable":true,"href":"https:\/\/www.nexoinformativo.mx\/index.php\/wp-json\/wp\/v2\/categories?post=4357"},{"taxonomy":"post_tag","embeddable":true,"href":"https:\/\/www.nexoinformativo.mx\/index.php\/wp-json\/wp\/v2\/tags?post=4357"}],"curies":[{"name":"wp","href":"https:\/\/api.w.org\/{rel}","templated":true}]}}