{"id":4391,"date":"2024-10-24T10:00:36","date_gmt":"2024-10-24T16:00:36","guid":{"rendered":"https:\/\/www.nexoinformativo.mx\/?p=4391"},"modified":"2024-10-24T11:51:02","modified_gmt":"2024-10-24T17:51:02","slug":"sict-reconoce-la-importancia-de-la-aviacion-mexicana-y-se-compromete-a-fortalecer-el-sector","status":"publish","type":"post","link":"https:\/\/www.nexoinformativo.mx\/index.php\/2024\/10\/24\/sict-reconoce-la-importancia-de-la-aviacion-mexicana-y-se-compromete-a-fortalecer-el-sector\/","title":{"rendered":"SICT reconoce la importancia de la aviaci\u00f3n mexicana y se compromete a fortalecer el sector"},"content":{"rendered":"<p style=\"text-align: justify;\" data-sourcepos=\"7:1-7:438\">Con motivo del D\u00eda Nacional de la Aviaci\u00f3n, el secretario de Infraestructura, Comunicaciones y Transportes (SICT), Jes\u00fas Antonio Esteva Medina, realiz\u00f3 una visita a las instalaciones del Servicio de Navegaci\u00f3n en el Espacio A\u00e9reo Mexicano (SENEAM) para reconocer la labor de los controladores a\u00e9reos y reafirmar el compromiso del gobierno federal con el fortalecimiento del sector aeron\u00e1utico.<\/p>\n<p>&nbsp;<\/p>\n<p style=\"text-align: justify;\" data-sourcepos=\"11:1-11:65\">Durante su recorrido por el Centro de Control Radar, la Torre de Control y el Centro de Colaboraci\u00f3n Aeroportuaria del Aeropuerto Internacional de la Ciudad de M\u00e9xico (AICM), el secretario Esteva Medina destac\u00f3 la importancia de la aviaci\u00f3n para el desarrollo econ\u00f3mico y social del pa\u00eds. Asimismo, se comprometi\u00f3 a brindar todo el apoyo necesario al SENEAM para que pueda seguir ofreciendo un servicio de navegaci\u00f3n a\u00e9rea seguro y eficiente.<\/p>\n<p>&nbsp;<\/p>\n<p style=\"text-align: justify;\" data-sourcepos=\"11:1-11:65\">\u00bfCu\u00e1les son los principales puntos a destacar de esta visita?\u00a0El secretario Esteva Medina reconoci\u00f3 la labor de los controladores a\u00e9reos y de todos los profesionales que hacen posible la operaci\u00f3n segura de la aviaci\u00f3n en M\u00e9xico.\u00a0y ell SICT se comprometi\u00f3 a invertir en tecnolog\u00eda para modernizar las instalaciones del SENEAM y mejorar su capacidad de respuesta ante situaciones de emergencia.<\/p>\n<p>&nbsp;<\/p>\n<p style=\"text-align: justify;\" data-sourcepos=\"20:1-20:273\">La aviaci\u00f3n juega un papel fundamental en el desarrollo econ\u00f3mico y social de M\u00e9xico, al conectar a las diferentes regiones del pa\u00eds y facilitar el comercio y el turismo. Adem\u00e1s, la aviaci\u00f3n civil genera empleos y contribuye al crecimiento del Producto Interno Bruto (PIB).<\/p>\n<p>&nbsp;<\/p>\n<p style=\"text-align: justify;\" data-sourcepos=\"24:1-24:329\">La visita del secretario Esteva Medina al SENEAM es una muestra clara del compromiso del gobierno federal con el fortalecimiento del sector aeron\u00e1utico. Al invertir en tecnolog\u00eda, en la formaci\u00f3n de nuevos profesionales y en la colaboraci\u00f3n interinstitucional, se busca garantizar un futuro prometedor para la aviaci\u00f3n en M\u00e9xico.<\/p>\n<p>&nbsp;<\/p>\n<p style=\"text-align: center;\" data-sourcepos=\"24:1-24:329\"><em><strong>\u00a1Informaci\u00f3n que transforma!<\/strong><\/em><\/p>\n","protected":false},"excerpt":{"rendered":"<p>Con motivo del D\u00eda Nacional de la Aviaci\u00f3n, el secretario de Infraestructura, Comunicaciones y Transportes (SICT), Jes\u00fas Antonio Esteva Medina, realiz\u00f3 una visita a las instalaciones del Servicio de Navegaci\u00f3n en el Espacio A\u00e9reo Mexicano.<\/p>\n","protected":false},"author":3,"featured_media":4392,"comment_status":"open","ping_status":"open","sticky":false,"template":"","format":"standard","meta":{"footnotes":""},"categories":[88,58],"tags":[1609,1607,1610,1608],"class_list":["post-4391","post","type-post","status-publish","format-standard","has-post-thumbnail","hentry","category-nacional","category-ultima-hora","tag-aviacioncivil","tag-dianacionaldelaaviacion","tag-mexico","tag-sict"],"yoast_head":"<!-- This site is optimized with the Yoast SEO plugin v25.0 - https:\/\/yoast.com\/wordpress\/plugins\/seo\/ -->\n<title>SICT reconoce la importancia de la aviaci\u00f3n mexicana y se compromete a fortalecer el sector | Nexo Informativo Santiago de Quer\u00e9taro<\/title>\n<meta name=\"description\" content=\"SICT reconoce la importancia de la aviaci\u00f3n mexicana y se compromete a fortalecer el sector\" \/>\n<meta name=\"robots\" content=\"index, follow, max-snippet:-1, max-image-preview:large, max-video-preview:-1\" \/>\n<link rel=\"canonical\" href=\"https:\/\/www.nexoinformativo.mx\/index.php\/2024\/10\/24\/sict-reconoce-la-importancia-de-la-aviacion-mexicana-y-se-compromete-a-fortalecer-el-sector\/\" \/>\n<meta property=\"og:locale\" content=\"es_MX\" \/>\n<meta property=\"og:type\" content=\"article\" \/>\n<meta property=\"og:title\" content=\"SICT reconoce la importancia de la aviaci\u00f3n mexicana y se compromete a fortalecer el sector | Nexo Informativo Santiago de Quer\u00e9taro\" \/>\n<meta property=\"og:description\" content=\"SICT reconoce la importancia de la aviaci\u00f3n mexicana y se compromete a fortalecer el sector\" \/>\n<meta property=\"og:url\" content=\"https:\/\/www.nexoinformativo.mx\/index.php\/2024\/10\/24\/sict-reconoce-la-importancia-de-la-aviacion-mexicana-y-se-compromete-a-fortalecer-el-sector\/\" \/>\n<meta property=\"og:site_name\" content=\"Nexo Informativo Santiago de Quer\u00e9taro\" \/>\n<meta property=\"article:publisher\" content=\"https:\/\/www.facebook.com\/people\/Nexo-Informativo\/61564066885511\/\" \/>\n<meta property=\"article:published_time\" content=\"2024-10-24T16:00:36+00:00\" \/>\n<meta property=\"article:modified_time\" content=\"2024-10-24T17:51:02+00:00\" \/>\n<meta property=\"og:image\" content=\"https:\/\/www.nexoinformativo.mx\/wp-content\/uploads\/2024\/10\/IMG_7205.jpg\" \/>\n\t<meta property=\"og:image:width\" content=\"650\" \/>\n\t<meta property=\"og:image:height\" content=\"380\" \/>\n\t<meta property=\"og:image:type\" content=\"image\/jpeg\" \/>\n<meta name=\"author\" content=\"Nexo Informativo\" \/>\n<meta name=\"twitter:card\" content=\"summary_large_image\" \/>\n<meta name=\"twitter:label1\" content=\"Escrito por\" \/>\n\t<meta name=\"twitter:data1\" content=\"Nexo Informativo\" \/>\n\t<meta name=\"twitter:label2\" content=\"Tiempo de lectura\" \/>\n\t<meta name=\"twitter:data2\" content=\"2 minutos\" \/>\n<script type=\"application\/ld+json\" class=\"yoast-schema-graph\">{\"@context\":\"https:\/\/schema.org\",\"@graph\":[{\"@type\":\"Article\",\"@id\":\"https:\/\/www.nexoinformativo.mx\/index.php\/2024\/10\/24\/sict-reconoce-la-importancia-de-la-aviacion-mexicana-y-se-compromete-a-fortalecer-el-sector\/#article\",\"isPartOf\":{\"@id\":\"https:\/\/www.nexoinformativo.mx\/index.php\/2024\/10\/24\/sict-reconoce-la-importancia-de-la-aviacion-mexicana-y-se-compromete-a-fortalecer-el-sector\/\"},\"author\":{\"name\":\"Nexo Informativo\",\"@id\":\"https:\/\/www.nexoinformativo.mx\/#\/schema\/person\/7749d380ba08c8ca00d7bc76fd907b7d\"},\"headline\":\"SICT reconoce la importancia de la aviaci\u00f3n mexicana y se compromete a fortalecer el sector\",\"datePublished\":\"2024-10-24T16:00:36+00:00\",\"dateModified\":\"2024-10-24T17:51:02+00:00\",\"mainEntityOfPage\":{\"@id\":\"https:\/\/www.nexoinformativo.mx\/index.php\/2024\/10\/24\/sict-reconoce-la-importancia-de-la-aviacion-mexicana-y-se-compromete-a-fortalecer-el-sector\/\"},\"wordCount\":339,\"commentCount\":0,\"publisher\":{\"@id\":\"https:\/\/www.nexoinformativo.mx\/#organization\"},\"image\":{\"@id\":\"https:\/\/www.nexoinformativo.mx\/index.php\/2024\/10\/24\/sict-reconoce-la-importancia-de-la-aviacion-mexicana-y-se-compromete-a-fortalecer-el-sector\/#primaryimage\"},\"thumbnailUrl\":\"https:\/\/www.nexoinformativo.mx\/wp-content\/uploads\/2024\/10\/IMG_7205.jpg\",\"keywords\":[\"Aviaci\u00f3nCivil\",\"D\u00edaNacionaldelaAviaci\u00f3n\",\"M\u00e9xico\",\"SICT\"],\"articleSection\":[\"Nacional\",\"\u00daltima Hora\"],\"inLanguage\":\"es\",\"potentialAction\":[{\"@type\":\"CommentAction\",\"name\":\"Comment\",\"target\":[\"https:\/\/www.nexoinformativo.mx\/index.php\/2024\/10\/24\/sict-reconoce-la-importancia-de-la-aviacion-mexicana-y-se-compromete-a-fortalecer-el-sector\/#respond\"]}]},{\"@type\":\"WebPage\",\"@id\":\"https:\/\/www.nexoinformativo.mx\/index.php\/2024\/10\/24\/sict-reconoce-la-importancia-de-la-aviacion-mexicana-y-se-compromete-a-fortalecer-el-sector\/\",\"url\":\"https:\/\/www.nexoinformativo.mx\/index.php\/2024\/10\/24\/sict-reconoce-la-importancia-de-la-aviacion-mexicana-y-se-compromete-a-fortalecer-el-sector\/\",\"name\":\"SICT reconoce la importancia de la aviaci\u00f3n mexicana y se compromete a fortalecer el sector | Nexo Informativo Santiago de Quer\u00e9taro\",\"isPartOf\":{\"@id\":\"https:\/\/www.nexoinformativo.mx\/#website\"},\"primaryImageOfPage\":{\"@id\":\"https:\/\/www.nexoinformativo.mx\/index.php\/2024\/10\/24\/sict-reconoce-la-importancia-de-la-aviacion-mexicana-y-se-compromete-a-fortalecer-el-sector\/#primaryimage\"},\"image\":{\"@id\":\"https:\/\/www.nexoinformativo.mx\/index.php\/2024\/10\/24\/sict-reconoce-la-importancia-de-la-aviacion-mexicana-y-se-compromete-a-fortalecer-el-sector\/#primaryimage\"},\"thumbnailUrl\":\"https:\/\/www.nexoinformativo.mx\/wp-content\/uploads\/2024\/10\/IMG_7205.jpg\",\"datePublished\":\"2024-10-24T16:00:36+00:00\",\"dateModified\":\"2024-10-24T17:51:02+00:00\",\"description\":\"SICT reconoce la importancia de la aviaci\u00f3n mexicana y se compromete a fortalecer el sector\",\"breadcrumb\":{\"@id\":\"https:\/\/www.nexoinformativo.mx\/index.php\/2024\/10\/24\/sict-reconoce-la-importancia-de-la-aviacion-mexicana-y-se-compromete-a-fortalecer-el-sector\/#breadcrumb\"},\"inLanguage\":\"es\",\"potentialAction\":[{\"@type\":\"ReadAction\",\"target\":[\"https:\/\/www.nexoinformativo.mx\/index.php\/2024\/10\/24\/sict-reconoce-la-importancia-de-la-aviacion-mexicana-y-se-compromete-a-fortalecer-el-sector\/\"]}]},{\"@type\":\"ImageObject\",\"inLanguage\":\"es\",\"@id\":\"https:\/\/www.nexoinformativo.mx\/index.php\/2024\/10\/24\/sict-reconoce-la-importancia-de-la-aviacion-mexicana-y-se-compromete-a-fortalecer-el-sector\/#primaryimage\",\"url\":\"https:\/\/www.nexoinformativo.mx\/wp-content\/uploads\/2024\/10\/IMG_7205.jpg\",\"contentUrl\":\"https:\/\/www.nexoinformativo.mx\/wp-content\/uploads\/2024\/10\/IMG_7205.jpg\",\"width\":650,\"height\":380},{\"@type\":\"BreadcrumbList\",\"@id\":\"https:\/\/www.nexoinformativo.mx\/index.php\/2024\/10\/24\/sict-reconoce-la-importancia-de-la-aviacion-mexicana-y-se-compromete-a-fortalecer-el-sector\/#breadcrumb\",\"itemListElement\":[{\"@type\":\"ListItem\",\"position\":1,\"name\":\"Inicio\",\"item\":\"https:\/\/www.nexoinformativo.mx\/\"},{\"@type\":\"ListItem\",\"position\":2,\"name\":\"SICT reconoce la importancia de la aviaci\u00f3n mexicana y se compromete a fortalecer el sector\"}]},{\"@type\":\"WebSite\",\"@id\":\"https:\/\/www.nexoinformativo.mx\/#website\",\"url\":\"https:\/\/www.nexoinformativo.mx\/\",\"name\":\"Nexo Informativo Santiago de Quer\u00e9taro\",\"description\":\"Explora NexoInformativo y convi\u00e9rtete en parte de una comunidad que valora el conocimiento y la verdad. Tu nexoinformativo es tu puente hacia una comprensi\u00f3n m\u00e1s profunda del mundo que te rodea.\",\"publisher\":{\"@id\":\"https:\/\/www.nexoinformativo.mx\/#organization\"},\"potentialAction\":[{\"@type\":\"SearchAction\",\"target\":{\"@type\":\"EntryPoint\",\"urlTemplate\":\"https:\/\/www.nexoinformativo.mx\/?s={search_term_string}\"},\"query-input\":{\"@type\":\"PropertyValueSpecification\",\"valueRequired\":true,\"valueName\":\"search_term_string\"}}],\"inLanguage\":\"es\"},{\"@type\":\"Organization\",\"@id\":\"https:\/\/www.nexoinformativo.mx\/#organization\",\"name\":\"Nexo Informativo Santiago de Quer\u00e9taro\",\"url\":\"https:\/\/www.nexoinformativo.mx\/\",\"logo\":{\"@type\":\"ImageObject\",\"inLanguage\":\"es\",\"@id\":\"https:\/\/www.nexoinformativo.mx\/#\/schema\/logo\/image\/\",\"url\":\"https:\/\/www.nexoinformativo.mx\/wp-content\/uploads\/2024\/07\/nexoi-trasparente-2.png\",\"contentUrl\":\"https:\/\/www.nexoinformativo.mx\/wp-content\/uploads\/2024\/07\/nexoi-trasparente-2.png\",\"width\":816,\"height\":339,\"caption\":\"Nexo Informativo Santiago de Quer\u00e9taro\"},\"image\":{\"@id\":\"https:\/\/www.nexoinformativo.mx\/#\/schema\/logo\/image\/\"},\"sameAs\":[\"https:\/\/www.facebook.com\/people\/Nexo-Informativo\/61564066885511\/\"]},{\"@type\":\"Person\",\"@id\":\"https:\/\/www.nexoinformativo.mx\/#\/schema\/person\/7749d380ba08c8ca00d7bc76fd907b7d\",\"name\":\"Nexo Informativo\",\"image\":{\"@type\":\"ImageObject\",\"inLanguage\":\"es\",\"@id\":\"https:\/\/www.nexoinformativo.mx\/#\/schema\/person\/image\/\",\"url\":\"https:\/\/secure.gravatar.com\/avatar\/dde2928154642a13d95f87ddf1ea9718fe2b46760a005c53e41ff5ad610704e6?s=96&d=mm&r=g\",\"contentUrl\":\"https:\/\/secure.gravatar.com\/avatar\/dde2928154642a13d95f87ddf1ea9718fe2b46760a005c53e41ff5ad610704e6?s=96&d=mm&r=g\",\"caption\":\"Nexo Informativo\"},\"url\":\"https:\/\/www.nexoinformativo.mx\/index.php\/author\/edicion\/\"}]}<\/script>\n<!-- \/ Yoast SEO plugin. -->","yoast_head_json":{"title":"SICT reconoce la importancia de la aviaci\u00f3n mexicana y se compromete a fortalecer el sector | Nexo Informativo Santiago de Quer\u00e9taro","description":"SICT reconoce la importancia de la aviaci\u00f3n mexicana y se compromete a fortalecer el sector","robots":{"index":"index","follow":"follow","max-snippet":"max-snippet:-1","max-image-preview":"max-image-preview:large","max-video-preview":"max-video-preview:-1"},"canonical":"https:\/\/www.nexoinformativo.mx\/index.php\/2024\/10\/24\/sict-reconoce-la-importancia-de-la-aviacion-mexicana-y-se-compromete-a-fortalecer-el-sector\/","og_locale":"es_MX","og_type":"article","og_title":"SICT reconoce la importancia de la aviaci\u00f3n mexicana y se compromete a fortalecer el sector | Nexo Informativo Santiago de Quer\u00e9taro","og_description":"SICT reconoce la importancia de la aviaci\u00f3n mexicana y se compromete a fortalecer el sector","og_url":"https:\/\/www.nexoinformativo.mx\/index.php\/2024\/10\/24\/sict-reconoce-la-importancia-de-la-aviacion-mexicana-y-se-compromete-a-fortalecer-el-sector\/","og_site_name":"Nexo Informativo Santiago de Quer\u00e9taro","article_publisher":"https:\/\/www.facebook.com\/people\/Nexo-Informativo\/61564066885511\/","article_published_time":"2024-10-24T16:00:36+00:00","article_modified_time":"2024-10-24T17:51:02+00:00","og_image":[{"width":650,"height":380,"url":"https:\/\/www.nexoinformativo.mx\/wp-content\/uploads\/2024\/10\/IMG_7205.jpg","type":"image\/jpeg"}],"author":"Nexo Informativo","twitter_card":"summary_large_image","twitter_misc":{"Escrito por":"Nexo Informativo","Tiempo de lectura":"2 minutos"},"schema":{"@context":"https:\/\/schema.org","@graph":[{"@type":"Article","@id":"https:\/\/www.nexoinformativo.mx\/index.php\/2024\/10\/24\/sict-reconoce-la-importancia-de-la-aviacion-mexicana-y-se-compromete-a-fortalecer-el-sector\/#article","isPartOf":{"@id":"https:\/\/www.nexoinformativo.mx\/index.php\/2024\/10\/24\/sict-reconoce-la-importancia-de-la-aviacion-mexicana-y-se-compromete-a-fortalecer-el-sector\/"},"author":{"name":"Nexo Informativo","@id":"https:\/\/www.nexoinformativo.mx\/#\/schema\/person\/7749d380ba08c8ca00d7bc76fd907b7d"},"headline":"SICT reconoce la importancia de la aviaci\u00f3n mexicana y se compromete a fortalecer el sector","datePublished":"2024-10-24T16:00:36+00:00","dateModified":"2024-10-24T17:51:02+00:00","mainEntityOfPage":{"@id":"https:\/\/www.nexoinformativo.mx\/index.php\/2024\/10\/24\/sict-reconoce-la-importancia-de-la-aviacion-mexicana-y-se-compromete-a-fortalecer-el-sector\/"},"wordCount":339,"commentCount":0,"publisher":{"@id":"https:\/\/www.nexoinformativo.mx\/#organization"},"image":{"@id":"https:\/\/www.nexoinformativo.mx\/index.php\/2024\/10\/24\/sict-reconoce-la-importancia-de-la-aviacion-mexicana-y-se-compromete-a-fortalecer-el-sector\/#primaryimage"},"thumbnailUrl":"https:\/\/www.nexoinformativo.mx\/wp-content\/uploads\/2024\/10\/IMG_7205.jpg","keywords":["Aviaci\u00f3nCivil","D\u00edaNacionaldelaAviaci\u00f3n","M\u00e9xico","SICT"],"articleSection":["Nacional","\u00daltima Hora"],"inLanguage":"es","potentialAction":[{"@type":"CommentAction","name":"Comment","target":["https:\/\/www.nexoinformativo.mx\/index.php\/2024\/10\/24\/sict-reconoce-la-importancia-de-la-aviacion-mexicana-y-se-compromete-a-fortalecer-el-sector\/#respond"]}]},{"@type":"WebPage","@id":"https:\/\/www.nexoinformativo.mx\/index.php\/2024\/10\/24\/sict-reconoce-la-importancia-de-la-aviacion-mexicana-y-se-compromete-a-fortalecer-el-sector\/","url":"https:\/\/www.nexoinformativo.mx\/index.php\/2024\/10\/24\/sict-reconoce-la-importancia-de-la-aviacion-mexicana-y-se-compromete-a-fortalecer-el-sector\/","name":"SICT reconoce la importancia de la aviaci\u00f3n mexicana y se compromete a fortalecer el sector | Nexo Informativo Santiago de Quer\u00e9taro","isPartOf":{"@id":"https:\/\/www.nexoinformativo.mx\/#website"},"primaryImageOfPage":{"@id":"https:\/\/www.nexoinformativo.mx\/index.php\/2024\/10\/24\/sict-reconoce-la-importancia-de-la-aviacion-mexicana-y-se-compromete-a-fortalecer-el-sector\/#primaryimage"},"image":{"@id":"https:\/\/www.nexoinformativo.mx\/index.php\/2024\/10\/24\/sict-reconoce-la-importancia-de-la-aviacion-mexicana-y-se-compromete-a-fortalecer-el-sector\/#primaryimage"},"thumbnailUrl":"https:\/\/www.nexoinformativo.mx\/wp-content\/uploads\/2024\/10\/IMG_7205.jpg","datePublished":"2024-10-24T16:00:36+00:00","dateModified":"2024-10-24T17:51:02+00:00","description":"SICT reconoce la importancia de la aviaci\u00f3n mexicana y se compromete a fortalecer el sector","breadcrumb":{"@id":"https:\/\/www.nexoinformativo.mx\/index.php\/2024\/10\/24\/sict-reconoce-la-importancia-de-la-aviacion-mexicana-y-se-compromete-a-fortalecer-el-sector\/#breadcrumb"},"inLanguage":"es","potentialAction":[{"@type":"ReadAction","target":["https:\/\/www.nexoinformativo.mx\/index.php\/2024\/10\/24\/sict-reconoce-la-importancia-de-la-aviacion-mexicana-y-se-compromete-a-fortalecer-el-sector\/"]}]},{"@type":"ImageObject","inLanguage":"es","@id":"https:\/\/www.nexoinformativo.mx\/index.php\/2024\/10\/24\/sict-reconoce-la-importancia-de-la-aviacion-mexicana-y-se-compromete-a-fortalecer-el-sector\/#primaryimage","url":"https:\/\/www.nexoinformativo.mx\/wp-content\/uploads\/2024\/10\/IMG_7205.jpg","contentUrl":"https:\/\/www.nexoinformativo.mx\/wp-content\/uploads\/2024\/10\/IMG_7205.jpg","width":650,"height":380},{"@type":"BreadcrumbList","@id":"https:\/\/www.nexoinformativo.mx\/index.php\/2024\/10\/24\/sict-reconoce-la-importancia-de-la-aviacion-mexicana-y-se-compromete-a-fortalecer-el-sector\/#breadcrumb","itemListElement":[{"@type":"ListItem","position":1,"name":"Inicio","item":"https:\/\/www.nexoinformativo.mx\/"},{"@type":"ListItem","position":2,"name":"SICT reconoce la importancia de la aviaci\u00f3n mexicana y se compromete a fortalecer el sector"}]},{"@type":"WebSite","@id":"https:\/\/www.nexoinformativo.mx\/#website","url":"https:\/\/www.nexoinformativo.mx\/","name":"Nexo Informativo Santiago de Quer\u00e9taro","description":"Explora NexoInformativo y convi\u00e9rtete en parte de una comunidad que valora el conocimiento y la verdad. Tu nexoinformativo es tu puente hacia una comprensi\u00f3n m\u00e1s profunda del mundo que te rodea.","publisher":{"@id":"https:\/\/www.nexoinformativo.mx\/#organization"},"potentialAction":[{"@type":"SearchAction","target":{"@type":"EntryPoint","urlTemplate":"https:\/\/www.nexoinformativo.mx\/?s={search_term_string}"},"query-input":{"@type":"PropertyValueSpecification","valueRequired":true,"valueName":"search_term_string"}}],"inLanguage":"es"},{"@type":"Organization","@id":"https:\/\/www.nexoinformativo.mx\/#organization","name":"Nexo Informativo Santiago de Quer\u00e9taro","url":"https:\/\/www.nexoinformativo.mx\/","logo":{"@type":"ImageObject","inLanguage":"es","@id":"https:\/\/www.nexoinformativo.mx\/#\/schema\/logo\/image\/","url":"https:\/\/www.nexoinformativo.mx\/wp-content\/uploads\/2024\/07\/nexoi-trasparente-2.png","contentUrl":"https:\/\/www.nexoinformativo.mx\/wp-content\/uploads\/2024\/07\/nexoi-trasparente-2.png","width":816,"height":339,"caption":"Nexo Informativo Santiago de Quer\u00e9taro"},"image":{"@id":"https:\/\/www.nexoinformativo.mx\/#\/schema\/logo\/image\/"},"sameAs":["https:\/\/www.facebook.com\/people\/Nexo-Informativo\/61564066885511\/"]},{"@type":"Person","@id":"https:\/\/www.nexoinformativo.mx\/#\/schema\/person\/7749d380ba08c8ca00d7bc76fd907b7d","name":"Nexo Informativo","image":{"@type":"ImageObject","inLanguage":"es","@id":"https:\/\/www.nexoinformativo.mx\/#\/schema\/person\/image\/","url":"https:\/\/secure.gravatar.com\/avatar\/dde2928154642a13d95f87ddf1ea9718fe2b46760a005c53e41ff5ad610704e6?s=96&d=mm&r=g","contentUrl":"https:\/\/secure.gravatar.com\/avatar\/dde2928154642a13d95f87ddf1ea9718fe2b46760a005c53e41ff5ad610704e6?s=96&d=mm&r=g","caption":"Nexo Informativo"},"url":"https:\/\/www.nexoinformativo.mx\/index.php\/author\/edicion\/"}]}},"_links":{"self":[{"href":"https:\/\/www.nexoinformativo.mx\/index.php\/wp-json\/wp\/v2\/posts\/4391","targetHints":{"allow":["GET"]}}],"collection":[{"href":"https:\/\/www.nexoinformativo.mx\/index.php\/wp-json\/wp\/v2\/posts"}],"about":[{"href":"https:\/\/www.nexoinformativo.mx\/index.php\/wp-json\/wp\/v2\/types\/post"}],"author":[{"embeddable":true,"href":"https:\/\/www.nexoinformativo.mx\/index.php\/wp-json\/wp\/v2\/users\/3"}],"replies":[{"embeddable":true,"href":"https:\/\/www.nexoinformativo.mx\/index.php\/wp-json\/wp\/v2\/comments?post=4391"}],"version-history":[{"count":5,"href":"https:\/\/www.nexoinformativo.mx\/index.php\/wp-json\/wp\/v2\/posts\/4391\/revisions"}],"predecessor-version":[{"id":4397,"href":"https:\/\/www.nexoinformativo.mx\/index.php\/wp-json\/wp\/v2\/posts\/4391\/revisions\/4397"}],"wp:featuredmedia":[{"embeddable":true,"href":"https:\/\/www.nexoinformativo.mx\/index.php\/wp-json\/wp\/v2\/media\/4392"}],"wp:attachment":[{"href":"https:\/\/www.nexoinformativo.mx\/index.php\/wp-json\/wp\/v2\/media?parent=4391"}],"wp:term":[{"taxonomy":"category","embeddable":true,"href":"https:\/\/www.nexoinformativo.mx\/index.php\/wp-json\/wp\/v2\/categories?post=4391"},{"taxonomy":"post_tag","embeddable":true,"href":"https:\/\/www.nexoinformativo.mx\/index.php\/wp-json\/wp\/v2\/tags?post=4391"}],"curies":[{"name":"wp","href":"https:\/\/api.w.org\/{rel}","templated":true}]}}