{"id":4398,"date":"2024-10-24T10:00:21","date_gmt":"2024-10-24T16:00:21","guid":{"rendered":"https:\/\/www.nexoinformativo.mx\/?p=4398"},"modified":"2024-10-24T12:52:18","modified_gmt":"2024-10-24T18:52:18","slug":"vinculan-a-proceso-a-presunto-asesino-de-comerciante-en-pedro-escobedo-desmienten-version-sobre-ataque-armado","status":"publish","type":"post","link":"https:\/\/www.nexoinformativo.mx\/index.php\/2024\/10\/24\/vinculan-a-proceso-a-presunto-asesino-de-comerciante-en-pedro-escobedo-desmienten-version-sobre-ataque-armado\/","title":{"rendered":"Vinculan a proceso a presunto asesino de comerciante en Pedro Escobedo; desmienten versi\u00f3n sobre ataque armado"},"content":{"rendered":"<p style=\"text-align: justify;\" data-sourcepos=\"7:1-7:264\">La Fiscal\u00eda General del Estado de Quer\u00e9taro ha logrado un avance significativo en el caso del homicidio del due\u00f1o de una tienda de abarrotes en la comunidad de Santa B\u00e1rbara La D, tras vincular a proceso al presunto responsable.<\/p>\n<p>&nbsp;<\/p>\n<p style=\"text-align: justify;\" data-sourcepos=\"9:1-9:198\">El pasado 22 de julio, la v\u00edctima sufri\u00f3 un violento asalto en su negocio, donde fue golpeado en la cabeza con un objeto contundente. D\u00edas despu\u00e9s, lamentablemente, falleci\u00f3 a causa de las lesiones.<\/p>\n<p>&nbsp;<\/p>\n<p style=\"text-align: justify;\" data-sourcepos=\"11:1-11:257\">Las autoridades han informado que el detenido, junto con otro c\u00f3mplice que tambi\u00e9n se encuentra bajo arresto, ingresaron al establecimiento con la intenci\u00f3n de robar. Durante el asalto, agredieron brutalmente al propietario, caus\u00e1ndole las heridas mortales.<\/p>\n<p>&nbsp;<\/p>\n<p style=\"text-align: justify;\" data-sourcepos=\"13:1-13:298\">Es importante destacar que, contrario a las versiones iniciales que apuntaban a un ataque armado por parte de un comando, las investigaciones han determinado que se trat\u00f3 de un robo a comercio con violencia. Esta aclaraci\u00f3n busca desmentir las especulaciones infundadas que surgieron en su momento.<\/p>\n<p>&nbsp;<\/p>\n<p style=\"text-align: justify;\" data-sourcepos=\"15:1-15:246\">Con esta vinculaci\u00f3n a proceso, se avanza en la b\u00fasqueda de justicia para la v\u00edctima y sus familiares. Las autoridades contin\u00faan trabajando para esclarecer todos los detalles de este lamentable suceso y llevar ante la justicia a los responsables.<\/p>\n<p>&nbsp;<\/p>\n<p style=\"text-align: center;\" data-sourcepos=\"15:1-15:246\"><em><strong>\u00a1Informaci\u00f3n que transforma!<\/strong><\/em><\/p>\n","protected":false},"excerpt":{"rendered":"<p>La Fiscal\u00eda General del Estado de Quer\u00e9taro ha logrado un avance significativo en el caso del homicidio del due\u00f1o de una tienda de abarrotes en la comunidad de Santa B\u00e1rbara La D, tras vincular a proceso al presunto responsable.<\/p>\n","protected":false},"author":3,"featured_media":4417,"comment_status":"open","ping_status":"open","sticky":false,"template":"","format":"standard","meta":{"footnotes":""},"categories":[42,58],"tags":[500,1611,1212,1612],"class_list":["post-4398","post","type-post","status-publish","format-standard","has-post-thumbnail","hentry","category-estado","category-ultima-hora","tag-fiscaliaqueretaro","tag-justiciaparapedroescobedo","tag-roboconviolencia","tag-santabarbara"],"yoast_head":"<!-- This site is optimized with the Yoast SEO plugin v25.0 - https:\/\/yoast.com\/wordpress\/plugins\/seo\/ -->\n<title>Vinculan a proceso a presunto asesino de comerciante en Pedro Escobedo; desmienten versi\u00f3n sobre ataque armado | Nexo Informativo Santiago de Quer\u00e9taro<\/title>\n<meta name=\"description\" content=\"Vinculan a proceso a presunto asesino de comerciante en Pedro Escobedo; desmienten versi\u00f3n sobre ataque armado\" \/>\n<meta name=\"robots\" content=\"index, follow, max-snippet:-1, max-image-preview:large, max-video-preview:-1\" \/>\n<link rel=\"canonical\" href=\"https:\/\/www.nexoinformativo.mx\/index.php\/2024\/10\/24\/vinculan-a-proceso-a-presunto-asesino-de-comerciante-en-pedro-escobedo-desmienten-version-sobre-ataque-armado\/\" \/>\n<meta property=\"og:locale\" content=\"es_MX\" \/>\n<meta property=\"og:type\" content=\"article\" \/>\n<meta property=\"og:title\" content=\"Vinculan a proceso a presunto asesino de comerciante en Pedro Escobedo; desmienten versi\u00f3n sobre ataque armado | Nexo Informativo Santiago de Quer\u00e9taro\" \/>\n<meta property=\"og:description\" content=\"Vinculan a proceso a presunto asesino de comerciante en Pedro Escobedo; desmienten versi\u00f3n sobre ataque armado\" \/>\n<meta property=\"og:url\" content=\"https:\/\/www.nexoinformativo.mx\/index.php\/2024\/10\/24\/vinculan-a-proceso-a-presunto-asesino-de-comerciante-en-pedro-escobedo-desmienten-version-sobre-ataque-armado\/\" \/>\n<meta property=\"og:site_name\" content=\"Nexo Informativo Santiago de Quer\u00e9taro\" \/>\n<meta property=\"article:publisher\" content=\"https:\/\/www.facebook.com\/people\/Nexo-Informativo\/61564066885511\/\" \/>\n<meta property=\"article:published_time\" content=\"2024-10-24T16:00:21+00:00\" \/>\n<meta property=\"article:modified_time\" content=\"2024-10-24T18:52:18+00:00\" \/>\n<meta property=\"og:image\" content=\"https:\/\/www.nexoinformativo.mx\/wp-content\/uploads\/2024\/10\/1000206772-e1729795930606.jpg\" \/>\n\t<meta property=\"og:image:width\" content=\"800\" \/>\n\t<meta property=\"og:image:height\" content=\"504\" \/>\n\t<meta property=\"og:image:type\" content=\"image\/jpeg\" \/>\n<meta name=\"author\" content=\"Nexo Informativo\" \/>\n<meta name=\"twitter:card\" content=\"summary_large_image\" \/>\n<meta name=\"twitter:label1\" content=\"Escrito por\" \/>\n\t<meta name=\"twitter:data1\" content=\"Nexo Informativo\" \/>\n\t<meta name=\"twitter:label2\" content=\"Tiempo de lectura\" \/>\n\t<meta name=\"twitter:data2\" content=\"2 minutos\" \/>\n<script type=\"application\/ld+json\" class=\"yoast-schema-graph\">{\"@context\":\"https:\/\/schema.org\",\"@graph\":[{\"@type\":\"Article\",\"@id\":\"https:\/\/www.nexoinformativo.mx\/index.php\/2024\/10\/24\/vinculan-a-proceso-a-presunto-asesino-de-comerciante-en-pedro-escobedo-desmienten-version-sobre-ataque-armado\/#article\",\"isPartOf\":{\"@id\":\"https:\/\/www.nexoinformativo.mx\/index.php\/2024\/10\/24\/vinculan-a-proceso-a-presunto-asesino-de-comerciante-en-pedro-escobedo-desmienten-version-sobre-ataque-armado\/\"},\"author\":{\"name\":\"Nexo Informativo\",\"@id\":\"https:\/\/www.nexoinformativo.mx\/#\/schema\/person\/7749d380ba08c8ca00d7bc76fd907b7d\"},\"headline\":\"Vinculan a proceso a presunto asesino de comerciante en Pedro Escobedo; desmienten versi\u00f3n sobre ataque armado\",\"datePublished\":\"2024-10-24T16:00:21+00:00\",\"dateModified\":\"2024-10-24T18:52:18+00:00\",\"mainEntityOfPage\":{\"@id\":\"https:\/\/www.nexoinformativo.mx\/index.php\/2024\/10\/24\/vinculan-a-proceso-a-presunto-asesino-de-comerciante-en-pedro-escobedo-desmienten-version-sobre-ataque-armado\/\"},\"wordCount\":234,\"commentCount\":0,\"publisher\":{\"@id\":\"https:\/\/www.nexoinformativo.mx\/#organization\"},\"image\":{\"@id\":\"https:\/\/www.nexoinformativo.mx\/index.php\/2024\/10\/24\/vinculan-a-proceso-a-presunto-asesino-de-comerciante-en-pedro-escobedo-desmienten-version-sobre-ataque-armado\/#primaryimage\"},\"thumbnailUrl\":\"https:\/\/www.nexoinformativo.mx\/wp-content\/uploads\/2024\/10\/1000206772-e1729795930606.jpg\",\"keywords\":[\"Fiscal\u00edaQuer\u00e9taro\",\"JusticiaParaPedroEscobedo\",\"RoboConViolencia\",\"SantaB\u00e1rbara\"],\"articleSection\":[\"Estado\",\"\u00daltima Hora\"],\"inLanguage\":\"es\",\"potentialAction\":[{\"@type\":\"CommentAction\",\"name\":\"Comment\",\"target\":[\"https:\/\/www.nexoinformativo.mx\/index.php\/2024\/10\/24\/vinculan-a-proceso-a-presunto-asesino-de-comerciante-en-pedro-escobedo-desmienten-version-sobre-ataque-armado\/#respond\"]}]},{\"@type\":\"WebPage\",\"@id\":\"https:\/\/www.nexoinformativo.mx\/index.php\/2024\/10\/24\/vinculan-a-proceso-a-presunto-asesino-de-comerciante-en-pedro-escobedo-desmienten-version-sobre-ataque-armado\/\",\"url\":\"https:\/\/www.nexoinformativo.mx\/index.php\/2024\/10\/24\/vinculan-a-proceso-a-presunto-asesino-de-comerciante-en-pedro-escobedo-desmienten-version-sobre-ataque-armado\/\",\"name\":\"Vinculan a proceso a presunto asesino de comerciante en Pedro Escobedo; desmienten versi\u00f3n sobre ataque armado | Nexo Informativo Santiago de Quer\u00e9taro\",\"isPartOf\":{\"@id\":\"https:\/\/www.nexoinformativo.mx\/#website\"},\"primaryImageOfPage\":{\"@id\":\"https:\/\/www.nexoinformativo.mx\/index.php\/2024\/10\/24\/vinculan-a-proceso-a-presunto-asesino-de-comerciante-en-pedro-escobedo-desmienten-version-sobre-ataque-armado\/#primaryimage\"},\"image\":{\"@id\":\"https:\/\/www.nexoinformativo.mx\/index.php\/2024\/10\/24\/vinculan-a-proceso-a-presunto-asesino-de-comerciante-en-pedro-escobedo-desmienten-version-sobre-ataque-armado\/#primaryimage\"},\"thumbnailUrl\":\"https:\/\/www.nexoinformativo.mx\/wp-content\/uploads\/2024\/10\/1000206772-e1729795930606.jpg\",\"datePublished\":\"2024-10-24T16:00:21+00:00\",\"dateModified\":\"2024-10-24T18:52:18+00:00\",\"description\":\"Vinculan a proceso a presunto asesino de comerciante en Pedro Escobedo; desmienten versi\u00f3n sobre ataque armado\",\"breadcrumb\":{\"@id\":\"https:\/\/www.nexoinformativo.mx\/index.php\/2024\/10\/24\/vinculan-a-proceso-a-presunto-asesino-de-comerciante-en-pedro-escobedo-desmienten-version-sobre-ataque-armado\/#breadcrumb\"},\"inLanguage\":\"es\",\"potentialAction\":[{\"@type\":\"ReadAction\",\"target\":[\"https:\/\/www.nexoinformativo.mx\/index.php\/2024\/10\/24\/vinculan-a-proceso-a-presunto-asesino-de-comerciante-en-pedro-escobedo-desmienten-version-sobre-ataque-armado\/\"]}]},{\"@type\":\"ImageObject\",\"inLanguage\":\"es\",\"@id\":\"https:\/\/www.nexoinformativo.mx\/index.php\/2024\/10\/24\/vinculan-a-proceso-a-presunto-asesino-de-comerciante-en-pedro-escobedo-desmienten-version-sobre-ataque-armado\/#primaryimage\",\"url\":\"https:\/\/www.nexoinformativo.mx\/wp-content\/uploads\/2024\/10\/1000206772-e1729795930606.jpg\",\"contentUrl\":\"https:\/\/www.nexoinformativo.mx\/wp-content\/uploads\/2024\/10\/1000206772-e1729795930606.jpg\",\"width\":800,\"height\":504},{\"@type\":\"BreadcrumbList\",\"@id\":\"https:\/\/www.nexoinformativo.mx\/index.php\/2024\/10\/24\/vinculan-a-proceso-a-presunto-asesino-de-comerciante-en-pedro-escobedo-desmienten-version-sobre-ataque-armado\/#breadcrumb\",\"itemListElement\":[{\"@type\":\"ListItem\",\"position\":1,\"name\":\"Inicio\",\"item\":\"https:\/\/www.nexoinformativo.mx\/\"},{\"@type\":\"ListItem\",\"position\":2,\"name\":\"Vinculan a proceso a presunto asesino de comerciante en Pedro Escobedo; desmienten versi\u00f3n sobre ataque armado\"}]},{\"@type\":\"WebSite\",\"@id\":\"https:\/\/www.nexoinformativo.mx\/#website\",\"url\":\"https:\/\/www.nexoinformativo.mx\/\",\"name\":\"Nexo Informativo Santiago de Quer\u00e9taro\",\"description\":\"Explora NexoInformativo y convi\u00e9rtete en parte de una comunidad que valora el conocimiento y la verdad. Tu nexoinformativo es tu puente hacia una comprensi\u00f3n m\u00e1s profunda del mundo que te rodea.\",\"publisher\":{\"@id\":\"https:\/\/www.nexoinformativo.mx\/#organization\"},\"potentialAction\":[{\"@type\":\"SearchAction\",\"target\":{\"@type\":\"EntryPoint\",\"urlTemplate\":\"https:\/\/www.nexoinformativo.mx\/?s={search_term_string}\"},\"query-input\":{\"@type\":\"PropertyValueSpecification\",\"valueRequired\":true,\"valueName\":\"search_term_string\"}}],\"inLanguage\":\"es\"},{\"@type\":\"Organization\",\"@id\":\"https:\/\/www.nexoinformativo.mx\/#organization\",\"name\":\"Nexo Informativo Santiago de Quer\u00e9taro\",\"url\":\"https:\/\/www.nexoinformativo.mx\/\",\"logo\":{\"@type\":\"ImageObject\",\"inLanguage\":\"es\",\"@id\":\"https:\/\/www.nexoinformativo.mx\/#\/schema\/logo\/image\/\",\"url\":\"https:\/\/www.nexoinformativo.mx\/wp-content\/uploads\/2024\/07\/nexoi-trasparente-2.png\",\"contentUrl\":\"https:\/\/www.nexoinformativo.mx\/wp-content\/uploads\/2024\/07\/nexoi-trasparente-2.png\",\"width\":816,\"height\":339,\"caption\":\"Nexo Informativo Santiago de Quer\u00e9taro\"},\"image\":{\"@id\":\"https:\/\/www.nexoinformativo.mx\/#\/schema\/logo\/image\/\"},\"sameAs\":[\"https:\/\/www.facebook.com\/people\/Nexo-Informativo\/61564066885511\/\"]},{\"@type\":\"Person\",\"@id\":\"https:\/\/www.nexoinformativo.mx\/#\/schema\/person\/7749d380ba08c8ca00d7bc76fd907b7d\",\"name\":\"Nexo Informativo\",\"image\":{\"@type\":\"ImageObject\",\"inLanguage\":\"es\",\"@id\":\"https:\/\/www.nexoinformativo.mx\/#\/schema\/person\/image\/\",\"url\":\"https:\/\/secure.gravatar.com\/avatar\/dde2928154642a13d95f87ddf1ea9718fe2b46760a005c53e41ff5ad610704e6?s=96&d=mm&r=g\",\"contentUrl\":\"https:\/\/secure.gravatar.com\/avatar\/dde2928154642a13d95f87ddf1ea9718fe2b46760a005c53e41ff5ad610704e6?s=96&d=mm&r=g\",\"caption\":\"Nexo Informativo\"},\"url\":\"https:\/\/www.nexoinformativo.mx\/index.php\/author\/edicion\/\"}]}<\/script>\n<!-- \/ Yoast SEO plugin. -->","yoast_head_json":{"title":"Vinculan a proceso a presunto asesino de comerciante en Pedro Escobedo; desmienten versi\u00f3n sobre ataque armado | Nexo Informativo Santiago de Quer\u00e9taro","description":"Vinculan a proceso a presunto asesino de comerciante en Pedro Escobedo; desmienten versi\u00f3n sobre ataque armado","robots":{"index":"index","follow":"follow","max-snippet":"max-snippet:-1","max-image-preview":"max-image-preview:large","max-video-preview":"max-video-preview:-1"},"canonical":"https:\/\/www.nexoinformativo.mx\/index.php\/2024\/10\/24\/vinculan-a-proceso-a-presunto-asesino-de-comerciante-en-pedro-escobedo-desmienten-version-sobre-ataque-armado\/","og_locale":"es_MX","og_type":"article","og_title":"Vinculan a proceso a presunto asesino de comerciante en Pedro Escobedo; desmienten versi\u00f3n sobre ataque armado | Nexo Informativo Santiago de Quer\u00e9taro","og_description":"Vinculan a proceso a presunto asesino de comerciante en Pedro Escobedo; desmienten versi\u00f3n sobre ataque armado","og_url":"https:\/\/www.nexoinformativo.mx\/index.php\/2024\/10\/24\/vinculan-a-proceso-a-presunto-asesino-de-comerciante-en-pedro-escobedo-desmienten-version-sobre-ataque-armado\/","og_site_name":"Nexo Informativo Santiago de Quer\u00e9taro","article_publisher":"https:\/\/www.facebook.com\/people\/Nexo-Informativo\/61564066885511\/","article_published_time":"2024-10-24T16:00:21+00:00","article_modified_time":"2024-10-24T18:52:18+00:00","og_image":[{"width":800,"height":504,"url":"https:\/\/www.nexoinformativo.mx\/wp-content\/uploads\/2024\/10\/1000206772-e1729795930606.jpg","type":"image\/jpeg"}],"author":"Nexo Informativo","twitter_card":"summary_large_image","twitter_misc":{"Escrito por":"Nexo Informativo","Tiempo de lectura":"2 minutos"},"schema":{"@context":"https:\/\/schema.org","@graph":[{"@type":"Article","@id":"https:\/\/www.nexoinformativo.mx\/index.php\/2024\/10\/24\/vinculan-a-proceso-a-presunto-asesino-de-comerciante-en-pedro-escobedo-desmienten-version-sobre-ataque-armado\/#article","isPartOf":{"@id":"https:\/\/www.nexoinformativo.mx\/index.php\/2024\/10\/24\/vinculan-a-proceso-a-presunto-asesino-de-comerciante-en-pedro-escobedo-desmienten-version-sobre-ataque-armado\/"},"author":{"name":"Nexo Informativo","@id":"https:\/\/www.nexoinformativo.mx\/#\/schema\/person\/7749d380ba08c8ca00d7bc76fd907b7d"},"headline":"Vinculan a proceso a presunto asesino de comerciante en Pedro Escobedo; desmienten versi\u00f3n sobre ataque armado","datePublished":"2024-10-24T16:00:21+00:00","dateModified":"2024-10-24T18:52:18+00:00","mainEntityOfPage":{"@id":"https:\/\/www.nexoinformativo.mx\/index.php\/2024\/10\/24\/vinculan-a-proceso-a-presunto-asesino-de-comerciante-en-pedro-escobedo-desmienten-version-sobre-ataque-armado\/"},"wordCount":234,"commentCount":0,"publisher":{"@id":"https:\/\/www.nexoinformativo.mx\/#organization"},"image":{"@id":"https:\/\/www.nexoinformativo.mx\/index.php\/2024\/10\/24\/vinculan-a-proceso-a-presunto-asesino-de-comerciante-en-pedro-escobedo-desmienten-version-sobre-ataque-armado\/#primaryimage"},"thumbnailUrl":"https:\/\/www.nexoinformativo.mx\/wp-content\/uploads\/2024\/10\/1000206772-e1729795930606.jpg","keywords":["Fiscal\u00edaQuer\u00e9taro","JusticiaParaPedroEscobedo","RoboConViolencia","SantaB\u00e1rbara"],"articleSection":["Estado","\u00daltima Hora"],"inLanguage":"es","potentialAction":[{"@type":"CommentAction","name":"Comment","target":["https:\/\/www.nexoinformativo.mx\/index.php\/2024\/10\/24\/vinculan-a-proceso-a-presunto-asesino-de-comerciante-en-pedro-escobedo-desmienten-version-sobre-ataque-armado\/#respond"]}]},{"@type":"WebPage","@id":"https:\/\/www.nexoinformativo.mx\/index.php\/2024\/10\/24\/vinculan-a-proceso-a-presunto-asesino-de-comerciante-en-pedro-escobedo-desmienten-version-sobre-ataque-armado\/","url":"https:\/\/www.nexoinformativo.mx\/index.php\/2024\/10\/24\/vinculan-a-proceso-a-presunto-asesino-de-comerciante-en-pedro-escobedo-desmienten-version-sobre-ataque-armado\/","name":"Vinculan a proceso a presunto asesino de comerciante en Pedro Escobedo; desmienten versi\u00f3n sobre ataque armado | Nexo Informativo Santiago de Quer\u00e9taro","isPartOf":{"@id":"https:\/\/www.nexoinformativo.mx\/#website"},"primaryImageOfPage":{"@id":"https:\/\/www.nexoinformativo.mx\/index.php\/2024\/10\/24\/vinculan-a-proceso-a-presunto-asesino-de-comerciante-en-pedro-escobedo-desmienten-version-sobre-ataque-armado\/#primaryimage"},"image":{"@id":"https:\/\/www.nexoinformativo.mx\/index.php\/2024\/10\/24\/vinculan-a-proceso-a-presunto-asesino-de-comerciante-en-pedro-escobedo-desmienten-version-sobre-ataque-armado\/#primaryimage"},"thumbnailUrl":"https:\/\/www.nexoinformativo.mx\/wp-content\/uploads\/2024\/10\/1000206772-e1729795930606.jpg","datePublished":"2024-10-24T16:00:21+00:00","dateModified":"2024-10-24T18:52:18+00:00","description":"Vinculan a proceso a presunto asesino de comerciante en Pedro Escobedo; desmienten versi\u00f3n sobre ataque armado","breadcrumb":{"@id":"https:\/\/www.nexoinformativo.mx\/index.php\/2024\/10\/24\/vinculan-a-proceso-a-presunto-asesino-de-comerciante-en-pedro-escobedo-desmienten-version-sobre-ataque-armado\/#breadcrumb"},"inLanguage":"es","potentialAction":[{"@type":"ReadAction","target":["https:\/\/www.nexoinformativo.mx\/index.php\/2024\/10\/24\/vinculan-a-proceso-a-presunto-asesino-de-comerciante-en-pedro-escobedo-desmienten-version-sobre-ataque-armado\/"]}]},{"@type":"ImageObject","inLanguage":"es","@id":"https:\/\/www.nexoinformativo.mx\/index.php\/2024\/10\/24\/vinculan-a-proceso-a-presunto-asesino-de-comerciante-en-pedro-escobedo-desmienten-version-sobre-ataque-armado\/#primaryimage","url":"https:\/\/www.nexoinformativo.mx\/wp-content\/uploads\/2024\/10\/1000206772-e1729795930606.jpg","contentUrl":"https:\/\/www.nexoinformativo.mx\/wp-content\/uploads\/2024\/10\/1000206772-e1729795930606.jpg","width":800,"height":504},{"@type":"BreadcrumbList","@id":"https:\/\/www.nexoinformativo.mx\/index.php\/2024\/10\/24\/vinculan-a-proceso-a-presunto-asesino-de-comerciante-en-pedro-escobedo-desmienten-version-sobre-ataque-armado\/#breadcrumb","itemListElement":[{"@type":"ListItem","position":1,"name":"Inicio","item":"https:\/\/www.nexoinformativo.mx\/"},{"@type":"ListItem","position":2,"name":"Vinculan a proceso a presunto asesino de comerciante en Pedro Escobedo; desmienten versi\u00f3n sobre ataque armado"}]},{"@type":"WebSite","@id":"https:\/\/www.nexoinformativo.mx\/#website","url":"https:\/\/www.nexoinformativo.mx\/","name":"Nexo Informativo Santiago de Quer\u00e9taro","description":"Explora NexoInformativo y convi\u00e9rtete en parte de una comunidad que valora el conocimiento y la verdad. Tu nexoinformativo es tu puente hacia una comprensi\u00f3n m\u00e1s profunda del mundo que te rodea.","publisher":{"@id":"https:\/\/www.nexoinformativo.mx\/#organization"},"potentialAction":[{"@type":"SearchAction","target":{"@type":"EntryPoint","urlTemplate":"https:\/\/www.nexoinformativo.mx\/?s={search_term_string}"},"query-input":{"@type":"PropertyValueSpecification","valueRequired":true,"valueName":"search_term_string"}}],"inLanguage":"es"},{"@type":"Organization","@id":"https:\/\/www.nexoinformativo.mx\/#organization","name":"Nexo Informativo Santiago de Quer\u00e9taro","url":"https:\/\/www.nexoinformativo.mx\/","logo":{"@type":"ImageObject","inLanguage":"es","@id":"https:\/\/www.nexoinformativo.mx\/#\/schema\/logo\/image\/","url":"https:\/\/www.nexoinformativo.mx\/wp-content\/uploads\/2024\/07\/nexoi-trasparente-2.png","contentUrl":"https:\/\/www.nexoinformativo.mx\/wp-content\/uploads\/2024\/07\/nexoi-trasparente-2.png","width":816,"height":339,"caption":"Nexo Informativo Santiago de Quer\u00e9taro"},"image":{"@id":"https:\/\/www.nexoinformativo.mx\/#\/schema\/logo\/image\/"},"sameAs":["https:\/\/www.facebook.com\/people\/Nexo-Informativo\/61564066885511\/"]},{"@type":"Person","@id":"https:\/\/www.nexoinformativo.mx\/#\/schema\/person\/7749d380ba08c8ca00d7bc76fd907b7d","name":"Nexo Informativo","image":{"@type":"ImageObject","inLanguage":"es","@id":"https:\/\/www.nexoinformativo.mx\/#\/schema\/person\/image\/","url":"https:\/\/secure.gravatar.com\/avatar\/dde2928154642a13d95f87ddf1ea9718fe2b46760a005c53e41ff5ad610704e6?s=96&d=mm&r=g","contentUrl":"https:\/\/secure.gravatar.com\/avatar\/dde2928154642a13d95f87ddf1ea9718fe2b46760a005c53e41ff5ad610704e6?s=96&d=mm&r=g","caption":"Nexo Informativo"},"url":"https:\/\/www.nexoinformativo.mx\/index.php\/author\/edicion\/"}]}},"_links":{"self":[{"href":"https:\/\/www.nexoinformativo.mx\/index.php\/wp-json\/wp\/v2\/posts\/4398","targetHints":{"allow":["GET"]}}],"collection":[{"href":"https:\/\/www.nexoinformativo.mx\/index.php\/wp-json\/wp\/v2\/posts"}],"about":[{"href":"https:\/\/www.nexoinformativo.mx\/index.php\/wp-json\/wp\/v2\/types\/post"}],"author":[{"embeddable":true,"href":"https:\/\/www.nexoinformativo.mx\/index.php\/wp-json\/wp\/v2\/users\/3"}],"replies":[{"embeddable":true,"href":"https:\/\/www.nexoinformativo.mx\/index.php\/wp-json\/wp\/v2\/comments?post=4398"}],"version-history":[{"count":4,"href":"https:\/\/www.nexoinformativo.mx\/index.php\/wp-json\/wp\/v2\/posts\/4398\/revisions"}],"predecessor-version":[{"id":4416,"href":"https:\/\/www.nexoinformativo.mx\/index.php\/wp-json\/wp\/v2\/posts\/4398\/revisions\/4416"}],"wp:featuredmedia":[{"embeddable":true,"href":"https:\/\/www.nexoinformativo.mx\/index.php\/wp-json\/wp\/v2\/media\/4417"}],"wp:attachment":[{"href":"https:\/\/www.nexoinformativo.mx\/index.php\/wp-json\/wp\/v2\/media?parent=4398"}],"wp:term":[{"taxonomy":"category","embeddable":true,"href":"https:\/\/www.nexoinformativo.mx\/index.php\/wp-json\/wp\/v2\/categories?post=4398"},{"taxonomy":"post_tag","embeddable":true,"href":"https:\/\/www.nexoinformativo.mx\/index.php\/wp-json\/wp\/v2\/tags?post=4398"}],"curies":[{"name":"wp","href":"https:\/\/api.w.org\/{rel}","templated":true}]}}