{"id":4403,"date":"2024-10-24T10:30:12","date_gmt":"2024-10-24T16:30:12","guid":{"rendered":"https:\/\/www.nexoinformativo.mx\/?p=4403"},"modified":"2024-10-24T13:19:40","modified_gmt":"2024-10-24T19:19:40","slug":"fgr-queretaro-realiza-simulacro-de-seguridad-con-apoyo-de-diversas-corporaciones","status":"publish","type":"post","link":"https:\/\/www.nexoinformativo.mx\/index.php\/2024\/10\/24\/fgr-queretaro-realiza-simulacro-de-seguridad-con-apoyo-de-diversas-corporaciones\/","title":{"rendered":"FGR Quer\u00e9taro realiza simulacro de seguridad con apoyo de diversas corporaciones"},"content":{"rendered":"<p style=\"text-align: justify;\" data-sourcepos=\"7:1-7:382\">Con el objetivo de fortalecer las capacidades de respuesta ante posibles emergencias, la Fiscal\u00eda General de la Rep\u00fablica (FGR) llev\u00f3 a cabo un simulacro de seguridad en sus instalaciones ubicadas en la zona sur de la ciudad. En este ejercicio participaron diversas corporaciones como la Polic\u00eda Estatal, Polic\u00eda Municipal, bomberos y Protecci\u00f3n Civil.<\/p>\n<p>&nbsp;<\/p>\n<p style=\"text-align: justify;\" data-sourcepos=\"9:1-9:292\">Durante el simulacro, se simul\u00f3 una situaci\u00f3n de emergencia que requiri\u00f3 la activaci\u00f3n de los protocolos de seguridad establecidos. Los elementos de las diferentes corporaciones trabajaron de manera coordinada para atender la contingencia, demostrando su preparaci\u00f3n y capacidad de respuesta.<\/p>\n<p>&nbsp;<\/p>\n<p style=\"text-align: justify;\" data-sourcepos=\"11:1-11:223\">Para garantizar la seguridad de los participantes y de la ciudadan\u00eda, se acordon\u00f3 la zona aleda\u00f1a a las instalaciones de la FGR, lo que provoc\u00f3 el cierre temporal de algunas avenidas y el desv\u00edo de la circulaci\u00f3n vehicular.<\/p>\n<p>&nbsp;<\/p>\n<p style=\"text-align: justify;\" data-sourcepos=\"13:1-13:306\">Este tipo de ejercicios son fundamentales para evaluar los planes de emergencia, identificar \u00e1reas de oportunidad y fortalecer la coordinaci\u00f3n entre las diferentes instituciones. Adem\u00e1s, permiten capacitar al personal en la aplicaci\u00f3n de los protocolos de seguridad y en el manejo de situaciones de crisis.<\/p>\n<p>&nbsp;<\/p>\n<p style=\"text-align: center;\" data-sourcepos=\"13:1-13:306\"><em><strong>\u00a1Informaci\u00f3n que transforma!<\/strong><\/em><\/p>\n","protected":false},"excerpt":{"rendered":"<p>Con el objetivo de fortalecer las capacidades de respuesta ante posibles emergencias, la Fiscal\u00eda General de la Rep\u00fablica (FGR) llev\u00f3 a cabo un simulacro de seguridad en sus instalaciones ubicadas en la zona sur de la ciudad.<\/p>\n","protected":false},"author":3,"featured_media":4424,"comment_status":"open","ping_status":"open","sticky":false,"template":"","format":"standard","meta":{"footnotes":""},"categories":[65,58],"tags":[717,1614,154,1613],"class_list":["post-4403","post","type-post","status-publish","format-standard","has-post-thumbnail","hentry","category-municipios","category-ultima-hora","tag-emergencias","tag-fgrqueretaro","tag-proteccioncivil","tag-simulacroseguridad"],"yoast_head":"<!-- This site is optimized with the Yoast SEO plugin v25.0 - https:\/\/yoast.com\/wordpress\/plugins\/seo\/ -->\n<title>FGR Quer\u00e9taro realiza simulacro de seguridad con apoyo de diversas corporaciones | Nexo Informativo Santiago de Quer\u00e9taro<\/title>\n<meta name=\"description\" content=\"FGR Quer\u00e9taro realiza simulacro de seguridad con apoyo de diversas corporaciones\" \/>\n<meta name=\"robots\" content=\"index, follow, max-snippet:-1, max-image-preview:large, max-video-preview:-1\" \/>\n<link rel=\"canonical\" href=\"https:\/\/www.nexoinformativo.mx\/index.php\/2024\/10\/24\/fgr-queretaro-realiza-simulacro-de-seguridad-con-apoyo-de-diversas-corporaciones\/\" \/>\n<meta property=\"og:locale\" content=\"es_MX\" \/>\n<meta property=\"og:type\" content=\"article\" \/>\n<meta property=\"og:title\" content=\"FGR Quer\u00e9taro realiza simulacro de seguridad con apoyo de diversas corporaciones | Nexo Informativo Santiago de Quer\u00e9taro\" \/>\n<meta property=\"og:description\" content=\"FGR Quer\u00e9taro realiza simulacro de seguridad con apoyo de diversas corporaciones\" \/>\n<meta property=\"og:url\" content=\"https:\/\/www.nexoinformativo.mx\/index.php\/2024\/10\/24\/fgr-queretaro-realiza-simulacro-de-seguridad-con-apoyo-de-diversas-corporaciones\/\" \/>\n<meta property=\"og:site_name\" content=\"Nexo Informativo Santiago de Quer\u00e9taro\" \/>\n<meta property=\"article:publisher\" content=\"https:\/\/www.facebook.com\/people\/Nexo-Informativo\/61564066885511\/\" \/>\n<meta property=\"article:published_time\" content=\"2024-10-24T16:30:12+00:00\" \/>\n<meta property=\"article:modified_time\" content=\"2024-10-24T19:19:40+00:00\" \/>\n<meta property=\"og:image\" content=\"https:\/\/www.nexoinformativo.mx\/wp-content\/uploads\/2024\/10\/PHOTO-2024-10-24-12-00-07-e1729797543227.jpg\" \/>\n\t<meta property=\"og:image:width\" content=\"800\" \/>\n\t<meta property=\"og:image:height\" content=\"1000\" \/>\n\t<meta property=\"og:image:type\" content=\"image\/jpeg\" \/>\n<meta name=\"author\" content=\"Nexo Informativo\" \/>\n<meta name=\"twitter:card\" content=\"summary_large_image\" \/>\n<meta name=\"twitter:label1\" content=\"Escrito por\" \/>\n\t<meta name=\"twitter:data1\" content=\"Nexo Informativo\" \/>\n\t<meta name=\"twitter:label2\" content=\"Tiempo de lectura\" \/>\n\t<meta name=\"twitter:data2\" content=\"2 minutos\" \/>\n<script type=\"application\/ld+json\" class=\"yoast-schema-graph\">{\"@context\":\"https:\/\/schema.org\",\"@graph\":[{\"@type\":\"Article\",\"@id\":\"https:\/\/www.nexoinformativo.mx\/index.php\/2024\/10\/24\/fgr-queretaro-realiza-simulacro-de-seguridad-con-apoyo-de-diversas-corporaciones\/#article\",\"isPartOf\":{\"@id\":\"https:\/\/www.nexoinformativo.mx\/index.php\/2024\/10\/24\/fgr-queretaro-realiza-simulacro-de-seguridad-con-apoyo-de-diversas-corporaciones\/\"},\"author\":{\"name\":\"Nexo Informativo\",\"@id\":\"https:\/\/www.nexoinformativo.mx\/#\/schema\/person\/7749d380ba08c8ca00d7bc76fd907b7d\"},\"headline\":\"FGR Quer\u00e9taro realiza simulacro de seguridad con apoyo de diversas corporaciones\",\"datePublished\":\"2024-10-24T16:30:12+00:00\",\"dateModified\":\"2024-10-24T19:19:40+00:00\",\"mainEntityOfPage\":{\"@id\":\"https:\/\/www.nexoinformativo.mx\/index.php\/2024\/10\/24\/fgr-queretaro-realiza-simulacro-de-seguridad-con-apoyo-de-diversas-corporaciones\/\"},\"wordCount\":211,\"commentCount\":0,\"publisher\":{\"@id\":\"https:\/\/www.nexoinformativo.mx\/#organization\"},\"image\":{\"@id\":\"https:\/\/www.nexoinformativo.mx\/index.php\/2024\/10\/24\/fgr-queretaro-realiza-simulacro-de-seguridad-con-apoyo-de-diversas-corporaciones\/#primaryimage\"},\"thumbnailUrl\":\"https:\/\/www.nexoinformativo.mx\/wp-content\/uploads\/2024\/10\/PHOTO-2024-10-24-12-00-07-e1729797543227.jpg\",\"keywords\":[\"Emergencias\",\"FGRQuer\u00e9taro\",\"proteccioncivil\",\"SimulacroSeguridad\"],\"articleSection\":[\"Municipios\",\"\u00daltima Hora\"],\"inLanguage\":\"es\",\"potentialAction\":[{\"@type\":\"CommentAction\",\"name\":\"Comment\",\"target\":[\"https:\/\/www.nexoinformativo.mx\/index.php\/2024\/10\/24\/fgr-queretaro-realiza-simulacro-de-seguridad-con-apoyo-de-diversas-corporaciones\/#respond\"]}]},{\"@type\":\"WebPage\",\"@id\":\"https:\/\/www.nexoinformativo.mx\/index.php\/2024\/10\/24\/fgr-queretaro-realiza-simulacro-de-seguridad-con-apoyo-de-diversas-corporaciones\/\",\"url\":\"https:\/\/www.nexoinformativo.mx\/index.php\/2024\/10\/24\/fgr-queretaro-realiza-simulacro-de-seguridad-con-apoyo-de-diversas-corporaciones\/\",\"name\":\"FGR Quer\u00e9taro realiza simulacro de seguridad con apoyo de diversas corporaciones | Nexo Informativo Santiago de Quer\u00e9taro\",\"isPartOf\":{\"@id\":\"https:\/\/www.nexoinformativo.mx\/#website\"},\"primaryImageOfPage\":{\"@id\":\"https:\/\/www.nexoinformativo.mx\/index.php\/2024\/10\/24\/fgr-queretaro-realiza-simulacro-de-seguridad-con-apoyo-de-diversas-corporaciones\/#primaryimage\"},\"image\":{\"@id\":\"https:\/\/www.nexoinformativo.mx\/index.php\/2024\/10\/24\/fgr-queretaro-realiza-simulacro-de-seguridad-con-apoyo-de-diversas-corporaciones\/#primaryimage\"},\"thumbnailUrl\":\"https:\/\/www.nexoinformativo.mx\/wp-content\/uploads\/2024\/10\/PHOTO-2024-10-24-12-00-07-e1729797543227.jpg\",\"datePublished\":\"2024-10-24T16:30:12+00:00\",\"dateModified\":\"2024-10-24T19:19:40+00:00\",\"description\":\"FGR Quer\u00e9taro realiza simulacro de seguridad con apoyo de diversas corporaciones\",\"breadcrumb\":{\"@id\":\"https:\/\/www.nexoinformativo.mx\/index.php\/2024\/10\/24\/fgr-queretaro-realiza-simulacro-de-seguridad-con-apoyo-de-diversas-corporaciones\/#breadcrumb\"},\"inLanguage\":\"es\",\"potentialAction\":[{\"@type\":\"ReadAction\",\"target\":[\"https:\/\/www.nexoinformativo.mx\/index.php\/2024\/10\/24\/fgr-queretaro-realiza-simulacro-de-seguridad-con-apoyo-de-diversas-corporaciones\/\"]}]},{\"@type\":\"ImageObject\",\"inLanguage\":\"es\",\"@id\":\"https:\/\/www.nexoinformativo.mx\/index.php\/2024\/10\/24\/fgr-queretaro-realiza-simulacro-de-seguridad-con-apoyo-de-diversas-corporaciones\/#primaryimage\",\"url\":\"https:\/\/www.nexoinformativo.mx\/wp-content\/uploads\/2024\/10\/PHOTO-2024-10-24-12-00-07-e1729797543227.jpg\",\"contentUrl\":\"https:\/\/www.nexoinformativo.mx\/wp-content\/uploads\/2024\/10\/PHOTO-2024-10-24-12-00-07-e1729797543227.jpg\",\"width\":800,\"height\":1000},{\"@type\":\"BreadcrumbList\",\"@id\":\"https:\/\/www.nexoinformativo.mx\/index.php\/2024\/10\/24\/fgr-queretaro-realiza-simulacro-de-seguridad-con-apoyo-de-diversas-corporaciones\/#breadcrumb\",\"itemListElement\":[{\"@type\":\"ListItem\",\"position\":1,\"name\":\"Inicio\",\"item\":\"https:\/\/www.nexoinformativo.mx\/\"},{\"@type\":\"ListItem\",\"position\":2,\"name\":\"FGR Quer\u00e9taro realiza simulacro de seguridad con apoyo de diversas corporaciones\"}]},{\"@type\":\"WebSite\",\"@id\":\"https:\/\/www.nexoinformativo.mx\/#website\",\"url\":\"https:\/\/www.nexoinformativo.mx\/\",\"name\":\"Nexo Informativo Santiago de Quer\u00e9taro\",\"description\":\"Explora NexoInformativo y convi\u00e9rtete en parte de una comunidad que valora el conocimiento y la verdad. Tu nexoinformativo es tu puente hacia una comprensi\u00f3n m\u00e1s profunda del mundo que te rodea.\",\"publisher\":{\"@id\":\"https:\/\/www.nexoinformativo.mx\/#organization\"},\"potentialAction\":[{\"@type\":\"SearchAction\",\"target\":{\"@type\":\"EntryPoint\",\"urlTemplate\":\"https:\/\/www.nexoinformativo.mx\/?s={search_term_string}\"},\"query-input\":{\"@type\":\"PropertyValueSpecification\",\"valueRequired\":true,\"valueName\":\"search_term_string\"}}],\"inLanguage\":\"es\"},{\"@type\":\"Organization\",\"@id\":\"https:\/\/www.nexoinformativo.mx\/#organization\",\"name\":\"Nexo Informativo Santiago de Quer\u00e9taro\",\"url\":\"https:\/\/www.nexoinformativo.mx\/\",\"logo\":{\"@type\":\"ImageObject\",\"inLanguage\":\"es\",\"@id\":\"https:\/\/www.nexoinformativo.mx\/#\/schema\/logo\/image\/\",\"url\":\"https:\/\/www.nexoinformativo.mx\/wp-content\/uploads\/2024\/07\/nexoi-trasparente-2.png\",\"contentUrl\":\"https:\/\/www.nexoinformativo.mx\/wp-content\/uploads\/2024\/07\/nexoi-trasparente-2.png\",\"width\":816,\"height\":339,\"caption\":\"Nexo Informativo Santiago de Quer\u00e9taro\"},\"image\":{\"@id\":\"https:\/\/www.nexoinformativo.mx\/#\/schema\/logo\/image\/\"},\"sameAs\":[\"https:\/\/www.facebook.com\/people\/Nexo-Informativo\/61564066885511\/\"]},{\"@type\":\"Person\",\"@id\":\"https:\/\/www.nexoinformativo.mx\/#\/schema\/person\/7749d380ba08c8ca00d7bc76fd907b7d\",\"name\":\"Nexo Informativo\",\"image\":{\"@type\":\"ImageObject\",\"inLanguage\":\"es\",\"@id\":\"https:\/\/www.nexoinformativo.mx\/#\/schema\/person\/image\/\",\"url\":\"https:\/\/secure.gravatar.com\/avatar\/dde2928154642a13d95f87ddf1ea9718fe2b46760a005c53e41ff5ad610704e6?s=96&d=mm&r=g\",\"contentUrl\":\"https:\/\/secure.gravatar.com\/avatar\/dde2928154642a13d95f87ddf1ea9718fe2b46760a005c53e41ff5ad610704e6?s=96&d=mm&r=g\",\"caption\":\"Nexo Informativo\"},\"url\":\"https:\/\/www.nexoinformativo.mx\/index.php\/author\/edicion\/\"}]}<\/script>\n<!-- \/ Yoast SEO plugin. -->","yoast_head_json":{"title":"FGR Quer\u00e9taro realiza simulacro de seguridad con apoyo de diversas corporaciones | Nexo Informativo Santiago de Quer\u00e9taro","description":"FGR Quer\u00e9taro realiza simulacro de seguridad con apoyo de diversas corporaciones","robots":{"index":"index","follow":"follow","max-snippet":"max-snippet:-1","max-image-preview":"max-image-preview:large","max-video-preview":"max-video-preview:-1"},"canonical":"https:\/\/www.nexoinformativo.mx\/index.php\/2024\/10\/24\/fgr-queretaro-realiza-simulacro-de-seguridad-con-apoyo-de-diversas-corporaciones\/","og_locale":"es_MX","og_type":"article","og_title":"FGR Quer\u00e9taro realiza simulacro de seguridad con apoyo de diversas corporaciones | Nexo Informativo Santiago de Quer\u00e9taro","og_description":"FGR Quer\u00e9taro realiza simulacro de seguridad con apoyo de diversas corporaciones","og_url":"https:\/\/www.nexoinformativo.mx\/index.php\/2024\/10\/24\/fgr-queretaro-realiza-simulacro-de-seguridad-con-apoyo-de-diversas-corporaciones\/","og_site_name":"Nexo Informativo Santiago de Quer\u00e9taro","article_publisher":"https:\/\/www.facebook.com\/people\/Nexo-Informativo\/61564066885511\/","article_published_time":"2024-10-24T16:30:12+00:00","article_modified_time":"2024-10-24T19:19:40+00:00","og_image":[{"width":800,"height":1000,"url":"https:\/\/www.nexoinformativo.mx\/wp-content\/uploads\/2024\/10\/PHOTO-2024-10-24-12-00-07-e1729797543227.jpg","type":"image\/jpeg"}],"author":"Nexo Informativo","twitter_card":"summary_large_image","twitter_misc":{"Escrito por":"Nexo Informativo","Tiempo de lectura":"2 minutos"},"schema":{"@context":"https:\/\/schema.org","@graph":[{"@type":"Article","@id":"https:\/\/www.nexoinformativo.mx\/index.php\/2024\/10\/24\/fgr-queretaro-realiza-simulacro-de-seguridad-con-apoyo-de-diversas-corporaciones\/#article","isPartOf":{"@id":"https:\/\/www.nexoinformativo.mx\/index.php\/2024\/10\/24\/fgr-queretaro-realiza-simulacro-de-seguridad-con-apoyo-de-diversas-corporaciones\/"},"author":{"name":"Nexo Informativo","@id":"https:\/\/www.nexoinformativo.mx\/#\/schema\/person\/7749d380ba08c8ca00d7bc76fd907b7d"},"headline":"FGR Quer\u00e9taro realiza simulacro de seguridad con apoyo de diversas corporaciones","datePublished":"2024-10-24T16:30:12+00:00","dateModified":"2024-10-24T19:19:40+00:00","mainEntityOfPage":{"@id":"https:\/\/www.nexoinformativo.mx\/index.php\/2024\/10\/24\/fgr-queretaro-realiza-simulacro-de-seguridad-con-apoyo-de-diversas-corporaciones\/"},"wordCount":211,"commentCount":0,"publisher":{"@id":"https:\/\/www.nexoinformativo.mx\/#organization"},"image":{"@id":"https:\/\/www.nexoinformativo.mx\/index.php\/2024\/10\/24\/fgr-queretaro-realiza-simulacro-de-seguridad-con-apoyo-de-diversas-corporaciones\/#primaryimage"},"thumbnailUrl":"https:\/\/www.nexoinformativo.mx\/wp-content\/uploads\/2024\/10\/PHOTO-2024-10-24-12-00-07-e1729797543227.jpg","keywords":["Emergencias","FGRQuer\u00e9taro","proteccioncivil","SimulacroSeguridad"],"articleSection":["Municipios","\u00daltima Hora"],"inLanguage":"es","potentialAction":[{"@type":"CommentAction","name":"Comment","target":["https:\/\/www.nexoinformativo.mx\/index.php\/2024\/10\/24\/fgr-queretaro-realiza-simulacro-de-seguridad-con-apoyo-de-diversas-corporaciones\/#respond"]}]},{"@type":"WebPage","@id":"https:\/\/www.nexoinformativo.mx\/index.php\/2024\/10\/24\/fgr-queretaro-realiza-simulacro-de-seguridad-con-apoyo-de-diversas-corporaciones\/","url":"https:\/\/www.nexoinformativo.mx\/index.php\/2024\/10\/24\/fgr-queretaro-realiza-simulacro-de-seguridad-con-apoyo-de-diversas-corporaciones\/","name":"FGR Quer\u00e9taro realiza simulacro de seguridad con apoyo de diversas corporaciones | Nexo Informativo Santiago de Quer\u00e9taro","isPartOf":{"@id":"https:\/\/www.nexoinformativo.mx\/#website"},"primaryImageOfPage":{"@id":"https:\/\/www.nexoinformativo.mx\/index.php\/2024\/10\/24\/fgr-queretaro-realiza-simulacro-de-seguridad-con-apoyo-de-diversas-corporaciones\/#primaryimage"},"image":{"@id":"https:\/\/www.nexoinformativo.mx\/index.php\/2024\/10\/24\/fgr-queretaro-realiza-simulacro-de-seguridad-con-apoyo-de-diversas-corporaciones\/#primaryimage"},"thumbnailUrl":"https:\/\/www.nexoinformativo.mx\/wp-content\/uploads\/2024\/10\/PHOTO-2024-10-24-12-00-07-e1729797543227.jpg","datePublished":"2024-10-24T16:30:12+00:00","dateModified":"2024-10-24T19:19:40+00:00","description":"FGR Quer\u00e9taro realiza simulacro de seguridad con apoyo de diversas corporaciones","breadcrumb":{"@id":"https:\/\/www.nexoinformativo.mx\/index.php\/2024\/10\/24\/fgr-queretaro-realiza-simulacro-de-seguridad-con-apoyo-de-diversas-corporaciones\/#breadcrumb"},"inLanguage":"es","potentialAction":[{"@type":"ReadAction","target":["https:\/\/www.nexoinformativo.mx\/index.php\/2024\/10\/24\/fgr-queretaro-realiza-simulacro-de-seguridad-con-apoyo-de-diversas-corporaciones\/"]}]},{"@type":"ImageObject","inLanguage":"es","@id":"https:\/\/www.nexoinformativo.mx\/index.php\/2024\/10\/24\/fgr-queretaro-realiza-simulacro-de-seguridad-con-apoyo-de-diversas-corporaciones\/#primaryimage","url":"https:\/\/www.nexoinformativo.mx\/wp-content\/uploads\/2024\/10\/PHOTO-2024-10-24-12-00-07-e1729797543227.jpg","contentUrl":"https:\/\/www.nexoinformativo.mx\/wp-content\/uploads\/2024\/10\/PHOTO-2024-10-24-12-00-07-e1729797543227.jpg","width":800,"height":1000},{"@type":"BreadcrumbList","@id":"https:\/\/www.nexoinformativo.mx\/index.php\/2024\/10\/24\/fgr-queretaro-realiza-simulacro-de-seguridad-con-apoyo-de-diversas-corporaciones\/#breadcrumb","itemListElement":[{"@type":"ListItem","position":1,"name":"Inicio","item":"https:\/\/www.nexoinformativo.mx\/"},{"@type":"ListItem","position":2,"name":"FGR Quer\u00e9taro realiza simulacro de seguridad con apoyo de diversas corporaciones"}]},{"@type":"WebSite","@id":"https:\/\/www.nexoinformativo.mx\/#website","url":"https:\/\/www.nexoinformativo.mx\/","name":"Nexo Informativo Santiago de Quer\u00e9taro","description":"Explora NexoInformativo y convi\u00e9rtete en parte de una comunidad que valora el conocimiento y la verdad. Tu nexoinformativo es tu puente hacia una comprensi\u00f3n m\u00e1s profunda del mundo que te rodea.","publisher":{"@id":"https:\/\/www.nexoinformativo.mx\/#organization"},"potentialAction":[{"@type":"SearchAction","target":{"@type":"EntryPoint","urlTemplate":"https:\/\/www.nexoinformativo.mx\/?s={search_term_string}"},"query-input":{"@type":"PropertyValueSpecification","valueRequired":true,"valueName":"search_term_string"}}],"inLanguage":"es"},{"@type":"Organization","@id":"https:\/\/www.nexoinformativo.mx\/#organization","name":"Nexo Informativo Santiago de Quer\u00e9taro","url":"https:\/\/www.nexoinformativo.mx\/","logo":{"@type":"ImageObject","inLanguage":"es","@id":"https:\/\/www.nexoinformativo.mx\/#\/schema\/logo\/image\/","url":"https:\/\/www.nexoinformativo.mx\/wp-content\/uploads\/2024\/07\/nexoi-trasparente-2.png","contentUrl":"https:\/\/www.nexoinformativo.mx\/wp-content\/uploads\/2024\/07\/nexoi-trasparente-2.png","width":816,"height":339,"caption":"Nexo Informativo Santiago de Quer\u00e9taro"},"image":{"@id":"https:\/\/www.nexoinformativo.mx\/#\/schema\/logo\/image\/"},"sameAs":["https:\/\/www.facebook.com\/people\/Nexo-Informativo\/61564066885511\/"]},{"@type":"Person","@id":"https:\/\/www.nexoinformativo.mx\/#\/schema\/person\/7749d380ba08c8ca00d7bc76fd907b7d","name":"Nexo Informativo","image":{"@type":"ImageObject","inLanguage":"es","@id":"https:\/\/www.nexoinformativo.mx\/#\/schema\/person\/image\/","url":"https:\/\/secure.gravatar.com\/avatar\/dde2928154642a13d95f87ddf1ea9718fe2b46760a005c53e41ff5ad610704e6?s=96&d=mm&r=g","contentUrl":"https:\/\/secure.gravatar.com\/avatar\/dde2928154642a13d95f87ddf1ea9718fe2b46760a005c53e41ff5ad610704e6?s=96&d=mm&r=g","caption":"Nexo Informativo"},"url":"https:\/\/www.nexoinformativo.mx\/index.php\/author\/edicion\/"}]}},"_links":{"self":[{"href":"https:\/\/www.nexoinformativo.mx\/index.php\/wp-json\/wp\/v2\/posts\/4403","targetHints":{"allow":["GET"]}}],"collection":[{"href":"https:\/\/www.nexoinformativo.mx\/index.php\/wp-json\/wp\/v2\/posts"}],"about":[{"href":"https:\/\/www.nexoinformativo.mx\/index.php\/wp-json\/wp\/v2\/types\/post"}],"author":[{"embeddable":true,"href":"https:\/\/www.nexoinformativo.mx\/index.php\/wp-json\/wp\/v2\/users\/3"}],"replies":[{"embeddable":true,"href":"https:\/\/www.nexoinformativo.mx\/index.php\/wp-json\/wp\/v2\/comments?post=4403"}],"version-history":[{"count":2,"href":"https:\/\/www.nexoinformativo.mx\/index.php\/wp-json\/wp\/v2\/posts\/4403\/revisions"}],"predecessor-version":[{"id":4406,"href":"https:\/\/www.nexoinformativo.mx\/index.php\/wp-json\/wp\/v2\/posts\/4403\/revisions\/4406"}],"wp:featuredmedia":[{"embeddable":true,"href":"https:\/\/www.nexoinformativo.mx\/index.php\/wp-json\/wp\/v2\/media\/4424"}],"wp:attachment":[{"href":"https:\/\/www.nexoinformativo.mx\/index.php\/wp-json\/wp\/v2\/media?parent=4403"}],"wp:term":[{"taxonomy":"category","embeddable":true,"href":"https:\/\/www.nexoinformativo.mx\/index.php\/wp-json\/wp\/v2\/categories?post=4403"},{"taxonomy":"post_tag","embeddable":true,"href":"https:\/\/www.nexoinformativo.mx\/index.php\/wp-json\/wp\/v2\/tags?post=4403"}],"curies":[{"name":"wp","href":"https:\/\/api.w.org\/{rel}","templated":true}]}}