{"id":4407,"date":"2024-10-24T11:00:15","date_gmt":"2024-10-24T17:00:15","guid":{"rendered":"https:\/\/www.nexoinformativo.mx\/?p=4407"},"modified":"2024-10-24T12:21:56","modified_gmt":"2024-10-24T18:21:56","slug":"buenas-noticias-para-los-usuarios-del-transporte-publico-en-queretaro-a-partir-de-noviembre-podras-pagar-con-tarjeta-en-todas-las-rutas-principales","status":"publish","type":"post","link":"https:\/\/www.nexoinformativo.mx\/index.php\/2024\/10\/24\/buenas-noticias-para-los-usuarios-del-transporte-publico-en-queretaro-a-partir-de-noviembre-podras-pagar-con-tarjeta-en-todas-las-rutas-principales\/","title":{"rendered":"\u00a1Buenas noticias para los usuarios del transporte p\u00fablico en Quer\u00e9taro! A partir de noviembre, podr\u00e1s pagar con tarjeta en todas las rutas principales"},"content":{"rendered":"<p style=\"text-align: justify;\" data-sourcepos=\"7:1-7:429\">A partir de la primera semana de noviembre, los usuarios del transporte p\u00fablico de Quer\u00e9taro podr\u00e1n disfrutar de una mayor comodidad y agilidad al pagar su pasaje. El director de la Agencia de Movilidad del Estado de Quer\u00e9taro <strong>(AMEQ)<\/strong>, Gerardo Cuanalo, anunci\u00f3 que todas las rutas principales del sistema de transporte p\u00fablico colectivo de la zona urbana ya podr\u00e1n recibir pagos con tarjetas bancarias.<\/p>\n<p>&nbsp;<\/p>\n<p style=\"text-align: justify;\" data-sourcepos=\"9:1-9:325\">Esta medida representa un avance significativo en la modernizaci\u00f3n del transporte p\u00fablico en la entidad, ya que permitir\u00e1 a los usuarios evitar el manejo de efectivo y agilizar el acceso a las unidades. Adem\u00e1s, se espera que este sistema contribuya a una mayor transparencia en la recaudaci\u00f3n de los ingresos por el servicio.<\/p>\n<p>&nbsp;<\/p>\n<p style=\"text-align: justify;\" data-sourcepos=\"11:1-11:209\"><strong>&#8220;La intenci\u00f3n es seguir ampliando lo m\u00e1s que se pueda esta opci\u00f3n de pago para que a finales del a\u00f1o se tenga todo el sistema integrado al pago con tarjetas bancarias&#8221;<\/strong>, afirm\u00f3 el funcionario estatal.<\/p>\n<p>&nbsp;<\/p>\n<p style=\"text-align: justify;\" data-sourcepos=\"15:1-15:392\">El sistema de pago con tarjetas bancarias en el transporte p\u00fablico de Quer\u00e9taro ha sido implementado de manera gradual, iniciando en las estaciones de Paseo 5 de Febrero y extendi\u00e9ndose posteriormente a otras rutas y estaciones. A pesar de algunos retrasos iniciales en la aplicaci\u00f3n de los cargos, el sistema ha funcionado de manera eficiente y los usuarios han mostrado una gran aceptaci\u00f3n.<\/p>\n<p>&nbsp;<\/p>\n<p style=\"text-align: justify;\" data-sourcepos=\"26:1-26:294\">La AMEQ continuar\u00e1 trabajando para ampliar la cobertura del sistema de pago con tarjetas bancarias y ofrecer a los usuarios una experiencia de viaje cada vez m\u00e1s c\u00f3moda y eficiente. Se espera que a finales de a\u00f1o todo el sistema de transporte p\u00fablico est\u00e9 integrado a este nuevo m\u00e9todo de pago.<\/p>\n<p>&nbsp;<\/p>\n<p style=\"text-align: center;\" data-sourcepos=\"26:1-26:294\"><strong><em>\u00a1Informaci\u00f3n que transforma!<\/em><\/strong><\/p>\n","protected":false},"excerpt":{"rendered":"<p>A partir de la primera semana de noviembre, los usuarios del transporte p\u00fablico de Quer\u00e9taro podr\u00e1n disfrutar de una mayor comodidad y agilidad al pagar su pasaje.<\/p>\n","protected":false},"author":3,"featured_media":4410,"comment_status":"open","ping_status":"open","sticky":false,"template":"","format":"standard","meta":{"footnotes":""},"categories":[65,58,1],"tags":[359,133,1615,596],"class_list":["post-4407","post","type-post","status-publish","format-standard","has-post-thumbnail","hentry","category-municipios","category-ultima-hora","category-uncategorized","tag-qrobus","tag-queretaro","tag-tarjetabancaria","tag-transportepublico"],"yoast_head":"<!-- This site is optimized with the Yoast SEO plugin v25.0 - https:\/\/yoast.com\/wordpress\/plugins\/seo\/ -->\n<title>\u00a1Buenas noticias para los usuarios del transporte p\u00fablico en Quer\u00e9taro! A partir de noviembre, podr\u00e1s pagar con tarjeta en todas las rutas principales | Nexo Informativo Santiago de Quer\u00e9taro<\/title>\n<meta name=\"description\" content=\"\u00a1Buenas noticias para los usuarios del transporte p\u00fablico en Quer\u00e9taro! A partir de noviembre, podr\u00e1s pagar con tarjeta en todas las rutas troncales\" \/>\n<meta name=\"robots\" content=\"index, follow, max-snippet:-1, max-image-preview:large, max-video-preview:-1\" \/>\n<link rel=\"canonical\" href=\"https:\/\/www.nexoinformativo.mx\/index.php\/2024\/10\/24\/buenas-noticias-para-los-usuarios-del-transporte-publico-en-queretaro-a-partir-de-noviembre-podras-pagar-con-tarjeta-en-todas-las-rutas-principales\/\" \/>\n<meta property=\"og:locale\" content=\"es_MX\" \/>\n<meta property=\"og:type\" content=\"article\" \/>\n<meta property=\"og:title\" content=\"\u00a1Buenas noticias para los usuarios del transporte p\u00fablico en Quer\u00e9taro! A partir de noviembre, podr\u00e1s pagar con tarjeta en todas las rutas principales | Nexo Informativo Santiago de Quer\u00e9taro\" \/>\n<meta property=\"og:description\" content=\"\u00a1Buenas noticias para los usuarios del transporte p\u00fablico en Quer\u00e9taro! A partir de noviembre, podr\u00e1s pagar con tarjeta en todas las rutas troncales\" \/>\n<meta property=\"og:url\" content=\"https:\/\/www.nexoinformativo.mx\/index.php\/2024\/10\/24\/buenas-noticias-para-los-usuarios-del-transporte-publico-en-queretaro-a-partir-de-noviembre-podras-pagar-con-tarjeta-en-todas-las-rutas-principales\/\" \/>\n<meta property=\"og:site_name\" content=\"Nexo Informativo Santiago de Quer\u00e9taro\" \/>\n<meta property=\"article:publisher\" content=\"https:\/\/www.facebook.com\/people\/Nexo-Informativo\/61564066885511\/\" \/>\n<meta property=\"article:published_time\" content=\"2024-10-24T17:00:15+00:00\" \/>\n<meta property=\"article:modified_time\" content=\"2024-10-24T18:21:56+00:00\" \/>\n<meta property=\"og:image\" content=\"https:\/\/www.nexoinformativo.mx\/wp-content\/uploads\/2024\/10\/PHOTO-2024-10-24-12-02-18-e1729793965674.jpg\" \/>\n\t<meta property=\"og:image:width\" content=\"800\" \/>\n\t<meta property=\"og:image:height\" content=\"533\" \/>\n\t<meta property=\"og:image:type\" content=\"image\/jpeg\" \/>\n<meta name=\"author\" content=\"Nexo Informativo\" \/>\n<meta name=\"twitter:card\" content=\"summary_large_image\" \/>\n<meta name=\"twitter:label1\" content=\"Escrito por\" \/>\n\t<meta name=\"twitter:data1\" content=\"Nexo Informativo\" \/>\n\t<meta name=\"twitter:label2\" content=\"Tiempo de lectura\" \/>\n\t<meta name=\"twitter:data2\" content=\"2 minutos\" \/>\n<script type=\"application\/ld+json\" class=\"yoast-schema-graph\">{\"@context\":\"https:\/\/schema.org\",\"@graph\":[{\"@type\":\"Article\",\"@id\":\"https:\/\/www.nexoinformativo.mx\/index.php\/2024\/10\/24\/buenas-noticias-para-los-usuarios-del-transporte-publico-en-queretaro-a-partir-de-noviembre-podras-pagar-con-tarjeta-en-todas-las-rutas-principales\/#article\",\"isPartOf\":{\"@id\":\"https:\/\/www.nexoinformativo.mx\/index.php\/2024\/10\/24\/buenas-noticias-para-los-usuarios-del-transporte-publico-en-queretaro-a-partir-de-noviembre-podras-pagar-con-tarjeta-en-todas-las-rutas-principales\/\"},\"author\":{\"name\":\"Nexo Informativo\",\"@id\":\"https:\/\/www.nexoinformativo.mx\/#\/schema\/person\/7749d380ba08c8ca00d7bc76fd907b7d\"},\"headline\":\"\u00a1Buenas noticias para los usuarios del transporte p\u00fablico en Quer\u00e9taro! A partir de noviembre, podr\u00e1s pagar con tarjeta en todas las rutas principales\",\"datePublished\":\"2024-10-24T17:00:15+00:00\",\"dateModified\":\"2024-10-24T18:21:56+00:00\",\"mainEntityOfPage\":{\"@id\":\"https:\/\/www.nexoinformativo.mx\/index.php\/2024\/10\/24\/buenas-noticias-para-los-usuarios-del-transporte-publico-en-queretaro-a-partir-de-noviembre-podras-pagar-con-tarjeta-en-todas-las-rutas-principales\/\"},\"wordCount\":324,\"commentCount\":0,\"publisher\":{\"@id\":\"https:\/\/www.nexoinformativo.mx\/#organization\"},\"image\":{\"@id\":\"https:\/\/www.nexoinformativo.mx\/index.php\/2024\/10\/24\/buenas-noticias-para-los-usuarios-del-transporte-publico-en-queretaro-a-partir-de-noviembre-podras-pagar-con-tarjeta-en-todas-las-rutas-principales\/#primaryimage\"},\"thumbnailUrl\":\"https:\/\/www.nexoinformativo.mx\/wp-content\/uploads\/2024\/10\/PHOTO-2024-10-24-12-02-18-e1729793965674.jpg\",\"keywords\":[\"QroB\u00fas\",\"Quer\u00e9taro\",\"TarjetaBancaria\",\"TransporteP\u00fablico\"],\"articleSection\":[\"Municipios\",\"\u00daltima Hora\",\"Uncategorized\"],\"inLanguage\":\"es\",\"potentialAction\":[{\"@type\":\"CommentAction\",\"name\":\"Comment\",\"target\":[\"https:\/\/www.nexoinformativo.mx\/index.php\/2024\/10\/24\/buenas-noticias-para-los-usuarios-del-transporte-publico-en-queretaro-a-partir-de-noviembre-podras-pagar-con-tarjeta-en-todas-las-rutas-principales\/#respond\"]}]},{\"@type\":\"WebPage\",\"@id\":\"https:\/\/www.nexoinformativo.mx\/index.php\/2024\/10\/24\/buenas-noticias-para-los-usuarios-del-transporte-publico-en-queretaro-a-partir-de-noviembre-podras-pagar-con-tarjeta-en-todas-las-rutas-principales\/\",\"url\":\"https:\/\/www.nexoinformativo.mx\/index.php\/2024\/10\/24\/buenas-noticias-para-los-usuarios-del-transporte-publico-en-queretaro-a-partir-de-noviembre-podras-pagar-con-tarjeta-en-todas-las-rutas-principales\/\",\"name\":\"\u00a1Buenas noticias para los usuarios del transporte p\u00fablico en Quer\u00e9taro! A partir de noviembre, podr\u00e1s pagar con tarjeta en todas las rutas principales | Nexo Informativo Santiago de Quer\u00e9taro\",\"isPartOf\":{\"@id\":\"https:\/\/www.nexoinformativo.mx\/#website\"},\"primaryImageOfPage\":{\"@id\":\"https:\/\/www.nexoinformativo.mx\/index.php\/2024\/10\/24\/buenas-noticias-para-los-usuarios-del-transporte-publico-en-queretaro-a-partir-de-noviembre-podras-pagar-con-tarjeta-en-todas-las-rutas-principales\/#primaryimage\"},\"image\":{\"@id\":\"https:\/\/www.nexoinformativo.mx\/index.php\/2024\/10\/24\/buenas-noticias-para-los-usuarios-del-transporte-publico-en-queretaro-a-partir-de-noviembre-podras-pagar-con-tarjeta-en-todas-las-rutas-principales\/#primaryimage\"},\"thumbnailUrl\":\"https:\/\/www.nexoinformativo.mx\/wp-content\/uploads\/2024\/10\/PHOTO-2024-10-24-12-02-18-e1729793965674.jpg\",\"datePublished\":\"2024-10-24T17:00:15+00:00\",\"dateModified\":\"2024-10-24T18:21:56+00:00\",\"description\":\"\u00a1Buenas noticias para los usuarios del transporte p\u00fablico en Quer\u00e9taro! A partir de noviembre, podr\u00e1s pagar con tarjeta en todas las rutas troncales\",\"breadcrumb\":{\"@id\":\"https:\/\/www.nexoinformativo.mx\/index.php\/2024\/10\/24\/buenas-noticias-para-los-usuarios-del-transporte-publico-en-queretaro-a-partir-de-noviembre-podras-pagar-con-tarjeta-en-todas-las-rutas-principales\/#breadcrumb\"},\"inLanguage\":\"es\",\"potentialAction\":[{\"@type\":\"ReadAction\",\"target\":[\"https:\/\/www.nexoinformativo.mx\/index.php\/2024\/10\/24\/buenas-noticias-para-los-usuarios-del-transporte-publico-en-queretaro-a-partir-de-noviembre-podras-pagar-con-tarjeta-en-todas-las-rutas-principales\/\"]}]},{\"@type\":\"ImageObject\",\"inLanguage\":\"es\",\"@id\":\"https:\/\/www.nexoinformativo.mx\/index.php\/2024\/10\/24\/buenas-noticias-para-los-usuarios-del-transporte-publico-en-queretaro-a-partir-de-noviembre-podras-pagar-con-tarjeta-en-todas-las-rutas-principales\/#primaryimage\",\"url\":\"https:\/\/www.nexoinformativo.mx\/wp-content\/uploads\/2024\/10\/PHOTO-2024-10-24-12-02-18-e1729793965674.jpg\",\"contentUrl\":\"https:\/\/www.nexoinformativo.mx\/wp-content\/uploads\/2024\/10\/PHOTO-2024-10-24-12-02-18-e1729793965674.jpg\",\"width\":800,\"height\":533},{\"@type\":\"BreadcrumbList\",\"@id\":\"https:\/\/www.nexoinformativo.mx\/index.php\/2024\/10\/24\/buenas-noticias-para-los-usuarios-del-transporte-publico-en-queretaro-a-partir-de-noviembre-podras-pagar-con-tarjeta-en-todas-las-rutas-principales\/#breadcrumb\",\"itemListElement\":[{\"@type\":\"ListItem\",\"position\":1,\"name\":\"Inicio\",\"item\":\"https:\/\/www.nexoinformativo.mx\/\"},{\"@type\":\"ListItem\",\"position\":2,\"name\":\"\u00a1Buenas noticias para los usuarios del transporte p\u00fablico en Quer\u00e9taro! A partir de noviembre, podr\u00e1s pagar con tarjeta en todas las rutas principales\"}]},{\"@type\":\"WebSite\",\"@id\":\"https:\/\/www.nexoinformativo.mx\/#website\",\"url\":\"https:\/\/www.nexoinformativo.mx\/\",\"name\":\"Nexo Informativo Santiago de Quer\u00e9taro\",\"description\":\"Explora NexoInformativo y convi\u00e9rtete en parte de una comunidad que valora el conocimiento y la verdad. Tu nexoinformativo es tu puente hacia una comprensi\u00f3n m\u00e1s profunda del mundo que te rodea.\",\"publisher\":{\"@id\":\"https:\/\/www.nexoinformativo.mx\/#organization\"},\"potentialAction\":[{\"@type\":\"SearchAction\",\"target\":{\"@type\":\"EntryPoint\",\"urlTemplate\":\"https:\/\/www.nexoinformativo.mx\/?s={search_term_string}\"},\"query-input\":{\"@type\":\"PropertyValueSpecification\",\"valueRequired\":true,\"valueName\":\"search_term_string\"}}],\"inLanguage\":\"es\"},{\"@type\":\"Organization\",\"@id\":\"https:\/\/www.nexoinformativo.mx\/#organization\",\"name\":\"Nexo Informativo Santiago de Quer\u00e9taro\",\"url\":\"https:\/\/www.nexoinformativo.mx\/\",\"logo\":{\"@type\":\"ImageObject\",\"inLanguage\":\"es\",\"@id\":\"https:\/\/www.nexoinformativo.mx\/#\/schema\/logo\/image\/\",\"url\":\"https:\/\/www.nexoinformativo.mx\/wp-content\/uploads\/2024\/07\/nexoi-trasparente-2.png\",\"contentUrl\":\"https:\/\/www.nexoinformativo.mx\/wp-content\/uploads\/2024\/07\/nexoi-trasparente-2.png\",\"width\":816,\"height\":339,\"caption\":\"Nexo Informativo Santiago de Quer\u00e9taro\"},\"image\":{\"@id\":\"https:\/\/www.nexoinformativo.mx\/#\/schema\/logo\/image\/\"},\"sameAs\":[\"https:\/\/www.facebook.com\/people\/Nexo-Informativo\/61564066885511\/\"]},{\"@type\":\"Person\",\"@id\":\"https:\/\/www.nexoinformativo.mx\/#\/schema\/person\/7749d380ba08c8ca00d7bc76fd907b7d\",\"name\":\"Nexo Informativo\",\"image\":{\"@type\":\"ImageObject\",\"inLanguage\":\"es\",\"@id\":\"https:\/\/www.nexoinformativo.mx\/#\/schema\/person\/image\/\",\"url\":\"https:\/\/secure.gravatar.com\/avatar\/dde2928154642a13d95f87ddf1ea9718fe2b46760a005c53e41ff5ad610704e6?s=96&d=mm&r=g\",\"contentUrl\":\"https:\/\/secure.gravatar.com\/avatar\/dde2928154642a13d95f87ddf1ea9718fe2b46760a005c53e41ff5ad610704e6?s=96&d=mm&r=g\",\"caption\":\"Nexo Informativo\"},\"url\":\"https:\/\/www.nexoinformativo.mx\/index.php\/author\/edicion\/\"}]}<\/script>\n<!-- \/ Yoast SEO plugin. -->","yoast_head_json":{"title":"\u00a1Buenas noticias para los usuarios del transporte p\u00fablico en Quer\u00e9taro! A partir de noviembre, podr\u00e1s pagar con tarjeta en todas las rutas principales | Nexo Informativo Santiago de Quer\u00e9taro","description":"\u00a1Buenas noticias para los usuarios del transporte p\u00fablico en Quer\u00e9taro! A partir de noviembre, podr\u00e1s pagar con tarjeta en todas las rutas troncales","robots":{"index":"index","follow":"follow","max-snippet":"max-snippet:-1","max-image-preview":"max-image-preview:large","max-video-preview":"max-video-preview:-1"},"canonical":"https:\/\/www.nexoinformativo.mx\/index.php\/2024\/10\/24\/buenas-noticias-para-los-usuarios-del-transporte-publico-en-queretaro-a-partir-de-noviembre-podras-pagar-con-tarjeta-en-todas-las-rutas-principales\/","og_locale":"es_MX","og_type":"article","og_title":"\u00a1Buenas noticias para los usuarios del transporte p\u00fablico en Quer\u00e9taro! A partir de noviembre, podr\u00e1s pagar con tarjeta en todas las rutas principales | Nexo Informativo Santiago de Quer\u00e9taro","og_description":"\u00a1Buenas noticias para los usuarios del transporte p\u00fablico en Quer\u00e9taro! A partir de noviembre, podr\u00e1s pagar con tarjeta en todas las rutas troncales","og_url":"https:\/\/www.nexoinformativo.mx\/index.php\/2024\/10\/24\/buenas-noticias-para-los-usuarios-del-transporte-publico-en-queretaro-a-partir-de-noviembre-podras-pagar-con-tarjeta-en-todas-las-rutas-principales\/","og_site_name":"Nexo Informativo Santiago de Quer\u00e9taro","article_publisher":"https:\/\/www.facebook.com\/people\/Nexo-Informativo\/61564066885511\/","article_published_time":"2024-10-24T17:00:15+00:00","article_modified_time":"2024-10-24T18:21:56+00:00","og_image":[{"width":800,"height":533,"url":"https:\/\/www.nexoinformativo.mx\/wp-content\/uploads\/2024\/10\/PHOTO-2024-10-24-12-02-18-e1729793965674.jpg","type":"image\/jpeg"}],"author":"Nexo Informativo","twitter_card":"summary_large_image","twitter_misc":{"Escrito por":"Nexo Informativo","Tiempo de lectura":"2 minutos"},"schema":{"@context":"https:\/\/schema.org","@graph":[{"@type":"Article","@id":"https:\/\/www.nexoinformativo.mx\/index.php\/2024\/10\/24\/buenas-noticias-para-los-usuarios-del-transporte-publico-en-queretaro-a-partir-de-noviembre-podras-pagar-con-tarjeta-en-todas-las-rutas-principales\/#article","isPartOf":{"@id":"https:\/\/www.nexoinformativo.mx\/index.php\/2024\/10\/24\/buenas-noticias-para-los-usuarios-del-transporte-publico-en-queretaro-a-partir-de-noviembre-podras-pagar-con-tarjeta-en-todas-las-rutas-principales\/"},"author":{"name":"Nexo Informativo","@id":"https:\/\/www.nexoinformativo.mx\/#\/schema\/person\/7749d380ba08c8ca00d7bc76fd907b7d"},"headline":"\u00a1Buenas noticias para los usuarios del transporte p\u00fablico en Quer\u00e9taro! A partir de noviembre, podr\u00e1s pagar con tarjeta en todas las rutas principales","datePublished":"2024-10-24T17:00:15+00:00","dateModified":"2024-10-24T18:21:56+00:00","mainEntityOfPage":{"@id":"https:\/\/www.nexoinformativo.mx\/index.php\/2024\/10\/24\/buenas-noticias-para-los-usuarios-del-transporte-publico-en-queretaro-a-partir-de-noviembre-podras-pagar-con-tarjeta-en-todas-las-rutas-principales\/"},"wordCount":324,"commentCount":0,"publisher":{"@id":"https:\/\/www.nexoinformativo.mx\/#organization"},"image":{"@id":"https:\/\/www.nexoinformativo.mx\/index.php\/2024\/10\/24\/buenas-noticias-para-los-usuarios-del-transporte-publico-en-queretaro-a-partir-de-noviembre-podras-pagar-con-tarjeta-en-todas-las-rutas-principales\/#primaryimage"},"thumbnailUrl":"https:\/\/www.nexoinformativo.mx\/wp-content\/uploads\/2024\/10\/PHOTO-2024-10-24-12-02-18-e1729793965674.jpg","keywords":["QroB\u00fas","Quer\u00e9taro","TarjetaBancaria","TransporteP\u00fablico"],"articleSection":["Municipios","\u00daltima Hora","Uncategorized"],"inLanguage":"es","potentialAction":[{"@type":"CommentAction","name":"Comment","target":["https:\/\/www.nexoinformativo.mx\/index.php\/2024\/10\/24\/buenas-noticias-para-los-usuarios-del-transporte-publico-en-queretaro-a-partir-de-noviembre-podras-pagar-con-tarjeta-en-todas-las-rutas-principales\/#respond"]}]},{"@type":"WebPage","@id":"https:\/\/www.nexoinformativo.mx\/index.php\/2024\/10\/24\/buenas-noticias-para-los-usuarios-del-transporte-publico-en-queretaro-a-partir-de-noviembre-podras-pagar-con-tarjeta-en-todas-las-rutas-principales\/","url":"https:\/\/www.nexoinformativo.mx\/index.php\/2024\/10\/24\/buenas-noticias-para-los-usuarios-del-transporte-publico-en-queretaro-a-partir-de-noviembre-podras-pagar-con-tarjeta-en-todas-las-rutas-principales\/","name":"\u00a1Buenas noticias para los usuarios del transporte p\u00fablico en Quer\u00e9taro! A partir de noviembre, podr\u00e1s pagar con tarjeta en todas las rutas principales | Nexo Informativo Santiago de Quer\u00e9taro","isPartOf":{"@id":"https:\/\/www.nexoinformativo.mx\/#website"},"primaryImageOfPage":{"@id":"https:\/\/www.nexoinformativo.mx\/index.php\/2024\/10\/24\/buenas-noticias-para-los-usuarios-del-transporte-publico-en-queretaro-a-partir-de-noviembre-podras-pagar-con-tarjeta-en-todas-las-rutas-principales\/#primaryimage"},"image":{"@id":"https:\/\/www.nexoinformativo.mx\/index.php\/2024\/10\/24\/buenas-noticias-para-los-usuarios-del-transporte-publico-en-queretaro-a-partir-de-noviembre-podras-pagar-con-tarjeta-en-todas-las-rutas-principales\/#primaryimage"},"thumbnailUrl":"https:\/\/www.nexoinformativo.mx\/wp-content\/uploads\/2024\/10\/PHOTO-2024-10-24-12-02-18-e1729793965674.jpg","datePublished":"2024-10-24T17:00:15+00:00","dateModified":"2024-10-24T18:21:56+00:00","description":"\u00a1Buenas noticias para los usuarios del transporte p\u00fablico en Quer\u00e9taro! A partir de noviembre, podr\u00e1s pagar con tarjeta en todas las rutas troncales","breadcrumb":{"@id":"https:\/\/www.nexoinformativo.mx\/index.php\/2024\/10\/24\/buenas-noticias-para-los-usuarios-del-transporte-publico-en-queretaro-a-partir-de-noviembre-podras-pagar-con-tarjeta-en-todas-las-rutas-principales\/#breadcrumb"},"inLanguage":"es","potentialAction":[{"@type":"ReadAction","target":["https:\/\/www.nexoinformativo.mx\/index.php\/2024\/10\/24\/buenas-noticias-para-los-usuarios-del-transporte-publico-en-queretaro-a-partir-de-noviembre-podras-pagar-con-tarjeta-en-todas-las-rutas-principales\/"]}]},{"@type":"ImageObject","inLanguage":"es","@id":"https:\/\/www.nexoinformativo.mx\/index.php\/2024\/10\/24\/buenas-noticias-para-los-usuarios-del-transporte-publico-en-queretaro-a-partir-de-noviembre-podras-pagar-con-tarjeta-en-todas-las-rutas-principales\/#primaryimage","url":"https:\/\/www.nexoinformativo.mx\/wp-content\/uploads\/2024\/10\/PHOTO-2024-10-24-12-02-18-e1729793965674.jpg","contentUrl":"https:\/\/www.nexoinformativo.mx\/wp-content\/uploads\/2024\/10\/PHOTO-2024-10-24-12-02-18-e1729793965674.jpg","width":800,"height":533},{"@type":"BreadcrumbList","@id":"https:\/\/www.nexoinformativo.mx\/index.php\/2024\/10\/24\/buenas-noticias-para-los-usuarios-del-transporte-publico-en-queretaro-a-partir-de-noviembre-podras-pagar-con-tarjeta-en-todas-las-rutas-principales\/#breadcrumb","itemListElement":[{"@type":"ListItem","position":1,"name":"Inicio","item":"https:\/\/www.nexoinformativo.mx\/"},{"@type":"ListItem","position":2,"name":"\u00a1Buenas noticias para los usuarios del transporte p\u00fablico en Quer\u00e9taro! A partir de noviembre, podr\u00e1s pagar con tarjeta en todas las rutas principales"}]},{"@type":"WebSite","@id":"https:\/\/www.nexoinformativo.mx\/#website","url":"https:\/\/www.nexoinformativo.mx\/","name":"Nexo Informativo Santiago de Quer\u00e9taro","description":"Explora NexoInformativo y convi\u00e9rtete en parte de una comunidad que valora el conocimiento y la verdad. Tu nexoinformativo es tu puente hacia una comprensi\u00f3n m\u00e1s profunda del mundo que te rodea.","publisher":{"@id":"https:\/\/www.nexoinformativo.mx\/#organization"},"potentialAction":[{"@type":"SearchAction","target":{"@type":"EntryPoint","urlTemplate":"https:\/\/www.nexoinformativo.mx\/?s={search_term_string}"},"query-input":{"@type":"PropertyValueSpecification","valueRequired":true,"valueName":"search_term_string"}}],"inLanguage":"es"},{"@type":"Organization","@id":"https:\/\/www.nexoinformativo.mx\/#organization","name":"Nexo Informativo Santiago de Quer\u00e9taro","url":"https:\/\/www.nexoinformativo.mx\/","logo":{"@type":"ImageObject","inLanguage":"es","@id":"https:\/\/www.nexoinformativo.mx\/#\/schema\/logo\/image\/","url":"https:\/\/www.nexoinformativo.mx\/wp-content\/uploads\/2024\/07\/nexoi-trasparente-2.png","contentUrl":"https:\/\/www.nexoinformativo.mx\/wp-content\/uploads\/2024\/07\/nexoi-trasparente-2.png","width":816,"height":339,"caption":"Nexo Informativo Santiago de Quer\u00e9taro"},"image":{"@id":"https:\/\/www.nexoinformativo.mx\/#\/schema\/logo\/image\/"},"sameAs":["https:\/\/www.facebook.com\/people\/Nexo-Informativo\/61564066885511\/"]},{"@type":"Person","@id":"https:\/\/www.nexoinformativo.mx\/#\/schema\/person\/7749d380ba08c8ca00d7bc76fd907b7d","name":"Nexo Informativo","image":{"@type":"ImageObject","inLanguage":"es","@id":"https:\/\/www.nexoinformativo.mx\/#\/schema\/person\/image\/","url":"https:\/\/secure.gravatar.com\/avatar\/dde2928154642a13d95f87ddf1ea9718fe2b46760a005c53e41ff5ad610704e6?s=96&d=mm&r=g","contentUrl":"https:\/\/secure.gravatar.com\/avatar\/dde2928154642a13d95f87ddf1ea9718fe2b46760a005c53e41ff5ad610704e6?s=96&d=mm&r=g","caption":"Nexo Informativo"},"url":"https:\/\/www.nexoinformativo.mx\/index.php\/author\/edicion\/"}]}},"_links":{"self":[{"href":"https:\/\/www.nexoinformativo.mx\/index.php\/wp-json\/wp\/v2\/posts\/4407","targetHints":{"allow":["GET"]}}],"collection":[{"href":"https:\/\/www.nexoinformativo.mx\/index.php\/wp-json\/wp\/v2\/posts"}],"about":[{"href":"https:\/\/www.nexoinformativo.mx\/index.php\/wp-json\/wp\/v2\/types\/post"}],"author":[{"embeddable":true,"href":"https:\/\/www.nexoinformativo.mx\/index.php\/wp-json\/wp\/v2\/users\/3"}],"replies":[{"embeddable":true,"href":"https:\/\/www.nexoinformativo.mx\/index.php\/wp-json\/wp\/v2\/comments?post=4407"}],"version-history":[{"count":5,"href":"https:\/\/www.nexoinformativo.mx\/index.php\/wp-json\/wp\/v2\/posts\/4407\/revisions"}],"predecessor-version":[{"id":4414,"href":"https:\/\/www.nexoinformativo.mx\/index.php\/wp-json\/wp\/v2\/posts\/4407\/revisions\/4414"}],"wp:featuredmedia":[{"embeddable":true,"href":"https:\/\/www.nexoinformativo.mx\/index.php\/wp-json\/wp\/v2\/media\/4410"}],"wp:attachment":[{"href":"https:\/\/www.nexoinformativo.mx\/index.php\/wp-json\/wp\/v2\/media?parent=4407"}],"wp:term":[{"taxonomy":"category","embeddable":true,"href":"https:\/\/www.nexoinformativo.mx\/index.php\/wp-json\/wp\/v2\/categories?post=4407"},{"taxonomy":"post_tag","embeddable":true,"href":"https:\/\/www.nexoinformativo.mx\/index.php\/wp-json\/wp\/v2\/tags?post=4407"}],"curies":[{"name":"wp","href":"https:\/\/api.w.org\/{rel}","templated":true}]}}