{"id":4415,"date":"2024-10-24T11:30:47","date_gmt":"2024-10-24T17:30:47","guid":{"rendered":"https:\/\/www.nexoinformativo.mx\/?p=4415"},"modified":"2024-10-24T12:58:23","modified_gmt":"2024-10-24T18:58:23","slug":"amiqro-impulsa-la-internacionalizacion-de-mipymes-queretanas-con-oficinas-en-china-y-alemania","status":"publish","type":"post","link":"https:\/\/www.nexoinformativo.mx\/index.php\/2024\/10\/24\/amiqro-impulsa-la-internacionalizacion-de-mipymes-queretanas-con-oficinas-en-china-y-alemania\/","title":{"rendered":"AMIQRO impulsa la internacionalizaci\u00f3n de mipymes queretanas con oficinas en China y Alemania"},"content":{"rendered":"<p style=\"text-align: justify;\" data-sourcepos=\"7:1-7:413\">La Asociaci\u00f3n de MiPymes Industriales de Quer\u00e9taro (AMIQRO) ha dado un paso significativo hacia la internacionalizaci\u00f3n de las empresas locales con la apertura de nuevas oficinas en Shangh\u00e1i, China, y Colonia, Alemania. Esta iniciativa busca fortalecer la vinculaci\u00f3n comercial de las mipymes queretanas con el mercado global y aprovechar las oportunidades que brinda el nearshoring.<\/p>\n<p>&nbsp;<\/p>\n<p style=\"text-align: justify;\" data-sourcepos=\"9:1-9:376\">El presidente de AMIQRO, Cuauht\u00e9moc Acevedo, destac\u00f3 la importancia de estas oficinas para impulsar la exportaci\u00f3n de productos y servicios queretanos, as\u00ed como para atraer inversi\u00f3n extranjera directa. Adem\u00e1s, se\u00f1al\u00f3 que estas nuevas sedes servir\u00e1n como punto de encuentro para que las empresas locales establezcan alianzas estrat\u00e9gicas con empresas chinas y alemanas.<\/p>\n<p>&nbsp;<\/p>\n<p style=\"text-align: justify;\" data-sourcepos=\"11:1-11:262\"><strong>&#8220;Estamos impulsando consorcios donde nos juntemos dos o tres empresas para que, con estas alianzas, hagamos sinergia y ofrezcamos un servicio o producto de mayor valor, y con esto buscar clientes m\u00e1s all\u00e1 de nuestras fronteras&#8221;<\/strong>, coment\u00f3 Acevedo Toledo.<\/p>\n<p>&nbsp;<\/p>\n<p style=\"text-align: justify;\" data-sourcepos=\"13:1-13:50\">\u00bfCu\u00e1les son los beneficios de esta iniciativa?\u00a0Mayor acceso a mercados internacionales,\u00a0las empresas queretanas podr\u00e1n expandir sus operaciones y llegar a nuevos mercados y desarrollo de las mipymes, se impulsar\u00e1 el crecimiento y la competitividad de las peque\u00f1as y medianas empresas.<\/p>\n<p>&nbsp;<\/p>\n<p style=\"text-align: justify;\" data-sourcepos=\"22:1-22:107\"><strong>Las oficinas de AMIQRO en China y Alemania ofrecer\u00e1n una serie de servicios a las empresas asociadas, como:<\/strong><\/p>\n<ul style=\"text-align: justify;\" data-sourcepos=\"24:1-27:0\">\n<li data-sourcepos=\"24:1-24:127\">Asesor\u00eda en comercio exterior: Se brindar\u00e1 apoyo a las empresas en temas de log\u00edstica, tr\u00e1mites aduaneros y normatividad.<\/li>\n<li data-sourcepos=\"25:1-25:115\">B\u00fasqueda de socios comerciales: Se identificar\u00e1n potenciales clientes y proveedores en los mercados objetivo.<\/li>\n<li data-sourcepos=\"26:1-27:0\">Participaci\u00f3n en ferias y eventos: Se organizar\u00e1n actividades para promover los productos y servicios de las empresas queretanas.<\/p>\n<p>&nbsp;\n<\/ul>\n<p style=\"text-align: justify;\" data-sourcepos=\"30:1-30:287\">La apertura de oficinas de AMIQRO en China y Alemania representa un paso importante para impulsar la internacionalizaci\u00f3n de las mipymes queretanas. Esta iniciativa permitir\u00e1 a las empresas locales aprovechar las oportunidades que ofrece el mercado global y fortalecer su competitividad.<\/p>\n<p>&nbsp;<\/p>\n<p style=\"text-align: center;\" data-sourcepos=\"30:1-30:287\"><em><strong>\u00a1Informaci\u00f3n que transforma!<\/strong><\/em><\/p>\n","protected":false},"excerpt":{"rendered":"<p>La Asociaci\u00f3n de MiPymes Industriales de Quer\u00e9taro (AMIQRO) ha dado un paso significativo hacia la internacionalizaci\u00f3n de las empresas locales con la apertura de nuevas oficinas en Shangh\u00e1i, China, y Colonia, Alemania.<\/p>\n","protected":false},"author":3,"featured_media":4399,"comment_status":"open","ping_status":"open","sticky":false,"template":"","format":"standard","meta":{"footnotes":""},"categories":[5,42,58],"tags":[375,376,617,133],"class_list":["post-4415","post","type-post","status-publish","format-standard","has-post-thumbnail","hentry","category-economia","category-estado","category-ultima-hora","tag-amiqro","tag-internacionalizacion","tag-mipymes","tag-queretaro"],"yoast_head":"<!-- This site is optimized with the Yoast SEO plugin v25.0 - https:\/\/yoast.com\/wordpress\/plugins\/seo\/ -->\n<title>AMIQRO impulsa la internacionalizaci\u00f3n de mipymes queretanas con oficinas en China y Alemania | Nexo Informativo Santiago de Quer\u00e9taro<\/title>\n<meta name=\"description\" content=\"AMIQRO impulsa la internacionalizaci\u00f3n de mipymes queretanas con oficinas en China y Alemania\" \/>\n<meta name=\"robots\" content=\"index, follow, max-snippet:-1, max-image-preview:large, max-video-preview:-1\" \/>\n<link rel=\"canonical\" href=\"https:\/\/www.nexoinformativo.mx\/index.php\/2024\/10\/24\/amiqro-impulsa-la-internacionalizacion-de-mipymes-queretanas-con-oficinas-en-china-y-alemania\/\" \/>\n<meta property=\"og:locale\" content=\"es_MX\" \/>\n<meta property=\"og:type\" content=\"article\" \/>\n<meta property=\"og:title\" content=\"AMIQRO impulsa la internacionalizaci\u00f3n de mipymes queretanas con oficinas en China y Alemania | Nexo Informativo Santiago de Quer\u00e9taro\" \/>\n<meta property=\"og:description\" content=\"AMIQRO impulsa la internacionalizaci\u00f3n de mipymes queretanas con oficinas en China y Alemania\" \/>\n<meta property=\"og:url\" content=\"https:\/\/www.nexoinformativo.mx\/index.php\/2024\/10\/24\/amiqro-impulsa-la-internacionalizacion-de-mipymes-queretanas-con-oficinas-en-china-y-alemania\/\" \/>\n<meta property=\"og:site_name\" content=\"Nexo Informativo Santiago de Quer\u00e9taro\" \/>\n<meta property=\"article:publisher\" content=\"https:\/\/www.facebook.com\/people\/Nexo-Informativo\/61564066885511\/\" \/>\n<meta property=\"article:published_time\" content=\"2024-10-24T17:30:47+00:00\" \/>\n<meta property=\"article:modified_time\" content=\"2024-10-24T18:58:23+00:00\" \/>\n<meta property=\"og:image\" content=\"https:\/\/www.nexoinformativo.mx\/wp-content\/uploads\/2024\/10\/PHOTO-2024-10-24-10-53-22-e1729792860399.jpg\" \/>\n\t<meta property=\"og:image:width\" content=\"800\" \/>\n\t<meta property=\"og:image:height\" content=\"1000\" \/>\n\t<meta property=\"og:image:type\" content=\"image\/jpeg\" \/>\n<meta name=\"author\" content=\"Nexo Informativo\" \/>\n<meta name=\"twitter:card\" content=\"summary_large_image\" \/>\n<meta name=\"twitter:label1\" content=\"Escrito por\" \/>\n\t<meta name=\"twitter:data1\" content=\"Nexo Informativo\" \/>\n\t<meta name=\"twitter:label2\" content=\"Tiempo de lectura\" \/>\n\t<meta name=\"twitter:data2\" content=\"2 minutos\" \/>\n<script type=\"application\/ld+json\" class=\"yoast-schema-graph\">{\"@context\":\"https:\/\/schema.org\",\"@graph\":[{\"@type\":\"Article\",\"@id\":\"https:\/\/www.nexoinformativo.mx\/index.php\/2024\/10\/24\/amiqro-impulsa-la-internacionalizacion-de-mipymes-queretanas-con-oficinas-en-china-y-alemania\/#article\",\"isPartOf\":{\"@id\":\"https:\/\/www.nexoinformativo.mx\/index.php\/2024\/10\/24\/amiqro-impulsa-la-internacionalizacion-de-mipymes-queretanas-con-oficinas-en-china-y-alemania\/\"},\"author\":{\"name\":\"Nexo Informativo\",\"@id\":\"https:\/\/www.nexoinformativo.mx\/#\/schema\/person\/7749d380ba08c8ca00d7bc76fd907b7d\"},\"headline\":\"AMIQRO impulsa la internacionalizaci\u00f3n de mipymes queretanas con oficinas en China y Alemania\",\"datePublished\":\"2024-10-24T17:30:47+00:00\",\"dateModified\":\"2024-10-24T18:58:23+00:00\",\"mainEntityOfPage\":{\"@id\":\"https:\/\/www.nexoinformativo.mx\/index.php\/2024\/10\/24\/amiqro-impulsa-la-internacionalizacion-de-mipymes-queretanas-con-oficinas-en-china-y-alemania\/\"},\"wordCount\":346,\"commentCount\":0,\"publisher\":{\"@id\":\"https:\/\/www.nexoinformativo.mx\/#organization\"},\"image\":{\"@id\":\"https:\/\/www.nexoinformativo.mx\/index.php\/2024\/10\/24\/amiqro-impulsa-la-internacionalizacion-de-mipymes-queretanas-con-oficinas-en-china-y-alemania\/#primaryimage\"},\"thumbnailUrl\":\"https:\/\/www.nexoinformativo.mx\/wp-content\/uploads\/2024\/10\/PHOTO-2024-10-24-10-53-22-e1729792860399.jpg\",\"keywords\":[\"AMIQRO\",\"Internacionalizaci\u00f3n\",\"MIPYMES\",\"Quer\u00e9taro\"],\"articleSection\":[\"Econom\u00eda\",\"Estado\",\"\u00daltima Hora\"],\"inLanguage\":\"es\",\"potentialAction\":[{\"@type\":\"CommentAction\",\"name\":\"Comment\",\"target\":[\"https:\/\/www.nexoinformativo.mx\/index.php\/2024\/10\/24\/amiqro-impulsa-la-internacionalizacion-de-mipymes-queretanas-con-oficinas-en-china-y-alemania\/#respond\"]}]},{\"@type\":\"WebPage\",\"@id\":\"https:\/\/www.nexoinformativo.mx\/index.php\/2024\/10\/24\/amiqro-impulsa-la-internacionalizacion-de-mipymes-queretanas-con-oficinas-en-china-y-alemania\/\",\"url\":\"https:\/\/www.nexoinformativo.mx\/index.php\/2024\/10\/24\/amiqro-impulsa-la-internacionalizacion-de-mipymes-queretanas-con-oficinas-en-china-y-alemania\/\",\"name\":\"AMIQRO impulsa la internacionalizaci\u00f3n de mipymes queretanas con oficinas en China y Alemania | Nexo Informativo Santiago de Quer\u00e9taro\",\"isPartOf\":{\"@id\":\"https:\/\/www.nexoinformativo.mx\/#website\"},\"primaryImageOfPage\":{\"@id\":\"https:\/\/www.nexoinformativo.mx\/index.php\/2024\/10\/24\/amiqro-impulsa-la-internacionalizacion-de-mipymes-queretanas-con-oficinas-en-china-y-alemania\/#primaryimage\"},\"image\":{\"@id\":\"https:\/\/www.nexoinformativo.mx\/index.php\/2024\/10\/24\/amiqro-impulsa-la-internacionalizacion-de-mipymes-queretanas-con-oficinas-en-china-y-alemania\/#primaryimage\"},\"thumbnailUrl\":\"https:\/\/www.nexoinformativo.mx\/wp-content\/uploads\/2024\/10\/PHOTO-2024-10-24-10-53-22-e1729792860399.jpg\",\"datePublished\":\"2024-10-24T17:30:47+00:00\",\"dateModified\":\"2024-10-24T18:58:23+00:00\",\"description\":\"AMIQRO impulsa la internacionalizaci\u00f3n de mipymes queretanas con oficinas en China y Alemania\",\"breadcrumb\":{\"@id\":\"https:\/\/www.nexoinformativo.mx\/index.php\/2024\/10\/24\/amiqro-impulsa-la-internacionalizacion-de-mipymes-queretanas-con-oficinas-en-china-y-alemania\/#breadcrumb\"},\"inLanguage\":\"es\",\"potentialAction\":[{\"@type\":\"ReadAction\",\"target\":[\"https:\/\/www.nexoinformativo.mx\/index.php\/2024\/10\/24\/amiqro-impulsa-la-internacionalizacion-de-mipymes-queretanas-con-oficinas-en-china-y-alemania\/\"]}]},{\"@type\":\"ImageObject\",\"inLanguage\":\"es\",\"@id\":\"https:\/\/www.nexoinformativo.mx\/index.php\/2024\/10\/24\/amiqro-impulsa-la-internacionalizacion-de-mipymes-queretanas-con-oficinas-en-china-y-alemania\/#primaryimage\",\"url\":\"https:\/\/www.nexoinformativo.mx\/wp-content\/uploads\/2024\/10\/PHOTO-2024-10-24-10-53-22-e1729792860399.jpg\",\"contentUrl\":\"https:\/\/www.nexoinformativo.mx\/wp-content\/uploads\/2024\/10\/PHOTO-2024-10-24-10-53-22-e1729792860399.jpg\",\"width\":800,\"height\":1000},{\"@type\":\"BreadcrumbList\",\"@id\":\"https:\/\/www.nexoinformativo.mx\/index.php\/2024\/10\/24\/amiqro-impulsa-la-internacionalizacion-de-mipymes-queretanas-con-oficinas-en-china-y-alemania\/#breadcrumb\",\"itemListElement\":[{\"@type\":\"ListItem\",\"position\":1,\"name\":\"Inicio\",\"item\":\"https:\/\/www.nexoinformativo.mx\/\"},{\"@type\":\"ListItem\",\"position\":2,\"name\":\"AMIQRO impulsa la internacionalizaci\u00f3n de mipymes queretanas con oficinas en China y Alemania\"}]},{\"@type\":\"WebSite\",\"@id\":\"https:\/\/www.nexoinformativo.mx\/#website\",\"url\":\"https:\/\/www.nexoinformativo.mx\/\",\"name\":\"Nexo Informativo Santiago de Quer\u00e9taro\",\"description\":\"Explora NexoInformativo y convi\u00e9rtete en parte de una comunidad que valora el conocimiento y la verdad. Tu nexoinformativo es tu puente hacia una comprensi\u00f3n m\u00e1s profunda del mundo que te rodea.\",\"publisher\":{\"@id\":\"https:\/\/www.nexoinformativo.mx\/#organization\"},\"potentialAction\":[{\"@type\":\"SearchAction\",\"target\":{\"@type\":\"EntryPoint\",\"urlTemplate\":\"https:\/\/www.nexoinformativo.mx\/?s={search_term_string}\"},\"query-input\":{\"@type\":\"PropertyValueSpecification\",\"valueRequired\":true,\"valueName\":\"search_term_string\"}}],\"inLanguage\":\"es\"},{\"@type\":\"Organization\",\"@id\":\"https:\/\/www.nexoinformativo.mx\/#organization\",\"name\":\"Nexo Informativo Santiago de Quer\u00e9taro\",\"url\":\"https:\/\/www.nexoinformativo.mx\/\",\"logo\":{\"@type\":\"ImageObject\",\"inLanguage\":\"es\",\"@id\":\"https:\/\/www.nexoinformativo.mx\/#\/schema\/logo\/image\/\",\"url\":\"https:\/\/www.nexoinformativo.mx\/wp-content\/uploads\/2024\/07\/nexoi-trasparente-2.png\",\"contentUrl\":\"https:\/\/www.nexoinformativo.mx\/wp-content\/uploads\/2024\/07\/nexoi-trasparente-2.png\",\"width\":816,\"height\":339,\"caption\":\"Nexo Informativo Santiago de Quer\u00e9taro\"},\"image\":{\"@id\":\"https:\/\/www.nexoinformativo.mx\/#\/schema\/logo\/image\/\"},\"sameAs\":[\"https:\/\/www.facebook.com\/people\/Nexo-Informativo\/61564066885511\/\"]},{\"@type\":\"Person\",\"@id\":\"https:\/\/www.nexoinformativo.mx\/#\/schema\/person\/7749d380ba08c8ca00d7bc76fd907b7d\",\"name\":\"Nexo Informativo\",\"image\":{\"@type\":\"ImageObject\",\"inLanguage\":\"es\",\"@id\":\"https:\/\/www.nexoinformativo.mx\/#\/schema\/person\/image\/\",\"url\":\"https:\/\/secure.gravatar.com\/avatar\/dde2928154642a13d95f87ddf1ea9718fe2b46760a005c53e41ff5ad610704e6?s=96&d=mm&r=g\",\"contentUrl\":\"https:\/\/secure.gravatar.com\/avatar\/dde2928154642a13d95f87ddf1ea9718fe2b46760a005c53e41ff5ad610704e6?s=96&d=mm&r=g\",\"caption\":\"Nexo Informativo\"},\"url\":\"https:\/\/www.nexoinformativo.mx\/index.php\/author\/edicion\/\"}]}<\/script>\n<!-- \/ Yoast SEO plugin. -->","yoast_head_json":{"title":"AMIQRO impulsa la internacionalizaci\u00f3n de mipymes queretanas con oficinas en China y Alemania | Nexo Informativo Santiago de Quer\u00e9taro","description":"AMIQRO impulsa la internacionalizaci\u00f3n de mipymes queretanas con oficinas en China y Alemania","robots":{"index":"index","follow":"follow","max-snippet":"max-snippet:-1","max-image-preview":"max-image-preview:large","max-video-preview":"max-video-preview:-1"},"canonical":"https:\/\/www.nexoinformativo.mx\/index.php\/2024\/10\/24\/amiqro-impulsa-la-internacionalizacion-de-mipymes-queretanas-con-oficinas-en-china-y-alemania\/","og_locale":"es_MX","og_type":"article","og_title":"AMIQRO impulsa la internacionalizaci\u00f3n de mipymes queretanas con oficinas en China y Alemania | Nexo Informativo Santiago de Quer\u00e9taro","og_description":"AMIQRO impulsa la internacionalizaci\u00f3n de mipymes queretanas con oficinas en China y Alemania","og_url":"https:\/\/www.nexoinformativo.mx\/index.php\/2024\/10\/24\/amiqro-impulsa-la-internacionalizacion-de-mipymes-queretanas-con-oficinas-en-china-y-alemania\/","og_site_name":"Nexo Informativo Santiago de Quer\u00e9taro","article_publisher":"https:\/\/www.facebook.com\/people\/Nexo-Informativo\/61564066885511\/","article_published_time":"2024-10-24T17:30:47+00:00","article_modified_time":"2024-10-24T18:58:23+00:00","og_image":[{"width":800,"height":1000,"url":"https:\/\/www.nexoinformativo.mx\/wp-content\/uploads\/2024\/10\/PHOTO-2024-10-24-10-53-22-e1729792860399.jpg","type":"image\/jpeg"}],"author":"Nexo Informativo","twitter_card":"summary_large_image","twitter_misc":{"Escrito por":"Nexo Informativo","Tiempo de lectura":"2 minutos"},"schema":{"@context":"https:\/\/schema.org","@graph":[{"@type":"Article","@id":"https:\/\/www.nexoinformativo.mx\/index.php\/2024\/10\/24\/amiqro-impulsa-la-internacionalizacion-de-mipymes-queretanas-con-oficinas-en-china-y-alemania\/#article","isPartOf":{"@id":"https:\/\/www.nexoinformativo.mx\/index.php\/2024\/10\/24\/amiqro-impulsa-la-internacionalizacion-de-mipymes-queretanas-con-oficinas-en-china-y-alemania\/"},"author":{"name":"Nexo Informativo","@id":"https:\/\/www.nexoinformativo.mx\/#\/schema\/person\/7749d380ba08c8ca00d7bc76fd907b7d"},"headline":"AMIQRO impulsa la internacionalizaci\u00f3n de mipymes queretanas con oficinas en China y Alemania","datePublished":"2024-10-24T17:30:47+00:00","dateModified":"2024-10-24T18:58:23+00:00","mainEntityOfPage":{"@id":"https:\/\/www.nexoinformativo.mx\/index.php\/2024\/10\/24\/amiqro-impulsa-la-internacionalizacion-de-mipymes-queretanas-con-oficinas-en-china-y-alemania\/"},"wordCount":346,"commentCount":0,"publisher":{"@id":"https:\/\/www.nexoinformativo.mx\/#organization"},"image":{"@id":"https:\/\/www.nexoinformativo.mx\/index.php\/2024\/10\/24\/amiqro-impulsa-la-internacionalizacion-de-mipymes-queretanas-con-oficinas-en-china-y-alemania\/#primaryimage"},"thumbnailUrl":"https:\/\/www.nexoinformativo.mx\/wp-content\/uploads\/2024\/10\/PHOTO-2024-10-24-10-53-22-e1729792860399.jpg","keywords":["AMIQRO","Internacionalizaci\u00f3n","MIPYMES","Quer\u00e9taro"],"articleSection":["Econom\u00eda","Estado","\u00daltima Hora"],"inLanguage":"es","potentialAction":[{"@type":"CommentAction","name":"Comment","target":["https:\/\/www.nexoinformativo.mx\/index.php\/2024\/10\/24\/amiqro-impulsa-la-internacionalizacion-de-mipymes-queretanas-con-oficinas-en-china-y-alemania\/#respond"]}]},{"@type":"WebPage","@id":"https:\/\/www.nexoinformativo.mx\/index.php\/2024\/10\/24\/amiqro-impulsa-la-internacionalizacion-de-mipymes-queretanas-con-oficinas-en-china-y-alemania\/","url":"https:\/\/www.nexoinformativo.mx\/index.php\/2024\/10\/24\/amiqro-impulsa-la-internacionalizacion-de-mipymes-queretanas-con-oficinas-en-china-y-alemania\/","name":"AMIQRO impulsa la internacionalizaci\u00f3n de mipymes queretanas con oficinas en China y Alemania | Nexo Informativo Santiago de Quer\u00e9taro","isPartOf":{"@id":"https:\/\/www.nexoinformativo.mx\/#website"},"primaryImageOfPage":{"@id":"https:\/\/www.nexoinformativo.mx\/index.php\/2024\/10\/24\/amiqro-impulsa-la-internacionalizacion-de-mipymes-queretanas-con-oficinas-en-china-y-alemania\/#primaryimage"},"image":{"@id":"https:\/\/www.nexoinformativo.mx\/index.php\/2024\/10\/24\/amiqro-impulsa-la-internacionalizacion-de-mipymes-queretanas-con-oficinas-en-china-y-alemania\/#primaryimage"},"thumbnailUrl":"https:\/\/www.nexoinformativo.mx\/wp-content\/uploads\/2024\/10\/PHOTO-2024-10-24-10-53-22-e1729792860399.jpg","datePublished":"2024-10-24T17:30:47+00:00","dateModified":"2024-10-24T18:58:23+00:00","description":"AMIQRO impulsa la internacionalizaci\u00f3n de mipymes queretanas con oficinas en China y Alemania","breadcrumb":{"@id":"https:\/\/www.nexoinformativo.mx\/index.php\/2024\/10\/24\/amiqro-impulsa-la-internacionalizacion-de-mipymes-queretanas-con-oficinas-en-china-y-alemania\/#breadcrumb"},"inLanguage":"es","potentialAction":[{"@type":"ReadAction","target":["https:\/\/www.nexoinformativo.mx\/index.php\/2024\/10\/24\/amiqro-impulsa-la-internacionalizacion-de-mipymes-queretanas-con-oficinas-en-china-y-alemania\/"]}]},{"@type":"ImageObject","inLanguage":"es","@id":"https:\/\/www.nexoinformativo.mx\/index.php\/2024\/10\/24\/amiqro-impulsa-la-internacionalizacion-de-mipymes-queretanas-con-oficinas-en-china-y-alemania\/#primaryimage","url":"https:\/\/www.nexoinformativo.mx\/wp-content\/uploads\/2024\/10\/PHOTO-2024-10-24-10-53-22-e1729792860399.jpg","contentUrl":"https:\/\/www.nexoinformativo.mx\/wp-content\/uploads\/2024\/10\/PHOTO-2024-10-24-10-53-22-e1729792860399.jpg","width":800,"height":1000},{"@type":"BreadcrumbList","@id":"https:\/\/www.nexoinformativo.mx\/index.php\/2024\/10\/24\/amiqro-impulsa-la-internacionalizacion-de-mipymes-queretanas-con-oficinas-en-china-y-alemania\/#breadcrumb","itemListElement":[{"@type":"ListItem","position":1,"name":"Inicio","item":"https:\/\/www.nexoinformativo.mx\/"},{"@type":"ListItem","position":2,"name":"AMIQRO impulsa la internacionalizaci\u00f3n de mipymes queretanas con oficinas en China y Alemania"}]},{"@type":"WebSite","@id":"https:\/\/www.nexoinformativo.mx\/#website","url":"https:\/\/www.nexoinformativo.mx\/","name":"Nexo Informativo Santiago de Quer\u00e9taro","description":"Explora NexoInformativo y convi\u00e9rtete en parte de una comunidad que valora el conocimiento y la verdad. Tu nexoinformativo es tu puente hacia una comprensi\u00f3n m\u00e1s profunda del mundo que te rodea.","publisher":{"@id":"https:\/\/www.nexoinformativo.mx\/#organization"},"potentialAction":[{"@type":"SearchAction","target":{"@type":"EntryPoint","urlTemplate":"https:\/\/www.nexoinformativo.mx\/?s={search_term_string}"},"query-input":{"@type":"PropertyValueSpecification","valueRequired":true,"valueName":"search_term_string"}}],"inLanguage":"es"},{"@type":"Organization","@id":"https:\/\/www.nexoinformativo.mx\/#organization","name":"Nexo Informativo Santiago de Quer\u00e9taro","url":"https:\/\/www.nexoinformativo.mx\/","logo":{"@type":"ImageObject","inLanguage":"es","@id":"https:\/\/www.nexoinformativo.mx\/#\/schema\/logo\/image\/","url":"https:\/\/www.nexoinformativo.mx\/wp-content\/uploads\/2024\/07\/nexoi-trasparente-2.png","contentUrl":"https:\/\/www.nexoinformativo.mx\/wp-content\/uploads\/2024\/07\/nexoi-trasparente-2.png","width":816,"height":339,"caption":"Nexo Informativo Santiago de Quer\u00e9taro"},"image":{"@id":"https:\/\/www.nexoinformativo.mx\/#\/schema\/logo\/image\/"},"sameAs":["https:\/\/www.facebook.com\/people\/Nexo-Informativo\/61564066885511\/"]},{"@type":"Person","@id":"https:\/\/www.nexoinformativo.mx\/#\/schema\/person\/7749d380ba08c8ca00d7bc76fd907b7d","name":"Nexo Informativo","image":{"@type":"ImageObject","inLanguage":"es","@id":"https:\/\/www.nexoinformativo.mx\/#\/schema\/person\/image\/","url":"https:\/\/secure.gravatar.com\/avatar\/dde2928154642a13d95f87ddf1ea9718fe2b46760a005c53e41ff5ad610704e6?s=96&d=mm&r=g","contentUrl":"https:\/\/secure.gravatar.com\/avatar\/dde2928154642a13d95f87ddf1ea9718fe2b46760a005c53e41ff5ad610704e6?s=96&d=mm&r=g","caption":"Nexo Informativo"},"url":"https:\/\/www.nexoinformativo.mx\/index.php\/author\/edicion\/"}]}},"_links":{"self":[{"href":"https:\/\/www.nexoinformativo.mx\/index.php\/wp-json\/wp\/v2\/posts\/4415","targetHints":{"allow":["GET"]}}],"collection":[{"href":"https:\/\/www.nexoinformativo.mx\/index.php\/wp-json\/wp\/v2\/posts"}],"about":[{"href":"https:\/\/www.nexoinformativo.mx\/index.php\/wp-json\/wp\/v2\/types\/post"}],"author":[{"embeddable":true,"href":"https:\/\/www.nexoinformativo.mx\/index.php\/wp-json\/wp\/v2\/users\/3"}],"replies":[{"embeddable":true,"href":"https:\/\/www.nexoinformativo.mx\/index.php\/wp-json\/wp\/v2\/comments?post=4415"}],"version-history":[{"count":5,"href":"https:\/\/www.nexoinformativo.mx\/index.php\/wp-json\/wp\/v2\/posts\/4415\/revisions"}],"predecessor-version":[{"id":4422,"href":"https:\/\/www.nexoinformativo.mx\/index.php\/wp-json\/wp\/v2\/posts\/4415\/revisions\/4422"}],"wp:featuredmedia":[{"embeddable":true,"href":"https:\/\/www.nexoinformativo.mx\/index.php\/wp-json\/wp\/v2\/media\/4399"}],"wp:attachment":[{"href":"https:\/\/www.nexoinformativo.mx\/index.php\/wp-json\/wp\/v2\/media?parent=4415"}],"wp:term":[{"taxonomy":"category","embeddable":true,"href":"https:\/\/www.nexoinformativo.mx\/index.php\/wp-json\/wp\/v2\/categories?post=4415"},{"taxonomy":"post_tag","embeddable":true,"href":"https:\/\/www.nexoinformativo.mx\/index.php\/wp-json\/wp\/v2\/tags?post=4415"}],"curies":[{"name":"wp","href":"https:\/\/api.w.org\/{rel}","templated":true}]}}