{"id":4448,"date":"2024-10-24T15:00:34","date_gmt":"2024-10-24T21:00:34","guid":{"rendered":"https:\/\/www.nexoinformativo.mx\/?p=4448"},"modified":"2024-10-24T17:09:56","modified_gmt":"2024-10-24T23:09:56","slug":"sheinbaum-anuncia-colaboracion-con-carlos-slim-para-impulsar-inversion-por-nearshoring-en-mexico","status":"publish","type":"post","link":"https:\/\/www.nexoinformativo.mx\/index.php\/2024\/10\/24\/sheinbaum-anuncia-colaboracion-con-carlos-slim-para-impulsar-inversion-por-nearshoring-en-mexico\/","title":{"rendered":"Sheinbaum Anuncia colaboraci\u00f3n con Carlos Slim para impulsar inversi\u00f3n por Nearshoring en M\u00e9xico"},"content":{"rendered":"<p style=\"text-align: justify;\">La presidenta de M\u00e9xico, Claudia Sheinbaum, revel\u00f3 ayer mi\u00e9rcoles que el reconocido empresario Carlos Slim se unir\u00e1 a los esfuerzos del gobierno para fomentar la inversi\u00f3n privada en el pa\u00eds, especialmente en el contexto del fen\u00f3meno de nearshoring.<\/p>\n<p>&nbsp;<\/p>\n<p style=\"text-align: justify;\">Esta declaraci\u00f3n se realiz\u00f3 tras una reuni\u00f3n que ambos sostuvieron en Palacio Nacional el d\u00eda anterior. Durante su conferencia de prensa, Sheinbaum destac\u00f3 la importancia de la colaboraci\u00f3n con Slim, quien es considerado el hombre m\u00e1s rico de M\u00e9xico.<\/p>\n<p>&nbsp;<\/p>\n<p style=\"text-align: justify;\">\u201cFue una pl\u00e1tica de cortes\u00eda y, particularmente, para que nos ayude a este programa y este proyecto de impulsar la inversi\u00f3n privada, vinculada con la inversi\u00f3n en infraestructura p\u00fablica para el desarrollo del pa\u00eds\u201d, indic\u00f3 la mandataria.<\/p>\n<p>&nbsp;<\/p>\n<p style=\"text-align: justify;\">Carlos Slim tambi\u00e9n expres\u00f3 optimismo sobre las oportunidades de inversi\u00f3n en M\u00e9xico para el pr\u00f3ximo a\u00f1o, afirmando que la econom\u00eda del pa\u00eds \u201ctiene mucho potencial\u201d. Este encuentro se produce en un momento cr\u00edtico, ya que Sheinbaum busca atraer capital privado en medio de la incertidumbre generada por reformas al Poder Judicial y la revisi\u00f3n del Tratado entre M\u00e9xico, Estados Unidos y Canad\u00e1 (T-MEC).<\/p>\n<p>&nbsp;<\/p>\n<p style=\"text-align: justify;\">A pesar de las cr\u00edticas por la cercan\u00eda de Slim con el gobierno de Andr\u00e9s Manuel L\u00f3pez Obrador y la actual administraci\u00f3n de Sheinbaum, la presidenta aclar\u00f3 que no se discutieron asuntos particulares relacionados con las empresas del magnate.<\/p>\n<p>&nbsp;<\/p>\n<p style=\"text-align: justify;\">\u201cNo hablamos en particular de sus empresas, salvo donde hay inversiones actuales, como en el puerto de Salina Cruz\u201d, explic\u00f3. La colaboraci\u00f3n entre el gobierno y Slim representa una estrategia clave para impulsar la inversi\u00f3n en M\u00e9xico, especialmente en un momento en que la relocalizaci\u00f3n de empresas se ha convertido en una prioridad a nivel global.<\/p>\n<p>&nbsp;<\/p>\n<p style=\"text-align: center;\"><em><strong>\u00a1Informaci\u00f3n que transforma!<\/strong><\/em><\/p>\n","protected":false},"excerpt":{"rendered":"<p>La presidenta de M\u00e9xico, Claudia Sheinbaum, revel\u00f3 ayer mi\u00e9rcoles que el reconocido empresario Carlos Slim se unir\u00e1 a los esfuerzos del gobierno para fomentar la inversi\u00f3n privada en el pa\u00eds, especialmente en el contexto del fen\u00f3meno de nearshoring.<\/p>\n","protected":false},"author":3,"featured_media":4449,"comment_status":"open","ping_status":"open","sticky":false,"template":"","format":"standard","meta":{"footnotes":""},"categories":[5,88,21],"tags":[1623,967,1622,1489],"class_list":["post-4448","post","type-post","status-publish","format-standard","has-post-thumbnail","hentry","category-economia","category-nacional","category-politica","tag-carlosslim","tag-claudiasheinbaum","tag-inversionprivada","tag-nearshoring"],"yoast_head":"<!-- This site is optimized with the Yoast SEO plugin v25.0 - https:\/\/yoast.com\/wordpress\/plugins\/seo\/ -->\n<title>Sheinbaum Anuncia colaboraci\u00f3n con Carlos Slim para impulsar inversi\u00f3n por Nearshoring en M\u00e9xico | Nexo Informativo Santiago de Quer\u00e9taro<\/title>\n<meta name=\"description\" content=\"Sheinbaum Anuncia colaboraci\u00f3n con Carlos Slim para impulsar inversi\u00f3n por Nearshoring en M\u00e9xico\" \/>\n<meta name=\"robots\" content=\"index, follow, max-snippet:-1, max-image-preview:large, max-video-preview:-1\" \/>\n<link rel=\"canonical\" href=\"https:\/\/www.nexoinformativo.mx\/index.php\/2024\/10\/24\/sheinbaum-anuncia-colaboracion-con-carlos-slim-para-impulsar-inversion-por-nearshoring-en-mexico\/\" \/>\n<meta property=\"og:locale\" content=\"es_MX\" \/>\n<meta property=\"og:type\" content=\"article\" \/>\n<meta property=\"og:title\" content=\"Sheinbaum Anuncia colaboraci\u00f3n con Carlos Slim para impulsar inversi\u00f3n por Nearshoring en M\u00e9xico | Nexo Informativo Santiago de Quer\u00e9taro\" \/>\n<meta property=\"og:description\" content=\"Sheinbaum Anuncia colaboraci\u00f3n con Carlos Slim para impulsar inversi\u00f3n por Nearshoring en M\u00e9xico\" \/>\n<meta property=\"og:url\" content=\"https:\/\/www.nexoinformativo.mx\/index.php\/2024\/10\/24\/sheinbaum-anuncia-colaboracion-con-carlos-slim-para-impulsar-inversion-por-nearshoring-en-mexico\/\" \/>\n<meta property=\"og:site_name\" content=\"Nexo Informativo Santiago de Quer\u00e9taro\" \/>\n<meta property=\"article:publisher\" content=\"https:\/\/www.facebook.com\/people\/Nexo-Informativo\/61564066885511\/\" \/>\n<meta property=\"article:published_time\" content=\"2024-10-24T21:00:34+00:00\" \/>\n<meta property=\"article:modified_time\" content=\"2024-10-24T23:09:56+00:00\" \/>\n<meta property=\"og:image\" content=\"https:\/\/www.nexoinformativo.mx\/wp-content\/uploads\/2024\/10\/IMG_7212.jpg\" \/>\n\t<meta property=\"og:image:width\" content=\"520\" \/>\n\t<meta property=\"og:image:height\" content=\"415\" \/>\n\t<meta property=\"og:image:type\" content=\"image\/jpeg\" \/>\n<meta name=\"author\" content=\"Nexo Informativo\" \/>\n<meta name=\"twitter:card\" content=\"summary_large_image\" \/>\n<meta name=\"twitter:label1\" content=\"Escrito por\" \/>\n\t<meta name=\"twitter:data1\" content=\"Nexo Informativo\" \/>\n\t<meta name=\"twitter:label2\" content=\"Tiempo de lectura\" \/>\n\t<meta name=\"twitter:data2\" content=\"2 minutos\" \/>\n<script type=\"application\/ld+json\" class=\"yoast-schema-graph\">{\"@context\":\"https:\/\/schema.org\",\"@graph\":[{\"@type\":\"Article\",\"@id\":\"https:\/\/www.nexoinformativo.mx\/index.php\/2024\/10\/24\/sheinbaum-anuncia-colaboracion-con-carlos-slim-para-impulsar-inversion-por-nearshoring-en-mexico\/#article\",\"isPartOf\":{\"@id\":\"https:\/\/www.nexoinformativo.mx\/index.php\/2024\/10\/24\/sheinbaum-anuncia-colaboracion-con-carlos-slim-para-impulsar-inversion-por-nearshoring-en-mexico\/\"},\"author\":{\"name\":\"Nexo Informativo\",\"@id\":\"https:\/\/www.nexoinformativo.mx\/#\/schema\/person\/7749d380ba08c8ca00d7bc76fd907b7d\"},\"headline\":\"Sheinbaum Anuncia colaboraci\u00f3n con Carlos Slim para impulsar inversi\u00f3n por Nearshoring en M\u00e9xico\",\"datePublished\":\"2024-10-24T21:00:34+00:00\",\"dateModified\":\"2024-10-24T23:09:56+00:00\",\"mainEntityOfPage\":{\"@id\":\"https:\/\/www.nexoinformativo.mx\/index.php\/2024\/10\/24\/sheinbaum-anuncia-colaboracion-con-carlos-slim-para-impulsar-inversion-por-nearshoring-en-mexico\/\"},\"wordCount\":334,\"commentCount\":0,\"publisher\":{\"@id\":\"https:\/\/www.nexoinformativo.mx\/#organization\"},\"image\":{\"@id\":\"https:\/\/www.nexoinformativo.mx\/index.php\/2024\/10\/24\/sheinbaum-anuncia-colaboracion-con-carlos-slim-para-impulsar-inversion-por-nearshoring-en-mexico\/#primaryimage\"},\"thumbnailUrl\":\"https:\/\/www.nexoinformativo.mx\/wp-content\/uploads\/2024\/10\/IMG_7212.jpg\",\"keywords\":[\"CarlosSlim\",\"ClaudiaSheinbaum\",\"inversi\u00f3nPrivada\",\"Nearshoring\"],\"articleSection\":[\"Econom\u00eda\",\"Nacional\",\"Pol\u00edtica\"],\"inLanguage\":\"es\",\"potentialAction\":[{\"@type\":\"CommentAction\",\"name\":\"Comment\",\"target\":[\"https:\/\/www.nexoinformativo.mx\/index.php\/2024\/10\/24\/sheinbaum-anuncia-colaboracion-con-carlos-slim-para-impulsar-inversion-por-nearshoring-en-mexico\/#respond\"]}]},{\"@type\":\"WebPage\",\"@id\":\"https:\/\/www.nexoinformativo.mx\/index.php\/2024\/10\/24\/sheinbaum-anuncia-colaboracion-con-carlos-slim-para-impulsar-inversion-por-nearshoring-en-mexico\/\",\"url\":\"https:\/\/www.nexoinformativo.mx\/index.php\/2024\/10\/24\/sheinbaum-anuncia-colaboracion-con-carlos-slim-para-impulsar-inversion-por-nearshoring-en-mexico\/\",\"name\":\"Sheinbaum Anuncia colaboraci\u00f3n con Carlos Slim para impulsar inversi\u00f3n por Nearshoring en M\u00e9xico | Nexo Informativo Santiago de Quer\u00e9taro\",\"isPartOf\":{\"@id\":\"https:\/\/www.nexoinformativo.mx\/#website\"},\"primaryImageOfPage\":{\"@id\":\"https:\/\/www.nexoinformativo.mx\/index.php\/2024\/10\/24\/sheinbaum-anuncia-colaboracion-con-carlos-slim-para-impulsar-inversion-por-nearshoring-en-mexico\/#primaryimage\"},\"image\":{\"@id\":\"https:\/\/www.nexoinformativo.mx\/index.php\/2024\/10\/24\/sheinbaum-anuncia-colaboracion-con-carlos-slim-para-impulsar-inversion-por-nearshoring-en-mexico\/#primaryimage\"},\"thumbnailUrl\":\"https:\/\/www.nexoinformativo.mx\/wp-content\/uploads\/2024\/10\/IMG_7212.jpg\",\"datePublished\":\"2024-10-24T21:00:34+00:00\",\"dateModified\":\"2024-10-24T23:09:56+00:00\",\"description\":\"Sheinbaum Anuncia colaboraci\u00f3n con Carlos Slim para impulsar inversi\u00f3n por Nearshoring en M\u00e9xico\",\"breadcrumb\":{\"@id\":\"https:\/\/www.nexoinformativo.mx\/index.php\/2024\/10\/24\/sheinbaum-anuncia-colaboracion-con-carlos-slim-para-impulsar-inversion-por-nearshoring-en-mexico\/#breadcrumb\"},\"inLanguage\":\"es\",\"potentialAction\":[{\"@type\":\"ReadAction\",\"target\":[\"https:\/\/www.nexoinformativo.mx\/index.php\/2024\/10\/24\/sheinbaum-anuncia-colaboracion-con-carlos-slim-para-impulsar-inversion-por-nearshoring-en-mexico\/\"]}]},{\"@type\":\"ImageObject\",\"inLanguage\":\"es\",\"@id\":\"https:\/\/www.nexoinformativo.mx\/index.php\/2024\/10\/24\/sheinbaum-anuncia-colaboracion-con-carlos-slim-para-impulsar-inversion-por-nearshoring-en-mexico\/#primaryimage\",\"url\":\"https:\/\/www.nexoinformativo.mx\/wp-content\/uploads\/2024\/10\/IMG_7212.jpg\",\"contentUrl\":\"https:\/\/www.nexoinformativo.mx\/wp-content\/uploads\/2024\/10\/IMG_7212.jpg\",\"width\":520,\"height\":415},{\"@type\":\"BreadcrumbList\",\"@id\":\"https:\/\/www.nexoinformativo.mx\/index.php\/2024\/10\/24\/sheinbaum-anuncia-colaboracion-con-carlos-slim-para-impulsar-inversion-por-nearshoring-en-mexico\/#breadcrumb\",\"itemListElement\":[{\"@type\":\"ListItem\",\"position\":1,\"name\":\"Inicio\",\"item\":\"https:\/\/www.nexoinformativo.mx\/\"},{\"@type\":\"ListItem\",\"position\":2,\"name\":\"Sheinbaum Anuncia colaboraci\u00f3n con Carlos Slim para impulsar inversi\u00f3n por Nearshoring en M\u00e9xico\"}]},{\"@type\":\"WebSite\",\"@id\":\"https:\/\/www.nexoinformativo.mx\/#website\",\"url\":\"https:\/\/www.nexoinformativo.mx\/\",\"name\":\"Nexo Informativo Santiago de Quer\u00e9taro\",\"description\":\"Explora NexoInformativo y convi\u00e9rtete en parte de una comunidad que valora el conocimiento y la verdad. Tu nexoinformativo es tu puente hacia una comprensi\u00f3n m\u00e1s profunda del mundo que te rodea.\",\"publisher\":{\"@id\":\"https:\/\/www.nexoinformativo.mx\/#organization\"},\"potentialAction\":[{\"@type\":\"SearchAction\",\"target\":{\"@type\":\"EntryPoint\",\"urlTemplate\":\"https:\/\/www.nexoinformativo.mx\/?s={search_term_string}\"},\"query-input\":{\"@type\":\"PropertyValueSpecification\",\"valueRequired\":true,\"valueName\":\"search_term_string\"}}],\"inLanguage\":\"es\"},{\"@type\":\"Organization\",\"@id\":\"https:\/\/www.nexoinformativo.mx\/#organization\",\"name\":\"Nexo Informativo Santiago de Quer\u00e9taro\",\"url\":\"https:\/\/www.nexoinformativo.mx\/\",\"logo\":{\"@type\":\"ImageObject\",\"inLanguage\":\"es\",\"@id\":\"https:\/\/www.nexoinformativo.mx\/#\/schema\/logo\/image\/\",\"url\":\"https:\/\/www.nexoinformativo.mx\/wp-content\/uploads\/2024\/07\/nexoi-trasparente-2.png\",\"contentUrl\":\"https:\/\/www.nexoinformativo.mx\/wp-content\/uploads\/2024\/07\/nexoi-trasparente-2.png\",\"width\":816,\"height\":339,\"caption\":\"Nexo Informativo Santiago de Quer\u00e9taro\"},\"image\":{\"@id\":\"https:\/\/www.nexoinformativo.mx\/#\/schema\/logo\/image\/\"},\"sameAs\":[\"https:\/\/www.facebook.com\/people\/Nexo-Informativo\/61564066885511\/\"]},{\"@type\":\"Person\",\"@id\":\"https:\/\/www.nexoinformativo.mx\/#\/schema\/person\/7749d380ba08c8ca00d7bc76fd907b7d\",\"name\":\"Nexo Informativo\",\"image\":{\"@type\":\"ImageObject\",\"inLanguage\":\"es\",\"@id\":\"https:\/\/www.nexoinformativo.mx\/#\/schema\/person\/image\/\",\"url\":\"https:\/\/secure.gravatar.com\/avatar\/dde2928154642a13d95f87ddf1ea9718fe2b46760a005c53e41ff5ad610704e6?s=96&d=mm&r=g\",\"contentUrl\":\"https:\/\/secure.gravatar.com\/avatar\/dde2928154642a13d95f87ddf1ea9718fe2b46760a005c53e41ff5ad610704e6?s=96&d=mm&r=g\",\"caption\":\"Nexo Informativo\"},\"url\":\"https:\/\/www.nexoinformativo.mx\/index.php\/author\/edicion\/\"}]}<\/script>\n<!-- \/ Yoast SEO plugin. -->","yoast_head_json":{"title":"Sheinbaum Anuncia colaboraci\u00f3n con Carlos Slim para impulsar inversi\u00f3n por Nearshoring en M\u00e9xico | Nexo Informativo Santiago de Quer\u00e9taro","description":"Sheinbaum Anuncia colaboraci\u00f3n con Carlos Slim para impulsar inversi\u00f3n por Nearshoring en M\u00e9xico","robots":{"index":"index","follow":"follow","max-snippet":"max-snippet:-1","max-image-preview":"max-image-preview:large","max-video-preview":"max-video-preview:-1"},"canonical":"https:\/\/www.nexoinformativo.mx\/index.php\/2024\/10\/24\/sheinbaum-anuncia-colaboracion-con-carlos-slim-para-impulsar-inversion-por-nearshoring-en-mexico\/","og_locale":"es_MX","og_type":"article","og_title":"Sheinbaum Anuncia colaboraci\u00f3n con Carlos Slim para impulsar inversi\u00f3n por Nearshoring en M\u00e9xico | Nexo Informativo Santiago de Quer\u00e9taro","og_description":"Sheinbaum Anuncia colaboraci\u00f3n con Carlos Slim para impulsar inversi\u00f3n por Nearshoring en M\u00e9xico","og_url":"https:\/\/www.nexoinformativo.mx\/index.php\/2024\/10\/24\/sheinbaum-anuncia-colaboracion-con-carlos-slim-para-impulsar-inversion-por-nearshoring-en-mexico\/","og_site_name":"Nexo Informativo Santiago de Quer\u00e9taro","article_publisher":"https:\/\/www.facebook.com\/people\/Nexo-Informativo\/61564066885511\/","article_published_time":"2024-10-24T21:00:34+00:00","article_modified_time":"2024-10-24T23:09:56+00:00","og_image":[{"width":520,"height":415,"url":"https:\/\/www.nexoinformativo.mx\/wp-content\/uploads\/2024\/10\/IMG_7212.jpg","type":"image\/jpeg"}],"author":"Nexo Informativo","twitter_card":"summary_large_image","twitter_misc":{"Escrito por":"Nexo Informativo","Tiempo de lectura":"2 minutos"},"schema":{"@context":"https:\/\/schema.org","@graph":[{"@type":"Article","@id":"https:\/\/www.nexoinformativo.mx\/index.php\/2024\/10\/24\/sheinbaum-anuncia-colaboracion-con-carlos-slim-para-impulsar-inversion-por-nearshoring-en-mexico\/#article","isPartOf":{"@id":"https:\/\/www.nexoinformativo.mx\/index.php\/2024\/10\/24\/sheinbaum-anuncia-colaboracion-con-carlos-slim-para-impulsar-inversion-por-nearshoring-en-mexico\/"},"author":{"name":"Nexo Informativo","@id":"https:\/\/www.nexoinformativo.mx\/#\/schema\/person\/7749d380ba08c8ca00d7bc76fd907b7d"},"headline":"Sheinbaum Anuncia colaboraci\u00f3n con Carlos Slim para impulsar inversi\u00f3n por Nearshoring en M\u00e9xico","datePublished":"2024-10-24T21:00:34+00:00","dateModified":"2024-10-24T23:09:56+00:00","mainEntityOfPage":{"@id":"https:\/\/www.nexoinformativo.mx\/index.php\/2024\/10\/24\/sheinbaum-anuncia-colaboracion-con-carlos-slim-para-impulsar-inversion-por-nearshoring-en-mexico\/"},"wordCount":334,"commentCount":0,"publisher":{"@id":"https:\/\/www.nexoinformativo.mx\/#organization"},"image":{"@id":"https:\/\/www.nexoinformativo.mx\/index.php\/2024\/10\/24\/sheinbaum-anuncia-colaboracion-con-carlos-slim-para-impulsar-inversion-por-nearshoring-en-mexico\/#primaryimage"},"thumbnailUrl":"https:\/\/www.nexoinformativo.mx\/wp-content\/uploads\/2024\/10\/IMG_7212.jpg","keywords":["CarlosSlim","ClaudiaSheinbaum","inversi\u00f3nPrivada","Nearshoring"],"articleSection":["Econom\u00eda","Nacional","Pol\u00edtica"],"inLanguage":"es","potentialAction":[{"@type":"CommentAction","name":"Comment","target":["https:\/\/www.nexoinformativo.mx\/index.php\/2024\/10\/24\/sheinbaum-anuncia-colaboracion-con-carlos-slim-para-impulsar-inversion-por-nearshoring-en-mexico\/#respond"]}]},{"@type":"WebPage","@id":"https:\/\/www.nexoinformativo.mx\/index.php\/2024\/10\/24\/sheinbaum-anuncia-colaboracion-con-carlos-slim-para-impulsar-inversion-por-nearshoring-en-mexico\/","url":"https:\/\/www.nexoinformativo.mx\/index.php\/2024\/10\/24\/sheinbaum-anuncia-colaboracion-con-carlos-slim-para-impulsar-inversion-por-nearshoring-en-mexico\/","name":"Sheinbaum Anuncia colaboraci\u00f3n con Carlos Slim para impulsar inversi\u00f3n por Nearshoring en M\u00e9xico | Nexo Informativo Santiago de Quer\u00e9taro","isPartOf":{"@id":"https:\/\/www.nexoinformativo.mx\/#website"},"primaryImageOfPage":{"@id":"https:\/\/www.nexoinformativo.mx\/index.php\/2024\/10\/24\/sheinbaum-anuncia-colaboracion-con-carlos-slim-para-impulsar-inversion-por-nearshoring-en-mexico\/#primaryimage"},"image":{"@id":"https:\/\/www.nexoinformativo.mx\/index.php\/2024\/10\/24\/sheinbaum-anuncia-colaboracion-con-carlos-slim-para-impulsar-inversion-por-nearshoring-en-mexico\/#primaryimage"},"thumbnailUrl":"https:\/\/www.nexoinformativo.mx\/wp-content\/uploads\/2024\/10\/IMG_7212.jpg","datePublished":"2024-10-24T21:00:34+00:00","dateModified":"2024-10-24T23:09:56+00:00","description":"Sheinbaum Anuncia colaboraci\u00f3n con Carlos Slim para impulsar inversi\u00f3n por Nearshoring en M\u00e9xico","breadcrumb":{"@id":"https:\/\/www.nexoinformativo.mx\/index.php\/2024\/10\/24\/sheinbaum-anuncia-colaboracion-con-carlos-slim-para-impulsar-inversion-por-nearshoring-en-mexico\/#breadcrumb"},"inLanguage":"es","potentialAction":[{"@type":"ReadAction","target":["https:\/\/www.nexoinformativo.mx\/index.php\/2024\/10\/24\/sheinbaum-anuncia-colaboracion-con-carlos-slim-para-impulsar-inversion-por-nearshoring-en-mexico\/"]}]},{"@type":"ImageObject","inLanguage":"es","@id":"https:\/\/www.nexoinformativo.mx\/index.php\/2024\/10\/24\/sheinbaum-anuncia-colaboracion-con-carlos-slim-para-impulsar-inversion-por-nearshoring-en-mexico\/#primaryimage","url":"https:\/\/www.nexoinformativo.mx\/wp-content\/uploads\/2024\/10\/IMG_7212.jpg","contentUrl":"https:\/\/www.nexoinformativo.mx\/wp-content\/uploads\/2024\/10\/IMG_7212.jpg","width":520,"height":415},{"@type":"BreadcrumbList","@id":"https:\/\/www.nexoinformativo.mx\/index.php\/2024\/10\/24\/sheinbaum-anuncia-colaboracion-con-carlos-slim-para-impulsar-inversion-por-nearshoring-en-mexico\/#breadcrumb","itemListElement":[{"@type":"ListItem","position":1,"name":"Inicio","item":"https:\/\/www.nexoinformativo.mx\/"},{"@type":"ListItem","position":2,"name":"Sheinbaum Anuncia colaboraci\u00f3n con Carlos Slim para impulsar inversi\u00f3n por Nearshoring en M\u00e9xico"}]},{"@type":"WebSite","@id":"https:\/\/www.nexoinformativo.mx\/#website","url":"https:\/\/www.nexoinformativo.mx\/","name":"Nexo Informativo Santiago de Quer\u00e9taro","description":"Explora NexoInformativo y convi\u00e9rtete en parte de una comunidad que valora el conocimiento y la verdad. Tu nexoinformativo es tu puente hacia una comprensi\u00f3n m\u00e1s profunda del mundo que te rodea.","publisher":{"@id":"https:\/\/www.nexoinformativo.mx\/#organization"},"potentialAction":[{"@type":"SearchAction","target":{"@type":"EntryPoint","urlTemplate":"https:\/\/www.nexoinformativo.mx\/?s={search_term_string}"},"query-input":{"@type":"PropertyValueSpecification","valueRequired":true,"valueName":"search_term_string"}}],"inLanguage":"es"},{"@type":"Organization","@id":"https:\/\/www.nexoinformativo.mx\/#organization","name":"Nexo Informativo Santiago de Quer\u00e9taro","url":"https:\/\/www.nexoinformativo.mx\/","logo":{"@type":"ImageObject","inLanguage":"es","@id":"https:\/\/www.nexoinformativo.mx\/#\/schema\/logo\/image\/","url":"https:\/\/www.nexoinformativo.mx\/wp-content\/uploads\/2024\/07\/nexoi-trasparente-2.png","contentUrl":"https:\/\/www.nexoinformativo.mx\/wp-content\/uploads\/2024\/07\/nexoi-trasparente-2.png","width":816,"height":339,"caption":"Nexo Informativo Santiago de Quer\u00e9taro"},"image":{"@id":"https:\/\/www.nexoinformativo.mx\/#\/schema\/logo\/image\/"},"sameAs":["https:\/\/www.facebook.com\/people\/Nexo-Informativo\/61564066885511\/"]},{"@type":"Person","@id":"https:\/\/www.nexoinformativo.mx\/#\/schema\/person\/7749d380ba08c8ca00d7bc76fd907b7d","name":"Nexo Informativo","image":{"@type":"ImageObject","inLanguage":"es","@id":"https:\/\/www.nexoinformativo.mx\/#\/schema\/person\/image\/","url":"https:\/\/secure.gravatar.com\/avatar\/dde2928154642a13d95f87ddf1ea9718fe2b46760a005c53e41ff5ad610704e6?s=96&d=mm&r=g","contentUrl":"https:\/\/secure.gravatar.com\/avatar\/dde2928154642a13d95f87ddf1ea9718fe2b46760a005c53e41ff5ad610704e6?s=96&d=mm&r=g","caption":"Nexo Informativo"},"url":"https:\/\/www.nexoinformativo.mx\/index.php\/author\/edicion\/"}]}},"_links":{"self":[{"href":"https:\/\/www.nexoinformativo.mx\/index.php\/wp-json\/wp\/v2\/posts\/4448","targetHints":{"allow":["GET"]}}],"collection":[{"href":"https:\/\/www.nexoinformativo.mx\/index.php\/wp-json\/wp\/v2\/posts"}],"about":[{"href":"https:\/\/www.nexoinformativo.mx\/index.php\/wp-json\/wp\/v2\/types\/post"}],"author":[{"embeddable":true,"href":"https:\/\/www.nexoinformativo.mx\/index.php\/wp-json\/wp\/v2\/users\/3"}],"replies":[{"embeddable":true,"href":"https:\/\/www.nexoinformativo.mx\/index.php\/wp-json\/wp\/v2\/comments?post=4448"}],"version-history":[{"count":8,"href":"https:\/\/www.nexoinformativo.mx\/index.php\/wp-json\/wp\/v2\/posts\/4448\/revisions"}],"predecessor-version":[{"id":4465,"href":"https:\/\/www.nexoinformativo.mx\/index.php\/wp-json\/wp\/v2\/posts\/4448\/revisions\/4465"}],"wp:featuredmedia":[{"embeddable":true,"href":"https:\/\/www.nexoinformativo.mx\/index.php\/wp-json\/wp\/v2\/media\/4449"}],"wp:attachment":[{"href":"https:\/\/www.nexoinformativo.mx\/index.php\/wp-json\/wp\/v2\/media?parent=4448"}],"wp:term":[{"taxonomy":"category","embeddable":true,"href":"https:\/\/www.nexoinformativo.mx\/index.php\/wp-json\/wp\/v2\/categories?post=4448"},{"taxonomy":"post_tag","embeddable":true,"href":"https:\/\/www.nexoinformativo.mx\/index.php\/wp-json\/wp\/v2\/tags?post=4448"}],"curies":[{"name":"wp","href":"https:\/\/api.w.org\/{rel}","templated":true}]}}