{"id":4470,"date":"2024-10-24T19:00:17","date_gmt":"2024-10-25T01:00:17","guid":{"rendered":"https:\/\/www.nexoinformativo.mx\/?p=4470"},"modified":"2024-10-24T20:19:33","modified_gmt":"2024-10-25T02:19:33","slug":"claudia-sheinbaum-recibe-en-palacio-nacional-a-malala-yousafzai-premio-nobel-de-la-paz-un-encuentro-por-la-educacion-y-empoderamiento-femenino","status":"publish","type":"post","link":"https:\/\/www.nexoinformativo.mx\/index.php\/2024\/10\/24\/claudia-sheinbaum-recibe-en-palacio-nacional-a-malala-yousafzai-premio-nobel-de-la-paz-un-encuentro-por-la-educacion-y-empoderamiento-femenino\/","title":{"rendered":"Claudia Sheinbaum Recibe en Palacio Nacional a Malala Yousafzai Premio Nobel de La Paz: Un encuentro por la educaci\u00f3n y empoderamiento femenino"},"content":{"rendered":"<p style=\"text-align: justify;\">La presidenta de M\u00e9xico, Claudia Sheinbaum, se reuni\u00f3 en Palacio Nacional con la activista pakistan\u00ed y Premio Nobel de la Paz 2014, Malala Yousafzai. Este encuentro, que fue compartido en redes sociales por la jefa del Ejecutivo federal, subraya la importancia del derecho a la educaci\u00f3n para todas las ni\u00f1as y j\u00f3venes.<\/p>\n<p>&nbsp;<\/p>\n<p style=\"text-align: justify;\">Durante la reuni\u00f3n, Sheinbaum destac\u00f3 que <strong>\u201cEs tiempo de mujeres\u201d<\/strong> y que estas pueden alcanzar cualquier meta que se propongan, desde ser polic\u00edas o bomberas hasta ocupar la presidencia. <strong>\u201cLas mujeres podemos ser lo que queramos\u201d<\/strong>, enfatiz\u00f3 la mandataria, reafirmando su compromiso con el empoderamiento femenino.<\/p>\n<p>&nbsp;<\/p>\n<p style=\"text-align: justify;\">Malala Yousafzai, conocida por su lucha en favor de los derechos de las ni\u00f1as a la educaci\u00f3n, aprovech\u00f3 la ocasi\u00f3n para felicitar a Sheinbaum por su ascenso a la presidencia.<strong> \u201cSiempre es una buena noticia cuando escuchamos que una mujer llega a posiciones de liderazgo. Da esperanza a las mujeres sobre tener un futuro mejor y m\u00e1s seguro\u201d<\/strong>, coment\u00f3 la activista.<\/p>\n<p>&nbsp;<\/p>\n<p style=\"text-align: justify;\">El encuentro incluy\u00f3 un recorrido por algunos espacios de Palacio Nacional, donde ambas l\u00edderes discutieron temas relacionados con la educaci\u00f3n y el empoderamiento de las mujeres. Adem\u00e1s de su reuni\u00f3n, Malala visit\u00f3 la Casa Azul, Museo Frida Kahlo, en Coyoac\u00e1n, donde expres\u00f3 su admiraci\u00f3n por la ic\u00f3nica pintora mexicana.<\/p>\n<p>&nbsp;<\/p>\n<p style=\"text-align: justify;\"><strong>\u201cFrida ha inspirado a personas, incluyendo a mujeres como nosotras en Pakist\u00e1n, a creer en s\u00ed mismas, ser ellas mismas y expresarse\u201d<\/strong>, mencion\u00f3 Yousafzai al firmar el libro de visitantes.<\/p>\n<p>&nbsp;<\/p>\n<p style=\"text-align: justify;\">Esta visita de Malala a la Ciudad de M\u00e9xico se enmarca en su participaci\u00f3n en el HABLA SUMMIT 2024, donde se abordar\u00e1n temas cruciales sobre los derechos de las mujeres y la educaci\u00f3n.<\/p>\n<p>&nbsp;<\/p>\n<p style=\"text-align: center;\"><em><strong>\u00a1Informaci\u00f3n que transforma!<\/strong><\/em><\/p>\n","protected":false},"excerpt":{"rendered":"<p>La presidenta de M\u00e9xico, Claudia Sheinbaum Pardo, se reuni\u00f3 en Palacio Nacional con la activista pakistan\u00ed y Premio Nobel de la Paz, Malala Yousafzai.<\/p>\n","protected":false},"author":3,"featured_media":4471,"comment_status":"open","ping_status":"open","sticky":false,"template":"","format":"standard","meta":{"footnotes":""},"categories":[88,21,58],"tags":[967,1627,1417,1626],"class_list":["post-4470","post","type-post","status-publish","format-standard","has-post-thumbnail","hentry","category-nacional","category-politica","category-ultima-hora","tag-claudiasheinbaum","tag-derechoalaeducacion","tag-empoderamientofemenino","tag-malalayousafzai"],"yoast_head":"<!-- This site is optimized with the Yoast SEO plugin v25.0 - https:\/\/yoast.com\/wordpress\/plugins\/seo\/ -->\n<title>Claudia Sheinbaum Recibe en Palacio Nacional a Malala Yousafzai Premio Nobel de La Paz: Un encuentro por la educaci\u00f3n y empoderamiento femenino | Nexo Informativo Santiago de Quer\u00e9taro<\/title>\n<meta name=\"description\" content=\"Claudia Sheinbaum Recibe en Palacio Nacional a Malala Yousafzai Premio Nobel de La Paz: Un encuentro por la educaci\u00f3n y empoderamiento femenino\" \/>\n<meta name=\"robots\" content=\"index, follow, max-snippet:-1, max-image-preview:large, max-video-preview:-1\" \/>\n<link rel=\"canonical\" href=\"https:\/\/www.nexoinformativo.mx\/index.php\/2024\/10\/24\/claudia-sheinbaum-recibe-en-palacio-nacional-a-malala-yousafzai-premio-nobel-de-la-paz-un-encuentro-por-la-educacion-y-empoderamiento-femenino\/\" \/>\n<meta property=\"og:locale\" content=\"es_MX\" \/>\n<meta property=\"og:type\" content=\"article\" \/>\n<meta property=\"og:title\" content=\"Claudia Sheinbaum Recibe en Palacio Nacional a Malala Yousafzai Premio Nobel de La Paz: Un encuentro por la educaci\u00f3n y empoderamiento femenino | Nexo Informativo Santiago de Quer\u00e9taro\" \/>\n<meta property=\"og:description\" content=\"Claudia Sheinbaum Recibe en Palacio Nacional a Malala Yousafzai Premio Nobel de La Paz: Un encuentro por la educaci\u00f3n y empoderamiento femenino\" \/>\n<meta property=\"og:url\" content=\"https:\/\/www.nexoinformativo.mx\/index.php\/2024\/10\/24\/claudia-sheinbaum-recibe-en-palacio-nacional-a-malala-yousafzai-premio-nobel-de-la-paz-un-encuentro-por-la-educacion-y-empoderamiento-femenino\/\" \/>\n<meta property=\"og:site_name\" content=\"Nexo Informativo Santiago de Quer\u00e9taro\" \/>\n<meta property=\"article:publisher\" content=\"https:\/\/www.facebook.com\/people\/Nexo-Informativo\/61564066885511\/\" \/>\n<meta property=\"article:published_time\" content=\"2024-10-25T01:00:17+00:00\" \/>\n<meta property=\"article:modified_time\" content=\"2024-10-25T02:19:33+00:00\" \/>\n<meta property=\"og:image\" content=\"https:\/\/www.nexoinformativo.mx\/wp-content\/uploads\/2024\/10\/IMG_7226-e1729822486656.jpg\" \/>\n\t<meta property=\"og:image:width\" content=\"800\" \/>\n\t<meta property=\"og:image:height\" content=\"524\" \/>\n\t<meta property=\"og:image:type\" content=\"image\/jpeg\" \/>\n<meta name=\"author\" content=\"Nexo Informativo\" \/>\n<meta name=\"twitter:card\" content=\"summary_large_image\" \/>\n<meta name=\"twitter:label1\" content=\"Escrito por\" \/>\n\t<meta name=\"twitter:data1\" content=\"Nexo Informativo\" \/>\n\t<meta name=\"twitter:label2\" content=\"Tiempo de lectura\" \/>\n\t<meta name=\"twitter:data2\" content=\"2 minutos\" \/>\n<script type=\"application\/ld+json\" class=\"yoast-schema-graph\">{\"@context\":\"https:\/\/schema.org\",\"@graph\":[{\"@type\":\"Article\",\"@id\":\"https:\/\/www.nexoinformativo.mx\/index.php\/2024\/10\/24\/claudia-sheinbaum-recibe-en-palacio-nacional-a-malala-yousafzai-premio-nobel-de-la-paz-un-encuentro-por-la-educacion-y-empoderamiento-femenino\/#article\",\"isPartOf\":{\"@id\":\"https:\/\/www.nexoinformativo.mx\/index.php\/2024\/10\/24\/claudia-sheinbaum-recibe-en-palacio-nacional-a-malala-yousafzai-premio-nobel-de-la-paz-un-encuentro-por-la-educacion-y-empoderamiento-femenino\/\"},\"author\":{\"name\":\"Nexo Informativo\",\"@id\":\"https:\/\/www.nexoinformativo.mx\/#\/schema\/person\/7749d380ba08c8ca00d7bc76fd907b7d\"},\"headline\":\"Claudia Sheinbaum Recibe en Palacio Nacional a Malala Yousafzai Premio Nobel de La Paz: Un encuentro por la educaci\u00f3n y empoderamiento femenino\",\"datePublished\":\"2024-10-25T01:00:17+00:00\",\"dateModified\":\"2024-10-25T02:19:33+00:00\",\"mainEntityOfPage\":{\"@id\":\"https:\/\/www.nexoinformativo.mx\/index.php\/2024\/10\/24\/claudia-sheinbaum-recibe-en-palacio-nacional-a-malala-yousafzai-premio-nobel-de-la-paz-un-encuentro-por-la-educacion-y-empoderamiento-femenino\/\"},\"wordCount\":324,\"commentCount\":0,\"publisher\":{\"@id\":\"https:\/\/www.nexoinformativo.mx\/#organization\"},\"image\":{\"@id\":\"https:\/\/www.nexoinformativo.mx\/index.php\/2024\/10\/24\/claudia-sheinbaum-recibe-en-palacio-nacional-a-malala-yousafzai-premio-nobel-de-la-paz-un-encuentro-por-la-educacion-y-empoderamiento-femenino\/#primaryimage\"},\"thumbnailUrl\":\"https:\/\/www.nexoinformativo.mx\/wp-content\/uploads\/2024\/10\/IMG_7226-e1729822486656.jpg\",\"keywords\":[\"ClaudiaSheinbaum\",\"DerechoALaEducaci\u00f3n\",\"EmpoderamientoFemenino\",\"MalalaYousafzai\"],\"articleSection\":[\"Nacional\",\"Pol\u00edtica\",\"\u00daltima Hora\"],\"inLanguage\":\"es\",\"potentialAction\":[{\"@type\":\"CommentAction\",\"name\":\"Comment\",\"target\":[\"https:\/\/www.nexoinformativo.mx\/index.php\/2024\/10\/24\/claudia-sheinbaum-recibe-en-palacio-nacional-a-malala-yousafzai-premio-nobel-de-la-paz-un-encuentro-por-la-educacion-y-empoderamiento-femenino\/#respond\"]}]},{\"@type\":\"WebPage\",\"@id\":\"https:\/\/www.nexoinformativo.mx\/index.php\/2024\/10\/24\/claudia-sheinbaum-recibe-en-palacio-nacional-a-malala-yousafzai-premio-nobel-de-la-paz-un-encuentro-por-la-educacion-y-empoderamiento-femenino\/\",\"url\":\"https:\/\/www.nexoinformativo.mx\/index.php\/2024\/10\/24\/claudia-sheinbaum-recibe-en-palacio-nacional-a-malala-yousafzai-premio-nobel-de-la-paz-un-encuentro-por-la-educacion-y-empoderamiento-femenino\/\",\"name\":\"Claudia Sheinbaum Recibe en Palacio Nacional a Malala Yousafzai Premio Nobel de La Paz: Un encuentro por la educaci\u00f3n y empoderamiento femenino | Nexo Informativo Santiago de Quer\u00e9taro\",\"isPartOf\":{\"@id\":\"https:\/\/www.nexoinformativo.mx\/#website\"},\"primaryImageOfPage\":{\"@id\":\"https:\/\/www.nexoinformativo.mx\/index.php\/2024\/10\/24\/claudia-sheinbaum-recibe-en-palacio-nacional-a-malala-yousafzai-premio-nobel-de-la-paz-un-encuentro-por-la-educacion-y-empoderamiento-femenino\/#primaryimage\"},\"image\":{\"@id\":\"https:\/\/www.nexoinformativo.mx\/index.php\/2024\/10\/24\/claudia-sheinbaum-recibe-en-palacio-nacional-a-malala-yousafzai-premio-nobel-de-la-paz-un-encuentro-por-la-educacion-y-empoderamiento-femenino\/#primaryimage\"},\"thumbnailUrl\":\"https:\/\/www.nexoinformativo.mx\/wp-content\/uploads\/2024\/10\/IMG_7226-e1729822486656.jpg\",\"datePublished\":\"2024-10-25T01:00:17+00:00\",\"dateModified\":\"2024-10-25T02:19:33+00:00\",\"description\":\"Claudia Sheinbaum Recibe en Palacio Nacional a Malala Yousafzai Premio Nobel de La Paz: Un encuentro por la educaci\u00f3n y empoderamiento femenino\",\"breadcrumb\":{\"@id\":\"https:\/\/www.nexoinformativo.mx\/index.php\/2024\/10\/24\/claudia-sheinbaum-recibe-en-palacio-nacional-a-malala-yousafzai-premio-nobel-de-la-paz-un-encuentro-por-la-educacion-y-empoderamiento-femenino\/#breadcrumb\"},\"inLanguage\":\"es\",\"potentialAction\":[{\"@type\":\"ReadAction\",\"target\":[\"https:\/\/www.nexoinformativo.mx\/index.php\/2024\/10\/24\/claudia-sheinbaum-recibe-en-palacio-nacional-a-malala-yousafzai-premio-nobel-de-la-paz-un-encuentro-por-la-educacion-y-empoderamiento-femenino\/\"]}]},{\"@type\":\"ImageObject\",\"inLanguage\":\"es\",\"@id\":\"https:\/\/www.nexoinformativo.mx\/index.php\/2024\/10\/24\/claudia-sheinbaum-recibe-en-palacio-nacional-a-malala-yousafzai-premio-nobel-de-la-paz-un-encuentro-por-la-educacion-y-empoderamiento-femenino\/#primaryimage\",\"url\":\"https:\/\/www.nexoinformativo.mx\/wp-content\/uploads\/2024\/10\/IMG_7226-e1729822486656.jpg\",\"contentUrl\":\"https:\/\/www.nexoinformativo.mx\/wp-content\/uploads\/2024\/10\/IMG_7226-e1729822486656.jpg\",\"width\":800,\"height\":524,\"caption\":\"Screenshot\"},{\"@type\":\"BreadcrumbList\",\"@id\":\"https:\/\/www.nexoinformativo.mx\/index.php\/2024\/10\/24\/claudia-sheinbaum-recibe-en-palacio-nacional-a-malala-yousafzai-premio-nobel-de-la-paz-un-encuentro-por-la-educacion-y-empoderamiento-femenino\/#breadcrumb\",\"itemListElement\":[{\"@type\":\"ListItem\",\"position\":1,\"name\":\"Inicio\",\"item\":\"https:\/\/www.nexoinformativo.mx\/\"},{\"@type\":\"ListItem\",\"position\":2,\"name\":\"Claudia Sheinbaum Recibe en Palacio Nacional a Malala Yousafzai Premio Nobel de La Paz: Un encuentro por la educaci\u00f3n y empoderamiento femenino\"}]},{\"@type\":\"WebSite\",\"@id\":\"https:\/\/www.nexoinformativo.mx\/#website\",\"url\":\"https:\/\/www.nexoinformativo.mx\/\",\"name\":\"Nexo Informativo Santiago de Quer\u00e9taro\",\"description\":\"Explora NexoInformativo y convi\u00e9rtete en parte de una comunidad que valora el conocimiento y la verdad. Tu nexoinformativo es tu puente hacia una comprensi\u00f3n m\u00e1s profunda del mundo que te rodea.\",\"publisher\":{\"@id\":\"https:\/\/www.nexoinformativo.mx\/#organization\"},\"potentialAction\":[{\"@type\":\"SearchAction\",\"target\":{\"@type\":\"EntryPoint\",\"urlTemplate\":\"https:\/\/www.nexoinformativo.mx\/?s={search_term_string}\"},\"query-input\":{\"@type\":\"PropertyValueSpecification\",\"valueRequired\":true,\"valueName\":\"search_term_string\"}}],\"inLanguage\":\"es\"},{\"@type\":\"Organization\",\"@id\":\"https:\/\/www.nexoinformativo.mx\/#organization\",\"name\":\"Nexo Informativo Santiago de Quer\u00e9taro\",\"url\":\"https:\/\/www.nexoinformativo.mx\/\",\"logo\":{\"@type\":\"ImageObject\",\"inLanguage\":\"es\",\"@id\":\"https:\/\/www.nexoinformativo.mx\/#\/schema\/logo\/image\/\",\"url\":\"https:\/\/www.nexoinformativo.mx\/wp-content\/uploads\/2024\/07\/nexoi-trasparente-2.png\",\"contentUrl\":\"https:\/\/www.nexoinformativo.mx\/wp-content\/uploads\/2024\/07\/nexoi-trasparente-2.png\",\"width\":816,\"height\":339,\"caption\":\"Nexo Informativo Santiago de Quer\u00e9taro\"},\"image\":{\"@id\":\"https:\/\/www.nexoinformativo.mx\/#\/schema\/logo\/image\/\"},\"sameAs\":[\"https:\/\/www.facebook.com\/people\/Nexo-Informativo\/61564066885511\/\"]},{\"@type\":\"Person\",\"@id\":\"https:\/\/www.nexoinformativo.mx\/#\/schema\/person\/7749d380ba08c8ca00d7bc76fd907b7d\",\"name\":\"Nexo Informativo\",\"image\":{\"@type\":\"ImageObject\",\"inLanguage\":\"es\",\"@id\":\"https:\/\/www.nexoinformativo.mx\/#\/schema\/person\/image\/\",\"url\":\"https:\/\/secure.gravatar.com\/avatar\/dde2928154642a13d95f87ddf1ea9718fe2b46760a005c53e41ff5ad610704e6?s=96&d=mm&r=g\",\"contentUrl\":\"https:\/\/secure.gravatar.com\/avatar\/dde2928154642a13d95f87ddf1ea9718fe2b46760a005c53e41ff5ad610704e6?s=96&d=mm&r=g\",\"caption\":\"Nexo Informativo\"},\"url\":\"https:\/\/www.nexoinformativo.mx\/index.php\/author\/edicion\/\"}]}<\/script>\n<!-- \/ Yoast SEO plugin. -->","yoast_head_json":{"title":"Claudia Sheinbaum Recibe en Palacio Nacional a Malala Yousafzai Premio Nobel de La Paz: Un encuentro por la educaci\u00f3n y empoderamiento femenino | Nexo Informativo Santiago de Quer\u00e9taro","description":"Claudia Sheinbaum Recibe en Palacio Nacional a Malala Yousafzai Premio Nobel de La Paz: Un encuentro por la educaci\u00f3n y empoderamiento femenino","robots":{"index":"index","follow":"follow","max-snippet":"max-snippet:-1","max-image-preview":"max-image-preview:large","max-video-preview":"max-video-preview:-1"},"canonical":"https:\/\/www.nexoinformativo.mx\/index.php\/2024\/10\/24\/claudia-sheinbaum-recibe-en-palacio-nacional-a-malala-yousafzai-premio-nobel-de-la-paz-un-encuentro-por-la-educacion-y-empoderamiento-femenino\/","og_locale":"es_MX","og_type":"article","og_title":"Claudia Sheinbaum Recibe en Palacio Nacional a Malala Yousafzai Premio Nobel de La Paz: Un encuentro por la educaci\u00f3n y empoderamiento femenino | Nexo Informativo Santiago de Quer\u00e9taro","og_description":"Claudia Sheinbaum Recibe en Palacio Nacional a Malala Yousafzai Premio Nobel de La Paz: Un encuentro por la educaci\u00f3n y empoderamiento femenino","og_url":"https:\/\/www.nexoinformativo.mx\/index.php\/2024\/10\/24\/claudia-sheinbaum-recibe-en-palacio-nacional-a-malala-yousafzai-premio-nobel-de-la-paz-un-encuentro-por-la-educacion-y-empoderamiento-femenino\/","og_site_name":"Nexo Informativo Santiago de Quer\u00e9taro","article_publisher":"https:\/\/www.facebook.com\/people\/Nexo-Informativo\/61564066885511\/","article_published_time":"2024-10-25T01:00:17+00:00","article_modified_time":"2024-10-25T02:19:33+00:00","og_image":[{"width":800,"height":524,"url":"https:\/\/www.nexoinformativo.mx\/wp-content\/uploads\/2024\/10\/IMG_7226-e1729822486656.jpg","type":"image\/jpeg"}],"author":"Nexo Informativo","twitter_card":"summary_large_image","twitter_misc":{"Escrito por":"Nexo Informativo","Tiempo de lectura":"2 minutos"},"schema":{"@context":"https:\/\/schema.org","@graph":[{"@type":"Article","@id":"https:\/\/www.nexoinformativo.mx\/index.php\/2024\/10\/24\/claudia-sheinbaum-recibe-en-palacio-nacional-a-malala-yousafzai-premio-nobel-de-la-paz-un-encuentro-por-la-educacion-y-empoderamiento-femenino\/#article","isPartOf":{"@id":"https:\/\/www.nexoinformativo.mx\/index.php\/2024\/10\/24\/claudia-sheinbaum-recibe-en-palacio-nacional-a-malala-yousafzai-premio-nobel-de-la-paz-un-encuentro-por-la-educacion-y-empoderamiento-femenino\/"},"author":{"name":"Nexo Informativo","@id":"https:\/\/www.nexoinformativo.mx\/#\/schema\/person\/7749d380ba08c8ca00d7bc76fd907b7d"},"headline":"Claudia Sheinbaum Recibe en Palacio Nacional a Malala Yousafzai Premio Nobel de La Paz: Un encuentro por la educaci\u00f3n y empoderamiento femenino","datePublished":"2024-10-25T01:00:17+00:00","dateModified":"2024-10-25T02:19:33+00:00","mainEntityOfPage":{"@id":"https:\/\/www.nexoinformativo.mx\/index.php\/2024\/10\/24\/claudia-sheinbaum-recibe-en-palacio-nacional-a-malala-yousafzai-premio-nobel-de-la-paz-un-encuentro-por-la-educacion-y-empoderamiento-femenino\/"},"wordCount":324,"commentCount":0,"publisher":{"@id":"https:\/\/www.nexoinformativo.mx\/#organization"},"image":{"@id":"https:\/\/www.nexoinformativo.mx\/index.php\/2024\/10\/24\/claudia-sheinbaum-recibe-en-palacio-nacional-a-malala-yousafzai-premio-nobel-de-la-paz-un-encuentro-por-la-educacion-y-empoderamiento-femenino\/#primaryimage"},"thumbnailUrl":"https:\/\/www.nexoinformativo.mx\/wp-content\/uploads\/2024\/10\/IMG_7226-e1729822486656.jpg","keywords":["ClaudiaSheinbaum","DerechoALaEducaci\u00f3n","EmpoderamientoFemenino","MalalaYousafzai"],"articleSection":["Nacional","Pol\u00edtica","\u00daltima Hora"],"inLanguage":"es","potentialAction":[{"@type":"CommentAction","name":"Comment","target":["https:\/\/www.nexoinformativo.mx\/index.php\/2024\/10\/24\/claudia-sheinbaum-recibe-en-palacio-nacional-a-malala-yousafzai-premio-nobel-de-la-paz-un-encuentro-por-la-educacion-y-empoderamiento-femenino\/#respond"]}]},{"@type":"WebPage","@id":"https:\/\/www.nexoinformativo.mx\/index.php\/2024\/10\/24\/claudia-sheinbaum-recibe-en-palacio-nacional-a-malala-yousafzai-premio-nobel-de-la-paz-un-encuentro-por-la-educacion-y-empoderamiento-femenino\/","url":"https:\/\/www.nexoinformativo.mx\/index.php\/2024\/10\/24\/claudia-sheinbaum-recibe-en-palacio-nacional-a-malala-yousafzai-premio-nobel-de-la-paz-un-encuentro-por-la-educacion-y-empoderamiento-femenino\/","name":"Claudia Sheinbaum Recibe en Palacio Nacional a Malala Yousafzai Premio Nobel de La Paz: Un encuentro por la educaci\u00f3n y empoderamiento femenino | Nexo Informativo Santiago de Quer\u00e9taro","isPartOf":{"@id":"https:\/\/www.nexoinformativo.mx\/#website"},"primaryImageOfPage":{"@id":"https:\/\/www.nexoinformativo.mx\/index.php\/2024\/10\/24\/claudia-sheinbaum-recibe-en-palacio-nacional-a-malala-yousafzai-premio-nobel-de-la-paz-un-encuentro-por-la-educacion-y-empoderamiento-femenino\/#primaryimage"},"image":{"@id":"https:\/\/www.nexoinformativo.mx\/index.php\/2024\/10\/24\/claudia-sheinbaum-recibe-en-palacio-nacional-a-malala-yousafzai-premio-nobel-de-la-paz-un-encuentro-por-la-educacion-y-empoderamiento-femenino\/#primaryimage"},"thumbnailUrl":"https:\/\/www.nexoinformativo.mx\/wp-content\/uploads\/2024\/10\/IMG_7226-e1729822486656.jpg","datePublished":"2024-10-25T01:00:17+00:00","dateModified":"2024-10-25T02:19:33+00:00","description":"Claudia Sheinbaum Recibe en Palacio Nacional a Malala Yousafzai Premio Nobel de La Paz: Un encuentro por la educaci\u00f3n y empoderamiento femenino","breadcrumb":{"@id":"https:\/\/www.nexoinformativo.mx\/index.php\/2024\/10\/24\/claudia-sheinbaum-recibe-en-palacio-nacional-a-malala-yousafzai-premio-nobel-de-la-paz-un-encuentro-por-la-educacion-y-empoderamiento-femenino\/#breadcrumb"},"inLanguage":"es","potentialAction":[{"@type":"ReadAction","target":["https:\/\/www.nexoinformativo.mx\/index.php\/2024\/10\/24\/claudia-sheinbaum-recibe-en-palacio-nacional-a-malala-yousafzai-premio-nobel-de-la-paz-un-encuentro-por-la-educacion-y-empoderamiento-femenino\/"]}]},{"@type":"ImageObject","inLanguage":"es","@id":"https:\/\/www.nexoinformativo.mx\/index.php\/2024\/10\/24\/claudia-sheinbaum-recibe-en-palacio-nacional-a-malala-yousafzai-premio-nobel-de-la-paz-un-encuentro-por-la-educacion-y-empoderamiento-femenino\/#primaryimage","url":"https:\/\/www.nexoinformativo.mx\/wp-content\/uploads\/2024\/10\/IMG_7226-e1729822486656.jpg","contentUrl":"https:\/\/www.nexoinformativo.mx\/wp-content\/uploads\/2024\/10\/IMG_7226-e1729822486656.jpg","width":800,"height":524,"caption":"Screenshot"},{"@type":"BreadcrumbList","@id":"https:\/\/www.nexoinformativo.mx\/index.php\/2024\/10\/24\/claudia-sheinbaum-recibe-en-palacio-nacional-a-malala-yousafzai-premio-nobel-de-la-paz-un-encuentro-por-la-educacion-y-empoderamiento-femenino\/#breadcrumb","itemListElement":[{"@type":"ListItem","position":1,"name":"Inicio","item":"https:\/\/www.nexoinformativo.mx\/"},{"@type":"ListItem","position":2,"name":"Claudia Sheinbaum Recibe en Palacio Nacional a Malala Yousafzai Premio Nobel de La Paz: Un encuentro por la educaci\u00f3n y empoderamiento femenino"}]},{"@type":"WebSite","@id":"https:\/\/www.nexoinformativo.mx\/#website","url":"https:\/\/www.nexoinformativo.mx\/","name":"Nexo Informativo Santiago de Quer\u00e9taro","description":"Explora NexoInformativo y convi\u00e9rtete en parte de una comunidad que valora el conocimiento y la verdad. Tu nexoinformativo es tu puente hacia una comprensi\u00f3n m\u00e1s profunda del mundo que te rodea.","publisher":{"@id":"https:\/\/www.nexoinformativo.mx\/#organization"},"potentialAction":[{"@type":"SearchAction","target":{"@type":"EntryPoint","urlTemplate":"https:\/\/www.nexoinformativo.mx\/?s={search_term_string}"},"query-input":{"@type":"PropertyValueSpecification","valueRequired":true,"valueName":"search_term_string"}}],"inLanguage":"es"},{"@type":"Organization","@id":"https:\/\/www.nexoinformativo.mx\/#organization","name":"Nexo Informativo Santiago de Quer\u00e9taro","url":"https:\/\/www.nexoinformativo.mx\/","logo":{"@type":"ImageObject","inLanguage":"es","@id":"https:\/\/www.nexoinformativo.mx\/#\/schema\/logo\/image\/","url":"https:\/\/www.nexoinformativo.mx\/wp-content\/uploads\/2024\/07\/nexoi-trasparente-2.png","contentUrl":"https:\/\/www.nexoinformativo.mx\/wp-content\/uploads\/2024\/07\/nexoi-trasparente-2.png","width":816,"height":339,"caption":"Nexo Informativo Santiago de Quer\u00e9taro"},"image":{"@id":"https:\/\/www.nexoinformativo.mx\/#\/schema\/logo\/image\/"},"sameAs":["https:\/\/www.facebook.com\/people\/Nexo-Informativo\/61564066885511\/"]},{"@type":"Person","@id":"https:\/\/www.nexoinformativo.mx\/#\/schema\/person\/7749d380ba08c8ca00d7bc76fd907b7d","name":"Nexo Informativo","image":{"@type":"ImageObject","inLanguage":"es","@id":"https:\/\/www.nexoinformativo.mx\/#\/schema\/person\/image\/","url":"https:\/\/secure.gravatar.com\/avatar\/dde2928154642a13d95f87ddf1ea9718fe2b46760a005c53e41ff5ad610704e6?s=96&d=mm&r=g","contentUrl":"https:\/\/secure.gravatar.com\/avatar\/dde2928154642a13d95f87ddf1ea9718fe2b46760a005c53e41ff5ad610704e6?s=96&d=mm&r=g","caption":"Nexo Informativo"},"url":"https:\/\/www.nexoinformativo.mx\/index.php\/author\/edicion\/"}]}},"_links":{"self":[{"href":"https:\/\/www.nexoinformativo.mx\/index.php\/wp-json\/wp\/v2\/posts\/4470","targetHints":{"allow":["GET"]}}],"collection":[{"href":"https:\/\/www.nexoinformativo.mx\/index.php\/wp-json\/wp\/v2\/posts"}],"about":[{"href":"https:\/\/www.nexoinformativo.mx\/index.php\/wp-json\/wp\/v2\/types\/post"}],"author":[{"embeddable":true,"href":"https:\/\/www.nexoinformativo.mx\/index.php\/wp-json\/wp\/v2\/users\/3"}],"replies":[{"embeddable":true,"href":"https:\/\/www.nexoinformativo.mx\/index.php\/wp-json\/wp\/v2\/comments?post=4470"}],"version-history":[{"count":4,"href":"https:\/\/www.nexoinformativo.mx\/index.php\/wp-json\/wp\/v2\/posts\/4470\/revisions"}],"predecessor-version":[{"id":4475,"href":"https:\/\/www.nexoinformativo.mx\/index.php\/wp-json\/wp\/v2\/posts\/4470\/revisions\/4475"}],"wp:featuredmedia":[{"embeddable":true,"href":"https:\/\/www.nexoinformativo.mx\/index.php\/wp-json\/wp\/v2\/media\/4471"}],"wp:attachment":[{"href":"https:\/\/www.nexoinformativo.mx\/index.php\/wp-json\/wp\/v2\/media?parent=4470"}],"wp:term":[{"taxonomy":"category","embeddable":true,"href":"https:\/\/www.nexoinformativo.mx\/index.php\/wp-json\/wp\/v2\/categories?post=4470"},{"taxonomy":"post_tag","embeddable":true,"href":"https:\/\/www.nexoinformativo.mx\/index.php\/wp-json\/wp\/v2\/tags?post=4470"}],"curies":[{"name":"wp","href":"https:\/\/api.w.org\/{rel}","templated":true}]}}