{"id":4477,"date":"2024-10-24T19:30:28","date_gmt":"2024-10-25T01:30:28","guid":{"rendered":"https:\/\/www.nexoinformativo.mx\/?p=4477"},"modified":"2024-10-24T20:55:49","modified_gmt":"2024-10-25T02:55:49","slug":"mauricio-kuri-destaca-a-queretaro-como-el-epicentro-de-innovacion-y-crecimiento-en-mexico","status":"publish","type":"post","link":"https:\/\/www.nexoinformativo.mx\/index.php\/2024\/10\/24\/mauricio-kuri-destaca-a-queretaro-como-el-epicentro-de-innovacion-y-crecimiento-en-mexico\/","title":{"rendered":"Mauricio Kuri destaca a Quer\u00e9taro como el epicentro de innovaci\u00f3n y crecimiento en M\u00e9xico"},"content":{"rendered":"<p style=\"text-align: justify;\">En el marco del <strong>Expansi\u00f3n Summit 2024,<\/strong> el gobernador de Quer\u00e9taro, Mauricio Kuri, destac\u00f3 el papel fundamental de su estado como uno de los motores m\u00e1s din\u00e1micos de M\u00e9xico. Durante el panel inaugural titulado <strong>\u201cUna visi\u00f3n regional del desarrollo\u201d<\/strong>, Kuri comparti\u00f3 su perspectiva sobre las estrategias implementadas en su administraci\u00f3n que buscan impulsar el crecimiento de Quer\u00e9taro y del pa\u00eds.<\/p>\n<p>&nbsp;<\/p>\n<p style=\"text-align: justify;\">Kuri enfatiz\u00f3 las ventajas competitivas de Quer\u00e9taro, que incluyen un entorno de certidumbre jur\u00eddica y un s\u00f3lido Estado de Derecho, vitales para atraer a inversionistas. La ubicaci\u00f3n geogr\u00e1fica del estado tambi\u00e9n juega un papel crucial en su potencial log\u00edstico y comercial, adem\u00e1s de ser un eje importante para el desarrollo de data centers.<\/p>\n<p>&nbsp;<\/p>\n<p style=\"text-align: justify;\">El gobernador subray\u00f3 que, con la llegada de inversiones de gigantes como Google y Amazon, Quer\u00e9taro se posiciona como un hub tecnol\u00f3gico en Norteam\u00e9rica. <strong>\u201cEn Quer\u00e9taro no competimos con Guanajuato ni con Jalisco, competimos con la India, con Brasil y otros pa\u00edses\u201d<\/strong>, afirm\u00f3 Kuri.<\/p>\n<p>&nbsp;<\/p>\n<p style=\"text-align: justify;\">Otro de los puntos tratados fue la capacitaci\u00f3n de talento especializado en ingenier\u00eda y tecnolog\u00eda, a trav\u00e9s de la Alianza Triple H\u00e9lice, as\u00ed como la existencia de la \u00fanica universidad aeron\u00e1utica en M\u00e9xico, que forma profesionales para el sector aeroespacial. Sin embargo, tambi\u00e9n mencion\u00f3 los retos que enfrenta Quer\u00e9taro, como la seguridad, el suministro energ\u00e9tico y el plan h\u00eddrico.<\/p>\n<p>&nbsp;<\/p>\n<p style=\"text-align: justify;\">Kuri hizo un llamado a la ciudadan\u00eda a involucrarse en la pol\u00edtica local, enfatizando que el futuro de la pr\u00f3xima generaci\u00f3n no deber\u00eda dejarse \u00fanicamente en manos de los pol\u00edticos. \u201cLa peor de las apuestas que pueden hacer es dejarle el futuro de sus hijos a los pol\u00edticos\u201d, concluy\u00f3.<\/p>\n<p>&nbsp;<\/p>\n<p style=\"text-align: justify;\"><strong>El Expansi\u00f3n Summit<\/strong> es un evento clave que re\u00fane a l\u00edderes del \u00e1mbito p\u00fablico y privado con el objetivo de delinear el futuro de los negocios y el desarrollo en M\u00e9xico.<\/p>\n<p>&nbsp;<\/p>\n<p style=\"text-align: center;\"><em><strong>\u00a1Informaci\u00f3n que transforma!<\/strong><\/em><\/p>\n","protected":false},"excerpt":{"rendered":"<p>En el marco del Expansi\u00f3n Summit 2024, el gobernador de Quer\u00e9taro, Mauricio Kuri, destac\u00f3 el papel fundamental de su estado como uno de los motores m\u00e1s din\u00e1micos de M\u00e9xico.<\/p>\n","protected":false},"author":3,"featured_media":4478,"comment_status":"open","ping_status":"open","sticky":false,"template":"","format":"standard","meta":{"footnotes":""},"categories":[42,58],"tags":[279,1628,343,133],"class_list":["post-4477","post","type-post","status-publish","format-standard","has-post-thumbnail","hentry","category-estado","category-ultima-hora","tag-crecimientoeconomico","tag-expansionsummit","tag-inversionextranjera","tag-queretaro"],"yoast_head":"<!-- This site is optimized with the Yoast SEO plugin v25.0 - https:\/\/yoast.com\/wordpress\/plugins\/seo\/ -->\n<title>Mauricio Kuri destaca a Quer\u00e9taro como el epicentro de innovaci\u00f3n y crecimiento en M\u00e9xico | Nexo Informativo Santiago de Quer\u00e9taro<\/title>\n<meta name=\"description\" content=\"Mauricio Kuri destaca a Quer\u00e9taro como el epicentro de innovaci\u00f3n y crecimiento en M\u00e9xico\" \/>\n<meta name=\"robots\" content=\"index, follow, max-snippet:-1, max-image-preview:large, max-video-preview:-1\" \/>\n<link rel=\"canonical\" href=\"https:\/\/www.nexoinformativo.mx\/index.php\/2024\/10\/24\/mauricio-kuri-destaca-a-queretaro-como-el-epicentro-de-innovacion-y-crecimiento-en-mexico\/\" \/>\n<meta property=\"og:locale\" content=\"es_MX\" \/>\n<meta property=\"og:type\" content=\"article\" \/>\n<meta property=\"og:title\" content=\"Mauricio Kuri destaca a Quer\u00e9taro como el epicentro de innovaci\u00f3n y crecimiento en M\u00e9xico | Nexo Informativo Santiago de Quer\u00e9taro\" \/>\n<meta property=\"og:description\" content=\"Mauricio Kuri destaca a Quer\u00e9taro como el epicentro de innovaci\u00f3n y crecimiento en M\u00e9xico\" \/>\n<meta property=\"og:url\" content=\"https:\/\/www.nexoinformativo.mx\/index.php\/2024\/10\/24\/mauricio-kuri-destaca-a-queretaro-como-el-epicentro-de-innovacion-y-crecimiento-en-mexico\/\" \/>\n<meta property=\"og:site_name\" content=\"Nexo Informativo Santiago de Quer\u00e9taro\" \/>\n<meta property=\"article:publisher\" content=\"https:\/\/www.facebook.com\/people\/Nexo-Informativo\/61564066885511\/\" \/>\n<meta property=\"article:published_time\" content=\"2024-10-25T01:30:28+00:00\" \/>\n<meta property=\"article:modified_time\" content=\"2024-10-25T02:55:49+00:00\" \/>\n<meta property=\"og:image\" content=\"https:\/\/www.nexoinformativo.mx\/wp-content\/uploads\/2024\/10\/IMG_7228.jpg\" \/>\n\t<meta property=\"og:image:width\" content=\"754\" \/>\n\t<meta property=\"og:image:height\" content=\"542\" \/>\n\t<meta property=\"og:image:type\" content=\"image\/jpeg\" \/>\n<meta name=\"author\" content=\"Nexo Informativo\" \/>\n<meta name=\"twitter:card\" content=\"summary_large_image\" \/>\n<meta name=\"twitter:label1\" content=\"Escrito por\" \/>\n\t<meta name=\"twitter:data1\" content=\"Nexo Informativo\" \/>\n\t<meta name=\"twitter:label2\" content=\"Tiempo de lectura\" \/>\n\t<meta name=\"twitter:data2\" content=\"2 minutos\" \/>\n<script type=\"application\/ld+json\" class=\"yoast-schema-graph\">{\"@context\":\"https:\/\/schema.org\",\"@graph\":[{\"@type\":\"Article\",\"@id\":\"https:\/\/www.nexoinformativo.mx\/index.php\/2024\/10\/24\/mauricio-kuri-destaca-a-queretaro-como-el-epicentro-de-innovacion-y-crecimiento-en-mexico\/#article\",\"isPartOf\":{\"@id\":\"https:\/\/www.nexoinformativo.mx\/index.php\/2024\/10\/24\/mauricio-kuri-destaca-a-queretaro-como-el-epicentro-de-innovacion-y-crecimiento-en-mexico\/\"},\"author\":{\"name\":\"Nexo Informativo\",\"@id\":\"https:\/\/www.nexoinformativo.mx\/#\/schema\/person\/7749d380ba08c8ca00d7bc76fd907b7d\"},\"headline\":\"Mauricio Kuri destaca a Quer\u00e9taro como el epicentro de innovaci\u00f3n y crecimiento en M\u00e9xico\",\"datePublished\":\"2024-10-25T01:30:28+00:00\",\"dateModified\":\"2024-10-25T02:55:49+00:00\",\"mainEntityOfPage\":{\"@id\":\"https:\/\/www.nexoinformativo.mx\/index.php\/2024\/10\/24\/mauricio-kuri-destaca-a-queretaro-como-el-epicentro-de-innovacion-y-crecimiento-en-mexico\/\"},\"wordCount\":367,\"commentCount\":0,\"publisher\":{\"@id\":\"https:\/\/www.nexoinformativo.mx\/#organization\"},\"image\":{\"@id\":\"https:\/\/www.nexoinformativo.mx\/index.php\/2024\/10\/24\/mauricio-kuri-destaca-a-queretaro-como-el-epicentro-de-innovacion-y-crecimiento-en-mexico\/#primaryimage\"},\"thumbnailUrl\":\"https:\/\/www.nexoinformativo.mx\/wp-content\/uploads\/2024\/10\/IMG_7228.jpg\",\"keywords\":[\"CrecimientoEconomico\",\"Expansi\u00f3nSummit\",\"Inversi\u00f3nExtranjera\",\"Quer\u00e9taro\"],\"articleSection\":[\"Estado\",\"\u00daltima Hora\"],\"inLanguage\":\"es\",\"potentialAction\":[{\"@type\":\"CommentAction\",\"name\":\"Comment\",\"target\":[\"https:\/\/www.nexoinformativo.mx\/index.php\/2024\/10\/24\/mauricio-kuri-destaca-a-queretaro-como-el-epicentro-de-innovacion-y-crecimiento-en-mexico\/#respond\"]}]},{\"@type\":\"WebPage\",\"@id\":\"https:\/\/www.nexoinformativo.mx\/index.php\/2024\/10\/24\/mauricio-kuri-destaca-a-queretaro-como-el-epicentro-de-innovacion-y-crecimiento-en-mexico\/\",\"url\":\"https:\/\/www.nexoinformativo.mx\/index.php\/2024\/10\/24\/mauricio-kuri-destaca-a-queretaro-como-el-epicentro-de-innovacion-y-crecimiento-en-mexico\/\",\"name\":\"Mauricio Kuri destaca a Quer\u00e9taro como el epicentro de innovaci\u00f3n y crecimiento en M\u00e9xico | Nexo Informativo Santiago de Quer\u00e9taro\",\"isPartOf\":{\"@id\":\"https:\/\/www.nexoinformativo.mx\/#website\"},\"primaryImageOfPage\":{\"@id\":\"https:\/\/www.nexoinformativo.mx\/index.php\/2024\/10\/24\/mauricio-kuri-destaca-a-queretaro-como-el-epicentro-de-innovacion-y-crecimiento-en-mexico\/#primaryimage\"},\"image\":{\"@id\":\"https:\/\/www.nexoinformativo.mx\/index.php\/2024\/10\/24\/mauricio-kuri-destaca-a-queretaro-como-el-epicentro-de-innovacion-y-crecimiento-en-mexico\/#primaryimage\"},\"thumbnailUrl\":\"https:\/\/www.nexoinformativo.mx\/wp-content\/uploads\/2024\/10\/IMG_7228.jpg\",\"datePublished\":\"2024-10-25T01:30:28+00:00\",\"dateModified\":\"2024-10-25T02:55:49+00:00\",\"description\":\"Mauricio Kuri destaca a Quer\u00e9taro como el epicentro de innovaci\u00f3n y crecimiento en M\u00e9xico\",\"breadcrumb\":{\"@id\":\"https:\/\/www.nexoinformativo.mx\/index.php\/2024\/10\/24\/mauricio-kuri-destaca-a-queretaro-como-el-epicentro-de-innovacion-y-crecimiento-en-mexico\/#breadcrumb\"},\"inLanguage\":\"es\",\"potentialAction\":[{\"@type\":\"ReadAction\",\"target\":[\"https:\/\/www.nexoinformativo.mx\/index.php\/2024\/10\/24\/mauricio-kuri-destaca-a-queretaro-como-el-epicentro-de-innovacion-y-crecimiento-en-mexico\/\"]}]},{\"@type\":\"ImageObject\",\"inLanguage\":\"es\",\"@id\":\"https:\/\/www.nexoinformativo.mx\/index.php\/2024\/10\/24\/mauricio-kuri-destaca-a-queretaro-como-el-epicentro-de-innovacion-y-crecimiento-en-mexico\/#primaryimage\",\"url\":\"https:\/\/www.nexoinformativo.mx\/wp-content\/uploads\/2024\/10\/IMG_7228.jpg\",\"contentUrl\":\"https:\/\/www.nexoinformativo.mx\/wp-content\/uploads\/2024\/10\/IMG_7228.jpg\",\"width\":754,\"height\":542,\"caption\":\"Screenshot\"},{\"@type\":\"BreadcrumbList\",\"@id\":\"https:\/\/www.nexoinformativo.mx\/index.php\/2024\/10\/24\/mauricio-kuri-destaca-a-queretaro-como-el-epicentro-de-innovacion-y-crecimiento-en-mexico\/#breadcrumb\",\"itemListElement\":[{\"@type\":\"ListItem\",\"position\":1,\"name\":\"Inicio\",\"item\":\"https:\/\/www.nexoinformativo.mx\/\"},{\"@type\":\"ListItem\",\"position\":2,\"name\":\"Mauricio Kuri destaca a Quer\u00e9taro como el epicentro de innovaci\u00f3n y crecimiento en M\u00e9xico\"}]},{\"@type\":\"WebSite\",\"@id\":\"https:\/\/www.nexoinformativo.mx\/#website\",\"url\":\"https:\/\/www.nexoinformativo.mx\/\",\"name\":\"Nexo Informativo Santiago de Quer\u00e9taro\",\"description\":\"Explora NexoInformativo y convi\u00e9rtete en parte de una comunidad que valora el conocimiento y la verdad. Tu nexoinformativo es tu puente hacia una comprensi\u00f3n m\u00e1s profunda del mundo que te rodea.\",\"publisher\":{\"@id\":\"https:\/\/www.nexoinformativo.mx\/#organization\"},\"potentialAction\":[{\"@type\":\"SearchAction\",\"target\":{\"@type\":\"EntryPoint\",\"urlTemplate\":\"https:\/\/www.nexoinformativo.mx\/?s={search_term_string}\"},\"query-input\":{\"@type\":\"PropertyValueSpecification\",\"valueRequired\":true,\"valueName\":\"search_term_string\"}}],\"inLanguage\":\"es\"},{\"@type\":\"Organization\",\"@id\":\"https:\/\/www.nexoinformativo.mx\/#organization\",\"name\":\"Nexo Informativo Santiago de Quer\u00e9taro\",\"url\":\"https:\/\/www.nexoinformativo.mx\/\",\"logo\":{\"@type\":\"ImageObject\",\"inLanguage\":\"es\",\"@id\":\"https:\/\/www.nexoinformativo.mx\/#\/schema\/logo\/image\/\",\"url\":\"https:\/\/www.nexoinformativo.mx\/wp-content\/uploads\/2024\/07\/nexoi-trasparente-2.png\",\"contentUrl\":\"https:\/\/www.nexoinformativo.mx\/wp-content\/uploads\/2024\/07\/nexoi-trasparente-2.png\",\"width\":816,\"height\":339,\"caption\":\"Nexo Informativo Santiago de Quer\u00e9taro\"},\"image\":{\"@id\":\"https:\/\/www.nexoinformativo.mx\/#\/schema\/logo\/image\/\"},\"sameAs\":[\"https:\/\/www.facebook.com\/people\/Nexo-Informativo\/61564066885511\/\"]},{\"@type\":\"Person\",\"@id\":\"https:\/\/www.nexoinformativo.mx\/#\/schema\/person\/7749d380ba08c8ca00d7bc76fd907b7d\",\"name\":\"Nexo Informativo\",\"image\":{\"@type\":\"ImageObject\",\"inLanguage\":\"es\",\"@id\":\"https:\/\/www.nexoinformativo.mx\/#\/schema\/person\/image\/\",\"url\":\"https:\/\/secure.gravatar.com\/avatar\/dde2928154642a13d95f87ddf1ea9718fe2b46760a005c53e41ff5ad610704e6?s=96&d=mm&r=g\",\"contentUrl\":\"https:\/\/secure.gravatar.com\/avatar\/dde2928154642a13d95f87ddf1ea9718fe2b46760a005c53e41ff5ad610704e6?s=96&d=mm&r=g\",\"caption\":\"Nexo Informativo\"},\"url\":\"https:\/\/www.nexoinformativo.mx\/index.php\/author\/edicion\/\"}]}<\/script>\n<!-- \/ Yoast SEO plugin. -->","yoast_head_json":{"title":"Mauricio Kuri destaca a Quer\u00e9taro como el epicentro de innovaci\u00f3n y crecimiento en M\u00e9xico | Nexo Informativo Santiago de Quer\u00e9taro","description":"Mauricio Kuri destaca a Quer\u00e9taro como el epicentro de innovaci\u00f3n y crecimiento en M\u00e9xico","robots":{"index":"index","follow":"follow","max-snippet":"max-snippet:-1","max-image-preview":"max-image-preview:large","max-video-preview":"max-video-preview:-1"},"canonical":"https:\/\/www.nexoinformativo.mx\/index.php\/2024\/10\/24\/mauricio-kuri-destaca-a-queretaro-como-el-epicentro-de-innovacion-y-crecimiento-en-mexico\/","og_locale":"es_MX","og_type":"article","og_title":"Mauricio Kuri destaca a Quer\u00e9taro como el epicentro de innovaci\u00f3n y crecimiento en M\u00e9xico | Nexo Informativo Santiago de Quer\u00e9taro","og_description":"Mauricio Kuri destaca a Quer\u00e9taro como el epicentro de innovaci\u00f3n y crecimiento en M\u00e9xico","og_url":"https:\/\/www.nexoinformativo.mx\/index.php\/2024\/10\/24\/mauricio-kuri-destaca-a-queretaro-como-el-epicentro-de-innovacion-y-crecimiento-en-mexico\/","og_site_name":"Nexo Informativo Santiago de Quer\u00e9taro","article_publisher":"https:\/\/www.facebook.com\/people\/Nexo-Informativo\/61564066885511\/","article_published_time":"2024-10-25T01:30:28+00:00","article_modified_time":"2024-10-25T02:55:49+00:00","og_image":[{"width":754,"height":542,"url":"https:\/\/www.nexoinformativo.mx\/wp-content\/uploads\/2024\/10\/IMG_7228.jpg","type":"image\/jpeg"}],"author":"Nexo Informativo","twitter_card":"summary_large_image","twitter_misc":{"Escrito por":"Nexo Informativo","Tiempo de lectura":"2 minutos"},"schema":{"@context":"https:\/\/schema.org","@graph":[{"@type":"Article","@id":"https:\/\/www.nexoinformativo.mx\/index.php\/2024\/10\/24\/mauricio-kuri-destaca-a-queretaro-como-el-epicentro-de-innovacion-y-crecimiento-en-mexico\/#article","isPartOf":{"@id":"https:\/\/www.nexoinformativo.mx\/index.php\/2024\/10\/24\/mauricio-kuri-destaca-a-queretaro-como-el-epicentro-de-innovacion-y-crecimiento-en-mexico\/"},"author":{"name":"Nexo Informativo","@id":"https:\/\/www.nexoinformativo.mx\/#\/schema\/person\/7749d380ba08c8ca00d7bc76fd907b7d"},"headline":"Mauricio Kuri destaca a Quer\u00e9taro como el epicentro de innovaci\u00f3n y crecimiento en M\u00e9xico","datePublished":"2024-10-25T01:30:28+00:00","dateModified":"2024-10-25T02:55:49+00:00","mainEntityOfPage":{"@id":"https:\/\/www.nexoinformativo.mx\/index.php\/2024\/10\/24\/mauricio-kuri-destaca-a-queretaro-como-el-epicentro-de-innovacion-y-crecimiento-en-mexico\/"},"wordCount":367,"commentCount":0,"publisher":{"@id":"https:\/\/www.nexoinformativo.mx\/#organization"},"image":{"@id":"https:\/\/www.nexoinformativo.mx\/index.php\/2024\/10\/24\/mauricio-kuri-destaca-a-queretaro-como-el-epicentro-de-innovacion-y-crecimiento-en-mexico\/#primaryimage"},"thumbnailUrl":"https:\/\/www.nexoinformativo.mx\/wp-content\/uploads\/2024\/10\/IMG_7228.jpg","keywords":["CrecimientoEconomico","Expansi\u00f3nSummit","Inversi\u00f3nExtranjera","Quer\u00e9taro"],"articleSection":["Estado","\u00daltima Hora"],"inLanguage":"es","potentialAction":[{"@type":"CommentAction","name":"Comment","target":["https:\/\/www.nexoinformativo.mx\/index.php\/2024\/10\/24\/mauricio-kuri-destaca-a-queretaro-como-el-epicentro-de-innovacion-y-crecimiento-en-mexico\/#respond"]}]},{"@type":"WebPage","@id":"https:\/\/www.nexoinformativo.mx\/index.php\/2024\/10\/24\/mauricio-kuri-destaca-a-queretaro-como-el-epicentro-de-innovacion-y-crecimiento-en-mexico\/","url":"https:\/\/www.nexoinformativo.mx\/index.php\/2024\/10\/24\/mauricio-kuri-destaca-a-queretaro-como-el-epicentro-de-innovacion-y-crecimiento-en-mexico\/","name":"Mauricio Kuri destaca a Quer\u00e9taro como el epicentro de innovaci\u00f3n y crecimiento en M\u00e9xico | Nexo Informativo Santiago de Quer\u00e9taro","isPartOf":{"@id":"https:\/\/www.nexoinformativo.mx\/#website"},"primaryImageOfPage":{"@id":"https:\/\/www.nexoinformativo.mx\/index.php\/2024\/10\/24\/mauricio-kuri-destaca-a-queretaro-como-el-epicentro-de-innovacion-y-crecimiento-en-mexico\/#primaryimage"},"image":{"@id":"https:\/\/www.nexoinformativo.mx\/index.php\/2024\/10\/24\/mauricio-kuri-destaca-a-queretaro-como-el-epicentro-de-innovacion-y-crecimiento-en-mexico\/#primaryimage"},"thumbnailUrl":"https:\/\/www.nexoinformativo.mx\/wp-content\/uploads\/2024\/10\/IMG_7228.jpg","datePublished":"2024-10-25T01:30:28+00:00","dateModified":"2024-10-25T02:55:49+00:00","description":"Mauricio Kuri destaca a Quer\u00e9taro como el epicentro de innovaci\u00f3n y crecimiento en M\u00e9xico","breadcrumb":{"@id":"https:\/\/www.nexoinformativo.mx\/index.php\/2024\/10\/24\/mauricio-kuri-destaca-a-queretaro-como-el-epicentro-de-innovacion-y-crecimiento-en-mexico\/#breadcrumb"},"inLanguage":"es","potentialAction":[{"@type":"ReadAction","target":["https:\/\/www.nexoinformativo.mx\/index.php\/2024\/10\/24\/mauricio-kuri-destaca-a-queretaro-como-el-epicentro-de-innovacion-y-crecimiento-en-mexico\/"]}]},{"@type":"ImageObject","inLanguage":"es","@id":"https:\/\/www.nexoinformativo.mx\/index.php\/2024\/10\/24\/mauricio-kuri-destaca-a-queretaro-como-el-epicentro-de-innovacion-y-crecimiento-en-mexico\/#primaryimage","url":"https:\/\/www.nexoinformativo.mx\/wp-content\/uploads\/2024\/10\/IMG_7228.jpg","contentUrl":"https:\/\/www.nexoinformativo.mx\/wp-content\/uploads\/2024\/10\/IMG_7228.jpg","width":754,"height":542,"caption":"Screenshot"},{"@type":"BreadcrumbList","@id":"https:\/\/www.nexoinformativo.mx\/index.php\/2024\/10\/24\/mauricio-kuri-destaca-a-queretaro-como-el-epicentro-de-innovacion-y-crecimiento-en-mexico\/#breadcrumb","itemListElement":[{"@type":"ListItem","position":1,"name":"Inicio","item":"https:\/\/www.nexoinformativo.mx\/"},{"@type":"ListItem","position":2,"name":"Mauricio Kuri destaca a Quer\u00e9taro como el epicentro de innovaci\u00f3n y crecimiento en M\u00e9xico"}]},{"@type":"WebSite","@id":"https:\/\/www.nexoinformativo.mx\/#website","url":"https:\/\/www.nexoinformativo.mx\/","name":"Nexo Informativo Santiago de Quer\u00e9taro","description":"Explora NexoInformativo y convi\u00e9rtete en parte de una comunidad que valora el conocimiento y la verdad. Tu nexoinformativo es tu puente hacia una comprensi\u00f3n m\u00e1s profunda del mundo que te rodea.","publisher":{"@id":"https:\/\/www.nexoinformativo.mx\/#organization"},"potentialAction":[{"@type":"SearchAction","target":{"@type":"EntryPoint","urlTemplate":"https:\/\/www.nexoinformativo.mx\/?s={search_term_string}"},"query-input":{"@type":"PropertyValueSpecification","valueRequired":true,"valueName":"search_term_string"}}],"inLanguage":"es"},{"@type":"Organization","@id":"https:\/\/www.nexoinformativo.mx\/#organization","name":"Nexo Informativo Santiago de Quer\u00e9taro","url":"https:\/\/www.nexoinformativo.mx\/","logo":{"@type":"ImageObject","inLanguage":"es","@id":"https:\/\/www.nexoinformativo.mx\/#\/schema\/logo\/image\/","url":"https:\/\/www.nexoinformativo.mx\/wp-content\/uploads\/2024\/07\/nexoi-trasparente-2.png","contentUrl":"https:\/\/www.nexoinformativo.mx\/wp-content\/uploads\/2024\/07\/nexoi-trasparente-2.png","width":816,"height":339,"caption":"Nexo Informativo Santiago de Quer\u00e9taro"},"image":{"@id":"https:\/\/www.nexoinformativo.mx\/#\/schema\/logo\/image\/"},"sameAs":["https:\/\/www.facebook.com\/people\/Nexo-Informativo\/61564066885511\/"]},{"@type":"Person","@id":"https:\/\/www.nexoinformativo.mx\/#\/schema\/person\/7749d380ba08c8ca00d7bc76fd907b7d","name":"Nexo Informativo","image":{"@type":"ImageObject","inLanguage":"es","@id":"https:\/\/www.nexoinformativo.mx\/#\/schema\/person\/image\/","url":"https:\/\/secure.gravatar.com\/avatar\/dde2928154642a13d95f87ddf1ea9718fe2b46760a005c53e41ff5ad610704e6?s=96&d=mm&r=g","contentUrl":"https:\/\/secure.gravatar.com\/avatar\/dde2928154642a13d95f87ddf1ea9718fe2b46760a005c53e41ff5ad610704e6?s=96&d=mm&r=g","caption":"Nexo Informativo"},"url":"https:\/\/www.nexoinformativo.mx\/index.php\/author\/edicion\/"}]}},"_links":{"self":[{"href":"https:\/\/www.nexoinformativo.mx\/index.php\/wp-json\/wp\/v2\/posts\/4477","targetHints":{"allow":["GET"]}}],"collection":[{"href":"https:\/\/www.nexoinformativo.mx\/index.php\/wp-json\/wp\/v2\/posts"}],"about":[{"href":"https:\/\/www.nexoinformativo.mx\/index.php\/wp-json\/wp\/v2\/types\/post"}],"author":[{"embeddable":true,"href":"https:\/\/www.nexoinformativo.mx\/index.php\/wp-json\/wp\/v2\/users\/3"}],"replies":[{"embeddable":true,"href":"https:\/\/www.nexoinformativo.mx\/index.php\/wp-json\/wp\/v2\/comments?post=4477"}],"version-history":[{"count":3,"href":"https:\/\/www.nexoinformativo.mx\/index.php\/wp-json\/wp\/v2\/posts\/4477\/revisions"}],"predecessor-version":[{"id":4482,"href":"https:\/\/www.nexoinformativo.mx\/index.php\/wp-json\/wp\/v2\/posts\/4477\/revisions\/4482"}],"wp:featuredmedia":[{"embeddable":true,"href":"https:\/\/www.nexoinformativo.mx\/index.php\/wp-json\/wp\/v2\/media\/4478"}],"wp:attachment":[{"href":"https:\/\/www.nexoinformativo.mx\/index.php\/wp-json\/wp\/v2\/media?parent=4477"}],"wp:term":[{"taxonomy":"category","embeddable":true,"href":"https:\/\/www.nexoinformativo.mx\/index.php\/wp-json\/wp\/v2\/categories?post=4477"},{"taxonomy":"post_tag","embeddable":true,"href":"https:\/\/www.nexoinformativo.mx\/index.php\/wp-json\/wp\/v2\/tags?post=4477"}],"curies":[{"name":"wp","href":"https:\/\/api.w.org\/{rel}","templated":true}]}}