{"id":4505,"date":"2024-10-25T09:00:32","date_gmt":"2024-10-25T15:00:32","guid":{"rendered":"https:\/\/www.nexoinformativo.mx\/?p=4505"},"modified":"2024-10-25T12:02:50","modified_gmt":"2024-10-25T18:02:50","slug":"juan-ramon-de-la-fuente-aboga-por-un-crecimiento-inclusivo-y-sostenible-en-norteamerica-el-secretario-de-relaciones-exteriores-de-mexico","status":"publish","type":"post","link":"https:\/\/www.nexoinformativo.mx\/index.php\/2024\/10\/25\/juan-ramon-de-la-fuente-aboga-por-un-crecimiento-inclusivo-y-sostenible-en-norteamerica-el-secretario-de-relaciones-exteriores-de-mexico\/","title":{"rendered":"Secretario de Relaciones Exteriores Juan Ram\u00f3n de la Fuente aboga por un crecimiento inclusivo y sostenible en Norteam\u00e9rica"},"content":{"rendered":"<p style=\"text-align: justify;\">Juan Ram\u00f3n de la Fuente, destac\u00f3 la importancia de promover un crecimiento inclusivo, sostenible y compartido en la regi\u00f3n de Norteam\u00e9rica.<\/p>\n<p>&nbsp;<\/p>\n<p style=\"text-align: justify;\">Durante la inauguraci\u00f3n del Global Investors Symposium, organizado por el Milken Institute, hizo un llamado a fortalecer la colaboraci\u00f3n entre los pa\u00edses del Tratado entre M\u00e9xico, EU y Canad\u00e1 (TMEC) para garantizar que los beneficios del desarrollo sean accesibles para todos, especialmente para las comunidades y regiones marginadas.<\/p>\n<p>&nbsp;<\/p>\n<p style=\"text-align: justify;\">En su discurso ante inversionistas internacionales y l\u00edderes empresariales, el canciller subray\u00f3 las oportunidades de crecimiento econ\u00f3mico que presenta M\u00e9xico, basadas en la inclusi\u00f3n y la cooperaci\u00f3n entre naciones. <strong>&#8220;Para M\u00e9xico, el contexto geopol\u00edtico y econ\u00f3mico actual es una oportunidad para atraer inversi\u00f3n extranjera directa y crear nuevos empleos en sectores como manufactura, tecnolog\u00eda y servicios&#8221;<\/strong>, afirm\u00f3 de la Fuente.<\/p>\n<p>&nbsp;<\/p>\n<p style=\"text-align: justify;\">El canciller tambi\u00e9n enfatiz\u00f3 el compromiso de M\u00e9xico con la innovaci\u00f3n tecnol\u00f3gica y la conectividad econ\u00f3mica. &#8220;El ascenso de la inteligencia artificial y las plataformas digitales han abierto nuevas avenidas de crecimiento&#8221;, indic\u00f3, resaltando la capacidad del sector tecnol\u00f3gico para integrar soluciones avanzadas con industrias tradicionales, lo que aumenta el atractivo del pa\u00eds como destino de inversi\u00f3n global.<\/p>\n<p>&nbsp;<\/p>\n<p style=\"text-align: justify;\">Adem\u00e1s, en cuanto a los beneficios del TMEC, mencion\u00f3 que el comercio entre los tres pa\u00edses super\u00f3 los 1.88 billones de d\u00f3lares en 2023, evidenciando la innovaci\u00f3n y competitividad de la regi\u00f3n.<\/p>\n<p>&nbsp;<\/p>\n<p style=\"text-align: justify;\">La revisi\u00f3n del tratado comercial en julio de 2026 ser\u00e1 crucial para garantizar la estabilidad y liderazgo en el comercio global. Enfatizando la necesidad de colaboraci\u00f3n entre el sector privado, el gobierno y la sociedad civil para crear una econom\u00eda que funcione para todos.<\/p>\n<p>&nbsp;<\/p>\n<p style=\"text-align: justify;\">Retomando las palabras de la presidenta Sheinbaum, afirm\u00f3 que <strong>&#8220;no hay prosperidad real si no se comparte&#8221;<\/strong>. Durante el evento, De la Fuente se reuni\u00f3 tambi\u00e9n con el senador Bill Cassidy y con el titular del instituto, Michael Milken, fortaleciendo los lazos de cooperaci\u00f3n entre Norteam\u00e9rica.<\/p>\n<p>&nbsp;<\/p>\n<p style=\"text-align: center;\"><em><strong>\u00a1Informaci\u00f3n que transforma!<\/strong><\/em><\/p>\n","protected":false},"excerpt":{"rendered":"<p>Juan Ram\u00f3n de la Fuente, destac\u00f3 la importancia de promover un crecimiento inclusivo, sostenible y compartido en la regi\u00f3n de Norteam\u00e9rica.<\/p>\n","protected":false},"author":3,"featured_media":4507,"comment_status":"open","ping_status":"open","sticky":false,"template":"","format":"standard","meta":{"footnotes":""},"categories":[5,88,58],"tags":[950,1637,1636,1437],"class_list":["post-4505","post","type-post","status-publish","format-standard","has-post-thumbnail","hentry","category-economia","category-nacional","category-ultima-hora","tag-crecimientosostenible","tag-juanramondelafuente","tag-norteamerica","tag-tmec"],"yoast_head":"<!-- This site is optimized with the Yoast SEO plugin v25.0 - https:\/\/yoast.com\/wordpress\/plugins\/seo\/ -->\n<title>Secretario de Relaciones Exteriores Juan Ram\u00f3n de la Fuente aboga por un crecimiento inclusivo y sostenible en Norteam\u00e9rica | Nexo Informativo Santiago de Quer\u00e9taro<\/title>\n<meta name=\"description\" content=\"Juan Ram\u00f3n de la Fuente Aboga por un Crecimiento Inclusivo y Sostenible en Norteam\u00e9rica El secretario de Relaciones Exteriores de M\u00e9xico\" \/>\n<meta name=\"robots\" content=\"index, follow, max-snippet:-1, max-image-preview:large, max-video-preview:-1\" \/>\n<link rel=\"canonical\" href=\"https:\/\/www.nexoinformativo.mx\/index.php\/2024\/10\/25\/juan-ramon-de-la-fuente-aboga-por-un-crecimiento-inclusivo-y-sostenible-en-norteamerica-el-secretario-de-relaciones-exteriores-de-mexico\/\" \/>\n<meta property=\"og:locale\" content=\"es_MX\" \/>\n<meta property=\"og:type\" content=\"article\" \/>\n<meta property=\"og:title\" content=\"Secretario de Relaciones Exteriores Juan Ram\u00f3n de la Fuente aboga por un crecimiento inclusivo y sostenible en Norteam\u00e9rica | Nexo Informativo Santiago de Quer\u00e9taro\" \/>\n<meta property=\"og:description\" content=\"Juan Ram\u00f3n de la Fuente Aboga por un Crecimiento Inclusivo y Sostenible en Norteam\u00e9rica El secretario de Relaciones Exteriores de M\u00e9xico\" \/>\n<meta property=\"og:url\" content=\"https:\/\/www.nexoinformativo.mx\/index.php\/2024\/10\/25\/juan-ramon-de-la-fuente-aboga-por-un-crecimiento-inclusivo-y-sostenible-en-norteamerica-el-secretario-de-relaciones-exteriores-de-mexico\/\" \/>\n<meta property=\"og:site_name\" content=\"Nexo Informativo Santiago de Quer\u00e9taro\" \/>\n<meta property=\"article:publisher\" content=\"https:\/\/www.facebook.com\/people\/Nexo-Informativo\/61564066885511\/\" \/>\n<meta property=\"article:published_time\" content=\"2024-10-25T15:00:32+00:00\" \/>\n<meta property=\"article:modified_time\" content=\"2024-10-25T18:02:50+00:00\" \/>\n<meta property=\"og:image\" content=\"https:\/\/www.nexoinformativo.mx\/wp-content\/uploads\/2024\/10\/IMG_7232-scaled-e1729875810264.jpg\" \/>\n\t<meta property=\"og:image:width\" content=\"800\" \/>\n\t<meta property=\"og:image:height\" content=\"594\" \/>\n\t<meta property=\"og:image:type\" content=\"image\/jpeg\" \/>\n<meta name=\"author\" content=\"Nexo Informativo\" \/>\n<meta name=\"twitter:card\" content=\"summary_large_image\" \/>\n<meta name=\"twitter:label1\" content=\"Escrito por\" \/>\n\t<meta name=\"twitter:data1\" content=\"Nexo Informativo\" \/>\n\t<meta name=\"twitter:label2\" content=\"Tiempo de lectura\" \/>\n\t<meta name=\"twitter:data2\" content=\"2 minutos\" \/>\n<script type=\"application\/ld+json\" class=\"yoast-schema-graph\">{\"@context\":\"https:\/\/schema.org\",\"@graph\":[{\"@type\":\"Article\",\"@id\":\"https:\/\/www.nexoinformativo.mx\/index.php\/2024\/10\/25\/juan-ramon-de-la-fuente-aboga-por-un-crecimiento-inclusivo-y-sostenible-en-norteamerica-el-secretario-de-relaciones-exteriores-de-mexico\/#article\",\"isPartOf\":{\"@id\":\"https:\/\/www.nexoinformativo.mx\/index.php\/2024\/10\/25\/juan-ramon-de-la-fuente-aboga-por-un-crecimiento-inclusivo-y-sostenible-en-norteamerica-el-secretario-de-relaciones-exteriores-de-mexico\/\"},\"author\":{\"name\":\"Nexo Informativo\",\"@id\":\"https:\/\/www.nexoinformativo.mx\/#\/schema\/person\/7749d380ba08c8ca00d7bc76fd907b7d\"},\"headline\":\"Secretario de Relaciones Exteriores Juan Ram\u00f3n de la Fuente aboga por un crecimiento inclusivo y sostenible en Norteam\u00e9rica\",\"datePublished\":\"2024-10-25T15:00:32+00:00\",\"dateModified\":\"2024-10-25T18:02:50+00:00\",\"mainEntityOfPage\":{\"@id\":\"https:\/\/www.nexoinformativo.mx\/index.php\/2024\/10\/25\/juan-ramon-de-la-fuente-aboga-por-un-crecimiento-inclusivo-y-sostenible-en-norteamerica-el-secretario-de-relaciones-exteriores-de-mexico\/\"},\"wordCount\":373,\"commentCount\":0,\"publisher\":{\"@id\":\"https:\/\/www.nexoinformativo.mx\/#organization\"},\"image\":{\"@id\":\"https:\/\/www.nexoinformativo.mx\/index.php\/2024\/10\/25\/juan-ramon-de-la-fuente-aboga-por-un-crecimiento-inclusivo-y-sostenible-en-norteamerica-el-secretario-de-relaciones-exteriores-de-mexico\/#primaryimage\"},\"thumbnailUrl\":\"https:\/\/www.nexoinformativo.mx\/wp-content\/uploads\/2024\/10\/IMG_7232-scaled-e1729875810264.jpg\",\"keywords\":[\"CrecimientoSostenible\",\"JuanRam\u00f3nDeLaFuente\",\"Norteam\u00e9rica\",\"TMEC\"],\"articleSection\":[\"Econom\u00eda\",\"Nacional\",\"\u00daltima Hora\"],\"inLanguage\":\"es\",\"potentialAction\":[{\"@type\":\"CommentAction\",\"name\":\"Comment\",\"target\":[\"https:\/\/www.nexoinformativo.mx\/index.php\/2024\/10\/25\/juan-ramon-de-la-fuente-aboga-por-un-crecimiento-inclusivo-y-sostenible-en-norteamerica-el-secretario-de-relaciones-exteriores-de-mexico\/#respond\"]}]},{\"@type\":\"WebPage\",\"@id\":\"https:\/\/www.nexoinformativo.mx\/index.php\/2024\/10\/25\/juan-ramon-de-la-fuente-aboga-por-un-crecimiento-inclusivo-y-sostenible-en-norteamerica-el-secretario-de-relaciones-exteriores-de-mexico\/\",\"url\":\"https:\/\/www.nexoinformativo.mx\/index.php\/2024\/10\/25\/juan-ramon-de-la-fuente-aboga-por-un-crecimiento-inclusivo-y-sostenible-en-norteamerica-el-secretario-de-relaciones-exteriores-de-mexico\/\",\"name\":\"Secretario de Relaciones Exteriores Juan Ram\u00f3n de la Fuente aboga por un crecimiento inclusivo y sostenible en Norteam\u00e9rica | Nexo Informativo Santiago de Quer\u00e9taro\",\"isPartOf\":{\"@id\":\"https:\/\/www.nexoinformativo.mx\/#website\"},\"primaryImageOfPage\":{\"@id\":\"https:\/\/www.nexoinformativo.mx\/index.php\/2024\/10\/25\/juan-ramon-de-la-fuente-aboga-por-un-crecimiento-inclusivo-y-sostenible-en-norteamerica-el-secretario-de-relaciones-exteriores-de-mexico\/#primaryimage\"},\"image\":{\"@id\":\"https:\/\/www.nexoinformativo.mx\/index.php\/2024\/10\/25\/juan-ramon-de-la-fuente-aboga-por-un-crecimiento-inclusivo-y-sostenible-en-norteamerica-el-secretario-de-relaciones-exteriores-de-mexico\/#primaryimage\"},\"thumbnailUrl\":\"https:\/\/www.nexoinformativo.mx\/wp-content\/uploads\/2024\/10\/IMG_7232-scaled-e1729875810264.jpg\",\"datePublished\":\"2024-10-25T15:00:32+00:00\",\"dateModified\":\"2024-10-25T18:02:50+00:00\",\"description\":\"Juan Ram\u00f3n de la Fuente Aboga por un Crecimiento Inclusivo y Sostenible en Norteam\u00e9rica El secretario de Relaciones Exteriores de M\u00e9xico\",\"breadcrumb\":{\"@id\":\"https:\/\/www.nexoinformativo.mx\/index.php\/2024\/10\/25\/juan-ramon-de-la-fuente-aboga-por-un-crecimiento-inclusivo-y-sostenible-en-norteamerica-el-secretario-de-relaciones-exteriores-de-mexico\/#breadcrumb\"},\"inLanguage\":\"es\",\"potentialAction\":[{\"@type\":\"ReadAction\",\"target\":[\"https:\/\/www.nexoinformativo.mx\/index.php\/2024\/10\/25\/juan-ramon-de-la-fuente-aboga-por-un-crecimiento-inclusivo-y-sostenible-en-norteamerica-el-secretario-de-relaciones-exteriores-de-mexico\/\"]}]},{\"@type\":\"ImageObject\",\"inLanguage\":\"es\",\"@id\":\"https:\/\/www.nexoinformativo.mx\/index.php\/2024\/10\/25\/juan-ramon-de-la-fuente-aboga-por-un-crecimiento-inclusivo-y-sostenible-en-norteamerica-el-secretario-de-relaciones-exteriores-de-mexico\/#primaryimage\",\"url\":\"https:\/\/www.nexoinformativo.mx\/wp-content\/uploads\/2024\/10\/IMG_7232-scaled-e1729875810264.jpg\",\"contentUrl\":\"https:\/\/www.nexoinformativo.mx\/wp-content\/uploads\/2024\/10\/IMG_7232-scaled-e1729875810264.jpg\",\"width\":800,\"height\":594},{\"@type\":\"BreadcrumbList\",\"@id\":\"https:\/\/www.nexoinformativo.mx\/index.php\/2024\/10\/25\/juan-ramon-de-la-fuente-aboga-por-un-crecimiento-inclusivo-y-sostenible-en-norteamerica-el-secretario-de-relaciones-exteriores-de-mexico\/#breadcrumb\",\"itemListElement\":[{\"@type\":\"ListItem\",\"position\":1,\"name\":\"Inicio\",\"item\":\"https:\/\/www.nexoinformativo.mx\/\"},{\"@type\":\"ListItem\",\"position\":2,\"name\":\"Secretario de Relaciones Exteriores Juan Ram\u00f3n de la Fuente aboga por un crecimiento inclusivo y sostenible en Norteam\u00e9rica\"}]},{\"@type\":\"WebSite\",\"@id\":\"https:\/\/www.nexoinformativo.mx\/#website\",\"url\":\"https:\/\/www.nexoinformativo.mx\/\",\"name\":\"Nexo Informativo Santiago de Quer\u00e9taro\",\"description\":\"Explora NexoInformativo y convi\u00e9rtete en parte de una comunidad que valora el conocimiento y la verdad. Tu nexoinformativo es tu puente hacia una comprensi\u00f3n m\u00e1s profunda del mundo que te rodea.\",\"publisher\":{\"@id\":\"https:\/\/www.nexoinformativo.mx\/#organization\"},\"potentialAction\":[{\"@type\":\"SearchAction\",\"target\":{\"@type\":\"EntryPoint\",\"urlTemplate\":\"https:\/\/www.nexoinformativo.mx\/?s={search_term_string}\"},\"query-input\":{\"@type\":\"PropertyValueSpecification\",\"valueRequired\":true,\"valueName\":\"search_term_string\"}}],\"inLanguage\":\"es\"},{\"@type\":\"Organization\",\"@id\":\"https:\/\/www.nexoinformativo.mx\/#organization\",\"name\":\"Nexo Informativo Santiago de Quer\u00e9taro\",\"url\":\"https:\/\/www.nexoinformativo.mx\/\",\"logo\":{\"@type\":\"ImageObject\",\"inLanguage\":\"es\",\"@id\":\"https:\/\/www.nexoinformativo.mx\/#\/schema\/logo\/image\/\",\"url\":\"https:\/\/www.nexoinformativo.mx\/wp-content\/uploads\/2024\/07\/nexoi-trasparente-2.png\",\"contentUrl\":\"https:\/\/www.nexoinformativo.mx\/wp-content\/uploads\/2024\/07\/nexoi-trasparente-2.png\",\"width\":816,\"height\":339,\"caption\":\"Nexo Informativo Santiago de Quer\u00e9taro\"},\"image\":{\"@id\":\"https:\/\/www.nexoinformativo.mx\/#\/schema\/logo\/image\/\"},\"sameAs\":[\"https:\/\/www.facebook.com\/people\/Nexo-Informativo\/61564066885511\/\"]},{\"@type\":\"Person\",\"@id\":\"https:\/\/www.nexoinformativo.mx\/#\/schema\/person\/7749d380ba08c8ca00d7bc76fd907b7d\",\"name\":\"Nexo Informativo\",\"image\":{\"@type\":\"ImageObject\",\"inLanguage\":\"es\",\"@id\":\"https:\/\/www.nexoinformativo.mx\/#\/schema\/person\/image\/\",\"url\":\"https:\/\/secure.gravatar.com\/avatar\/dde2928154642a13d95f87ddf1ea9718fe2b46760a005c53e41ff5ad610704e6?s=96&d=mm&r=g\",\"contentUrl\":\"https:\/\/secure.gravatar.com\/avatar\/dde2928154642a13d95f87ddf1ea9718fe2b46760a005c53e41ff5ad610704e6?s=96&d=mm&r=g\",\"caption\":\"Nexo Informativo\"},\"url\":\"https:\/\/www.nexoinformativo.mx\/index.php\/author\/edicion\/\"}]}<\/script>\n<!-- \/ Yoast SEO plugin. -->","yoast_head_json":{"title":"Secretario de Relaciones Exteriores Juan Ram\u00f3n de la Fuente aboga por un crecimiento inclusivo y sostenible en Norteam\u00e9rica | Nexo Informativo Santiago de Quer\u00e9taro","description":"Juan Ram\u00f3n de la Fuente Aboga por un Crecimiento Inclusivo y Sostenible en Norteam\u00e9rica El secretario de Relaciones Exteriores de M\u00e9xico","robots":{"index":"index","follow":"follow","max-snippet":"max-snippet:-1","max-image-preview":"max-image-preview:large","max-video-preview":"max-video-preview:-1"},"canonical":"https:\/\/www.nexoinformativo.mx\/index.php\/2024\/10\/25\/juan-ramon-de-la-fuente-aboga-por-un-crecimiento-inclusivo-y-sostenible-en-norteamerica-el-secretario-de-relaciones-exteriores-de-mexico\/","og_locale":"es_MX","og_type":"article","og_title":"Secretario de Relaciones Exteriores Juan Ram\u00f3n de la Fuente aboga por un crecimiento inclusivo y sostenible en Norteam\u00e9rica | Nexo Informativo Santiago de Quer\u00e9taro","og_description":"Juan Ram\u00f3n de la Fuente Aboga por un Crecimiento Inclusivo y Sostenible en Norteam\u00e9rica El secretario de Relaciones Exteriores de M\u00e9xico","og_url":"https:\/\/www.nexoinformativo.mx\/index.php\/2024\/10\/25\/juan-ramon-de-la-fuente-aboga-por-un-crecimiento-inclusivo-y-sostenible-en-norteamerica-el-secretario-de-relaciones-exteriores-de-mexico\/","og_site_name":"Nexo Informativo Santiago de Quer\u00e9taro","article_publisher":"https:\/\/www.facebook.com\/people\/Nexo-Informativo\/61564066885511\/","article_published_time":"2024-10-25T15:00:32+00:00","article_modified_time":"2024-10-25T18:02:50+00:00","og_image":[{"width":800,"height":594,"url":"https:\/\/www.nexoinformativo.mx\/wp-content\/uploads\/2024\/10\/IMG_7232-scaled-e1729875810264.jpg","type":"image\/jpeg"}],"author":"Nexo Informativo","twitter_card":"summary_large_image","twitter_misc":{"Escrito por":"Nexo Informativo","Tiempo de lectura":"2 minutos"},"schema":{"@context":"https:\/\/schema.org","@graph":[{"@type":"Article","@id":"https:\/\/www.nexoinformativo.mx\/index.php\/2024\/10\/25\/juan-ramon-de-la-fuente-aboga-por-un-crecimiento-inclusivo-y-sostenible-en-norteamerica-el-secretario-de-relaciones-exteriores-de-mexico\/#article","isPartOf":{"@id":"https:\/\/www.nexoinformativo.mx\/index.php\/2024\/10\/25\/juan-ramon-de-la-fuente-aboga-por-un-crecimiento-inclusivo-y-sostenible-en-norteamerica-el-secretario-de-relaciones-exteriores-de-mexico\/"},"author":{"name":"Nexo Informativo","@id":"https:\/\/www.nexoinformativo.mx\/#\/schema\/person\/7749d380ba08c8ca00d7bc76fd907b7d"},"headline":"Secretario de Relaciones Exteriores Juan Ram\u00f3n de la Fuente aboga por un crecimiento inclusivo y sostenible en Norteam\u00e9rica","datePublished":"2024-10-25T15:00:32+00:00","dateModified":"2024-10-25T18:02:50+00:00","mainEntityOfPage":{"@id":"https:\/\/www.nexoinformativo.mx\/index.php\/2024\/10\/25\/juan-ramon-de-la-fuente-aboga-por-un-crecimiento-inclusivo-y-sostenible-en-norteamerica-el-secretario-de-relaciones-exteriores-de-mexico\/"},"wordCount":373,"commentCount":0,"publisher":{"@id":"https:\/\/www.nexoinformativo.mx\/#organization"},"image":{"@id":"https:\/\/www.nexoinformativo.mx\/index.php\/2024\/10\/25\/juan-ramon-de-la-fuente-aboga-por-un-crecimiento-inclusivo-y-sostenible-en-norteamerica-el-secretario-de-relaciones-exteriores-de-mexico\/#primaryimage"},"thumbnailUrl":"https:\/\/www.nexoinformativo.mx\/wp-content\/uploads\/2024\/10\/IMG_7232-scaled-e1729875810264.jpg","keywords":["CrecimientoSostenible","JuanRam\u00f3nDeLaFuente","Norteam\u00e9rica","TMEC"],"articleSection":["Econom\u00eda","Nacional","\u00daltima Hora"],"inLanguage":"es","potentialAction":[{"@type":"CommentAction","name":"Comment","target":["https:\/\/www.nexoinformativo.mx\/index.php\/2024\/10\/25\/juan-ramon-de-la-fuente-aboga-por-un-crecimiento-inclusivo-y-sostenible-en-norteamerica-el-secretario-de-relaciones-exteriores-de-mexico\/#respond"]}]},{"@type":"WebPage","@id":"https:\/\/www.nexoinformativo.mx\/index.php\/2024\/10\/25\/juan-ramon-de-la-fuente-aboga-por-un-crecimiento-inclusivo-y-sostenible-en-norteamerica-el-secretario-de-relaciones-exteriores-de-mexico\/","url":"https:\/\/www.nexoinformativo.mx\/index.php\/2024\/10\/25\/juan-ramon-de-la-fuente-aboga-por-un-crecimiento-inclusivo-y-sostenible-en-norteamerica-el-secretario-de-relaciones-exteriores-de-mexico\/","name":"Secretario de Relaciones Exteriores Juan Ram\u00f3n de la Fuente aboga por un crecimiento inclusivo y sostenible en Norteam\u00e9rica | Nexo Informativo Santiago de Quer\u00e9taro","isPartOf":{"@id":"https:\/\/www.nexoinformativo.mx\/#website"},"primaryImageOfPage":{"@id":"https:\/\/www.nexoinformativo.mx\/index.php\/2024\/10\/25\/juan-ramon-de-la-fuente-aboga-por-un-crecimiento-inclusivo-y-sostenible-en-norteamerica-el-secretario-de-relaciones-exteriores-de-mexico\/#primaryimage"},"image":{"@id":"https:\/\/www.nexoinformativo.mx\/index.php\/2024\/10\/25\/juan-ramon-de-la-fuente-aboga-por-un-crecimiento-inclusivo-y-sostenible-en-norteamerica-el-secretario-de-relaciones-exteriores-de-mexico\/#primaryimage"},"thumbnailUrl":"https:\/\/www.nexoinformativo.mx\/wp-content\/uploads\/2024\/10\/IMG_7232-scaled-e1729875810264.jpg","datePublished":"2024-10-25T15:00:32+00:00","dateModified":"2024-10-25T18:02:50+00:00","description":"Juan Ram\u00f3n de la Fuente Aboga por un Crecimiento Inclusivo y Sostenible en Norteam\u00e9rica El secretario de Relaciones Exteriores de M\u00e9xico","breadcrumb":{"@id":"https:\/\/www.nexoinformativo.mx\/index.php\/2024\/10\/25\/juan-ramon-de-la-fuente-aboga-por-un-crecimiento-inclusivo-y-sostenible-en-norteamerica-el-secretario-de-relaciones-exteriores-de-mexico\/#breadcrumb"},"inLanguage":"es","potentialAction":[{"@type":"ReadAction","target":["https:\/\/www.nexoinformativo.mx\/index.php\/2024\/10\/25\/juan-ramon-de-la-fuente-aboga-por-un-crecimiento-inclusivo-y-sostenible-en-norteamerica-el-secretario-de-relaciones-exteriores-de-mexico\/"]}]},{"@type":"ImageObject","inLanguage":"es","@id":"https:\/\/www.nexoinformativo.mx\/index.php\/2024\/10\/25\/juan-ramon-de-la-fuente-aboga-por-un-crecimiento-inclusivo-y-sostenible-en-norteamerica-el-secretario-de-relaciones-exteriores-de-mexico\/#primaryimage","url":"https:\/\/www.nexoinformativo.mx\/wp-content\/uploads\/2024\/10\/IMG_7232-scaled-e1729875810264.jpg","contentUrl":"https:\/\/www.nexoinformativo.mx\/wp-content\/uploads\/2024\/10\/IMG_7232-scaled-e1729875810264.jpg","width":800,"height":594},{"@type":"BreadcrumbList","@id":"https:\/\/www.nexoinformativo.mx\/index.php\/2024\/10\/25\/juan-ramon-de-la-fuente-aboga-por-un-crecimiento-inclusivo-y-sostenible-en-norteamerica-el-secretario-de-relaciones-exteriores-de-mexico\/#breadcrumb","itemListElement":[{"@type":"ListItem","position":1,"name":"Inicio","item":"https:\/\/www.nexoinformativo.mx\/"},{"@type":"ListItem","position":2,"name":"Secretario de Relaciones Exteriores Juan Ram\u00f3n de la Fuente aboga por un crecimiento inclusivo y sostenible en Norteam\u00e9rica"}]},{"@type":"WebSite","@id":"https:\/\/www.nexoinformativo.mx\/#website","url":"https:\/\/www.nexoinformativo.mx\/","name":"Nexo Informativo Santiago de Quer\u00e9taro","description":"Explora NexoInformativo y convi\u00e9rtete en parte de una comunidad que valora el conocimiento y la verdad. Tu nexoinformativo es tu puente hacia una comprensi\u00f3n m\u00e1s profunda del mundo que te rodea.","publisher":{"@id":"https:\/\/www.nexoinformativo.mx\/#organization"},"potentialAction":[{"@type":"SearchAction","target":{"@type":"EntryPoint","urlTemplate":"https:\/\/www.nexoinformativo.mx\/?s={search_term_string}"},"query-input":{"@type":"PropertyValueSpecification","valueRequired":true,"valueName":"search_term_string"}}],"inLanguage":"es"},{"@type":"Organization","@id":"https:\/\/www.nexoinformativo.mx\/#organization","name":"Nexo Informativo Santiago de Quer\u00e9taro","url":"https:\/\/www.nexoinformativo.mx\/","logo":{"@type":"ImageObject","inLanguage":"es","@id":"https:\/\/www.nexoinformativo.mx\/#\/schema\/logo\/image\/","url":"https:\/\/www.nexoinformativo.mx\/wp-content\/uploads\/2024\/07\/nexoi-trasparente-2.png","contentUrl":"https:\/\/www.nexoinformativo.mx\/wp-content\/uploads\/2024\/07\/nexoi-trasparente-2.png","width":816,"height":339,"caption":"Nexo Informativo Santiago de Quer\u00e9taro"},"image":{"@id":"https:\/\/www.nexoinformativo.mx\/#\/schema\/logo\/image\/"},"sameAs":["https:\/\/www.facebook.com\/people\/Nexo-Informativo\/61564066885511\/"]},{"@type":"Person","@id":"https:\/\/www.nexoinformativo.mx\/#\/schema\/person\/7749d380ba08c8ca00d7bc76fd907b7d","name":"Nexo Informativo","image":{"@type":"ImageObject","inLanguage":"es","@id":"https:\/\/www.nexoinformativo.mx\/#\/schema\/person\/image\/","url":"https:\/\/secure.gravatar.com\/avatar\/dde2928154642a13d95f87ddf1ea9718fe2b46760a005c53e41ff5ad610704e6?s=96&d=mm&r=g","contentUrl":"https:\/\/secure.gravatar.com\/avatar\/dde2928154642a13d95f87ddf1ea9718fe2b46760a005c53e41ff5ad610704e6?s=96&d=mm&r=g","caption":"Nexo Informativo"},"url":"https:\/\/www.nexoinformativo.mx\/index.php\/author\/edicion\/"}]}},"_links":{"self":[{"href":"https:\/\/www.nexoinformativo.mx\/index.php\/wp-json\/wp\/v2\/posts\/4505","targetHints":{"allow":["GET"]}}],"collection":[{"href":"https:\/\/www.nexoinformativo.mx\/index.php\/wp-json\/wp\/v2\/posts"}],"about":[{"href":"https:\/\/www.nexoinformativo.mx\/index.php\/wp-json\/wp\/v2\/types\/post"}],"author":[{"embeddable":true,"href":"https:\/\/www.nexoinformativo.mx\/index.php\/wp-json\/wp\/v2\/users\/3"}],"replies":[{"embeddable":true,"href":"https:\/\/www.nexoinformativo.mx\/index.php\/wp-json\/wp\/v2\/comments?post=4505"}],"version-history":[{"count":5,"href":"https:\/\/www.nexoinformativo.mx\/index.php\/wp-json\/wp\/v2\/posts\/4505\/revisions"}],"predecessor-version":[{"id":4538,"href":"https:\/\/www.nexoinformativo.mx\/index.php\/wp-json\/wp\/v2\/posts\/4505\/revisions\/4538"}],"wp:featuredmedia":[{"embeddable":true,"href":"https:\/\/www.nexoinformativo.mx\/index.php\/wp-json\/wp\/v2\/media\/4507"}],"wp:attachment":[{"href":"https:\/\/www.nexoinformativo.mx\/index.php\/wp-json\/wp\/v2\/media?parent=4505"}],"wp:term":[{"taxonomy":"category","embeddable":true,"href":"https:\/\/www.nexoinformativo.mx\/index.php\/wp-json\/wp\/v2\/categories?post=4505"},{"taxonomy":"post_tag","embeddable":true,"href":"https:\/\/www.nexoinformativo.mx\/index.php\/wp-json\/wp\/v2\/tags?post=4505"}],"curies":[{"name":"wp","href":"https:\/\/api.w.org\/{rel}","templated":true}]}}