{"id":4512,"date":"2024-10-25T09:00:21","date_gmt":"2024-10-25T15:00:21","guid":{"rendered":"https:\/\/www.nexoinformativo.mx\/?p=4512"},"modified":"2024-10-25T11:15:45","modified_gmt":"2024-10-25T17:15:45","slug":"mexico-lidera-la-lucha-por-la-igualdad-de-genero-en-el-g20-impulsara-politicas-para-empoderar-a-las-mujeres-en-el-sector-productivo","status":"publish","type":"post","link":"https:\/\/www.nexoinformativo.mx\/index.php\/2024\/10\/25\/mexico-lidera-la-lucha-por-la-igualdad-de-genero-en-el-g20-impulsara-politicas-para-empoderar-a-las-mujeres-en-el-sector-productivo\/","title":{"rendered":"M\u00e9xico lidera la lucha por la igualdad de g\u00e9nero en el G20: Impulsar\u00e1 pol\u00edticas para empoderar a las mujeres en el sector productivo"},"content":{"rendered":"<p style=\"text-align: justify;\" data-sourcepos=\"5:1-5:412\">M\u00e9xico se posiciona a la vanguardia en la promoci\u00f3n de la igualdad de g\u00e9nero en el \u00e1mbito laboral. Durante la reciente reuni\u00f3n de Ministros de Comercio e Inversi\u00f3n del G20, celebrada en Brasilia, nuestro pa\u00eds anunci\u00f3 un ambicioso plan para impulsar la participaci\u00f3n de las mujeres en sectores tradicionalmente masculinizados y cerrar brechas de g\u00e9nero en el mundo empresarial.<\/p>\n<p>&nbsp;<\/p>\n<p style=\"text-align: justify;\" data-sourcepos=\"7:1-7:208\">La Secretar\u00eda de Econom\u00eda, a trav\u00e9s del Subsecretario Vidal Llerenas, present\u00f3 una serie de iniciativas enfocadas en empoderar a las mujeres y fomentar su desarrollo profesional.<\/p>\n<p>&nbsp;<\/p>\n<p style=\"text-align: justify;\">Destacando capacitaci\u00f3n especializada,\u00a0se implementar\u00e1n programas de capacitaci\u00f3n para que las mujeres adquieran las habilidades necesarias para ingresar a sectores como la manufactura, la construcci\u00f3n y las tecnolog\u00edas de la informaci\u00f3n.<\/p>\n<p>&nbsp;<\/p>\n<p style=\"text-align: justify;\">El liderazgo femenino se impulsar\u00e1 la participaci\u00f3n de las mujeres en puestos de toma de decisi\u00f3n dentro de las empresas y los consejos empresariales y corredores del Bienestar se integrar\u00e1 una perspectiva de g\u00e9nero en la planeaci\u00f3n de los Corredores del Bienestar, facilitando la conciliaci\u00f3n entre la vida laboral y familiar.<\/p>\n<p>&nbsp;<\/p>\n<p style=\"text-align: justify;\" data-sourcepos=\"14:1-14:300\"><strong>&#8220;M\u00e9xico est\u00e1 comprometido con la construcci\u00f3n de un futuro m\u00e1s justo y equitativo, donde las mujeres tengan las mismas oportunidades que los hombres&#8221;<\/strong>, afirm\u00f3 el Subsecretario Llerenas. &#8220;Al empoderar a las mujeres, estamos fortaleciendo nuestra econom\u00eda y sociedad en su conjunto&#8221;.<\/p>\n<p>&nbsp;<\/p>\n<p style=\"text-align: justify;\" data-sourcepos=\"16:1-16:285\">Este plan de acci\u00f3n se alinea con los objetivos del Gobierno de M\u00e9xico de alcanzar un crecimiento econ\u00f3mico sostenible e inclusivo, donde nadie se quede atr\u00e1s. Al reducir las desigualdades de g\u00e9nero, se abre la puerta a un mayor desarrollo y bienestar para todas y todos los mexicanos.<\/p>\n<p>&nbsp;<\/p>\n<p style=\"text-align: center;\" data-sourcepos=\"16:1-16:285\"><em><strong>\u00a1Informaci\u00f3n que transforma!<\/strong><\/em><\/p>\n","protected":false},"excerpt":{"rendered":"<p>M\u00e9xico se posiciona a la vanguardia en la promoci\u00f3n de la igualdad de g\u00e9nero en el \u00e1mbito laboral. Durante la reciente reuni\u00f3n de Ministros de Comercio e Inversi\u00f3n del G20, celebrada en Brasilia<\/p>\n","protected":false},"author":3,"featured_media":4513,"comment_status":"open","ping_status":"open","sticky":false,"template":"","format":"standard","meta":{"footnotes":""},"categories":[5,88,58],"tags":[1639,1417,1638,1610],"class_list":["post-4512","post","type-post","status-publish","format-standard","has-post-thumbnail","hentry","category-economia","category-nacional","category-ultima-hora","tag-economiainclusiva","tag-empoderamientofemenino","tag-g20","tag-mexico"],"yoast_head":"<!-- This site is optimized with the Yoast SEO plugin v25.0 - https:\/\/yoast.com\/wordpress\/plugins\/seo\/ -->\n<title>M\u00e9xico lidera la lucha por la igualdad de g\u00e9nero en el G20: Impulsar\u00e1 pol\u00edticas para empoderar a las mujeres en el sector productivo | Nexo Informativo Santiago de Quer\u00e9taro<\/title>\n<meta name=\"description\" content=\"M\u00e9xico lidera la lucha por la igualdad de g\u00e9nero en el G20: Impulsar\u00e1 pol\u00edticas para empoderar a las mujeres en el sector productivo\" \/>\n<meta name=\"robots\" content=\"index, follow, max-snippet:-1, max-image-preview:large, max-video-preview:-1\" \/>\n<link rel=\"canonical\" href=\"https:\/\/www.nexoinformativo.mx\/index.php\/2024\/10\/25\/mexico-lidera-la-lucha-por-la-igualdad-de-genero-en-el-g20-impulsara-politicas-para-empoderar-a-las-mujeres-en-el-sector-productivo\/\" \/>\n<meta property=\"og:locale\" content=\"es_MX\" \/>\n<meta property=\"og:type\" content=\"article\" \/>\n<meta property=\"og:title\" content=\"M\u00e9xico lidera la lucha por la igualdad de g\u00e9nero en el G20: Impulsar\u00e1 pol\u00edticas para empoderar a las mujeres en el sector productivo | Nexo Informativo Santiago de Quer\u00e9taro\" \/>\n<meta property=\"og:description\" content=\"M\u00e9xico lidera la lucha por la igualdad de g\u00e9nero en el G20: Impulsar\u00e1 pol\u00edticas para empoderar a las mujeres en el sector productivo\" \/>\n<meta property=\"og:url\" content=\"https:\/\/www.nexoinformativo.mx\/index.php\/2024\/10\/25\/mexico-lidera-la-lucha-por-la-igualdad-de-genero-en-el-g20-impulsara-politicas-para-empoderar-a-las-mujeres-en-el-sector-productivo\/\" \/>\n<meta property=\"og:site_name\" content=\"Nexo Informativo Santiago de Quer\u00e9taro\" \/>\n<meta property=\"article:publisher\" content=\"https:\/\/www.facebook.com\/people\/Nexo-Informativo\/61564066885511\/\" \/>\n<meta property=\"article:published_time\" content=\"2024-10-25T15:00:21+00:00\" \/>\n<meta property=\"article:modified_time\" content=\"2024-10-25T17:15:45+00:00\" \/>\n<meta property=\"og:image\" content=\"https:\/\/www.nexoinformativo.mx\/wp-content\/uploads\/2024\/10\/IMG_7233.jpg\" \/>\n\t<meta property=\"og:image:width\" content=\"650\" \/>\n\t<meta property=\"og:image:height\" content=\"380\" \/>\n\t<meta property=\"og:image:type\" content=\"image\/jpeg\" \/>\n<meta name=\"author\" content=\"Nexo Informativo\" \/>\n<meta name=\"twitter:card\" content=\"summary_large_image\" \/>\n<meta name=\"twitter:label1\" content=\"Escrito por\" \/>\n\t<meta name=\"twitter:data1\" content=\"Nexo Informativo\" \/>\n\t<meta name=\"twitter:label2\" content=\"Tiempo de lectura\" \/>\n\t<meta name=\"twitter:data2\" content=\"2 minutos\" \/>\n<script type=\"application\/ld+json\" class=\"yoast-schema-graph\">{\"@context\":\"https:\/\/schema.org\",\"@graph\":[{\"@type\":\"Article\",\"@id\":\"https:\/\/www.nexoinformativo.mx\/index.php\/2024\/10\/25\/mexico-lidera-la-lucha-por-la-igualdad-de-genero-en-el-g20-impulsara-politicas-para-empoderar-a-las-mujeres-en-el-sector-productivo\/#article\",\"isPartOf\":{\"@id\":\"https:\/\/www.nexoinformativo.mx\/index.php\/2024\/10\/25\/mexico-lidera-la-lucha-por-la-igualdad-de-genero-en-el-g20-impulsara-politicas-para-empoderar-a-las-mujeres-en-el-sector-productivo\/\"},\"author\":{\"name\":\"Nexo Informativo\",\"@id\":\"https:\/\/www.nexoinformativo.mx\/#\/schema\/person\/7749d380ba08c8ca00d7bc76fd907b7d\"},\"headline\":\"M\u00e9xico lidera la lucha por la igualdad de g\u00e9nero en el G20: Impulsar\u00e1 pol\u00edticas para empoderar a las mujeres en el sector productivo\",\"datePublished\":\"2024-10-25T15:00:21+00:00\",\"dateModified\":\"2024-10-25T17:15:45+00:00\",\"mainEntityOfPage\":{\"@id\":\"https:\/\/www.nexoinformativo.mx\/index.php\/2024\/10\/25\/mexico-lidera-la-lucha-por-la-igualdad-de-genero-en-el-g20-impulsara-politicas-para-empoderar-a-las-mujeres-en-el-sector-productivo\/\"},\"wordCount\":323,\"commentCount\":0,\"publisher\":{\"@id\":\"https:\/\/www.nexoinformativo.mx\/#organization\"},\"image\":{\"@id\":\"https:\/\/www.nexoinformativo.mx\/index.php\/2024\/10\/25\/mexico-lidera-la-lucha-por-la-igualdad-de-genero-en-el-g20-impulsara-politicas-para-empoderar-a-las-mujeres-en-el-sector-productivo\/#primaryimage\"},\"thumbnailUrl\":\"https:\/\/www.nexoinformativo.mx\/wp-content\/uploads\/2024\/10\/IMG_7233.jpg\",\"keywords\":[\"Econom\u00edaInclusiva\",\"EmpoderamientoFemenino\",\"G20\",\"M\u00e9xico\"],\"articleSection\":[\"Econom\u00eda\",\"Nacional\",\"\u00daltima Hora\"],\"inLanguage\":\"es\",\"potentialAction\":[{\"@type\":\"CommentAction\",\"name\":\"Comment\",\"target\":[\"https:\/\/www.nexoinformativo.mx\/index.php\/2024\/10\/25\/mexico-lidera-la-lucha-por-la-igualdad-de-genero-en-el-g20-impulsara-politicas-para-empoderar-a-las-mujeres-en-el-sector-productivo\/#respond\"]}]},{\"@type\":\"WebPage\",\"@id\":\"https:\/\/www.nexoinformativo.mx\/index.php\/2024\/10\/25\/mexico-lidera-la-lucha-por-la-igualdad-de-genero-en-el-g20-impulsara-politicas-para-empoderar-a-las-mujeres-en-el-sector-productivo\/\",\"url\":\"https:\/\/www.nexoinformativo.mx\/index.php\/2024\/10\/25\/mexico-lidera-la-lucha-por-la-igualdad-de-genero-en-el-g20-impulsara-politicas-para-empoderar-a-las-mujeres-en-el-sector-productivo\/\",\"name\":\"M\u00e9xico lidera la lucha por la igualdad de g\u00e9nero en el G20: Impulsar\u00e1 pol\u00edticas para empoderar a las mujeres en el sector productivo | Nexo Informativo Santiago de Quer\u00e9taro\",\"isPartOf\":{\"@id\":\"https:\/\/www.nexoinformativo.mx\/#website\"},\"primaryImageOfPage\":{\"@id\":\"https:\/\/www.nexoinformativo.mx\/index.php\/2024\/10\/25\/mexico-lidera-la-lucha-por-la-igualdad-de-genero-en-el-g20-impulsara-politicas-para-empoderar-a-las-mujeres-en-el-sector-productivo\/#primaryimage\"},\"image\":{\"@id\":\"https:\/\/www.nexoinformativo.mx\/index.php\/2024\/10\/25\/mexico-lidera-la-lucha-por-la-igualdad-de-genero-en-el-g20-impulsara-politicas-para-empoderar-a-las-mujeres-en-el-sector-productivo\/#primaryimage\"},\"thumbnailUrl\":\"https:\/\/www.nexoinformativo.mx\/wp-content\/uploads\/2024\/10\/IMG_7233.jpg\",\"datePublished\":\"2024-10-25T15:00:21+00:00\",\"dateModified\":\"2024-10-25T17:15:45+00:00\",\"description\":\"M\u00e9xico lidera la lucha por la igualdad de g\u00e9nero en el G20: Impulsar\u00e1 pol\u00edticas para empoderar a las mujeres en el sector productivo\",\"breadcrumb\":{\"@id\":\"https:\/\/www.nexoinformativo.mx\/index.php\/2024\/10\/25\/mexico-lidera-la-lucha-por-la-igualdad-de-genero-en-el-g20-impulsara-politicas-para-empoderar-a-las-mujeres-en-el-sector-productivo\/#breadcrumb\"},\"inLanguage\":\"es\",\"potentialAction\":[{\"@type\":\"ReadAction\",\"target\":[\"https:\/\/www.nexoinformativo.mx\/index.php\/2024\/10\/25\/mexico-lidera-la-lucha-por-la-igualdad-de-genero-en-el-g20-impulsara-politicas-para-empoderar-a-las-mujeres-en-el-sector-productivo\/\"]}]},{\"@type\":\"ImageObject\",\"inLanguage\":\"es\",\"@id\":\"https:\/\/www.nexoinformativo.mx\/index.php\/2024\/10\/25\/mexico-lidera-la-lucha-por-la-igualdad-de-genero-en-el-g20-impulsara-politicas-para-empoderar-a-las-mujeres-en-el-sector-productivo\/#primaryimage\",\"url\":\"https:\/\/www.nexoinformativo.mx\/wp-content\/uploads\/2024\/10\/IMG_7233.jpg\",\"contentUrl\":\"https:\/\/www.nexoinformativo.mx\/wp-content\/uploads\/2024\/10\/IMG_7233.jpg\",\"width\":650,\"height\":380},{\"@type\":\"BreadcrumbList\",\"@id\":\"https:\/\/www.nexoinformativo.mx\/index.php\/2024\/10\/25\/mexico-lidera-la-lucha-por-la-igualdad-de-genero-en-el-g20-impulsara-politicas-para-empoderar-a-las-mujeres-en-el-sector-productivo\/#breadcrumb\",\"itemListElement\":[{\"@type\":\"ListItem\",\"position\":1,\"name\":\"Inicio\",\"item\":\"https:\/\/www.nexoinformativo.mx\/\"},{\"@type\":\"ListItem\",\"position\":2,\"name\":\"M\u00e9xico lidera la lucha por la igualdad de g\u00e9nero en el G20: Impulsar\u00e1 pol\u00edticas para empoderar a las mujeres en el sector productivo\"}]},{\"@type\":\"WebSite\",\"@id\":\"https:\/\/www.nexoinformativo.mx\/#website\",\"url\":\"https:\/\/www.nexoinformativo.mx\/\",\"name\":\"Nexo Informativo Santiago de Quer\u00e9taro\",\"description\":\"Explora NexoInformativo y convi\u00e9rtete en parte de una comunidad que valora el conocimiento y la verdad. Tu nexoinformativo es tu puente hacia una comprensi\u00f3n m\u00e1s profunda del mundo que te rodea.\",\"publisher\":{\"@id\":\"https:\/\/www.nexoinformativo.mx\/#organization\"},\"potentialAction\":[{\"@type\":\"SearchAction\",\"target\":{\"@type\":\"EntryPoint\",\"urlTemplate\":\"https:\/\/www.nexoinformativo.mx\/?s={search_term_string}\"},\"query-input\":{\"@type\":\"PropertyValueSpecification\",\"valueRequired\":true,\"valueName\":\"search_term_string\"}}],\"inLanguage\":\"es\"},{\"@type\":\"Organization\",\"@id\":\"https:\/\/www.nexoinformativo.mx\/#organization\",\"name\":\"Nexo Informativo Santiago de Quer\u00e9taro\",\"url\":\"https:\/\/www.nexoinformativo.mx\/\",\"logo\":{\"@type\":\"ImageObject\",\"inLanguage\":\"es\",\"@id\":\"https:\/\/www.nexoinformativo.mx\/#\/schema\/logo\/image\/\",\"url\":\"https:\/\/www.nexoinformativo.mx\/wp-content\/uploads\/2024\/07\/nexoi-trasparente-2.png\",\"contentUrl\":\"https:\/\/www.nexoinformativo.mx\/wp-content\/uploads\/2024\/07\/nexoi-trasparente-2.png\",\"width\":816,\"height\":339,\"caption\":\"Nexo Informativo Santiago de Quer\u00e9taro\"},\"image\":{\"@id\":\"https:\/\/www.nexoinformativo.mx\/#\/schema\/logo\/image\/\"},\"sameAs\":[\"https:\/\/www.facebook.com\/people\/Nexo-Informativo\/61564066885511\/\"]},{\"@type\":\"Person\",\"@id\":\"https:\/\/www.nexoinformativo.mx\/#\/schema\/person\/7749d380ba08c8ca00d7bc76fd907b7d\",\"name\":\"Nexo Informativo\",\"image\":{\"@type\":\"ImageObject\",\"inLanguage\":\"es\",\"@id\":\"https:\/\/www.nexoinformativo.mx\/#\/schema\/person\/image\/\",\"url\":\"https:\/\/secure.gravatar.com\/avatar\/dde2928154642a13d95f87ddf1ea9718fe2b46760a005c53e41ff5ad610704e6?s=96&d=mm&r=g\",\"contentUrl\":\"https:\/\/secure.gravatar.com\/avatar\/dde2928154642a13d95f87ddf1ea9718fe2b46760a005c53e41ff5ad610704e6?s=96&d=mm&r=g\",\"caption\":\"Nexo Informativo\"},\"url\":\"https:\/\/www.nexoinformativo.mx\/index.php\/author\/edicion\/\"}]}<\/script>\n<!-- \/ Yoast SEO plugin. -->","yoast_head_json":{"title":"M\u00e9xico lidera la lucha por la igualdad de g\u00e9nero en el G20: Impulsar\u00e1 pol\u00edticas para empoderar a las mujeres en el sector productivo | Nexo Informativo Santiago de Quer\u00e9taro","description":"M\u00e9xico lidera la lucha por la igualdad de g\u00e9nero en el G20: Impulsar\u00e1 pol\u00edticas para empoderar a las mujeres en el sector productivo","robots":{"index":"index","follow":"follow","max-snippet":"max-snippet:-1","max-image-preview":"max-image-preview:large","max-video-preview":"max-video-preview:-1"},"canonical":"https:\/\/www.nexoinformativo.mx\/index.php\/2024\/10\/25\/mexico-lidera-la-lucha-por-la-igualdad-de-genero-en-el-g20-impulsara-politicas-para-empoderar-a-las-mujeres-en-el-sector-productivo\/","og_locale":"es_MX","og_type":"article","og_title":"M\u00e9xico lidera la lucha por la igualdad de g\u00e9nero en el G20: Impulsar\u00e1 pol\u00edticas para empoderar a las mujeres en el sector productivo | Nexo Informativo Santiago de Quer\u00e9taro","og_description":"M\u00e9xico lidera la lucha por la igualdad de g\u00e9nero en el G20: Impulsar\u00e1 pol\u00edticas para empoderar a las mujeres en el sector productivo","og_url":"https:\/\/www.nexoinformativo.mx\/index.php\/2024\/10\/25\/mexico-lidera-la-lucha-por-la-igualdad-de-genero-en-el-g20-impulsara-politicas-para-empoderar-a-las-mujeres-en-el-sector-productivo\/","og_site_name":"Nexo Informativo Santiago de Quer\u00e9taro","article_publisher":"https:\/\/www.facebook.com\/people\/Nexo-Informativo\/61564066885511\/","article_published_time":"2024-10-25T15:00:21+00:00","article_modified_time":"2024-10-25T17:15:45+00:00","og_image":[{"width":650,"height":380,"url":"https:\/\/www.nexoinformativo.mx\/wp-content\/uploads\/2024\/10\/IMG_7233.jpg","type":"image\/jpeg"}],"author":"Nexo Informativo","twitter_card":"summary_large_image","twitter_misc":{"Escrito por":"Nexo Informativo","Tiempo de lectura":"2 minutos"},"schema":{"@context":"https:\/\/schema.org","@graph":[{"@type":"Article","@id":"https:\/\/www.nexoinformativo.mx\/index.php\/2024\/10\/25\/mexico-lidera-la-lucha-por-la-igualdad-de-genero-en-el-g20-impulsara-politicas-para-empoderar-a-las-mujeres-en-el-sector-productivo\/#article","isPartOf":{"@id":"https:\/\/www.nexoinformativo.mx\/index.php\/2024\/10\/25\/mexico-lidera-la-lucha-por-la-igualdad-de-genero-en-el-g20-impulsara-politicas-para-empoderar-a-las-mujeres-en-el-sector-productivo\/"},"author":{"name":"Nexo Informativo","@id":"https:\/\/www.nexoinformativo.mx\/#\/schema\/person\/7749d380ba08c8ca00d7bc76fd907b7d"},"headline":"M\u00e9xico lidera la lucha por la igualdad de g\u00e9nero en el G20: Impulsar\u00e1 pol\u00edticas para empoderar a las mujeres en el sector productivo","datePublished":"2024-10-25T15:00:21+00:00","dateModified":"2024-10-25T17:15:45+00:00","mainEntityOfPage":{"@id":"https:\/\/www.nexoinformativo.mx\/index.php\/2024\/10\/25\/mexico-lidera-la-lucha-por-la-igualdad-de-genero-en-el-g20-impulsara-politicas-para-empoderar-a-las-mujeres-en-el-sector-productivo\/"},"wordCount":323,"commentCount":0,"publisher":{"@id":"https:\/\/www.nexoinformativo.mx\/#organization"},"image":{"@id":"https:\/\/www.nexoinformativo.mx\/index.php\/2024\/10\/25\/mexico-lidera-la-lucha-por-la-igualdad-de-genero-en-el-g20-impulsara-politicas-para-empoderar-a-las-mujeres-en-el-sector-productivo\/#primaryimage"},"thumbnailUrl":"https:\/\/www.nexoinformativo.mx\/wp-content\/uploads\/2024\/10\/IMG_7233.jpg","keywords":["Econom\u00edaInclusiva","EmpoderamientoFemenino","G20","M\u00e9xico"],"articleSection":["Econom\u00eda","Nacional","\u00daltima Hora"],"inLanguage":"es","potentialAction":[{"@type":"CommentAction","name":"Comment","target":["https:\/\/www.nexoinformativo.mx\/index.php\/2024\/10\/25\/mexico-lidera-la-lucha-por-la-igualdad-de-genero-en-el-g20-impulsara-politicas-para-empoderar-a-las-mujeres-en-el-sector-productivo\/#respond"]}]},{"@type":"WebPage","@id":"https:\/\/www.nexoinformativo.mx\/index.php\/2024\/10\/25\/mexico-lidera-la-lucha-por-la-igualdad-de-genero-en-el-g20-impulsara-politicas-para-empoderar-a-las-mujeres-en-el-sector-productivo\/","url":"https:\/\/www.nexoinformativo.mx\/index.php\/2024\/10\/25\/mexico-lidera-la-lucha-por-la-igualdad-de-genero-en-el-g20-impulsara-politicas-para-empoderar-a-las-mujeres-en-el-sector-productivo\/","name":"M\u00e9xico lidera la lucha por la igualdad de g\u00e9nero en el G20: Impulsar\u00e1 pol\u00edticas para empoderar a las mujeres en el sector productivo | Nexo Informativo Santiago de Quer\u00e9taro","isPartOf":{"@id":"https:\/\/www.nexoinformativo.mx\/#website"},"primaryImageOfPage":{"@id":"https:\/\/www.nexoinformativo.mx\/index.php\/2024\/10\/25\/mexico-lidera-la-lucha-por-la-igualdad-de-genero-en-el-g20-impulsara-politicas-para-empoderar-a-las-mujeres-en-el-sector-productivo\/#primaryimage"},"image":{"@id":"https:\/\/www.nexoinformativo.mx\/index.php\/2024\/10\/25\/mexico-lidera-la-lucha-por-la-igualdad-de-genero-en-el-g20-impulsara-politicas-para-empoderar-a-las-mujeres-en-el-sector-productivo\/#primaryimage"},"thumbnailUrl":"https:\/\/www.nexoinformativo.mx\/wp-content\/uploads\/2024\/10\/IMG_7233.jpg","datePublished":"2024-10-25T15:00:21+00:00","dateModified":"2024-10-25T17:15:45+00:00","description":"M\u00e9xico lidera la lucha por la igualdad de g\u00e9nero en el G20: Impulsar\u00e1 pol\u00edticas para empoderar a las mujeres en el sector productivo","breadcrumb":{"@id":"https:\/\/www.nexoinformativo.mx\/index.php\/2024\/10\/25\/mexico-lidera-la-lucha-por-la-igualdad-de-genero-en-el-g20-impulsara-politicas-para-empoderar-a-las-mujeres-en-el-sector-productivo\/#breadcrumb"},"inLanguage":"es","potentialAction":[{"@type":"ReadAction","target":["https:\/\/www.nexoinformativo.mx\/index.php\/2024\/10\/25\/mexico-lidera-la-lucha-por-la-igualdad-de-genero-en-el-g20-impulsara-politicas-para-empoderar-a-las-mujeres-en-el-sector-productivo\/"]}]},{"@type":"ImageObject","inLanguage":"es","@id":"https:\/\/www.nexoinformativo.mx\/index.php\/2024\/10\/25\/mexico-lidera-la-lucha-por-la-igualdad-de-genero-en-el-g20-impulsara-politicas-para-empoderar-a-las-mujeres-en-el-sector-productivo\/#primaryimage","url":"https:\/\/www.nexoinformativo.mx\/wp-content\/uploads\/2024\/10\/IMG_7233.jpg","contentUrl":"https:\/\/www.nexoinformativo.mx\/wp-content\/uploads\/2024\/10\/IMG_7233.jpg","width":650,"height":380},{"@type":"BreadcrumbList","@id":"https:\/\/www.nexoinformativo.mx\/index.php\/2024\/10\/25\/mexico-lidera-la-lucha-por-la-igualdad-de-genero-en-el-g20-impulsara-politicas-para-empoderar-a-las-mujeres-en-el-sector-productivo\/#breadcrumb","itemListElement":[{"@type":"ListItem","position":1,"name":"Inicio","item":"https:\/\/www.nexoinformativo.mx\/"},{"@type":"ListItem","position":2,"name":"M\u00e9xico lidera la lucha por la igualdad de g\u00e9nero en el G20: Impulsar\u00e1 pol\u00edticas para empoderar a las mujeres en el sector productivo"}]},{"@type":"WebSite","@id":"https:\/\/www.nexoinformativo.mx\/#website","url":"https:\/\/www.nexoinformativo.mx\/","name":"Nexo Informativo Santiago de Quer\u00e9taro","description":"Explora NexoInformativo y convi\u00e9rtete en parte de una comunidad que valora el conocimiento y la verdad. Tu nexoinformativo es tu puente hacia una comprensi\u00f3n m\u00e1s profunda del mundo que te rodea.","publisher":{"@id":"https:\/\/www.nexoinformativo.mx\/#organization"},"potentialAction":[{"@type":"SearchAction","target":{"@type":"EntryPoint","urlTemplate":"https:\/\/www.nexoinformativo.mx\/?s={search_term_string}"},"query-input":{"@type":"PropertyValueSpecification","valueRequired":true,"valueName":"search_term_string"}}],"inLanguage":"es"},{"@type":"Organization","@id":"https:\/\/www.nexoinformativo.mx\/#organization","name":"Nexo Informativo Santiago de Quer\u00e9taro","url":"https:\/\/www.nexoinformativo.mx\/","logo":{"@type":"ImageObject","inLanguage":"es","@id":"https:\/\/www.nexoinformativo.mx\/#\/schema\/logo\/image\/","url":"https:\/\/www.nexoinformativo.mx\/wp-content\/uploads\/2024\/07\/nexoi-trasparente-2.png","contentUrl":"https:\/\/www.nexoinformativo.mx\/wp-content\/uploads\/2024\/07\/nexoi-trasparente-2.png","width":816,"height":339,"caption":"Nexo Informativo Santiago de Quer\u00e9taro"},"image":{"@id":"https:\/\/www.nexoinformativo.mx\/#\/schema\/logo\/image\/"},"sameAs":["https:\/\/www.facebook.com\/people\/Nexo-Informativo\/61564066885511\/"]},{"@type":"Person","@id":"https:\/\/www.nexoinformativo.mx\/#\/schema\/person\/7749d380ba08c8ca00d7bc76fd907b7d","name":"Nexo Informativo","image":{"@type":"ImageObject","inLanguage":"es","@id":"https:\/\/www.nexoinformativo.mx\/#\/schema\/person\/image\/","url":"https:\/\/secure.gravatar.com\/avatar\/dde2928154642a13d95f87ddf1ea9718fe2b46760a005c53e41ff5ad610704e6?s=96&d=mm&r=g","contentUrl":"https:\/\/secure.gravatar.com\/avatar\/dde2928154642a13d95f87ddf1ea9718fe2b46760a005c53e41ff5ad610704e6?s=96&d=mm&r=g","caption":"Nexo Informativo"},"url":"https:\/\/www.nexoinformativo.mx\/index.php\/author\/edicion\/"}]}},"_links":{"self":[{"href":"https:\/\/www.nexoinformativo.mx\/index.php\/wp-json\/wp\/v2\/posts\/4512","targetHints":{"allow":["GET"]}}],"collection":[{"href":"https:\/\/www.nexoinformativo.mx\/index.php\/wp-json\/wp\/v2\/posts"}],"about":[{"href":"https:\/\/www.nexoinformativo.mx\/index.php\/wp-json\/wp\/v2\/types\/post"}],"author":[{"embeddable":true,"href":"https:\/\/www.nexoinformativo.mx\/index.php\/wp-json\/wp\/v2\/users\/3"}],"replies":[{"embeddable":true,"href":"https:\/\/www.nexoinformativo.mx\/index.php\/wp-json\/wp\/v2\/comments?post=4512"}],"version-history":[{"count":11,"href":"https:\/\/www.nexoinformativo.mx\/index.php\/wp-json\/wp\/v2\/posts\/4512\/revisions"}],"predecessor-version":[{"id":4517,"href":"https:\/\/www.nexoinformativo.mx\/index.php\/wp-json\/wp\/v2\/posts\/4512\/revisions\/4517"}],"wp:featuredmedia":[{"embeddable":true,"href":"https:\/\/www.nexoinformativo.mx\/index.php\/wp-json\/wp\/v2\/media\/4513"}],"wp:attachment":[{"href":"https:\/\/www.nexoinformativo.mx\/index.php\/wp-json\/wp\/v2\/media?parent=4512"}],"wp:term":[{"taxonomy":"category","embeddable":true,"href":"https:\/\/www.nexoinformativo.mx\/index.php\/wp-json\/wp\/v2\/categories?post=4512"},{"taxonomy":"post_tag","embeddable":true,"href":"https:\/\/www.nexoinformativo.mx\/index.php\/wp-json\/wp\/v2\/tags?post=4512"}],"curies":[{"name":"wp","href":"https:\/\/api.w.org\/{rel}","templated":true}]}}