{"id":4525,"date":"2024-10-25T09:30:51","date_gmt":"2024-10-25T15:30:51","guid":{"rendered":"https:\/\/www.nexoinformativo.mx\/?p=4525"},"modified":"2024-10-25T11:21:26","modified_gmt":"2024-10-25T17:21:26","slug":"mexico-conquista-el-espacio-exito-en-la-prueba-del-modulo-espacial-emidss-5","status":"publish","type":"post","link":"https:\/\/www.nexoinformativo.mx\/index.php\/2024\/10\/25\/mexico-conquista-el-espacio-exito-en-la-prueba-del-modulo-espacial-emidss-5\/","title":{"rendered":"\u00a1M\u00e9xico conquista el espacio! \u00c9xito en la prueba del m\u00f3dulo espacial EMIDSS-5"},"content":{"rendered":"<p style=\"text-align: justify;\" data-sourcepos=\"5:1-5:391\">En un momento hist\u00f3rico para la ciencia mexicana, el m\u00f3dulo espacial <strong>EMIDSS-5,<\/strong> desarrollado por el Instituto Polit\u00e9cnico Nacional <strong>(IPN)<\/strong> en colaboraci\u00f3n con la UNAM y el ITESO, ha superado con \u00e9xito sus pruebas en una misi\u00f3n de la NASA. Este logro marca un avance significativo en la construcci\u00f3n de capacidades nacionales en el desarrollo de tecnolog\u00eda espacial.<\/p>\n<p>&nbsp;<\/p>\n<p style=\"text-align: justify;\" data-sourcepos=\"7:1-7:333\">El EMIDSS-5, lanzado el pasado 22 de agosto desde Nuevo M\u00e9xico, EE.UU., ha demostrado la eficacia de sus componentes tecnol\u00f3gicos, dise\u00f1ados y fabricados en M\u00e9xico. Los resultados positivos de esta misi\u00f3n abren las puertas a nuevos proyectos espaciales, como el EMIDSS-6, programado para lanzarse en enero de 2025 desde la Ant\u00e1rtida.<\/p>\n<p>&nbsp;<\/p>\n<p style=\"text-align: justify;\" data-sourcepos=\"9:1-9:256\"><strong>\u201cEsta colaboraci\u00f3n con la NASA nos permite poner a prueba nuestra tecnolog\u00eda en un entorno real y avanzar hacia la creaci\u00f3n de sat\u00e9lites mexicanos de \u00f3rbita baja\u201d<\/strong>, se\u00f1al\u00f3 Mario Alberto Mendoza, investigador y l\u00edder coordinador del programa EMIDSS.<\/p>\n<p>&nbsp;<\/p>\n<p style=\"text-align: justify;\" data-sourcepos=\"11:1-11:332\">La tecnolog\u00eda desarrollada en el marco del proyecto EMIDSS ser\u00e1 transferida a sat\u00e9lites como el TEPEU-1 y el ITESAT-1, los cuales se encuentran en fase de dise\u00f1o conceptual. Adem\u00e1s, otros proyectos permitir\u00e1n probar materiales compuestos y sistemas de c\u00e1maras satelitales, respectivamente.<\/p>\n<p>&nbsp;<\/p>\n<p style=\"text-align: justify;\" data-sourcepos=\"13:1-13:204\">Este logro es el resultado de la colaboraci\u00f3n entre instituciones acad\u00e9micas y la industria, y demuestra que M\u00e9xico cuenta con el talento y la capacidad para desarrollar tecnolog\u00eda espacial de vanguardia.<\/p>\n<p>&nbsp;<\/p>\n<p style=\"text-align: center;\" data-sourcepos=\"13:1-13:204\"><em><strong>\u00a1Informaci\u00f3n que transforma!<\/strong><\/em><\/p>\n","protected":false},"excerpt":{"rendered":"<p>En un momento hist\u00f3rico para la ciencia mexicana, el m\u00f3dulo espacial EMIDSS-5, desarrollado por el Instituto Polit\u00e9cnico Nacional (IPN) en colaboraci\u00f3n con la UNAM y el ITESO<\/p>\n","protected":false},"author":3,"featured_media":4526,"comment_status":"open","ping_status":"open","sticky":false,"template":"","format":"standard","meta":{"footnotes":""},"categories":[13,58],"tags":[1642,1641,1640,341,1581],"class_list":["post-4525","post","type-post","status-publish","format-standard","has-post-thumbnail","hentry","category-tecnologia","category-ultima-hora","tag-cienciamexicana","tag-emidss5","tag-espaciomexicano","tag-innovacion","tag-nasa"],"yoast_head":"<!-- This site is optimized with the Yoast SEO plugin v25.0 - https:\/\/yoast.com\/wordpress\/plugins\/seo\/ -->\n<title>\u00a1M\u00e9xico conquista el espacio! \u00c9xito en la prueba del m\u00f3dulo espacial EMIDSS-5 | Nexo Informativo Santiago de Quer\u00e9taro<\/title>\n<meta name=\"description\" content=\"\u00a1M\u00e9xico conquista el espacio! \u00c9xito en la prueba del m\u00f3dulo espacial EMIDSS-5\" \/>\n<meta name=\"robots\" content=\"index, follow, max-snippet:-1, max-image-preview:large, max-video-preview:-1\" \/>\n<link rel=\"canonical\" href=\"https:\/\/www.nexoinformativo.mx\/index.php\/2024\/10\/25\/mexico-conquista-el-espacio-exito-en-la-prueba-del-modulo-espacial-emidss-5\/\" \/>\n<meta property=\"og:locale\" content=\"es_MX\" \/>\n<meta property=\"og:type\" content=\"article\" \/>\n<meta property=\"og:title\" content=\"\u00a1M\u00e9xico conquista el espacio! \u00c9xito en la prueba del m\u00f3dulo espacial EMIDSS-5 | Nexo Informativo Santiago de Quer\u00e9taro\" \/>\n<meta property=\"og:description\" content=\"\u00a1M\u00e9xico conquista el espacio! \u00c9xito en la prueba del m\u00f3dulo espacial EMIDSS-5\" \/>\n<meta property=\"og:url\" content=\"https:\/\/www.nexoinformativo.mx\/index.php\/2024\/10\/25\/mexico-conquista-el-espacio-exito-en-la-prueba-del-modulo-espacial-emidss-5\/\" \/>\n<meta property=\"og:site_name\" content=\"Nexo Informativo Santiago de Quer\u00e9taro\" \/>\n<meta property=\"article:publisher\" content=\"https:\/\/www.facebook.com\/people\/Nexo-Informativo\/61564066885511\/\" \/>\n<meta property=\"article:published_time\" content=\"2024-10-25T15:30:51+00:00\" \/>\n<meta property=\"article:modified_time\" content=\"2024-10-25T17:21:26+00:00\" \/>\n<meta property=\"og:image\" content=\"https:\/\/www.nexoinformativo.mx\/wp-content\/uploads\/2024\/10\/IMG_7234.jpg\" \/>\n\t<meta property=\"og:image:width\" content=\"650\" \/>\n\t<meta property=\"og:image:height\" content=\"380\" \/>\n\t<meta property=\"og:image:type\" content=\"image\/jpeg\" \/>\n<meta name=\"author\" content=\"Nexo Informativo\" \/>\n<meta name=\"twitter:card\" content=\"summary_large_image\" \/>\n<meta name=\"twitter:label1\" content=\"Escrito por\" \/>\n\t<meta name=\"twitter:data1\" content=\"Nexo Informativo\" \/>\n\t<meta name=\"twitter:label2\" content=\"Tiempo de lectura\" \/>\n\t<meta name=\"twitter:data2\" content=\"2 minutos\" \/>\n<script type=\"application\/ld+json\" class=\"yoast-schema-graph\">{\"@context\":\"https:\/\/schema.org\",\"@graph\":[{\"@type\":\"Article\",\"@id\":\"https:\/\/www.nexoinformativo.mx\/index.php\/2024\/10\/25\/mexico-conquista-el-espacio-exito-en-la-prueba-del-modulo-espacial-emidss-5\/#article\",\"isPartOf\":{\"@id\":\"https:\/\/www.nexoinformativo.mx\/index.php\/2024\/10\/25\/mexico-conquista-el-espacio-exito-en-la-prueba-del-modulo-espacial-emidss-5\/\"},\"author\":{\"name\":\"Nexo Informativo\",\"@id\":\"https:\/\/www.nexoinformativo.mx\/#\/schema\/person\/7749d380ba08c8ca00d7bc76fd907b7d\"},\"headline\":\"\u00a1M\u00e9xico conquista el espacio! \u00c9xito en la prueba del m\u00f3dulo espacial EMIDSS-5\",\"datePublished\":\"2024-10-25T15:30:51+00:00\",\"dateModified\":\"2024-10-25T17:21:26+00:00\",\"mainEntityOfPage\":{\"@id\":\"https:\/\/www.nexoinformativo.mx\/index.php\/2024\/10\/25\/mexico-conquista-el-espacio-exito-en-la-prueba-del-modulo-espacial-emidss-5\/\"},\"wordCount\":269,\"commentCount\":0,\"publisher\":{\"@id\":\"https:\/\/www.nexoinformativo.mx\/#organization\"},\"image\":{\"@id\":\"https:\/\/www.nexoinformativo.mx\/index.php\/2024\/10\/25\/mexico-conquista-el-espacio-exito-en-la-prueba-del-modulo-espacial-emidss-5\/#primaryimage\"},\"thumbnailUrl\":\"https:\/\/www.nexoinformativo.mx\/wp-content\/uploads\/2024\/10\/IMG_7234.jpg\",\"keywords\":[\"CienciaMexicana\",\"EMIDSS5\",\"EspacioMexicano\",\"Innovaci\u00f3n\",\"NASA\"],\"articleSection\":[\"Tecnolog\u00eda\",\"\u00daltima Hora\"],\"inLanguage\":\"es\",\"potentialAction\":[{\"@type\":\"CommentAction\",\"name\":\"Comment\",\"target\":[\"https:\/\/www.nexoinformativo.mx\/index.php\/2024\/10\/25\/mexico-conquista-el-espacio-exito-en-la-prueba-del-modulo-espacial-emidss-5\/#respond\"]}]},{\"@type\":\"WebPage\",\"@id\":\"https:\/\/www.nexoinformativo.mx\/index.php\/2024\/10\/25\/mexico-conquista-el-espacio-exito-en-la-prueba-del-modulo-espacial-emidss-5\/\",\"url\":\"https:\/\/www.nexoinformativo.mx\/index.php\/2024\/10\/25\/mexico-conquista-el-espacio-exito-en-la-prueba-del-modulo-espacial-emidss-5\/\",\"name\":\"\u00a1M\u00e9xico conquista el espacio! \u00c9xito en la prueba del m\u00f3dulo espacial EMIDSS-5 | Nexo Informativo Santiago de Quer\u00e9taro\",\"isPartOf\":{\"@id\":\"https:\/\/www.nexoinformativo.mx\/#website\"},\"primaryImageOfPage\":{\"@id\":\"https:\/\/www.nexoinformativo.mx\/index.php\/2024\/10\/25\/mexico-conquista-el-espacio-exito-en-la-prueba-del-modulo-espacial-emidss-5\/#primaryimage\"},\"image\":{\"@id\":\"https:\/\/www.nexoinformativo.mx\/index.php\/2024\/10\/25\/mexico-conquista-el-espacio-exito-en-la-prueba-del-modulo-espacial-emidss-5\/#primaryimage\"},\"thumbnailUrl\":\"https:\/\/www.nexoinformativo.mx\/wp-content\/uploads\/2024\/10\/IMG_7234.jpg\",\"datePublished\":\"2024-10-25T15:30:51+00:00\",\"dateModified\":\"2024-10-25T17:21:26+00:00\",\"description\":\"\u00a1M\u00e9xico conquista el espacio! \u00c9xito en la prueba del m\u00f3dulo espacial EMIDSS-5\",\"breadcrumb\":{\"@id\":\"https:\/\/www.nexoinformativo.mx\/index.php\/2024\/10\/25\/mexico-conquista-el-espacio-exito-en-la-prueba-del-modulo-espacial-emidss-5\/#breadcrumb\"},\"inLanguage\":\"es\",\"potentialAction\":[{\"@type\":\"ReadAction\",\"target\":[\"https:\/\/www.nexoinformativo.mx\/index.php\/2024\/10\/25\/mexico-conquista-el-espacio-exito-en-la-prueba-del-modulo-espacial-emidss-5\/\"]}]},{\"@type\":\"ImageObject\",\"inLanguage\":\"es\",\"@id\":\"https:\/\/www.nexoinformativo.mx\/index.php\/2024\/10\/25\/mexico-conquista-el-espacio-exito-en-la-prueba-del-modulo-espacial-emidss-5\/#primaryimage\",\"url\":\"https:\/\/www.nexoinformativo.mx\/wp-content\/uploads\/2024\/10\/IMG_7234.jpg\",\"contentUrl\":\"https:\/\/www.nexoinformativo.mx\/wp-content\/uploads\/2024\/10\/IMG_7234.jpg\",\"width\":650,\"height\":380},{\"@type\":\"BreadcrumbList\",\"@id\":\"https:\/\/www.nexoinformativo.mx\/index.php\/2024\/10\/25\/mexico-conquista-el-espacio-exito-en-la-prueba-del-modulo-espacial-emidss-5\/#breadcrumb\",\"itemListElement\":[{\"@type\":\"ListItem\",\"position\":1,\"name\":\"Inicio\",\"item\":\"https:\/\/www.nexoinformativo.mx\/\"},{\"@type\":\"ListItem\",\"position\":2,\"name\":\"\u00a1M\u00e9xico conquista el espacio! \u00c9xito en la prueba del m\u00f3dulo espacial EMIDSS-5\"}]},{\"@type\":\"WebSite\",\"@id\":\"https:\/\/www.nexoinformativo.mx\/#website\",\"url\":\"https:\/\/www.nexoinformativo.mx\/\",\"name\":\"Nexo Informativo Santiago de Quer\u00e9taro\",\"description\":\"Explora NexoInformativo y convi\u00e9rtete en parte de una comunidad que valora el conocimiento y la verdad. Tu nexoinformativo es tu puente hacia una comprensi\u00f3n m\u00e1s profunda del mundo que te rodea.\",\"publisher\":{\"@id\":\"https:\/\/www.nexoinformativo.mx\/#organization\"},\"potentialAction\":[{\"@type\":\"SearchAction\",\"target\":{\"@type\":\"EntryPoint\",\"urlTemplate\":\"https:\/\/www.nexoinformativo.mx\/?s={search_term_string}\"},\"query-input\":{\"@type\":\"PropertyValueSpecification\",\"valueRequired\":true,\"valueName\":\"search_term_string\"}}],\"inLanguage\":\"es\"},{\"@type\":\"Organization\",\"@id\":\"https:\/\/www.nexoinformativo.mx\/#organization\",\"name\":\"Nexo Informativo Santiago de Quer\u00e9taro\",\"url\":\"https:\/\/www.nexoinformativo.mx\/\",\"logo\":{\"@type\":\"ImageObject\",\"inLanguage\":\"es\",\"@id\":\"https:\/\/www.nexoinformativo.mx\/#\/schema\/logo\/image\/\",\"url\":\"https:\/\/www.nexoinformativo.mx\/wp-content\/uploads\/2024\/07\/nexoi-trasparente-2.png\",\"contentUrl\":\"https:\/\/www.nexoinformativo.mx\/wp-content\/uploads\/2024\/07\/nexoi-trasparente-2.png\",\"width\":816,\"height\":339,\"caption\":\"Nexo Informativo Santiago de Quer\u00e9taro\"},\"image\":{\"@id\":\"https:\/\/www.nexoinformativo.mx\/#\/schema\/logo\/image\/\"},\"sameAs\":[\"https:\/\/www.facebook.com\/people\/Nexo-Informativo\/61564066885511\/\"]},{\"@type\":\"Person\",\"@id\":\"https:\/\/www.nexoinformativo.mx\/#\/schema\/person\/7749d380ba08c8ca00d7bc76fd907b7d\",\"name\":\"Nexo Informativo\",\"image\":{\"@type\":\"ImageObject\",\"inLanguage\":\"es\",\"@id\":\"https:\/\/www.nexoinformativo.mx\/#\/schema\/person\/image\/\",\"url\":\"https:\/\/secure.gravatar.com\/avatar\/dde2928154642a13d95f87ddf1ea9718fe2b46760a005c53e41ff5ad610704e6?s=96&d=mm&r=g\",\"contentUrl\":\"https:\/\/secure.gravatar.com\/avatar\/dde2928154642a13d95f87ddf1ea9718fe2b46760a005c53e41ff5ad610704e6?s=96&d=mm&r=g\",\"caption\":\"Nexo Informativo\"},\"url\":\"https:\/\/www.nexoinformativo.mx\/index.php\/author\/edicion\/\"}]}<\/script>\n<!-- \/ Yoast SEO plugin. -->","yoast_head_json":{"title":"\u00a1M\u00e9xico conquista el espacio! \u00c9xito en la prueba del m\u00f3dulo espacial EMIDSS-5 | Nexo Informativo Santiago de Quer\u00e9taro","description":"\u00a1M\u00e9xico conquista el espacio! \u00c9xito en la prueba del m\u00f3dulo espacial EMIDSS-5","robots":{"index":"index","follow":"follow","max-snippet":"max-snippet:-1","max-image-preview":"max-image-preview:large","max-video-preview":"max-video-preview:-1"},"canonical":"https:\/\/www.nexoinformativo.mx\/index.php\/2024\/10\/25\/mexico-conquista-el-espacio-exito-en-la-prueba-del-modulo-espacial-emidss-5\/","og_locale":"es_MX","og_type":"article","og_title":"\u00a1M\u00e9xico conquista el espacio! \u00c9xito en la prueba del m\u00f3dulo espacial EMIDSS-5 | Nexo Informativo Santiago de Quer\u00e9taro","og_description":"\u00a1M\u00e9xico conquista el espacio! \u00c9xito en la prueba del m\u00f3dulo espacial EMIDSS-5","og_url":"https:\/\/www.nexoinformativo.mx\/index.php\/2024\/10\/25\/mexico-conquista-el-espacio-exito-en-la-prueba-del-modulo-espacial-emidss-5\/","og_site_name":"Nexo Informativo Santiago de Quer\u00e9taro","article_publisher":"https:\/\/www.facebook.com\/people\/Nexo-Informativo\/61564066885511\/","article_published_time":"2024-10-25T15:30:51+00:00","article_modified_time":"2024-10-25T17:21:26+00:00","og_image":[{"width":650,"height":380,"url":"https:\/\/www.nexoinformativo.mx\/wp-content\/uploads\/2024\/10\/IMG_7234.jpg","type":"image\/jpeg"}],"author":"Nexo Informativo","twitter_card":"summary_large_image","twitter_misc":{"Escrito por":"Nexo Informativo","Tiempo de lectura":"2 minutos"},"schema":{"@context":"https:\/\/schema.org","@graph":[{"@type":"Article","@id":"https:\/\/www.nexoinformativo.mx\/index.php\/2024\/10\/25\/mexico-conquista-el-espacio-exito-en-la-prueba-del-modulo-espacial-emidss-5\/#article","isPartOf":{"@id":"https:\/\/www.nexoinformativo.mx\/index.php\/2024\/10\/25\/mexico-conquista-el-espacio-exito-en-la-prueba-del-modulo-espacial-emidss-5\/"},"author":{"name":"Nexo Informativo","@id":"https:\/\/www.nexoinformativo.mx\/#\/schema\/person\/7749d380ba08c8ca00d7bc76fd907b7d"},"headline":"\u00a1M\u00e9xico conquista el espacio! \u00c9xito en la prueba del m\u00f3dulo espacial EMIDSS-5","datePublished":"2024-10-25T15:30:51+00:00","dateModified":"2024-10-25T17:21:26+00:00","mainEntityOfPage":{"@id":"https:\/\/www.nexoinformativo.mx\/index.php\/2024\/10\/25\/mexico-conquista-el-espacio-exito-en-la-prueba-del-modulo-espacial-emidss-5\/"},"wordCount":269,"commentCount":0,"publisher":{"@id":"https:\/\/www.nexoinformativo.mx\/#organization"},"image":{"@id":"https:\/\/www.nexoinformativo.mx\/index.php\/2024\/10\/25\/mexico-conquista-el-espacio-exito-en-la-prueba-del-modulo-espacial-emidss-5\/#primaryimage"},"thumbnailUrl":"https:\/\/www.nexoinformativo.mx\/wp-content\/uploads\/2024\/10\/IMG_7234.jpg","keywords":["CienciaMexicana","EMIDSS5","EspacioMexicano","Innovaci\u00f3n","NASA"],"articleSection":["Tecnolog\u00eda","\u00daltima Hora"],"inLanguage":"es","potentialAction":[{"@type":"CommentAction","name":"Comment","target":["https:\/\/www.nexoinformativo.mx\/index.php\/2024\/10\/25\/mexico-conquista-el-espacio-exito-en-la-prueba-del-modulo-espacial-emidss-5\/#respond"]}]},{"@type":"WebPage","@id":"https:\/\/www.nexoinformativo.mx\/index.php\/2024\/10\/25\/mexico-conquista-el-espacio-exito-en-la-prueba-del-modulo-espacial-emidss-5\/","url":"https:\/\/www.nexoinformativo.mx\/index.php\/2024\/10\/25\/mexico-conquista-el-espacio-exito-en-la-prueba-del-modulo-espacial-emidss-5\/","name":"\u00a1M\u00e9xico conquista el espacio! \u00c9xito en la prueba del m\u00f3dulo espacial EMIDSS-5 | Nexo Informativo Santiago de Quer\u00e9taro","isPartOf":{"@id":"https:\/\/www.nexoinformativo.mx\/#website"},"primaryImageOfPage":{"@id":"https:\/\/www.nexoinformativo.mx\/index.php\/2024\/10\/25\/mexico-conquista-el-espacio-exito-en-la-prueba-del-modulo-espacial-emidss-5\/#primaryimage"},"image":{"@id":"https:\/\/www.nexoinformativo.mx\/index.php\/2024\/10\/25\/mexico-conquista-el-espacio-exito-en-la-prueba-del-modulo-espacial-emidss-5\/#primaryimage"},"thumbnailUrl":"https:\/\/www.nexoinformativo.mx\/wp-content\/uploads\/2024\/10\/IMG_7234.jpg","datePublished":"2024-10-25T15:30:51+00:00","dateModified":"2024-10-25T17:21:26+00:00","description":"\u00a1M\u00e9xico conquista el espacio! \u00c9xito en la prueba del m\u00f3dulo espacial EMIDSS-5","breadcrumb":{"@id":"https:\/\/www.nexoinformativo.mx\/index.php\/2024\/10\/25\/mexico-conquista-el-espacio-exito-en-la-prueba-del-modulo-espacial-emidss-5\/#breadcrumb"},"inLanguage":"es","potentialAction":[{"@type":"ReadAction","target":["https:\/\/www.nexoinformativo.mx\/index.php\/2024\/10\/25\/mexico-conquista-el-espacio-exito-en-la-prueba-del-modulo-espacial-emidss-5\/"]}]},{"@type":"ImageObject","inLanguage":"es","@id":"https:\/\/www.nexoinformativo.mx\/index.php\/2024\/10\/25\/mexico-conquista-el-espacio-exito-en-la-prueba-del-modulo-espacial-emidss-5\/#primaryimage","url":"https:\/\/www.nexoinformativo.mx\/wp-content\/uploads\/2024\/10\/IMG_7234.jpg","contentUrl":"https:\/\/www.nexoinformativo.mx\/wp-content\/uploads\/2024\/10\/IMG_7234.jpg","width":650,"height":380},{"@type":"BreadcrumbList","@id":"https:\/\/www.nexoinformativo.mx\/index.php\/2024\/10\/25\/mexico-conquista-el-espacio-exito-en-la-prueba-del-modulo-espacial-emidss-5\/#breadcrumb","itemListElement":[{"@type":"ListItem","position":1,"name":"Inicio","item":"https:\/\/www.nexoinformativo.mx\/"},{"@type":"ListItem","position":2,"name":"\u00a1M\u00e9xico conquista el espacio! \u00c9xito en la prueba del m\u00f3dulo espacial EMIDSS-5"}]},{"@type":"WebSite","@id":"https:\/\/www.nexoinformativo.mx\/#website","url":"https:\/\/www.nexoinformativo.mx\/","name":"Nexo Informativo Santiago de Quer\u00e9taro","description":"Explora NexoInformativo y convi\u00e9rtete en parte de una comunidad que valora el conocimiento y la verdad. Tu nexoinformativo es tu puente hacia una comprensi\u00f3n m\u00e1s profunda del mundo que te rodea.","publisher":{"@id":"https:\/\/www.nexoinformativo.mx\/#organization"},"potentialAction":[{"@type":"SearchAction","target":{"@type":"EntryPoint","urlTemplate":"https:\/\/www.nexoinformativo.mx\/?s={search_term_string}"},"query-input":{"@type":"PropertyValueSpecification","valueRequired":true,"valueName":"search_term_string"}}],"inLanguage":"es"},{"@type":"Organization","@id":"https:\/\/www.nexoinformativo.mx\/#organization","name":"Nexo Informativo Santiago de Quer\u00e9taro","url":"https:\/\/www.nexoinformativo.mx\/","logo":{"@type":"ImageObject","inLanguage":"es","@id":"https:\/\/www.nexoinformativo.mx\/#\/schema\/logo\/image\/","url":"https:\/\/www.nexoinformativo.mx\/wp-content\/uploads\/2024\/07\/nexoi-trasparente-2.png","contentUrl":"https:\/\/www.nexoinformativo.mx\/wp-content\/uploads\/2024\/07\/nexoi-trasparente-2.png","width":816,"height":339,"caption":"Nexo Informativo Santiago de Quer\u00e9taro"},"image":{"@id":"https:\/\/www.nexoinformativo.mx\/#\/schema\/logo\/image\/"},"sameAs":["https:\/\/www.facebook.com\/people\/Nexo-Informativo\/61564066885511\/"]},{"@type":"Person","@id":"https:\/\/www.nexoinformativo.mx\/#\/schema\/person\/7749d380ba08c8ca00d7bc76fd907b7d","name":"Nexo Informativo","image":{"@type":"ImageObject","inLanguage":"es","@id":"https:\/\/www.nexoinformativo.mx\/#\/schema\/person\/image\/","url":"https:\/\/secure.gravatar.com\/avatar\/dde2928154642a13d95f87ddf1ea9718fe2b46760a005c53e41ff5ad610704e6?s=96&d=mm&r=g","contentUrl":"https:\/\/secure.gravatar.com\/avatar\/dde2928154642a13d95f87ddf1ea9718fe2b46760a005c53e41ff5ad610704e6?s=96&d=mm&r=g","caption":"Nexo Informativo"},"url":"https:\/\/www.nexoinformativo.mx\/index.php\/author\/edicion\/"}]}},"_links":{"self":[{"href":"https:\/\/www.nexoinformativo.mx\/index.php\/wp-json\/wp\/v2\/posts\/4525","targetHints":{"allow":["GET"]}}],"collection":[{"href":"https:\/\/www.nexoinformativo.mx\/index.php\/wp-json\/wp\/v2\/posts"}],"about":[{"href":"https:\/\/www.nexoinformativo.mx\/index.php\/wp-json\/wp\/v2\/types\/post"}],"author":[{"embeddable":true,"href":"https:\/\/www.nexoinformativo.mx\/index.php\/wp-json\/wp\/v2\/users\/3"}],"replies":[{"embeddable":true,"href":"https:\/\/www.nexoinformativo.mx\/index.php\/wp-json\/wp\/v2\/comments?post=4525"}],"version-history":[{"count":5,"href":"https:\/\/www.nexoinformativo.mx\/index.php\/wp-json\/wp\/v2\/posts\/4525\/revisions"}],"predecessor-version":[{"id":4530,"href":"https:\/\/www.nexoinformativo.mx\/index.php\/wp-json\/wp\/v2\/posts\/4525\/revisions\/4530"}],"wp:featuredmedia":[{"embeddable":true,"href":"https:\/\/www.nexoinformativo.mx\/index.php\/wp-json\/wp\/v2\/media\/4526"}],"wp:attachment":[{"href":"https:\/\/www.nexoinformativo.mx\/index.php\/wp-json\/wp\/v2\/media?parent=4525"}],"wp:term":[{"taxonomy":"category","embeddable":true,"href":"https:\/\/www.nexoinformativo.mx\/index.php\/wp-json\/wp\/v2\/categories?post=4525"},{"taxonomy":"post_tag","embeddable":true,"href":"https:\/\/www.nexoinformativo.mx\/index.php\/wp-json\/wp\/v2\/tags?post=4525"}],"curies":[{"name":"wp","href":"https:\/\/api.w.org\/{rel}","templated":true}]}}