{"id":4532,"date":"2024-10-25T10:00:19","date_gmt":"2024-10-25T16:00:19","guid":{"rendered":"https:\/\/www.nexoinformativo.mx\/?p=4532"},"modified":"2024-10-25T11:28:06","modified_gmt":"2024-10-25T17:28:06","slug":"secretaria-de-cultura-y-comunidad-del-inbal-queretaro-se-unen-para-fortalecer-la-educacion-artistica-en-mexico","status":"publish","type":"post","link":"https:\/\/www.nexoinformativo.mx\/index.php\/2024\/10\/25\/secretaria-de-cultura-y-comunidad-del-inbal-queretaro-se-unen-para-fortalecer-la-educacion-artistica-en-mexico\/","title":{"rendered":"Secretar\u00eda de Cultura y comunidad del INBAL Quer\u00e9taro se unen para fortalecer la educaci\u00f3n art\u00edstica en M\u00e9xico"},"content":{"rendered":"<p style=\"text-align: justify;\" data-sourcepos=\"5:1-5:402\">La Secretar\u00eda de Cultura del Gobierno de M\u00e9xico, encabezada por Claudia Curiel de Icaza, sostuvo un encuentro hist\u00f3rico con representantes de las 12 escuelas profesionales del Instituto Nacional de Bellas Artes y Literatura (INBAL).<\/p>\n<p>&nbsp;<\/p>\n<p style=\"text-align: justify;\" data-sourcepos=\"5:1-5:402\">El objetivo principal de esta reuni\u00f3n fue establecer un di\u00e1logo abierto y constructivo para fortalecer la educaci\u00f3n art\u00edstica en el pa\u00eds.<\/p>\n<p>&nbsp;<\/p>\n<p style=\"text-align: justify;\" data-sourcepos=\"7:1-7:321\">Durante el encuentro, la secretaria Curiel de Icaza subray\u00f3 la importancia de trabajar de manera conjunta para desarrollar un plan maestro que impulse y modernice las escuelas del INBAL. &#8220;<strong>Queremos que nuestros estudiantes tengan acceso a las mejores herramientas y recursos para desarrollar su talento&#8221;<\/strong>, afirm\u00f3.<\/p>\n<p>&nbsp;<\/p>\n<p style=\"text-align: justify;\" data-sourcepos=\"9:1-9:336\">Los representantes de las escuelas, provenientes de la Ciudad de M\u00e9xico y Quer\u00e9taro, expresaron sus necesidades y expectativas, destacando la importancia de mejorar la infraestructura, el equipamiento y los planes de estudio. Asimismo, coincidieron en la necesidad de fortalecer los v\u00ednculos entre las diferentes disciplinas art\u00edsticas.<\/p>\n<p>&nbsp;<\/p>\n<p style=\"text-align: justify;\" data-sourcepos=\"11:1-11:293\">&#8220;Este es solo el inicio de un largo camino&#8221;, asegur\u00f3 la subsecretaria de Desarrollo Cultural, Marina N\u00fa\u00f1ez. &#8220;Estamos comprometidos a trabajar de manera colaborativa para construir un sistema educativo art\u00edstico que sea referente a nivel nacional e internacional&#8221;.<\/p>\n<p>&nbsp;<\/p>\n<p style=\"text-align: justify;\" data-sourcepos=\"13:1-13:146\">En los pr\u00f3ximos meses, se llevar\u00e1n a cabo nuevas reuniones para dar seguimiento a los acuerdos alcanzados y establecer un plan de acci\u00f3n concreto.<\/p>\n<p>&nbsp;<\/p>\n<p style=\"text-align: center;\" data-sourcepos=\"13:1-13:146\"><em><strong>\u00a1Informaci\u00f3n que transforma!<\/strong><\/em><\/p>\n","protected":false},"excerpt":{"rendered":"<p>La Secretar\u00eda de Cultura del Gobierno de M\u00e9xico, encabezada por Claudia Curiel de Icaza, sostuvo un encuentro hist\u00f3rico con representantes de las 12 escuelas profesionales del Instituto Nacional de Bellas Artes y Literatura (INBAL). &nbsp; El objetivo principal de esta reuni\u00f3n fue establecer un di\u00e1logo abierto y constructivo para fortalecer la educaci\u00f3n art\u00edstica en el [&hellip;]<\/p>\n","protected":false},"author":3,"featured_media":4533,"comment_status":"open","ping_status":"open","sticky":false,"template":"","format":"standard","meta":{"footnotes":""},"categories":[42,58],"tags":[123,1643,1644,1610,1645],"class_list":["post-4532","post","type-post","status-publish","format-standard","has-post-thumbnail","hentry","category-estado","category-ultima-hora","tag-cultura","tag-ducacionartistica","tag-inbal","tag-mexico","tag-secretariadecultura"],"yoast_head":"<!-- This site is optimized with the Yoast SEO plugin v25.0 - https:\/\/yoast.com\/wordpress\/plugins\/seo\/ -->\n<title>Secretar\u00eda de Cultura y comunidad del INBAL Quer\u00e9taro se unen para fortalecer la educaci\u00f3n art\u00edstica en M\u00e9xico | Nexo Informativo Santiago de Quer\u00e9taro<\/title>\n<meta name=\"description\" content=\"Secretar\u00eda de Cultura y comunidad del INBAL de Quer\u00e9taro se unen para fortalecer la educaci\u00f3n art\u00edstica en M\u00e9xico\" \/>\n<meta name=\"robots\" content=\"index, follow, max-snippet:-1, max-image-preview:large, max-video-preview:-1\" \/>\n<link rel=\"canonical\" href=\"https:\/\/www.nexoinformativo.mx\/index.php\/2024\/10\/25\/secretaria-de-cultura-y-comunidad-del-inbal-queretaro-se-unen-para-fortalecer-la-educacion-artistica-en-mexico\/\" \/>\n<meta property=\"og:locale\" content=\"es_MX\" \/>\n<meta property=\"og:type\" content=\"article\" \/>\n<meta property=\"og:title\" content=\"Secretar\u00eda de Cultura y comunidad del INBAL Quer\u00e9taro se unen para fortalecer la educaci\u00f3n art\u00edstica en M\u00e9xico | Nexo Informativo Santiago de Quer\u00e9taro\" \/>\n<meta property=\"og:description\" content=\"Secretar\u00eda de Cultura y comunidad del INBAL de Quer\u00e9taro se unen para fortalecer la educaci\u00f3n art\u00edstica en M\u00e9xico\" \/>\n<meta property=\"og:url\" content=\"https:\/\/www.nexoinformativo.mx\/index.php\/2024\/10\/25\/secretaria-de-cultura-y-comunidad-del-inbal-queretaro-se-unen-para-fortalecer-la-educacion-artistica-en-mexico\/\" \/>\n<meta property=\"og:site_name\" content=\"Nexo Informativo Santiago de Quer\u00e9taro\" \/>\n<meta property=\"article:publisher\" content=\"https:\/\/www.facebook.com\/people\/Nexo-Informativo\/61564066885511\/\" \/>\n<meta property=\"article:published_time\" content=\"2024-10-25T16:00:19+00:00\" \/>\n<meta property=\"article:modified_time\" content=\"2024-10-25T17:28:06+00:00\" \/>\n<meta property=\"og:image\" content=\"https:\/\/www.nexoinformativo.mx\/wp-content\/uploads\/2024\/10\/IMG_7236.jpg\" \/>\n\t<meta property=\"og:image:width\" content=\"650\" \/>\n\t<meta property=\"og:image:height\" content=\"380\" \/>\n\t<meta property=\"og:image:type\" content=\"image\/jpeg\" \/>\n<meta name=\"author\" content=\"Nexo Informativo\" \/>\n<meta name=\"twitter:card\" content=\"summary_large_image\" \/>\n<meta name=\"twitter:label1\" content=\"Escrito por\" \/>\n\t<meta name=\"twitter:data1\" content=\"Nexo Informativo\" \/>\n\t<meta name=\"twitter:label2\" content=\"Tiempo de lectura\" \/>\n\t<meta name=\"twitter:data2\" content=\"2 minutos\" \/>\n<script type=\"application\/ld+json\" class=\"yoast-schema-graph\">{\"@context\":\"https:\/\/schema.org\",\"@graph\":[{\"@type\":\"Article\",\"@id\":\"https:\/\/www.nexoinformativo.mx\/index.php\/2024\/10\/25\/secretaria-de-cultura-y-comunidad-del-inbal-queretaro-se-unen-para-fortalecer-la-educacion-artistica-en-mexico\/#article\",\"isPartOf\":{\"@id\":\"https:\/\/www.nexoinformativo.mx\/index.php\/2024\/10\/25\/secretaria-de-cultura-y-comunidad-del-inbal-queretaro-se-unen-para-fortalecer-la-educacion-artistica-en-mexico\/\"},\"author\":{\"name\":\"Nexo Informativo\",\"@id\":\"https:\/\/www.nexoinformativo.mx\/#\/schema\/person\/7749d380ba08c8ca00d7bc76fd907b7d\"},\"headline\":\"Secretar\u00eda de Cultura y comunidad del INBAL Quer\u00e9taro se unen para fortalecer la educaci\u00f3n art\u00edstica en M\u00e9xico\",\"datePublished\":\"2024-10-25T16:00:19+00:00\",\"dateModified\":\"2024-10-25T17:28:06+00:00\",\"mainEntityOfPage\":{\"@id\":\"https:\/\/www.nexoinformativo.mx\/index.php\/2024\/10\/25\/secretaria-de-cultura-y-comunidad-del-inbal-queretaro-se-unen-para-fortalecer-la-educacion-artistica-en-mexico\/\"},\"wordCount\":257,\"commentCount\":0,\"publisher\":{\"@id\":\"https:\/\/www.nexoinformativo.mx\/#organization\"},\"image\":{\"@id\":\"https:\/\/www.nexoinformativo.mx\/index.php\/2024\/10\/25\/secretaria-de-cultura-y-comunidad-del-inbal-queretaro-se-unen-para-fortalecer-la-educacion-artistica-en-mexico\/#primaryimage\"},\"thumbnailUrl\":\"https:\/\/www.nexoinformativo.mx\/wp-content\/uploads\/2024\/10\/IMG_7236.jpg\",\"keywords\":[\"Cultura\",\"ducaci\u00f3nArt\u00edstica\",\"INBAL\",\"M\u00e9xico\",\"Secretar\u00edaDeCultura\"],\"articleSection\":[\"Estado\",\"\u00daltima Hora\"],\"inLanguage\":\"es\",\"potentialAction\":[{\"@type\":\"CommentAction\",\"name\":\"Comment\",\"target\":[\"https:\/\/www.nexoinformativo.mx\/index.php\/2024\/10\/25\/secretaria-de-cultura-y-comunidad-del-inbal-queretaro-se-unen-para-fortalecer-la-educacion-artistica-en-mexico\/#respond\"]}]},{\"@type\":\"WebPage\",\"@id\":\"https:\/\/www.nexoinformativo.mx\/index.php\/2024\/10\/25\/secretaria-de-cultura-y-comunidad-del-inbal-queretaro-se-unen-para-fortalecer-la-educacion-artistica-en-mexico\/\",\"url\":\"https:\/\/www.nexoinformativo.mx\/index.php\/2024\/10\/25\/secretaria-de-cultura-y-comunidad-del-inbal-queretaro-se-unen-para-fortalecer-la-educacion-artistica-en-mexico\/\",\"name\":\"Secretar\u00eda de Cultura y comunidad del INBAL Quer\u00e9taro se unen para fortalecer la educaci\u00f3n art\u00edstica en M\u00e9xico | Nexo Informativo Santiago de Quer\u00e9taro\",\"isPartOf\":{\"@id\":\"https:\/\/www.nexoinformativo.mx\/#website\"},\"primaryImageOfPage\":{\"@id\":\"https:\/\/www.nexoinformativo.mx\/index.php\/2024\/10\/25\/secretaria-de-cultura-y-comunidad-del-inbal-queretaro-se-unen-para-fortalecer-la-educacion-artistica-en-mexico\/#primaryimage\"},\"image\":{\"@id\":\"https:\/\/www.nexoinformativo.mx\/index.php\/2024\/10\/25\/secretaria-de-cultura-y-comunidad-del-inbal-queretaro-se-unen-para-fortalecer-la-educacion-artistica-en-mexico\/#primaryimage\"},\"thumbnailUrl\":\"https:\/\/www.nexoinformativo.mx\/wp-content\/uploads\/2024\/10\/IMG_7236.jpg\",\"datePublished\":\"2024-10-25T16:00:19+00:00\",\"dateModified\":\"2024-10-25T17:28:06+00:00\",\"description\":\"Secretar\u00eda de Cultura y comunidad del INBAL de Quer\u00e9taro se unen para fortalecer la educaci\u00f3n art\u00edstica en M\u00e9xico\",\"breadcrumb\":{\"@id\":\"https:\/\/www.nexoinformativo.mx\/index.php\/2024\/10\/25\/secretaria-de-cultura-y-comunidad-del-inbal-queretaro-se-unen-para-fortalecer-la-educacion-artistica-en-mexico\/#breadcrumb\"},\"inLanguage\":\"es\",\"potentialAction\":[{\"@type\":\"ReadAction\",\"target\":[\"https:\/\/www.nexoinformativo.mx\/index.php\/2024\/10\/25\/secretaria-de-cultura-y-comunidad-del-inbal-queretaro-se-unen-para-fortalecer-la-educacion-artistica-en-mexico\/\"]}]},{\"@type\":\"ImageObject\",\"inLanguage\":\"es\",\"@id\":\"https:\/\/www.nexoinformativo.mx\/index.php\/2024\/10\/25\/secretaria-de-cultura-y-comunidad-del-inbal-queretaro-se-unen-para-fortalecer-la-educacion-artistica-en-mexico\/#primaryimage\",\"url\":\"https:\/\/www.nexoinformativo.mx\/wp-content\/uploads\/2024\/10\/IMG_7236.jpg\",\"contentUrl\":\"https:\/\/www.nexoinformativo.mx\/wp-content\/uploads\/2024\/10\/IMG_7236.jpg\",\"width\":650,\"height\":380},{\"@type\":\"BreadcrumbList\",\"@id\":\"https:\/\/www.nexoinformativo.mx\/index.php\/2024\/10\/25\/secretaria-de-cultura-y-comunidad-del-inbal-queretaro-se-unen-para-fortalecer-la-educacion-artistica-en-mexico\/#breadcrumb\",\"itemListElement\":[{\"@type\":\"ListItem\",\"position\":1,\"name\":\"Inicio\",\"item\":\"https:\/\/www.nexoinformativo.mx\/\"},{\"@type\":\"ListItem\",\"position\":2,\"name\":\"Secretar\u00eda de Cultura y comunidad del INBAL Quer\u00e9taro se unen para fortalecer la educaci\u00f3n art\u00edstica en M\u00e9xico\"}]},{\"@type\":\"WebSite\",\"@id\":\"https:\/\/www.nexoinformativo.mx\/#website\",\"url\":\"https:\/\/www.nexoinformativo.mx\/\",\"name\":\"Nexo Informativo Santiago de Quer\u00e9taro\",\"description\":\"Explora NexoInformativo y convi\u00e9rtete en parte de una comunidad que valora el conocimiento y la verdad. Tu nexoinformativo es tu puente hacia una comprensi\u00f3n m\u00e1s profunda del mundo que te rodea.\",\"publisher\":{\"@id\":\"https:\/\/www.nexoinformativo.mx\/#organization\"},\"potentialAction\":[{\"@type\":\"SearchAction\",\"target\":{\"@type\":\"EntryPoint\",\"urlTemplate\":\"https:\/\/www.nexoinformativo.mx\/?s={search_term_string}\"},\"query-input\":{\"@type\":\"PropertyValueSpecification\",\"valueRequired\":true,\"valueName\":\"search_term_string\"}}],\"inLanguage\":\"es\"},{\"@type\":\"Organization\",\"@id\":\"https:\/\/www.nexoinformativo.mx\/#organization\",\"name\":\"Nexo Informativo Santiago de Quer\u00e9taro\",\"url\":\"https:\/\/www.nexoinformativo.mx\/\",\"logo\":{\"@type\":\"ImageObject\",\"inLanguage\":\"es\",\"@id\":\"https:\/\/www.nexoinformativo.mx\/#\/schema\/logo\/image\/\",\"url\":\"https:\/\/www.nexoinformativo.mx\/wp-content\/uploads\/2024\/07\/nexoi-trasparente-2.png\",\"contentUrl\":\"https:\/\/www.nexoinformativo.mx\/wp-content\/uploads\/2024\/07\/nexoi-trasparente-2.png\",\"width\":816,\"height\":339,\"caption\":\"Nexo Informativo Santiago de Quer\u00e9taro\"},\"image\":{\"@id\":\"https:\/\/www.nexoinformativo.mx\/#\/schema\/logo\/image\/\"},\"sameAs\":[\"https:\/\/www.facebook.com\/people\/Nexo-Informativo\/61564066885511\/\"]},{\"@type\":\"Person\",\"@id\":\"https:\/\/www.nexoinformativo.mx\/#\/schema\/person\/7749d380ba08c8ca00d7bc76fd907b7d\",\"name\":\"Nexo Informativo\",\"image\":{\"@type\":\"ImageObject\",\"inLanguage\":\"es\",\"@id\":\"https:\/\/www.nexoinformativo.mx\/#\/schema\/person\/image\/\",\"url\":\"https:\/\/secure.gravatar.com\/avatar\/dde2928154642a13d95f87ddf1ea9718fe2b46760a005c53e41ff5ad610704e6?s=96&d=mm&r=g\",\"contentUrl\":\"https:\/\/secure.gravatar.com\/avatar\/dde2928154642a13d95f87ddf1ea9718fe2b46760a005c53e41ff5ad610704e6?s=96&d=mm&r=g\",\"caption\":\"Nexo Informativo\"},\"url\":\"https:\/\/www.nexoinformativo.mx\/index.php\/author\/edicion\/\"}]}<\/script>\n<!-- \/ Yoast SEO plugin. -->","yoast_head_json":{"title":"Secretar\u00eda de Cultura y comunidad del INBAL Quer\u00e9taro se unen para fortalecer la educaci\u00f3n art\u00edstica en M\u00e9xico | Nexo Informativo Santiago de Quer\u00e9taro","description":"Secretar\u00eda de Cultura y comunidad del INBAL de Quer\u00e9taro se unen para fortalecer la educaci\u00f3n art\u00edstica en M\u00e9xico","robots":{"index":"index","follow":"follow","max-snippet":"max-snippet:-1","max-image-preview":"max-image-preview:large","max-video-preview":"max-video-preview:-1"},"canonical":"https:\/\/www.nexoinformativo.mx\/index.php\/2024\/10\/25\/secretaria-de-cultura-y-comunidad-del-inbal-queretaro-se-unen-para-fortalecer-la-educacion-artistica-en-mexico\/","og_locale":"es_MX","og_type":"article","og_title":"Secretar\u00eda de Cultura y comunidad del INBAL Quer\u00e9taro se unen para fortalecer la educaci\u00f3n art\u00edstica en M\u00e9xico | Nexo Informativo Santiago de Quer\u00e9taro","og_description":"Secretar\u00eda de Cultura y comunidad del INBAL de Quer\u00e9taro se unen para fortalecer la educaci\u00f3n art\u00edstica en M\u00e9xico","og_url":"https:\/\/www.nexoinformativo.mx\/index.php\/2024\/10\/25\/secretaria-de-cultura-y-comunidad-del-inbal-queretaro-se-unen-para-fortalecer-la-educacion-artistica-en-mexico\/","og_site_name":"Nexo Informativo Santiago de Quer\u00e9taro","article_publisher":"https:\/\/www.facebook.com\/people\/Nexo-Informativo\/61564066885511\/","article_published_time":"2024-10-25T16:00:19+00:00","article_modified_time":"2024-10-25T17:28:06+00:00","og_image":[{"width":650,"height":380,"url":"https:\/\/www.nexoinformativo.mx\/wp-content\/uploads\/2024\/10\/IMG_7236.jpg","type":"image\/jpeg"}],"author":"Nexo Informativo","twitter_card":"summary_large_image","twitter_misc":{"Escrito por":"Nexo Informativo","Tiempo de lectura":"2 minutos"},"schema":{"@context":"https:\/\/schema.org","@graph":[{"@type":"Article","@id":"https:\/\/www.nexoinformativo.mx\/index.php\/2024\/10\/25\/secretaria-de-cultura-y-comunidad-del-inbal-queretaro-se-unen-para-fortalecer-la-educacion-artistica-en-mexico\/#article","isPartOf":{"@id":"https:\/\/www.nexoinformativo.mx\/index.php\/2024\/10\/25\/secretaria-de-cultura-y-comunidad-del-inbal-queretaro-se-unen-para-fortalecer-la-educacion-artistica-en-mexico\/"},"author":{"name":"Nexo Informativo","@id":"https:\/\/www.nexoinformativo.mx\/#\/schema\/person\/7749d380ba08c8ca00d7bc76fd907b7d"},"headline":"Secretar\u00eda de Cultura y comunidad del INBAL Quer\u00e9taro se unen para fortalecer la educaci\u00f3n art\u00edstica en M\u00e9xico","datePublished":"2024-10-25T16:00:19+00:00","dateModified":"2024-10-25T17:28:06+00:00","mainEntityOfPage":{"@id":"https:\/\/www.nexoinformativo.mx\/index.php\/2024\/10\/25\/secretaria-de-cultura-y-comunidad-del-inbal-queretaro-se-unen-para-fortalecer-la-educacion-artistica-en-mexico\/"},"wordCount":257,"commentCount":0,"publisher":{"@id":"https:\/\/www.nexoinformativo.mx\/#organization"},"image":{"@id":"https:\/\/www.nexoinformativo.mx\/index.php\/2024\/10\/25\/secretaria-de-cultura-y-comunidad-del-inbal-queretaro-se-unen-para-fortalecer-la-educacion-artistica-en-mexico\/#primaryimage"},"thumbnailUrl":"https:\/\/www.nexoinformativo.mx\/wp-content\/uploads\/2024\/10\/IMG_7236.jpg","keywords":["Cultura","ducaci\u00f3nArt\u00edstica","INBAL","M\u00e9xico","Secretar\u00edaDeCultura"],"articleSection":["Estado","\u00daltima Hora"],"inLanguage":"es","potentialAction":[{"@type":"CommentAction","name":"Comment","target":["https:\/\/www.nexoinformativo.mx\/index.php\/2024\/10\/25\/secretaria-de-cultura-y-comunidad-del-inbal-queretaro-se-unen-para-fortalecer-la-educacion-artistica-en-mexico\/#respond"]}]},{"@type":"WebPage","@id":"https:\/\/www.nexoinformativo.mx\/index.php\/2024\/10\/25\/secretaria-de-cultura-y-comunidad-del-inbal-queretaro-se-unen-para-fortalecer-la-educacion-artistica-en-mexico\/","url":"https:\/\/www.nexoinformativo.mx\/index.php\/2024\/10\/25\/secretaria-de-cultura-y-comunidad-del-inbal-queretaro-se-unen-para-fortalecer-la-educacion-artistica-en-mexico\/","name":"Secretar\u00eda de Cultura y comunidad del INBAL Quer\u00e9taro se unen para fortalecer la educaci\u00f3n art\u00edstica en M\u00e9xico | Nexo Informativo Santiago de Quer\u00e9taro","isPartOf":{"@id":"https:\/\/www.nexoinformativo.mx\/#website"},"primaryImageOfPage":{"@id":"https:\/\/www.nexoinformativo.mx\/index.php\/2024\/10\/25\/secretaria-de-cultura-y-comunidad-del-inbal-queretaro-se-unen-para-fortalecer-la-educacion-artistica-en-mexico\/#primaryimage"},"image":{"@id":"https:\/\/www.nexoinformativo.mx\/index.php\/2024\/10\/25\/secretaria-de-cultura-y-comunidad-del-inbal-queretaro-se-unen-para-fortalecer-la-educacion-artistica-en-mexico\/#primaryimage"},"thumbnailUrl":"https:\/\/www.nexoinformativo.mx\/wp-content\/uploads\/2024\/10\/IMG_7236.jpg","datePublished":"2024-10-25T16:00:19+00:00","dateModified":"2024-10-25T17:28:06+00:00","description":"Secretar\u00eda de Cultura y comunidad del INBAL de Quer\u00e9taro se unen para fortalecer la educaci\u00f3n art\u00edstica en M\u00e9xico","breadcrumb":{"@id":"https:\/\/www.nexoinformativo.mx\/index.php\/2024\/10\/25\/secretaria-de-cultura-y-comunidad-del-inbal-queretaro-se-unen-para-fortalecer-la-educacion-artistica-en-mexico\/#breadcrumb"},"inLanguage":"es","potentialAction":[{"@type":"ReadAction","target":["https:\/\/www.nexoinformativo.mx\/index.php\/2024\/10\/25\/secretaria-de-cultura-y-comunidad-del-inbal-queretaro-se-unen-para-fortalecer-la-educacion-artistica-en-mexico\/"]}]},{"@type":"ImageObject","inLanguage":"es","@id":"https:\/\/www.nexoinformativo.mx\/index.php\/2024\/10\/25\/secretaria-de-cultura-y-comunidad-del-inbal-queretaro-se-unen-para-fortalecer-la-educacion-artistica-en-mexico\/#primaryimage","url":"https:\/\/www.nexoinformativo.mx\/wp-content\/uploads\/2024\/10\/IMG_7236.jpg","contentUrl":"https:\/\/www.nexoinformativo.mx\/wp-content\/uploads\/2024\/10\/IMG_7236.jpg","width":650,"height":380},{"@type":"BreadcrumbList","@id":"https:\/\/www.nexoinformativo.mx\/index.php\/2024\/10\/25\/secretaria-de-cultura-y-comunidad-del-inbal-queretaro-se-unen-para-fortalecer-la-educacion-artistica-en-mexico\/#breadcrumb","itemListElement":[{"@type":"ListItem","position":1,"name":"Inicio","item":"https:\/\/www.nexoinformativo.mx\/"},{"@type":"ListItem","position":2,"name":"Secretar\u00eda de Cultura y comunidad del INBAL Quer\u00e9taro se unen para fortalecer la educaci\u00f3n art\u00edstica en M\u00e9xico"}]},{"@type":"WebSite","@id":"https:\/\/www.nexoinformativo.mx\/#website","url":"https:\/\/www.nexoinformativo.mx\/","name":"Nexo Informativo Santiago de Quer\u00e9taro","description":"Explora NexoInformativo y convi\u00e9rtete en parte de una comunidad que valora el conocimiento y la verdad. Tu nexoinformativo es tu puente hacia una comprensi\u00f3n m\u00e1s profunda del mundo que te rodea.","publisher":{"@id":"https:\/\/www.nexoinformativo.mx\/#organization"},"potentialAction":[{"@type":"SearchAction","target":{"@type":"EntryPoint","urlTemplate":"https:\/\/www.nexoinformativo.mx\/?s={search_term_string}"},"query-input":{"@type":"PropertyValueSpecification","valueRequired":true,"valueName":"search_term_string"}}],"inLanguage":"es"},{"@type":"Organization","@id":"https:\/\/www.nexoinformativo.mx\/#organization","name":"Nexo Informativo Santiago de Quer\u00e9taro","url":"https:\/\/www.nexoinformativo.mx\/","logo":{"@type":"ImageObject","inLanguage":"es","@id":"https:\/\/www.nexoinformativo.mx\/#\/schema\/logo\/image\/","url":"https:\/\/www.nexoinformativo.mx\/wp-content\/uploads\/2024\/07\/nexoi-trasparente-2.png","contentUrl":"https:\/\/www.nexoinformativo.mx\/wp-content\/uploads\/2024\/07\/nexoi-trasparente-2.png","width":816,"height":339,"caption":"Nexo Informativo Santiago de Quer\u00e9taro"},"image":{"@id":"https:\/\/www.nexoinformativo.mx\/#\/schema\/logo\/image\/"},"sameAs":["https:\/\/www.facebook.com\/people\/Nexo-Informativo\/61564066885511\/"]},{"@type":"Person","@id":"https:\/\/www.nexoinformativo.mx\/#\/schema\/person\/7749d380ba08c8ca00d7bc76fd907b7d","name":"Nexo Informativo","image":{"@type":"ImageObject","inLanguage":"es","@id":"https:\/\/www.nexoinformativo.mx\/#\/schema\/person\/image\/","url":"https:\/\/secure.gravatar.com\/avatar\/dde2928154642a13d95f87ddf1ea9718fe2b46760a005c53e41ff5ad610704e6?s=96&d=mm&r=g","contentUrl":"https:\/\/secure.gravatar.com\/avatar\/dde2928154642a13d95f87ddf1ea9718fe2b46760a005c53e41ff5ad610704e6?s=96&d=mm&r=g","caption":"Nexo Informativo"},"url":"https:\/\/www.nexoinformativo.mx\/index.php\/author\/edicion\/"}]}},"_links":{"self":[{"href":"https:\/\/www.nexoinformativo.mx\/index.php\/wp-json\/wp\/v2\/posts\/4532","targetHints":{"allow":["GET"]}}],"collection":[{"href":"https:\/\/www.nexoinformativo.mx\/index.php\/wp-json\/wp\/v2\/posts"}],"about":[{"href":"https:\/\/www.nexoinformativo.mx\/index.php\/wp-json\/wp\/v2\/types\/post"}],"author":[{"embeddable":true,"href":"https:\/\/www.nexoinformativo.mx\/index.php\/wp-json\/wp\/v2\/users\/3"}],"replies":[{"embeddable":true,"href":"https:\/\/www.nexoinformativo.mx\/index.php\/wp-json\/wp\/v2\/comments?post=4532"}],"version-history":[{"count":4,"href":"https:\/\/www.nexoinformativo.mx\/index.php\/wp-json\/wp\/v2\/posts\/4532\/revisions"}],"predecessor-version":[{"id":4537,"href":"https:\/\/www.nexoinformativo.mx\/index.php\/wp-json\/wp\/v2\/posts\/4532\/revisions\/4537"}],"wp:featuredmedia":[{"embeddable":true,"href":"https:\/\/www.nexoinformativo.mx\/index.php\/wp-json\/wp\/v2\/media\/4533"}],"wp:attachment":[{"href":"https:\/\/www.nexoinformativo.mx\/index.php\/wp-json\/wp\/v2\/media?parent=4532"}],"wp:term":[{"taxonomy":"category","embeddable":true,"href":"https:\/\/www.nexoinformativo.mx\/index.php\/wp-json\/wp\/v2\/categories?post=4532"},{"taxonomy":"post_tag","embeddable":true,"href":"https:\/\/www.nexoinformativo.mx\/index.php\/wp-json\/wp\/v2\/tags?post=4532"}],"curies":[{"name":"wp","href":"https:\/\/api.w.org\/{rel}","templated":true}]}}