{"id":4539,"date":"2024-10-25T12:00:15","date_gmt":"2024-10-25T18:00:15","guid":{"rendered":"https:\/\/www.nexoinformativo.mx\/?p=4539"},"modified":"2024-10-25T14:24:56","modified_gmt":"2024-10-25T20:24:56","slug":"el-marques-se-prepara-para-recibir-a-miles-en-el-dia-de-muertos-con-un-operativo-especial","status":"publish","type":"post","link":"https:\/\/www.nexoinformativo.mx\/index.php\/2024\/10\/25\/el-marques-se-prepara-para-recibir-a-miles-en-el-dia-de-muertos-con-un-operativo-especial\/","title":{"rendered":"El Marqu\u00e9s se prepara para recibir a miles en el D\u00eda de Muertos con un operativo especial"},"content":{"rendered":"<p style=\"text-align: justify;\" data-sourcepos=\"5:1-5:371\">El municipio de El Marqu\u00e9s ha puesto en marcha un operativo especial para garantizar la seguridad y el buen desarrollo de las festividades del D\u00eda de Muertos. Del 1 al 3 de noviembre, los ocho panteones de la demarcaci\u00f3n estar\u00e1n abiertos al p\u00fablico las 24 horas, recibiendo a miles de visitantes que acudir\u00e1n a honrar a sus seres queridos.<\/p>\n<p>&nbsp;<\/p>\n<p style=\"text-align: justify;\" data-sourcepos=\"7:1-7:395\">Para este operativo, la Secretar\u00eda de Servicios P\u00fablicos Municipales, la Coordinaci\u00f3n Municipal de Protecci\u00f3n Civil y la Secretar\u00eda de Seguridad P\u00fablica y Tr\u00e1nsito Municipal trabajar\u00e1n de manera coordinada. Se desplegar\u00e1 un amplio dispositivo de seguridad que incluye personal, veh\u00edculos y equipo especializado, con el objetivo de brindar atenci\u00f3n m\u00e9dica, vigilancia y limpieza en los panteones.<\/p>\n<p>&nbsp;<\/p>\n<p style=\"text-align: justify;\" data-sourcepos=\"9:1-9:193\">\u201cNuestro principal objetivo es que los ciudadanos puedan visitar a sus difuntos en un ambiente seguro y tranquilo\u201d, asegur\u00f3 el secretario de Servicios P\u00fablicos Municipales, Mauro Arag\u00f3n Ch\u00e1vez.<\/p>\n<p>&nbsp;<\/p>\n<p style=\"text-align: justify;\" data-sourcepos=\"9:1-9:193\">Las medidas que se tomar\u00e1n en cuenta:<\/p>\n<p><strong>Limpieza y mantenimiento:<\/strong> Los panteones estar\u00e1n limpios y en \u00f3ptimas condiciones gracias al trabajo de 120 trabajadores de la SSPM.<\/p>\n<p><strong>Seguridad:<\/strong> Se desplegar\u00e1n m\u00e1s de 200 polic\u00edas y 70 unidades policiales, adem\u00e1s de elementos de Protecci\u00f3n Civil con ambulancias, bomberos y drones.<\/p>\n<p><strong>Servicios:<\/strong> Se instalar\u00e1n ba\u00f1os port\u00e1tiles y se contar\u00e1 con servicio de recolecci\u00f3n de basura.<\/p>\n<p><strong>Puestos semifijos:<\/strong> Se autorizar\u00e1n puestos semifijos a los comerciantes, siempre y cuando cumplan con los requisitos de seguridad.<\/p>\n<p>&nbsp;<\/p>\n<p style=\"text-align: justify;\" data-sourcepos=\"20:1-20:272\">En los \u00faltimos a\u00f1os, el operativo de D\u00eda de Muertos en El Marqu\u00e9s ha sido un \u00e9xito, registrando saldo blanco y recibiendo a miles de visitantes. Para este a\u00f1o, las autoridades esperan repetir estos resultados y brindar a los ciudadanos una experiencia segura y respetuosa.<\/p>\n<p>&nbsp;<\/p>\n<p style=\"text-align: center;\" data-sourcepos=\"20:1-20:272\"><strong><em>\u00a1Informaci\u00f3n que transforma!<\/em><\/strong><\/p>\n","protected":false},"excerpt":{"rendered":"<p>El municipio de El Marqu\u00e9s ha puesto en marcha un operativo especial para garantizar la seguridad y el buen desarrollo de las festividades del D\u00eda de Muertos. Del 1 al 3 de noviembre, los ocho panteones de la demarcaci\u00f3n estar\u00e1n abiertos al p\u00fablico las 24 horas<\/p>\n","protected":false},"author":3,"featured_media":4547,"comment_status":"open","ping_status":"open","sticky":false,"template":"","format":"standard","meta":{"footnotes":""},"categories":[65,58],"tags":[1287,149,131,1288],"class_list":["post-4539","post","type-post","status-publish","format-standard","has-post-thumbnail","hentry","category-municipios","category-ultima-hora","tag-diademuertos","tag-elmarques","tag-seguridad","tag-tradicionesmexicanas"],"yoast_head":"<!-- This site is optimized with the Yoast SEO plugin v25.0 - https:\/\/yoast.com\/wordpress\/plugins\/seo\/ -->\n<title>El Marqu\u00e9s se prepara para recibir a miles en el D\u00eda de Muertos con un operativo especial | Nexo Informativo Santiago de Quer\u00e9taro<\/title>\n<meta name=\"description\" content=\"El Marqu\u00e9s se prepara para recibir a miles en el D\u00eda de Muertos con un operativo especial\" \/>\n<meta name=\"robots\" content=\"index, follow, max-snippet:-1, max-image-preview:large, max-video-preview:-1\" \/>\n<link rel=\"canonical\" href=\"https:\/\/www.nexoinformativo.mx\/index.php\/2024\/10\/25\/el-marques-se-prepara-para-recibir-a-miles-en-el-dia-de-muertos-con-un-operativo-especial\/\" \/>\n<meta property=\"og:locale\" content=\"es_MX\" \/>\n<meta property=\"og:type\" content=\"article\" \/>\n<meta property=\"og:title\" content=\"El Marqu\u00e9s se prepara para recibir a miles en el D\u00eda de Muertos con un operativo especial | Nexo Informativo Santiago de Quer\u00e9taro\" \/>\n<meta property=\"og:description\" content=\"El Marqu\u00e9s se prepara para recibir a miles en el D\u00eda de Muertos con un operativo especial\" \/>\n<meta property=\"og:url\" content=\"https:\/\/www.nexoinformativo.mx\/index.php\/2024\/10\/25\/el-marques-se-prepara-para-recibir-a-miles-en-el-dia-de-muertos-con-un-operativo-especial\/\" \/>\n<meta property=\"og:site_name\" content=\"Nexo Informativo Santiago de Quer\u00e9taro\" \/>\n<meta property=\"article:publisher\" content=\"https:\/\/www.facebook.com\/people\/Nexo-Informativo\/61564066885511\/\" \/>\n<meta property=\"article:published_time\" content=\"2024-10-25T18:00:15+00:00\" \/>\n<meta property=\"article:modified_time\" content=\"2024-10-25T20:24:56+00:00\" \/>\n<meta property=\"og:image\" content=\"https:\/\/www.nexoinformativo.mx\/wp-content\/uploads\/2024\/10\/PHOTO-2024-10-25-13-21-19-e1729887857957.jpg\" \/>\n\t<meta property=\"og:image:width\" content=\"800\" \/>\n\t<meta property=\"og:image:height\" content=\"359\" \/>\n\t<meta property=\"og:image:type\" content=\"image\/jpeg\" \/>\n<meta name=\"author\" content=\"Nexo Informativo\" \/>\n<meta name=\"twitter:card\" content=\"summary_large_image\" \/>\n<meta name=\"twitter:label1\" content=\"Escrito por\" \/>\n\t<meta name=\"twitter:data1\" content=\"Nexo Informativo\" \/>\n\t<meta name=\"twitter:label2\" content=\"Tiempo de lectura\" \/>\n\t<meta name=\"twitter:data2\" content=\"2 minutos\" \/>\n<script type=\"application\/ld+json\" class=\"yoast-schema-graph\">{\"@context\":\"https:\/\/schema.org\",\"@graph\":[{\"@type\":\"Article\",\"@id\":\"https:\/\/www.nexoinformativo.mx\/index.php\/2024\/10\/25\/el-marques-se-prepara-para-recibir-a-miles-en-el-dia-de-muertos-con-un-operativo-especial\/#article\",\"isPartOf\":{\"@id\":\"https:\/\/www.nexoinformativo.mx\/index.php\/2024\/10\/25\/el-marques-se-prepara-para-recibir-a-miles-en-el-dia-de-muertos-con-un-operativo-especial\/\"},\"author\":{\"name\":\"Nexo Informativo\",\"@id\":\"https:\/\/www.nexoinformativo.mx\/#\/schema\/person\/7749d380ba08c8ca00d7bc76fd907b7d\"},\"headline\":\"El Marqu\u00e9s se prepara para recibir a miles en el D\u00eda de Muertos con un operativo especial\",\"datePublished\":\"2024-10-25T18:00:15+00:00\",\"dateModified\":\"2024-10-25T20:24:56+00:00\",\"mainEntityOfPage\":{\"@id\":\"https:\/\/www.nexoinformativo.mx\/index.php\/2024\/10\/25\/el-marques-se-prepara-para-recibir-a-miles-en-el-dia-de-muertos-con-un-operativo-especial\/\"},\"wordCount\":326,\"commentCount\":0,\"publisher\":{\"@id\":\"https:\/\/www.nexoinformativo.mx\/#organization\"},\"image\":{\"@id\":\"https:\/\/www.nexoinformativo.mx\/index.php\/2024\/10\/25\/el-marques-se-prepara-para-recibir-a-miles-en-el-dia-de-muertos-con-un-operativo-especial\/#primaryimage\"},\"thumbnailUrl\":\"https:\/\/www.nexoinformativo.mx\/wp-content\/uploads\/2024\/10\/PHOTO-2024-10-25-13-21-19-e1729887857957.jpg\",\"keywords\":[\"D\u00edaDeMuertos\",\"elmarques\",\"Seguridad\",\"TradicionesMexicanas\"],\"articleSection\":[\"Municipios\",\"\u00daltima Hora\"],\"inLanguage\":\"es\",\"potentialAction\":[{\"@type\":\"CommentAction\",\"name\":\"Comment\",\"target\":[\"https:\/\/www.nexoinformativo.mx\/index.php\/2024\/10\/25\/el-marques-se-prepara-para-recibir-a-miles-en-el-dia-de-muertos-con-un-operativo-especial\/#respond\"]}]},{\"@type\":\"WebPage\",\"@id\":\"https:\/\/www.nexoinformativo.mx\/index.php\/2024\/10\/25\/el-marques-se-prepara-para-recibir-a-miles-en-el-dia-de-muertos-con-un-operativo-especial\/\",\"url\":\"https:\/\/www.nexoinformativo.mx\/index.php\/2024\/10\/25\/el-marques-se-prepara-para-recibir-a-miles-en-el-dia-de-muertos-con-un-operativo-especial\/\",\"name\":\"El Marqu\u00e9s se prepara para recibir a miles en el D\u00eda de Muertos con un operativo especial | Nexo Informativo Santiago de Quer\u00e9taro\",\"isPartOf\":{\"@id\":\"https:\/\/www.nexoinformativo.mx\/#website\"},\"primaryImageOfPage\":{\"@id\":\"https:\/\/www.nexoinformativo.mx\/index.php\/2024\/10\/25\/el-marques-se-prepara-para-recibir-a-miles-en-el-dia-de-muertos-con-un-operativo-especial\/#primaryimage\"},\"image\":{\"@id\":\"https:\/\/www.nexoinformativo.mx\/index.php\/2024\/10\/25\/el-marques-se-prepara-para-recibir-a-miles-en-el-dia-de-muertos-con-un-operativo-especial\/#primaryimage\"},\"thumbnailUrl\":\"https:\/\/www.nexoinformativo.mx\/wp-content\/uploads\/2024\/10\/PHOTO-2024-10-25-13-21-19-e1729887857957.jpg\",\"datePublished\":\"2024-10-25T18:00:15+00:00\",\"dateModified\":\"2024-10-25T20:24:56+00:00\",\"description\":\"El Marqu\u00e9s se prepara para recibir a miles en el D\u00eda de Muertos con un operativo especial\",\"breadcrumb\":{\"@id\":\"https:\/\/www.nexoinformativo.mx\/index.php\/2024\/10\/25\/el-marques-se-prepara-para-recibir-a-miles-en-el-dia-de-muertos-con-un-operativo-especial\/#breadcrumb\"},\"inLanguage\":\"es\",\"potentialAction\":[{\"@type\":\"ReadAction\",\"target\":[\"https:\/\/www.nexoinformativo.mx\/index.php\/2024\/10\/25\/el-marques-se-prepara-para-recibir-a-miles-en-el-dia-de-muertos-con-un-operativo-especial\/\"]}]},{\"@type\":\"ImageObject\",\"inLanguage\":\"es\",\"@id\":\"https:\/\/www.nexoinformativo.mx\/index.php\/2024\/10\/25\/el-marques-se-prepara-para-recibir-a-miles-en-el-dia-de-muertos-con-un-operativo-especial\/#primaryimage\",\"url\":\"https:\/\/www.nexoinformativo.mx\/wp-content\/uploads\/2024\/10\/PHOTO-2024-10-25-13-21-19-e1729887857957.jpg\",\"contentUrl\":\"https:\/\/www.nexoinformativo.mx\/wp-content\/uploads\/2024\/10\/PHOTO-2024-10-25-13-21-19-e1729887857957.jpg\",\"width\":800,\"height\":359},{\"@type\":\"BreadcrumbList\",\"@id\":\"https:\/\/www.nexoinformativo.mx\/index.php\/2024\/10\/25\/el-marques-se-prepara-para-recibir-a-miles-en-el-dia-de-muertos-con-un-operativo-especial\/#breadcrumb\",\"itemListElement\":[{\"@type\":\"ListItem\",\"position\":1,\"name\":\"Inicio\",\"item\":\"https:\/\/www.nexoinformativo.mx\/\"},{\"@type\":\"ListItem\",\"position\":2,\"name\":\"El Marqu\u00e9s se prepara para recibir a miles en el D\u00eda de Muertos con un operativo especial\"}]},{\"@type\":\"WebSite\",\"@id\":\"https:\/\/www.nexoinformativo.mx\/#website\",\"url\":\"https:\/\/www.nexoinformativo.mx\/\",\"name\":\"Nexo Informativo Santiago de Quer\u00e9taro\",\"description\":\"Explora NexoInformativo y convi\u00e9rtete en parte de una comunidad que valora el conocimiento y la verdad. Tu nexoinformativo es tu puente hacia una comprensi\u00f3n m\u00e1s profunda del mundo que te rodea.\",\"publisher\":{\"@id\":\"https:\/\/www.nexoinformativo.mx\/#organization\"},\"potentialAction\":[{\"@type\":\"SearchAction\",\"target\":{\"@type\":\"EntryPoint\",\"urlTemplate\":\"https:\/\/www.nexoinformativo.mx\/?s={search_term_string}\"},\"query-input\":{\"@type\":\"PropertyValueSpecification\",\"valueRequired\":true,\"valueName\":\"search_term_string\"}}],\"inLanguage\":\"es\"},{\"@type\":\"Organization\",\"@id\":\"https:\/\/www.nexoinformativo.mx\/#organization\",\"name\":\"Nexo Informativo Santiago de Quer\u00e9taro\",\"url\":\"https:\/\/www.nexoinformativo.mx\/\",\"logo\":{\"@type\":\"ImageObject\",\"inLanguage\":\"es\",\"@id\":\"https:\/\/www.nexoinformativo.mx\/#\/schema\/logo\/image\/\",\"url\":\"https:\/\/www.nexoinformativo.mx\/wp-content\/uploads\/2024\/07\/nexoi-trasparente-2.png\",\"contentUrl\":\"https:\/\/www.nexoinformativo.mx\/wp-content\/uploads\/2024\/07\/nexoi-trasparente-2.png\",\"width\":816,\"height\":339,\"caption\":\"Nexo Informativo Santiago de Quer\u00e9taro\"},\"image\":{\"@id\":\"https:\/\/www.nexoinformativo.mx\/#\/schema\/logo\/image\/\"},\"sameAs\":[\"https:\/\/www.facebook.com\/people\/Nexo-Informativo\/61564066885511\/\"]},{\"@type\":\"Person\",\"@id\":\"https:\/\/www.nexoinformativo.mx\/#\/schema\/person\/7749d380ba08c8ca00d7bc76fd907b7d\",\"name\":\"Nexo Informativo\",\"image\":{\"@type\":\"ImageObject\",\"inLanguage\":\"es\",\"@id\":\"https:\/\/www.nexoinformativo.mx\/#\/schema\/person\/image\/\",\"url\":\"https:\/\/secure.gravatar.com\/avatar\/dde2928154642a13d95f87ddf1ea9718fe2b46760a005c53e41ff5ad610704e6?s=96&d=mm&r=g\",\"contentUrl\":\"https:\/\/secure.gravatar.com\/avatar\/dde2928154642a13d95f87ddf1ea9718fe2b46760a005c53e41ff5ad610704e6?s=96&d=mm&r=g\",\"caption\":\"Nexo Informativo\"},\"url\":\"https:\/\/www.nexoinformativo.mx\/index.php\/author\/edicion\/\"}]}<\/script>\n<!-- \/ Yoast SEO plugin. -->","yoast_head_json":{"title":"El Marqu\u00e9s se prepara para recibir a miles en el D\u00eda de Muertos con un operativo especial | Nexo Informativo Santiago de Quer\u00e9taro","description":"El Marqu\u00e9s se prepara para recibir a miles en el D\u00eda de Muertos con un operativo especial","robots":{"index":"index","follow":"follow","max-snippet":"max-snippet:-1","max-image-preview":"max-image-preview:large","max-video-preview":"max-video-preview:-1"},"canonical":"https:\/\/www.nexoinformativo.mx\/index.php\/2024\/10\/25\/el-marques-se-prepara-para-recibir-a-miles-en-el-dia-de-muertos-con-un-operativo-especial\/","og_locale":"es_MX","og_type":"article","og_title":"El Marqu\u00e9s se prepara para recibir a miles en el D\u00eda de Muertos con un operativo especial | Nexo Informativo Santiago de Quer\u00e9taro","og_description":"El Marqu\u00e9s se prepara para recibir a miles en el D\u00eda de Muertos con un operativo especial","og_url":"https:\/\/www.nexoinformativo.mx\/index.php\/2024\/10\/25\/el-marques-se-prepara-para-recibir-a-miles-en-el-dia-de-muertos-con-un-operativo-especial\/","og_site_name":"Nexo Informativo Santiago de Quer\u00e9taro","article_publisher":"https:\/\/www.facebook.com\/people\/Nexo-Informativo\/61564066885511\/","article_published_time":"2024-10-25T18:00:15+00:00","article_modified_time":"2024-10-25T20:24:56+00:00","og_image":[{"width":800,"height":359,"url":"https:\/\/www.nexoinformativo.mx\/wp-content\/uploads\/2024\/10\/PHOTO-2024-10-25-13-21-19-e1729887857957.jpg","type":"image\/jpeg"}],"author":"Nexo Informativo","twitter_card":"summary_large_image","twitter_misc":{"Escrito por":"Nexo Informativo","Tiempo de lectura":"2 minutos"},"schema":{"@context":"https:\/\/schema.org","@graph":[{"@type":"Article","@id":"https:\/\/www.nexoinformativo.mx\/index.php\/2024\/10\/25\/el-marques-se-prepara-para-recibir-a-miles-en-el-dia-de-muertos-con-un-operativo-especial\/#article","isPartOf":{"@id":"https:\/\/www.nexoinformativo.mx\/index.php\/2024\/10\/25\/el-marques-se-prepara-para-recibir-a-miles-en-el-dia-de-muertos-con-un-operativo-especial\/"},"author":{"name":"Nexo Informativo","@id":"https:\/\/www.nexoinformativo.mx\/#\/schema\/person\/7749d380ba08c8ca00d7bc76fd907b7d"},"headline":"El Marqu\u00e9s se prepara para recibir a miles en el D\u00eda de Muertos con un operativo especial","datePublished":"2024-10-25T18:00:15+00:00","dateModified":"2024-10-25T20:24:56+00:00","mainEntityOfPage":{"@id":"https:\/\/www.nexoinformativo.mx\/index.php\/2024\/10\/25\/el-marques-se-prepara-para-recibir-a-miles-en-el-dia-de-muertos-con-un-operativo-especial\/"},"wordCount":326,"commentCount":0,"publisher":{"@id":"https:\/\/www.nexoinformativo.mx\/#organization"},"image":{"@id":"https:\/\/www.nexoinformativo.mx\/index.php\/2024\/10\/25\/el-marques-se-prepara-para-recibir-a-miles-en-el-dia-de-muertos-con-un-operativo-especial\/#primaryimage"},"thumbnailUrl":"https:\/\/www.nexoinformativo.mx\/wp-content\/uploads\/2024\/10\/PHOTO-2024-10-25-13-21-19-e1729887857957.jpg","keywords":["D\u00edaDeMuertos","elmarques","Seguridad","TradicionesMexicanas"],"articleSection":["Municipios","\u00daltima Hora"],"inLanguage":"es","potentialAction":[{"@type":"CommentAction","name":"Comment","target":["https:\/\/www.nexoinformativo.mx\/index.php\/2024\/10\/25\/el-marques-se-prepara-para-recibir-a-miles-en-el-dia-de-muertos-con-un-operativo-especial\/#respond"]}]},{"@type":"WebPage","@id":"https:\/\/www.nexoinformativo.mx\/index.php\/2024\/10\/25\/el-marques-se-prepara-para-recibir-a-miles-en-el-dia-de-muertos-con-un-operativo-especial\/","url":"https:\/\/www.nexoinformativo.mx\/index.php\/2024\/10\/25\/el-marques-se-prepara-para-recibir-a-miles-en-el-dia-de-muertos-con-un-operativo-especial\/","name":"El Marqu\u00e9s se prepara para recibir a miles en el D\u00eda de Muertos con un operativo especial | Nexo Informativo Santiago de Quer\u00e9taro","isPartOf":{"@id":"https:\/\/www.nexoinformativo.mx\/#website"},"primaryImageOfPage":{"@id":"https:\/\/www.nexoinformativo.mx\/index.php\/2024\/10\/25\/el-marques-se-prepara-para-recibir-a-miles-en-el-dia-de-muertos-con-un-operativo-especial\/#primaryimage"},"image":{"@id":"https:\/\/www.nexoinformativo.mx\/index.php\/2024\/10\/25\/el-marques-se-prepara-para-recibir-a-miles-en-el-dia-de-muertos-con-un-operativo-especial\/#primaryimage"},"thumbnailUrl":"https:\/\/www.nexoinformativo.mx\/wp-content\/uploads\/2024\/10\/PHOTO-2024-10-25-13-21-19-e1729887857957.jpg","datePublished":"2024-10-25T18:00:15+00:00","dateModified":"2024-10-25T20:24:56+00:00","description":"El Marqu\u00e9s se prepara para recibir a miles en el D\u00eda de Muertos con un operativo especial","breadcrumb":{"@id":"https:\/\/www.nexoinformativo.mx\/index.php\/2024\/10\/25\/el-marques-se-prepara-para-recibir-a-miles-en-el-dia-de-muertos-con-un-operativo-especial\/#breadcrumb"},"inLanguage":"es","potentialAction":[{"@type":"ReadAction","target":["https:\/\/www.nexoinformativo.mx\/index.php\/2024\/10\/25\/el-marques-se-prepara-para-recibir-a-miles-en-el-dia-de-muertos-con-un-operativo-especial\/"]}]},{"@type":"ImageObject","inLanguage":"es","@id":"https:\/\/www.nexoinformativo.mx\/index.php\/2024\/10\/25\/el-marques-se-prepara-para-recibir-a-miles-en-el-dia-de-muertos-con-un-operativo-especial\/#primaryimage","url":"https:\/\/www.nexoinformativo.mx\/wp-content\/uploads\/2024\/10\/PHOTO-2024-10-25-13-21-19-e1729887857957.jpg","contentUrl":"https:\/\/www.nexoinformativo.mx\/wp-content\/uploads\/2024\/10\/PHOTO-2024-10-25-13-21-19-e1729887857957.jpg","width":800,"height":359},{"@type":"BreadcrumbList","@id":"https:\/\/www.nexoinformativo.mx\/index.php\/2024\/10\/25\/el-marques-se-prepara-para-recibir-a-miles-en-el-dia-de-muertos-con-un-operativo-especial\/#breadcrumb","itemListElement":[{"@type":"ListItem","position":1,"name":"Inicio","item":"https:\/\/www.nexoinformativo.mx\/"},{"@type":"ListItem","position":2,"name":"El Marqu\u00e9s se prepara para recibir a miles en el D\u00eda de Muertos con un operativo especial"}]},{"@type":"WebSite","@id":"https:\/\/www.nexoinformativo.mx\/#website","url":"https:\/\/www.nexoinformativo.mx\/","name":"Nexo Informativo Santiago de Quer\u00e9taro","description":"Explora NexoInformativo y convi\u00e9rtete en parte de una comunidad que valora el conocimiento y la verdad. Tu nexoinformativo es tu puente hacia una comprensi\u00f3n m\u00e1s profunda del mundo que te rodea.","publisher":{"@id":"https:\/\/www.nexoinformativo.mx\/#organization"},"potentialAction":[{"@type":"SearchAction","target":{"@type":"EntryPoint","urlTemplate":"https:\/\/www.nexoinformativo.mx\/?s={search_term_string}"},"query-input":{"@type":"PropertyValueSpecification","valueRequired":true,"valueName":"search_term_string"}}],"inLanguage":"es"},{"@type":"Organization","@id":"https:\/\/www.nexoinformativo.mx\/#organization","name":"Nexo Informativo Santiago de Quer\u00e9taro","url":"https:\/\/www.nexoinformativo.mx\/","logo":{"@type":"ImageObject","inLanguage":"es","@id":"https:\/\/www.nexoinformativo.mx\/#\/schema\/logo\/image\/","url":"https:\/\/www.nexoinformativo.mx\/wp-content\/uploads\/2024\/07\/nexoi-trasparente-2.png","contentUrl":"https:\/\/www.nexoinformativo.mx\/wp-content\/uploads\/2024\/07\/nexoi-trasparente-2.png","width":816,"height":339,"caption":"Nexo Informativo Santiago de Quer\u00e9taro"},"image":{"@id":"https:\/\/www.nexoinformativo.mx\/#\/schema\/logo\/image\/"},"sameAs":["https:\/\/www.facebook.com\/people\/Nexo-Informativo\/61564066885511\/"]},{"@type":"Person","@id":"https:\/\/www.nexoinformativo.mx\/#\/schema\/person\/7749d380ba08c8ca00d7bc76fd907b7d","name":"Nexo Informativo","image":{"@type":"ImageObject","inLanguage":"es","@id":"https:\/\/www.nexoinformativo.mx\/#\/schema\/person\/image\/","url":"https:\/\/secure.gravatar.com\/avatar\/dde2928154642a13d95f87ddf1ea9718fe2b46760a005c53e41ff5ad610704e6?s=96&d=mm&r=g","contentUrl":"https:\/\/secure.gravatar.com\/avatar\/dde2928154642a13d95f87ddf1ea9718fe2b46760a005c53e41ff5ad610704e6?s=96&d=mm&r=g","caption":"Nexo Informativo"},"url":"https:\/\/www.nexoinformativo.mx\/index.php\/author\/edicion\/"}]}},"_links":{"self":[{"href":"https:\/\/www.nexoinformativo.mx\/index.php\/wp-json\/wp\/v2\/posts\/4539","targetHints":{"allow":["GET"]}}],"collection":[{"href":"https:\/\/www.nexoinformativo.mx\/index.php\/wp-json\/wp\/v2\/posts"}],"about":[{"href":"https:\/\/www.nexoinformativo.mx\/index.php\/wp-json\/wp\/v2\/types\/post"}],"author":[{"embeddable":true,"href":"https:\/\/www.nexoinformativo.mx\/index.php\/wp-json\/wp\/v2\/users\/3"}],"replies":[{"embeddable":true,"href":"https:\/\/www.nexoinformativo.mx\/index.php\/wp-json\/wp\/v2\/comments?post=4539"}],"version-history":[{"count":8,"href":"https:\/\/www.nexoinformativo.mx\/index.php\/wp-json\/wp\/v2\/posts\/4539\/revisions"}],"predecessor-version":[{"id":4542,"href":"https:\/\/www.nexoinformativo.mx\/index.php\/wp-json\/wp\/v2\/posts\/4539\/revisions\/4542"}],"wp:featuredmedia":[{"embeddable":true,"href":"https:\/\/www.nexoinformativo.mx\/index.php\/wp-json\/wp\/v2\/media\/4547"}],"wp:attachment":[{"href":"https:\/\/www.nexoinformativo.mx\/index.php\/wp-json\/wp\/v2\/media?parent=4539"}],"wp:term":[{"taxonomy":"category","embeddable":true,"href":"https:\/\/www.nexoinformativo.mx\/index.php\/wp-json\/wp\/v2\/categories?post=4539"},{"taxonomy":"post_tag","embeddable":true,"href":"https:\/\/www.nexoinformativo.mx\/index.php\/wp-json\/wp\/v2\/tags?post=4539"}],"curies":[{"name":"wp","href":"https:\/\/api.w.org\/{rel}","templated":true}]}}