{"id":4577,"date":"2024-10-25T20:00:25","date_gmt":"2024-10-26T02:00:25","guid":{"rendered":"https:\/\/www.nexoinformativo.mx\/?p=4577"},"modified":"2024-10-25T22:03:31","modified_gmt":"2024-10-26T04:03:31","slug":"camara-de-comercio-de-queretaro-respalda-operativos-contra-el-comercio-informal-en-el-centro-historico","status":"publish","type":"post","link":"https:\/\/www.nexoinformativo.mx\/index.php\/2024\/10\/25\/camara-de-comercio-de-queretaro-respalda-operativos-contra-el-comercio-informal-en-el-centro-historico\/","title":{"rendered":"C\u00e1mara de Comercio de Quer\u00e9taro respalda operativos contra el comercio informal en el Centro Hist\u00f3rico"},"content":{"rendered":"<p style=\"text-align: justify;\" data-sourcepos=\"5:1-5:380\">La C\u00e1mara de Comercio de Quer\u00e9taro (CANACO) ha manifestado su apoyo a los operativos implementados por el gobierno municipal para combatir el comercio informal en el Centro Hist\u00f3rico. La presidenta de la CANACO, Lorena Mu\u00f1oz, se\u00f1al\u00f3 que esta medida es necesaria para garantizar un entorno de competencia justa y proteger a los negocios establecidos.<\/p>\n<p>&nbsp;<\/p>\n<p style=\"text-align: justify;\" data-sourcepos=\"7:1-7:351\">Mu\u00f1oz destac\u00f3 que el comercio informal representa una competencia desleal para los establecimientos formales, ya que no pagan impuestos ni cumplen con las regulaciones sanitarias y laborales. Adem\u00e1s, argument\u00f3 que la proliferaci\u00f3n de vendedores ambulantes genera una sensaci\u00f3n de inseguridad y afecta el orden p\u00fablico en el primer cuadro de la ciudad.<\/p>\n<p>&nbsp;<\/p>\n<p style=\"text-align: justify;\" data-sourcepos=\"9:1-9:351\"><strong>&#8220;Consideramos que estas acciones de ordenamiento benefician y ayudan a fomentar el crecimiento de los comercios formalmente establecidos en el centro hist\u00f3rico&#8221;<\/strong>, afirm\u00f3 Mu\u00f1oz. La empresaria subray\u00f3 la importancia de proteger a los negocios que cumplen con todas las normativas y contribuyen al desarrollo econ\u00f3mico de la ciudad.<\/p>\n<p>&nbsp;<\/p>\n<div class=\"container ng-tns-c3010373229-95 hide\">\n<div class=\"carousel-container ng-tns-c3010373229-95\">\n<div class=\"carousel-content ng-tns-c3010373229-95\">\n<div class=\"sources-carousel-source ng-tns-c3010373229-95 hide ng-star-inserted\" style=\"text-align: justify;\" data-test-id=\"sources-carousel-source\">\n<p>La CANACO ha reiterado su compromiso con el fomento del comercio formal y ha llamado a las autoridades a continuar con las acciones necesarias para garantizar un entorno de negocios seguro y ordenado en el Centro Hist\u00f3rico de Quer\u00e9taro.<\/p>\n<div data-test-id=\"sources-carousel-source\"><\/div>\n<div style=\"text-align: center;\" data-test-id=\"sources-carousel-source\"><em><strong>\u00a1Informaci\u00f3n que transforma!<\/strong><\/em><\/div>\n<\/div>\n<\/div>\n<\/div>\n<\/div>\n","protected":false},"excerpt":{"rendered":"<p>La C\u00e1mara de Comercio de Quer\u00e9taro (CANACO) ha manifestado su apoyo a los operativos implementados por el gobierno municipal para combatir el comercio informal en el Centro Hist\u00f3rico.<\/p>\n","protected":false},"author":3,"featured_media":4578,"comment_status":"open","ping_status":"open","sticky":false,"template":"","format":"standard","meta":{"footnotes":""},"categories":[5,65,58],"tags":[1654,653,1552,1655],"class_list":["post-4577","post","type-post","status-publish","format-standard","has-post-thumbnail","hentry","category-economia","category-municipios","category-ultima-hora","tag-canaco","tag-centrohistorico","tag-comercioinformal","tag-ordenamientocomercial"],"yoast_head":"<!-- This site is optimized with the Yoast SEO plugin v25.0 - https:\/\/yoast.com\/wordpress\/plugins\/seo\/ -->\n<title>C\u00e1mara de Comercio de Quer\u00e9taro respalda operativos contra el comercio informal en el Centro Hist\u00f3rico | Nexo Informativo Santiago de Quer\u00e9taro<\/title>\n<meta name=\"description\" content=\"C\u00e1mara de Comercio de Quer\u00e9taro respalda operativos contra el comercio informal en el Centro Hist\u00f3rico\" \/>\n<meta name=\"robots\" content=\"index, follow, max-snippet:-1, max-image-preview:large, max-video-preview:-1\" \/>\n<link rel=\"canonical\" href=\"https:\/\/www.nexoinformativo.mx\/index.php\/2024\/10\/25\/camara-de-comercio-de-queretaro-respalda-operativos-contra-el-comercio-informal-en-el-centro-historico\/\" \/>\n<meta property=\"og:locale\" content=\"es_MX\" \/>\n<meta property=\"og:type\" content=\"article\" \/>\n<meta property=\"og:title\" content=\"C\u00e1mara de Comercio de Quer\u00e9taro respalda operativos contra el comercio informal en el Centro Hist\u00f3rico | Nexo Informativo Santiago de Quer\u00e9taro\" \/>\n<meta property=\"og:description\" content=\"C\u00e1mara de Comercio de Quer\u00e9taro respalda operativos contra el comercio informal en el Centro Hist\u00f3rico\" \/>\n<meta property=\"og:url\" content=\"https:\/\/www.nexoinformativo.mx\/index.php\/2024\/10\/25\/camara-de-comercio-de-queretaro-respalda-operativos-contra-el-comercio-informal-en-el-centro-historico\/\" \/>\n<meta property=\"og:site_name\" content=\"Nexo Informativo Santiago de Quer\u00e9taro\" \/>\n<meta property=\"article:publisher\" content=\"https:\/\/www.facebook.com\/people\/Nexo-Informativo\/61564066885511\/\" \/>\n<meta property=\"article:published_time\" content=\"2024-10-26T02:00:25+00:00\" \/>\n<meta property=\"article:modified_time\" content=\"2024-10-26T04:03:31+00:00\" \/>\n<meta property=\"og:image\" content=\"https:\/\/www.nexoinformativo.mx\/wp-content\/uploads\/2024\/10\/PHOTO-2024-10-25-20-51-57-e1729915150714.jpg\" \/>\n\t<meta property=\"og:image:width\" content=\"800\" \/>\n\t<meta property=\"og:image:height\" content=\"1067\" \/>\n\t<meta property=\"og:image:type\" content=\"image\/jpeg\" \/>\n<meta name=\"author\" content=\"Nexo Informativo\" \/>\n<meta name=\"twitter:card\" content=\"summary_large_image\" \/>\n<meta name=\"twitter:label1\" content=\"Escrito por\" \/>\n\t<meta name=\"twitter:data1\" content=\"Nexo Informativo\" \/>\n\t<meta name=\"twitter:label2\" content=\"Tiempo de lectura\" \/>\n\t<meta name=\"twitter:data2\" content=\"2 minutos\" \/>\n<script type=\"application\/ld+json\" class=\"yoast-schema-graph\">{\"@context\":\"https:\/\/schema.org\",\"@graph\":[{\"@type\":\"Article\",\"@id\":\"https:\/\/www.nexoinformativo.mx\/index.php\/2024\/10\/25\/camara-de-comercio-de-queretaro-respalda-operativos-contra-el-comercio-informal-en-el-centro-historico\/#article\",\"isPartOf\":{\"@id\":\"https:\/\/www.nexoinformativo.mx\/index.php\/2024\/10\/25\/camara-de-comercio-de-queretaro-respalda-operativos-contra-el-comercio-informal-en-el-centro-historico\/\"},\"author\":{\"name\":\"Nexo Informativo\",\"@id\":\"https:\/\/www.nexoinformativo.mx\/#\/schema\/person\/7749d380ba08c8ca00d7bc76fd907b7d\"},\"headline\":\"C\u00e1mara de Comercio de Quer\u00e9taro respalda operativos contra el comercio informal en el Centro Hist\u00f3rico\",\"datePublished\":\"2024-10-26T02:00:25+00:00\",\"dateModified\":\"2024-10-26T04:03:31+00:00\",\"mainEntityOfPage\":{\"@id\":\"https:\/\/www.nexoinformativo.mx\/index.php\/2024\/10\/25\/camara-de-comercio-de-queretaro-respalda-operativos-contra-el-comercio-informal-en-el-centro-historico\/\"},\"wordCount\":233,\"commentCount\":0,\"publisher\":{\"@id\":\"https:\/\/www.nexoinformativo.mx\/#organization\"},\"image\":{\"@id\":\"https:\/\/www.nexoinformativo.mx\/index.php\/2024\/10\/25\/camara-de-comercio-de-queretaro-respalda-operativos-contra-el-comercio-informal-en-el-centro-historico\/#primaryimage\"},\"thumbnailUrl\":\"https:\/\/www.nexoinformativo.mx\/wp-content\/uploads\/2024\/10\/PHOTO-2024-10-25-20-51-57-e1729915150714.jpg\",\"keywords\":[\"CANACO\",\"CentroHist\u00f3rico\",\"ComercioInformal\",\"OrdenamientoComercial\"],\"articleSection\":[\"Econom\u00eda\",\"Municipios\",\"\u00daltima Hora\"],\"inLanguage\":\"es\",\"potentialAction\":[{\"@type\":\"CommentAction\",\"name\":\"Comment\",\"target\":[\"https:\/\/www.nexoinformativo.mx\/index.php\/2024\/10\/25\/camara-de-comercio-de-queretaro-respalda-operativos-contra-el-comercio-informal-en-el-centro-historico\/#respond\"]}]},{\"@type\":\"WebPage\",\"@id\":\"https:\/\/www.nexoinformativo.mx\/index.php\/2024\/10\/25\/camara-de-comercio-de-queretaro-respalda-operativos-contra-el-comercio-informal-en-el-centro-historico\/\",\"url\":\"https:\/\/www.nexoinformativo.mx\/index.php\/2024\/10\/25\/camara-de-comercio-de-queretaro-respalda-operativos-contra-el-comercio-informal-en-el-centro-historico\/\",\"name\":\"C\u00e1mara de Comercio de Quer\u00e9taro respalda operativos contra el comercio informal en el Centro Hist\u00f3rico | Nexo Informativo Santiago de Quer\u00e9taro\",\"isPartOf\":{\"@id\":\"https:\/\/www.nexoinformativo.mx\/#website\"},\"primaryImageOfPage\":{\"@id\":\"https:\/\/www.nexoinformativo.mx\/index.php\/2024\/10\/25\/camara-de-comercio-de-queretaro-respalda-operativos-contra-el-comercio-informal-en-el-centro-historico\/#primaryimage\"},\"image\":{\"@id\":\"https:\/\/www.nexoinformativo.mx\/index.php\/2024\/10\/25\/camara-de-comercio-de-queretaro-respalda-operativos-contra-el-comercio-informal-en-el-centro-historico\/#primaryimage\"},\"thumbnailUrl\":\"https:\/\/www.nexoinformativo.mx\/wp-content\/uploads\/2024\/10\/PHOTO-2024-10-25-20-51-57-e1729915150714.jpg\",\"datePublished\":\"2024-10-26T02:00:25+00:00\",\"dateModified\":\"2024-10-26T04:03:31+00:00\",\"description\":\"C\u00e1mara de Comercio de Quer\u00e9taro respalda operativos contra el comercio informal en el Centro Hist\u00f3rico\",\"breadcrumb\":{\"@id\":\"https:\/\/www.nexoinformativo.mx\/index.php\/2024\/10\/25\/camara-de-comercio-de-queretaro-respalda-operativos-contra-el-comercio-informal-en-el-centro-historico\/#breadcrumb\"},\"inLanguage\":\"es\",\"potentialAction\":[{\"@type\":\"ReadAction\",\"target\":[\"https:\/\/www.nexoinformativo.mx\/index.php\/2024\/10\/25\/camara-de-comercio-de-queretaro-respalda-operativos-contra-el-comercio-informal-en-el-centro-historico\/\"]}]},{\"@type\":\"ImageObject\",\"inLanguage\":\"es\",\"@id\":\"https:\/\/www.nexoinformativo.mx\/index.php\/2024\/10\/25\/camara-de-comercio-de-queretaro-respalda-operativos-contra-el-comercio-informal-en-el-centro-historico\/#primaryimage\",\"url\":\"https:\/\/www.nexoinformativo.mx\/wp-content\/uploads\/2024\/10\/PHOTO-2024-10-25-20-51-57-e1729915150714.jpg\",\"contentUrl\":\"https:\/\/www.nexoinformativo.mx\/wp-content\/uploads\/2024\/10\/PHOTO-2024-10-25-20-51-57-e1729915150714.jpg\",\"width\":800,\"height\":1067},{\"@type\":\"BreadcrumbList\",\"@id\":\"https:\/\/www.nexoinformativo.mx\/index.php\/2024\/10\/25\/camara-de-comercio-de-queretaro-respalda-operativos-contra-el-comercio-informal-en-el-centro-historico\/#breadcrumb\",\"itemListElement\":[{\"@type\":\"ListItem\",\"position\":1,\"name\":\"Inicio\",\"item\":\"https:\/\/www.nexoinformativo.mx\/\"},{\"@type\":\"ListItem\",\"position\":2,\"name\":\"C\u00e1mara de Comercio de Quer\u00e9taro respalda operativos contra el comercio informal en el Centro Hist\u00f3rico\"}]},{\"@type\":\"WebSite\",\"@id\":\"https:\/\/www.nexoinformativo.mx\/#website\",\"url\":\"https:\/\/www.nexoinformativo.mx\/\",\"name\":\"Nexo Informativo Santiago de Quer\u00e9taro\",\"description\":\"Explora NexoInformativo y convi\u00e9rtete en parte de una comunidad que valora el conocimiento y la verdad. Tu nexoinformativo es tu puente hacia una comprensi\u00f3n m\u00e1s profunda del mundo que te rodea.\",\"publisher\":{\"@id\":\"https:\/\/www.nexoinformativo.mx\/#organization\"},\"potentialAction\":[{\"@type\":\"SearchAction\",\"target\":{\"@type\":\"EntryPoint\",\"urlTemplate\":\"https:\/\/www.nexoinformativo.mx\/?s={search_term_string}\"},\"query-input\":{\"@type\":\"PropertyValueSpecification\",\"valueRequired\":true,\"valueName\":\"search_term_string\"}}],\"inLanguage\":\"es\"},{\"@type\":\"Organization\",\"@id\":\"https:\/\/www.nexoinformativo.mx\/#organization\",\"name\":\"Nexo Informativo Santiago de Quer\u00e9taro\",\"url\":\"https:\/\/www.nexoinformativo.mx\/\",\"logo\":{\"@type\":\"ImageObject\",\"inLanguage\":\"es\",\"@id\":\"https:\/\/www.nexoinformativo.mx\/#\/schema\/logo\/image\/\",\"url\":\"https:\/\/www.nexoinformativo.mx\/wp-content\/uploads\/2024\/07\/nexoi-trasparente-2.png\",\"contentUrl\":\"https:\/\/www.nexoinformativo.mx\/wp-content\/uploads\/2024\/07\/nexoi-trasparente-2.png\",\"width\":816,\"height\":339,\"caption\":\"Nexo Informativo Santiago de Quer\u00e9taro\"},\"image\":{\"@id\":\"https:\/\/www.nexoinformativo.mx\/#\/schema\/logo\/image\/\"},\"sameAs\":[\"https:\/\/www.facebook.com\/people\/Nexo-Informativo\/61564066885511\/\"]},{\"@type\":\"Person\",\"@id\":\"https:\/\/www.nexoinformativo.mx\/#\/schema\/person\/7749d380ba08c8ca00d7bc76fd907b7d\",\"name\":\"Nexo Informativo\",\"image\":{\"@type\":\"ImageObject\",\"inLanguage\":\"es\",\"@id\":\"https:\/\/www.nexoinformativo.mx\/#\/schema\/person\/image\/\",\"url\":\"https:\/\/secure.gravatar.com\/avatar\/dde2928154642a13d95f87ddf1ea9718fe2b46760a005c53e41ff5ad610704e6?s=96&d=mm&r=g\",\"contentUrl\":\"https:\/\/secure.gravatar.com\/avatar\/dde2928154642a13d95f87ddf1ea9718fe2b46760a005c53e41ff5ad610704e6?s=96&d=mm&r=g\",\"caption\":\"Nexo Informativo\"},\"url\":\"https:\/\/www.nexoinformativo.mx\/index.php\/author\/edicion\/\"}]}<\/script>\n<!-- \/ Yoast SEO plugin. -->","yoast_head_json":{"title":"C\u00e1mara de Comercio de Quer\u00e9taro respalda operativos contra el comercio informal en el Centro Hist\u00f3rico | Nexo Informativo Santiago de Quer\u00e9taro","description":"C\u00e1mara de Comercio de Quer\u00e9taro respalda operativos contra el comercio informal en el Centro Hist\u00f3rico","robots":{"index":"index","follow":"follow","max-snippet":"max-snippet:-1","max-image-preview":"max-image-preview:large","max-video-preview":"max-video-preview:-1"},"canonical":"https:\/\/www.nexoinformativo.mx\/index.php\/2024\/10\/25\/camara-de-comercio-de-queretaro-respalda-operativos-contra-el-comercio-informal-en-el-centro-historico\/","og_locale":"es_MX","og_type":"article","og_title":"C\u00e1mara de Comercio de Quer\u00e9taro respalda operativos contra el comercio informal en el Centro Hist\u00f3rico | Nexo Informativo Santiago de Quer\u00e9taro","og_description":"C\u00e1mara de Comercio de Quer\u00e9taro respalda operativos contra el comercio informal en el Centro Hist\u00f3rico","og_url":"https:\/\/www.nexoinformativo.mx\/index.php\/2024\/10\/25\/camara-de-comercio-de-queretaro-respalda-operativos-contra-el-comercio-informal-en-el-centro-historico\/","og_site_name":"Nexo Informativo Santiago de Quer\u00e9taro","article_publisher":"https:\/\/www.facebook.com\/people\/Nexo-Informativo\/61564066885511\/","article_published_time":"2024-10-26T02:00:25+00:00","article_modified_time":"2024-10-26T04:03:31+00:00","og_image":[{"width":800,"height":1067,"url":"https:\/\/www.nexoinformativo.mx\/wp-content\/uploads\/2024\/10\/PHOTO-2024-10-25-20-51-57-e1729915150714.jpg","type":"image\/jpeg"}],"author":"Nexo Informativo","twitter_card":"summary_large_image","twitter_misc":{"Escrito por":"Nexo Informativo","Tiempo de lectura":"2 minutos"},"schema":{"@context":"https:\/\/schema.org","@graph":[{"@type":"Article","@id":"https:\/\/www.nexoinformativo.mx\/index.php\/2024\/10\/25\/camara-de-comercio-de-queretaro-respalda-operativos-contra-el-comercio-informal-en-el-centro-historico\/#article","isPartOf":{"@id":"https:\/\/www.nexoinformativo.mx\/index.php\/2024\/10\/25\/camara-de-comercio-de-queretaro-respalda-operativos-contra-el-comercio-informal-en-el-centro-historico\/"},"author":{"name":"Nexo Informativo","@id":"https:\/\/www.nexoinformativo.mx\/#\/schema\/person\/7749d380ba08c8ca00d7bc76fd907b7d"},"headline":"C\u00e1mara de Comercio de Quer\u00e9taro respalda operativos contra el comercio informal en el Centro Hist\u00f3rico","datePublished":"2024-10-26T02:00:25+00:00","dateModified":"2024-10-26T04:03:31+00:00","mainEntityOfPage":{"@id":"https:\/\/www.nexoinformativo.mx\/index.php\/2024\/10\/25\/camara-de-comercio-de-queretaro-respalda-operativos-contra-el-comercio-informal-en-el-centro-historico\/"},"wordCount":233,"commentCount":0,"publisher":{"@id":"https:\/\/www.nexoinformativo.mx\/#organization"},"image":{"@id":"https:\/\/www.nexoinformativo.mx\/index.php\/2024\/10\/25\/camara-de-comercio-de-queretaro-respalda-operativos-contra-el-comercio-informal-en-el-centro-historico\/#primaryimage"},"thumbnailUrl":"https:\/\/www.nexoinformativo.mx\/wp-content\/uploads\/2024\/10\/PHOTO-2024-10-25-20-51-57-e1729915150714.jpg","keywords":["CANACO","CentroHist\u00f3rico","ComercioInformal","OrdenamientoComercial"],"articleSection":["Econom\u00eda","Municipios","\u00daltima Hora"],"inLanguage":"es","potentialAction":[{"@type":"CommentAction","name":"Comment","target":["https:\/\/www.nexoinformativo.mx\/index.php\/2024\/10\/25\/camara-de-comercio-de-queretaro-respalda-operativos-contra-el-comercio-informal-en-el-centro-historico\/#respond"]}]},{"@type":"WebPage","@id":"https:\/\/www.nexoinformativo.mx\/index.php\/2024\/10\/25\/camara-de-comercio-de-queretaro-respalda-operativos-contra-el-comercio-informal-en-el-centro-historico\/","url":"https:\/\/www.nexoinformativo.mx\/index.php\/2024\/10\/25\/camara-de-comercio-de-queretaro-respalda-operativos-contra-el-comercio-informal-en-el-centro-historico\/","name":"C\u00e1mara de Comercio de Quer\u00e9taro respalda operativos contra el comercio informal en el Centro Hist\u00f3rico | Nexo Informativo Santiago de Quer\u00e9taro","isPartOf":{"@id":"https:\/\/www.nexoinformativo.mx\/#website"},"primaryImageOfPage":{"@id":"https:\/\/www.nexoinformativo.mx\/index.php\/2024\/10\/25\/camara-de-comercio-de-queretaro-respalda-operativos-contra-el-comercio-informal-en-el-centro-historico\/#primaryimage"},"image":{"@id":"https:\/\/www.nexoinformativo.mx\/index.php\/2024\/10\/25\/camara-de-comercio-de-queretaro-respalda-operativos-contra-el-comercio-informal-en-el-centro-historico\/#primaryimage"},"thumbnailUrl":"https:\/\/www.nexoinformativo.mx\/wp-content\/uploads\/2024\/10\/PHOTO-2024-10-25-20-51-57-e1729915150714.jpg","datePublished":"2024-10-26T02:00:25+00:00","dateModified":"2024-10-26T04:03:31+00:00","description":"C\u00e1mara de Comercio de Quer\u00e9taro respalda operativos contra el comercio informal en el Centro Hist\u00f3rico","breadcrumb":{"@id":"https:\/\/www.nexoinformativo.mx\/index.php\/2024\/10\/25\/camara-de-comercio-de-queretaro-respalda-operativos-contra-el-comercio-informal-en-el-centro-historico\/#breadcrumb"},"inLanguage":"es","potentialAction":[{"@type":"ReadAction","target":["https:\/\/www.nexoinformativo.mx\/index.php\/2024\/10\/25\/camara-de-comercio-de-queretaro-respalda-operativos-contra-el-comercio-informal-en-el-centro-historico\/"]}]},{"@type":"ImageObject","inLanguage":"es","@id":"https:\/\/www.nexoinformativo.mx\/index.php\/2024\/10\/25\/camara-de-comercio-de-queretaro-respalda-operativos-contra-el-comercio-informal-en-el-centro-historico\/#primaryimage","url":"https:\/\/www.nexoinformativo.mx\/wp-content\/uploads\/2024\/10\/PHOTO-2024-10-25-20-51-57-e1729915150714.jpg","contentUrl":"https:\/\/www.nexoinformativo.mx\/wp-content\/uploads\/2024\/10\/PHOTO-2024-10-25-20-51-57-e1729915150714.jpg","width":800,"height":1067},{"@type":"BreadcrumbList","@id":"https:\/\/www.nexoinformativo.mx\/index.php\/2024\/10\/25\/camara-de-comercio-de-queretaro-respalda-operativos-contra-el-comercio-informal-en-el-centro-historico\/#breadcrumb","itemListElement":[{"@type":"ListItem","position":1,"name":"Inicio","item":"https:\/\/www.nexoinformativo.mx\/"},{"@type":"ListItem","position":2,"name":"C\u00e1mara de Comercio de Quer\u00e9taro respalda operativos contra el comercio informal en el Centro Hist\u00f3rico"}]},{"@type":"WebSite","@id":"https:\/\/www.nexoinformativo.mx\/#website","url":"https:\/\/www.nexoinformativo.mx\/","name":"Nexo Informativo Santiago de Quer\u00e9taro","description":"Explora NexoInformativo y convi\u00e9rtete en parte de una comunidad que valora el conocimiento y la verdad. Tu nexoinformativo es tu puente hacia una comprensi\u00f3n m\u00e1s profunda del mundo que te rodea.","publisher":{"@id":"https:\/\/www.nexoinformativo.mx\/#organization"},"potentialAction":[{"@type":"SearchAction","target":{"@type":"EntryPoint","urlTemplate":"https:\/\/www.nexoinformativo.mx\/?s={search_term_string}"},"query-input":{"@type":"PropertyValueSpecification","valueRequired":true,"valueName":"search_term_string"}}],"inLanguage":"es"},{"@type":"Organization","@id":"https:\/\/www.nexoinformativo.mx\/#organization","name":"Nexo Informativo Santiago de Quer\u00e9taro","url":"https:\/\/www.nexoinformativo.mx\/","logo":{"@type":"ImageObject","inLanguage":"es","@id":"https:\/\/www.nexoinformativo.mx\/#\/schema\/logo\/image\/","url":"https:\/\/www.nexoinformativo.mx\/wp-content\/uploads\/2024\/07\/nexoi-trasparente-2.png","contentUrl":"https:\/\/www.nexoinformativo.mx\/wp-content\/uploads\/2024\/07\/nexoi-trasparente-2.png","width":816,"height":339,"caption":"Nexo Informativo Santiago de Quer\u00e9taro"},"image":{"@id":"https:\/\/www.nexoinformativo.mx\/#\/schema\/logo\/image\/"},"sameAs":["https:\/\/www.facebook.com\/people\/Nexo-Informativo\/61564066885511\/"]},{"@type":"Person","@id":"https:\/\/www.nexoinformativo.mx\/#\/schema\/person\/7749d380ba08c8ca00d7bc76fd907b7d","name":"Nexo Informativo","image":{"@type":"ImageObject","inLanguage":"es","@id":"https:\/\/www.nexoinformativo.mx\/#\/schema\/person\/image\/","url":"https:\/\/secure.gravatar.com\/avatar\/dde2928154642a13d95f87ddf1ea9718fe2b46760a005c53e41ff5ad610704e6?s=96&d=mm&r=g","contentUrl":"https:\/\/secure.gravatar.com\/avatar\/dde2928154642a13d95f87ddf1ea9718fe2b46760a005c53e41ff5ad610704e6?s=96&d=mm&r=g","caption":"Nexo Informativo"},"url":"https:\/\/www.nexoinformativo.mx\/index.php\/author\/edicion\/"}]}},"_links":{"self":[{"href":"https:\/\/www.nexoinformativo.mx\/index.php\/wp-json\/wp\/v2\/posts\/4577","targetHints":{"allow":["GET"]}}],"collection":[{"href":"https:\/\/www.nexoinformativo.mx\/index.php\/wp-json\/wp\/v2\/posts"}],"about":[{"href":"https:\/\/www.nexoinformativo.mx\/index.php\/wp-json\/wp\/v2\/types\/post"}],"author":[{"embeddable":true,"href":"https:\/\/www.nexoinformativo.mx\/index.php\/wp-json\/wp\/v2\/users\/3"}],"replies":[{"embeddable":true,"href":"https:\/\/www.nexoinformativo.mx\/index.php\/wp-json\/wp\/v2\/comments?post=4577"}],"version-history":[{"count":5,"href":"https:\/\/www.nexoinformativo.mx\/index.php\/wp-json\/wp\/v2\/posts\/4577\/revisions"}],"predecessor-version":[{"id":4581,"href":"https:\/\/www.nexoinformativo.mx\/index.php\/wp-json\/wp\/v2\/posts\/4577\/revisions\/4581"}],"wp:featuredmedia":[{"embeddable":true,"href":"https:\/\/www.nexoinformativo.mx\/index.php\/wp-json\/wp\/v2\/media\/4578"}],"wp:attachment":[{"href":"https:\/\/www.nexoinformativo.mx\/index.php\/wp-json\/wp\/v2\/media?parent=4577"}],"wp:term":[{"taxonomy":"category","embeddable":true,"href":"https:\/\/www.nexoinformativo.mx\/index.php\/wp-json\/wp\/v2\/categories?post=4577"},{"taxonomy":"post_tag","embeddable":true,"href":"https:\/\/www.nexoinformativo.mx\/index.php\/wp-json\/wp\/v2\/tags?post=4577"}],"curies":[{"name":"wp","href":"https:\/\/api.w.org\/{rel}","templated":true}]}}