{"id":4596,"date":"2024-10-26T08:00:54","date_gmt":"2024-10-26T14:00:54","guid":{"rendered":"https:\/\/www.nexoinformativo.mx\/?p=4596"},"modified":"2024-10-26T09:04:21","modified_gmt":"2024-10-26T15:04:21","slug":"dolar-cierra-la-semana-al-alza-peso-mexicano-pierde-terreno","status":"publish","type":"post","link":"https:\/\/www.nexoinformativo.mx\/index.php\/2024\/10\/26\/dolar-cierra-la-semana-al-alza-peso-mexicano-pierde-terreno\/","title":{"rendered":"D\u00f3lar cierra la semana al alza, peso mexicano pierde terreno"},"content":{"rendered":"<p style=\"text-align: justify;\" data-sourcepos=\"5:1-5:415\">El peso mexicano inici\u00f3 la jornada con una leve depreciaci\u00f3n frente al d\u00f3lar estadounidense, cotizando en 19.8124 unidades por d\u00f3lar, seg\u00fan datos de Reuters. Esta tendencia a la baja se atribuye principalmente a las expectativas de que la Reserva Federal (Fed) de Estados Unidos mantendr\u00e1 una postura monetaria m\u00e1s restrictiva, lo que debilita al peso frente al d\u00f3lar.<\/p>\n<p>&nbsp;<\/p>\n<p style=\"text-align: justify;\" data-sourcepos=\"7:1-7:315\">A pesar de esta ligera p\u00e9rdida, el peso mexicano ha mostrado una relativa fortaleza en las \u00faltimas semanas, gracias en parte a las remesas y a las inversiones extranjeras directas. Sin embargo, la incertidumbre global y las pr\u00f3ximas elecciones en Estados Unidos siguen generando volatilidad en el mercado cambiario.<\/p>\n<p>&nbsp;<\/p>\n<p style=\"text-align: justify;\" data-sourcepos=\"9:1-9:32\">\u00bfA cu\u00e1nto est\u00e1 el d\u00f3lar hoy?\u00a0Al cierre de operaciones, el tipo de cambio interbancario se ubic\u00f3 en <strong>$19.98<\/strong> pesos por d\u00f3lar, lo que representa una ganancia del 0.90% respecto al cierre anterior. Esta alza se explica por la creciente aversi\u00f3n al riesgo a nivel mundial y por las expectativas de que la Fed continuar\u00e1 subiendo las tasas de inter\u00e9s.<\/p>\n<p>&nbsp;<\/p>\n<p style=\"text-align: justify;\" data-sourcepos=\"13:1-13:48\">\u00bfQu\u00e9 factores influyen en el tipo de cambio?\u00a0El tipo de cambio entre el peso mexicano y el d\u00f3lar estadounidense se ve afectado por diversos factores, entre los que destacan:<\/p>\n<p>&nbsp;<\/p>\n<p style=\"text-align: justify;\" data-sourcepos=\"13:1-13:48\">Las decisiones de la Reserva Federal y del Banco de M\u00e9xico tienen un impacto directo en el tipo de cambio, la incertidumbre global, eventos como elecciones, conflictos geopol\u00edticos y crisis econ\u00f3micas pueden generar volatilidad en el mercado cambiario.<\/p>\n<p>&nbsp;<\/p>\n<p data-sourcepos=\"13:1-13:48\">Tambi\u00e9n las inversiones extranjeras directas y las remesas influyen en la oferta y demanda de divisas.\u00a0Los cambios en los precios del petr\u00f3leo y otros commodities pueden afectar el tipo de cambio de las monedas de los pa\u00edses exportadores de materias primas.<\/p>\n<p>&nbsp;<\/p>\n<p style=\"text-align: center;\" data-sourcepos=\"13:1-13:48\"><em><strong>\u00a1Informaci\u00f3n que transforma!<\/strong><\/em><\/p>\n","protected":false},"excerpt":{"rendered":"<p>El peso mexicano inici\u00f3 la jornada con una leve depreciaci\u00f3n frente al d\u00f3lar estadounidense, cotizando en 19.8124 unidades por d\u00f3lar, seg\u00fan datos de Reuters.<\/p>\n","protected":false},"author":3,"featured_media":4597,"comment_status":"open","ping_status":"open","sticky":false,"template":"","format":"standard","meta":{"footnotes":""},"categories":[5,88],"tags":[1313,141,1312,1660],"class_list":["post-4596","post","type-post","status-publish","format-standard","has-post-thumbnail","hentry","category-economia","category-nacional","tag-dolar","tag-economia","tag-pesomexicano","tag-tipodecambio"],"yoast_head":"<!-- This site is optimized with the Yoast SEO plugin v25.0 - https:\/\/yoast.com\/wordpress\/plugins\/seo\/ -->\n<title>D\u00f3lar cierra la semana al alza, peso mexicano pierde terreno | Nexo Informativo Santiago de Quer\u00e9taro<\/title>\n<meta name=\"description\" content=\"D\u00f3lar cierra la semana al alza, peso mexicano pierde terreno\" \/>\n<meta name=\"robots\" content=\"index, follow, max-snippet:-1, max-image-preview:large, max-video-preview:-1\" \/>\n<link rel=\"canonical\" href=\"https:\/\/www.nexoinformativo.mx\/index.php\/2024\/10\/26\/dolar-cierra-la-semana-al-alza-peso-mexicano-pierde-terreno\/\" \/>\n<meta property=\"og:locale\" content=\"es_MX\" \/>\n<meta property=\"og:type\" content=\"article\" \/>\n<meta property=\"og:title\" content=\"D\u00f3lar cierra la semana al alza, peso mexicano pierde terreno | Nexo Informativo Santiago de Quer\u00e9taro\" \/>\n<meta property=\"og:description\" content=\"D\u00f3lar cierra la semana al alza, peso mexicano pierde terreno\" \/>\n<meta property=\"og:url\" content=\"https:\/\/www.nexoinformativo.mx\/index.php\/2024\/10\/26\/dolar-cierra-la-semana-al-alza-peso-mexicano-pierde-terreno\/\" \/>\n<meta property=\"og:site_name\" content=\"Nexo Informativo Santiago de Quer\u00e9taro\" \/>\n<meta property=\"article:publisher\" content=\"https:\/\/www.facebook.com\/people\/Nexo-Informativo\/61564066885511\/\" \/>\n<meta property=\"article:published_time\" content=\"2024-10-26T14:00:54+00:00\" \/>\n<meta property=\"article:modified_time\" content=\"2024-10-26T15:04:21+00:00\" \/>\n<meta property=\"og:image\" content=\"https:\/\/www.nexoinformativo.mx\/wp-content\/uploads\/2024\/10\/pexels-karolina-grabowska-4386397-scaled-e1729953955663.jpeg\" \/>\n\t<meta property=\"og:image:width\" content=\"800\" \/>\n\t<meta property=\"og:image:height\" content=\"1200\" \/>\n\t<meta property=\"og:image:type\" content=\"image\/jpeg\" \/>\n<meta name=\"author\" content=\"Nexo Informativo\" \/>\n<meta name=\"twitter:card\" content=\"summary_large_image\" \/>\n<meta name=\"twitter:label1\" content=\"Escrito por\" \/>\n\t<meta name=\"twitter:data1\" content=\"Nexo Informativo\" \/>\n\t<meta name=\"twitter:label2\" content=\"Tiempo de lectura\" \/>\n\t<meta name=\"twitter:data2\" content=\"2 minutos\" \/>\n<script type=\"application\/ld+json\" class=\"yoast-schema-graph\">{\"@context\":\"https:\/\/schema.org\",\"@graph\":[{\"@type\":\"Article\",\"@id\":\"https:\/\/www.nexoinformativo.mx\/index.php\/2024\/10\/26\/dolar-cierra-la-semana-al-alza-peso-mexicano-pierde-terreno\/#article\",\"isPartOf\":{\"@id\":\"https:\/\/www.nexoinformativo.mx\/index.php\/2024\/10\/26\/dolar-cierra-la-semana-al-alza-peso-mexicano-pierde-terreno\/\"},\"author\":{\"name\":\"Nexo Informativo\",\"@id\":\"https:\/\/www.nexoinformativo.mx\/#\/schema\/person\/7749d380ba08c8ca00d7bc76fd907b7d\"},\"headline\":\"D\u00f3lar cierra la semana al alza, peso mexicano pierde terreno\",\"datePublished\":\"2024-10-26T14:00:54+00:00\",\"dateModified\":\"2024-10-26T15:04:21+00:00\",\"mainEntityOfPage\":{\"@id\":\"https:\/\/www.nexoinformativo.mx\/index.php\/2024\/10\/26\/dolar-cierra-la-semana-al-alza-peso-mexicano-pierde-terreno\/\"},\"wordCount\":315,\"commentCount\":0,\"publisher\":{\"@id\":\"https:\/\/www.nexoinformativo.mx\/#organization\"},\"image\":{\"@id\":\"https:\/\/www.nexoinformativo.mx\/index.php\/2024\/10\/26\/dolar-cierra-la-semana-al-alza-peso-mexicano-pierde-terreno\/#primaryimage\"},\"thumbnailUrl\":\"https:\/\/www.nexoinformativo.mx\/wp-content\/uploads\/2024\/10\/pexels-karolina-grabowska-4386397-scaled-e1729953955663.jpeg\",\"keywords\":[\"D\u00f3lar\",\"Economia\",\"PesoMexicano\",\"TipoDeCambio\"],\"articleSection\":[\"Econom\u00eda\",\"Nacional\"],\"inLanguage\":\"es\",\"potentialAction\":[{\"@type\":\"CommentAction\",\"name\":\"Comment\",\"target\":[\"https:\/\/www.nexoinformativo.mx\/index.php\/2024\/10\/26\/dolar-cierra-la-semana-al-alza-peso-mexicano-pierde-terreno\/#respond\"]}]},{\"@type\":\"WebPage\",\"@id\":\"https:\/\/www.nexoinformativo.mx\/index.php\/2024\/10\/26\/dolar-cierra-la-semana-al-alza-peso-mexicano-pierde-terreno\/\",\"url\":\"https:\/\/www.nexoinformativo.mx\/index.php\/2024\/10\/26\/dolar-cierra-la-semana-al-alza-peso-mexicano-pierde-terreno\/\",\"name\":\"D\u00f3lar cierra la semana al alza, peso mexicano pierde terreno | Nexo Informativo Santiago de Quer\u00e9taro\",\"isPartOf\":{\"@id\":\"https:\/\/www.nexoinformativo.mx\/#website\"},\"primaryImageOfPage\":{\"@id\":\"https:\/\/www.nexoinformativo.mx\/index.php\/2024\/10\/26\/dolar-cierra-la-semana-al-alza-peso-mexicano-pierde-terreno\/#primaryimage\"},\"image\":{\"@id\":\"https:\/\/www.nexoinformativo.mx\/index.php\/2024\/10\/26\/dolar-cierra-la-semana-al-alza-peso-mexicano-pierde-terreno\/#primaryimage\"},\"thumbnailUrl\":\"https:\/\/www.nexoinformativo.mx\/wp-content\/uploads\/2024\/10\/pexels-karolina-grabowska-4386397-scaled-e1729953955663.jpeg\",\"datePublished\":\"2024-10-26T14:00:54+00:00\",\"dateModified\":\"2024-10-26T15:04:21+00:00\",\"description\":\"D\u00f3lar cierra la semana al alza, peso mexicano pierde terreno\",\"breadcrumb\":{\"@id\":\"https:\/\/www.nexoinformativo.mx\/index.php\/2024\/10\/26\/dolar-cierra-la-semana-al-alza-peso-mexicano-pierde-terreno\/#breadcrumb\"},\"inLanguage\":\"es\",\"potentialAction\":[{\"@type\":\"ReadAction\",\"target\":[\"https:\/\/www.nexoinformativo.mx\/index.php\/2024\/10\/26\/dolar-cierra-la-semana-al-alza-peso-mexicano-pierde-terreno\/\"]}]},{\"@type\":\"ImageObject\",\"inLanguage\":\"es\",\"@id\":\"https:\/\/www.nexoinformativo.mx\/index.php\/2024\/10\/26\/dolar-cierra-la-semana-al-alza-peso-mexicano-pierde-terreno\/#primaryimage\",\"url\":\"https:\/\/www.nexoinformativo.mx\/wp-content\/uploads\/2024\/10\/pexels-karolina-grabowska-4386397-scaled-e1729953955663.jpeg\",\"contentUrl\":\"https:\/\/www.nexoinformativo.mx\/wp-content\/uploads\/2024\/10\/pexels-karolina-grabowska-4386397-scaled-e1729953955663.jpeg\",\"width\":800,\"height\":1200},{\"@type\":\"BreadcrumbList\",\"@id\":\"https:\/\/www.nexoinformativo.mx\/index.php\/2024\/10\/26\/dolar-cierra-la-semana-al-alza-peso-mexicano-pierde-terreno\/#breadcrumb\",\"itemListElement\":[{\"@type\":\"ListItem\",\"position\":1,\"name\":\"Inicio\",\"item\":\"https:\/\/www.nexoinformativo.mx\/\"},{\"@type\":\"ListItem\",\"position\":2,\"name\":\"D\u00f3lar cierra la semana al alza, peso mexicano pierde terreno\"}]},{\"@type\":\"WebSite\",\"@id\":\"https:\/\/www.nexoinformativo.mx\/#website\",\"url\":\"https:\/\/www.nexoinformativo.mx\/\",\"name\":\"Nexo Informativo Santiago de Quer\u00e9taro\",\"description\":\"Explora NexoInformativo y convi\u00e9rtete en parte de una comunidad que valora el conocimiento y la verdad. Tu nexoinformativo es tu puente hacia una comprensi\u00f3n m\u00e1s profunda del mundo que te rodea.\",\"publisher\":{\"@id\":\"https:\/\/www.nexoinformativo.mx\/#organization\"},\"potentialAction\":[{\"@type\":\"SearchAction\",\"target\":{\"@type\":\"EntryPoint\",\"urlTemplate\":\"https:\/\/www.nexoinformativo.mx\/?s={search_term_string}\"},\"query-input\":{\"@type\":\"PropertyValueSpecification\",\"valueRequired\":true,\"valueName\":\"search_term_string\"}}],\"inLanguage\":\"es\"},{\"@type\":\"Organization\",\"@id\":\"https:\/\/www.nexoinformativo.mx\/#organization\",\"name\":\"Nexo Informativo Santiago de Quer\u00e9taro\",\"url\":\"https:\/\/www.nexoinformativo.mx\/\",\"logo\":{\"@type\":\"ImageObject\",\"inLanguage\":\"es\",\"@id\":\"https:\/\/www.nexoinformativo.mx\/#\/schema\/logo\/image\/\",\"url\":\"https:\/\/www.nexoinformativo.mx\/wp-content\/uploads\/2024\/07\/nexoi-trasparente-2.png\",\"contentUrl\":\"https:\/\/www.nexoinformativo.mx\/wp-content\/uploads\/2024\/07\/nexoi-trasparente-2.png\",\"width\":816,\"height\":339,\"caption\":\"Nexo Informativo Santiago de Quer\u00e9taro\"},\"image\":{\"@id\":\"https:\/\/www.nexoinformativo.mx\/#\/schema\/logo\/image\/\"},\"sameAs\":[\"https:\/\/www.facebook.com\/people\/Nexo-Informativo\/61564066885511\/\"]},{\"@type\":\"Person\",\"@id\":\"https:\/\/www.nexoinformativo.mx\/#\/schema\/person\/7749d380ba08c8ca00d7bc76fd907b7d\",\"name\":\"Nexo Informativo\",\"image\":{\"@type\":\"ImageObject\",\"inLanguage\":\"es\",\"@id\":\"https:\/\/www.nexoinformativo.mx\/#\/schema\/person\/image\/\",\"url\":\"https:\/\/secure.gravatar.com\/avatar\/dde2928154642a13d95f87ddf1ea9718fe2b46760a005c53e41ff5ad610704e6?s=96&d=mm&r=g\",\"contentUrl\":\"https:\/\/secure.gravatar.com\/avatar\/dde2928154642a13d95f87ddf1ea9718fe2b46760a005c53e41ff5ad610704e6?s=96&d=mm&r=g\",\"caption\":\"Nexo Informativo\"},\"url\":\"https:\/\/www.nexoinformativo.mx\/index.php\/author\/edicion\/\"}]}<\/script>\n<!-- \/ Yoast SEO plugin. -->","yoast_head_json":{"title":"D\u00f3lar cierra la semana al alza, peso mexicano pierde terreno | Nexo Informativo Santiago de Quer\u00e9taro","description":"D\u00f3lar cierra la semana al alza, peso mexicano pierde terreno","robots":{"index":"index","follow":"follow","max-snippet":"max-snippet:-1","max-image-preview":"max-image-preview:large","max-video-preview":"max-video-preview:-1"},"canonical":"https:\/\/www.nexoinformativo.mx\/index.php\/2024\/10\/26\/dolar-cierra-la-semana-al-alza-peso-mexicano-pierde-terreno\/","og_locale":"es_MX","og_type":"article","og_title":"D\u00f3lar cierra la semana al alza, peso mexicano pierde terreno | Nexo Informativo Santiago de Quer\u00e9taro","og_description":"D\u00f3lar cierra la semana al alza, peso mexicano pierde terreno","og_url":"https:\/\/www.nexoinformativo.mx\/index.php\/2024\/10\/26\/dolar-cierra-la-semana-al-alza-peso-mexicano-pierde-terreno\/","og_site_name":"Nexo Informativo Santiago de Quer\u00e9taro","article_publisher":"https:\/\/www.facebook.com\/people\/Nexo-Informativo\/61564066885511\/","article_published_time":"2024-10-26T14:00:54+00:00","article_modified_time":"2024-10-26T15:04:21+00:00","og_image":[{"width":800,"height":1200,"url":"https:\/\/www.nexoinformativo.mx\/wp-content\/uploads\/2024\/10\/pexels-karolina-grabowska-4386397-scaled-e1729953955663.jpeg","type":"image\/jpeg"}],"author":"Nexo Informativo","twitter_card":"summary_large_image","twitter_misc":{"Escrito por":"Nexo Informativo","Tiempo de lectura":"2 minutos"},"schema":{"@context":"https:\/\/schema.org","@graph":[{"@type":"Article","@id":"https:\/\/www.nexoinformativo.mx\/index.php\/2024\/10\/26\/dolar-cierra-la-semana-al-alza-peso-mexicano-pierde-terreno\/#article","isPartOf":{"@id":"https:\/\/www.nexoinformativo.mx\/index.php\/2024\/10\/26\/dolar-cierra-la-semana-al-alza-peso-mexicano-pierde-terreno\/"},"author":{"name":"Nexo Informativo","@id":"https:\/\/www.nexoinformativo.mx\/#\/schema\/person\/7749d380ba08c8ca00d7bc76fd907b7d"},"headline":"D\u00f3lar cierra la semana al alza, peso mexicano pierde terreno","datePublished":"2024-10-26T14:00:54+00:00","dateModified":"2024-10-26T15:04:21+00:00","mainEntityOfPage":{"@id":"https:\/\/www.nexoinformativo.mx\/index.php\/2024\/10\/26\/dolar-cierra-la-semana-al-alza-peso-mexicano-pierde-terreno\/"},"wordCount":315,"commentCount":0,"publisher":{"@id":"https:\/\/www.nexoinformativo.mx\/#organization"},"image":{"@id":"https:\/\/www.nexoinformativo.mx\/index.php\/2024\/10\/26\/dolar-cierra-la-semana-al-alza-peso-mexicano-pierde-terreno\/#primaryimage"},"thumbnailUrl":"https:\/\/www.nexoinformativo.mx\/wp-content\/uploads\/2024\/10\/pexels-karolina-grabowska-4386397-scaled-e1729953955663.jpeg","keywords":["D\u00f3lar","Economia","PesoMexicano","TipoDeCambio"],"articleSection":["Econom\u00eda","Nacional"],"inLanguage":"es","potentialAction":[{"@type":"CommentAction","name":"Comment","target":["https:\/\/www.nexoinformativo.mx\/index.php\/2024\/10\/26\/dolar-cierra-la-semana-al-alza-peso-mexicano-pierde-terreno\/#respond"]}]},{"@type":"WebPage","@id":"https:\/\/www.nexoinformativo.mx\/index.php\/2024\/10\/26\/dolar-cierra-la-semana-al-alza-peso-mexicano-pierde-terreno\/","url":"https:\/\/www.nexoinformativo.mx\/index.php\/2024\/10\/26\/dolar-cierra-la-semana-al-alza-peso-mexicano-pierde-terreno\/","name":"D\u00f3lar cierra la semana al alza, peso mexicano pierde terreno | Nexo Informativo Santiago de Quer\u00e9taro","isPartOf":{"@id":"https:\/\/www.nexoinformativo.mx\/#website"},"primaryImageOfPage":{"@id":"https:\/\/www.nexoinformativo.mx\/index.php\/2024\/10\/26\/dolar-cierra-la-semana-al-alza-peso-mexicano-pierde-terreno\/#primaryimage"},"image":{"@id":"https:\/\/www.nexoinformativo.mx\/index.php\/2024\/10\/26\/dolar-cierra-la-semana-al-alza-peso-mexicano-pierde-terreno\/#primaryimage"},"thumbnailUrl":"https:\/\/www.nexoinformativo.mx\/wp-content\/uploads\/2024\/10\/pexels-karolina-grabowska-4386397-scaled-e1729953955663.jpeg","datePublished":"2024-10-26T14:00:54+00:00","dateModified":"2024-10-26T15:04:21+00:00","description":"D\u00f3lar cierra la semana al alza, peso mexicano pierde terreno","breadcrumb":{"@id":"https:\/\/www.nexoinformativo.mx\/index.php\/2024\/10\/26\/dolar-cierra-la-semana-al-alza-peso-mexicano-pierde-terreno\/#breadcrumb"},"inLanguage":"es","potentialAction":[{"@type":"ReadAction","target":["https:\/\/www.nexoinformativo.mx\/index.php\/2024\/10\/26\/dolar-cierra-la-semana-al-alza-peso-mexicano-pierde-terreno\/"]}]},{"@type":"ImageObject","inLanguage":"es","@id":"https:\/\/www.nexoinformativo.mx\/index.php\/2024\/10\/26\/dolar-cierra-la-semana-al-alza-peso-mexicano-pierde-terreno\/#primaryimage","url":"https:\/\/www.nexoinformativo.mx\/wp-content\/uploads\/2024\/10\/pexels-karolina-grabowska-4386397-scaled-e1729953955663.jpeg","contentUrl":"https:\/\/www.nexoinformativo.mx\/wp-content\/uploads\/2024\/10\/pexels-karolina-grabowska-4386397-scaled-e1729953955663.jpeg","width":800,"height":1200},{"@type":"BreadcrumbList","@id":"https:\/\/www.nexoinformativo.mx\/index.php\/2024\/10\/26\/dolar-cierra-la-semana-al-alza-peso-mexicano-pierde-terreno\/#breadcrumb","itemListElement":[{"@type":"ListItem","position":1,"name":"Inicio","item":"https:\/\/www.nexoinformativo.mx\/"},{"@type":"ListItem","position":2,"name":"D\u00f3lar cierra la semana al alza, peso mexicano pierde terreno"}]},{"@type":"WebSite","@id":"https:\/\/www.nexoinformativo.mx\/#website","url":"https:\/\/www.nexoinformativo.mx\/","name":"Nexo Informativo Santiago de Quer\u00e9taro","description":"Explora NexoInformativo y convi\u00e9rtete en parte de una comunidad que valora el conocimiento y la verdad. Tu nexoinformativo es tu puente hacia una comprensi\u00f3n m\u00e1s profunda del mundo que te rodea.","publisher":{"@id":"https:\/\/www.nexoinformativo.mx\/#organization"},"potentialAction":[{"@type":"SearchAction","target":{"@type":"EntryPoint","urlTemplate":"https:\/\/www.nexoinformativo.mx\/?s={search_term_string}"},"query-input":{"@type":"PropertyValueSpecification","valueRequired":true,"valueName":"search_term_string"}}],"inLanguage":"es"},{"@type":"Organization","@id":"https:\/\/www.nexoinformativo.mx\/#organization","name":"Nexo Informativo Santiago de Quer\u00e9taro","url":"https:\/\/www.nexoinformativo.mx\/","logo":{"@type":"ImageObject","inLanguage":"es","@id":"https:\/\/www.nexoinformativo.mx\/#\/schema\/logo\/image\/","url":"https:\/\/www.nexoinformativo.mx\/wp-content\/uploads\/2024\/07\/nexoi-trasparente-2.png","contentUrl":"https:\/\/www.nexoinformativo.mx\/wp-content\/uploads\/2024\/07\/nexoi-trasparente-2.png","width":816,"height":339,"caption":"Nexo Informativo Santiago de Quer\u00e9taro"},"image":{"@id":"https:\/\/www.nexoinformativo.mx\/#\/schema\/logo\/image\/"},"sameAs":["https:\/\/www.facebook.com\/people\/Nexo-Informativo\/61564066885511\/"]},{"@type":"Person","@id":"https:\/\/www.nexoinformativo.mx\/#\/schema\/person\/7749d380ba08c8ca00d7bc76fd907b7d","name":"Nexo Informativo","image":{"@type":"ImageObject","inLanguage":"es","@id":"https:\/\/www.nexoinformativo.mx\/#\/schema\/person\/image\/","url":"https:\/\/secure.gravatar.com\/avatar\/dde2928154642a13d95f87ddf1ea9718fe2b46760a005c53e41ff5ad610704e6?s=96&d=mm&r=g","contentUrl":"https:\/\/secure.gravatar.com\/avatar\/dde2928154642a13d95f87ddf1ea9718fe2b46760a005c53e41ff5ad610704e6?s=96&d=mm&r=g","caption":"Nexo Informativo"},"url":"https:\/\/www.nexoinformativo.mx\/index.php\/author\/edicion\/"}]}},"_links":{"self":[{"href":"https:\/\/www.nexoinformativo.mx\/index.php\/wp-json\/wp\/v2\/posts\/4596","targetHints":{"allow":["GET"]}}],"collection":[{"href":"https:\/\/www.nexoinformativo.mx\/index.php\/wp-json\/wp\/v2\/posts"}],"about":[{"href":"https:\/\/www.nexoinformativo.mx\/index.php\/wp-json\/wp\/v2\/types\/post"}],"author":[{"embeddable":true,"href":"https:\/\/www.nexoinformativo.mx\/index.php\/wp-json\/wp\/v2\/users\/3"}],"replies":[{"embeddable":true,"href":"https:\/\/www.nexoinformativo.mx\/index.php\/wp-json\/wp\/v2\/comments?post=4596"}],"version-history":[{"count":2,"href":"https:\/\/www.nexoinformativo.mx\/index.php\/wp-json\/wp\/v2\/posts\/4596\/revisions"}],"predecessor-version":[{"id":4599,"href":"https:\/\/www.nexoinformativo.mx\/index.php\/wp-json\/wp\/v2\/posts\/4596\/revisions\/4599"}],"wp:featuredmedia":[{"embeddable":true,"href":"https:\/\/www.nexoinformativo.mx\/index.php\/wp-json\/wp\/v2\/media\/4597"}],"wp:attachment":[{"href":"https:\/\/www.nexoinformativo.mx\/index.php\/wp-json\/wp\/v2\/media?parent=4596"}],"wp:term":[{"taxonomy":"category","embeddable":true,"href":"https:\/\/www.nexoinformativo.mx\/index.php\/wp-json\/wp\/v2\/categories?post=4596"},{"taxonomy":"post_tag","embeddable":true,"href":"https:\/\/www.nexoinformativo.mx\/index.php\/wp-json\/wp\/v2\/tags?post=4596"}],"curies":[{"name":"wp","href":"https:\/\/api.w.org\/{rel}","templated":true}]}}