{"id":4601,"date":"2024-10-26T08:00:28","date_gmt":"2024-10-26T14:00:28","guid":{"rendered":"https:\/\/www.nexoinformativo.mx\/?p=4601"},"modified":"2024-10-26T09:03:08","modified_gmt":"2024-10-26T15:03:08","slug":"la-inflacion-en-mexico-vuelve-a-encender-las-alertas-aumenta-a-4-69","status":"publish","type":"post","link":"https:\/\/www.nexoinformativo.mx\/index.php\/2024\/10\/26\/la-inflacion-en-mexico-vuelve-a-encender-las-alertas-aumenta-a-4-69\/","title":{"rendered":"La inflaci\u00f3n en M\u00e9xico vuelve a encender las alertas: aumenta a 4.69%"},"content":{"rendered":"<p style=\"text-align: justify;\" data-sourcepos=\"5:1-5:359\">Tras un breve respiro, la inflaci\u00f3n en M\u00e9xico volvi\u00f3 a acelerarse, alcanzando una tasa anual de 4.69% en la primera quincena de octubre, seg\u00fan datos del Instituto Nacional de Estad\u00edstica y Geograf\u00eda <strong>(INEGI)<\/strong>. Este incremento se debe principalmente al alza en los precios de la energ\u00eda, los alimentos y algunos productos b\u00e1sicos.<\/p>\n<p>&nbsp;<\/p>\n<p style=\"text-align: justify;\" data-sourcepos=\"7:1-7:287\">Aunque se esperaba un ligero aumento, este dato supera las expectativas de los analistas y enciende las alertas sobre la persistencia de la inflaci\u00f3n en el pa\u00eds. Los productos que m\u00e1s contribuyeron al aumento de los precios fueron la electricidad, la calabacita, los nopales y la papaya.<\/p>\n<p>&nbsp;<\/p>\n<p style=\"text-align: justify;\" data-sourcepos=\"9:1-9:48\">\u00bfQu\u00e9 factores est\u00e1n impulsando la inflaci\u00f3n?\u00a0La eliminaci\u00f3n del subsidio a la electricidad en algunos estados ha impactado directamente en el costo de vida de los mexicanos.\u00a0La escasez de algunos productos agr\u00edcolas y los costos de producci\u00f3n han provocado un incremento en los precios de los alimentos b\u00e1sicos.<\/p>\n<p>&nbsp;<\/p>\n<p style=\"text-align: justify;\" data-sourcepos=\"17:1-17:292\">El Banco de M\u00e9xico ha implementado una pol\u00edtica monetaria restrictiva, aumentando la tasa de inter\u00e9s para contener la inflaci\u00f3n. Sin embargo, analistas consideran que el banco central podr\u00eda continuar reduciendo la tasa en los pr\u00f3ximos meses, ante un escenario de menor crecimiento econ\u00f3mico.<\/p>\n<p>&nbsp;<\/p>\n<p style=\"text-align: center;\" data-sourcepos=\"17:1-17:292\"><em><strong>\u00a1Informacion que transforma!<\/strong><\/em><\/p>\n","protected":false},"excerpt":{"rendered":"<p>Tras un breve respiro, la inflaci\u00f3n en M\u00e9xico volvi\u00f3 a acelerarse, alcanzando una tasa anual de 4.69% en la primera quincena de octubre, seg\u00fan datos del Instituto Nacional de Estad\u00edstica y Geograf\u00eda (INEGI).<\/p>\n","protected":false},"author":3,"featured_media":4602,"comment_status":"open","ping_status":"open","sticky":false,"template":"","format":"standard","meta":{"footnotes":""},"categories":[5,88,58],"tags":[141,1661,1610,1662],"class_list":["post-4601","post","type-post","status-publish","format-standard","has-post-thumbnail","hentry","category-economia","category-nacional","category-ultima-hora","tag-economia","tag-inflacion","tag-mexico","tag-precios"],"yoast_head":"<!-- This site is optimized with the Yoast SEO plugin v25.0 - https:\/\/yoast.com\/wordpress\/plugins\/seo\/ -->\n<title>La inflaci\u00f3n en M\u00e9xico vuelve a encender las alertas: aumenta a 4.69% | Nexo Informativo Santiago de Quer\u00e9taro<\/title>\n<meta name=\"description\" content=\"La inflaci\u00f3n en M\u00e9xico vuelve a encender las alertas: aumenta a 4.69%\" \/>\n<meta name=\"robots\" content=\"index, follow, max-snippet:-1, max-image-preview:large, max-video-preview:-1\" \/>\n<link rel=\"canonical\" href=\"https:\/\/www.nexoinformativo.mx\/index.php\/2024\/10\/26\/la-inflacion-en-mexico-vuelve-a-encender-las-alertas-aumenta-a-4-69\/\" \/>\n<meta property=\"og:locale\" content=\"es_MX\" \/>\n<meta property=\"og:type\" content=\"article\" \/>\n<meta property=\"og:title\" content=\"La inflaci\u00f3n en M\u00e9xico vuelve a encender las alertas: aumenta a 4.69% | Nexo Informativo Santiago de Quer\u00e9taro\" \/>\n<meta property=\"og:description\" content=\"La inflaci\u00f3n en M\u00e9xico vuelve a encender las alertas: aumenta a 4.69%\" \/>\n<meta property=\"og:url\" content=\"https:\/\/www.nexoinformativo.mx\/index.php\/2024\/10\/26\/la-inflacion-en-mexico-vuelve-a-encender-las-alertas-aumenta-a-4-69\/\" \/>\n<meta property=\"og:site_name\" content=\"Nexo Informativo Santiago de Quer\u00e9taro\" \/>\n<meta property=\"article:publisher\" content=\"https:\/\/www.facebook.com\/people\/Nexo-Informativo\/61564066885511\/\" \/>\n<meta property=\"article:published_time\" content=\"2024-10-26T14:00:28+00:00\" \/>\n<meta property=\"article:modified_time\" content=\"2024-10-26T15:03:08+00:00\" \/>\n<meta property=\"og:image\" content=\"https:\/\/www.nexoinformativo.mx\/wp-content\/uploads\/2024\/10\/pexels-erikscheel-95425-e1729954798251.jpeg\" \/>\n\t<meta property=\"og:image:width\" content=\"800\" \/>\n\t<meta property=\"og:image:height\" content=\"533\" \/>\n\t<meta property=\"og:image:type\" content=\"image\/jpeg\" \/>\n<meta name=\"author\" content=\"Nexo Informativo\" \/>\n<meta name=\"twitter:card\" content=\"summary_large_image\" \/>\n<meta name=\"twitter:label1\" content=\"Escrito por\" \/>\n\t<meta name=\"twitter:data1\" content=\"Nexo Informativo\" \/>\n\t<meta name=\"twitter:label2\" content=\"Tiempo de lectura\" \/>\n\t<meta name=\"twitter:data2\" content=\"2 minutos\" \/>\n<script type=\"application\/ld+json\" class=\"yoast-schema-graph\">{\"@context\":\"https:\/\/schema.org\",\"@graph\":[{\"@type\":\"Article\",\"@id\":\"https:\/\/www.nexoinformativo.mx\/index.php\/2024\/10\/26\/la-inflacion-en-mexico-vuelve-a-encender-las-alertas-aumenta-a-4-69\/#article\",\"isPartOf\":{\"@id\":\"https:\/\/www.nexoinformativo.mx\/index.php\/2024\/10\/26\/la-inflacion-en-mexico-vuelve-a-encender-las-alertas-aumenta-a-4-69\/\"},\"author\":{\"name\":\"Nexo Informativo\",\"@id\":\"https:\/\/www.nexoinformativo.mx\/#\/schema\/person\/7749d380ba08c8ca00d7bc76fd907b7d\"},\"headline\":\"La inflaci\u00f3n en M\u00e9xico vuelve a encender las alertas: aumenta a 4.69%\",\"datePublished\":\"2024-10-26T14:00:28+00:00\",\"dateModified\":\"2024-10-26T15:03:08+00:00\",\"mainEntityOfPage\":{\"@id\":\"https:\/\/www.nexoinformativo.mx\/index.php\/2024\/10\/26\/la-inflacion-en-mexico-vuelve-a-encender-las-alertas-aumenta-a-4-69\/\"},\"wordCount\":233,\"commentCount\":0,\"publisher\":{\"@id\":\"https:\/\/www.nexoinformativo.mx\/#organization\"},\"image\":{\"@id\":\"https:\/\/www.nexoinformativo.mx\/index.php\/2024\/10\/26\/la-inflacion-en-mexico-vuelve-a-encender-las-alertas-aumenta-a-4-69\/#primaryimage\"},\"thumbnailUrl\":\"https:\/\/www.nexoinformativo.mx\/wp-content\/uploads\/2024\/10\/pexels-erikscheel-95425-e1729954798251.jpeg\",\"keywords\":[\"Economia\",\"Inflaci\u00f3n\",\"M\u00e9xico\",\"Precios\"],\"articleSection\":[\"Econom\u00eda\",\"Nacional\",\"\u00daltima Hora\"],\"inLanguage\":\"es\",\"potentialAction\":[{\"@type\":\"CommentAction\",\"name\":\"Comment\",\"target\":[\"https:\/\/www.nexoinformativo.mx\/index.php\/2024\/10\/26\/la-inflacion-en-mexico-vuelve-a-encender-las-alertas-aumenta-a-4-69\/#respond\"]}]},{\"@type\":\"WebPage\",\"@id\":\"https:\/\/www.nexoinformativo.mx\/index.php\/2024\/10\/26\/la-inflacion-en-mexico-vuelve-a-encender-las-alertas-aumenta-a-4-69\/\",\"url\":\"https:\/\/www.nexoinformativo.mx\/index.php\/2024\/10\/26\/la-inflacion-en-mexico-vuelve-a-encender-las-alertas-aumenta-a-4-69\/\",\"name\":\"La inflaci\u00f3n en M\u00e9xico vuelve a encender las alertas: aumenta a 4.69% | Nexo Informativo Santiago de Quer\u00e9taro\",\"isPartOf\":{\"@id\":\"https:\/\/www.nexoinformativo.mx\/#website\"},\"primaryImageOfPage\":{\"@id\":\"https:\/\/www.nexoinformativo.mx\/index.php\/2024\/10\/26\/la-inflacion-en-mexico-vuelve-a-encender-las-alertas-aumenta-a-4-69\/#primaryimage\"},\"image\":{\"@id\":\"https:\/\/www.nexoinformativo.mx\/index.php\/2024\/10\/26\/la-inflacion-en-mexico-vuelve-a-encender-las-alertas-aumenta-a-4-69\/#primaryimage\"},\"thumbnailUrl\":\"https:\/\/www.nexoinformativo.mx\/wp-content\/uploads\/2024\/10\/pexels-erikscheel-95425-e1729954798251.jpeg\",\"datePublished\":\"2024-10-26T14:00:28+00:00\",\"dateModified\":\"2024-10-26T15:03:08+00:00\",\"description\":\"La inflaci\u00f3n en M\u00e9xico vuelve a encender las alertas: aumenta a 4.69%\",\"breadcrumb\":{\"@id\":\"https:\/\/www.nexoinformativo.mx\/index.php\/2024\/10\/26\/la-inflacion-en-mexico-vuelve-a-encender-las-alertas-aumenta-a-4-69\/#breadcrumb\"},\"inLanguage\":\"es\",\"potentialAction\":[{\"@type\":\"ReadAction\",\"target\":[\"https:\/\/www.nexoinformativo.mx\/index.php\/2024\/10\/26\/la-inflacion-en-mexico-vuelve-a-encender-las-alertas-aumenta-a-4-69\/\"]}]},{\"@type\":\"ImageObject\",\"inLanguage\":\"es\",\"@id\":\"https:\/\/www.nexoinformativo.mx\/index.php\/2024\/10\/26\/la-inflacion-en-mexico-vuelve-a-encender-las-alertas-aumenta-a-4-69\/#primaryimage\",\"url\":\"https:\/\/www.nexoinformativo.mx\/wp-content\/uploads\/2024\/10\/pexels-erikscheel-95425-e1729954798251.jpeg\",\"contentUrl\":\"https:\/\/www.nexoinformativo.mx\/wp-content\/uploads\/2024\/10\/pexels-erikscheel-95425-e1729954798251.jpeg\",\"width\":800,\"height\":533},{\"@type\":\"BreadcrumbList\",\"@id\":\"https:\/\/www.nexoinformativo.mx\/index.php\/2024\/10\/26\/la-inflacion-en-mexico-vuelve-a-encender-las-alertas-aumenta-a-4-69\/#breadcrumb\",\"itemListElement\":[{\"@type\":\"ListItem\",\"position\":1,\"name\":\"Inicio\",\"item\":\"https:\/\/www.nexoinformativo.mx\/\"},{\"@type\":\"ListItem\",\"position\":2,\"name\":\"La inflaci\u00f3n en M\u00e9xico vuelve a encender las alertas: aumenta a 4.69%\"}]},{\"@type\":\"WebSite\",\"@id\":\"https:\/\/www.nexoinformativo.mx\/#website\",\"url\":\"https:\/\/www.nexoinformativo.mx\/\",\"name\":\"Nexo Informativo Santiago de Quer\u00e9taro\",\"description\":\"Explora NexoInformativo y convi\u00e9rtete en parte de una comunidad que valora el conocimiento y la verdad. Tu nexoinformativo es tu puente hacia una comprensi\u00f3n m\u00e1s profunda del mundo que te rodea.\",\"publisher\":{\"@id\":\"https:\/\/www.nexoinformativo.mx\/#organization\"},\"potentialAction\":[{\"@type\":\"SearchAction\",\"target\":{\"@type\":\"EntryPoint\",\"urlTemplate\":\"https:\/\/www.nexoinformativo.mx\/?s={search_term_string}\"},\"query-input\":{\"@type\":\"PropertyValueSpecification\",\"valueRequired\":true,\"valueName\":\"search_term_string\"}}],\"inLanguage\":\"es\"},{\"@type\":\"Organization\",\"@id\":\"https:\/\/www.nexoinformativo.mx\/#organization\",\"name\":\"Nexo Informativo Santiago de Quer\u00e9taro\",\"url\":\"https:\/\/www.nexoinformativo.mx\/\",\"logo\":{\"@type\":\"ImageObject\",\"inLanguage\":\"es\",\"@id\":\"https:\/\/www.nexoinformativo.mx\/#\/schema\/logo\/image\/\",\"url\":\"https:\/\/www.nexoinformativo.mx\/wp-content\/uploads\/2024\/07\/nexoi-trasparente-2.png\",\"contentUrl\":\"https:\/\/www.nexoinformativo.mx\/wp-content\/uploads\/2024\/07\/nexoi-trasparente-2.png\",\"width\":816,\"height\":339,\"caption\":\"Nexo Informativo Santiago de Quer\u00e9taro\"},\"image\":{\"@id\":\"https:\/\/www.nexoinformativo.mx\/#\/schema\/logo\/image\/\"},\"sameAs\":[\"https:\/\/www.facebook.com\/people\/Nexo-Informativo\/61564066885511\/\"]},{\"@type\":\"Person\",\"@id\":\"https:\/\/www.nexoinformativo.mx\/#\/schema\/person\/7749d380ba08c8ca00d7bc76fd907b7d\",\"name\":\"Nexo Informativo\",\"image\":{\"@type\":\"ImageObject\",\"inLanguage\":\"es\",\"@id\":\"https:\/\/www.nexoinformativo.mx\/#\/schema\/person\/image\/\",\"url\":\"https:\/\/secure.gravatar.com\/avatar\/dde2928154642a13d95f87ddf1ea9718fe2b46760a005c53e41ff5ad610704e6?s=96&d=mm&r=g\",\"contentUrl\":\"https:\/\/secure.gravatar.com\/avatar\/dde2928154642a13d95f87ddf1ea9718fe2b46760a005c53e41ff5ad610704e6?s=96&d=mm&r=g\",\"caption\":\"Nexo Informativo\"},\"url\":\"https:\/\/www.nexoinformativo.mx\/index.php\/author\/edicion\/\"}]}<\/script>\n<!-- \/ Yoast SEO plugin. -->","yoast_head_json":{"title":"La inflaci\u00f3n en M\u00e9xico vuelve a encender las alertas: aumenta a 4.69% | Nexo Informativo Santiago de Quer\u00e9taro","description":"La inflaci\u00f3n en M\u00e9xico vuelve a encender las alertas: aumenta a 4.69%","robots":{"index":"index","follow":"follow","max-snippet":"max-snippet:-1","max-image-preview":"max-image-preview:large","max-video-preview":"max-video-preview:-1"},"canonical":"https:\/\/www.nexoinformativo.mx\/index.php\/2024\/10\/26\/la-inflacion-en-mexico-vuelve-a-encender-las-alertas-aumenta-a-4-69\/","og_locale":"es_MX","og_type":"article","og_title":"La inflaci\u00f3n en M\u00e9xico vuelve a encender las alertas: aumenta a 4.69% | Nexo Informativo Santiago de Quer\u00e9taro","og_description":"La inflaci\u00f3n en M\u00e9xico vuelve a encender las alertas: aumenta a 4.69%","og_url":"https:\/\/www.nexoinformativo.mx\/index.php\/2024\/10\/26\/la-inflacion-en-mexico-vuelve-a-encender-las-alertas-aumenta-a-4-69\/","og_site_name":"Nexo Informativo Santiago de Quer\u00e9taro","article_publisher":"https:\/\/www.facebook.com\/people\/Nexo-Informativo\/61564066885511\/","article_published_time":"2024-10-26T14:00:28+00:00","article_modified_time":"2024-10-26T15:03:08+00:00","og_image":[{"width":800,"height":533,"url":"https:\/\/www.nexoinformativo.mx\/wp-content\/uploads\/2024\/10\/pexels-erikscheel-95425-e1729954798251.jpeg","type":"image\/jpeg"}],"author":"Nexo Informativo","twitter_card":"summary_large_image","twitter_misc":{"Escrito por":"Nexo Informativo","Tiempo de lectura":"2 minutos"},"schema":{"@context":"https:\/\/schema.org","@graph":[{"@type":"Article","@id":"https:\/\/www.nexoinformativo.mx\/index.php\/2024\/10\/26\/la-inflacion-en-mexico-vuelve-a-encender-las-alertas-aumenta-a-4-69\/#article","isPartOf":{"@id":"https:\/\/www.nexoinformativo.mx\/index.php\/2024\/10\/26\/la-inflacion-en-mexico-vuelve-a-encender-las-alertas-aumenta-a-4-69\/"},"author":{"name":"Nexo Informativo","@id":"https:\/\/www.nexoinformativo.mx\/#\/schema\/person\/7749d380ba08c8ca00d7bc76fd907b7d"},"headline":"La inflaci\u00f3n en M\u00e9xico vuelve a encender las alertas: aumenta a 4.69%","datePublished":"2024-10-26T14:00:28+00:00","dateModified":"2024-10-26T15:03:08+00:00","mainEntityOfPage":{"@id":"https:\/\/www.nexoinformativo.mx\/index.php\/2024\/10\/26\/la-inflacion-en-mexico-vuelve-a-encender-las-alertas-aumenta-a-4-69\/"},"wordCount":233,"commentCount":0,"publisher":{"@id":"https:\/\/www.nexoinformativo.mx\/#organization"},"image":{"@id":"https:\/\/www.nexoinformativo.mx\/index.php\/2024\/10\/26\/la-inflacion-en-mexico-vuelve-a-encender-las-alertas-aumenta-a-4-69\/#primaryimage"},"thumbnailUrl":"https:\/\/www.nexoinformativo.mx\/wp-content\/uploads\/2024\/10\/pexels-erikscheel-95425-e1729954798251.jpeg","keywords":["Economia","Inflaci\u00f3n","M\u00e9xico","Precios"],"articleSection":["Econom\u00eda","Nacional","\u00daltima Hora"],"inLanguage":"es","potentialAction":[{"@type":"CommentAction","name":"Comment","target":["https:\/\/www.nexoinformativo.mx\/index.php\/2024\/10\/26\/la-inflacion-en-mexico-vuelve-a-encender-las-alertas-aumenta-a-4-69\/#respond"]}]},{"@type":"WebPage","@id":"https:\/\/www.nexoinformativo.mx\/index.php\/2024\/10\/26\/la-inflacion-en-mexico-vuelve-a-encender-las-alertas-aumenta-a-4-69\/","url":"https:\/\/www.nexoinformativo.mx\/index.php\/2024\/10\/26\/la-inflacion-en-mexico-vuelve-a-encender-las-alertas-aumenta-a-4-69\/","name":"La inflaci\u00f3n en M\u00e9xico vuelve a encender las alertas: aumenta a 4.69% | Nexo Informativo Santiago de Quer\u00e9taro","isPartOf":{"@id":"https:\/\/www.nexoinformativo.mx\/#website"},"primaryImageOfPage":{"@id":"https:\/\/www.nexoinformativo.mx\/index.php\/2024\/10\/26\/la-inflacion-en-mexico-vuelve-a-encender-las-alertas-aumenta-a-4-69\/#primaryimage"},"image":{"@id":"https:\/\/www.nexoinformativo.mx\/index.php\/2024\/10\/26\/la-inflacion-en-mexico-vuelve-a-encender-las-alertas-aumenta-a-4-69\/#primaryimage"},"thumbnailUrl":"https:\/\/www.nexoinformativo.mx\/wp-content\/uploads\/2024\/10\/pexels-erikscheel-95425-e1729954798251.jpeg","datePublished":"2024-10-26T14:00:28+00:00","dateModified":"2024-10-26T15:03:08+00:00","description":"La inflaci\u00f3n en M\u00e9xico vuelve a encender las alertas: aumenta a 4.69%","breadcrumb":{"@id":"https:\/\/www.nexoinformativo.mx\/index.php\/2024\/10\/26\/la-inflacion-en-mexico-vuelve-a-encender-las-alertas-aumenta-a-4-69\/#breadcrumb"},"inLanguage":"es","potentialAction":[{"@type":"ReadAction","target":["https:\/\/www.nexoinformativo.mx\/index.php\/2024\/10\/26\/la-inflacion-en-mexico-vuelve-a-encender-las-alertas-aumenta-a-4-69\/"]}]},{"@type":"ImageObject","inLanguage":"es","@id":"https:\/\/www.nexoinformativo.mx\/index.php\/2024\/10\/26\/la-inflacion-en-mexico-vuelve-a-encender-las-alertas-aumenta-a-4-69\/#primaryimage","url":"https:\/\/www.nexoinformativo.mx\/wp-content\/uploads\/2024\/10\/pexels-erikscheel-95425-e1729954798251.jpeg","contentUrl":"https:\/\/www.nexoinformativo.mx\/wp-content\/uploads\/2024\/10\/pexels-erikscheel-95425-e1729954798251.jpeg","width":800,"height":533},{"@type":"BreadcrumbList","@id":"https:\/\/www.nexoinformativo.mx\/index.php\/2024\/10\/26\/la-inflacion-en-mexico-vuelve-a-encender-las-alertas-aumenta-a-4-69\/#breadcrumb","itemListElement":[{"@type":"ListItem","position":1,"name":"Inicio","item":"https:\/\/www.nexoinformativo.mx\/"},{"@type":"ListItem","position":2,"name":"La inflaci\u00f3n en M\u00e9xico vuelve a encender las alertas: aumenta a 4.69%"}]},{"@type":"WebSite","@id":"https:\/\/www.nexoinformativo.mx\/#website","url":"https:\/\/www.nexoinformativo.mx\/","name":"Nexo Informativo Santiago de Quer\u00e9taro","description":"Explora NexoInformativo y convi\u00e9rtete en parte de una comunidad que valora el conocimiento y la verdad. Tu nexoinformativo es tu puente hacia una comprensi\u00f3n m\u00e1s profunda del mundo que te rodea.","publisher":{"@id":"https:\/\/www.nexoinformativo.mx\/#organization"},"potentialAction":[{"@type":"SearchAction","target":{"@type":"EntryPoint","urlTemplate":"https:\/\/www.nexoinformativo.mx\/?s={search_term_string}"},"query-input":{"@type":"PropertyValueSpecification","valueRequired":true,"valueName":"search_term_string"}}],"inLanguage":"es"},{"@type":"Organization","@id":"https:\/\/www.nexoinformativo.mx\/#organization","name":"Nexo Informativo Santiago de Quer\u00e9taro","url":"https:\/\/www.nexoinformativo.mx\/","logo":{"@type":"ImageObject","inLanguage":"es","@id":"https:\/\/www.nexoinformativo.mx\/#\/schema\/logo\/image\/","url":"https:\/\/www.nexoinformativo.mx\/wp-content\/uploads\/2024\/07\/nexoi-trasparente-2.png","contentUrl":"https:\/\/www.nexoinformativo.mx\/wp-content\/uploads\/2024\/07\/nexoi-trasparente-2.png","width":816,"height":339,"caption":"Nexo Informativo Santiago de Quer\u00e9taro"},"image":{"@id":"https:\/\/www.nexoinformativo.mx\/#\/schema\/logo\/image\/"},"sameAs":["https:\/\/www.facebook.com\/people\/Nexo-Informativo\/61564066885511\/"]},{"@type":"Person","@id":"https:\/\/www.nexoinformativo.mx\/#\/schema\/person\/7749d380ba08c8ca00d7bc76fd907b7d","name":"Nexo Informativo","image":{"@type":"ImageObject","inLanguage":"es","@id":"https:\/\/www.nexoinformativo.mx\/#\/schema\/person\/image\/","url":"https:\/\/secure.gravatar.com\/avatar\/dde2928154642a13d95f87ddf1ea9718fe2b46760a005c53e41ff5ad610704e6?s=96&d=mm&r=g","contentUrl":"https:\/\/secure.gravatar.com\/avatar\/dde2928154642a13d95f87ddf1ea9718fe2b46760a005c53e41ff5ad610704e6?s=96&d=mm&r=g","caption":"Nexo Informativo"},"url":"https:\/\/www.nexoinformativo.mx\/index.php\/author\/edicion\/"}]}},"_links":{"self":[{"href":"https:\/\/www.nexoinformativo.mx\/index.php\/wp-json\/wp\/v2\/posts\/4601","targetHints":{"allow":["GET"]}}],"collection":[{"href":"https:\/\/www.nexoinformativo.mx\/index.php\/wp-json\/wp\/v2\/posts"}],"about":[{"href":"https:\/\/www.nexoinformativo.mx\/index.php\/wp-json\/wp\/v2\/types\/post"}],"author":[{"embeddable":true,"href":"https:\/\/www.nexoinformativo.mx\/index.php\/wp-json\/wp\/v2\/users\/3"}],"replies":[{"embeddable":true,"href":"https:\/\/www.nexoinformativo.mx\/index.php\/wp-json\/wp\/v2\/comments?post=4601"}],"version-history":[{"count":4,"href":"https:\/\/www.nexoinformativo.mx\/index.php\/wp-json\/wp\/v2\/posts\/4601\/revisions"}],"predecessor-version":[{"id":4605,"href":"https:\/\/www.nexoinformativo.mx\/index.php\/wp-json\/wp\/v2\/posts\/4601\/revisions\/4605"}],"wp:featuredmedia":[{"embeddable":true,"href":"https:\/\/www.nexoinformativo.mx\/index.php\/wp-json\/wp\/v2\/media\/4602"}],"wp:attachment":[{"href":"https:\/\/www.nexoinformativo.mx\/index.php\/wp-json\/wp\/v2\/media?parent=4601"}],"wp:term":[{"taxonomy":"category","embeddable":true,"href":"https:\/\/www.nexoinformativo.mx\/index.php\/wp-json\/wp\/v2\/categories?post=4601"},{"taxonomy":"post_tag","embeddable":true,"href":"https:\/\/www.nexoinformativo.mx\/index.php\/wp-json\/wp\/v2\/tags?post=4601"}],"curies":[{"name":"wp","href":"https:\/\/api.w.org\/{rel}","templated":true}]}}