{"id":4607,"date":"2024-10-26T08:30:09","date_gmt":"2024-10-26T14:30:09","guid":{"rendered":"https:\/\/www.nexoinformativo.mx\/?p=4607"},"modified":"2024-10-26T09:28:20","modified_gmt":"2024-10-26T15:28:20","slug":"obra-en-paseo-5-de-febrero-acumula-un-ano-de-retrasos","status":"publish","type":"post","link":"https:\/\/www.nexoinformativo.mx\/index.php\/2024\/10\/26\/obra-en-paseo-5-de-febrero-acumula-un-ano-de-retrasos\/","title":{"rendered":"Obra en Paseo 5 de Febrero acumula un a\u00f1o de retrasos"},"content":{"rendered":"<p style=\"text-align: justify;\" data-sourcepos=\"5:1-5:383\">A m\u00e1s de un a\u00f1o de su plazo de entrega, la obra de remodelaci\u00f3n de Paseo 5 de Febrero contin\u00faa presentando m\u00faltiples retrasos y deficiencias, seg\u00fan denunciaron autoridades estatales.<\/p>\n<p>&nbsp;<\/p>\n<p style=\"text-align: justify;\" data-sourcepos=\"5:1-5:383\">La empresa constructora ICA, encargada de los trabajos, a\u00fan tiene pendientes por resolver cerca de 80 observaciones t\u00e9cnicas, lo que ha generado molestia entre los ciudadanos.<\/p>\n<p>&nbsp;<\/p>\n<p style=\"text-align: justify;\" data-sourcepos=\"7:1-7:49\"><strong>Entre las principales deficiencias se encuentran:<\/strong><\/p>\n<ul style=\"text-align: justify;\" data-sourcepos=\"9:1-14:0\">\n<li data-sourcepos=\"9:1-9:163\">Ciclov\u00edas inconclusas: En diversos tramos de la avenida, las ciclov\u00edas no est\u00e1n terminadas o presentan interrupciones, lo que pone en riesgo a los ciclistas.<\/li>\n<li data-sourcepos=\"10:1-10:200\">Elevadores sin funcionar: A pesar de que las estructuras de los elevadores en las estaciones Universidad y 18 de Marzo est\u00e1n pr\u00e1cticamente completas, ninguno ha sido habilitado para uso p\u00fablico.<\/li>\n<li data-sourcepos=\"11:1-11:134\">Sem\u00e1foros sin funcionar: Varios sem\u00e1foros peatonales no funcionan correctamente, lo que representa un peligro para los peatones.<\/li>\n<li data-sourcepos=\"12:1-12:158\">Banquetas y rampas en mal estado: Las banquetas presentan deterioros y las rampas para personas con discapacidad no cumplen con las normas establecidas.<\/li>\n<li data-sourcepos=\"13:1-14:0\">Falta de se\u00f1alizaci\u00f3n: La se\u00f1alizaci\u00f3n vial es insuficiente en algunos puntos, lo que genera confusi\u00f3n entre los conductores.<\/li>\n<\/ul>\n<p>&nbsp;<\/p>\n<p style=\"text-align: justify;\" data-sourcepos=\"15:1-15:193\">El contralor del estado, \u00d3scar Garc\u00eda Gonz\u00e1lez, se\u00f1al\u00f3 que la empresa ICA debe corregir todas las observaciones t\u00e9cnicas a la brevedad posible para garantizar la calidad y seguridad de la obra.<\/p>\n<p>&nbsp;<\/p>\n<p style=\"text-align: justify;\" data-sourcepos=\"17:1-17:322\">Los ciudadanos han expresado su frustraci\u00f3n por los constantes retrasos y las deficiencias en la obra, ya que esto ha afectado su movilidad y calidad de vida.<\/p>\n<p>&nbsp;<\/p>\n<p style=\"text-align: justify;\" data-sourcepos=\"17:1-17:322\">Se espera que las autoridades competentes tomen las medidas necesarias para que la empresa constructora cumpla con sus obligaciones y entregue una obra de calidad.<\/p>\n<p>&nbsp;<\/p>\n<p style=\"text-align: center;\" data-sourcepos=\"17:1-17:322\"><em><strong>\u00a1Informaci\u00f3n que transforma!<\/strong><\/em><\/p>\n","protected":false},"excerpt":{"rendered":"<p>A m\u00e1s de un a\u00f1o de su plazo de entrega, la obra de remodelaci\u00f3n de Paseo 5 de Febrero contin\u00faa presentando m\u00faltiples retrasos y deficiencias, seg\u00fan denunciaron autoridades estatales<\/p>\n","protected":false},"author":3,"featured_media":4608,"comment_status":"open","ping_status":"open","sticky":false,"template":"","format":"standard","meta":{"footnotes":""},"categories":[65,58],"tags":[1241,1460,133,1663],"class_list":["post-4607","post","type-post","status-publish","format-standard","has-post-thumbnail","hentry","category-municipios","category-ultima-hora","tag-obrapublica","tag-paseo5defebrero","tag-queretaro","tag-retrasos"],"yoast_head":"<!-- This site is optimized with the Yoast SEO plugin v25.0 - https:\/\/yoast.com\/wordpress\/plugins\/seo\/ -->\n<title>Obra en Paseo 5 de Febrero acumula un a\u00f1o de retrasos | Nexo Informativo Santiago de Quer\u00e9taro<\/title>\n<meta name=\"description\" content=\"Obra en Paseo 5 de Febrero acumula un a\u00f1o de retrasos\" \/>\n<meta name=\"robots\" content=\"index, follow, max-snippet:-1, max-image-preview:large, max-video-preview:-1\" \/>\n<link rel=\"canonical\" href=\"https:\/\/www.nexoinformativo.mx\/index.php\/2024\/10\/26\/obra-en-paseo-5-de-febrero-acumula-un-ano-de-retrasos\/\" \/>\n<meta property=\"og:locale\" content=\"es_MX\" \/>\n<meta property=\"og:type\" content=\"article\" \/>\n<meta property=\"og:title\" content=\"Obra en Paseo 5 de Febrero acumula un a\u00f1o de retrasos | Nexo Informativo Santiago de Quer\u00e9taro\" \/>\n<meta property=\"og:description\" content=\"Obra en Paseo 5 de Febrero acumula un a\u00f1o de retrasos\" \/>\n<meta property=\"og:url\" content=\"https:\/\/www.nexoinformativo.mx\/index.php\/2024\/10\/26\/obra-en-paseo-5-de-febrero-acumula-un-ano-de-retrasos\/\" \/>\n<meta property=\"og:site_name\" content=\"Nexo Informativo Santiago de Quer\u00e9taro\" \/>\n<meta property=\"article:publisher\" content=\"https:\/\/www.facebook.com\/people\/Nexo-Informativo\/61564066885511\/\" \/>\n<meta property=\"article:published_time\" content=\"2024-10-26T14:30:09+00:00\" \/>\n<meta property=\"article:modified_time\" content=\"2024-10-26T15:28:20+00:00\" \/>\n<meta property=\"og:image\" content=\"https:\/\/www.nexoinformativo.mx\/wp-content\/uploads\/2024\/10\/IMG_7255.jpg\" \/>\n\t<meta property=\"og:image:width\" content=\"678\" \/>\n\t<meta property=\"og:image:height\" content=\"452\" \/>\n\t<meta property=\"og:image:type\" content=\"image\/jpeg\" \/>\n<meta name=\"author\" content=\"Nexo Informativo\" \/>\n<meta name=\"twitter:card\" content=\"summary_large_image\" \/>\n<meta name=\"twitter:label1\" content=\"Escrito por\" \/>\n\t<meta name=\"twitter:data1\" content=\"Nexo Informativo\" \/>\n\t<meta name=\"twitter:label2\" content=\"Tiempo de lectura\" \/>\n\t<meta name=\"twitter:data2\" content=\"2 minutos\" \/>\n<script type=\"application\/ld+json\" class=\"yoast-schema-graph\">{\"@context\":\"https:\/\/schema.org\",\"@graph\":[{\"@type\":\"Article\",\"@id\":\"https:\/\/www.nexoinformativo.mx\/index.php\/2024\/10\/26\/obra-en-paseo-5-de-febrero-acumula-un-ano-de-retrasos\/#article\",\"isPartOf\":{\"@id\":\"https:\/\/www.nexoinformativo.mx\/index.php\/2024\/10\/26\/obra-en-paseo-5-de-febrero-acumula-un-ano-de-retrasos\/\"},\"author\":{\"name\":\"Nexo Informativo\",\"@id\":\"https:\/\/www.nexoinformativo.mx\/#\/schema\/person\/7749d380ba08c8ca00d7bc76fd907b7d\"},\"headline\":\"Obra en Paseo 5 de Febrero acumula un a\u00f1o de retrasos\",\"datePublished\":\"2024-10-26T14:30:09+00:00\",\"dateModified\":\"2024-10-26T15:28:20+00:00\",\"mainEntityOfPage\":{\"@id\":\"https:\/\/www.nexoinformativo.mx\/index.php\/2024\/10\/26\/obra-en-paseo-5-de-febrero-acumula-un-ano-de-retrasos\/\"},\"wordCount\":300,\"commentCount\":0,\"publisher\":{\"@id\":\"https:\/\/www.nexoinformativo.mx\/#organization\"},\"image\":{\"@id\":\"https:\/\/www.nexoinformativo.mx\/index.php\/2024\/10\/26\/obra-en-paseo-5-de-febrero-acumula-un-ano-de-retrasos\/#primaryimage\"},\"thumbnailUrl\":\"https:\/\/www.nexoinformativo.mx\/wp-content\/uploads\/2024\/10\/IMG_7255.jpg\",\"keywords\":[\"ObraP\u00fablica\",\"Paseo5deFebrero\",\"Quer\u00e9taro\",\"Retrasos\"],\"articleSection\":[\"Municipios\",\"\u00daltima Hora\"],\"inLanguage\":\"es\",\"potentialAction\":[{\"@type\":\"CommentAction\",\"name\":\"Comment\",\"target\":[\"https:\/\/www.nexoinformativo.mx\/index.php\/2024\/10\/26\/obra-en-paseo-5-de-febrero-acumula-un-ano-de-retrasos\/#respond\"]}]},{\"@type\":\"WebPage\",\"@id\":\"https:\/\/www.nexoinformativo.mx\/index.php\/2024\/10\/26\/obra-en-paseo-5-de-febrero-acumula-un-ano-de-retrasos\/\",\"url\":\"https:\/\/www.nexoinformativo.mx\/index.php\/2024\/10\/26\/obra-en-paseo-5-de-febrero-acumula-un-ano-de-retrasos\/\",\"name\":\"Obra en Paseo 5 de Febrero acumula un a\u00f1o de retrasos | Nexo Informativo Santiago de Quer\u00e9taro\",\"isPartOf\":{\"@id\":\"https:\/\/www.nexoinformativo.mx\/#website\"},\"primaryImageOfPage\":{\"@id\":\"https:\/\/www.nexoinformativo.mx\/index.php\/2024\/10\/26\/obra-en-paseo-5-de-febrero-acumula-un-ano-de-retrasos\/#primaryimage\"},\"image\":{\"@id\":\"https:\/\/www.nexoinformativo.mx\/index.php\/2024\/10\/26\/obra-en-paseo-5-de-febrero-acumula-un-ano-de-retrasos\/#primaryimage\"},\"thumbnailUrl\":\"https:\/\/www.nexoinformativo.mx\/wp-content\/uploads\/2024\/10\/IMG_7255.jpg\",\"datePublished\":\"2024-10-26T14:30:09+00:00\",\"dateModified\":\"2024-10-26T15:28:20+00:00\",\"description\":\"Obra en Paseo 5 de Febrero acumula un a\u00f1o de retrasos\",\"breadcrumb\":{\"@id\":\"https:\/\/www.nexoinformativo.mx\/index.php\/2024\/10\/26\/obra-en-paseo-5-de-febrero-acumula-un-ano-de-retrasos\/#breadcrumb\"},\"inLanguage\":\"es\",\"potentialAction\":[{\"@type\":\"ReadAction\",\"target\":[\"https:\/\/www.nexoinformativo.mx\/index.php\/2024\/10\/26\/obra-en-paseo-5-de-febrero-acumula-un-ano-de-retrasos\/\"]}]},{\"@type\":\"ImageObject\",\"inLanguage\":\"es\",\"@id\":\"https:\/\/www.nexoinformativo.mx\/index.php\/2024\/10\/26\/obra-en-paseo-5-de-febrero-acumula-un-ano-de-retrasos\/#primaryimage\",\"url\":\"https:\/\/www.nexoinformativo.mx\/wp-content\/uploads\/2024\/10\/IMG_7255.jpg\",\"contentUrl\":\"https:\/\/www.nexoinformativo.mx\/wp-content\/uploads\/2024\/10\/IMG_7255.jpg\",\"width\":678,\"height\":452},{\"@type\":\"BreadcrumbList\",\"@id\":\"https:\/\/www.nexoinformativo.mx\/index.php\/2024\/10\/26\/obra-en-paseo-5-de-febrero-acumula-un-ano-de-retrasos\/#breadcrumb\",\"itemListElement\":[{\"@type\":\"ListItem\",\"position\":1,\"name\":\"Inicio\",\"item\":\"https:\/\/www.nexoinformativo.mx\/\"},{\"@type\":\"ListItem\",\"position\":2,\"name\":\"Obra en Paseo 5 de Febrero acumula un a\u00f1o de retrasos\"}]},{\"@type\":\"WebSite\",\"@id\":\"https:\/\/www.nexoinformativo.mx\/#website\",\"url\":\"https:\/\/www.nexoinformativo.mx\/\",\"name\":\"Nexo Informativo Santiago de Quer\u00e9taro\",\"description\":\"Explora NexoInformativo y convi\u00e9rtete en parte de una comunidad que valora el conocimiento y la verdad. Tu nexoinformativo es tu puente hacia una comprensi\u00f3n m\u00e1s profunda del mundo que te rodea.\",\"publisher\":{\"@id\":\"https:\/\/www.nexoinformativo.mx\/#organization\"},\"potentialAction\":[{\"@type\":\"SearchAction\",\"target\":{\"@type\":\"EntryPoint\",\"urlTemplate\":\"https:\/\/www.nexoinformativo.mx\/?s={search_term_string}\"},\"query-input\":{\"@type\":\"PropertyValueSpecification\",\"valueRequired\":true,\"valueName\":\"search_term_string\"}}],\"inLanguage\":\"es\"},{\"@type\":\"Organization\",\"@id\":\"https:\/\/www.nexoinformativo.mx\/#organization\",\"name\":\"Nexo Informativo Santiago de Quer\u00e9taro\",\"url\":\"https:\/\/www.nexoinformativo.mx\/\",\"logo\":{\"@type\":\"ImageObject\",\"inLanguage\":\"es\",\"@id\":\"https:\/\/www.nexoinformativo.mx\/#\/schema\/logo\/image\/\",\"url\":\"https:\/\/www.nexoinformativo.mx\/wp-content\/uploads\/2024\/07\/nexoi-trasparente-2.png\",\"contentUrl\":\"https:\/\/www.nexoinformativo.mx\/wp-content\/uploads\/2024\/07\/nexoi-trasparente-2.png\",\"width\":816,\"height\":339,\"caption\":\"Nexo Informativo Santiago de Quer\u00e9taro\"},\"image\":{\"@id\":\"https:\/\/www.nexoinformativo.mx\/#\/schema\/logo\/image\/\"},\"sameAs\":[\"https:\/\/www.facebook.com\/people\/Nexo-Informativo\/61564066885511\/\"]},{\"@type\":\"Person\",\"@id\":\"https:\/\/www.nexoinformativo.mx\/#\/schema\/person\/7749d380ba08c8ca00d7bc76fd907b7d\",\"name\":\"Nexo Informativo\",\"image\":{\"@type\":\"ImageObject\",\"inLanguage\":\"es\",\"@id\":\"https:\/\/www.nexoinformativo.mx\/#\/schema\/person\/image\/\",\"url\":\"https:\/\/secure.gravatar.com\/avatar\/dde2928154642a13d95f87ddf1ea9718fe2b46760a005c53e41ff5ad610704e6?s=96&d=mm&r=g\",\"contentUrl\":\"https:\/\/secure.gravatar.com\/avatar\/dde2928154642a13d95f87ddf1ea9718fe2b46760a005c53e41ff5ad610704e6?s=96&d=mm&r=g\",\"caption\":\"Nexo Informativo\"},\"url\":\"https:\/\/www.nexoinformativo.mx\/index.php\/author\/edicion\/\"}]}<\/script>\n<!-- \/ Yoast SEO plugin. -->","yoast_head_json":{"title":"Obra en Paseo 5 de Febrero acumula un a\u00f1o de retrasos | Nexo Informativo Santiago de Quer\u00e9taro","description":"Obra en Paseo 5 de Febrero acumula un a\u00f1o de retrasos","robots":{"index":"index","follow":"follow","max-snippet":"max-snippet:-1","max-image-preview":"max-image-preview:large","max-video-preview":"max-video-preview:-1"},"canonical":"https:\/\/www.nexoinformativo.mx\/index.php\/2024\/10\/26\/obra-en-paseo-5-de-febrero-acumula-un-ano-de-retrasos\/","og_locale":"es_MX","og_type":"article","og_title":"Obra en Paseo 5 de Febrero acumula un a\u00f1o de retrasos | Nexo Informativo Santiago de Quer\u00e9taro","og_description":"Obra en Paseo 5 de Febrero acumula un a\u00f1o de retrasos","og_url":"https:\/\/www.nexoinformativo.mx\/index.php\/2024\/10\/26\/obra-en-paseo-5-de-febrero-acumula-un-ano-de-retrasos\/","og_site_name":"Nexo Informativo Santiago de Quer\u00e9taro","article_publisher":"https:\/\/www.facebook.com\/people\/Nexo-Informativo\/61564066885511\/","article_published_time":"2024-10-26T14:30:09+00:00","article_modified_time":"2024-10-26T15:28:20+00:00","og_image":[{"width":678,"height":452,"url":"https:\/\/www.nexoinformativo.mx\/wp-content\/uploads\/2024\/10\/IMG_7255.jpg","type":"image\/jpeg"}],"author":"Nexo Informativo","twitter_card":"summary_large_image","twitter_misc":{"Escrito por":"Nexo Informativo","Tiempo de lectura":"2 minutos"},"schema":{"@context":"https:\/\/schema.org","@graph":[{"@type":"Article","@id":"https:\/\/www.nexoinformativo.mx\/index.php\/2024\/10\/26\/obra-en-paseo-5-de-febrero-acumula-un-ano-de-retrasos\/#article","isPartOf":{"@id":"https:\/\/www.nexoinformativo.mx\/index.php\/2024\/10\/26\/obra-en-paseo-5-de-febrero-acumula-un-ano-de-retrasos\/"},"author":{"name":"Nexo Informativo","@id":"https:\/\/www.nexoinformativo.mx\/#\/schema\/person\/7749d380ba08c8ca00d7bc76fd907b7d"},"headline":"Obra en Paseo 5 de Febrero acumula un a\u00f1o de retrasos","datePublished":"2024-10-26T14:30:09+00:00","dateModified":"2024-10-26T15:28:20+00:00","mainEntityOfPage":{"@id":"https:\/\/www.nexoinformativo.mx\/index.php\/2024\/10\/26\/obra-en-paseo-5-de-febrero-acumula-un-ano-de-retrasos\/"},"wordCount":300,"commentCount":0,"publisher":{"@id":"https:\/\/www.nexoinformativo.mx\/#organization"},"image":{"@id":"https:\/\/www.nexoinformativo.mx\/index.php\/2024\/10\/26\/obra-en-paseo-5-de-febrero-acumula-un-ano-de-retrasos\/#primaryimage"},"thumbnailUrl":"https:\/\/www.nexoinformativo.mx\/wp-content\/uploads\/2024\/10\/IMG_7255.jpg","keywords":["ObraP\u00fablica","Paseo5deFebrero","Quer\u00e9taro","Retrasos"],"articleSection":["Municipios","\u00daltima Hora"],"inLanguage":"es","potentialAction":[{"@type":"CommentAction","name":"Comment","target":["https:\/\/www.nexoinformativo.mx\/index.php\/2024\/10\/26\/obra-en-paseo-5-de-febrero-acumula-un-ano-de-retrasos\/#respond"]}]},{"@type":"WebPage","@id":"https:\/\/www.nexoinformativo.mx\/index.php\/2024\/10\/26\/obra-en-paseo-5-de-febrero-acumula-un-ano-de-retrasos\/","url":"https:\/\/www.nexoinformativo.mx\/index.php\/2024\/10\/26\/obra-en-paseo-5-de-febrero-acumula-un-ano-de-retrasos\/","name":"Obra en Paseo 5 de Febrero acumula un a\u00f1o de retrasos | Nexo Informativo Santiago de Quer\u00e9taro","isPartOf":{"@id":"https:\/\/www.nexoinformativo.mx\/#website"},"primaryImageOfPage":{"@id":"https:\/\/www.nexoinformativo.mx\/index.php\/2024\/10\/26\/obra-en-paseo-5-de-febrero-acumula-un-ano-de-retrasos\/#primaryimage"},"image":{"@id":"https:\/\/www.nexoinformativo.mx\/index.php\/2024\/10\/26\/obra-en-paseo-5-de-febrero-acumula-un-ano-de-retrasos\/#primaryimage"},"thumbnailUrl":"https:\/\/www.nexoinformativo.mx\/wp-content\/uploads\/2024\/10\/IMG_7255.jpg","datePublished":"2024-10-26T14:30:09+00:00","dateModified":"2024-10-26T15:28:20+00:00","description":"Obra en Paseo 5 de Febrero acumula un a\u00f1o de retrasos","breadcrumb":{"@id":"https:\/\/www.nexoinformativo.mx\/index.php\/2024\/10\/26\/obra-en-paseo-5-de-febrero-acumula-un-ano-de-retrasos\/#breadcrumb"},"inLanguage":"es","potentialAction":[{"@type":"ReadAction","target":["https:\/\/www.nexoinformativo.mx\/index.php\/2024\/10\/26\/obra-en-paseo-5-de-febrero-acumula-un-ano-de-retrasos\/"]}]},{"@type":"ImageObject","inLanguage":"es","@id":"https:\/\/www.nexoinformativo.mx\/index.php\/2024\/10\/26\/obra-en-paseo-5-de-febrero-acumula-un-ano-de-retrasos\/#primaryimage","url":"https:\/\/www.nexoinformativo.mx\/wp-content\/uploads\/2024\/10\/IMG_7255.jpg","contentUrl":"https:\/\/www.nexoinformativo.mx\/wp-content\/uploads\/2024\/10\/IMG_7255.jpg","width":678,"height":452},{"@type":"BreadcrumbList","@id":"https:\/\/www.nexoinformativo.mx\/index.php\/2024\/10\/26\/obra-en-paseo-5-de-febrero-acumula-un-ano-de-retrasos\/#breadcrumb","itemListElement":[{"@type":"ListItem","position":1,"name":"Inicio","item":"https:\/\/www.nexoinformativo.mx\/"},{"@type":"ListItem","position":2,"name":"Obra en Paseo 5 de Febrero acumula un a\u00f1o de retrasos"}]},{"@type":"WebSite","@id":"https:\/\/www.nexoinformativo.mx\/#website","url":"https:\/\/www.nexoinformativo.mx\/","name":"Nexo Informativo Santiago de Quer\u00e9taro","description":"Explora NexoInformativo y convi\u00e9rtete en parte de una comunidad que valora el conocimiento y la verdad. Tu nexoinformativo es tu puente hacia una comprensi\u00f3n m\u00e1s profunda del mundo que te rodea.","publisher":{"@id":"https:\/\/www.nexoinformativo.mx\/#organization"},"potentialAction":[{"@type":"SearchAction","target":{"@type":"EntryPoint","urlTemplate":"https:\/\/www.nexoinformativo.mx\/?s={search_term_string}"},"query-input":{"@type":"PropertyValueSpecification","valueRequired":true,"valueName":"search_term_string"}}],"inLanguage":"es"},{"@type":"Organization","@id":"https:\/\/www.nexoinformativo.mx\/#organization","name":"Nexo Informativo Santiago de Quer\u00e9taro","url":"https:\/\/www.nexoinformativo.mx\/","logo":{"@type":"ImageObject","inLanguage":"es","@id":"https:\/\/www.nexoinformativo.mx\/#\/schema\/logo\/image\/","url":"https:\/\/www.nexoinformativo.mx\/wp-content\/uploads\/2024\/07\/nexoi-trasparente-2.png","contentUrl":"https:\/\/www.nexoinformativo.mx\/wp-content\/uploads\/2024\/07\/nexoi-trasparente-2.png","width":816,"height":339,"caption":"Nexo Informativo Santiago de Quer\u00e9taro"},"image":{"@id":"https:\/\/www.nexoinformativo.mx\/#\/schema\/logo\/image\/"},"sameAs":["https:\/\/www.facebook.com\/people\/Nexo-Informativo\/61564066885511\/"]},{"@type":"Person","@id":"https:\/\/www.nexoinformativo.mx\/#\/schema\/person\/7749d380ba08c8ca00d7bc76fd907b7d","name":"Nexo Informativo","image":{"@type":"ImageObject","inLanguage":"es","@id":"https:\/\/www.nexoinformativo.mx\/#\/schema\/person\/image\/","url":"https:\/\/secure.gravatar.com\/avatar\/dde2928154642a13d95f87ddf1ea9718fe2b46760a005c53e41ff5ad610704e6?s=96&d=mm&r=g","contentUrl":"https:\/\/secure.gravatar.com\/avatar\/dde2928154642a13d95f87ddf1ea9718fe2b46760a005c53e41ff5ad610704e6?s=96&d=mm&r=g","caption":"Nexo Informativo"},"url":"https:\/\/www.nexoinformativo.mx\/index.php\/author\/edicion\/"}]}},"_links":{"self":[{"href":"https:\/\/www.nexoinformativo.mx\/index.php\/wp-json\/wp\/v2\/posts\/4607","targetHints":{"allow":["GET"]}}],"collection":[{"href":"https:\/\/www.nexoinformativo.mx\/index.php\/wp-json\/wp\/v2\/posts"}],"about":[{"href":"https:\/\/www.nexoinformativo.mx\/index.php\/wp-json\/wp\/v2\/types\/post"}],"author":[{"embeddable":true,"href":"https:\/\/www.nexoinformativo.mx\/index.php\/wp-json\/wp\/v2\/users\/3"}],"replies":[{"embeddable":true,"href":"https:\/\/www.nexoinformativo.mx\/index.php\/wp-json\/wp\/v2\/comments?post=4607"}],"version-history":[{"count":6,"href":"https:\/\/www.nexoinformativo.mx\/index.php\/wp-json\/wp\/v2\/posts\/4607\/revisions"}],"predecessor-version":[{"id":4614,"href":"https:\/\/www.nexoinformativo.mx\/index.php\/wp-json\/wp\/v2\/posts\/4607\/revisions\/4614"}],"wp:featuredmedia":[{"embeddable":true,"href":"https:\/\/www.nexoinformativo.mx\/index.php\/wp-json\/wp\/v2\/media\/4608"}],"wp:attachment":[{"href":"https:\/\/www.nexoinformativo.mx\/index.php\/wp-json\/wp\/v2\/media?parent=4607"}],"wp:term":[{"taxonomy":"category","embeddable":true,"href":"https:\/\/www.nexoinformativo.mx\/index.php\/wp-json\/wp\/v2\/categories?post=4607"},{"taxonomy":"post_tag","embeddable":true,"href":"https:\/\/www.nexoinformativo.mx\/index.php\/wp-json\/wp\/v2\/tags?post=4607"}],"curies":[{"name":"wp","href":"https:\/\/api.w.org\/{rel}","templated":true}]}}