{"id":4615,"date":"2024-10-26T18:00:05","date_gmt":"2024-10-27T00:00:05","guid":{"rendered":"https:\/\/www.nexoinformativo.mx\/?p=4615"},"modified":"2024-10-26T20:23:04","modified_gmt":"2024-10-27T02:23:04","slug":"felifer-macias-defiende-el-desempeno-de-corporaciones-en-el-operativo-contra-el-ambulantaje-en-queretaro-y-respalda-a-las-autoridades","status":"publish","type":"post","link":"https:\/\/www.nexoinformativo.mx\/index.php\/2024\/10\/26\/felifer-macias-defiende-el-desempeno-de-corporaciones-en-el-operativo-contra-el-ambulantaje-en-queretaro-y-respalda-a-las-autoridades\/","title":{"rendered":"Felifer Mac\u00edas defiende el desempe\u00f1o de corporaciones en el operativo contra el ambulantaje en Quer\u00e9taro y respalda a las autoridades"},"content":{"rendered":"<p style=\"text-align: justify;\" data-sourcepos=\"5:1-5:269\">El presidente municipal de Quer\u00e9taro, Felipe Fernando Mac\u00edas, expres\u00f3 su apoyo a las corporaciones municipales que participaron en el <strong>&#8220;Plan Orden&#8221;<\/strong>, un mega operativo destinado a inhibir el comercio ambulante en el Centro Hist\u00f3rico.<\/p>\n<p>&nbsp;<\/p>\n<p style=\"text-align: justify;\" data-sourcepos=\"5:1-5:269\">Durante su declaraci\u00f3n, el alcalde subray\u00f3 que la trifulca que ocurri\u00f3 entre las autoridades y los ambulantes se origin\u00f3 por una agresi\u00f3n de comerciantes artesanos hacia comerciantes establecidos. Mac\u00edas Olvera explic\u00f3 que las mordeduras de un perro de la polic\u00eda a algunos manifestantes fueron resultado de una patada que un ambulante propin\u00f3 al canino, lo que llev\u00f3 a la p\u00e9rdida del bozal del animal.<\/p>\n<p>&nbsp;<\/p>\n<p style=\"text-align: justify;\" data-sourcepos=\"5:1-5:269\">Solo se report\u00f3 un lesionado por mordida durante los incidentes. <strong>\u201cEl ambulantaje genera fen\u00f3menos nocivos como inseguridad y delincuencia, que son da\u00f1inos para la ciudad. Lo que se aplic\u00f3 fue el orden, respetando los reglamentos y las leyes. Pero el di\u00e1logo siempre ha estado presente y nuestras puertas est\u00e1n abiertas para todos los grupos que buscan encontrar puntos de acuerdo\u201d<\/strong>, argument\u00f3 el alcalde.<\/p>\n<p>&nbsp;<\/p>\n<p style=\"text-align: justify;\" data-sourcepos=\"5:1-5:269\">Mac\u00edas Olvera tambi\u00e9n se refiri\u00f3 a las investigaciones que han iniciado instancias como la Defensor\u00eda de los Derechos Humanos del estado y la Oficina de la Organizaci\u00f3n de las Naciones Unidas en M\u00e9xico, debido a denuncias sobre violaciones de derechos humanos durante el operativo.<\/p>\n<p>&nbsp;<\/p>\n<p style=\"text-align: justify;\" data-sourcepos=\"5:1-5:269\">\u201cTodas las instancias tienen derecho a investigar el operativo. Se actu\u00f3 con apego a las leyes; hab\u00eda grupo de personas que pretend\u00edan bloquear vialidades y afectar a decenas de miles de queretanos\u201d, se\u00f1al\u00f3. El alcalde hizo una critica al partido Morena, acus\u00e1ndolo de incitar a los comerciantes a actuar de manera agresiva contra la autoridad.<\/p>\n<p>&nbsp;<\/p>\n<p style=\"text-align: justify;\" data-sourcepos=\"5:1-5:269\">El respaldo del alcalde al operativo resalta el compromiso del gobierno local por mantener el orden en el Centro Hist\u00f3rico y garantizar la seguridad de los ciudadanos.<\/p>\n<p>&nbsp;<\/p>\n<p style=\"text-align: center;\" data-sourcepos=\"9:1-9:346\"><em><strong>\u00a1Informaci\u00f3n que transforma!<\/strong><\/em><\/p>\n","protected":false},"excerpt":{"rendered":"<p>El presidente municipal de Quer\u00e9taro, Felipe Fernando Mac\u00edas Olvera, expres\u00f3 su apoyo a las corporaciones municipales que participaron en el &#8220;Plan Orden&#8221;<\/p>\n","protected":false},"author":3,"featured_media":4616,"comment_status":"open","ping_status":"open","sticky":false,"template":"","format":"standard","meta":{"footnotes":""},"categories":[65,58],"tags":[1665,1664,1634,133],"class_list":["post-4615","post","type-post","status-publish","format-standard","has-post-thumbnail","hentry","category-municipios","category-ultima-hora","tag-comercioambulante","tag-felipemacias","tag-planorden","tag-queretaro"],"yoast_head":"<!-- This site is optimized with the Yoast SEO plugin v25.0 - https:\/\/yoast.com\/wordpress\/plugins\/seo\/ -->\n<title>Felifer Mac\u00edas defiende el desempe\u00f1o de corporaciones en el operativo contra el ambulantaje en Quer\u00e9taro y respalda a las autoridades | Nexo Informativo Santiago de Quer\u00e9taro<\/title>\n<meta name=\"description\" content=\"Felifer Mac\u00edas defiende el desempe\u00f1o de corporaciones en el operativo contra el ambulantaje en Quer\u00e9taro y respalda a las autoridades\" \/>\n<meta name=\"robots\" content=\"index, follow, max-snippet:-1, max-image-preview:large, max-video-preview:-1\" \/>\n<link rel=\"canonical\" href=\"https:\/\/www.nexoinformativo.mx\/index.php\/2024\/10\/26\/felifer-macias-defiende-el-desempeno-de-corporaciones-en-el-operativo-contra-el-ambulantaje-en-queretaro-y-respalda-a-las-autoridades\/\" \/>\n<meta property=\"og:locale\" content=\"es_MX\" \/>\n<meta property=\"og:type\" content=\"article\" \/>\n<meta property=\"og:title\" content=\"Felifer Mac\u00edas defiende el desempe\u00f1o de corporaciones en el operativo contra el ambulantaje en Quer\u00e9taro y respalda a las autoridades | Nexo Informativo Santiago de Quer\u00e9taro\" \/>\n<meta property=\"og:description\" content=\"Felifer Mac\u00edas defiende el desempe\u00f1o de corporaciones en el operativo contra el ambulantaje en Quer\u00e9taro y respalda a las autoridades\" \/>\n<meta property=\"og:url\" content=\"https:\/\/www.nexoinformativo.mx\/index.php\/2024\/10\/26\/felifer-macias-defiende-el-desempeno-de-corporaciones-en-el-operativo-contra-el-ambulantaje-en-queretaro-y-respalda-a-las-autoridades\/\" \/>\n<meta property=\"og:site_name\" content=\"Nexo Informativo Santiago de Quer\u00e9taro\" \/>\n<meta property=\"article:publisher\" content=\"https:\/\/www.facebook.com\/people\/Nexo-Informativo\/61564066885511\/\" \/>\n<meta property=\"article:published_time\" content=\"2024-10-27T00:00:05+00:00\" \/>\n<meta property=\"article:modified_time\" content=\"2024-10-27T02:23:04+00:00\" \/>\n<meta property=\"og:image\" content=\"https:\/\/www.nexoinformativo.mx\/wp-content\/uploads\/2024\/10\/IMG_7264.jpeg\" \/>\n\t<meta property=\"og:image:width\" content=\"626\" \/>\n\t<meta property=\"og:image:height\" content=\"421\" \/>\n\t<meta property=\"og:image:type\" content=\"image\/jpeg\" \/>\n<meta name=\"author\" content=\"Nexo Informativo\" \/>\n<meta name=\"twitter:card\" content=\"summary_large_image\" \/>\n<meta name=\"twitter:label1\" content=\"Escrito por\" \/>\n\t<meta name=\"twitter:data1\" content=\"Nexo Informativo\" \/>\n\t<meta name=\"twitter:label2\" content=\"Tiempo de lectura\" \/>\n\t<meta name=\"twitter:data2\" content=\"2 minutos\" \/>\n<script type=\"application\/ld+json\" class=\"yoast-schema-graph\">{\"@context\":\"https:\/\/schema.org\",\"@graph\":[{\"@type\":\"Article\",\"@id\":\"https:\/\/www.nexoinformativo.mx\/index.php\/2024\/10\/26\/felifer-macias-defiende-el-desempeno-de-corporaciones-en-el-operativo-contra-el-ambulantaje-en-queretaro-y-respalda-a-las-autoridades\/#article\",\"isPartOf\":{\"@id\":\"https:\/\/www.nexoinformativo.mx\/index.php\/2024\/10\/26\/felifer-macias-defiende-el-desempeno-de-corporaciones-en-el-operativo-contra-el-ambulantaje-en-queretaro-y-respalda-a-las-autoridades\/\"},\"author\":{\"name\":\"Nexo Informativo\",\"@id\":\"https:\/\/www.nexoinformativo.mx\/#\/schema\/person\/7749d380ba08c8ca00d7bc76fd907b7d\"},\"headline\":\"Felifer Mac\u00edas defiende el desempe\u00f1o de corporaciones en el operativo contra el ambulantaje en Quer\u00e9taro y respalda a las autoridades\",\"datePublished\":\"2024-10-27T00:00:05+00:00\",\"dateModified\":\"2024-10-27T02:23:04+00:00\",\"mainEntityOfPage\":{\"@id\":\"https:\/\/www.nexoinformativo.mx\/index.php\/2024\/10\/26\/felifer-macias-defiende-el-desempeno-de-corporaciones-en-el-operativo-contra-el-ambulantaje-en-queretaro-y-respalda-a-las-autoridades\/\"},\"wordCount\":342,\"commentCount\":0,\"publisher\":{\"@id\":\"https:\/\/www.nexoinformativo.mx\/#organization\"},\"image\":{\"@id\":\"https:\/\/www.nexoinformativo.mx\/index.php\/2024\/10\/26\/felifer-macias-defiende-el-desempeno-de-corporaciones-en-el-operativo-contra-el-ambulantaje-en-queretaro-y-respalda-a-las-autoridades\/#primaryimage\"},\"thumbnailUrl\":\"https:\/\/www.nexoinformativo.mx\/wp-content\/uploads\/2024\/10\/IMG_7264.jpeg\",\"keywords\":[\"ComercioAmbulante\",\"FelipeMac\u00edas\",\"PlanOrden\",\"Quer\u00e9taro\"],\"articleSection\":[\"Municipios\",\"\u00daltima Hora\"],\"inLanguage\":\"es\",\"potentialAction\":[{\"@type\":\"CommentAction\",\"name\":\"Comment\",\"target\":[\"https:\/\/www.nexoinformativo.mx\/index.php\/2024\/10\/26\/felifer-macias-defiende-el-desempeno-de-corporaciones-en-el-operativo-contra-el-ambulantaje-en-queretaro-y-respalda-a-las-autoridades\/#respond\"]}]},{\"@type\":\"WebPage\",\"@id\":\"https:\/\/www.nexoinformativo.mx\/index.php\/2024\/10\/26\/felifer-macias-defiende-el-desempeno-de-corporaciones-en-el-operativo-contra-el-ambulantaje-en-queretaro-y-respalda-a-las-autoridades\/\",\"url\":\"https:\/\/www.nexoinformativo.mx\/index.php\/2024\/10\/26\/felifer-macias-defiende-el-desempeno-de-corporaciones-en-el-operativo-contra-el-ambulantaje-en-queretaro-y-respalda-a-las-autoridades\/\",\"name\":\"Felifer Mac\u00edas defiende el desempe\u00f1o de corporaciones en el operativo contra el ambulantaje en Quer\u00e9taro y respalda a las autoridades | Nexo Informativo Santiago de Quer\u00e9taro\",\"isPartOf\":{\"@id\":\"https:\/\/www.nexoinformativo.mx\/#website\"},\"primaryImageOfPage\":{\"@id\":\"https:\/\/www.nexoinformativo.mx\/index.php\/2024\/10\/26\/felifer-macias-defiende-el-desempeno-de-corporaciones-en-el-operativo-contra-el-ambulantaje-en-queretaro-y-respalda-a-las-autoridades\/#primaryimage\"},\"image\":{\"@id\":\"https:\/\/www.nexoinformativo.mx\/index.php\/2024\/10\/26\/felifer-macias-defiende-el-desempeno-de-corporaciones-en-el-operativo-contra-el-ambulantaje-en-queretaro-y-respalda-a-las-autoridades\/#primaryimage\"},\"thumbnailUrl\":\"https:\/\/www.nexoinformativo.mx\/wp-content\/uploads\/2024\/10\/IMG_7264.jpeg\",\"datePublished\":\"2024-10-27T00:00:05+00:00\",\"dateModified\":\"2024-10-27T02:23:04+00:00\",\"description\":\"Felifer Mac\u00edas defiende el desempe\u00f1o de corporaciones en el operativo contra el ambulantaje en Quer\u00e9taro y respalda a las autoridades\",\"breadcrumb\":{\"@id\":\"https:\/\/www.nexoinformativo.mx\/index.php\/2024\/10\/26\/felifer-macias-defiende-el-desempeno-de-corporaciones-en-el-operativo-contra-el-ambulantaje-en-queretaro-y-respalda-a-las-autoridades\/#breadcrumb\"},\"inLanguage\":\"es\",\"potentialAction\":[{\"@type\":\"ReadAction\",\"target\":[\"https:\/\/www.nexoinformativo.mx\/index.php\/2024\/10\/26\/felifer-macias-defiende-el-desempeno-de-corporaciones-en-el-operativo-contra-el-ambulantaje-en-queretaro-y-respalda-a-las-autoridades\/\"]}]},{\"@type\":\"ImageObject\",\"inLanguage\":\"es\",\"@id\":\"https:\/\/www.nexoinformativo.mx\/index.php\/2024\/10\/26\/felifer-macias-defiende-el-desempeno-de-corporaciones-en-el-operativo-contra-el-ambulantaje-en-queretaro-y-respalda-a-las-autoridades\/#primaryimage\",\"url\":\"https:\/\/www.nexoinformativo.mx\/wp-content\/uploads\/2024\/10\/IMG_7264.jpeg\",\"contentUrl\":\"https:\/\/www.nexoinformativo.mx\/wp-content\/uploads\/2024\/10\/IMG_7264.jpeg\",\"width\":626,\"height\":421},{\"@type\":\"BreadcrumbList\",\"@id\":\"https:\/\/www.nexoinformativo.mx\/index.php\/2024\/10\/26\/felifer-macias-defiende-el-desempeno-de-corporaciones-en-el-operativo-contra-el-ambulantaje-en-queretaro-y-respalda-a-las-autoridades\/#breadcrumb\",\"itemListElement\":[{\"@type\":\"ListItem\",\"position\":1,\"name\":\"Inicio\",\"item\":\"https:\/\/www.nexoinformativo.mx\/\"},{\"@type\":\"ListItem\",\"position\":2,\"name\":\"Felifer Mac\u00edas defiende el desempe\u00f1o de corporaciones en el operativo contra el ambulantaje en Quer\u00e9taro y respalda a las autoridades\"}]},{\"@type\":\"WebSite\",\"@id\":\"https:\/\/www.nexoinformativo.mx\/#website\",\"url\":\"https:\/\/www.nexoinformativo.mx\/\",\"name\":\"Nexo Informativo Santiago de Quer\u00e9taro\",\"description\":\"Explora NexoInformativo y convi\u00e9rtete en parte de una comunidad que valora el conocimiento y la verdad. Tu nexoinformativo es tu puente hacia una comprensi\u00f3n m\u00e1s profunda del mundo que te rodea.\",\"publisher\":{\"@id\":\"https:\/\/www.nexoinformativo.mx\/#organization\"},\"potentialAction\":[{\"@type\":\"SearchAction\",\"target\":{\"@type\":\"EntryPoint\",\"urlTemplate\":\"https:\/\/www.nexoinformativo.mx\/?s={search_term_string}\"},\"query-input\":{\"@type\":\"PropertyValueSpecification\",\"valueRequired\":true,\"valueName\":\"search_term_string\"}}],\"inLanguage\":\"es\"},{\"@type\":\"Organization\",\"@id\":\"https:\/\/www.nexoinformativo.mx\/#organization\",\"name\":\"Nexo Informativo Santiago de Quer\u00e9taro\",\"url\":\"https:\/\/www.nexoinformativo.mx\/\",\"logo\":{\"@type\":\"ImageObject\",\"inLanguage\":\"es\",\"@id\":\"https:\/\/www.nexoinformativo.mx\/#\/schema\/logo\/image\/\",\"url\":\"https:\/\/www.nexoinformativo.mx\/wp-content\/uploads\/2024\/07\/nexoi-trasparente-2.png\",\"contentUrl\":\"https:\/\/www.nexoinformativo.mx\/wp-content\/uploads\/2024\/07\/nexoi-trasparente-2.png\",\"width\":816,\"height\":339,\"caption\":\"Nexo Informativo Santiago de Quer\u00e9taro\"},\"image\":{\"@id\":\"https:\/\/www.nexoinformativo.mx\/#\/schema\/logo\/image\/\"},\"sameAs\":[\"https:\/\/www.facebook.com\/people\/Nexo-Informativo\/61564066885511\/\"]},{\"@type\":\"Person\",\"@id\":\"https:\/\/www.nexoinformativo.mx\/#\/schema\/person\/7749d380ba08c8ca00d7bc76fd907b7d\",\"name\":\"Nexo Informativo\",\"image\":{\"@type\":\"ImageObject\",\"inLanguage\":\"es\",\"@id\":\"https:\/\/www.nexoinformativo.mx\/#\/schema\/person\/image\/\",\"url\":\"https:\/\/secure.gravatar.com\/avatar\/dde2928154642a13d95f87ddf1ea9718fe2b46760a005c53e41ff5ad610704e6?s=96&d=mm&r=g\",\"contentUrl\":\"https:\/\/secure.gravatar.com\/avatar\/dde2928154642a13d95f87ddf1ea9718fe2b46760a005c53e41ff5ad610704e6?s=96&d=mm&r=g\",\"caption\":\"Nexo Informativo\"},\"url\":\"https:\/\/www.nexoinformativo.mx\/index.php\/author\/edicion\/\"}]}<\/script>\n<!-- \/ Yoast SEO plugin. -->","yoast_head_json":{"title":"Felifer Mac\u00edas defiende el desempe\u00f1o de corporaciones en el operativo contra el ambulantaje en Quer\u00e9taro y respalda a las autoridades | Nexo Informativo Santiago de Quer\u00e9taro","description":"Felifer Mac\u00edas defiende el desempe\u00f1o de corporaciones en el operativo contra el ambulantaje en Quer\u00e9taro y respalda a las autoridades","robots":{"index":"index","follow":"follow","max-snippet":"max-snippet:-1","max-image-preview":"max-image-preview:large","max-video-preview":"max-video-preview:-1"},"canonical":"https:\/\/www.nexoinformativo.mx\/index.php\/2024\/10\/26\/felifer-macias-defiende-el-desempeno-de-corporaciones-en-el-operativo-contra-el-ambulantaje-en-queretaro-y-respalda-a-las-autoridades\/","og_locale":"es_MX","og_type":"article","og_title":"Felifer Mac\u00edas defiende el desempe\u00f1o de corporaciones en el operativo contra el ambulantaje en Quer\u00e9taro y respalda a las autoridades | Nexo Informativo Santiago de Quer\u00e9taro","og_description":"Felifer Mac\u00edas defiende el desempe\u00f1o de corporaciones en el operativo contra el ambulantaje en Quer\u00e9taro y respalda a las autoridades","og_url":"https:\/\/www.nexoinformativo.mx\/index.php\/2024\/10\/26\/felifer-macias-defiende-el-desempeno-de-corporaciones-en-el-operativo-contra-el-ambulantaje-en-queretaro-y-respalda-a-las-autoridades\/","og_site_name":"Nexo Informativo Santiago de Quer\u00e9taro","article_publisher":"https:\/\/www.facebook.com\/people\/Nexo-Informativo\/61564066885511\/","article_published_time":"2024-10-27T00:00:05+00:00","article_modified_time":"2024-10-27T02:23:04+00:00","og_image":[{"width":626,"height":421,"url":"https:\/\/www.nexoinformativo.mx\/wp-content\/uploads\/2024\/10\/IMG_7264.jpeg","type":"image\/jpeg"}],"author":"Nexo Informativo","twitter_card":"summary_large_image","twitter_misc":{"Escrito por":"Nexo Informativo","Tiempo de lectura":"2 minutos"},"schema":{"@context":"https:\/\/schema.org","@graph":[{"@type":"Article","@id":"https:\/\/www.nexoinformativo.mx\/index.php\/2024\/10\/26\/felifer-macias-defiende-el-desempeno-de-corporaciones-en-el-operativo-contra-el-ambulantaje-en-queretaro-y-respalda-a-las-autoridades\/#article","isPartOf":{"@id":"https:\/\/www.nexoinformativo.mx\/index.php\/2024\/10\/26\/felifer-macias-defiende-el-desempeno-de-corporaciones-en-el-operativo-contra-el-ambulantaje-en-queretaro-y-respalda-a-las-autoridades\/"},"author":{"name":"Nexo Informativo","@id":"https:\/\/www.nexoinformativo.mx\/#\/schema\/person\/7749d380ba08c8ca00d7bc76fd907b7d"},"headline":"Felifer Mac\u00edas defiende el desempe\u00f1o de corporaciones en el operativo contra el ambulantaje en Quer\u00e9taro y respalda a las autoridades","datePublished":"2024-10-27T00:00:05+00:00","dateModified":"2024-10-27T02:23:04+00:00","mainEntityOfPage":{"@id":"https:\/\/www.nexoinformativo.mx\/index.php\/2024\/10\/26\/felifer-macias-defiende-el-desempeno-de-corporaciones-en-el-operativo-contra-el-ambulantaje-en-queretaro-y-respalda-a-las-autoridades\/"},"wordCount":342,"commentCount":0,"publisher":{"@id":"https:\/\/www.nexoinformativo.mx\/#organization"},"image":{"@id":"https:\/\/www.nexoinformativo.mx\/index.php\/2024\/10\/26\/felifer-macias-defiende-el-desempeno-de-corporaciones-en-el-operativo-contra-el-ambulantaje-en-queretaro-y-respalda-a-las-autoridades\/#primaryimage"},"thumbnailUrl":"https:\/\/www.nexoinformativo.mx\/wp-content\/uploads\/2024\/10\/IMG_7264.jpeg","keywords":["ComercioAmbulante","FelipeMac\u00edas","PlanOrden","Quer\u00e9taro"],"articleSection":["Municipios","\u00daltima Hora"],"inLanguage":"es","potentialAction":[{"@type":"CommentAction","name":"Comment","target":["https:\/\/www.nexoinformativo.mx\/index.php\/2024\/10\/26\/felifer-macias-defiende-el-desempeno-de-corporaciones-en-el-operativo-contra-el-ambulantaje-en-queretaro-y-respalda-a-las-autoridades\/#respond"]}]},{"@type":"WebPage","@id":"https:\/\/www.nexoinformativo.mx\/index.php\/2024\/10\/26\/felifer-macias-defiende-el-desempeno-de-corporaciones-en-el-operativo-contra-el-ambulantaje-en-queretaro-y-respalda-a-las-autoridades\/","url":"https:\/\/www.nexoinformativo.mx\/index.php\/2024\/10\/26\/felifer-macias-defiende-el-desempeno-de-corporaciones-en-el-operativo-contra-el-ambulantaje-en-queretaro-y-respalda-a-las-autoridades\/","name":"Felifer Mac\u00edas defiende el desempe\u00f1o de corporaciones en el operativo contra el ambulantaje en Quer\u00e9taro y respalda a las autoridades | Nexo Informativo Santiago de Quer\u00e9taro","isPartOf":{"@id":"https:\/\/www.nexoinformativo.mx\/#website"},"primaryImageOfPage":{"@id":"https:\/\/www.nexoinformativo.mx\/index.php\/2024\/10\/26\/felifer-macias-defiende-el-desempeno-de-corporaciones-en-el-operativo-contra-el-ambulantaje-en-queretaro-y-respalda-a-las-autoridades\/#primaryimage"},"image":{"@id":"https:\/\/www.nexoinformativo.mx\/index.php\/2024\/10\/26\/felifer-macias-defiende-el-desempeno-de-corporaciones-en-el-operativo-contra-el-ambulantaje-en-queretaro-y-respalda-a-las-autoridades\/#primaryimage"},"thumbnailUrl":"https:\/\/www.nexoinformativo.mx\/wp-content\/uploads\/2024\/10\/IMG_7264.jpeg","datePublished":"2024-10-27T00:00:05+00:00","dateModified":"2024-10-27T02:23:04+00:00","description":"Felifer Mac\u00edas defiende el desempe\u00f1o de corporaciones en el operativo contra el ambulantaje en Quer\u00e9taro y respalda a las autoridades","breadcrumb":{"@id":"https:\/\/www.nexoinformativo.mx\/index.php\/2024\/10\/26\/felifer-macias-defiende-el-desempeno-de-corporaciones-en-el-operativo-contra-el-ambulantaje-en-queretaro-y-respalda-a-las-autoridades\/#breadcrumb"},"inLanguage":"es","potentialAction":[{"@type":"ReadAction","target":["https:\/\/www.nexoinformativo.mx\/index.php\/2024\/10\/26\/felifer-macias-defiende-el-desempeno-de-corporaciones-en-el-operativo-contra-el-ambulantaje-en-queretaro-y-respalda-a-las-autoridades\/"]}]},{"@type":"ImageObject","inLanguage":"es","@id":"https:\/\/www.nexoinformativo.mx\/index.php\/2024\/10\/26\/felifer-macias-defiende-el-desempeno-de-corporaciones-en-el-operativo-contra-el-ambulantaje-en-queretaro-y-respalda-a-las-autoridades\/#primaryimage","url":"https:\/\/www.nexoinformativo.mx\/wp-content\/uploads\/2024\/10\/IMG_7264.jpeg","contentUrl":"https:\/\/www.nexoinformativo.mx\/wp-content\/uploads\/2024\/10\/IMG_7264.jpeg","width":626,"height":421},{"@type":"BreadcrumbList","@id":"https:\/\/www.nexoinformativo.mx\/index.php\/2024\/10\/26\/felifer-macias-defiende-el-desempeno-de-corporaciones-en-el-operativo-contra-el-ambulantaje-en-queretaro-y-respalda-a-las-autoridades\/#breadcrumb","itemListElement":[{"@type":"ListItem","position":1,"name":"Inicio","item":"https:\/\/www.nexoinformativo.mx\/"},{"@type":"ListItem","position":2,"name":"Felifer Mac\u00edas defiende el desempe\u00f1o de corporaciones en el operativo contra el ambulantaje en Quer\u00e9taro y respalda a las autoridades"}]},{"@type":"WebSite","@id":"https:\/\/www.nexoinformativo.mx\/#website","url":"https:\/\/www.nexoinformativo.mx\/","name":"Nexo Informativo Santiago de Quer\u00e9taro","description":"Explora NexoInformativo y convi\u00e9rtete en parte de una comunidad que valora el conocimiento y la verdad. Tu nexoinformativo es tu puente hacia una comprensi\u00f3n m\u00e1s profunda del mundo que te rodea.","publisher":{"@id":"https:\/\/www.nexoinformativo.mx\/#organization"},"potentialAction":[{"@type":"SearchAction","target":{"@type":"EntryPoint","urlTemplate":"https:\/\/www.nexoinformativo.mx\/?s={search_term_string}"},"query-input":{"@type":"PropertyValueSpecification","valueRequired":true,"valueName":"search_term_string"}}],"inLanguage":"es"},{"@type":"Organization","@id":"https:\/\/www.nexoinformativo.mx\/#organization","name":"Nexo Informativo Santiago de Quer\u00e9taro","url":"https:\/\/www.nexoinformativo.mx\/","logo":{"@type":"ImageObject","inLanguage":"es","@id":"https:\/\/www.nexoinformativo.mx\/#\/schema\/logo\/image\/","url":"https:\/\/www.nexoinformativo.mx\/wp-content\/uploads\/2024\/07\/nexoi-trasparente-2.png","contentUrl":"https:\/\/www.nexoinformativo.mx\/wp-content\/uploads\/2024\/07\/nexoi-trasparente-2.png","width":816,"height":339,"caption":"Nexo Informativo Santiago de Quer\u00e9taro"},"image":{"@id":"https:\/\/www.nexoinformativo.mx\/#\/schema\/logo\/image\/"},"sameAs":["https:\/\/www.facebook.com\/people\/Nexo-Informativo\/61564066885511\/"]},{"@type":"Person","@id":"https:\/\/www.nexoinformativo.mx\/#\/schema\/person\/7749d380ba08c8ca00d7bc76fd907b7d","name":"Nexo Informativo","image":{"@type":"ImageObject","inLanguage":"es","@id":"https:\/\/www.nexoinformativo.mx\/#\/schema\/person\/image\/","url":"https:\/\/secure.gravatar.com\/avatar\/dde2928154642a13d95f87ddf1ea9718fe2b46760a005c53e41ff5ad610704e6?s=96&d=mm&r=g","contentUrl":"https:\/\/secure.gravatar.com\/avatar\/dde2928154642a13d95f87ddf1ea9718fe2b46760a005c53e41ff5ad610704e6?s=96&d=mm&r=g","caption":"Nexo Informativo"},"url":"https:\/\/www.nexoinformativo.mx\/index.php\/author\/edicion\/"}]}},"_links":{"self":[{"href":"https:\/\/www.nexoinformativo.mx\/index.php\/wp-json\/wp\/v2\/posts\/4615","targetHints":{"allow":["GET"]}}],"collection":[{"href":"https:\/\/www.nexoinformativo.mx\/index.php\/wp-json\/wp\/v2\/posts"}],"about":[{"href":"https:\/\/www.nexoinformativo.mx\/index.php\/wp-json\/wp\/v2\/types\/post"}],"author":[{"embeddable":true,"href":"https:\/\/www.nexoinformativo.mx\/index.php\/wp-json\/wp\/v2\/users\/3"}],"replies":[{"embeddable":true,"href":"https:\/\/www.nexoinformativo.mx\/index.php\/wp-json\/wp\/v2\/comments?post=4615"}],"version-history":[{"count":4,"href":"https:\/\/www.nexoinformativo.mx\/index.php\/wp-json\/wp\/v2\/posts\/4615\/revisions"}],"predecessor-version":[{"id":4620,"href":"https:\/\/www.nexoinformativo.mx\/index.php\/wp-json\/wp\/v2\/posts\/4615\/revisions\/4620"}],"wp:featuredmedia":[{"embeddable":true,"href":"https:\/\/www.nexoinformativo.mx\/index.php\/wp-json\/wp\/v2\/media\/4616"}],"wp:attachment":[{"href":"https:\/\/www.nexoinformativo.mx\/index.php\/wp-json\/wp\/v2\/media?parent=4615"}],"wp:term":[{"taxonomy":"category","embeddable":true,"href":"https:\/\/www.nexoinformativo.mx\/index.php\/wp-json\/wp\/v2\/categories?post=4615"},{"taxonomy":"post_tag","embeddable":true,"href":"https:\/\/www.nexoinformativo.mx\/index.php\/wp-json\/wp\/v2\/tags?post=4615"}],"curies":[{"name":"wp","href":"https:\/\/api.w.org\/{rel}","templated":true}]}}