{"id":4621,"date":"2024-10-26T19:00:25","date_gmt":"2024-10-27T01:00:25","guid":{"rendered":"https:\/\/www.nexoinformativo.mx\/?p=4621"},"modified":"2024-10-26T20:31:11","modified_gmt":"2024-10-27T02:31:11","slug":"el-pan-celebra-85-anos-de-compromiso-con-la-democracia-y-el-bienestar-en-queretaro","status":"publish","type":"post","link":"https:\/\/www.nexoinformativo.mx\/index.php\/2024\/10\/26\/el-pan-celebra-85-anos-de-compromiso-con-la-democracia-y-el-bienestar-en-queretaro\/","title":{"rendered":"El PAN Celebra 85 A\u00f1os de compromiso con la democracia y el bienestar en Quer\u00e9taro"},"content":{"rendered":"<p style=\"text-align: justify;\">Este s\u00e1bado, el Partido Acci\u00f3n Nacional <strong>(PAN)<\/strong> conmemor\u00f3 su 85 aniversario en un emotivo evento celebrado en el Quer\u00e9taro Centro de Congresos, al que asistieron importantes figuras pol\u00edticas, incluido el gobernador del estado, Mauricio Kuri.<\/p>\n<p>&nbsp;<\/p>\n<p style=\"text-align: justify;\">La celebraci\u00f3n tuvo como objetivo reafirmar el compromiso del partido con el bienestar de los queretanos y con los principios democr\u00e1ticos que lo fundamentan.<\/p>\n<p>&nbsp;<\/p>\n<p style=\"text-align: justify;\">Durante la ceremonia, Sonia Rocha, futura Secretaria de la Mujer del estado, destac\u00f3 la responsabilidad que tiene el PAN como oposici\u00f3n frente a las decisiones tomadas por Morena. <strong>&#8220;Es fundamental evitar que se establezca un gobierno autoritario y antidemocr\u00e1tico&#8221;<\/strong>, afirm\u00f3 Rocha, subrayando la importancia de la defensa de la democracia en el pa\u00eds.<\/p>\n<p>&nbsp;<\/p>\n<p style=\"text-align: justify;\">El presidente municipal de Quer\u00e9taro, Felipe Fernando Mac\u00edas, tambi\u00e9n estuvo presente en el evento, \u00a0busc\u00f3 unir a los militantes en pro de un futuro mejor para la comunidad. &#8220;<strong>Si militamos en Acci\u00f3n Nacional es porque estamos hechos para lo complejo y lo adverso. Nuestro compromiso con la democracia y la dignidad humana es m\u00e1s grande e irrevocable&#8221;<\/strong>, se\u00f1al\u00f3 un representante del partido.<\/p>\n<p>&nbsp;<\/p>\n<p style=\"text-align: justify;\">La actual dirigente estatal del PAN, Leonor Mej\u00eda, agradeci\u00f3 el liderazgo del gobernador Kuri y su actuaci\u00f3n durante su mandato. Asimismo, se reconoci\u00f3 el trabajo de varios militantes panistas, quienes han contribuido al desarrollo del partido en la regi\u00f3n.<\/p>\n<p>&nbsp;<\/p>\n<p style=\"text-align: justify;\">En este evento, se anunci\u00f3 que \u00a0Leonor Mej\u00eda, dejar\u00e1 su cargo para dar paso a Mart\u00edn Arango, marcando un nuevo cap\u00edtulo en la direcci\u00f3n del PAN en Quer\u00e9taro. La celebraci\u00f3n del 85 aniversario del PAN es un recordatorio del compromiso del partido con la democracia y el bienestar de la ciudadan\u00eda, reafirmando su papel como un actor fundamental en la vida pol\u00edtica de M\u00e9xico.<\/p>\n<p>&nbsp;<\/p>\n<p style=\"text-align: center;\"><em><strong>\u00a1Informaci\u00f3n que transforma!<\/strong><\/em><\/p>\n","protected":false},"excerpt":{"rendered":"<p>Este s\u00e1bado, el Partido Acci\u00f3n Nacional (PAN) conmemor\u00f3 su 85 aniversario en un emotivo evento celebrado en el Quer\u00e9taro Centro de Congresos, al que asistieron importantes figuras pol\u00edticas, incluido el gobernador del estado, Mauricio Kuri.<\/p>\n","protected":false},"author":3,"featured_media":4622,"comment_status":"open","ping_status":"open","sticky":false,"template":"","format":"standard","meta":{"footnotes":""},"categories":[42,21,58],"tags":[1667,661,1666,133],"class_list":["post-4621","post","type-post","status-publish","format-standard","has-post-thumbnail","hentry","category-estado","category-politica","category-ultima-hora","tag-compromisodemocratico","tag-mauriciokuri","tag-pan85aniversario","tag-queretaro"],"yoast_head":"<!-- This site is optimized with the Yoast SEO plugin v25.0 - https:\/\/yoast.com\/wordpress\/plugins\/seo\/ -->\n<title>El PAN Celebra 85 A\u00f1os de compromiso con la democracia y el bienestar en Quer\u00e9taro | Nexo Informativo Santiago de Quer\u00e9taro<\/title>\n<meta name=\"description\" content=\"El PAN Celebra 85 A\u00f1os de compromiso con la democracia y el bienestar en Quer\u00e9taro\" \/>\n<meta name=\"robots\" content=\"index, follow, max-snippet:-1, max-image-preview:large, max-video-preview:-1\" \/>\n<link rel=\"canonical\" href=\"https:\/\/www.nexoinformativo.mx\/index.php\/2024\/10\/26\/el-pan-celebra-85-anos-de-compromiso-con-la-democracia-y-el-bienestar-en-queretaro\/\" \/>\n<meta property=\"og:locale\" content=\"es_MX\" \/>\n<meta property=\"og:type\" content=\"article\" \/>\n<meta property=\"og:title\" content=\"El PAN Celebra 85 A\u00f1os de compromiso con la democracia y el bienestar en Quer\u00e9taro | Nexo Informativo Santiago de Quer\u00e9taro\" \/>\n<meta property=\"og:description\" content=\"El PAN Celebra 85 A\u00f1os de compromiso con la democracia y el bienestar en Quer\u00e9taro\" \/>\n<meta property=\"og:url\" content=\"https:\/\/www.nexoinformativo.mx\/index.php\/2024\/10\/26\/el-pan-celebra-85-anos-de-compromiso-con-la-democracia-y-el-bienestar-en-queretaro\/\" \/>\n<meta property=\"og:site_name\" content=\"Nexo Informativo Santiago de Quer\u00e9taro\" \/>\n<meta property=\"article:publisher\" content=\"https:\/\/www.facebook.com\/people\/Nexo-Informativo\/61564066885511\/\" \/>\n<meta property=\"article:published_time\" content=\"2024-10-27T01:00:25+00:00\" \/>\n<meta property=\"article:modified_time\" content=\"2024-10-27T02:31:11+00:00\" \/>\n<meta property=\"og:image\" content=\"https:\/\/www.nexoinformativo.mx\/wp-content\/uploads\/2024\/10\/IMG_3477-e1729995901793.jpg\" \/>\n\t<meta property=\"og:image:width\" content=\"800\" \/>\n\t<meta property=\"og:image:height\" content=\"1200\" \/>\n\t<meta property=\"og:image:type\" content=\"image\/jpeg\" \/>\n<meta name=\"author\" content=\"Nexo Informativo\" \/>\n<meta name=\"twitter:card\" content=\"summary_large_image\" \/>\n<meta name=\"twitter:label1\" content=\"Escrito por\" \/>\n\t<meta name=\"twitter:data1\" content=\"Nexo Informativo\" \/>\n\t<meta name=\"twitter:label2\" content=\"Tiempo de lectura\" \/>\n\t<meta name=\"twitter:data2\" content=\"2 minutos\" \/>\n<script type=\"application\/ld+json\" class=\"yoast-schema-graph\">{\"@context\":\"https:\/\/schema.org\",\"@graph\":[{\"@type\":\"Article\",\"@id\":\"https:\/\/www.nexoinformativo.mx\/index.php\/2024\/10\/26\/el-pan-celebra-85-anos-de-compromiso-con-la-democracia-y-el-bienestar-en-queretaro\/#article\",\"isPartOf\":{\"@id\":\"https:\/\/www.nexoinformativo.mx\/index.php\/2024\/10\/26\/el-pan-celebra-85-anos-de-compromiso-con-la-democracia-y-el-bienestar-en-queretaro\/\"},\"author\":{\"name\":\"Nexo Informativo\",\"@id\":\"https:\/\/www.nexoinformativo.mx\/#\/schema\/person\/7749d380ba08c8ca00d7bc76fd907b7d\"},\"headline\":\"El PAN Celebra 85 A\u00f1os de compromiso con la democracia y el bienestar en Quer\u00e9taro\",\"datePublished\":\"2024-10-27T01:00:25+00:00\",\"dateModified\":\"2024-10-27T02:31:11+00:00\",\"mainEntityOfPage\":{\"@id\":\"https:\/\/www.nexoinformativo.mx\/index.php\/2024\/10\/26\/el-pan-celebra-85-anos-de-compromiso-con-la-democracia-y-el-bienestar-en-queretaro\/\"},\"wordCount\":328,\"commentCount\":0,\"publisher\":{\"@id\":\"https:\/\/www.nexoinformativo.mx\/#organization\"},\"image\":{\"@id\":\"https:\/\/www.nexoinformativo.mx\/index.php\/2024\/10\/26\/el-pan-celebra-85-anos-de-compromiso-con-la-democracia-y-el-bienestar-en-queretaro\/#primaryimage\"},\"thumbnailUrl\":\"https:\/\/www.nexoinformativo.mx\/wp-content\/uploads\/2024\/10\/IMG_3477-e1729995901793.jpg\",\"keywords\":[\"CompromisoDemocr\u00e1tico\",\"MauricioKuri\",\"PAN85Aniversario\",\"Quer\u00e9taro\"],\"articleSection\":[\"Estado\",\"Pol\u00edtica\",\"\u00daltima Hora\"],\"inLanguage\":\"es\",\"potentialAction\":[{\"@type\":\"CommentAction\",\"name\":\"Comment\",\"target\":[\"https:\/\/www.nexoinformativo.mx\/index.php\/2024\/10\/26\/el-pan-celebra-85-anos-de-compromiso-con-la-democracia-y-el-bienestar-en-queretaro\/#respond\"]}]},{\"@type\":\"WebPage\",\"@id\":\"https:\/\/www.nexoinformativo.mx\/index.php\/2024\/10\/26\/el-pan-celebra-85-anos-de-compromiso-con-la-democracia-y-el-bienestar-en-queretaro\/\",\"url\":\"https:\/\/www.nexoinformativo.mx\/index.php\/2024\/10\/26\/el-pan-celebra-85-anos-de-compromiso-con-la-democracia-y-el-bienestar-en-queretaro\/\",\"name\":\"El PAN Celebra 85 A\u00f1os de compromiso con la democracia y el bienestar en Quer\u00e9taro | Nexo Informativo Santiago de Quer\u00e9taro\",\"isPartOf\":{\"@id\":\"https:\/\/www.nexoinformativo.mx\/#website\"},\"primaryImageOfPage\":{\"@id\":\"https:\/\/www.nexoinformativo.mx\/index.php\/2024\/10\/26\/el-pan-celebra-85-anos-de-compromiso-con-la-democracia-y-el-bienestar-en-queretaro\/#primaryimage\"},\"image\":{\"@id\":\"https:\/\/www.nexoinformativo.mx\/index.php\/2024\/10\/26\/el-pan-celebra-85-anos-de-compromiso-con-la-democracia-y-el-bienestar-en-queretaro\/#primaryimage\"},\"thumbnailUrl\":\"https:\/\/www.nexoinformativo.mx\/wp-content\/uploads\/2024\/10\/IMG_3477-e1729995901793.jpg\",\"datePublished\":\"2024-10-27T01:00:25+00:00\",\"dateModified\":\"2024-10-27T02:31:11+00:00\",\"description\":\"El PAN Celebra 85 A\u00f1os de compromiso con la democracia y el bienestar en Quer\u00e9taro\",\"breadcrumb\":{\"@id\":\"https:\/\/www.nexoinformativo.mx\/index.php\/2024\/10\/26\/el-pan-celebra-85-anos-de-compromiso-con-la-democracia-y-el-bienestar-en-queretaro\/#breadcrumb\"},\"inLanguage\":\"es\",\"potentialAction\":[{\"@type\":\"ReadAction\",\"target\":[\"https:\/\/www.nexoinformativo.mx\/index.php\/2024\/10\/26\/el-pan-celebra-85-anos-de-compromiso-con-la-democracia-y-el-bienestar-en-queretaro\/\"]}]},{\"@type\":\"ImageObject\",\"inLanguage\":\"es\",\"@id\":\"https:\/\/www.nexoinformativo.mx\/index.php\/2024\/10\/26\/el-pan-celebra-85-anos-de-compromiso-con-la-democracia-y-el-bienestar-en-queretaro\/#primaryimage\",\"url\":\"https:\/\/www.nexoinformativo.mx\/wp-content\/uploads\/2024\/10\/IMG_3477-e1729995901793.jpg\",\"contentUrl\":\"https:\/\/www.nexoinformativo.mx\/wp-content\/uploads\/2024\/10\/IMG_3477-e1729995901793.jpg\",\"width\":800,\"height\":1200},{\"@type\":\"BreadcrumbList\",\"@id\":\"https:\/\/www.nexoinformativo.mx\/index.php\/2024\/10\/26\/el-pan-celebra-85-anos-de-compromiso-con-la-democracia-y-el-bienestar-en-queretaro\/#breadcrumb\",\"itemListElement\":[{\"@type\":\"ListItem\",\"position\":1,\"name\":\"Inicio\",\"item\":\"https:\/\/www.nexoinformativo.mx\/\"},{\"@type\":\"ListItem\",\"position\":2,\"name\":\"El PAN Celebra 85 A\u00f1os de compromiso con la democracia y el bienestar en Quer\u00e9taro\"}]},{\"@type\":\"WebSite\",\"@id\":\"https:\/\/www.nexoinformativo.mx\/#website\",\"url\":\"https:\/\/www.nexoinformativo.mx\/\",\"name\":\"Nexo Informativo Santiago de Quer\u00e9taro\",\"description\":\"Explora NexoInformativo y convi\u00e9rtete en parte de una comunidad que valora el conocimiento y la verdad. Tu nexoinformativo es tu puente hacia una comprensi\u00f3n m\u00e1s profunda del mundo que te rodea.\",\"publisher\":{\"@id\":\"https:\/\/www.nexoinformativo.mx\/#organization\"},\"potentialAction\":[{\"@type\":\"SearchAction\",\"target\":{\"@type\":\"EntryPoint\",\"urlTemplate\":\"https:\/\/www.nexoinformativo.mx\/?s={search_term_string}\"},\"query-input\":{\"@type\":\"PropertyValueSpecification\",\"valueRequired\":true,\"valueName\":\"search_term_string\"}}],\"inLanguage\":\"es\"},{\"@type\":\"Organization\",\"@id\":\"https:\/\/www.nexoinformativo.mx\/#organization\",\"name\":\"Nexo Informativo Santiago de Quer\u00e9taro\",\"url\":\"https:\/\/www.nexoinformativo.mx\/\",\"logo\":{\"@type\":\"ImageObject\",\"inLanguage\":\"es\",\"@id\":\"https:\/\/www.nexoinformativo.mx\/#\/schema\/logo\/image\/\",\"url\":\"https:\/\/www.nexoinformativo.mx\/wp-content\/uploads\/2024\/07\/nexoi-trasparente-2.png\",\"contentUrl\":\"https:\/\/www.nexoinformativo.mx\/wp-content\/uploads\/2024\/07\/nexoi-trasparente-2.png\",\"width\":816,\"height\":339,\"caption\":\"Nexo Informativo Santiago de Quer\u00e9taro\"},\"image\":{\"@id\":\"https:\/\/www.nexoinformativo.mx\/#\/schema\/logo\/image\/\"},\"sameAs\":[\"https:\/\/www.facebook.com\/people\/Nexo-Informativo\/61564066885511\/\"]},{\"@type\":\"Person\",\"@id\":\"https:\/\/www.nexoinformativo.mx\/#\/schema\/person\/7749d380ba08c8ca00d7bc76fd907b7d\",\"name\":\"Nexo Informativo\",\"image\":{\"@type\":\"ImageObject\",\"inLanguage\":\"es\",\"@id\":\"https:\/\/www.nexoinformativo.mx\/#\/schema\/person\/image\/\",\"url\":\"https:\/\/secure.gravatar.com\/avatar\/dde2928154642a13d95f87ddf1ea9718fe2b46760a005c53e41ff5ad610704e6?s=96&d=mm&r=g\",\"contentUrl\":\"https:\/\/secure.gravatar.com\/avatar\/dde2928154642a13d95f87ddf1ea9718fe2b46760a005c53e41ff5ad610704e6?s=96&d=mm&r=g\",\"caption\":\"Nexo Informativo\"},\"url\":\"https:\/\/www.nexoinformativo.mx\/index.php\/author\/edicion\/\"}]}<\/script>\n<!-- \/ Yoast SEO plugin. -->","yoast_head_json":{"title":"El PAN Celebra 85 A\u00f1os de compromiso con la democracia y el bienestar en Quer\u00e9taro | Nexo Informativo Santiago de Quer\u00e9taro","description":"El PAN Celebra 85 A\u00f1os de compromiso con la democracia y el bienestar en Quer\u00e9taro","robots":{"index":"index","follow":"follow","max-snippet":"max-snippet:-1","max-image-preview":"max-image-preview:large","max-video-preview":"max-video-preview:-1"},"canonical":"https:\/\/www.nexoinformativo.mx\/index.php\/2024\/10\/26\/el-pan-celebra-85-anos-de-compromiso-con-la-democracia-y-el-bienestar-en-queretaro\/","og_locale":"es_MX","og_type":"article","og_title":"El PAN Celebra 85 A\u00f1os de compromiso con la democracia y el bienestar en Quer\u00e9taro | Nexo Informativo Santiago de Quer\u00e9taro","og_description":"El PAN Celebra 85 A\u00f1os de compromiso con la democracia y el bienestar en Quer\u00e9taro","og_url":"https:\/\/www.nexoinformativo.mx\/index.php\/2024\/10\/26\/el-pan-celebra-85-anos-de-compromiso-con-la-democracia-y-el-bienestar-en-queretaro\/","og_site_name":"Nexo Informativo Santiago de Quer\u00e9taro","article_publisher":"https:\/\/www.facebook.com\/people\/Nexo-Informativo\/61564066885511\/","article_published_time":"2024-10-27T01:00:25+00:00","article_modified_time":"2024-10-27T02:31:11+00:00","og_image":[{"width":800,"height":1200,"url":"https:\/\/www.nexoinformativo.mx\/wp-content\/uploads\/2024\/10\/IMG_3477-e1729995901793.jpg","type":"image\/jpeg"}],"author":"Nexo Informativo","twitter_card":"summary_large_image","twitter_misc":{"Escrito por":"Nexo Informativo","Tiempo de lectura":"2 minutos"},"schema":{"@context":"https:\/\/schema.org","@graph":[{"@type":"Article","@id":"https:\/\/www.nexoinformativo.mx\/index.php\/2024\/10\/26\/el-pan-celebra-85-anos-de-compromiso-con-la-democracia-y-el-bienestar-en-queretaro\/#article","isPartOf":{"@id":"https:\/\/www.nexoinformativo.mx\/index.php\/2024\/10\/26\/el-pan-celebra-85-anos-de-compromiso-con-la-democracia-y-el-bienestar-en-queretaro\/"},"author":{"name":"Nexo Informativo","@id":"https:\/\/www.nexoinformativo.mx\/#\/schema\/person\/7749d380ba08c8ca00d7bc76fd907b7d"},"headline":"El PAN Celebra 85 A\u00f1os de compromiso con la democracia y el bienestar en Quer\u00e9taro","datePublished":"2024-10-27T01:00:25+00:00","dateModified":"2024-10-27T02:31:11+00:00","mainEntityOfPage":{"@id":"https:\/\/www.nexoinformativo.mx\/index.php\/2024\/10\/26\/el-pan-celebra-85-anos-de-compromiso-con-la-democracia-y-el-bienestar-en-queretaro\/"},"wordCount":328,"commentCount":0,"publisher":{"@id":"https:\/\/www.nexoinformativo.mx\/#organization"},"image":{"@id":"https:\/\/www.nexoinformativo.mx\/index.php\/2024\/10\/26\/el-pan-celebra-85-anos-de-compromiso-con-la-democracia-y-el-bienestar-en-queretaro\/#primaryimage"},"thumbnailUrl":"https:\/\/www.nexoinformativo.mx\/wp-content\/uploads\/2024\/10\/IMG_3477-e1729995901793.jpg","keywords":["CompromisoDemocr\u00e1tico","MauricioKuri","PAN85Aniversario","Quer\u00e9taro"],"articleSection":["Estado","Pol\u00edtica","\u00daltima Hora"],"inLanguage":"es","potentialAction":[{"@type":"CommentAction","name":"Comment","target":["https:\/\/www.nexoinformativo.mx\/index.php\/2024\/10\/26\/el-pan-celebra-85-anos-de-compromiso-con-la-democracia-y-el-bienestar-en-queretaro\/#respond"]}]},{"@type":"WebPage","@id":"https:\/\/www.nexoinformativo.mx\/index.php\/2024\/10\/26\/el-pan-celebra-85-anos-de-compromiso-con-la-democracia-y-el-bienestar-en-queretaro\/","url":"https:\/\/www.nexoinformativo.mx\/index.php\/2024\/10\/26\/el-pan-celebra-85-anos-de-compromiso-con-la-democracia-y-el-bienestar-en-queretaro\/","name":"El PAN Celebra 85 A\u00f1os de compromiso con la democracia y el bienestar en Quer\u00e9taro | Nexo Informativo Santiago de Quer\u00e9taro","isPartOf":{"@id":"https:\/\/www.nexoinformativo.mx\/#website"},"primaryImageOfPage":{"@id":"https:\/\/www.nexoinformativo.mx\/index.php\/2024\/10\/26\/el-pan-celebra-85-anos-de-compromiso-con-la-democracia-y-el-bienestar-en-queretaro\/#primaryimage"},"image":{"@id":"https:\/\/www.nexoinformativo.mx\/index.php\/2024\/10\/26\/el-pan-celebra-85-anos-de-compromiso-con-la-democracia-y-el-bienestar-en-queretaro\/#primaryimage"},"thumbnailUrl":"https:\/\/www.nexoinformativo.mx\/wp-content\/uploads\/2024\/10\/IMG_3477-e1729995901793.jpg","datePublished":"2024-10-27T01:00:25+00:00","dateModified":"2024-10-27T02:31:11+00:00","description":"El PAN Celebra 85 A\u00f1os de compromiso con la democracia y el bienestar en Quer\u00e9taro","breadcrumb":{"@id":"https:\/\/www.nexoinformativo.mx\/index.php\/2024\/10\/26\/el-pan-celebra-85-anos-de-compromiso-con-la-democracia-y-el-bienestar-en-queretaro\/#breadcrumb"},"inLanguage":"es","potentialAction":[{"@type":"ReadAction","target":["https:\/\/www.nexoinformativo.mx\/index.php\/2024\/10\/26\/el-pan-celebra-85-anos-de-compromiso-con-la-democracia-y-el-bienestar-en-queretaro\/"]}]},{"@type":"ImageObject","inLanguage":"es","@id":"https:\/\/www.nexoinformativo.mx\/index.php\/2024\/10\/26\/el-pan-celebra-85-anos-de-compromiso-con-la-democracia-y-el-bienestar-en-queretaro\/#primaryimage","url":"https:\/\/www.nexoinformativo.mx\/wp-content\/uploads\/2024\/10\/IMG_3477-e1729995901793.jpg","contentUrl":"https:\/\/www.nexoinformativo.mx\/wp-content\/uploads\/2024\/10\/IMG_3477-e1729995901793.jpg","width":800,"height":1200},{"@type":"BreadcrumbList","@id":"https:\/\/www.nexoinformativo.mx\/index.php\/2024\/10\/26\/el-pan-celebra-85-anos-de-compromiso-con-la-democracia-y-el-bienestar-en-queretaro\/#breadcrumb","itemListElement":[{"@type":"ListItem","position":1,"name":"Inicio","item":"https:\/\/www.nexoinformativo.mx\/"},{"@type":"ListItem","position":2,"name":"El PAN Celebra 85 A\u00f1os de compromiso con la democracia y el bienestar en Quer\u00e9taro"}]},{"@type":"WebSite","@id":"https:\/\/www.nexoinformativo.mx\/#website","url":"https:\/\/www.nexoinformativo.mx\/","name":"Nexo Informativo Santiago de Quer\u00e9taro","description":"Explora NexoInformativo y convi\u00e9rtete en parte de una comunidad que valora el conocimiento y la verdad. Tu nexoinformativo es tu puente hacia una comprensi\u00f3n m\u00e1s profunda del mundo que te rodea.","publisher":{"@id":"https:\/\/www.nexoinformativo.mx\/#organization"},"potentialAction":[{"@type":"SearchAction","target":{"@type":"EntryPoint","urlTemplate":"https:\/\/www.nexoinformativo.mx\/?s={search_term_string}"},"query-input":{"@type":"PropertyValueSpecification","valueRequired":true,"valueName":"search_term_string"}}],"inLanguage":"es"},{"@type":"Organization","@id":"https:\/\/www.nexoinformativo.mx\/#organization","name":"Nexo Informativo Santiago de Quer\u00e9taro","url":"https:\/\/www.nexoinformativo.mx\/","logo":{"@type":"ImageObject","inLanguage":"es","@id":"https:\/\/www.nexoinformativo.mx\/#\/schema\/logo\/image\/","url":"https:\/\/www.nexoinformativo.mx\/wp-content\/uploads\/2024\/07\/nexoi-trasparente-2.png","contentUrl":"https:\/\/www.nexoinformativo.mx\/wp-content\/uploads\/2024\/07\/nexoi-trasparente-2.png","width":816,"height":339,"caption":"Nexo Informativo Santiago de Quer\u00e9taro"},"image":{"@id":"https:\/\/www.nexoinformativo.mx\/#\/schema\/logo\/image\/"},"sameAs":["https:\/\/www.facebook.com\/people\/Nexo-Informativo\/61564066885511\/"]},{"@type":"Person","@id":"https:\/\/www.nexoinformativo.mx\/#\/schema\/person\/7749d380ba08c8ca00d7bc76fd907b7d","name":"Nexo Informativo","image":{"@type":"ImageObject","inLanguage":"es","@id":"https:\/\/www.nexoinformativo.mx\/#\/schema\/person\/image\/","url":"https:\/\/secure.gravatar.com\/avatar\/dde2928154642a13d95f87ddf1ea9718fe2b46760a005c53e41ff5ad610704e6?s=96&d=mm&r=g","contentUrl":"https:\/\/secure.gravatar.com\/avatar\/dde2928154642a13d95f87ddf1ea9718fe2b46760a005c53e41ff5ad610704e6?s=96&d=mm&r=g","caption":"Nexo Informativo"},"url":"https:\/\/www.nexoinformativo.mx\/index.php\/author\/edicion\/"}]}},"_links":{"self":[{"href":"https:\/\/www.nexoinformativo.mx\/index.php\/wp-json\/wp\/v2\/posts\/4621","targetHints":{"allow":["GET"]}}],"collection":[{"href":"https:\/\/www.nexoinformativo.mx\/index.php\/wp-json\/wp\/v2\/posts"}],"about":[{"href":"https:\/\/www.nexoinformativo.mx\/index.php\/wp-json\/wp\/v2\/types\/post"}],"author":[{"embeddable":true,"href":"https:\/\/www.nexoinformativo.mx\/index.php\/wp-json\/wp\/v2\/users\/3"}],"replies":[{"embeddable":true,"href":"https:\/\/www.nexoinformativo.mx\/index.php\/wp-json\/wp\/v2\/comments?post=4621"}],"version-history":[{"count":5,"href":"https:\/\/www.nexoinformativo.mx\/index.php\/wp-json\/wp\/v2\/posts\/4621\/revisions"}],"predecessor-version":[{"id":4627,"href":"https:\/\/www.nexoinformativo.mx\/index.php\/wp-json\/wp\/v2\/posts\/4621\/revisions\/4627"}],"wp:featuredmedia":[{"embeddable":true,"href":"https:\/\/www.nexoinformativo.mx\/index.php\/wp-json\/wp\/v2\/media\/4622"}],"wp:attachment":[{"href":"https:\/\/www.nexoinformativo.mx\/index.php\/wp-json\/wp\/v2\/media?parent=4621"}],"wp:term":[{"taxonomy":"category","embeddable":true,"href":"https:\/\/www.nexoinformativo.mx\/index.php\/wp-json\/wp\/v2\/categories?post=4621"},{"taxonomy":"post_tag","embeddable":true,"href":"https:\/\/www.nexoinformativo.mx\/index.php\/wp-json\/wp\/v2\/tags?post=4621"}],"curies":[{"name":"wp","href":"https:\/\/api.w.org\/{rel}","templated":true}]}}